{"id":18957,"date":"2021-11-24T17:45:07","date_gmt":"2021-11-24T20:45:07","guid":{"rendered":"https:\/\/redenoticiaz.com.br\/litoralsp\/2021\/11\/24\/naufragio-de-bote-mata-mais-de-30-imigrantes-no-canal-da-mancha"},"modified":"2021-11-24T17:49:32","modified_gmt":"2021-11-24T20:49:32","slug":"naufragio-de-bote-mata-mais-de-30-imigrantes-no-canal-da-mancha","status":"publish","type":"post","link":"https:\/\/redenoticiaz.com.br\/litoralsp\/2021\/11\/24\/naufragio-de-bote-mata-mais-de-30-imigrantes-no-canal-da-mancha","title":{"rendered":"Naufr\u00e1gio de bote mata mais de 30 imigrantes no Canal da Mancha"},"content":{"rendered":"<p>Trag\u00e9dia no mar. Pelo menos 33 pessoas morreram ap\u00f3s um bote naufragar no <strong>Canal da Mancha<\/strong>, que fica entre a <a href=\"https:\/\/www.gouvernement.fr\/en\/news\">Fran\u00e7a<\/a> e o Reino Unido. Todos eram imigrantes e tentaram chegar na Inglaterra, segundo o prefeito cidade de Teteghem, na Fran\u00e7a, Franck Dhersin.<\/p>\n<p>As autoridades locais haviam dito anteriormente que cinco imigrantes haviam se afogado, mas que era prov\u00e1vel que o n\u00famero aumentasse porque v\u00e1rios dos resgatados se encontravam em estado grave. O chefe do executivo fez o an\u00fancio e o Ministro do Interior da Fran\u00e7a, Gerald Darmanin, disse que estava indo para o local. &#8220;Forte emo\u00e7\u00e3o diante da trag\u00e9dia de numerosas mortes devido ao naufr\u00e1gio de um barco de imigrantes no Canal da Mancha&#8221;, escreveu ele em um tu\u00edte.<\/p>\n<div class=\"mc-column content-text active-extra-styles \" data-block-type=\"unstyled\" data-block-weight=\"17\" data-block-id=\"10\">\n<p class=\"content-text__container \" data-track-category=\"Link no Texto\" data-track-links=\"\">Dois helic\u00f3pteros e tr\u00eas barcos da pol\u00edcia ou de resgate estavam no local, disseram as autoridades locais. Um pescador, Nicolas Margolle, disse que havia visto dois pequenos barcos mais cedo nesta quarta-feira, um com pessoas a bordo e outro vazio.<\/p>\n<div class=\"mc-column content-text active-extra-styles\" data-block-type=\"raw\" data-block-weight=\"28\" data-block-id=\"13\">\n<blockquote class=\"content-blockquote theme-border-color-primary-before\"><p>Ele disse que outro pescador havia chamado a opera\u00e7\u00e3o de resgate depois de ver um bote vazio e 15 pessoas flutuando sem movimento por perto, inconscientes ou mortas.<\/p><\/blockquote>\n<\/div>\n<div class=\"mc-column content-text active-extra-styles \" data-block-type=\"unstyled\" data-block-weight=\"18\" data-block-id=\"14\">\n<p class=\"content-text__container \" data-track-category=\"Link no Texto\" data-track-links=\"\">Ele confirmou que havia mais barcos nesta quarta-feira porque o tempo estava bom. &#8220;Mas est\u00e1 frio&#8221;, acrescentou Margolle. No in\u00edcio da quarta-feira, um grupo de mais de 40 migrantes foi visto indo em dire\u00e7\u00e3o ao Reino Unido em um bote.<\/p>\n<h3 data-track-category=\"Link no Texto\">Canal da Mancha<\/h3>\n<div class=\"mc-column content-text active-extra-styles\" data-block-type=\"raw\" data-block-weight=\"29\" data-block-id=\"16\">\n<blockquote class=\"content-blockquote theme-border-color-primary-before\"><p>O Canal da Mancha \u00e9 uma das rotas de navega\u00e7\u00e3o mais movimentadas do mundo e as correntes s\u00e3o fortes. Os barcos pequenos muitas vezes ficam \u00e0 merc\u00ea das ondas.<\/p><\/blockquote>\n<\/div>\n<div class=\"mc-column content-text active-extra-styles \" data-block-type=\"unstyled\" data-block-weight=\"42\" data-block-id=\"17\">\n<p class=\"content-text__container \" data-track-category=\"Link no Texto\" data-track-links=\"\">Embora a pol\u00edcia francesa esteja impedindo mais travessias do que em anos anteriores, as a\u00e7\u00f5es interromperam s\u00f3 parcialmente o fluxo de migrantes que querem chegar ao Reino Unido, no que se tornou uma das muitas fontes de tens\u00e3o entre Paris e Londres.<\/p>\n<p data-track-category=\"Link no Texto\" data-track-links=\"\"><strong>LEIA TAMB\u00c9M<\/strong><\/p>\n<p data-track-category=\"Link no Texto\" data-track-links=\"\"><a href=\"https:\/\/redenoticiaz.com.br\/blog\/2021\/11\/23\/acidente-de-onibus-mata-45-pessoas-na-bulgaria\">Acidente de \u00f4nibus mata 45 pessoas na Bulg\u00e1ria<\/a><\/p>\n<\/div>\n<\/div>\n<\/div>\n","protected":false},"excerpt":{"rendered":"<p>Trag\u00e9dia no mar. Pelo menos 33 pessoas morreram ap\u00f3s um bote naufragar no Canal da Mancha, que fica entre a Fran\u00e7a e o Reino Unido. Todos eram imigrantes e tentaram chegar na Inglaterra, segundo o prefeito cidade de Teteghem, na Fran\u00e7a, Franck Dhersin. As autoridades locais haviam dito anteriormente que cinco imigrantes haviam se afogado, &hellip;<\/p>\n","protected":false},"author":6,"featured_media":18958,"comment_status":"open","ping_status":"closed","sticky":false,"template":"","format":"standard","meta":{"footnotes":""},"categories":[84],"tags":[43117,43118,18405,31216,79,43119,2621],"class_list":["post-18957","post","type-post","status-publish","format-standard","has-post-thumbnail","hentry","category-mundo","tag-bote","tag-canal-da-mancha","tag-franca","tag-imigrantes","tag-mortes","tag-naufragio-de-bote","tag-reino-unido"],"yoast_head":"<!-- This site is optimized with the Yoast SEO plugin v27.5 - https:\/\/yoast.com\/product\/yoast-seo-wordpress\/ -->\n<title>Naufr\u00e1gio de bote mata mais de 30 imigrantes no Canal da Mancha - Litoral SP<\/title>\n<meta name=\"description\" content=\"Trag\u00e9dia no mar. Pelo menos 33 pessoas morreram ap\u00f3s um bote naufragar no Canal da Mancha, que fica entre a Fran\u00e7a e o Reino Unido\" \/>\n<meta name=\"robots\" content=\"index, follow, max-snippet:-1, max-image-preview:large, max-video-preview:-1\" \/>\n<link rel=\"canonical\" href=\"https:\/\/redenoticiaz.com.br\/litoralsp\/2021\/11\/24\/naufragio-de-bote-mata-mais-de-30-imigrantes-no-canal-da-mancha\" \/>\n<meta property=\"og:locale\" content=\"pt_BR\" \/>\n<meta property=\"og:type\" content=\"article\" \/>\n<meta property=\"og:title\" content=\"Naufr\u00e1gio de bote mata mais de 30 imigrantes no Canal da Mancha - Litoral SP\" \/>\n<meta property=\"og:description\" content=\"Trag\u00e9dia no mar. Pelo menos 33 pessoas morreram ap\u00f3s um bote naufragar no Canal da Mancha, que fica entre a Fran\u00e7a e o Reino Unido\" \/>\n<meta property=\"og:url\" content=\"https:\/\/redenoticiaz.com.br\/litoralsp\/2021\/11\/24\/naufragio-de-bote-mata-mais-de-30-imigrantes-no-canal-da-mancha\" \/>\n<meta property=\"og:site_name\" content=\"Litoral SP\" \/>\n<meta property=\"article:published_time\" content=\"2021-11-24T20:45:07+00:00\" \/>\n<meta property=\"article:modified_time\" content=\"2021-11-24T20:49:32+00:00\" \/>\n<meta property=\"og:image\" content=\"https:\/\/redenoticiaz.com.br\/litoralsp\/wp-content\/uploads\/sites\/3\/2021\/11\/naufragio.jpg\" \/>\n\t<meta property=\"og:image:width\" content=\"984\" \/>\n\t<meta property=\"og:image:height\" content=\"661\" \/>\n\t<meta property=\"og:image:type\" content=\"image\/jpeg\" \/>\n<meta name=\"author\" content=\"Leonardo Francisco\" \/>\n<meta name=\"twitter:card\" content=\"summary_large_image\" \/>\n<meta name=\"twitter:label1\" content=\"Escrito por\" \/>\n\t<meta name=\"twitter:data1\" content=\"Leonardo Francisco\" \/>\n\t<meta name=\"twitter:label2\" content=\"Est. tempo de leitura\" \/>\n\t<meta name=\"twitter:data2\" content=\"2 minutos\" \/>\n<script type=\"application\/ld+json\" class=\"yoast-schema-graph\">{\"@context\":\"https:\\\/\\\/schema.org\",\"@graph\":[{\"@type\":\"Article\",\"@id\":\"https:\\\/\\\/redenoticiaz.com.br\\\/litoralsp\\\/2021\\\/11\\\/24\\\/naufragio-de-bote-mata-mais-de-30-imigrantes-no-canal-da-mancha#article\",\"isPartOf\":{\"@id\":\"https:\\\/\\\/redenoticiaz.com.br\\\/litoralsp\\\/2021\\\/11\\\/24\\\/naufragio-de-bote-mata-mais-de-30-imigrantes-no-canal-da-mancha\"},\"author\":{\"name\":\"Leonardo Francisco\",\"@id\":\"https:\\\/\\\/redenoticiaz.com.br\\\/litoralsp\\\/#\\\/schema\\\/person\\\/0f0b8a5bdafefe82841e07ae8d81ecb3\"},\"headline\":\"Naufr\u00e1gio de bote mata mais de 30 imigrantes no Canal da Mancha\",\"datePublished\":\"2021-11-24T20:45:07+00:00\",\"dateModified\":\"2021-11-24T20:49:32+00:00\",\"mainEntityOfPage\":{\"@id\":\"https:\\\/\\\/redenoticiaz.com.br\\\/litoralsp\\\/2021\\\/11\\\/24\\\/naufragio-de-bote-mata-mais-de-30-imigrantes-no-canal-da-mancha\"},\"wordCount\":344,\"commentCount\":0,\"publisher\":{\"@id\":\"https:\\\/\\\/redenoticiaz.com.br\\\/litoralsp\\\/#organization\"},\"image\":{\"@id\":\"https:\\\/\\\/redenoticiaz.com.br\\\/litoralsp\\\/2021\\\/11\\\/24\\\/naufragio-de-bote-mata-mais-de-30-imigrantes-no-canal-da-mancha#primaryimage\"},\"thumbnailUrl\":\"https:\\\/\\\/redenoticiaz.com.br\\\/litoralsp\\\/wp-content\\\/uploads\\\/sites\\\/3\\\/2021\\\/11\\\/naufragio.jpg\",\"keywords\":[\"BOTE\",\"CANAL DA MANCHA\",\"FRAN\u00c7A\",\"IMIGRANTES\",\"MORTES\",\"NAUFR\u00c1GIO DE BOTE\",\"REINO UNIDO\"],\"articleSection\":[\"Mundo\"],\"inLanguage\":\"pt-BR\",\"potentialAction\":[{\"@type\":\"CommentAction\",\"name\":\"Comment\",\"target\":[\"https:\\\/\\\/redenoticiaz.com.br\\\/litoralsp\\\/2021\\\/11\\\/24\\\/naufragio-de-bote-mata-mais-de-30-imigrantes-no-canal-da-mancha#respond\"]}]},{\"@type\":\"WebPage\",\"@id\":\"https:\\\/\\\/redenoticiaz.com.br\\\/litoralsp\\\/2021\\\/11\\\/24\\\/naufragio-de-bote-mata-mais-de-30-imigrantes-no-canal-da-mancha\",\"url\":\"https:\\\/\\\/redenoticiaz.com.br\\\/litoralsp\\\/2021\\\/11\\\/24\\\/naufragio-de-bote-mata-mais-de-30-imigrantes-no-canal-da-mancha\",\"name\":\"Naufr\u00e1gio de bote mata mais de 30 imigrantes no Canal da Mancha - Litoral SP\",\"isPartOf\":{\"@id\":\"https:\\\/\\\/redenoticiaz.com.br\\\/litoralsp\\\/#website\"},\"primaryImageOfPage\":{\"@id\":\"https:\\\/\\\/redenoticiaz.com.br\\\/litoralsp\\\/2021\\\/11\\\/24\\\/naufragio-de-bote-mata-mais-de-30-imigrantes-no-canal-da-mancha#primaryimage\"},\"image\":{\"@id\":\"https:\\\/\\\/redenoticiaz.com.br\\\/litoralsp\\\/2021\\\/11\\\/24\\\/naufragio-de-bote-mata-mais-de-30-imigrantes-no-canal-da-mancha#primaryimage\"},\"thumbnailUrl\":\"https:\\\/\\\/redenoticiaz.com.br\\\/litoralsp\\\/wp-content\\\/uploads\\\/sites\\\/3\\\/2021\\\/11\\\/naufragio.jpg\",\"datePublished\":\"2021-11-24T20:45:07+00:00\",\"dateModified\":\"2021-11-24T20:49:32+00:00\",\"description\":\"Trag\u00e9dia no mar. Pelo menos 33 pessoas morreram ap\u00f3s um bote naufragar no Canal da Mancha, que fica entre a Fran\u00e7a e o Reino Unido\",\"inLanguage\":\"pt-BR\",\"potentialAction\":[{\"@type\":\"ReadAction\",\"target\":[\"https:\\\/\\\/redenoticiaz.com.br\\\/litoralsp\\\/2021\\\/11\\\/24\\\/naufragio-de-bote-mata-mais-de-30-imigrantes-no-canal-da-mancha\"]}]},{\"@type\":\"ImageObject\",\"inLanguage\":\"pt-BR\",\"@id\":\"https:\\\/\\\/redenoticiaz.com.br\\\/litoralsp\\\/2021\\\/11\\\/24\\\/naufragio-de-bote-mata-mais-de-30-imigrantes-no-canal-da-mancha#primaryimage\",\"url\":\"https:\\\/\\\/redenoticiaz.com.br\\\/litoralsp\\\/wp-content\\\/uploads\\\/sites\\\/3\\\/2021\\\/11\\\/naufragio.jpg\",\"contentUrl\":\"https:\\\/\\\/redenoticiaz.com.br\\\/litoralsp\\\/wp-content\\\/uploads\\\/sites\\\/3\\\/2021\\\/11\\\/naufragio.jpg\",\"width\":984,\"height\":661,\"caption\":\"Sobreviventes conseguiram ser resgatados. Cr\u00e9ditos: Reuters\"},{\"@type\":\"WebSite\",\"@id\":\"https:\\\/\\\/redenoticiaz.com.br\\\/litoralsp\\\/#website\",\"url\":\"https:\\\/\\\/redenoticiaz.com.br\\\/litoralsp\\\/\",\"name\":\"Litoral SP\",\"description\":\"Rede NoticiaZ\",\"publisher\":{\"@id\":\"https:\\\/\\\/redenoticiaz.com.br\\\/litoralsp\\\/#organization\"},\"potentialAction\":[{\"@type\":\"SearchAction\",\"target\":{\"@type\":\"EntryPoint\",\"urlTemplate\":\"https:\\\/\\\/redenoticiaz.com.br\\\/litoralsp\\\/?s={search_term_string}\"},\"query-input\":{\"@type\":\"PropertyValueSpecification\",\"valueRequired\":true,\"valueName\":\"search_term_string\"}}],\"inLanguage\":\"pt-BR\"},{\"@type\":\"Organization\",\"@id\":\"https:\\\/\\\/redenoticiaz.com.br\\\/litoralsp\\\/#organization\",\"name\":\"Litoral SP\",\"url\":\"https:\\\/\\\/redenoticiaz.com.br\\\/litoralsp\\\/\",\"logo\":{\"@type\":\"ImageObject\",\"inLanguage\":\"pt-BR\",\"@id\":\"https:\\\/\\\/redenoticiaz.com.br\\\/litoralsp\\\/#\\\/schema\\\/logo\\\/image\\\/\",\"url\":\"https:\\\/\\\/redenoticiaz.com.br\\\/litoralsp\\\/wp-content\\\/uploads\\\/sites\\\/3\\\/2020\\\/11\\\/logo.jpg\",\"contentUrl\":\"https:\\\/\\\/redenoticiaz.com.br\\\/litoralsp\\\/wp-content\\\/uploads\\\/sites\\\/3\\\/2020\\\/11\\\/logo.jpg\",\"width\":400,\"height\":250,\"caption\":\"Litoral SP\"},\"image\":{\"@id\":\"https:\\\/\\\/redenoticiaz.com.br\\\/litoralsp\\\/#\\\/schema\\\/logo\\\/image\\\/\"}},{\"@type\":\"Person\",\"@id\":\"https:\\\/\\\/redenoticiaz.com.br\\\/litoralsp\\\/#\\\/schema\\\/person\\\/0f0b8a5bdafefe82841e07ae8d81ecb3\",\"name\":\"Leonardo Francisco\",\"image\":{\"@type\":\"ImageObject\",\"inLanguage\":\"pt-BR\",\"@id\":\"https:\\\/\\\/secure.gravatar.com\\\/avatar\\\/a7358cb406a99b682ec6df1e77e31ae82e63601f6784e8a3df411d72b37864da?s=96&d=mm&r=g\",\"url\":\"https:\\\/\\\/secure.gravatar.com\\\/avatar\\\/a7358cb406a99b682ec6df1e77e31ae82e63601f6784e8a3df411d72b37864da?s=96&d=mm&r=g\",\"contentUrl\":\"https:\\\/\\\/secure.gravatar.com\\\/avatar\\\/a7358cb406a99b682ec6df1e77e31ae82e63601f6784e8a3df411d72b37864da?s=96&d=mm&r=g\",\"caption\":\"Leonardo Francisco\"},\"url\":\"https:\\\/\\\/redenoticiaz.com.br\\\/litoralsp\\\/author\\\/leonardo-francisco\"}]}<\/script>\n<!-- \/ Yoast SEO plugin. -->","yoast_head_json":{"title":"Naufr\u00e1gio de bote mata mais de 30 imigrantes no Canal da Mancha - Litoral SP","description":"Trag\u00e9dia no mar. Pelo menos 33 pessoas morreram ap\u00f3s um bote naufragar no Canal da Mancha, que fica entre a Fran\u00e7a e o Reino Unido","robots":{"index":"index","follow":"follow","max-snippet":"max-snippet:-1","max-image-preview":"max-image-preview:large","max-video-preview":"max-video-preview:-1"},"canonical":"https:\/\/redenoticiaz.com.br\/litoralsp\/2021\/11\/24\/naufragio-de-bote-mata-mais-de-30-imigrantes-no-canal-da-mancha","og_locale":"pt_BR","og_type":"article","og_title":"Naufr\u00e1gio de bote mata mais de 30 imigrantes no Canal da Mancha - Litoral SP","og_description":"Trag\u00e9dia no mar. Pelo menos 33 pessoas morreram ap\u00f3s um bote naufragar no Canal da Mancha, que fica entre a Fran\u00e7a e o Reino Unido","og_url":"https:\/\/redenoticiaz.com.br\/litoralsp\/2021\/11\/24\/naufragio-de-bote-mata-mais-de-30-imigrantes-no-canal-da-mancha","og_site_name":"Litoral SP","article_published_time":"2021-11-24T20:45:07+00:00","article_modified_time":"2021-11-24T20:49:32+00:00","og_image":[{"width":984,"height":661,"url":"https:\/\/redenoticiaz.com.br\/litoralsp\/wp-content\/uploads\/sites\/3\/2021\/11\/naufragio.jpg","type":"image\/jpeg"}],"author":"Leonardo Francisco","twitter_card":"summary_large_image","twitter_misc":{"Escrito por":"Leonardo Francisco","Est. tempo de leitura":"2 minutos"},"schema":{"@context":"https:\/\/schema.org","@graph":[{"@type":"Article","@id":"https:\/\/redenoticiaz.com.br\/litoralsp\/2021\/11\/24\/naufragio-de-bote-mata-mais-de-30-imigrantes-no-canal-da-mancha#article","isPartOf":{"@id":"https:\/\/redenoticiaz.com.br\/litoralsp\/2021\/11\/24\/naufragio-de-bote-mata-mais-de-30-imigrantes-no-canal-da-mancha"},"author":{"name":"Leonardo Francisco","@id":"https:\/\/redenoticiaz.com.br\/litoralsp\/#\/schema\/person\/0f0b8a5bdafefe82841e07ae8d81ecb3"},"headline":"Naufr\u00e1gio de bote mata mais de 30 imigrantes no Canal da Mancha","datePublished":"2021-11-24T20:45:07+00:00","dateModified":"2021-11-24T20:49:32+00:00","mainEntityOfPage":{"@id":"https:\/\/redenoticiaz.com.br\/litoralsp\/2021\/11\/24\/naufragio-de-bote-mata-mais-de-30-imigrantes-no-canal-da-mancha"},"wordCount":344,"commentCount":0,"publisher":{"@id":"https:\/\/redenoticiaz.com.br\/litoralsp\/#organization"},"image":{"@id":"https:\/\/redenoticiaz.com.br\/litoralsp\/2021\/11\/24\/naufragio-de-bote-mata-mais-de-30-imigrantes-no-canal-da-mancha#primaryimage"},"thumbnailUrl":"https:\/\/redenoticiaz.com.br\/litoralsp\/wp-content\/uploads\/sites\/3\/2021\/11\/naufragio.jpg","keywords":["BOTE","CANAL DA MANCHA","FRAN\u00c7A","IMIGRANTES","MORTES","NAUFR\u00c1GIO DE BOTE","REINO UNIDO"],"articleSection":["Mundo"],"inLanguage":"pt-BR","potentialAction":[{"@type":"CommentAction","name":"Comment","target":["https:\/\/redenoticiaz.com.br\/litoralsp\/2021\/11\/24\/naufragio-de-bote-mata-mais-de-30-imigrantes-no-canal-da-mancha#respond"]}]},{"@type":"WebPage","@id":"https:\/\/redenoticiaz.com.br\/litoralsp\/2021\/11\/24\/naufragio-de-bote-mata-mais-de-30-imigrantes-no-canal-da-mancha","url":"https:\/\/redenoticiaz.com.br\/litoralsp\/2021\/11\/24\/naufragio-de-bote-mata-mais-de-30-imigrantes-no-canal-da-mancha","name":"Naufr\u00e1gio de bote mata mais de 30 imigrantes no Canal da Mancha - Litoral SP","isPartOf":{"@id":"https:\/\/redenoticiaz.com.br\/litoralsp\/#website"},"primaryImageOfPage":{"@id":"https:\/\/redenoticiaz.com.br\/litoralsp\/2021\/11\/24\/naufragio-de-bote-mata-mais-de-30-imigrantes-no-canal-da-mancha#primaryimage"},"image":{"@id":"https:\/\/redenoticiaz.com.br\/litoralsp\/2021\/11\/24\/naufragio-de-bote-mata-mais-de-30-imigrantes-no-canal-da-mancha#primaryimage"},"thumbnailUrl":"https:\/\/redenoticiaz.com.br\/litoralsp\/wp-content\/uploads\/sites\/3\/2021\/11\/naufragio.jpg","datePublished":"2021-11-24T20:45:07+00:00","dateModified":"2021-11-24T20:49:32+00:00","description":"Trag\u00e9dia no mar. Pelo menos 33 pessoas morreram ap\u00f3s um bote naufragar no Canal da Mancha, que fica entre a Fran\u00e7a e o Reino Unido","inLanguage":"pt-BR","potentialAction":[{"@type":"ReadAction","target":["https:\/\/redenoticiaz.com.br\/litoralsp\/2021\/11\/24\/naufragio-de-bote-mata-mais-de-30-imigrantes-no-canal-da-mancha"]}]},{"@type":"ImageObject","inLanguage":"pt-BR","@id":"https:\/\/redenoticiaz.com.br\/litoralsp\/2021\/11\/24\/naufragio-de-bote-mata-mais-de-30-imigrantes-no-canal-da-mancha#primaryimage","url":"https:\/\/redenoticiaz.com.br\/litoralsp\/wp-content\/uploads\/sites\/3\/2021\/11\/naufragio.jpg","contentUrl":"https:\/\/redenoticiaz.com.br\/litoralsp\/wp-content\/uploads\/sites\/3\/2021\/11\/naufragio.jpg","width":984,"height":661,"caption":"Sobreviventes conseguiram ser resgatados. Cr\u00e9ditos: Reuters"},{"@type":"WebSite","@id":"https:\/\/redenoticiaz.com.br\/litoralsp\/#website","url":"https:\/\/redenoticiaz.com.br\/litoralsp\/","name":"Litoral SP","description":"Rede NoticiaZ","publisher":{"@id":"https:\/\/redenoticiaz.com.br\/litoralsp\/#organization"},"potentialAction":[{"@type":"SearchAction","target":{"@type":"EntryPoint","urlTemplate":"https:\/\/redenoticiaz.com.br\/litoralsp\/?s={search_term_string}"},"query-input":{"@type":"PropertyValueSpecification","valueRequired":true,"valueName":"search_term_string"}}],"inLanguage":"pt-BR"},{"@type":"Organization","@id":"https:\/\/redenoticiaz.com.br\/litoralsp\/#organization","name":"Litoral SP","url":"https:\/\/redenoticiaz.com.br\/litoralsp\/","logo":{"@type":"ImageObject","inLanguage":"pt-BR","@id":"https:\/\/redenoticiaz.com.br\/litoralsp\/#\/schema\/logo\/image\/","url":"https:\/\/redenoticiaz.com.br\/litoralsp\/wp-content\/uploads\/sites\/3\/2020\/11\/logo.jpg","contentUrl":"https:\/\/redenoticiaz.com.br\/litoralsp\/wp-content\/uploads\/sites\/3\/2020\/11\/logo.jpg","width":400,"height":250,"caption":"Litoral SP"},"image":{"@id":"https:\/\/redenoticiaz.com.br\/litoralsp\/#\/schema\/logo\/image\/"}},{"@type":"Person","@id":"https:\/\/redenoticiaz.com.br\/litoralsp\/#\/schema\/person\/0f0b8a5bdafefe82841e07ae8d81ecb3","name":"Leonardo Francisco","image":{"@type":"ImageObject","inLanguage":"pt-BR","@id":"https:\/\/secure.gravatar.com\/avatar\/a7358cb406a99b682ec6df1e77e31ae82e63601f6784e8a3df411d72b37864da?s=96&d=mm&r=g","url":"https:\/\/secure.gravatar.com\/avatar\/a7358cb406a99b682ec6df1e77e31ae82e63601f6784e8a3df411d72b37864da?s=96&d=mm&r=g","contentUrl":"https:\/\/secure.gravatar.com\/avatar\/a7358cb406a99b682ec6df1e77e31ae82e63601f6784e8a3df411d72b37864da?s=96&d=mm&r=g","caption":"Leonardo Francisco"},"url":"https:\/\/redenoticiaz.com.br\/litoralsp\/author\/leonardo-francisco"}]}},"_links":{"self":[{"href":"https:\/\/redenoticiaz.com.br\/litoralsp\/wp-json\/wp\/v2\/posts\/18957","targetHints":{"allow":["GET"]}}],"collection":[{"href":"https:\/\/redenoticiaz.com.br\/litoralsp\/wp-json\/wp\/v2\/posts"}],"about":[{"href":"https:\/\/redenoticiaz.com.br\/litoralsp\/wp-json\/wp\/v2\/types\/post"}],"author":[{"embeddable":true,"href":"https:\/\/redenoticiaz.com.br\/litoralsp\/wp-json\/wp\/v2\/users\/6"}],"replies":[{"embeddable":true,"href":"https:\/\/redenoticiaz.com.br\/litoralsp\/wp-json\/wp\/v2\/comments?post=18957"}],"version-history":[{"count":2,"href":"https:\/\/redenoticiaz.com.br\/litoralsp\/wp-json\/wp\/v2\/posts\/18957\/revisions"}],"predecessor-version":[{"id":18961,"href":"https:\/\/redenoticiaz.com.br\/litoralsp\/wp-json\/wp\/v2\/posts\/18957\/revisions\/18961"}],"wp:featuredmedia":[{"embeddable":true,"href":"https:\/\/redenoticiaz.com.br\/litoralsp\/wp-json\/wp\/v2\/media\/18958"}],"wp:attachment":[{"href":"https:\/\/redenoticiaz.com.br\/litoralsp\/wp-json\/wp\/v2\/media?parent=18957"}],"wp:term":[{"taxonomy":"category","embeddable":true,"href":"https:\/\/redenoticiaz.com.br\/litoralsp\/wp-json\/wp\/v2\/categories?post=18957"},{"taxonomy":"post_tag","embeddable":true,"href":"https:\/\/redenoticiaz.com.br\/litoralsp\/wp-json\/wp\/v2\/tags?post=18957"}],"curies":[{"name":"wp","href":"https:\/\/api.w.org\/{rel}","templated":true}]}}