{"id":18996,"date":"2021-11-25T12:49:27","date_gmt":"2021-11-25T15:49:27","guid":{"rendered":"https:\/\/redenoticiaz.com.br\/litoralsp\/2021\/11\/25\/declaracao-de-saude-para-quem-chega-ao-brasil-e-suspensa-pela-anvisa"},"modified":"2021-11-25T12:55:08","modified_gmt":"2021-11-25T15:55:08","slug":"declaracao-de-saude-para-quem-chega-ao-brasil-e-suspensa-pela-anvisa","status":"publish","type":"post","link":"https:\/\/redenoticiaz.com.br\/litoralsp\/2021\/11\/25\/declaracao-de-saude-para-quem-chega-ao-brasil-e-suspensa-pela-anvisa","title":{"rendered":"Declara\u00e7\u00e3o de sa\u00fade para quem chega ao Brasil \u00e9 suspensa pela Anvisa"},"content":{"rendered":"<p>Nos \u00faltimos dias, o sistema de preenchimento online da <strong>Declara\u00e7\u00e3o de Sa\u00fade do Viajante<\/strong> (DSV) vem apresentando instabilidade. Por isso, a\u00a0Ag\u00eancia Nacional de Vigil\u00e2ncia Sanit\u00e1ria (<a href=\"https:\/\/www.gov.br\/anvisa\/pt-br\">Anvisa<\/a>) informou que por um tempo, a exig\u00eancia foi suspensa e dessa forma quem vier ao Brasil pode desembarcar\u00a0 sem o documento.<\/p>\n<p>As companhias a\u00e9reaas foram informadas nesta quinta-feira (25) e a Anvisa fez o comunicado. &#8220;As companhias a\u00e9reas j\u00e1 foram comunicadas pelas autoridades brasileiras e, a fim de que n\u00e3o haja qualquer preju\u00edzo aos viajantes, os embarques de passageiros internacionais com destino ao Brasil ocorrer\u00e3o sem a exig\u00eancia de apresenta\u00e7\u00e3o da DSV&#8221;, escreveu.<\/p>\n<p>Desde o dia 30 de dezembro de 2020, os viajantes que chegam de avi\u00e3o ao Brasil t\u00eam que apresentar a DSV. Al\u00e9m disso, tamb\u00e9m precisam portar um exame negativo para a Covid. As medidas fazem parte de a\u00e7\u00f5es para conter a pandemia.<\/p>\n<p>Ainda segundo a Anvisa, n\u00e3o tem uma previs\u00e3o de quando o sistema da DSV vai voltar a operar normalmente. &#8220;A ag\u00eancia j\u00e1 est\u00e1 atuando para estabilizar o sistema o mais breve poss\u00edvel&#8221;, explicou.<\/p>\n<div class=\"mc-column content-text active-extra-styles \" data-block-type=\"unstyled\" data-block-weight=\"37\" data-block-id=\"8\">\n<p class=\"content-text__container \" data-track-category=\"Link no Texto\" data-track-links=\"\">Ao preencher a DSV, a pessoa que embarca para o Brasil, al\u00e9m de prestar informa\u00e7\u00f5es sobre atual estado de sa\u00fade, tamb\u00e9m declara que concorda em adotar medidas sanit\u00e1rias estabelecidas por autoridades do pa\u00eds durante a pandemia.<\/p>\n<p data-track-category=\"Link no Texto\" data-track-links=\"\"><strong>LEIA TAMB\u00c9M<\/strong><\/p>\n<p data-track-category=\"Link no Texto\" data-track-links=\"\"><a href=\"https:\/\/redenoticiaz.com.br\/blog\/2021\/11\/24\/passaporte-da-vacina-contra-a-covid-19-podera-ser-obrigatorio-no-brasil\">Passaporte da vacina contra a Covid-19 poder\u00e1 ser obrigat\u00f3rio no Brasil<\/a><\/p>\n<\/div>\n","protected":false},"excerpt":{"rendered":"<p>Nos \u00faltimos dias, o sistema de preenchimento online da Declara\u00e7\u00e3o de Sa\u00fade do Viajante (DSV) vem apresentando instabilidade. Por isso, a\u00a0Ag\u00eancia Nacional de Vigil\u00e2ncia Sanit\u00e1ria (Anvisa) informou que por um tempo, a exig\u00eancia foi suspensa e dessa forma quem vier ao Brasil pode desembarcar\u00a0 sem o documento. As companhias a\u00e9reaas foram informadas nesta quinta-feira (25) &hellip;<\/p>\n","protected":false},"author":6,"featured_media":18997,"comment_status":"open","ping_status":"closed","sticky":false,"template":"","format":"standard","meta":{"footnotes":""},"categories":[23,775],"tags":[5886,24,43202,43203,43204,43205,43206],"class_list":["post-18996","post","type-post","status-publish","format-standard","has-post-thumbnail","hentry","category-saude","category-turismo","tag-aeroportos","tag-anvisa","tag-chegada-ao-brasil","tag-declaracao-de-saude-do-viajante","tag-declaracao-suspensa","tag-sistema-instavel","tag-viajantes"],"yoast_head":"<!-- This site is optimized with the Yoast SEO plugin v27.5 - https:\/\/yoast.com\/product\/yoast-seo-wordpress\/ -->\n<title>Declara\u00e7\u00e3o de sa\u00fade para quem chega ao Brasil \u00e9 suspensa pela Anvisa - Litoral SP<\/title>\n<meta name=\"description\" content=\"sistema de preenchimento online da Declara\u00e7\u00e3o de Sa\u00fade do Viajante (DSV) vem apresentando instabilidade. Por isso\" \/>\n<meta name=\"robots\" content=\"index, follow, max-snippet:-1, max-image-preview:large, max-video-preview:-1\" \/>\n<link rel=\"canonical\" href=\"https:\/\/redenoticiaz.com.br\/litoralsp\/2021\/11\/25\/declaracao-de-saude-para-quem-chega-ao-brasil-e-suspensa-pela-anvisa\" \/>\n<meta property=\"og:locale\" content=\"pt_BR\" \/>\n<meta property=\"og:type\" content=\"article\" \/>\n<meta property=\"og:title\" content=\"Declara\u00e7\u00e3o de sa\u00fade para quem chega ao Brasil \u00e9 suspensa pela Anvisa - Litoral SP\" \/>\n<meta property=\"og:description\" content=\"sistema de preenchimento online da Declara\u00e7\u00e3o de Sa\u00fade do Viajante (DSV) vem apresentando instabilidade. Por isso\" \/>\n<meta property=\"og:url\" content=\"https:\/\/redenoticiaz.com.br\/litoralsp\/2021\/11\/25\/declaracao-de-saude-para-quem-chega-ao-brasil-e-suspensa-pela-anvisa\" \/>\n<meta property=\"og:site_name\" content=\"Litoral SP\" \/>\n<meta property=\"article:published_time\" content=\"2021-11-25T15:49:27+00:00\" \/>\n<meta property=\"article:modified_time\" content=\"2021-11-25T15:55:08+00:00\" \/>\n<meta property=\"og:image\" content=\"https:\/\/redenoticiaz.com.br\/litoralsp\/wp-content\/uploads\/sites\/3\/2021\/11\/aeroporto-guarulhos-terminal2-910x559-1.jpg\" \/>\n\t<meta property=\"og:image:width\" content=\"910\" \/>\n\t<meta property=\"og:image:height\" content=\"559\" \/>\n\t<meta property=\"og:image:type\" content=\"image\/jpeg\" \/>\n<meta name=\"author\" content=\"Leonardo Francisco\" \/>\n<meta name=\"twitter:card\" content=\"summary_large_image\" \/>\n<meta name=\"twitter:label1\" content=\"Escrito por\" \/>\n\t<meta name=\"twitter:data1\" content=\"Leonardo Francisco\" \/>\n\t<meta name=\"twitter:label2\" content=\"Est. tempo de leitura\" \/>\n\t<meta name=\"twitter:data2\" content=\"1 minuto\" \/>\n<script type=\"application\/ld+json\" class=\"yoast-schema-graph\">{\"@context\":\"https:\\\/\\\/schema.org\",\"@graph\":[{\"@type\":\"Article\",\"@id\":\"https:\\\/\\\/redenoticiaz.com.br\\\/litoralsp\\\/2021\\\/11\\\/25\\\/declaracao-de-saude-para-quem-chega-ao-brasil-e-suspensa-pela-anvisa#article\",\"isPartOf\":{\"@id\":\"https:\\\/\\\/redenoticiaz.com.br\\\/litoralsp\\\/2021\\\/11\\\/25\\\/declaracao-de-saude-para-quem-chega-ao-brasil-e-suspensa-pela-anvisa\"},\"author\":{\"name\":\"Leonardo Francisco\",\"@id\":\"https:\\\/\\\/redenoticiaz.com.br\\\/litoralsp\\\/#\\\/schema\\\/person\\\/0f0b8a5bdafefe82841e07ae8d81ecb3\"},\"headline\":\"Declara\u00e7\u00e3o de sa\u00fade para quem chega ao Brasil \u00e9 suspensa pela Anvisa\",\"datePublished\":\"2021-11-25T15:49:27+00:00\",\"dateModified\":\"2021-11-25T15:55:08+00:00\",\"mainEntityOfPage\":{\"@id\":\"https:\\\/\\\/redenoticiaz.com.br\\\/litoralsp\\\/2021\\\/11\\\/25\\\/declaracao-de-saude-para-quem-chega-ao-brasil-e-suspensa-pela-anvisa\"},\"wordCount\":264,\"commentCount\":0,\"publisher\":{\"@id\":\"https:\\\/\\\/redenoticiaz.com.br\\\/litoralsp\\\/#organization\"},\"image\":{\"@id\":\"https:\\\/\\\/redenoticiaz.com.br\\\/litoralsp\\\/2021\\\/11\\\/25\\\/declaracao-de-saude-para-quem-chega-ao-brasil-e-suspensa-pela-anvisa#primaryimage\"},\"thumbnailUrl\":\"https:\\\/\\\/redenoticiaz.com.br\\\/litoralsp\\\/wp-content\\\/uploads\\\/sites\\\/3\\\/2021\\\/11\\\/aeroporto-guarulhos-terminal2-910x559-1.jpg\",\"keywords\":[\"AEROPORTOS\",\"Anvisa\",\"CHEGADA AO BRASIL\",\"DECLARA\u00c7\u00c3O DE SA\u00daDE DO VIAJANTE\",\"DECLARA\u00c7\u00c3O SUSPENSA\",\"SISTEMA INST\u00c1VEL\",\"VIAJANTES\"],\"articleSection\":[\"Sa\u00fade\",\"Turismo\"],\"inLanguage\":\"pt-BR\",\"potentialAction\":[{\"@type\":\"CommentAction\",\"name\":\"Comment\",\"target\":[\"https:\\\/\\\/redenoticiaz.com.br\\\/litoralsp\\\/2021\\\/11\\\/25\\\/declaracao-de-saude-para-quem-chega-ao-brasil-e-suspensa-pela-anvisa#respond\"]}]},{\"@type\":\"WebPage\",\"@id\":\"https:\\\/\\\/redenoticiaz.com.br\\\/litoralsp\\\/2021\\\/11\\\/25\\\/declaracao-de-saude-para-quem-chega-ao-brasil-e-suspensa-pela-anvisa\",\"url\":\"https:\\\/\\\/redenoticiaz.com.br\\\/litoralsp\\\/2021\\\/11\\\/25\\\/declaracao-de-saude-para-quem-chega-ao-brasil-e-suspensa-pela-anvisa\",\"name\":\"Declara\u00e7\u00e3o de sa\u00fade para quem chega ao Brasil \u00e9 suspensa pela Anvisa - Litoral SP\",\"isPartOf\":{\"@id\":\"https:\\\/\\\/redenoticiaz.com.br\\\/litoralsp\\\/#website\"},\"primaryImageOfPage\":{\"@id\":\"https:\\\/\\\/redenoticiaz.com.br\\\/litoralsp\\\/2021\\\/11\\\/25\\\/declaracao-de-saude-para-quem-chega-ao-brasil-e-suspensa-pela-anvisa#primaryimage\"},\"image\":{\"@id\":\"https:\\\/\\\/redenoticiaz.com.br\\\/litoralsp\\\/2021\\\/11\\\/25\\\/declaracao-de-saude-para-quem-chega-ao-brasil-e-suspensa-pela-anvisa#primaryimage\"},\"thumbnailUrl\":\"https:\\\/\\\/redenoticiaz.com.br\\\/litoralsp\\\/wp-content\\\/uploads\\\/sites\\\/3\\\/2021\\\/11\\\/aeroporto-guarulhos-terminal2-910x559-1.jpg\",\"datePublished\":\"2021-11-25T15:49:27+00:00\",\"dateModified\":\"2021-11-25T15:55:08+00:00\",\"description\":\"sistema de preenchimento online da Declara\u00e7\u00e3o de Sa\u00fade do Viajante (DSV) vem apresentando instabilidade. Por isso\",\"inLanguage\":\"pt-BR\",\"potentialAction\":[{\"@type\":\"ReadAction\",\"target\":[\"https:\\\/\\\/redenoticiaz.com.br\\\/litoralsp\\\/2021\\\/11\\\/25\\\/declaracao-de-saude-para-quem-chega-ao-brasil-e-suspensa-pela-anvisa\"]}]},{\"@type\":\"ImageObject\",\"inLanguage\":\"pt-BR\",\"@id\":\"https:\\\/\\\/redenoticiaz.com.br\\\/litoralsp\\\/2021\\\/11\\\/25\\\/declaracao-de-saude-para-quem-chega-ao-brasil-e-suspensa-pela-anvisa#primaryimage\",\"url\":\"https:\\\/\\\/redenoticiaz.com.br\\\/litoralsp\\\/wp-content\\\/uploads\\\/sites\\\/3\\\/2021\\\/11\\\/aeroporto-guarulhos-terminal2-910x559-1.jpg\",\"contentUrl\":\"https:\\\/\\\/redenoticiaz.com.br\\\/litoralsp\\\/wp-content\\\/uploads\\\/sites\\\/3\\\/2021\\\/11\\\/aeroporto-guarulhos-terminal2-910x559-1.jpg\",\"width\":910,\"height\":559,\"caption\":\"Cr\u00e9ditos: Reprodu\u00e7\u00e3o.\"},{\"@type\":\"WebSite\",\"@id\":\"https:\\\/\\\/redenoticiaz.com.br\\\/litoralsp\\\/#website\",\"url\":\"https:\\\/\\\/redenoticiaz.com.br\\\/litoralsp\\\/\",\"name\":\"Litoral SP\",\"description\":\"Rede NoticiaZ\",\"publisher\":{\"@id\":\"https:\\\/\\\/redenoticiaz.com.br\\\/litoralsp\\\/#organization\"},\"potentialAction\":[{\"@type\":\"SearchAction\",\"target\":{\"@type\":\"EntryPoint\",\"urlTemplate\":\"https:\\\/\\\/redenoticiaz.com.br\\\/litoralsp\\\/?s={search_term_string}\"},\"query-input\":{\"@type\":\"PropertyValueSpecification\",\"valueRequired\":true,\"valueName\":\"search_term_string\"}}],\"inLanguage\":\"pt-BR\"},{\"@type\":\"Organization\",\"@id\":\"https:\\\/\\\/redenoticiaz.com.br\\\/litoralsp\\\/#organization\",\"name\":\"Litoral SP\",\"url\":\"https:\\\/\\\/redenoticiaz.com.br\\\/litoralsp\\\/\",\"logo\":{\"@type\":\"ImageObject\",\"inLanguage\":\"pt-BR\",\"@id\":\"https:\\\/\\\/redenoticiaz.com.br\\\/litoralsp\\\/#\\\/schema\\\/logo\\\/image\\\/\",\"url\":\"https:\\\/\\\/redenoticiaz.com.br\\\/litoralsp\\\/wp-content\\\/uploads\\\/sites\\\/3\\\/2020\\\/11\\\/logo.jpg\",\"contentUrl\":\"https:\\\/\\\/redenoticiaz.com.br\\\/litoralsp\\\/wp-content\\\/uploads\\\/sites\\\/3\\\/2020\\\/11\\\/logo.jpg\",\"width\":400,\"height\":250,\"caption\":\"Litoral SP\"},\"image\":{\"@id\":\"https:\\\/\\\/redenoticiaz.com.br\\\/litoralsp\\\/#\\\/schema\\\/logo\\\/image\\\/\"}},{\"@type\":\"Person\",\"@id\":\"https:\\\/\\\/redenoticiaz.com.br\\\/litoralsp\\\/#\\\/schema\\\/person\\\/0f0b8a5bdafefe82841e07ae8d81ecb3\",\"name\":\"Leonardo Francisco\",\"image\":{\"@type\":\"ImageObject\",\"inLanguage\":\"pt-BR\",\"@id\":\"https:\\\/\\\/secure.gravatar.com\\\/avatar\\\/a7358cb406a99b682ec6df1e77e31ae82e63601f6784e8a3df411d72b37864da?s=96&d=mm&r=g\",\"url\":\"https:\\\/\\\/secure.gravatar.com\\\/avatar\\\/a7358cb406a99b682ec6df1e77e31ae82e63601f6784e8a3df411d72b37864da?s=96&d=mm&r=g\",\"contentUrl\":\"https:\\\/\\\/secure.gravatar.com\\\/avatar\\\/a7358cb406a99b682ec6df1e77e31ae82e63601f6784e8a3df411d72b37864da?s=96&d=mm&r=g\",\"caption\":\"Leonardo Francisco\"},\"url\":\"https:\\\/\\\/redenoticiaz.com.br\\\/litoralsp\\\/author\\\/leonardo-francisco\"}]}<\/script>\n<!-- \/ Yoast SEO plugin. -->","yoast_head_json":{"title":"Declara\u00e7\u00e3o de sa\u00fade para quem chega ao Brasil \u00e9 suspensa pela Anvisa - Litoral SP","description":"sistema de preenchimento online da Declara\u00e7\u00e3o de Sa\u00fade do Viajante (DSV) vem apresentando instabilidade. Por isso","robots":{"index":"index","follow":"follow","max-snippet":"max-snippet:-1","max-image-preview":"max-image-preview:large","max-video-preview":"max-video-preview:-1"},"canonical":"https:\/\/redenoticiaz.com.br\/litoralsp\/2021\/11\/25\/declaracao-de-saude-para-quem-chega-ao-brasil-e-suspensa-pela-anvisa","og_locale":"pt_BR","og_type":"article","og_title":"Declara\u00e7\u00e3o de sa\u00fade para quem chega ao Brasil \u00e9 suspensa pela Anvisa - Litoral SP","og_description":"sistema de preenchimento online da Declara\u00e7\u00e3o de Sa\u00fade do Viajante (DSV) vem apresentando instabilidade. Por isso","og_url":"https:\/\/redenoticiaz.com.br\/litoralsp\/2021\/11\/25\/declaracao-de-saude-para-quem-chega-ao-brasil-e-suspensa-pela-anvisa","og_site_name":"Litoral SP","article_published_time":"2021-11-25T15:49:27+00:00","article_modified_time":"2021-11-25T15:55:08+00:00","og_image":[{"width":910,"height":559,"url":"https:\/\/redenoticiaz.com.br\/litoralsp\/wp-content\/uploads\/sites\/3\/2021\/11\/aeroporto-guarulhos-terminal2-910x559-1.jpg","type":"image\/jpeg"}],"author":"Leonardo Francisco","twitter_card":"summary_large_image","twitter_misc":{"Escrito por":"Leonardo Francisco","Est. tempo de leitura":"1 minuto"},"schema":{"@context":"https:\/\/schema.org","@graph":[{"@type":"Article","@id":"https:\/\/redenoticiaz.com.br\/litoralsp\/2021\/11\/25\/declaracao-de-saude-para-quem-chega-ao-brasil-e-suspensa-pela-anvisa#article","isPartOf":{"@id":"https:\/\/redenoticiaz.com.br\/litoralsp\/2021\/11\/25\/declaracao-de-saude-para-quem-chega-ao-brasil-e-suspensa-pela-anvisa"},"author":{"name":"Leonardo Francisco","@id":"https:\/\/redenoticiaz.com.br\/litoralsp\/#\/schema\/person\/0f0b8a5bdafefe82841e07ae8d81ecb3"},"headline":"Declara\u00e7\u00e3o de sa\u00fade para quem chega ao Brasil \u00e9 suspensa pela Anvisa","datePublished":"2021-11-25T15:49:27+00:00","dateModified":"2021-11-25T15:55:08+00:00","mainEntityOfPage":{"@id":"https:\/\/redenoticiaz.com.br\/litoralsp\/2021\/11\/25\/declaracao-de-saude-para-quem-chega-ao-brasil-e-suspensa-pela-anvisa"},"wordCount":264,"commentCount":0,"publisher":{"@id":"https:\/\/redenoticiaz.com.br\/litoralsp\/#organization"},"image":{"@id":"https:\/\/redenoticiaz.com.br\/litoralsp\/2021\/11\/25\/declaracao-de-saude-para-quem-chega-ao-brasil-e-suspensa-pela-anvisa#primaryimage"},"thumbnailUrl":"https:\/\/redenoticiaz.com.br\/litoralsp\/wp-content\/uploads\/sites\/3\/2021\/11\/aeroporto-guarulhos-terminal2-910x559-1.jpg","keywords":["AEROPORTOS","Anvisa","CHEGADA AO BRASIL","DECLARA\u00c7\u00c3O DE SA\u00daDE DO VIAJANTE","DECLARA\u00c7\u00c3O SUSPENSA","SISTEMA INST\u00c1VEL","VIAJANTES"],"articleSection":["Sa\u00fade","Turismo"],"inLanguage":"pt-BR","potentialAction":[{"@type":"CommentAction","name":"Comment","target":["https:\/\/redenoticiaz.com.br\/litoralsp\/2021\/11\/25\/declaracao-de-saude-para-quem-chega-ao-brasil-e-suspensa-pela-anvisa#respond"]}]},{"@type":"WebPage","@id":"https:\/\/redenoticiaz.com.br\/litoralsp\/2021\/11\/25\/declaracao-de-saude-para-quem-chega-ao-brasil-e-suspensa-pela-anvisa","url":"https:\/\/redenoticiaz.com.br\/litoralsp\/2021\/11\/25\/declaracao-de-saude-para-quem-chega-ao-brasil-e-suspensa-pela-anvisa","name":"Declara\u00e7\u00e3o de sa\u00fade para quem chega ao Brasil \u00e9 suspensa pela Anvisa - Litoral SP","isPartOf":{"@id":"https:\/\/redenoticiaz.com.br\/litoralsp\/#website"},"primaryImageOfPage":{"@id":"https:\/\/redenoticiaz.com.br\/litoralsp\/2021\/11\/25\/declaracao-de-saude-para-quem-chega-ao-brasil-e-suspensa-pela-anvisa#primaryimage"},"image":{"@id":"https:\/\/redenoticiaz.com.br\/litoralsp\/2021\/11\/25\/declaracao-de-saude-para-quem-chega-ao-brasil-e-suspensa-pela-anvisa#primaryimage"},"thumbnailUrl":"https:\/\/redenoticiaz.com.br\/litoralsp\/wp-content\/uploads\/sites\/3\/2021\/11\/aeroporto-guarulhos-terminal2-910x559-1.jpg","datePublished":"2021-11-25T15:49:27+00:00","dateModified":"2021-11-25T15:55:08+00:00","description":"sistema de preenchimento online da Declara\u00e7\u00e3o de Sa\u00fade do Viajante (DSV) vem apresentando instabilidade. Por isso","inLanguage":"pt-BR","potentialAction":[{"@type":"ReadAction","target":["https:\/\/redenoticiaz.com.br\/litoralsp\/2021\/11\/25\/declaracao-de-saude-para-quem-chega-ao-brasil-e-suspensa-pela-anvisa"]}]},{"@type":"ImageObject","inLanguage":"pt-BR","@id":"https:\/\/redenoticiaz.com.br\/litoralsp\/2021\/11\/25\/declaracao-de-saude-para-quem-chega-ao-brasil-e-suspensa-pela-anvisa#primaryimage","url":"https:\/\/redenoticiaz.com.br\/litoralsp\/wp-content\/uploads\/sites\/3\/2021\/11\/aeroporto-guarulhos-terminal2-910x559-1.jpg","contentUrl":"https:\/\/redenoticiaz.com.br\/litoralsp\/wp-content\/uploads\/sites\/3\/2021\/11\/aeroporto-guarulhos-terminal2-910x559-1.jpg","width":910,"height":559,"caption":"Cr\u00e9ditos: Reprodu\u00e7\u00e3o."},{"@type":"WebSite","@id":"https:\/\/redenoticiaz.com.br\/litoralsp\/#website","url":"https:\/\/redenoticiaz.com.br\/litoralsp\/","name":"Litoral SP","description":"Rede NoticiaZ","publisher":{"@id":"https:\/\/redenoticiaz.com.br\/litoralsp\/#organization"},"potentialAction":[{"@type":"SearchAction","target":{"@type":"EntryPoint","urlTemplate":"https:\/\/redenoticiaz.com.br\/litoralsp\/?s={search_term_string}"},"query-input":{"@type":"PropertyValueSpecification","valueRequired":true,"valueName":"search_term_string"}}],"inLanguage":"pt-BR"},{"@type":"Organization","@id":"https:\/\/redenoticiaz.com.br\/litoralsp\/#organization","name":"Litoral SP","url":"https:\/\/redenoticiaz.com.br\/litoralsp\/","logo":{"@type":"ImageObject","inLanguage":"pt-BR","@id":"https:\/\/redenoticiaz.com.br\/litoralsp\/#\/schema\/logo\/image\/","url":"https:\/\/redenoticiaz.com.br\/litoralsp\/wp-content\/uploads\/sites\/3\/2020\/11\/logo.jpg","contentUrl":"https:\/\/redenoticiaz.com.br\/litoralsp\/wp-content\/uploads\/sites\/3\/2020\/11\/logo.jpg","width":400,"height":250,"caption":"Litoral SP"},"image":{"@id":"https:\/\/redenoticiaz.com.br\/litoralsp\/#\/schema\/logo\/image\/"}},{"@type":"Person","@id":"https:\/\/redenoticiaz.com.br\/litoralsp\/#\/schema\/person\/0f0b8a5bdafefe82841e07ae8d81ecb3","name":"Leonardo Francisco","image":{"@type":"ImageObject","inLanguage":"pt-BR","@id":"https:\/\/secure.gravatar.com\/avatar\/a7358cb406a99b682ec6df1e77e31ae82e63601f6784e8a3df411d72b37864da?s=96&d=mm&r=g","url":"https:\/\/secure.gravatar.com\/avatar\/a7358cb406a99b682ec6df1e77e31ae82e63601f6784e8a3df411d72b37864da?s=96&d=mm&r=g","contentUrl":"https:\/\/secure.gravatar.com\/avatar\/a7358cb406a99b682ec6df1e77e31ae82e63601f6784e8a3df411d72b37864da?s=96&d=mm&r=g","caption":"Leonardo Francisco"},"url":"https:\/\/redenoticiaz.com.br\/litoralsp\/author\/leonardo-francisco"}]}},"_links":{"self":[{"href":"https:\/\/redenoticiaz.com.br\/litoralsp\/wp-json\/wp\/v2\/posts\/18996","targetHints":{"allow":["GET"]}}],"collection":[{"href":"https:\/\/redenoticiaz.com.br\/litoralsp\/wp-json\/wp\/v2\/posts"}],"about":[{"href":"https:\/\/redenoticiaz.com.br\/litoralsp\/wp-json\/wp\/v2\/types\/post"}],"author":[{"embeddable":true,"href":"https:\/\/redenoticiaz.com.br\/litoralsp\/wp-json\/wp\/v2\/users\/6"}],"replies":[{"embeddable":true,"href":"https:\/\/redenoticiaz.com.br\/litoralsp\/wp-json\/wp\/v2\/comments?post=18996"}],"version-history":[{"count":1,"href":"https:\/\/redenoticiaz.com.br\/litoralsp\/wp-json\/wp\/v2\/posts\/18996\/revisions"}],"predecessor-version":[{"id":18998,"href":"https:\/\/redenoticiaz.com.br\/litoralsp\/wp-json\/wp\/v2\/posts\/18996\/revisions\/18998"}],"wp:featuredmedia":[{"embeddable":true,"href":"https:\/\/redenoticiaz.com.br\/litoralsp\/wp-json\/wp\/v2\/media\/18997"}],"wp:attachment":[{"href":"https:\/\/redenoticiaz.com.br\/litoralsp\/wp-json\/wp\/v2\/media?parent=18996"}],"wp:term":[{"taxonomy":"category","embeddable":true,"href":"https:\/\/redenoticiaz.com.br\/litoralsp\/wp-json\/wp\/v2\/categories?post=18996"},{"taxonomy":"post_tag","embeddable":true,"href":"https:\/\/redenoticiaz.com.br\/litoralsp\/wp-json\/wp\/v2\/tags?post=18996"}],"curies":[{"name":"wp","href":"https:\/\/api.w.org\/{rel}","templated":true}]}}