{"id":19259,"date":"2021-11-29T12:38:07","date_gmt":"2021-11-29T15:38:07","guid":{"rendered":"https:\/\/redenoticiaz.com.br\/litoralsp\/2021\/11\/29\/mais-de-4-milhoes-ainda-nao-tomaram-a-segunda-dose-da-vacina-em-sao-paulo"},"modified":"2021-11-29T12:42:50","modified_gmt":"2021-11-29T15:42:50","slug":"mais-de-4-milhoes-ainda-nao-tomaram-a-segunda-dose-da-vacina-em-sao-paulo","status":"publish","type":"post","link":"https:\/\/redenoticiaz.com.br\/litoralsp\/2021\/11\/29\/mais-de-4-milhoes-ainda-nao-tomaram-a-segunda-dose-da-vacina-em-sao-paulo","title":{"rendered":"Mais de 4 milh\u00f5es ainda n\u00e3o tomaram a segunda dose da vacina em S\u00e3o Paulo"},"content":{"rendered":"<p>Apesar do \u00edndice elevado da popula\u00e7\u00e3o vacinada contra a Covid-19 em <a href=\"https:\/\/www.saopaulo.sp.gov.br\/\">S\u00e3o Paulo<\/a>, ainda h\u00e1 um n\u00famero alto de pessoas que n\u00e3o completaram ciclo vacinal. S\u00e3o <strong>4,3 milh\u00f5es de pessoas que precisam tomar a segunda dose<\/strong> em todo o estado. O perigo \u00e9 com a quarta onda, especialmente sobre a variante \u00f4micron.<\/p>\n<p>Segundo o secret\u00e1riio Estadual de Sa\u00fade, Jean Gorinchteyn, em entrevista \u00e0 CNN, Segundo o secret\u00e1rio, a faixa et\u00e1ria de 12 a 29 anos \u00e9 a que mais n\u00e3o retornou aos postos de sa\u00fade para completar a imuniza\u00e7\u00e3o.<\/p>\n<p>&#8220;N\u00f3s temos que entender que o r\u00e9veillon j\u00e1 est\u00e1 nas nossas portas, que n\u00f3s precisamos vacinar, estamos vacinando muito, mas que precisamos vacinar mais. N\u00f3s chegamos aqui no estado de S\u00e3o Paulo a 75% da imuniza\u00e7\u00e3o completa de todas as faixas et\u00e1rias. Mas n\u00f3s temos 4,3 milh\u00f5es de pessoas ainda faltosas. Especialmente um p\u00fablico na faixa de 12 a 29 anos, que \u00e9 exatamente o p\u00fablico que sai, que vai para as festas, vai para a balada e faz circular os v\u00edrus.&#8221;.<\/p>\n<h3>Perigo da \u00f4micron<\/h3>\n<p>Sobre a variante \u00f4micron, o secret\u00e1rio de Sa\u00fade informou que S\u00e3o Paulo que o momento no estado \u00e9 de aten\u00e7\u00e3o. Para ele,\u00a0\u00e9 preciso conhecer melhor a variante e avaliar o impacto dela nos seis pa\u00edses do sul da \u00c1frica que tiveram mais casos da doen\u00e7a com essas muta\u00e7\u00f5es at\u00e9 o momento.<\/p>\n<p>\u201cO que temos de informa\u00e7\u00e3o \u00e9 que, a despeito de tudo, na maioria dos casos [a \u00d4micron] \u00e9 promotora de casos leves e sintomas brandos. A virul\u00eancia n\u00e3o foi t\u00e3o impactante mesmo encontrando uma popula\u00e7\u00e3o vulner\u00e1vel\u201d, disse. \u201cPor outro lado, o perfil de dissemina\u00e7\u00e3o foi maior\u201d.<\/p>\n<p>O secret\u00e1rio complementou que o Brasil \u201cn\u00e3o tem sequer um caso documentado\u201d at\u00e9 o momento. A suspeita analisada em S\u00e3o Paulo foi levantada ap\u00f3s o viajante fazer o teste da Covid-19 por contra pr\u00f3pria ao retornar, no s\u00e1bado (27), da \u00c1frica do Sul.<\/p>\n<p>O exame RT-PCR realizado pelo passageiro antes de embarcar havia dado negativo, e ele estava assintom\u00e1tico, disse Gorinchteyn.\u00a0\u201cEstamos atentos de forma milim\u00e9trica, di\u00e1ria a todos os \u00edndices e \u00e0s informa\u00e7\u00f5es da \u00d4micron\u201d, declarou.<\/p>\n<p><strong>LEIA TAMB\u00c9M<\/strong><\/p>\n<p><a href=\"https:\/\/redenoticiaz.com.br\/blog\/2021\/11\/29\/oms-alerta-para-risco-elevado-de-contagio-da-variante-omicron\">OMS alerta para risco elevado de cont\u00e1gio da variante \u00f4micron<\/a><\/p>\n","protected":false},"excerpt":{"rendered":"<p>Apesar do \u00edndice elevado da popula\u00e7\u00e3o vacinada contra a Covid-19 em S\u00e3o Paulo, ainda h\u00e1 um n\u00famero alto de pessoas que n\u00e3o completaram ciclo vacinal. S\u00e3o 4,3 milh\u00f5es de pessoas que precisam tomar a segunda dose em todo o estado. O perigo \u00e9 com a quarta onda, especialmente sobre a variante \u00f4micron. Segundo o secret\u00e1riio &hellip;<\/p>\n","protected":false},"author":6,"featured_media":19260,"comment_status":"open","ping_status":"closed","sticky":false,"template":"","format":"standard","meta":{"footnotes":""},"categories":[23],"tags":[9201,43655,1152,65,11479,43518],"class_list":["post-19259","post","type-post","status-publish","format-standard","has-post-thumbnail","hentry","category-saude","tag-alerta","tag-andamento-da-vacina","tag-governo-de-sao-paulo","tag-sao-paulo","tag-segunda-dose","tag-variante-omicron"],"yoast_head":"<!-- This site is optimized with the Yoast SEO plugin v27.4 - https:\/\/yoast.com\/product\/yoast-seo-wordpress\/ -->\n<title>Mais de 4 milh\u00f5es ainda n\u00e3o tomaram a segunda dose da vacina em S\u00e3o Paulo - Litoral SP<\/title>\n<meta name=\"description\" content=\"\u00edndice elevado da popula\u00e7\u00e3o vacinada contra a Covid-19 em S\u00e3o Paulo, ainda h\u00e1 um n\u00famero alto de pessoas que n\u00e3o completaram ciclo\" \/>\n<meta name=\"robots\" content=\"index, follow, max-snippet:-1, max-image-preview:large, max-video-preview:-1\" \/>\n<link rel=\"canonical\" href=\"https:\/\/redenoticiaz.com.br\/litoralsp\/2021\/11\/29\/mais-de-4-milhoes-ainda-nao-tomaram-a-segunda-dose-da-vacina-em-sao-paulo\" \/>\n<meta property=\"og:locale\" content=\"pt_BR\" \/>\n<meta property=\"og:type\" content=\"article\" \/>\n<meta property=\"og:title\" content=\"Mais de 4 milh\u00f5es ainda n\u00e3o tomaram a segunda dose da vacina em S\u00e3o Paulo - Litoral SP\" \/>\n<meta property=\"og:description\" content=\"\u00edndice elevado da popula\u00e7\u00e3o vacinada contra a Covid-19 em S\u00e3o Paulo, ainda h\u00e1 um n\u00famero alto de pessoas que n\u00e3o completaram ciclo\" \/>\n<meta property=\"og:url\" content=\"https:\/\/redenoticiaz.com.br\/litoralsp\/2021\/11\/29\/mais-de-4-milhoes-ainda-nao-tomaram-a-segunda-dose-da-vacina-em-sao-paulo\" \/>\n<meta property=\"og:site_name\" content=\"Litoral SP\" \/>\n<meta property=\"article:published_time\" content=\"2021-11-29T15:38:07+00:00\" \/>\n<meta property=\"article:modified_time\" content=\"2021-11-29T15:42:50+00:00\" \/>\n<meta property=\"og:image\" content=\"https:\/\/redenoticiaz.com.br\/litoralsp\/wp-content\/uploads\/sites\/3\/2021\/11\/jean.jpg\" \/>\n\t<meta property=\"og:image:width\" content=\"766\" \/>\n\t<meta property=\"og:image:height\" content=\"514\" \/>\n\t<meta property=\"og:image:type\" content=\"image\/jpeg\" \/>\n<meta name=\"author\" content=\"Leonardo Francisco\" \/>\n<meta name=\"twitter:card\" content=\"summary_large_image\" \/>\n<meta name=\"twitter:label1\" content=\"Escrito por\" \/>\n\t<meta name=\"twitter:data1\" content=\"Leonardo Francisco\" \/>\n\t<meta name=\"twitter:label2\" content=\"Est. tempo de leitura\" \/>\n\t<meta name=\"twitter:data2\" content=\"2 minutos\" \/>\n<script type=\"application\/ld+json\" class=\"yoast-schema-graph\">{\"@context\":\"https:\\\/\\\/schema.org\",\"@graph\":[{\"@type\":\"Article\",\"@id\":\"https:\\\/\\\/redenoticiaz.com.br\\\/litoralsp\\\/2021\\\/11\\\/29\\\/mais-de-4-milhoes-ainda-nao-tomaram-a-segunda-dose-da-vacina-em-sao-paulo#article\",\"isPartOf\":{\"@id\":\"https:\\\/\\\/redenoticiaz.com.br\\\/litoralsp\\\/2021\\\/11\\\/29\\\/mais-de-4-milhoes-ainda-nao-tomaram-a-segunda-dose-da-vacina-em-sao-paulo\"},\"author\":{\"name\":\"Leonardo Francisco\",\"@id\":\"https:\\\/\\\/redenoticiaz.com.br\\\/litoralsp\\\/#\\\/schema\\\/person\\\/0f0b8a5bdafefe82841e07ae8d81ecb3\"},\"headline\":\"Mais de 4 milh\u00f5es ainda n\u00e3o tomaram a segunda dose da vacina em S\u00e3o Paulo\",\"datePublished\":\"2021-11-29T15:38:07+00:00\",\"dateModified\":\"2021-11-29T15:42:50+00:00\",\"mainEntityOfPage\":{\"@id\":\"https:\\\/\\\/redenoticiaz.com.br\\\/litoralsp\\\/2021\\\/11\\\/29\\\/mais-de-4-milhoes-ainda-nao-tomaram-a-segunda-dose-da-vacina-em-sao-paulo\"},\"wordCount\":413,\"commentCount\":0,\"publisher\":{\"@id\":\"https:\\\/\\\/redenoticiaz.com.br\\\/litoralsp\\\/#organization\"},\"image\":{\"@id\":\"https:\\\/\\\/redenoticiaz.com.br\\\/litoralsp\\\/2021\\\/11\\\/29\\\/mais-de-4-milhoes-ainda-nao-tomaram-a-segunda-dose-da-vacina-em-sao-paulo#primaryimage\"},\"thumbnailUrl\":\"https:\\\/\\\/redenoticiaz.com.br\\\/litoralsp\\\/wp-content\\\/uploads\\\/sites\\\/3\\\/2021\\\/11\\\/jean.jpg\",\"keywords\":[\"ALERTA\",\"ANDAMENTO DA VACINA\",\"Governo de S\u00e3o Paulo\",\"S\u00e3o Paulo\",\"SEGUNDA DOSE\",\"VARIANTE \u00d4MICRON\"],\"articleSection\":[\"Sa\u00fade\"],\"inLanguage\":\"pt-BR\",\"potentialAction\":[{\"@type\":\"CommentAction\",\"name\":\"Comment\",\"target\":[\"https:\\\/\\\/redenoticiaz.com.br\\\/litoralsp\\\/2021\\\/11\\\/29\\\/mais-de-4-milhoes-ainda-nao-tomaram-a-segunda-dose-da-vacina-em-sao-paulo#respond\"]}]},{\"@type\":\"WebPage\",\"@id\":\"https:\\\/\\\/redenoticiaz.com.br\\\/litoralsp\\\/2021\\\/11\\\/29\\\/mais-de-4-milhoes-ainda-nao-tomaram-a-segunda-dose-da-vacina-em-sao-paulo\",\"url\":\"https:\\\/\\\/redenoticiaz.com.br\\\/litoralsp\\\/2021\\\/11\\\/29\\\/mais-de-4-milhoes-ainda-nao-tomaram-a-segunda-dose-da-vacina-em-sao-paulo\",\"name\":\"Mais de 4 milh\u00f5es ainda n\u00e3o tomaram a segunda dose da vacina em S\u00e3o Paulo - Litoral SP\",\"isPartOf\":{\"@id\":\"https:\\\/\\\/redenoticiaz.com.br\\\/litoralsp\\\/#website\"},\"primaryImageOfPage\":{\"@id\":\"https:\\\/\\\/redenoticiaz.com.br\\\/litoralsp\\\/2021\\\/11\\\/29\\\/mais-de-4-milhoes-ainda-nao-tomaram-a-segunda-dose-da-vacina-em-sao-paulo#primaryimage\"},\"image\":{\"@id\":\"https:\\\/\\\/redenoticiaz.com.br\\\/litoralsp\\\/2021\\\/11\\\/29\\\/mais-de-4-milhoes-ainda-nao-tomaram-a-segunda-dose-da-vacina-em-sao-paulo#primaryimage\"},\"thumbnailUrl\":\"https:\\\/\\\/redenoticiaz.com.br\\\/litoralsp\\\/wp-content\\\/uploads\\\/sites\\\/3\\\/2021\\\/11\\\/jean.jpg\",\"datePublished\":\"2021-11-29T15:38:07+00:00\",\"dateModified\":\"2021-11-29T15:42:50+00:00\",\"description\":\"\u00edndice elevado da popula\u00e7\u00e3o vacinada contra a Covid-19 em S\u00e3o Paulo, ainda h\u00e1 um n\u00famero alto de pessoas que n\u00e3o completaram ciclo\",\"inLanguage\":\"pt-BR\",\"potentialAction\":[{\"@type\":\"ReadAction\",\"target\":[\"https:\\\/\\\/redenoticiaz.com.br\\\/litoralsp\\\/2021\\\/11\\\/29\\\/mais-de-4-milhoes-ainda-nao-tomaram-a-segunda-dose-da-vacina-em-sao-paulo\"]}]},{\"@type\":\"ImageObject\",\"inLanguage\":\"pt-BR\",\"@id\":\"https:\\\/\\\/redenoticiaz.com.br\\\/litoralsp\\\/2021\\\/11\\\/29\\\/mais-de-4-milhoes-ainda-nao-tomaram-a-segunda-dose-da-vacina-em-sao-paulo#primaryimage\",\"url\":\"https:\\\/\\\/redenoticiaz.com.br\\\/litoralsp\\\/wp-content\\\/uploads\\\/sites\\\/3\\\/2021\\\/11\\\/jean.jpg\",\"contentUrl\":\"https:\\\/\\\/redenoticiaz.com.br\\\/litoralsp\\\/wp-content\\\/uploads\\\/sites\\\/3\\\/2021\\\/11\\\/jean.jpg\",\"width\":766,\"height\":514,\"caption\":\"Imuniza\u00e7\u00e3o completa \u00e9 fundamental contra a Covid e as variantes. cr\u00e9ditos: Divulga\u00e7\u00e3o\\\/Governo de S\u00e3o Paulo.\"},{\"@type\":\"WebSite\",\"@id\":\"https:\\\/\\\/redenoticiaz.com.br\\\/litoralsp\\\/#website\",\"url\":\"https:\\\/\\\/redenoticiaz.com.br\\\/litoralsp\\\/\",\"name\":\"Litoral SP\",\"description\":\"Rede NoticiaZ\",\"publisher\":{\"@id\":\"https:\\\/\\\/redenoticiaz.com.br\\\/litoralsp\\\/#organization\"},\"potentialAction\":[{\"@type\":\"SearchAction\",\"target\":{\"@type\":\"EntryPoint\",\"urlTemplate\":\"https:\\\/\\\/redenoticiaz.com.br\\\/litoralsp\\\/?s={search_term_string}\"},\"query-input\":{\"@type\":\"PropertyValueSpecification\",\"valueRequired\":true,\"valueName\":\"search_term_string\"}}],\"inLanguage\":\"pt-BR\"},{\"@type\":\"Organization\",\"@id\":\"https:\\\/\\\/redenoticiaz.com.br\\\/litoralsp\\\/#organization\",\"name\":\"Litoral SP\",\"url\":\"https:\\\/\\\/redenoticiaz.com.br\\\/litoralsp\\\/\",\"logo\":{\"@type\":\"ImageObject\",\"inLanguage\":\"pt-BR\",\"@id\":\"https:\\\/\\\/redenoticiaz.com.br\\\/litoralsp\\\/#\\\/schema\\\/logo\\\/image\\\/\",\"url\":\"https:\\\/\\\/redenoticiaz.com.br\\\/litoralsp\\\/wp-content\\\/uploads\\\/sites\\\/3\\\/2020\\\/11\\\/logo.jpg\",\"contentUrl\":\"https:\\\/\\\/redenoticiaz.com.br\\\/litoralsp\\\/wp-content\\\/uploads\\\/sites\\\/3\\\/2020\\\/11\\\/logo.jpg\",\"width\":400,\"height\":250,\"caption\":\"Litoral SP\"},\"image\":{\"@id\":\"https:\\\/\\\/redenoticiaz.com.br\\\/litoralsp\\\/#\\\/schema\\\/logo\\\/image\\\/\"}},{\"@type\":\"Person\",\"@id\":\"https:\\\/\\\/redenoticiaz.com.br\\\/litoralsp\\\/#\\\/schema\\\/person\\\/0f0b8a5bdafefe82841e07ae8d81ecb3\",\"name\":\"Leonardo Francisco\",\"image\":{\"@type\":\"ImageObject\",\"inLanguage\":\"pt-BR\",\"@id\":\"https:\\\/\\\/secure.gravatar.com\\\/avatar\\\/a7358cb406a99b682ec6df1e77e31ae82e63601f6784e8a3df411d72b37864da?s=96&d=mm&r=g\",\"url\":\"https:\\\/\\\/secure.gravatar.com\\\/avatar\\\/a7358cb406a99b682ec6df1e77e31ae82e63601f6784e8a3df411d72b37864da?s=96&d=mm&r=g\",\"contentUrl\":\"https:\\\/\\\/secure.gravatar.com\\\/avatar\\\/a7358cb406a99b682ec6df1e77e31ae82e63601f6784e8a3df411d72b37864da?s=96&d=mm&r=g\",\"caption\":\"Leonardo Francisco\"},\"url\":\"https:\\\/\\\/redenoticiaz.com.br\\\/litoralsp\\\/author\\\/leonardo-francisco\"}]}<\/script>\n<!-- \/ Yoast SEO plugin. -->","yoast_head_json":{"title":"Mais de 4 milh\u00f5es ainda n\u00e3o tomaram a segunda dose da vacina em S\u00e3o Paulo - Litoral SP","description":"\u00edndice elevado da popula\u00e7\u00e3o vacinada contra a Covid-19 em S\u00e3o Paulo, ainda h\u00e1 um n\u00famero alto de pessoas que n\u00e3o completaram ciclo","robots":{"index":"index","follow":"follow","max-snippet":"max-snippet:-1","max-image-preview":"max-image-preview:large","max-video-preview":"max-video-preview:-1"},"canonical":"https:\/\/redenoticiaz.com.br\/litoralsp\/2021\/11\/29\/mais-de-4-milhoes-ainda-nao-tomaram-a-segunda-dose-da-vacina-em-sao-paulo","og_locale":"pt_BR","og_type":"article","og_title":"Mais de 4 milh\u00f5es ainda n\u00e3o tomaram a segunda dose da vacina em S\u00e3o Paulo - Litoral SP","og_description":"\u00edndice elevado da popula\u00e7\u00e3o vacinada contra a Covid-19 em S\u00e3o Paulo, ainda h\u00e1 um n\u00famero alto de pessoas que n\u00e3o completaram ciclo","og_url":"https:\/\/redenoticiaz.com.br\/litoralsp\/2021\/11\/29\/mais-de-4-milhoes-ainda-nao-tomaram-a-segunda-dose-da-vacina-em-sao-paulo","og_site_name":"Litoral SP","article_published_time":"2021-11-29T15:38:07+00:00","article_modified_time":"2021-11-29T15:42:50+00:00","og_image":[{"width":766,"height":514,"url":"https:\/\/redenoticiaz.com.br\/litoralsp\/wp-content\/uploads\/sites\/3\/2021\/11\/jean.jpg","type":"image\/jpeg"}],"author":"Leonardo Francisco","twitter_card":"summary_large_image","twitter_misc":{"Escrito por":"Leonardo Francisco","Est. tempo de leitura":"2 minutos"},"schema":{"@context":"https:\/\/schema.org","@graph":[{"@type":"Article","@id":"https:\/\/redenoticiaz.com.br\/litoralsp\/2021\/11\/29\/mais-de-4-milhoes-ainda-nao-tomaram-a-segunda-dose-da-vacina-em-sao-paulo#article","isPartOf":{"@id":"https:\/\/redenoticiaz.com.br\/litoralsp\/2021\/11\/29\/mais-de-4-milhoes-ainda-nao-tomaram-a-segunda-dose-da-vacina-em-sao-paulo"},"author":{"name":"Leonardo Francisco","@id":"https:\/\/redenoticiaz.com.br\/litoralsp\/#\/schema\/person\/0f0b8a5bdafefe82841e07ae8d81ecb3"},"headline":"Mais de 4 milh\u00f5es ainda n\u00e3o tomaram a segunda dose da vacina em S\u00e3o Paulo","datePublished":"2021-11-29T15:38:07+00:00","dateModified":"2021-11-29T15:42:50+00:00","mainEntityOfPage":{"@id":"https:\/\/redenoticiaz.com.br\/litoralsp\/2021\/11\/29\/mais-de-4-milhoes-ainda-nao-tomaram-a-segunda-dose-da-vacina-em-sao-paulo"},"wordCount":413,"commentCount":0,"publisher":{"@id":"https:\/\/redenoticiaz.com.br\/litoralsp\/#organization"},"image":{"@id":"https:\/\/redenoticiaz.com.br\/litoralsp\/2021\/11\/29\/mais-de-4-milhoes-ainda-nao-tomaram-a-segunda-dose-da-vacina-em-sao-paulo#primaryimage"},"thumbnailUrl":"https:\/\/redenoticiaz.com.br\/litoralsp\/wp-content\/uploads\/sites\/3\/2021\/11\/jean.jpg","keywords":["ALERTA","ANDAMENTO DA VACINA","Governo de S\u00e3o Paulo","S\u00e3o Paulo","SEGUNDA DOSE","VARIANTE \u00d4MICRON"],"articleSection":["Sa\u00fade"],"inLanguage":"pt-BR","potentialAction":[{"@type":"CommentAction","name":"Comment","target":["https:\/\/redenoticiaz.com.br\/litoralsp\/2021\/11\/29\/mais-de-4-milhoes-ainda-nao-tomaram-a-segunda-dose-da-vacina-em-sao-paulo#respond"]}]},{"@type":"WebPage","@id":"https:\/\/redenoticiaz.com.br\/litoralsp\/2021\/11\/29\/mais-de-4-milhoes-ainda-nao-tomaram-a-segunda-dose-da-vacina-em-sao-paulo","url":"https:\/\/redenoticiaz.com.br\/litoralsp\/2021\/11\/29\/mais-de-4-milhoes-ainda-nao-tomaram-a-segunda-dose-da-vacina-em-sao-paulo","name":"Mais de 4 milh\u00f5es ainda n\u00e3o tomaram a segunda dose da vacina em S\u00e3o Paulo - Litoral SP","isPartOf":{"@id":"https:\/\/redenoticiaz.com.br\/litoralsp\/#website"},"primaryImageOfPage":{"@id":"https:\/\/redenoticiaz.com.br\/litoralsp\/2021\/11\/29\/mais-de-4-milhoes-ainda-nao-tomaram-a-segunda-dose-da-vacina-em-sao-paulo#primaryimage"},"image":{"@id":"https:\/\/redenoticiaz.com.br\/litoralsp\/2021\/11\/29\/mais-de-4-milhoes-ainda-nao-tomaram-a-segunda-dose-da-vacina-em-sao-paulo#primaryimage"},"thumbnailUrl":"https:\/\/redenoticiaz.com.br\/litoralsp\/wp-content\/uploads\/sites\/3\/2021\/11\/jean.jpg","datePublished":"2021-11-29T15:38:07+00:00","dateModified":"2021-11-29T15:42:50+00:00","description":"\u00edndice elevado da popula\u00e7\u00e3o vacinada contra a Covid-19 em S\u00e3o Paulo, ainda h\u00e1 um n\u00famero alto de pessoas que n\u00e3o completaram ciclo","inLanguage":"pt-BR","potentialAction":[{"@type":"ReadAction","target":["https:\/\/redenoticiaz.com.br\/litoralsp\/2021\/11\/29\/mais-de-4-milhoes-ainda-nao-tomaram-a-segunda-dose-da-vacina-em-sao-paulo"]}]},{"@type":"ImageObject","inLanguage":"pt-BR","@id":"https:\/\/redenoticiaz.com.br\/litoralsp\/2021\/11\/29\/mais-de-4-milhoes-ainda-nao-tomaram-a-segunda-dose-da-vacina-em-sao-paulo#primaryimage","url":"https:\/\/redenoticiaz.com.br\/litoralsp\/wp-content\/uploads\/sites\/3\/2021\/11\/jean.jpg","contentUrl":"https:\/\/redenoticiaz.com.br\/litoralsp\/wp-content\/uploads\/sites\/3\/2021\/11\/jean.jpg","width":766,"height":514,"caption":"Imuniza\u00e7\u00e3o completa \u00e9 fundamental contra a Covid e as variantes. cr\u00e9ditos: Divulga\u00e7\u00e3o\/Governo de S\u00e3o Paulo."},{"@type":"WebSite","@id":"https:\/\/redenoticiaz.com.br\/litoralsp\/#website","url":"https:\/\/redenoticiaz.com.br\/litoralsp\/","name":"Litoral SP","description":"Rede NoticiaZ","publisher":{"@id":"https:\/\/redenoticiaz.com.br\/litoralsp\/#organization"},"potentialAction":[{"@type":"SearchAction","target":{"@type":"EntryPoint","urlTemplate":"https:\/\/redenoticiaz.com.br\/litoralsp\/?s={search_term_string}"},"query-input":{"@type":"PropertyValueSpecification","valueRequired":true,"valueName":"search_term_string"}}],"inLanguage":"pt-BR"},{"@type":"Organization","@id":"https:\/\/redenoticiaz.com.br\/litoralsp\/#organization","name":"Litoral SP","url":"https:\/\/redenoticiaz.com.br\/litoralsp\/","logo":{"@type":"ImageObject","inLanguage":"pt-BR","@id":"https:\/\/redenoticiaz.com.br\/litoralsp\/#\/schema\/logo\/image\/","url":"https:\/\/redenoticiaz.com.br\/litoralsp\/wp-content\/uploads\/sites\/3\/2020\/11\/logo.jpg","contentUrl":"https:\/\/redenoticiaz.com.br\/litoralsp\/wp-content\/uploads\/sites\/3\/2020\/11\/logo.jpg","width":400,"height":250,"caption":"Litoral SP"},"image":{"@id":"https:\/\/redenoticiaz.com.br\/litoralsp\/#\/schema\/logo\/image\/"}},{"@type":"Person","@id":"https:\/\/redenoticiaz.com.br\/litoralsp\/#\/schema\/person\/0f0b8a5bdafefe82841e07ae8d81ecb3","name":"Leonardo Francisco","image":{"@type":"ImageObject","inLanguage":"pt-BR","@id":"https:\/\/secure.gravatar.com\/avatar\/a7358cb406a99b682ec6df1e77e31ae82e63601f6784e8a3df411d72b37864da?s=96&d=mm&r=g","url":"https:\/\/secure.gravatar.com\/avatar\/a7358cb406a99b682ec6df1e77e31ae82e63601f6784e8a3df411d72b37864da?s=96&d=mm&r=g","contentUrl":"https:\/\/secure.gravatar.com\/avatar\/a7358cb406a99b682ec6df1e77e31ae82e63601f6784e8a3df411d72b37864da?s=96&d=mm&r=g","caption":"Leonardo Francisco"},"url":"https:\/\/redenoticiaz.com.br\/litoralsp\/author\/leonardo-francisco"}]}},"_links":{"self":[{"href":"https:\/\/redenoticiaz.com.br\/litoralsp\/wp-json\/wp\/v2\/posts\/19259","targetHints":{"allow":["GET"]}}],"collection":[{"href":"https:\/\/redenoticiaz.com.br\/litoralsp\/wp-json\/wp\/v2\/posts"}],"about":[{"href":"https:\/\/redenoticiaz.com.br\/litoralsp\/wp-json\/wp\/v2\/types\/post"}],"author":[{"embeddable":true,"href":"https:\/\/redenoticiaz.com.br\/litoralsp\/wp-json\/wp\/v2\/users\/6"}],"replies":[{"embeddable":true,"href":"https:\/\/redenoticiaz.com.br\/litoralsp\/wp-json\/wp\/v2\/comments?post=19259"}],"version-history":[{"count":1,"href":"https:\/\/redenoticiaz.com.br\/litoralsp\/wp-json\/wp\/v2\/posts\/19259\/revisions"}],"predecessor-version":[{"id":19261,"href":"https:\/\/redenoticiaz.com.br\/litoralsp\/wp-json\/wp\/v2\/posts\/19259\/revisions\/19261"}],"wp:featuredmedia":[{"embeddable":true,"href":"https:\/\/redenoticiaz.com.br\/litoralsp\/wp-json\/wp\/v2\/media\/19260"}],"wp:attachment":[{"href":"https:\/\/redenoticiaz.com.br\/litoralsp\/wp-json\/wp\/v2\/media?parent=19259"}],"wp:term":[{"taxonomy":"category","embeddable":true,"href":"https:\/\/redenoticiaz.com.br\/litoralsp\/wp-json\/wp\/v2\/categories?post=19259"},{"taxonomy":"post_tag","embeddable":true,"href":"https:\/\/redenoticiaz.com.br\/litoralsp\/wp-json\/wp\/v2\/tags?post=19259"}],"curies":[{"name":"wp","href":"https:\/\/api.w.org\/{rel}","templated":true}]}}