{"id":19262,"date":"2021-11-29T12:54:35","date_gmt":"2021-11-29T15:54:35","guid":{"rendered":"https:\/\/redenoticiaz.com.br\/litoralsp\/2021\/11\/29\/acordo-para-a-compra-de-100-miloes-de-doses-da-pfizer-e-assinado-pelo-ministerio-da-saude"},"modified":"2021-11-29T12:57:13","modified_gmt":"2021-11-29T15:57:13","slug":"acordo-para-a-compra-de-100-miloes-de-doses-da-pfizer-e-assinado-pelo-ministerio-da-saude","status":"publish","type":"post","link":"https:\/\/redenoticiaz.com.br\/litoralsp\/2021\/11\/29\/acordo-para-a-compra-de-100-miloes-de-doses-da-pfizer-e-assinado-pelo-ministerio-da-saude","title":{"rendered":"Acordo para a compra de 100 mil\u00f5es de doses da Pfizer \u00e9 assinado pelo Minist\u00e9rio da Sa\u00fade"},"content":{"rendered":"<p>Nesta segunda-feira (29), o ministro da Sa\u00fade, Marcelo Queiroga esteve em <a href=\"http:\/\/www.salvador.ba.gov.br\/\">Salvador<\/a>, na Bahia e assinou o acordo com a Pfizer para a compra de <strong>mais 100 milh\u00f5es de doses<\/strong> da vacina contra a Covid-19. A entrega da nova remessa de doses deve acontecer no in\u00edcio de 2022.<\/p>\n<p>De acordo com a presidente da Pfizer Brasil, Marta D\u00edez, al\u00e9m das 100 milh\u00f5es de doses, o contrato tamb\u00e9m prev\u00ea o aumento da quantidade de imunizantes. Al\u00e9m disso, h\u00e1 a possibilidade de modifica\u00e7\u00f5es para atender demandas de novas variantes. Desde que realmeente seja necess\u00e1rio.<\/p>\n<div class=\"mc-column content-text active-extra-styles \" data-block-type=\"unstyled\" data-block-weight=\"58\" data-block-id=\"4\">\n<p class=\"content-text__container \" data-track-category=\"Link no Texto\" data-track-links=\"\">&#8220;O acordo prev\u00ea ainda a op\u00e7\u00e3o de aumentar o n\u00famero de doses previstas para imunizar o pa\u00eds em mais de 50 milh\u00f5es de vacinas adicionais, elevando o n\u00famero total de vacinas em doses potenciais para 150 milh\u00f5es de doses, em 2022. Isto inclui a possibilidade de fornecimento de vers\u00f5es modificadas dos imunizantes, contra novas variantes&#8221;, explicou ela.<\/p>\n<p data-track-category=\"Link no Texto\" data-track-links=\"\"><strong>LEIA TAMB\u00c9M<\/strong><\/p>\n<p data-track-category=\"Link no Texto\" data-track-links=\"\"><a href=\"https:\/\/redenoticiaz.com.br\/blog\/2021\/11\/29\/mais-de-4-milhoes-ainda-nao-tomaram-a-segunda-dose-da-vacina-em-sao-paulo\">Mais de 4 milh\u00f5es ainda n\u00e3o tomaram a segunda dose da vacina em S\u00e3o Paulo<\/a><\/p>\n<\/div>\n","protected":false},"excerpt":{"rendered":"<p>Nesta segunda-feira (29), o ministro da Sa\u00fade, Marcelo Queiroga esteve em Salvador, na Bahia e assinou o acordo com a Pfizer para a compra de mais 100 milh\u00f5es de doses da vacina contra a Covid-19. A entrega da nova remessa de doses deve acontecer no in\u00edcio de 2022. De acordo com a presidente da Pfizer &hellip;<\/p>\n","protected":false},"author":6,"featured_media":19263,"comment_status":"open","ping_status":"closed","sticky":false,"template":"","format":"standard","meta":{"footnotes":""},"categories":[23],"tags":[21619,4421,43658,1810,1249,4428],"class_list":["post-19262","post","type-post","status-publish","format-standard","has-post-thumbnail","hentry","category-saude","tag-acordo-de-compra","tag-bahia","tag-doses-da-vaicna-pfizer","tag-ministerio-da-saude","tag-pfizer","tag-salvador"],"yoast_head":"<!-- This site is optimized with the Yoast SEO plugin v27.4 - https:\/\/yoast.com\/product\/yoast-seo-wordpress\/ -->\n<title>Acordo para a compra de 100 mil\u00f5es de doses da Pfizer \u00e9 assinado pelo Minist\u00e9rio da Sa\u00fade - Litoral SP<\/title>\n<meta name=\"description\" content=\"Marcelo Queiroga esteve em Salvador, na Bahia e assinou o acordo com a Pfizer para a compra de mais 100 milh\u00f5es de doses da\" \/>\n<meta name=\"robots\" content=\"index, follow, max-snippet:-1, max-image-preview:large, max-video-preview:-1\" \/>\n<link rel=\"canonical\" href=\"https:\/\/redenoticiaz.com.br\/litoralsp\/2021\/11\/29\/acordo-para-a-compra-de-100-miloes-de-doses-da-pfizer-e-assinado-pelo-ministerio-da-saude\" \/>\n<meta property=\"og:locale\" content=\"pt_BR\" \/>\n<meta property=\"og:type\" content=\"article\" \/>\n<meta property=\"og:title\" content=\"Acordo para a compra de 100 mil\u00f5es de doses da Pfizer \u00e9 assinado pelo Minist\u00e9rio da Sa\u00fade - Litoral SP\" \/>\n<meta property=\"og:description\" content=\"Marcelo Queiroga esteve em Salvador, na Bahia e assinou o acordo com a Pfizer para a compra de mais 100 milh\u00f5es de doses da\" \/>\n<meta property=\"og:url\" content=\"https:\/\/redenoticiaz.com.br\/litoralsp\/2021\/11\/29\/acordo-para-a-compra-de-100-miloes-de-doses-da-pfizer-e-assinado-pelo-ministerio-da-saude\" \/>\n<meta property=\"og:site_name\" content=\"Litoral SP\" \/>\n<meta property=\"article:published_time\" content=\"2021-11-29T15:54:35+00:00\" \/>\n<meta property=\"article:modified_time\" content=\"2021-11-29T15:57:13+00:00\" \/>\n<meta property=\"og:image\" content=\"https:\/\/redenoticiaz.com.br\/litoralsp\/wp-content\/uploads\/sites\/3\/2021\/11\/bahia.jpeg\" \/>\n\t<meta property=\"og:image:width\" content=\"984\" \/>\n\t<meta property=\"og:image:height\" content=\"443\" \/>\n\t<meta property=\"og:image:type\" content=\"image\/jpeg\" \/>\n<meta name=\"author\" content=\"Leonardo Francisco\" \/>\n<meta name=\"twitter:card\" content=\"summary_large_image\" \/>\n<meta name=\"twitter:label1\" content=\"Escrito por\" \/>\n\t<meta name=\"twitter:data1\" content=\"Leonardo Francisco\" \/>\n\t<meta name=\"twitter:label2\" content=\"Est. tempo de leitura\" \/>\n\t<meta name=\"twitter:data2\" content=\"1 minuto\" \/>\n<script type=\"application\/ld+json\" class=\"yoast-schema-graph\">{\"@context\":\"https:\\\/\\\/schema.org\",\"@graph\":[{\"@type\":\"Article\",\"@id\":\"https:\\\/\\\/redenoticiaz.com.br\\\/litoralsp\\\/2021\\\/11\\\/29\\\/acordo-para-a-compra-de-100-miloes-de-doses-da-pfizer-e-assinado-pelo-ministerio-da-saude#article\",\"isPartOf\":{\"@id\":\"https:\\\/\\\/redenoticiaz.com.br\\\/litoralsp\\\/2021\\\/11\\\/29\\\/acordo-para-a-compra-de-100-miloes-de-doses-da-pfizer-e-assinado-pelo-ministerio-da-saude\"},\"author\":{\"name\":\"Leonardo Francisco\",\"@id\":\"https:\\\/\\\/redenoticiaz.com.br\\\/litoralsp\\\/#\\\/schema\\\/person\\\/0f0b8a5bdafefe82841e07ae8d81ecb3\"},\"headline\":\"Acordo para a compra de 100 mil\u00f5es de doses da Pfizer \u00e9 assinado pelo Minist\u00e9rio da Sa\u00fade\",\"datePublished\":\"2021-11-29T15:54:35+00:00\",\"dateModified\":\"2021-11-29T15:57:13+00:00\",\"mainEntityOfPage\":{\"@id\":\"https:\\\/\\\/redenoticiaz.com.br\\\/litoralsp\\\/2021\\\/11\\\/29\\\/acordo-para-a-compra-de-100-miloes-de-doses-da-pfizer-e-assinado-pelo-ministerio-da-saude\"},\"wordCount\":197,\"commentCount\":0,\"publisher\":{\"@id\":\"https:\\\/\\\/redenoticiaz.com.br\\\/litoralsp\\\/#organization\"},\"image\":{\"@id\":\"https:\\\/\\\/redenoticiaz.com.br\\\/litoralsp\\\/2021\\\/11\\\/29\\\/acordo-para-a-compra-de-100-miloes-de-doses-da-pfizer-e-assinado-pelo-ministerio-da-saude#primaryimage\"},\"thumbnailUrl\":\"https:\\\/\\\/redenoticiaz.com.br\\\/litoralsp\\\/wp-content\\\/uploads\\\/sites\\\/3\\\/2021\\\/11\\\/bahia.jpeg\",\"keywords\":[\"ACORDO DE COMPRA\",\"BAHIA\",\"DOSES DA VAICNA PFIZER\",\"Minist\u00e9rio da Sa\u00fade\",\"Pfizer\",\"SALVADOR\"],\"articleSection\":[\"Sa\u00fade\"],\"inLanguage\":\"pt-BR\",\"potentialAction\":[{\"@type\":\"CommentAction\",\"name\":\"Comment\",\"target\":[\"https:\\\/\\\/redenoticiaz.com.br\\\/litoralsp\\\/2021\\\/11\\\/29\\\/acordo-para-a-compra-de-100-miloes-de-doses-da-pfizer-e-assinado-pelo-ministerio-da-saude#respond\"]}]},{\"@type\":\"WebPage\",\"@id\":\"https:\\\/\\\/redenoticiaz.com.br\\\/litoralsp\\\/2021\\\/11\\\/29\\\/acordo-para-a-compra-de-100-miloes-de-doses-da-pfizer-e-assinado-pelo-ministerio-da-saude\",\"url\":\"https:\\\/\\\/redenoticiaz.com.br\\\/litoralsp\\\/2021\\\/11\\\/29\\\/acordo-para-a-compra-de-100-miloes-de-doses-da-pfizer-e-assinado-pelo-ministerio-da-saude\",\"name\":\"Acordo para a compra de 100 mil\u00f5es de doses da Pfizer \u00e9 assinado pelo Minist\u00e9rio da Sa\u00fade - Litoral SP\",\"isPartOf\":{\"@id\":\"https:\\\/\\\/redenoticiaz.com.br\\\/litoralsp\\\/#website\"},\"primaryImageOfPage\":{\"@id\":\"https:\\\/\\\/redenoticiaz.com.br\\\/litoralsp\\\/2021\\\/11\\\/29\\\/acordo-para-a-compra-de-100-miloes-de-doses-da-pfizer-e-assinado-pelo-ministerio-da-saude#primaryimage\"},\"image\":{\"@id\":\"https:\\\/\\\/redenoticiaz.com.br\\\/litoralsp\\\/2021\\\/11\\\/29\\\/acordo-para-a-compra-de-100-miloes-de-doses-da-pfizer-e-assinado-pelo-ministerio-da-saude#primaryimage\"},\"thumbnailUrl\":\"https:\\\/\\\/redenoticiaz.com.br\\\/litoralsp\\\/wp-content\\\/uploads\\\/sites\\\/3\\\/2021\\\/11\\\/bahia.jpeg\",\"datePublished\":\"2021-11-29T15:54:35+00:00\",\"dateModified\":\"2021-11-29T15:57:13+00:00\",\"description\":\"Marcelo Queiroga esteve em Salvador, na Bahia e assinou o acordo com a Pfizer para a compra de mais 100 milh\u00f5es de doses da\",\"inLanguage\":\"pt-BR\",\"potentialAction\":[{\"@type\":\"ReadAction\",\"target\":[\"https:\\\/\\\/redenoticiaz.com.br\\\/litoralsp\\\/2021\\\/11\\\/29\\\/acordo-para-a-compra-de-100-miloes-de-doses-da-pfizer-e-assinado-pelo-ministerio-da-saude\"]}]},{\"@type\":\"ImageObject\",\"inLanguage\":\"pt-BR\",\"@id\":\"https:\\\/\\\/redenoticiaz.com.br\\\/litoralsp\\\/2021\\\/11\\\/29\\\/acordo-para-a-compra-de-100-miloes-de-doses-da-pfizer-e-assinado-pelo-ministerio-da-saude#primaryimage\",\"url\":\"https:\\\/\\\/redenoticiaz.com.br\\\/litoralsp\\\/wp-content\\\/uploads\\\/sites\\\/3\\\/2021\\\/11\\\/bahia.jpeg\",\"contentUrl\":\"https:\\\/\\\/redenoticiaz.com.br\\\/litoralsp\\\/wp-content\\\/uploads\\\/sites\\\/3\\\/2021\\\/11\\\/bahia.jpeg\",\"width\":984,\"height\":443,\"caption\":\"Assinatura do acordo contou com a participa\u00e7\u00e3o de outras autoridades. Cr\u00e9ditos: Reprodu\u00e7\u00e3o.\"},{\"@type\":\"WebSite\",\"@id\":\"https:\\\/\\\/redenoticiaz.com.br\\\/litoralsp\\\/#website\",\"url\":\"https:\\\/\\\/redenoticiaz.com.br\\\/litoralsp\\\/\",\"name\":\"Litoral SP\",\"description\":\"Rede NoticiaZ\",\"publisher\":{\"@id\":\"https:\\\/\\\/redenoticiaz.com.br\\\/litoralsp\\\/#organization\"},\"potentialAction\":[{\"@type\":\"SearchAction\",\"target\":{\"@type\":\"EntryPoint\",\"urlTemplate\":\"https:\\\/\\\/redenoticiaz.com.br\\\/litoralsp\\\/?s={search_term_string}\"},\"query-input\":{\"@type\":\"PropertyValueSpecification\",\"valueRequired\":true,\"valueName\":\"search_term_string\"}}],\"inLanguage\":\"pt-BR\"},{\"@type\":\"Organization\",\"@id\":\"https:\\\/\\\/redenoticiaz.com.br\\\/litoralsp\\\/#organization\",\"name\":\"Litoral SP\",\"url\":\"https:\\\/\\\/redenoticiaz.com.br\\\/litoralsp\\\/\",\"logo\":{\"@type\":\"ImageObject\",\"inLanguage\":\"pt-BR\",\"@id\":\"https:\\\/\\\/redenoticiaz.com.br\\\/litoralsp\\\/#\\\/schema\\\/logo\\\/image\\\/\",\"url\":\"https:\\\/\\\/redenoticiaz.com.br\\\/litoralsp\\\/wp-content\\\/uploads\\\/sites\\\/3\\\/2020\\\/11\\\/logo.jpg\",\"contentUrl\":\"https:\\\/\\\/redenoticiaz.com.br\\\/litoralsp\\\/wp-content\\\/uploads\\\/sites\\\/3\\\/2020\\\/11\\\/logo.jpg\",\"width\":400,\"height\":250,\"caption\":\"Litoral SP\"},\"image\":{\"@id\":\"https:\\\/\\\/redenoticiaz.com.br\\\/litoralsp\\\/#\\\/schema\\\/logo\\\/image\\\/\"}},{\"@type\":\"Person\",\"@id\":\"https:\\\/\\\/redenoticiaz.com.br\\\/litoralsp\\\/#\\\/schema\\\/person\\\/0f0b8a5bdafefe82841e07ae8d81ecb3\",\"name\":\"Leonardo Francisco\",\"image\":{\"@type\":\"ImageObject\",\"inLanguage\":\"pt-BR\",\"@id\":\"https:\\\/\\\/secure.gravatar.com\\\/avatar\\\/a7358cb406a99b682ec6df1e77e31ae82e63601f6784e8a3df411d72b37864da?s=96&d=mm&r=g\",\"url\":\"https:\\\/\\\/secure.gravatar.com\\\/avatar\\\/a7358cb406a99b682ec6df1e77e31ae82e63601f6784e8a3df411d72b37864da?s=96&d=mm&r=g\",\"contentUrl\":\"https:\\\/\\\/secure.gravatar.com\\\/avatar\\\/a7358cb406a99b682ec6df1e77e31ae82e63601f6784e8a3df411d72b37864da?s=96&d=mm&r=g\",\"caption\":\"Leonardo Francisco\"},\"url\":\"https:\\\/\\\/redenoticiaz.com.br\\\/litoralsp\\\/author\\\/leonardo-francisco\"}]}<\/script>\n<!-- \/ Yoast SEO plugin. -->","yoast_head_json":{"title":"Acordo para a compra de 100 mil\u00f5es de doses da Pfizer \u00e9 assinado pelo Minist\u00e9rio da Sa\u00fade - Litoral SP","description":"Marcelo Queiroga esteve em Salvador, na Bahia e assinou o acordo com a Pfizer para a compra de mais 100 milh\u00f5es de doses da","robots":{"index":"index","follow":"follow","max-snippet":"max-snippet:-1","max-image-preview":"max-image-preview:large","max-video-preview":"max-video-preview:-1"},"canonical":"https:\/\/redenoticiaz.com.br\/litoralsp\/2021\/11\/29\/acordo-para-a-compra-de-100-miloes-de-doses-da-pfizer-e-assinado-pelo-ministerio-da-saude","og_locale":"pt_BR","og_type":"article","og_title":"Acordo para a compra de 100 mil\u00f5es de doses da Pfizer \u00e9 assinado pelo Minist\u00e9rio da Sa\u00fade - Litoral SP","og_description":"Marcelo Queiroga esteve em Salvador, na Bahia e assinou o acordo com a Pfizer para a compra de mais 100 milh\u00f5es de doses da","og_url":"https:\/\/redenoticiaz.com.br\/litoralsp\/2021\/11\/29\/acordo-para-a-compra-de-100-miloes-de-doses-da-pfizer-e-assinado-pelo-ministerio-da-saude","og_site_name":"Litoral SP","article_published_time":"2021-11-29T15:54:35+00:00","article_modified_time":"2021-11-29T15:57:13+00:00","og_image":[{"width":984,"height":443,"url":"https:\/\/redenoticiaz.com.br\/litoralsp\/wp-content\/uploads\/sites\/3\/2021\/11\/bahia.jpeg","type":"image\/jpeg"}],"author":"Leonardo Francisco","twitter_card":"summary_large_image","twitter_misc":{"Escrito por":"Leonardo Francisco","Est. tempo de leitura":"1 minuto"},"schema":{"@context":"https:\/\/schema.org","@graph":[{"@type":"Article","@id":"https:\/\/redenoticiaz.com.br\/litoralsp\/2021\/11\/29\/acordo-para-a-compra-de-100-miloes-de-doses-da-pfizer-e-assinado-pelo-ministerio-da-saude#article","isPartOf":{"@id":"https:\/\/redenoticiaz.com.br\/litoralsp\/2021\/11\/29\/acordo-para-a-compra-de-100-miloes-de-doses-da-pfizer-e-assinado-pelo-ministerio-da-saude"},"author":{"name":"Leonardo Francisco","@id":"https:\/\/redenoticiaz.com.br\/litoralsp\/#\/schema\/person\/0f0b8a5bdafefe82841e07ae8d81ecb3"},"headline":"Acordo para a compra de 100 mil\u00f5es de doses da Pfizer \u00e9 assinado pelo Minist\u00e9rio da Sa\u00fade","datePublished":"2021-11-29T15:54:35+00:00","dateModified":"2021-11-29T15:57:13+00:00","mainEntityOfPage":{"@id":"https:\/\/redenoticiaz.com.br\/litoralsp\/2021\/11\/29\/acordo-para-a-compra-de-100-miloes-de-doses-da-pfizer-e-assinado-pelo-ministerio-da-saude"},"wordCount":197,"commentCount":0,"publisher":{"@id":"https:\/\/redenoticiaz.com.br\/litoralsp\/#organization"},"image":{"@id":"https:\/\/redenoticiaz.com.br\/litoralsp\/2021\/11\/29\/acordo-para-a-compra-de-100-miloes-de-doses-da-pfizer-e-assinado-pelo-ministerio-da-saude#primaryimage"},"thumbnailUrl":"https:\/\/redenoticiaz.com.br\/litoralsp\/wp-content\/uploads\/sites\/3\/2021\/11\/bahia.jpeg","keywords":["ACORDO DE COMPRA","BAHIA","DOSES DA VAICNA PFIZER","Minist\u00e9rio da Sa\u00fade","Pfizer","SALVADOR"],"articleSection":["Sa\u00fade"],"inLanguage":"pt-BR","potentialAction":[{"@type":"CommentAction","name":"Comment","target":["https:\/\/redenoticiaz.com.br\/litoralsp\/2021\/11\/29\/acordo-para-a-compra-de-100-miloes-de-doses-da-pfizer-e-assinado-pelo-ministerio-da-saude#respond"]}]},{"@type":"WebPage","@id":"https:\/\/redenoticiaz.com.br\/litoralsp\/2021\/11\/29\/acordo-para-a-compra-de-100-miloes-de-doses-da-pfizer-e-assinado-pelo-ministerio-da-saude","url":"https:\/\/redenoticiaz.com.br\/litoralsp\/2021\/11\/29\/acordo-para-a-compra-de-100-miloes-de-doses-da-pfizer-e-assinado-pelo-ministerio-da-saude","name":"Acordo para a compra de 100 mil\u00f5es de doses da Pfizer \u00e9 assinado pelo Minist\u00e9rio da Sa\u00fade - Litoral SP","isPartOf":{"@id":"https:\/\/redenoticiaz.com.br\/litoralsp\/#website"},"primaryImageOfPage":{"@id":"https:\/\/redenoticiaz.com.br\/litoralsp\/2021\/11\/29\/acordo-para-a-compra-de-100-miloes-de-doses-da-pfizer-e-assinado-pelo-ministerio-da-saude#primaryimage"},"image":{"@id":"https:\/\/redenoticiaz.com.br\/litoralsp\/2021\/11\/29\/acordo-para-a-compra-de-100-miloes-de-doses-da-pfizer-e-assinado-pelo-ministerio-da-saude#primaryimage"},"thumbnailUrl":"https:\/\/redenoticiaz.com.br\/litoralsp\/wp-content\/uploads\/sites\/3\/2021\/11\/bahia.jpeg","datePublished":"2021-11-29T15:54:35+00:00","dateModified":"2021-11-29T15:57:13+00:00","description":"Marcelo Queiroga esteve em Salvador, na Bahia e assinou o acordo com a Pfizer para a compra de mais 100 milh\u00f5es de doses da","inLanguage":"pt-BR","potentialAction":[{"@type":"ReadAction","target":["https:\/\/redenoticiaz.com.br\/litoralsp\/2021\/11\/29\/acordo-para-a-compra-de-100-miloes-de-doses-da-pfizer-e-assinado-pelo-ministerio-da-saude"]}]},{"@type":"ImageObject","inLanguage":"pt-BR","@id":"https:\/\/redenoticiaz.com.br\/litoralsp\/2021\/11\/29\/acordo-para-a-compra-de-100-miloes-de-doses-da-pfizer-e-assinado-pelo-ministerio-da-saude#primaryimage","url":"https:\/\/redenoticiaz.com.br\/litoralsp\/wp-content\/uploads\/sites\/3\/2021\/11\/bahia.jpeg","contentUrl":"https:\/\/redenoticiaz.com.br\/litoralsp\/wp-content\/uploads\/sites\/3\/2021\/11\/bahia.jpeg","width":984,"height":443,"caption":"Assinatura do acordo contou com a participa\u00e7\u00e3o de outras autoridades. Cr\u00e9ditos: Reprodu\u00e7\u00e3o."},{"@type":"WebSite","@id":"https:\/\/redenoticiaz.com.br\/litoralsp\/#website","url":"https:\/\/redenoticiaz.com.br\/litoralsp\/","name":"Litoral SP","description":"Rede NoticiaZ","publisher":{"@id":"https:\/\/redenoticiaz.com.br\/litoralsp\/#organization"},"potentialAction":[{"@type":"SearchAction","target":{"@type":"EntryPoint","urlTemplate":"https:\/\/redenoticiaz.com.br\/litoralsp\/?s={search_term_string}"},"query-input":{"@type":"PropertyValueSpecification","valueRequired":true,"valueName":"search_term_string"}}],"inLanguage":"pt-BR"},{"@type":"Organization","@id":"https:\/\/redenoticiaz.com.br\/litoralsp\/#organization","name":"Litoral SP","url":"https:\/\/redenoticiaz.com.br\/litoralsp\/","logo":{"@type":"ImageObject","inLanguage":"pt-BR","@id":"https:\/\/redenoticiaz.com.br\/litoralsp\/#\/schema\/logo\/image\/","url":"https:\/\/redenoticiaz.com.br\/litoralsp\/wp-content\/uploads\/sites\/3\/2020\/11\/logo.jpg","contentUrl":"https:\/\/redenoticiaz.com.br\/litoralsp\/wp-content\/uploads\/sites\/3\/2020\/11\/logo.jpg","width":400,"height":250,"caption":"Litoral SP"},"image":{"@id":"https:\/\/redenoticiaz.com.br\/litoralsp\/#\/schema\/logo\/image\/"}},{"@type":"Person","@id":"https:\/\/redenoticiaz.com.br\/litoralsp\/#\/schema\/person\/0f0b8a5bdafefe82841e07ae8d81ecb3","name":"Leonardo Francisco","image":{"@type":"ImageObject","inLanguage":"pt-BR","@id":"https:\/\/secure.gravatar.com\/avatar\/a7358cb406a99b682ec6df1e77e31ae82e63601f6784e8a3df411d72b37864da?s=96&d=mm&r=g","url":"https:\/\/secure.gravatar.com\/avatar\/a7358cb406a99b682ec6df1e77e31ae82e63601f6784e8a3df411d72b37864da?s=96&d=mm&r=g","contentUrl":"https:\/\/secure.gravatar.com\/avatar\/a7358cb406a99b682ec6df1e77e31ae82e63601f6784e8a3df411d72b37864da?s=96&d=mm&r=g","caption":"Leonardo Francisco"},"url":"https:\/\/redenoticiaz.com.br\/litoralsp\/author\/leonardo-francisco"}]}},"_links":{"self":[{"href":"https:\/\/redenoticiaz.com.br\/litoralsp\/wp-json\/wp\/v2\/posts\/19262","targetHints":{"allow":["GET"]}}],"collection":[{"href":"https:\/\/redenoticiaz.com.br\/litoralsp\/wp-json\/wp\/v2\/posts"}],"about":[{"href":"https:\/\/redenoticiaz.com.br\/litoralsp\/wp-json\/wp\/v2\/types\/post"}],"author":[{"embeddable":true,"href":"https:\/\/redenoticiaz.com.br\/litoralsp\/wp-json\/wp\/v2\/users\/6"}],"replies":[{"embeddable":true,"href":"https:\/\/redenoticiaz.com.br\/litoralsp\/wp-json\/wp\/v2\/comments?post=19262"}],"version-history":[{"count":1,"href":"https:\/\/redenoticiaz.com.br\/litoralsp\/wp-json\/wp\/v2\/posts\/19262\/revisions"}],"predecessor-version":[{"id":19264,"href":"https:\/\/redenoticiaz.com.br\/litoralsp\/wp-json\/wp\/v2\/posts\/19262\/revisions\/19264"}],"wp:featuredmedia":[{"embeddable":true,"href":"https:\/\/redenoticiaz.com.br\/litoralsp\/wp-json\/wp\/v2\/media\/19263"}],"wp:attachment":[{"href":"https:\/\/redenoticiaz.com.br\/litoralsp\/wp-json\/wp\/v2\/media?parent=19262"}],"wp:term":[{"taxonomy":"category","embeddable":true,"href":"https:\/\/redenoticiaz.com.br\/litoralsp\/wp-json\/wp\/v2\/categories?post=19262"},{"taxonomy":"post_tag","embeddable":true,"href":"https:\/\/redenoticiaz.com.br\/litoralsp\/wp-json\/wp\/v2\/tags?post=19262"}],"curies":[{"name":"wp","href":"https:\/\/api.w.org\/{rel}","templated":true}]}}