{"id":19265,"date":"2021-11-29T13:39:11","date_gmt":"2021-11-29T16:39:11","guid":{"rendered":"https:\/\/redenoticiaz.com.br\/litoralsp\/2021\/11\/29\/imagem-do-contagio-da-variante-omicron-e-revelada"},"modified":"2021-11-29T13:44:18","modified_gmt":"2021-11-29T16:44:18","slug":"imagem-do-contagio-da-variante-omicron-e-revelada","status":"publish","type":"post","link":"https:\/\/redenoticiaz.com.br\/litoralsp\/2021\/11\/29\/imagem-do-contagio-da-variante-omicron-e-revelada","title":{"rendered":"Imagem do cont\u00e1gio da variante \u00f4micron \u00e9 revelada"},"content":{"rendered":"<p>Nesta segunda-feira (29) foi revelada uma imagem da <strong>variante \u00f4micron<\/strong> do coronav\u00edrus. Ela apontou que a muta\u00e7\u00e3o \u00e9 o dobro do que a variante delta. Ela foi produzida de maneira compuadorizada por pesquisadores <span class=\"highlight highlighted\"><a href=\"http:\/\/ospedalebambinogesu.it\">hospital Bambino Ges\u00f9<\/a> de Roma<\/span>, na It\u00e1lia. Contudo, ainda\u00a0 n\u00e3o d\u00e1 para tirar maiores conclus\u00f5es.<\/p>\n<p>A variante \u00f4micron (B.1.1529) foi identificada pela primeira vez na \u00c1frica do Sul, pelo sistema de vigil\u00e2ncia das autoridades sanit\u00e1rias do pa\u00eds.<\/p>\n<figure id=\"attachment_72919\" aria-describedby=\"caption-attachment-72919\" style=\"width: 390px\" class=\"wp-caption alignleft\"><img loading=\"lazy\" decoding=\"async\" class=\"size-medium wp-image-72919\" src=\"https:\/\/redenoticiaz.com.br\/wp-content\/uploads\/2021\/11\/imagem-omicron-390x218.jpg\" alt=\"\" width=\"390\" height=\"218\" \/><figcaption id=\"caption-attachment-72919\" class=\"wp-caption-text\">Cr\u00e9ditos: Cortesia\/Hospital Barmbino Ges\u00f9<\/figcaption><\/figure>\n<div class=\"mc-column content-text active-extra-styles \" data-block-type=\"unstyled\" data-block-weight=\"36\" data-block-id=\"8\">\n<p class=\"content-text__container \" data-track-category=\"Link no Texto\" data-track-links=\"\">No modelo divulgado pelo hospital italiano \u2013 que destaca a prote\u00edna S (spike) \u2013 \u00e9 poss\u00edvel notar uma\u00a0<span class=\"highlight highlighted\">maior concentra\u00e7\u00e3o de muta\u00e7\u00f5es (os pontos vermelhos, com maior variabilidade, e a \u00e1rea cinza onde n\u00e3o h\u00e1 varia\u00e7\u00e3o).<\/span><\/p>\n<\/div>\n<div class=\"mc-column content-text active-extra-styles \" data-block-type=\"unstyled\" data-block-weight=\"35\" data-block-id=\"9\">\n<p class=\"content-text__container \" data-track-category=\"Link no Texto\" data-track-links=\"\">A prote\u00edna S \u00e9 a que forma a &#8220;coroa&#8221; do v\u00edrus, e funciona como &#8220;chave&#8221; na hora de se acoplar \u00e0s c\u00e9lulas humanas para sua replica\u00e7\u00e3o e infec\u00e7\u00e3o. \u00c9 dessa forma que muitas vacinas agem.<\/p>\n<\/div>\n<div class=\"mc-column content-text active-extra-styles\" data-block-type=\"raw\" data-block-weight=\"5\" data-block-id=\"10\">\n<div class=\"content-intertitle\">\n<h3>Ainda \u00e9 cedo para conclus\u00f5es<\/h3>\n<\/div>\n<\/div>\n<div class=\"mc-column content-text active-extra-styles \" data-block-type=\"unstyled\" data-block-weight=\"28\" data-block-id=\"11\">\n<p class=\"content-text__container \" data-track-category=\"Link no Texto\" data-track-links=\"\">Os pesquisadores do hospital Bambino Ges\u00f9 disseram, em um comunicado, que o modelo tridimensional revela &#8220;muito mais muta\u00e7\u00f5es&#8221; na \u00f4micron, mas que ainda \u00e9 cedo para tirar conclus\u00f5es.<\/p>\n<\/div>\n<div class=\"mc-column content-text active-extra-styles \" data-block-type=\"unstyled\" data-block-weight=\"30\" data-block-id=\"12\">\n<p class=\"content-text__container \" data-track-category=\"Link no Texto\" data-track-links=\"\">&#8220;[Ter mais muta\u00e7\u00f5es] n\u00e3o quer dizer automaticamente que s\u00e3o mais perigosas, diz simplesmente que o v\u00edrus se adaptou mais uma vez \u00e0 esp\u00e9cie humana gerando outra variante&#8221;, disseram em nota.<\/p>\n<div class=\"mc-column content-text active-extra-styles\" data-block-type=\"raw\" data-block-weight=\"16\" data-block-id=\"13\">\n<blockquote class=\"content-blockquote theme-border-color-primary-before\"><p>&#8220;Outros estudos nos dir\u00e3o se essa adapta\u00e7\u00e3o \u00e9 neutra, menos ou mais perigosa&#8221;, afirmaram os pesquisadores.<\/p><\/blockquote>\n<\/div>\n<div class=\"mc-column content-text active-extra-styles \" data-block-type=\"unstyled\" data-block-weight=\"19\" data-block-id=\"14\">\n<p class=\"content-text__container \" data-track-category=\"Link no Texto\" data-track-links=\"\">A imagem foi feita a partir do sequenciamento da nova variante que foi compartilhado com a comunidade cient\u00edfica.<\/p>\n<\/div>\n<div class=\"mc-column content-text active-extra-styles \" data-block-type=\"unstyled\" data-block-weight=\"22\" data-block-id=\"15\">\n<p class=\"content-text__container \" data-track-category=\"Link no Texto\" data-track-links=\"\">Os dados que serviram de base para a modelagem foram majoritariamente produzidos por pesquisadores de Botsuana, \u00c1frica do Sul e Hong Kong.<\/p>\n<p data-track-category=\"Link no Texto\" data-track-links=\"\"><strong>LEIA TAMB\u00c9M<\/strong><\/p>\n<p data-track-category=\"Link no Texto\" data-track-links=\"\"><a href=\"https:\/\/redenoticiaz.com.br\/blog\/2021\/11\/26\/nova-variante-da-covid-19-e-descoberta-na-africa-e-preocupa-especialistas\">Nova variante da Covid-19 \u00e9 descoberta na Africa e preocupa especialistas<\/a><\/p>\n<\/div>\n<\/div>\n","protected":false},"excerpt":{"rendered":"<p>Nesta segunda-feira (29) foi revelada uma imagem da variante \u00f4micron do coronav\u00edrus. Ela apontou que a muta\u00e7\u00e3o \u00e9 o dobro do que a variante delta. Ela foi produzida de maneira compuadorizada por pesquisadores hospital Bambino Ges\u00f9 de Roma, na It\u00e1lia. Contudo, ainda\u00a0 n\u00e3o d\u00e1 para tirar maiores conclus\u00f5es. A variante \u00f4micron (B.1.1529) foi identificada pela &hellip;<\/p>\n","protected":false},"author":6,"featured_media":19266,"comment_status":"open","ping_status":"closed","sticky":false,"template":"","format":"standard","meta":{"footnotes":""},"categories":[84,23],"tags":[43659,95,43660,19413,43661,43662],"class_list":["post-19265","post","type-post","status-publish","format-standard","has-post-thumbnail","hentry","category-mundo","category-saude","tag-avanco-da-contaminacao","tag-coronavirus","tag-hospital-bambino-gesu","tag-italia","tag-roma","tag-variante-onicron"],"yoast_head":"<!-- This site is optimized with the Yoast SEO plugin v27.4 - https:\/\/yoast.com\/product\/yoast-seo-wordpress\/ -->\n<title>Imagem do cont\u00e1gio da variante \u00f4micron \u00e9 revelada - Litoral SP<\/title>\n<meta name=\"description\" content=\"(29) foi revelada uma imagem da variante \u00f4micron do coronav\u00edrus. Ela apontou que a muta\u00e7\u00e3o \u00e9 o dobro do que a variante\" \/>\n<meta name=\"robots\" content=\"index, follow, max-snippet:-1, max-image-preview:large, max-video-preview:-1\" \/>\n<link rel=\"canonical\" href=\"https:\/\/redenoticiaz.com.br\/litoralsp\/2021\/11\/29\/imagem-do-contagio-da-variante-omicron-e-revelada\" \/>\n<meta property=\"og:locale\" content=\"pt_BR\" \/>\n<meta property=\"og:type\" content=\"article\" \/>\n<meta property=\"og:title\" content=\"Imagem do cont\u00e1gio da variante \u00f4micron \u00e9 revelada - Litoral SP\" \/>\n<meta property=\"og:description\" content=\"(29) foi revelada uma imagem da variante \u00f4micron do coronav\u00edrus. Ela apontou que a muta\u00e7\u00e3o \u00e9 o dobro do que a variante\" \/>\n<meta property=\"og:url\" content=\"https:\/\/redenoticiaz.com.br\/litoralsp\/2021\/11\/29\/imagem-do-contagio-da-variante-omicron-e-revelada\" \/>\n<meta property=\"og:site_name\" content=\"Litoral SP\" \/>\n<meta property=\"article:published_time\" content=\"2021-11-29T16:39:11+00:00\" \/>\n<meta property=\"article:modified_time\" content=\"2021-11-29T16:44:18+00:00\" \/>\n<meta property=\"og:image\" content=\"https:\/\/redenoticiaz.com.br\/litoralsp\/wp-content\/uploads\/sites\/3\/2021\/11\/omicron.jpg\" \/>\n\t<meta property=\"og:image:width\" content=\"681\" \/>\n\t<meta property=\"og:image:height\" content=\"383\" \/>\n\t<meta property=\"og:image:type\" content=\"image\/jpeg\" \/>\n<meta name=\"author\" content=\"Leonardo Francisco\" \/>\n<meta name=\"twitter:card\" content=\"summary_large_image\" \/>\n<meta name=\"twitter:label1\" content=\"Escrito por\" \/>\n\t<meta name=\"twitter:data1\" content=\"Leonardo Francisco\" \/>\n\t<meta name=\"twitter:label2\" content=\"Est. tempo de leitura\" \/>\n\t<meta name=\"twitter:data2\" content=\"2 minutos\" \/>\n<script type=\"application\/ld+json\" class=\"yoast-schema-graph\">{\"@context\":\"https:\\\/\\\/schema.org\",\"@graph\":[{\"@type\":\"Article\",\"@id\":\"https:\\\/\\\/redenoticiaz.com.br\\\/litoralsp\\\/2021\\\/11\\\/29\\\/imagem-do-contagio-da-variante-omicron-e-revelada#article\",\"isPartOf\":{\"@id\":\"https:\\\/\\\/redenoticiaz.com.br\\\/litoralsp\\\/2021\\\/11\\\/29\\\/imagem-do-contagio-da-variante-omicron-e-revelada\"},\"author\":{\"name\":\"Leonardo Francisco\",\"@id\":\"https:\\\/\\\/redenoticiaz.com.br\\\/litoralsp\\\/#\\\/schema\\\/person\\\/0f0b8a5bdafefe82841e07ae8d81ecb3\"},\"headline\":\"Imagem do cont\u00e1gio da variante \u00f4micron \u00e9 revelada\",\"datePublished\":\"2021-11-29T16:39:11+00:00\",\"dateModified\":\"2021-11-29T16:44:18+00:00\",\"mainEntityOfPage\":{\"@id\":\"https:\\\/\\\/redenoticiaz.com.br\\\/litoralsp\\\/2021\\\/11\\\/29\\\/imagem-do-contagio-da-variante-omicron-e-revelada\"},\"wordCount\":313,\"commentCount\":0,\"publisher\":{\"@id\":\"https:\\\/\\\/redenoticiaz.com.br\\\/litoralsp\\\/#organization\"},\"image\":{\"@id\":\"https:\\\/\\\/redenoticiaz.com.br\\\/litoralsp\\\/2021\\\/11\\\/29\\\/imagem-do-contagio-da-variante-omicron-e-revelada#primaryimage\"},\"thumbnailUrl\":\"https:\\\/\\\/redenoticiaz.com.br\\\/litoralsp\\\/wp-content\\\/uploads\\\/sites\\\/3\\\/2021\\\/11\\\/omicron.jpg\",\"keywords\":[\"AVAN\u00c7O DA CONTAMINA\u00c7\u00c3O\",\"Coronav\u00edrus\",\"HOSPITAL BAMBINO GES\u00d9\",\"It\u00e1lia\",\"Roma\",\"VARIANTE \u00d4NICRON\"],\"articleSection\":[\"Mundo\",\"Sa\u00fade\"],\"inLanguage\":\"pt-BR\",\"potentialAction\":[{\"@type\":\"CommentAction\",\"name\":\"Comment\",\"target\":[\"https:\\\/\\\/redenoticiaz.com.br\\\/litoralsp\\\/2021\\\/11\\\/29\\\/imagem-do-contagio-da-variante-omicron-e-revelada#respond\"]}]},{\"@type\":\"WebPage\",\"@id\":\"https:\\\/\\\/redenoticiaz.com.br\\\/litoralsp\\\/2021\\\/11\\\/29\\\/imagem-do-contagio-da-variante-omicron-e-revelada\",\"url\":\"https:\\\/\\\/redenoticiaz.com.br\\\/litoralsp\\\/2021\\\/11\\\/29\\\/imagem-do-contagio-da-variante-omicron-e-revelada\",\"name\":\"Imagem do cont\u00e1gio da variante \u00f4micron \u00e9 revelada - Litoral SP\",\"isPartOf\":{\"@id\":\"https:\\\/\\\/redenoticiaz.com.br\\\/litoralsp\\\/#website\"},\"primaryImageOfPage\":{\"@id\":\"https:\\\/\\\/redenoticiaz.com.br\\\/litoralsp\\\/2021\\\/11\\\/29\\\/imagem-do-contagio-da-variante-omicron-e-revelada#primaryimage\"},\"image\":{\"@id\":\"https:\\\/\\\/redenoticiaz.com.br\\\/litoralsp\\\/2021\\\/11\\\/29\\\/imagem-do-contagio-da-variante-omicron-e-revelada#primaryimage\"},\"thumbnailUrl\":\"https:\\\/\\\/redenoticiaz.com.br\\\/litoralsp\\\/wp-content\\\/uploads\\\/sites\\\/3\\\/2021\\\/11\\\/omicron.jpg\",\"datePublished\":\"2021-11-29T16:39:11+00:00\",\"dateModified\":\"2021-11-29T16:44:18+00:00\",\"description\":\"(29) foi revelada uma imagem da variante \u00f4micron do coronav\u00edrus. Ela apontou que a muta\u00e7\u00e3o \u00e9 o dobro do que a variante\",\"inLanguage\":\"pt-BR\",\"potentialAction\":[{\"@type\":\"ReadAction\",\"target\":[\"https:\\\/\\\/redenoticiaz.com.br\\\/litoralsp\\\/2021\\\/11\\\/29\\\/imagem-do-contagio-da-variante-omicron-e-revelada\"]}]},{\"@type\":\"ImageObject\",\"inLanguage\":\"pt-BR\",\"@id\":\"https:\\\/\\\/redenoticiaz.com.br\\\/litoralsp\\\/2021\\\/11\\\/29\\\/imagem-do-contagio-da-variante-omicron-e-revelada#primaryimage\",\"url\":\"https:\\\/\\\/redenoticiaz.com.br\\\/litoralsp\\\/wp-content\\\/uploads\\\/sites\\\/3\\\/2021\\\/11\\\/omicron.jpg\",\"contentUrl\":\"https:\\\/\\\/redenoticiaz.com.br\\\/litoralsp\\\/wp-content\\\/uploads\\\/sites\\\/3\\\/2021\\\/11\\\/omicron.jpg\",\"width\":681,\"height\":383,\"caption\":\"Cr\u00e9ditos: Reprodu\u00e7\u00e3o.\"},{\"@type\":\"WebSite\",\"@id\":\"https:\\\/\\\/redenoticiaz.com.br\\\/litoralsp\\\/#website\",\"url\":\"https:\\\/\\\/redenoticiaz.com.br\\\/litoralsp\\\/\",\"name\":\"Litoral SP\",\"description\":\"Rede NoticiaZ\",\"publisher\":{\"@id\":\"https:\\\/\\\/redenoticiaz.com.br\\\/litoralsp\\\/#organization\"},\"potentialAction\":[{\"@type\":\"SearchAction\",\"target\":{\"@type\":\"EntryPoint\",\"urlTemplate\":\"https:\\\/\\\/redenoticiaz.com.br\\\/litoralsp\\\/?s={search_term_string}\"},\"query-input\":{\"@type\":\"PropertyValueSpecification\",\"valueRequired\":true,\"valueName\":\"search_term_string\"}}],\"inLanguage\":\"pt-BR\"},{\"@type\":\"Organization\",\"@id\":\"https:\\\/\\\/redenoticiaz.com.br\\\/litoralsp\\\/#organization\",\"name\":\"Litoral SP\",\"url\":\"https:\\\/\\\/redenoticiaz.com.br\\\/litoralsp\\\/\",\"logo\":{\"@type\":\"ImageObject\",\"inLanguage\":\"pt-BR\",\"@id\":\"https:\\\/\\\/redenoticiaz.com.br\\\/litoralsp\\\/#\\\/schema\\\/logo\\\/image\\\/\",\"url\":\"https:\\\/\\\/redenoticiaz.com.br\\\/litoralsp\\\/wp-content\\\/uploads\\\/sites\\\/3\\\/2020\\\/11\\\/logo.jpg\",\"contentUrl\":\"https:\\\/\\\/redenoticiaz.com.br\\\/litoralsp\\\/wp-content\\\/uploads\\\/sites\\\/3\\\/2020\\\/11\\\/logo.jpg\",\"width\":400,\"height\":250,\"caption\":\"Litoral SP\"},\"image\":{\"@id\":\"https:\\\/\\\/redenoticiaz.com.br\\\/litoralsp\\\/#\\\/schema\\\/logo\\\/image\\\/\"}},{\"@type\":\"Person\",\"@id\":\"https:\\\/\\\/redenoticiaz.com.br\\\/litoralsp\\\/#\\\/schema\\\/person\\\/0f0b8a5bdafefe82841e07ae8d81ecb3\",\"name\":\"Leonardo Francisco\",\"image\":{\"@type\":\"ImageObject\",\"inLanguage\":\"pt-BR\",\"@id\":\"https:\\\/\\\/secure.gravatar.com\\\/avatar\\\/a7358cb406a99b682ec6df1e77e31ae82e63601f6784e8a3df411d72b37864da?s=96&d=mm&r=g\",\"url\":\"https:\\\/\\\/secure.gravatar.com\\\/avatar\\\/a7358cb406a99b682ec6df1e77e31ae82e63601f6784e8a3df411d72b37864da?s=96&d=mm&r=g\",\"contentUrl\":\"https:\\\/\\\/secure.gravatar.com\\\/avatar\\\/a7358cb406a99b682ec6df1e77e31ae82e63601f6784e8a3df411d72b37864da?s=96&d=mm&r=g\",\"caption\":\"Leonardo Francisco\"},\"url\":\"https:\\\/\\\/redenoticiaz.com.br\\\/litoralsp\\\/author\\\/leonardo-francisco\"}]}<\/script>\n<!-- \/ Yoast SEO plugin. -->","yoast_head_json":{"title":"Imagem do cont\u00e1gio da variante \u00f4micron \u00e9 revelada - Litoral SP","description":"(29) foi revelada uma imagem da variante \u00f4micron do coronav\u00edrus. Ela apontou que a muta\u00e7\u00e3o \u00e9 o dobro do que a variante","robots":{"index":"index","follow":"follow","max-snippet":"max-snippet:-1","max-image-preview":"max-image-preview:large","max-video-preview":"max-video-preview:-1"},"canonical":"https:\/\/redenoticiaz.com.br\/litoralsp\/2021\/11\/29\/imagem-do-contagio-da-variante-omicron-e-revelada","og_locale":"pt_BR","og_type":"article","og_title":"Imagem do cont\u00e1gio da variante \u00f4micron \u00e9 revelada - Litoral SP","og_description":"(29) foi revelada uma imagem da variante \u00f4micron do coronav\u00edrus. Ela apontou que a muta\u00e7\u00e3o \u00e9 o dobro do que a variante","og_url":"https:\/\/redenoticiaz.com.br\/litoralsp\/2021\/11\/29\/imagem-do-contagio-da-variante-omicron-e-revelada","og_site_name":"Litoral SP","article_published_time":"2021-11-29T16:39:11+00:00","article_modified_time":"2021-11-29T16:44:18+00:00","og_image":[{"width":681,"height":383,"url":"https:\/\/redenoticiaz.com.br\/litoralsp\/wp-content\/uploads\/sites\/3\/2021\/11\/omicron.jpg","type":"image\/jpeg"}],"author":"Leonardo Francisco","twitter_card":"summary_large_image","twitter_misc":{"Escrito por":"Leonardo Francisco","Est. tempo de leitura":"2 minutos"},"schema":{"@context":"https:\/\/schema.org","@graph":[{"@type":"Article","@id":"https:\/\/redenoticiaz.com.br\/litoralsp\/2021\/11\/29\/imagem-do-contagio-da-variante-omicron-e-revelada#article","isPartOf":{"@id":"https:\/\/redenoticiaz.com.br\/litoralsp\/2021\/11\/29\/imagem-do-contagio-da-variante-omicron-e-revelada"},"author":{"name":"Leonardo Francisco","@id":"https:\/\/redenoticiaz.com.br\/litoralsp\/#\/schema\/person\/0f0b8a5bdafefe82841e07ae8d81ecb3"},"headline":"Imagem do cont\u00e1gio da variante \u00f4micron \u00e9 revelada","datePublished":"2021-11-29T16:39:11+00:00","dateModified":"2021-11-29T16:44:18+00:00","mainEntityOfPage":{"@id":"https:\/\/redenoticiaz.com.br\/litoralsp\/2021\/11\/29\/imagem-do-contagio-da-variante-omicron-e-revelada"},"wordCount":313,"commentCount":0,"publisher":{"@id":"https:\/\/redenoticiaz.com.br\/litoralsp\/#organization"},"image":{"@id":"https:\/\/redenoticiaz.com.br\/litoralsp\/2021\/11\/29\/imagem-do-contagio-da-variante-omicron-e-revelada#primaryimage"},"thumbnailUrl":"https:\/\/redenoticiaz.com.br\/litoralsp\/wp-content\/uploads\/sites\/3\/2021\/11\/omicron.jpg","keywords":["AVAN\u00c7O DA CONTAMINA\u00c7\u00c3O","Coronav\u00edrus","HOSPITAL BAMBINO GES\u00d9","It\u00e1lia","Roma","VARIANTE \u00d4NICRON"],"articleSection":["Mundo","Sa\u00fade"],"inLanguage":"pt-BR","potentialAction":[{"@type":"CommentAction","name":"Comment","target":["https:\/\/redenoticiaz.com.br\/litoralsp\/2021\/11\/29\/imagem-do-contagio-da-variante-omicron-e-revelada#respond"]}]},{"@type":"WebPage","@id":"https:\/\/redenoticiaz.com.br\/litoralsp\/2021\/11\/29\/imagem-do-contagio-da-variante-omicron-e-revelada","url":"https:\/\/redenoticiaz.com.br\/litoralsp\/2021\/11\/29\/imagem-do-contagio-da-variante-omicron-e-revelada","name":"Imagem do cont\u00e1gio da variante \u00f4micron \u00e9 revelada - Litoral SP","isPartOf":{"@id":"https:\/\/redenoticiaz.com.br\/litoralsp\/#website"},"primaryImageOfPage":{"@id":"https:\/\/redenoticiaz.com.br\/litoralsp\/2021\/11\/29\/imagem-do-contagio-da-variante-omicron-e-revelada#primaryimage"},"image":{"@id":"https:\/\/redenoticiaz.com.br\/litoralsp\/2021\/11\/29\/imagem-do-contagio-da-variante-omicron-e-revelada#primaryimage"},"thumbnailUrl":"https:\/\/redenoticiaz.com.br\/litoralsp\/wp-content\/uploads\/sites\/3\/2021\/11\/omicron.jpg","datePublished":"2021-11-29T16:39:11+00:00","dateModified":"2021-11-29T16:44:18+00:00","description":"(29) foi revelada uma imagem da variante \u00f4micron do coronav\u00edrus. Ela apontou que a muta\u00e7\u00e3o \u00e9 o dobro do que a variante","inLanguage":"pt-BR","potentialAction":[{"@type":"ReadAction","target":["https:\/\/redenoticiaz.com.br\/litoralsp\/2021\/11\/29\/imagem-do-contagio-da-variante-omicron-e-revelada"]}]},{"@type":"ImageObject","inLanguage":"pt-BR","@id":"https:\/\/redenoticiaz.com.br\/litoralsp\/2021\/11\/29\/imagem-do-contagio-da-variante-omicron-e-revelada#primaryimage","url":"https:\/\/redenoticiaz.com.br\/litoralsp\/wp-content\/uploads\/sites\/3\/2021\/11\/omicron.jpg","contentUrl":"https:\/\/redenoticiaz.com.br\/litoralsp\/wp-content\/uploads\/sites\/3\/2021\/11\/omicron.jpg","width":681,"height":383,"caption":"Cr\u00e9ditos: Reprodu\u00e7\u00e3o."},{"@type":"WebSite","@id":"https:\/\/redenoticiaz.com.br\/litoralsp\/#website","url":"https:\/\/redenoticiaz.com.br\/litoralsp\/","name":"Litoral SP","description":"Rede NoticiaZ","publisher":{"@id":"https:\/\/redenoticiaz.com.br\/litoralsp\/#organization"},"potentialAction":[{"@type":"SearchAction","target":{"@type":"EntryPoint","urlTemplate":"https:\/\/redenoticiaz.com.br\/litoralsp\/?s={search_term_string}"},"query-input":{"@type":"PropertyValueSpecification","valueRequired":true,"valueName":"search_term_string"}}],"inLanguage":"pt-BR"},{"@type":"Organization","@id":"https:\/\/redenoticiaz.com.br\/litoralsp\/#organization","name":"Litoral SP","url":"https:\/\/redenoticiaz.com.br\/litoralsp\/","logo":{"@type":"ImageObject","inLanguage":"pt-BR","@id":"https:\/\/redenoticiaz.com.br\/litoralsp\/#\/schema\/logo\/image\/","url":"https:\/\/redenoticiaz.com.br\/litoralsp\/wp-content\/uploads\/sites\/3\/2020\/11\/logo.jpg","contentUrl":"https:\/\/redenoticiaz.com.br\/litoralsp\/wp-content\/uploads\/sites\/3\/2020\/11\/logo.jpg","width":400,"height":250,"caption":"Litoral SP"},"image":{"@id":"https:\/\/redenoticiaz.com.br\/litoralsp\/#\/schema\/logo\/image\/"}},{"@type":"Person","@id":"https:\/\/redenoticiaz.com.br\/litoralsp\/#\/schema\/person\/0f0b8a5bdafefe82841e07ae8d81ecb3","name":"Leonardo Francisco","image":{"@type":"ImageObject","inLanguage":"pt-BR","@id":"https:\/\/secure.gravatar.com\/avatar\/a7358cb406a99b682ec6df1e77e31ae82e63601f6784e8a3df411d72b37864da?s=96&d=mm&r=g","url":"https:\/\/secure.gravatar.com\/avatar\/a7358cb406a99b682ec6df1e77e31ae82e63601f6784e8a3df411d72b37864da?s=96&d=mm&r=g","contentUrl":"https:\/\/secure.gravatar.com\/avatar\/a7358cb406a99b682ec6df1e77e31ae82e63601f6784e8a3df411d72b37864da?s=96&d=mm&r=g","caption":"Leonardo Francisco"},"url":"https:\/\/redenoticiaz.com.br\/litoralsp\/author\/leonardo-francisco"}]}},"_links":{"self":[{"href":"https:\/\/redenoticiaz.com.br\/litoralsp\/wp-json\/wp\/v2\/posts\/19265","targetHints":{"allow":["GET"]}}],"collection":[{"href":"https:\/\/redenoticiaz.com.br\/litoralsp\/wp-json\/wp\/v2\/posts"}],"about":[{"href":"https:\/\/redenoticiaz.com.br\/litoralsp\/wp-json\/wp\/v2\/types\/post"}],"author":[{"embeddable":true,"href":"https:\/\/redenoticiaz.com.br\/litoralsp\/wp-json\/wp\/v2\/users\/6"}],"replies":[{"embeddable":true,"href":"https:\/\/redenoticiaz.com.br\/litoralsp\/wp-json\/wp\/v2\/comments?post=19265"}],"version-history":[{"count":1,"href":"https:\/\/redenoticiaz.com.br\/litoralsp\/wp-json\/wp\/v2\/posts\/19265\/revisions"}],"predecessor-version":[{"id":19267,"href":"https:\/\/redenoticiaz.com.br\/litoralsp\/wp-json\/wp\/v2\/posts\/19265\/revisions\/19267"}],"wp:featuredmedia":[{"embeddable":true,"href":"https:\/\/redenoticiaz.com.br\/litoralsp\/wp-json\/wp\/v2\/media\/19266"}],"wp:attachment":[{"href":"https:\/\/redenoticiaz.com.br\/litoralsp\/wp-json\/wp\/v2\/media?parent=19265"}],"wp:term":[{"taxonomy":"category","embeddable":true,"href":"https:\/\/redenoticiaz.com.br\/litoralsp\/wp-json\/wp\/v2\/categories?post=19265"},{"taxonomy":"post_tag","embeddable":true,"href":"https:\/\/redenoticiaz.com.br\/litoralsp\/wp-json\/wp\/v2\/tags?post=19265"}],"curies":[{"name":"wp","href":"https:\/\/api.w.org\/{rel}","templated":true}]}}