{"id":19268,"date":"2021-11-29T15:26:58","date_gmt":"2021-11-29T18:26:58","guid":{"rendered":"https:\/\/redenoticiaz.com.br\/litoralsp\/2021\/11\/29\/fiasco-do-flamengo-resulta-na-demissao-de-renato-gaucho"},"modified":"2021-11-29T15:30:09","modified_gmt":"2021-11-29T18:30:09","slug":"fiasco-do-flamengo-resulta-na-demissao-de-renato-gaucho","status":"publish","type":"post","link":"https:\/\/redenoticiaz.com.br\/litoralsp\/2021\/11\/29\/fiasco-do-flamengo-resulta-na-demissao-de-renato-gaucho","title":{"rendered":"Fiasco do Flamengo resulta na demiss\u00e3o de Renato Ga\u00facho"},"content":{"rendered":"<p>Acabou a passagem que seria dos sonhos de <strong>Renato Ga\u00facho<\/strong> como t\u00e9cnico do <a href=\"https:\/\/www.flamengo.com.br\/\">Flamengo<\/a>. Nesta segunda-feira (29), o treinador se reuniu com a diretoria Rubro-Negra e a demiss\u00e3o foi confirmada, dias depois da perda da final da Libertadores da Am\u00e9rica.<\/p>\n<p>Sem ele, Mauricio Souza, ex-t\u00e9cnico do sub-20 e que vinha sendo auxiliar, ser\u00e1 o respons\u00e1vel por comandar o time at\u00e9 o final do Campeonato Brasileiro. Vale lembrar que o Flamengo ainda tem chances de t\u00edtulo\u00a0 na competi\u00e7\u00e3o. Mas para isso al\u00e9m de vencer todos os jogos restantes, tamb\u00e9m ter\u00e1\u00a0 de torcer para o l\u00edder\u00a0 Atl\u00e9tico-MG perder todos tamb\u00e9m.<\/p>\n<p>O clube carioca emitiu uma nota nas redes sociais. &#8221; Clube de Regatas do Flamengo informa que, ap\u00f3s conversa entre as partes, o t\u00e9cnico Renato Ga\u00facho n\u00e3o comanda mais o time principal&#8221;.<\/p>\n<h3>Presen\u00e7a j\u00e1 era incerta<\/h3>\n<p>Mesmo que o Flamengo ganhasse a Libertadores da Am\u00e9rica contra o Palmeiras, a renova\u00e7\u00e3o\u00a0 de contrato de Renato Ga\u00facho era incerta. O v\u00ednculo iria ate o fim de 2021, mas tanto ele, como a diretoria consideravam n\u00e3o haver mais clima diante do trabalho e dos resultados. Restava a decis\u00e3o da ruptura imediata ou ao t\u00e9rmino do Brasileir\u00e3o. Pela quest\u00e3o da log\u00edstica de voltar no mesmo voo e do luto pela derrota, a diretoria do Flamengo evitou bater o martelo na capital uruguaia.<\/p>\n<div class=\"mc-column content-text active-extra-styles \" data-block-type=\"unstyled\" data-block-weight=\"63\" data-block-id=\"10\">\n<p class=\"content-text__container \" data-track-category=\"Link no Texto\" data-track-links=\"\">Independentemente do resultado na decis\u00e3o, a perman\u00eancia do treinador para 2022 j\u00e1 estava em xeque, fosse pelo trabalho, que n\u00e3o era bem avaliado internamente, fosse por atitudes no dia a dia que irritavam jogadores. Na \u00faltima ter\u00e7a-feira, dia do empate com o Gr\u00eamio, por exemplo, Renato n\u00e3o foi ao CT do pr\u00f3prio clube ga\u00facho dar treino para os titulares, o que causou irrita\u00e7\u00e3o.<\/p>\n<p data-track-category=\"Link no Texto\" data-track-links=\"\">Al\u00e9m disso, a declara\u00e7\u00e3o passada de que comandar um time de R$ 200 milh\u00f5es pesou demais em sua passagem. Isto aconteceu ainda quando Renato estava no Gr\u00eaemio e o Flamengo era dirigido por Jorge Jesus .<\/p>\n<p data-track-category=\"Link no Texto\" data-track-links=\"\">Sob o comando de Renato Ga\u00facho, o Flamengo foi eliminado para o Athletico-PR na semifinal da Copa do Brasil e perdeu o t\u00edtulo da Libertadores para o Palmeiras. Ao todo, Renato comandou o Flamengo em 38 jogos, com 25 vit\u00f3rias, 8 empates e 5 derrotas, um aproveitamento de 72,8%.<\/p>\n<p data-track-category=\"Link no Texto\" data-track-links=\"\"><strong>LEIA TAMB\u00c9M<\/strong><\/p>\n<p data-track-category=\"Link no Texto\" data-track-links=\"\"><a href=\"https:\/\/redenoticiaz.com.br\/blog\/2021\/11\/29\/cascavel-esta-na-decisao-da-liga-futsal-pela-primeira-vez\">Cascavel est\u00e1 na decis\u00e3o da Liga Futsal pela primeira vez<\/a><\/p>\n<\/div>\n","protected":false},"excerpt":{"rendered":"<p>Acabou a passagem que seria dos sonhos de Renato Ga\u00facho como t\u00e9cnico do Flamengo. Nesta segunda-feira (29), o treinador se reuniu com a diretoria Rubro-Negra e a demiss\u00e3o foi confirmada, dias depois da perda da final da Libertadores da Am\u00e9rica. Sem ele, Mauricio Souza, ex-t\u00e9cnico do sub-20 e que vinha sendo auxiliar, ser\u00e1 o respons\u00e1vel &hellip;<\/p>\n","protected":false},"author":6,"featured_media":19269,"comment_status":"open","ping_status":"closed","sticky":false,"template":"","format":"standard","meta":{"footnotes":""},"categories":[35],"tags":[43670,63,23023,43671],"class_list":["post-19268","post","type-post","status-publish","format-standard","has-post-thumbnail","hentry","category-esporte","tag-demissao-de-renato-gaucho","tag-flamengo","tag-renato-gaucho","tag-renato-portalupppi"],"yoast_head":"<!-- This site is optimized with the Yoast SEO plugin v27.4 - https:\/\/yoast.com\/product\/yoast-seo-wordpress\/ -->\n<title>Fiasco do Flamengo resulta na demiss\u00e3o de Renato Ga\u00facho - Litoral SP<\/title>\n<meta name=\"description\" content=\"Acabou a passagem que seria dos sonhos de Renato Ga\u00facho como t\u00e9cnico do Flamengo. Nesta segunda-feira (29), o treinador se reuniu\" \/>\n<meta name=\"robots\" content=\"index, follow, max-snippet:-1, max-image-preview:large, max-video-preview:-1\" \/>\n<link rel=\"canonical\" href=\"https:\/\/redenoticiaz.com.br\/litoralsp\/2021\/11\/29\/fiasco-do-flamengo-resulta-na-demissao-de-renato-gaucho\" \/>\n<meta property=\"og:locale\" content=\"pt_BR\" \/>\n<meta property=\"og:type\" content=\"article\" \/>\n<meta property=\"og:title\" content=\"Fiasco do Flamengo resulta na demiss\u00e3o de Renato Ga\u00facho - Litoral SP\" \/>\n<meta property=\"og:description\" content=\"Acabou a passagem que seria dos sonhos de Renato Ga\u00facho como t\u00e9cnico do Flamengo. Nesta segunda-feira (29), o treinador se reuniu\" \/>\n<meta property=\"og:url\" content=\"https:\/\/redenoticiaz.com.br\/litoralsp\/2021\/11\/29\/fiasco-do-flamengo-resulta-na-demissao-de-renato-gaucho\" \/>\n<meta property=\"og:site_name\" content=\"Litoral SP\" \/>\n<meta property=\"article:published_time\" content=\"2021-11-29T18:26:58+00:00\" \/>\n<meta property=\"article:modified_time\" content=\"2021-11-29T18:30:09+00:00\" \/>\n<meta property=\"og:image\" content=\"https:\/\/redenoticiaz.com.br\/litoralsp\/wp-content\/uploads\/sites\/3\/2021\/11\/renato-1.jpg\" \/>\n\t<meta property=\"og:image:width\" content=\"640\" \/>\n\t<meta property=\"og:image:height\" content=\"444\" \/>\n\t<meta property=\"og:image:type\" content=\"image\/jpeg\" \/>\n<meta name=\"author\" content=\"Leonardo Francisco\" \/>\n<meta name=\"twitter:card\" content=\"summary_large_image\" \/>\n<meta name=\"twitter:label1\" content=\"Escrito por\" \/>\n\t<meta name=\"twitter:data1\" content=\"Leonardo Francisco\" \/>\n\t<meta name=\"twitter:label2\" content=\"Est. tempo de leitura\" \/>\n\t<meta name=\"twitter:data2\" content=\"2 minutos\" \/>\n<script type=\"application\/ld+json\" class=\"yoast-schema-graph\">{\"@context\":\"https:\\\/\\\/schema.org\",\"@graph\":[{\"@type\":\"Article\",\"@id\":\"https:\\\/\\\/redenoticiaz.com.br\\\/litoralsp\\\/2021\\\/11\\\/29\\\/fiasco-do-flamengo-resulta-na-demissao-de-renato-gaucho#article\",\"isPartOf\":{\"@id\":\"https:\\\/\\\/redenoticiaz.com.br\\\/litoralsp\\\/2021\\\/11\\\/29\\\/fiasco-do-flamengo-resulta-na-demissao-de-renato-gaucho\"},\"author\":{\"name\":\"Leonardo Francisco\",\"@id\":\"https:\\\/\\\/redenoticiaz.com.br\\\/litoralsp\\\/#\\\/schema\\\/person\\\/0f0b8a5bdafefe82841e07ae8d81ecb3\"},\"headline\":\"Fiasco do Flamengo resulta na demiss\u00e3o de Renato Ga\u00facho\",\"datePublished\":\"2021-11-29T18:26:58+00:00\",\"dateModified\":\"2021-11-29T18:30:09+00:00\",\"mainEntityOfPage\":{\"@id\":\"https:\\\/\\\/redenoticiaz.com.br\\\/litoralsp\\\/2021\\\/11\\\/29\\\/fiasco-do-flamengo-resulta-na-demissao-de-renato-gaucho\"},\"wordCount\":422,\"commentCount\":0,\"publisher\":{\"@id\":\"https:\\\/\\\/redenoticiaz.com.br\\\/litoralsp\\\/#organization\"},\"image\":{\"@id\":\"https:\\\/\\\/redenoticiaz.com.br\\\/litoralsp\\\/2021\\\/11\\\/29\\\/fiasco-do-flamengo-resulta-na-demissao-de-renato-gaucho#primaryimage\"},\"thumbnailUrl\":\"https:\\\/\\\/redenoticiaz.com.br\\\/litoralsp\\\/wp-content\\\/uploads\\\/sites\\\/3\\\/2021\\\/11\\\/renato-1.jpg\",\"keywords\":[\"DEMISS\u00c3O DE RENATO GA\u00daCHO\",\"FLAMENGO\",\"RENATO GA\u00daCHO\",\"RENATO PORTALUPPPI\"],\"articleSection\":[\"Esporte\"],\"inLanguage\":\"pt-BR\",\"potentialAction\":[{\"@type\":\"CommentAction\",\"name\":\"Comment\",\"target\":[\"https:\\\/\\\/redenoticiaz.com.br\\\/litoralsp\\\/2021\\\/11\\\/29\\\/fiasco-do-flamengo-resulta-na-demissao-de-renato-gaucho#respond\"]}]},{\"@type\":\"WebPage\",\"@id\":\"https:\\\/\\\/redenoticiaz.com.br\\\/litoralsp\\\/2021\\\/11\\\/29\\\/fiasco-do-flamengo-resulta-na-demissao-de-renato-gaucho\",\"url\":\"https:\\\/\\\/redenoticiaz.com.br\\\/litoralsp\\\/2021\\\/11\\\/29\\\/fiasco-do-flamengo-resulta-na-demissao-de-renato-gaucho\",\"name\":\"Fiasco do Flamengo resulta na demiss\u00e3o de Renato Ga\u00facho - Litoral SP\",\"isPartOf\":{\"@id\":\"https:\\\/\\\/redenoticiaz.com.br\\\/litoralsp\\\/#website\"},\"primaryImageOfPage\":{\"@id\":\"https:\\\/\\\/redenoticiaz.com.br\\\/litoralsp\\\/2021\\\/11\\\/29\\\/fiasco-do-flamengo-resulta-na-demissao-de-renato-gaucho#primaryimage\"},\"image\":{\"@id\":\"https:\\\/\\\/redenoticiaz.com.br\\\/litoralsp\\\/2021\\\/11\\\/29\\\/fiasco-do-flamengo-resulta-na-demissao-de-renato-gaucho#primaryimage\"},\"thumbnailUrl\":\"https:\\\/\\\/redenoticiaz.com.br\\\/litoralsp\\\/wp-content\\\/uploads\\\/sites\\\/3\\\/2021\\\/11\\\/renato-1.jpg\",\"datePublished\":\"2021-11-29T18:26:58+00:00\",\"dateModified\":\"2021-11-29T18:30:09+00:00\",\"description\":\"Acabou a passagem que seria dos sonhos de Renato Ga\u00facho como t\u00e9cnico do Flamengo. Nesta segunda-feira (29), o treinador se reuniu\",\"inLanguage\":\"pt-BR\",\"potentialAction\":[{\"@type\":\"ReadAction\",\"target\":[\"https:\\\/\\\/redenoticiaz.com.br\\\/litoralsp\\\/2021\\\/11\\\/29\\\/fiasco-do-flamengo-resulta-na-demissao-de-renato-gaucho\"]}]},{\"@type\":\"ImageObject\",\"inLanguage\":\"pt-BR\",\"@id\":\"https:\\\/\\\/redenoticiaz.com.br\\\/litoralsp\\\/2021\\\/11\\\/29\\\/fiasco-do-flamengo-resulta-na-demissao-de-renato-gaucho#primaryimage\",\"url\":\"https:\\\/\\\/redenoticiaz.com.br\\\/litoralsp\\\/wp-content\\\/uploads\\\/sites\\\/3\\\/2021\\\/11\\\/renato-1.jpg\",\"contentUrl\":\"https:\\\/\\\/redenoticiaz.com.br\\\/litoralsp\\\/wp-content\\\/uploads\\\/sites\\\/3\\\/2021\\\/11\\\/renato-1.jpg\",\"width\":640,\"height\":444,\"caption\":\"Treinador sai do clube com um aproveitamento de 72%, mas com elmina\u00e7\u00f5es e derrotas humilhantes.\"},{\"@type\":\"WebSite\",\"@id\":\"https:\\\/\\\/redenoticiaz.com.br\\\/litoralsp\\\/#website\",\"url\":\"https:\\\/\\\/redenoticiaz.com.br\\\/litoralsp\\\/\",\"name\":\"Litoral SP\",\"description\":\"Rede NoticiaZ\",\"publisher\":{\"@id\":\"https:\\\/\\\/redenoticiaz.com.br\\\/litoralsp\\\/#organization\"},\"potentialAction\":[{\"@type\":\"SearchAction\",\"target\":{\"@type\":\"EntryPoint\",\"urlTemplate\":\"https:\\\/\\\/redenoticiaz.com.br\\\/litoralsp\\\/?s={search_term_string}\"},\"query-input\":{\"@type\":\"PropertyValueSpecification\",\"valueRequired\":true,\"valueName\":\"search_term_string\"}}],\"inLanguage\":\"pt-BR\"},{\"@type\":\"Organization\",\"@id\":\"https:\\\/\\\/redenoticiaz.com.br\\\/litoralsp\\\/#organization\",\"name\":\"Litoral SP\",\"url\":\"https:\\\/\\\/redenoticiaz.com.br\\\/litoralsp\\\/\",\"logo\":{\"@type\":\"ImageObject\",\"inLanguage\":\"pt-BR\",\"@id\":\"https:\\\/\\\/redenoticiaz.com.br\\\/litoralsp\\\/#\\\/schema\\\/logo\\\/image\\\/\",\"url\":\"https:\\\/\\\/redenoticiaz.com.br\\\/litoralsp\\\/wp-content\\\/uploads\\\/sites\\\/3\\\/2020\\\/11\\\/logo.jpg\",\"contentUrl\":\"https:\\\/\\\/redenoticiaz.com.br\\\/litoralsp\\\/wp-content\\\/uploads\\\/sites\\\/3\\\/2020\\\/11\\\/logo.jpg\",\"width\":400,\"height\":250,\"caption\":\"Litoral SP\"},\"image\":{\"@id\":\"https:\\\/\\\/redenoticiaz.com.br\\\/litoralsp\\\/#\\\/schema\\\/logo\\\/image\\\/\"}},{\"@type\":\"Person\",\"@id\":\"https:\\\/\\\/redenoticiaz.com.br\\\/litoralsp\\\/#\\\/schema\\\/person\\\/0f0b8a5bdafefe82841e07ae8d81ecb3\",\"name\":\"Leonardo Francisco\",\"image\":{\"@type\":\"ImageObject\",\"inLanguage\":\"pt-BR\",\"@id\":\"https:\\\/\\\/secure.gravatar.com\\\/avatar\\\/a7358cb406a99b682ec6df1e77e31ae82e63601f6784e8a3df411d72b37864da?s=96&d=mm&r=g\",\"url\":\"https:\\\/\\\/secure.gravatar.com\\\/avatar\\\/a7358cb406a99b682ec6df1e77e31ae82e63601f6784e8a3df411d72b37864da?s=96&d=mm&r=g\",\"contentUrl\":\"https:\\\/\\\/secure.gravatar.com\\\/avatar\\\/a7358cb406a99b682ec6df1e77e31ae82e63601f6784e8a3df411d72b37864da?s=96&d=mm&r=g\",\"caption\":\"Leonardo Francisco\"},\"url\":\"https:\\\/\\\/redenoticiaz.com.br\\\/litoralsp\\\/author\\\/leonardo-francisco\"}]}<\/script>\n<!-- \/ Yoast SEO plugin. -->","yoast_head_json":{"title":"Fiasco do Flamengo resulta na demiss\u00e3o de Renato Ga\u00facho - Litoral SP","description":"Acabou a passagem que seria dos sonhos de Renato Ga\u00facho como t\u00e9cnico do Flamengo. Nesta segunda-feira (29), o treinador se reuniu","robots":{"index":"index","follow":"follow","max-snippet":"max-snippet:-1","max-image-preview":"max-image-preview:large","max-video-preview":"max-video-preview:-1"},"canonical":"https:\/\/redenoticiaz.com.br\/litoralsp\/2021\/11\/29\/fiasco-do-flamengo-resulta-na-demissao-de-renato-gaucho","og_locale":"pt_BR","og_type":"article","og_title":"Fiasco do Flamengo resulta na demiss\u00e3o de Renato Ga\u00facho - Litoral SP","og_description":"Acabou a passagem que seria dos sonhos de Renato Ga\u00facho como t\u00e9cnico do Flamengo. Nesta segunda-feira (29), o treinador se reuniu","og_url":"https:\/\/redenoticiaz.com.br\/litoralsp\/2021\/11\/29\/fiasco-do-flamengo-resulta-na-demissao-de-renato-gaucho","og_site_name":"Litoral SP","article_published_time":"2021-11-29T18:26:58+00:00","article_modified_time":"2021-11-29T18:30:09+00:00","og_image":[{"width":640,"height":444,"url":"https:\/\/redenoticiaz.com.br\/litoralsp\/wp-content\/uploads\/sites\/3\/2021\/11\/renato-1.jpg","type":"image\/jpeg"}],"author":"Leonardo Francisco","twitter_card":"summary_large_image","twitter_misc":{"Escrito por":"Leonardo Francisco","Est. tempo de leitura":"2 minutos"},"schema":{"@context":"https:\/\/schema.org","@graph":[{"@type":"Article","@id":"https:\/\/redenoticiaz.com.br\/litoralsp\/2021\/11\/29\/fiasco-do-flamengo-resulta-na-demissao-de-renato-gaucho#article","isPartOf":{"@id":"https:\/\/redenoticiaz.com.br\/litoralsp\/2021\/11\/29\/fiasco-do-flamengo-resulta-na-demissao-de-renato-gaucho"},"author":{"name":"Leonardo Francisco","@id":"https:\/\/redenoticiaz.com.br\/litoralsp\/#\/schema\/person\/0f0b8a5bdafefe82841e07ae8d81ecb3"},"headline":"Fiasco do Flamengo resulta na demiss\u00e3o de Renato Ga\u00facho","datePublished":"2021-11-29T18:26:58+00:00","dateModified":"2021-11-29T18:30:09+00:00","mainEntityOfPage":{"@id":"https:\/\/redenoticiaz.com.br\/litoralsp\/2021\/11\/29\/fiasco-do-flamengo-resulta-na-demissao-de-renato-gaucho"},"wordCount":422,"commentCount":0,"publisher":{"@id":"https:\/\/redenoticiaz.com.br\/litoralsp\/#organization"},"image":{"@id":"https:\/\/redenoticiaz.com.br\/litoralsp\/2021\/11\/29\/fiasco-do-flamengo-resulta-na-demissao-de-renato-gaucho#primaryimage"},"thumbnailUrl":"https:\/\/redenoticiaz.com.br\/litoralsp\/wp-content\/uploads\/sites\/3\/2021\/11\/renato-1.jpg","keywords":["DEMISS\u00c3O DE RENATO GA\u00daCHO","FLAMENGO","RENATO GA\u00daCHO","RENATO PORTALUPPPI"],"articleSection":["Esporte"],"inLanguage":"pt-BR","potentialAction":[{"@type":"CommentAction","name":"Comment","target":["https:\/\/redenoticiaz.com.br\/litoralsp\/2021\/11\/29\/fiasco-do-flamengo-resulta-na-demissao-de-renato-gaucho#respond"]}]},{"@type":"WebPage","@id":"https:\/\/redenoticiaz.com.br\/litoralsp\/2021\/11\/29\/fiasco-do-flamengo-resulta-na-demissao-de-renato-gaucho","url":"https:\/\/redenoticiaz.com.br\/litoralsp\/2021\/11\/29\/fiasco-do-flamengo-resulta-na-demissao-de-renato-gaucho","name":"Fiasco do Flamengo resulta na demiss\u00e3o de Renato Ga\u00facho - Litoral SP","isPartOf":{"@id":"https:\/\/redenoticiaz.com.br\/litoralsp\/#website"},"primaryImageOfPage":{"@id":"https:\/\/redenoticiaz.com.br\/litoralsp\/2021\/11\/29\/fiasco-do-flamengo-resulta-na-demissao-de-renato-gaucho#primaryimage"},"image":{"@id":"https:\/\/redenoticiaz.com.br\/litoralsp\/2021\/11\/29\/fiasco-do-flamengo-resulta-na-demissao-de-renato-gaucho#primaryimage"},"thumbnailUrl":"https:\/\/redenoticiaz.com.br\/litoralsp\/wp-content\/uploads\/sites\/3\/2021\/11\/renato-1.jpg","datePublished":"2021-11-29T18:26:58+00:00","dateModified":"2021-11-29T18:30:09+00:00","description":"Acabou a passagem que seria dos sonhos de Renato Ga\u00facho como t\u00e9cnico do Flamengo. Nesta segunda-feira (29), o treinador se reuniu","inLanguage":"pt-BR","potentialAction":[{"@type":"ReadAction","target":["https:\/\/redenoticiaz.com.br\/litoralsp\/2021\/11\/29\/fiasco-do-flamengo-resulta-na-demissao-de-renato-gaucho"]}]},{"@type":"ImageObject","inLanguage":"pt-BR","@id":"https:\/\/redenoticiaz.com.br\/litoralsp\/2021\/11\/29\/fiasco-do-flamengo-resulta-na-demissao-de-renato-gaucho#primaryimage","url":"https:\/\/redenoticiaz.com.br\/litoralsp\/wp-content\/uploads\/sites\/3\/2021\/11\/renato-1.jpg","contentUrl":"https:\/\/redenoticiaz.com.br\/litoralsp\/wp-content\/uploads\/sites\/3\/2021\/11\/renato-1.jpg","width":640,"height":444,"caption":"Treinador sai do clube com um aproveitamento de 72%, mas com elmina\u00e7\u00f5es e derrotas humilhantes."},{"@type":"WebSite","@id":"https:\/\/redenoticiaz.com.br\/litoralsp\/#website","url":"https:\/\/redenoticiaz.com.br\/litoralsp\/","name":"Litoral SP","description":"Rede NoticiaZ","publisher":{"@id":"https:\/\/redenoticiaz.com.br\/litoralsp\/#organization"},"potentialAction":[{"@type":"SearchAction","target":{"@type":"EntryPoint","urlTemplate":"https:\/\/redenoticiaz.com.br\/litoralsp\/?s={search_term_string}"},"query-input":{"@type":"PropertyValueSpecification","valueRequired":true,"valueName":"search_term_string"}}],"inLanguage":"pt-BR"},{"@type":"Organization","@id":"https:\/\/redenoticiaz.com.br\/litoralsp\/#organization","name":"Litoral SP","url":"https:\/\/redenoticiaz.com.br\/litoralsp\/","logo":{"@type":"ImageObject","inLanguage":"pt-BR","@id":"https:\/\/redenoticiaz.com.br\/litoralsp\/#\/schema\/logo\/image\/","url":"https:\/\/redenoticiaz.com.br\/litoralsp\/wp-content\/uploads\/sites\/3\/2020\/11\/logo.jpg","contentUrl":"https:\/\/redenoticiaz.com.br\/litoralsp\/wp-content\/uploads\/sites\/3\/2020\/11\/logo.jpg","width":400,"height":250,"caption":"Litoral SP"},"image":{"@id":"https:\/\/redenoticiaz.com.br\/litoralsp\/#\/schema\/logo\/image\/"}},{"@type":"Person","@id":"https:\/\/redenoticiaz.com.br\/litoralsp\/#\/schema\/person\/0f0b8a5bdafefe82841e07ae8d81ecb3","name":"Leonardo Francisco","image":{"@type":"ImageObject","inLanguage":"pt-BR","@id":"https:\/\/secure.gravatar.com\/avatar\/a7358cb406a99b682ec6df1e77e31ae82e63601f6784e8a3df411d72b37864da?s=96&d=mm&r=g","url":"https:\/\/secure.gravatar.com\/avatar\/a7358cb406a99b682ec6df1e77e31ae82e63601f6784e8a3df411d72b37864da?s=96&d=mm&r=g","contentUrl":"https:\/\/secure.gravatar.com\/avatar\/a7358cb406a99b682ec6df1e77e31ae82e63601f6784e8a3df411d72b37864da?s=96&d=mm&r=g","caption":"Leonardo Francisco"},"url":"https:\/\/redenoticiaz.com.br\/litoralsp\/author\/leonardo-francisco"}]}},"_links":{"self":[{"href":"https:\/\/redenoticiaz.com.br\/litoralsp\/wp-json\/wp\/v2\/posts\/19268","targetHints":{"allow":["GET"]}}],"collection":[{"href":"https:\/\/redenoticiaz.com.br\/litoralsp\/wp-json\/wp\/v2\/posts"}],"about":[{"href":"https:\/\/redenoticiaz.com.br\/litoralsp\/wp-json\/wp\/v2\/types\/post"}],"author":[{"embeddable":true,"href":"https:\/\/redenoticiaz.com.br\/litoralsp\/wp-json\/wp\/v2\/users\/6"}],"replies":[{"embeddable":true,"href":"https:\/\/redenoticiaz.com.br\/litoralsp\/wp-json\/wp\/v2\/comments?post=19268"}],"version-history":[{"count":1,"href":"https:\/\/redenoticiaz.com.br\/litoralsp\/wp-json\/wp\/v2\/posts\/19268\/revisions"}],"predecessor-version":[{"id":19270,"href":"https:\/\/redenoticiaz.com.br\/litoralsp\/wp-json\/wp\/v2\/posts\/19268\/revisions\/19270"}],"wp:featuredmedia":[{"embeddable":true,"href":"https:\/\/redenoticiaz.com.br\/litoralsp\/wp-json\/wp\/v2\/media\/19269"}],"wp:attachment":[{"href":"https:\/\/redenoticiaz.com.br\/litoralsp\/wp-json\/wp\/v2\/media?parent=19268"}],"wp:term":[{"taxonomy":"category","embeddable":true,"href":"https:\/\/redenoticiaz.com.br\/litoralsp\/wp-json\/wp\/v2\/categories?post=19268"},{"taxonomy":"post_tag","embeddable":true,"href":"https:\/\/redenoticiaz.com.br\/litoralsp\/wp-json\/wp\/v2\/tags?post=19268"}],"curies":[{"name":"wp","href":"https:\/\/api.w.org\/{rel}","templated":true}]}}