{"id":19496,"date":"2021-12-05T12:00:23","date_gmt":"2021-12-05T15:00:23","guid":{"rendered":"https:\/\/redenoticiaz.com.br\/litoralsp\/?p=19496"},"modified":"2021-12-03T11:32:21","modified_gmt":"2021-12-03T14:32:21","slug":"a-pandemia-trouxe-beneficios-em-muitos-servicos","status":"publish","type":"post","link":"https:\/\/redenoticiaz.com.br\/litoralsp\/2021\/12\/05\/a-pandemia-trouxe-beneficios-em-muitos-servicos","title":{"rendered":"A pandemia trouxe benef\u00edcios em muitos servi\u00e7os"},"content":{"rendered":"<p>Quase dois anos que o Brasil e o mundo tiveram de conviver com a <strong>pandemia do coronav\u00edrus<\/strong> e ela for\u00e7ou com que mudan\u00e7as e adapta\u00e7\u00f5es precisassem ser feitas. Especialmente nas empresas que ensaiavam sua transforma\u00e7\u00e3o digital, agora operam de forma 100% online; e o teletrabalho ou home-office, que era uma situa\u00e7\u00e3o espor\u00e1dica ou excepcional, hoje \u00e9 uma realidade permanente para muitos profissionais.<\/p>\n<p>Ou seja, o que tinha come\u00e7ado como uma estrat\u00e9gia tempor\u00e1ria ou experimento acabou virando a melhor op\u00e7\u00e3o para muitos. Um exemplo \u00e9 o escrit\u00f3rio Norden Arquitetura, em Goi\u00e2nia. Desde maio do ano passado fechou definitivamente seu escrit\u00f3rio f\u00edsico num bairro nobre da capital goiana e a empresa cresceu ainda mais.<\/p>\n<p>\u201cNo come\u00e7o, quando decidimos desativar o nosso escrit\u00f3rio f\u00edsico, ficamos at\u00e9 receosos, pois depois de um ano podia n\u00e3o dar certo e todo mundo voltaria para o presencial. Mas agora depois de um ano e meio, em que j\u00e1 estamos consolidados neste sistema de trabalho totalmente online, com toda a nossa equipe trabalhando em home office, podemos dizer com toda a seguran\u00e7a, nossa empresa nunca produziu tanto, nunca fechou tantos contratos. Ela nunca esteve t\u00e3o em evid\u00eancia no mercado como agora\u201d, declara Paulo Renato Alves, arquiteto e um dos s\u00f3cios da Norden Arquitetura.<\/p>\n<h3>Mudan\u00e7a digital<\/h3>\n<p>E, de fato, a pandemia fez com que a grande maioria das empresas brasileiras tirassem do papel ou intensificassem seus projetos de transforma\u00e7\u00e3o digital. Segundo o estudo <a href=\"https:\/\/www.delltechnologies.com\/pt-br\/perspectives\/digital-transformation-index.htm\" target=\"_blank\" rel=\"noopener noreferrer\">\u00cdndice de Transforma\u00e7\u00e3o Digital da Dell Technologies 2020<\/a>\u00a0(DT Index 2020), mais de 87,5% das empresas no Brasil aceleraram seus projetos de transforma\u00e7\u00e3o digital. O n\u00famero ficou acima da m\u00e9dia mundial, que \u00e9 de 80%. A pesquisa da DT Index 2020 tamb\u00e9m apontou que 92% das companhias precisaram reinventar o seu modelo de neg\u00f3cio, devido ao cen\u00e1rio gerado pela Covid-19.<\/p>\n<p>Outro levantamento feito pela operadora de cart\u00e3o Mastercard com empresas de pequeno e m\u00e9dio porte no setor do varejo revelou que o n\u00famero de companhias brasileiras que fizeram a migra\u00e7\u00e3o, total ou parcialmente, para o ambiente digital cresceu 208% em 2020, na compara\u00e7\u00e3o com 2019.<\/p>\n<h3><strong>Maturidade digital<\/strong><\/h3>\n<p>Um estudo internacional feito pelo Boston Consulting Group (BCG) constatou que a maturidade digital de uma empresa \u00e9 fator essencial para que ela, n\u00e3o s\u00f3 sobreviva, mas para que tenha melhores resultados financeiros. A pesquisa avaliou o n\u00edvel de <a href=\"https:\/\/ddwb.com.br\/midias-de-performance\/\" target=\"_blank\" rel=\"noopener noreferrer\">maturidade digital<\/a>\u00a0de 2.296 empresas nos Estados Unidos, Europa e \u00c1sia, entre 2017 e 2020, em dez setores.<\/p>\n<p>Seis meses ap\u00f3s o in\u00edcio da pandemia, as organiza\u00e7\u00f5es mais maduras digitalmente (ou \u201cbi\u00f4nicas\u201d, como classifica a consultoria) estavam 23% em m\u00e9dia mais valorizadas do que antes da crise, e 40% delas aumentaram suas receitas em mais de 10%, enquanto apenas 19% das menos maduras conseguiram o mesmo resultado.<\/p>\n<p>Paulo Renato, s\u00f3cio-fundador da Norden, explica que ap\u00f3s um ano de trabalho \u00e0 dist\u00e2ncia, a produtividade da empresa aumentou, bem como o n\u00famero de clientes. \u201cNossa receita cresceu e tamb\u00e9m o n\u00famero de projetos e de contratos fechados durante a pandemia. N\u00f3s tamb\u00e9m expandimos nossa atua\u00e7\u00e3o no territ\u00f3rio brasileiro, pois passamos a ser procurados por clientes de v\u00e1rios estados e de todas as regi\u00f5es\u201d, salienta.<\/p>\n<h3><strong>Economizar?<\/strong><\/h3>\n<p>Segundo Paulo Renato Alves, ao contr\u00e1rio de muitas empresas que com a pandemia quiseram economizar, a decis\u00e3o de n\u00e3o se ter um escrit\u00f3rio f\u00edsico para a Norden Arquitetura n\u00e3o foi uma quest\u00e3o de redu\u00e7\u00e3o de custos. \u201cO real motivo para abandonarmos de vez a necessidade de se ter um escrit\u00f3rio f\u00edsico n\u00e3o foi a economia com aluguel ou manuten\u00e7\u00e3o do espa\u00e7o, mas simplesmente porque no sistema home office a empresa passou a produzir bem mais e as pessoas estavam mais felizes, sem a obrigatoriedade de se deslocar at\u00e9 o escrit\u00f3rio\u201d, diz Paulo Renato.<\/p>\n<p>Ali\u00e1s, o arquiteto explica que a Norden precisou fazer mais investimentos para viabilizar esse modelo de trabalho online. \u201cOs custos da sede f\u00edsica foram convertidos para investimento em softwares de gest\u00e3o de projetos, gest\u00e3o de pessoas, gest\u00e3o financeira, gest\u00e3o de tempo e programas de armazenamentos, entre outros\u201d, esclarece.<\/p>\n<p>A decis\u00e3o de trabalhar de forma remota fez da Norden o primeiro escrit\u00f3rio de grande porte e fulldesign a funcionar integralmente de forma digital. Ou seja, toda a operacionaliza\u00e7\u00e3o da empresa ocorrer\u00e1 de forma remota entre os mais de 20 integrantes da equipe, que j\u00e1 trabalham de forma online, usando as mais modernas plataformas digitais de arquitetura e gest\u00e3o.<\/p>\n<h3><strong>Modelo de trabalho<br \/>\n<\/strong><\/h3>\n<p>Para a Norden, o sistema de teletrabalho facilitou, inclusive, a contrata\u00e7\u00e3o de colaboradores de fora. \u201cA partir do momento em que o trabalho \u00e9 home office, essas pessoas contratadas podem ser do mundo inteiro. Ent\u00e3o trabalhamos com gente da Bulg\u00e1ria, de Portugal, da Bahia, e todos comp\u00f5em a equipe Norden. E essa expans\u00e3o que experimentamos se deu justamente por termos resolvido utilizar mais a tecnologia, uma vez que a quest\u00e3o do espa\u00e7o f\u00edsico ou do escrit\u00f3rio passou a ser um detalhe que j\u00e1 n\u00e3o nos atendia\u201d, relata.<\/p>\n<h3><strong>Desafios<\/strong><\/h3>\n<p>Mas, apesar dos bons resultados com o sistema home office, Paulo Renato lembra que nem tudo foram flores no come\u00e7o, e que a mudan\u00e7a da tradicional rotina casa-escrit\u00f3rio e escrit\u00f3rio-casa exigiu mais esfor\u00e7o de adapta\u00e7\u00e3o por parte de alguns.<\/p>\n<p>\u201cA maior dificuldade foi encontrar uma forma de organizar o tempo de trabalho. Ent\u00e3o teve casos de pessoas trabalhando muito al\u00e9m do hor\u00e1rio que faziam normalmente no escrit\u00f3rio. E isso realmente gerou, no come\u00e7o, um pouco de estresse. Por\u00e9m, em dois meses esse problema come\u00e7ou a ser solucionado com a implementa\u00e7\u00e3o de alguns softwares de gest\u00e3o, o que deixou a agenda das pessoas mais organizada\u201d, destaca Paulo Renato.<\/p>\n<p>O arquiteto avalia ainda que a gest\u00e3o de pessoas representa a maior mudan\u00e7a deste atual momento pand\u00eamico, n\u00e3o s\u00f3 para a Norden, mas para a maioria das empresas. \u201c\u00c9 realmente um desafio grande ter o controle da empresa sem viver o dia-a-dia presencial, e isso todo mundo sentiu. A nossa diferen\u00e7a, acredito eu, \u00e9 que enquanto a grande maioria estava fazendo seu home office pensando em voltar ao normal, n\u00f3s aqui da Norden vimos a oportunidade de aumentar a produtividade e dar sequ\u00eancia a este plano que nos foi imposto, mas que fez tanto sentido para a gente que agora n\u00e3o queremos mais sair dele\u201d, conclui.<\/p>\n<p><strong>LEIA TAMB\u00c9M<\/strong><\/p>\n<p><a href=\"https:\/\/redenoticiaz.com.br\/blog\/2021\/11\/13\/a-decoracao-do-home-office-veio-para-ficar\">A decora\u00e7\u00e3o do home office veio para ficar<\/a><\/p>\n","protected":false},"excerpt":{"rendered":"<p>Quase dois anos que o Brasil e o mundo tiveram de conviver com a pandemia do coronav\u00edrus e ela for\u00e7ou com que mudan\u00e7as e adapta\u00e7\u00f5es precisassem ser feitas. Especialmente nas empresas que ensaiavam sua transforma\u00e7\u00e3o digital, agora operam de forma 100% online; e o teletrabalho ou home-office, que era uma situa\u00e7\u00e3o espor\u00e1dica ou excepcional, hoje &hellip;<\/p>\n","protected":false},"author":6,"featured_media":19497,"comment_status":"open","ping_status":"closed","sticky":false,"template":"","format":"standard","meta":{"footnotes":""},"categories":[937],"tags":[9966,20784,16444,10207],"class_list":["post-19496","post","type-post","status-publish","format-standard","has-post-thumbnail","hentry","category-tecnologia","tag-empresas","tag-home-office","tag-mudancas","tag-pandemia-do-coronavirus"],"yoast_head":"<!-- This site is optimized with the Yoast SEO plugin v27.4 - https:\/\/yoast.com\/product\/yoast-seo-wordpress\/ -->\n<title>A pandemia trouxe benef\u00edcios em muitos servi\u00e7os - Litoral SP<\/title>\n<meta name=\"description\" content=\"Quase dois anos que o Brasil e o mundo tiveram de conviver com a pandemia do coronav\u00edrus e ela for\u00e7ou com que mudan\u00e7as\" \/>\n<meta name=\"robots\" content=\"index, follow, max-snippet:-1, max-image-preview:large, max-video-preview:-1\" \/>\n<link rel=\"canonical\" href=\"https:\/\/redenoticiaz.com.br\/litoralsp\/2021\/12\/05\/a-pandemia-trouxe-beneficios-em-muitos-servicos\" \/>\n<meta property=\"og:locale\" content=\"pt_BR\" \/>\n<meta property=\"og:type\" content=\"article\" \/>\n<meta property=\"og:title\" content=\"A pandemia trouxe benef\u00edcios em muitos servi\u00e7os - Litoral SP\" \/>\n<meta property=\"og:description\" content=\"Quase dois anos que o Brasil e o mundo tiveram de conviver com a pandemia do coronav\u00edrus e ela for\u00e7ou com que mudan\u00e7as\" \/>\n<meta property=\"og:url\" content=\"https:\/\/redenoticiaz.com.br\/litoralsp\/2021\/12\/05\/a-pandemia-trouxe-beneficios-em-muitos-servicos\" \/>\n<meta property=\"og:site_name\" content=\"Litoral SP\" \/>\n<meta property=\"article:published_time\" content=\"2021-12-05T15:00:23+00:00\" \/>\n<meta property=\"og:image\" content=\"https:\/\/redenoticiaz.com.br\/litoralsp\/wp-content\/uploads\/sites\/3\/2021\/12\/home_office.jpg\" \/>\n\t<meta property=\"og:image:width\" content=\"620\" \/>\n\t<meta property=\"og:image:height\" content=\"345\" \/>\n\t<meta property=\"og:image:type\" content=\"image\/jpeg\" \/>\n<meta name=\"author\" content=\"Leonardo Francisco\" \/>\n<meta name=\"twitter:card\" content=\"summary_large_image\" \/>\n<meta name=\"twitter:label1\" content=\"Escrito por\" \/>\n\t<meta name=\"twitter:data1\" content=\"Leonardo Francisco\" \/>\n\t<meta name=\"twitter:label2\" content=\"Est. tempo de leitura\" \/>\n\t<meta name=\"twitter:data2\" content=\"6 minutos\" \/>\n<script type=\"application\/ld+json\" class=\"yoast-schema-graph\">{\"@context\":\"https:\\\/\\\/schema.org\",\"@graph\":[{\"@type\":\"Article\",\"@id\":\"https:\\\/\\\/redenoticiaz.com.br\\\/litoralsp\\\/2021\\\/12\\\/05\\\/a-pandemia-trouxe-beneficios-em-muitos-servicos#article\",\"isPartOf\":{\"@id\":\"https:\\\/\\\/redenoticiaz.com.br\\\/litoralsp\\\/2021\\\/12\\\/05\\\/a-pandemia-trouxe-beneficios-em-muitos-servicos\"},\"author\":{\"name\":\"Leonardo Francisco\",\"@id\":\"https:\\\/\\\/redenoticiaz.com.br\\\/litoralsp\\\/#\\\/schema\\\/person\\\/0f0b8a5bdafefe82841e07ae8d81ecb3\"},\"headline\":\"A pandemia trouxe benef\u00edcios em muitos servi\u00e7os\",\"datePublished\":\"2021-12-05T15:00:23+00:00\",\"mainEntityOfPage\":{\"@id\":\"https:\\\/\\\/redenoticiaz.com.br\\\/litoralsp\\\/2021\\\/12\\\/05\\\/a-pandemia-trouxe-beneficios-em-muitos-servicos\"},\"wordCount\":1125,\"commentCount\":0,\"publisher\":{\"@id\":\"https:\\\/\\\/redenoticiaz.com.br\\\/litoralsp\\\/#organization\"},\"image\":{\"@id\":\"https:\\\/\\\/redenoticiaz.com.br\\\/litoralsp\\\/2021\\\/12\\\/05\\\/a-pandemia-trouxe-beneficios-em-muitos-servicos#primaryimage\"},\"thumbnailUrl\":\"https:\\\/\\\/redenoticiaz.com.br\\\/litoralsp\\\/wp-content\\\/uploads\\\/sites\\\/3\\\/2021\\\/12\\\/home_office.jpg\",\"keywords\":[\"EMPRESAS\",\"Home Office\",\"MUDAN\u00c7AS\",\"PANDEMIA DO CORONAV\u00cdRUS\"],\"articleSection\":[\"Tecnologia\"],\"inLanguage\":\"pt-BR\",\"potentialAction\":[{\"@type\":\"CommentAction\",\"name\":\"Comment\",\"target\":[\"https:\\\/\\\/redenoticiaz.com.br\\\/litoralsp\\\/2021\\\/12\\\/05\\\/a-pandemia-trouxe-beneficios-em-muitos-servicos#respond\"]}]},{\"@type\":\"WebPage\",\"@id\":\"https:\\\/\\\/redenoticiaz.com.br\\\/litoralsp\\\/2021\\\/12\\\/05\\\/a-pandemia-trouxe-beneficios-em-muitos-servicos\",\"url\":\"https:\\\/\\\/redenoticiaz.com.br\\\/litoralsp\\\/2021\\\/12\\\/05\\\/a-pandemia-trouxe-beneficios-em-muitos-servicos\",\"name\":\"A pandemia trouxe benef\u00edcios em muitos servi\u00e7os - Litoral SP\",\"isPartOf\":{\"@id\":\"https:\\\/\\\/redenoticiaz.com.br\\\/litoralsp\\\/#website\"},\"primaryImageOfPage\":{\"@id\":\"https:\\\/\\\/redenoticiaz.com.br\\\/litoralsp\\\/2021\\\/12\\\/05\\\/a-pandemia-trouxe-beneficios-em-muitos-servicos#primaryimage\"},\"image\":{\"@id\":\"https:\\\/\\\/redenoticiaz.com.br\\\/litoralsp\\\/2021\\\/12\\\/05\\\/a-pandemia-trouxe-beneficios-em-muitos-servicos#primaryimage\"},\"thumbnailUrl\":\"https:\\\/\\\/redenoticiaz.com.br\\\/litoralsp\\\/wp-content\\\/uploads\\\/sites\\\/3\\\/2021\\\/12\\\/home_office.jpg\",\"datePublished\":\"2021-12-05T15:00:23+00:00\",\"description\":\"Quase dois anos que o Brasil e o mundo tiveram de conviver com a pandemia do coronav\u00edrus e ela for\u00e7ou com que mudan\u00e7as\",\"inLanguage\":\"pt-BR\",\"potentialAction\":[{\"@type\":\"ReadAction\",\"target\":[\"https:\\\/\\\/redenoticiaz.com.br\\\/litoralsp\\\/2021\\\/12\\\/05\\\/a-pandemia-trouxe-beneficios-em-muitos-servicos\"]}]},{\"@type\":\"ImageObject\",\"inLanguage\":\"pt-BR\",\"@id\":\"https:\\\/\\\/redenoticiaz.com.br\\\/litoralsp\\\/2021\\\/12\\\/05\\\/a-pandemia-trouxe-beneficios-em-muitos-servicos#primaryimage\",\"url\":\"https:\\\/\\\/redenoticiaz.com.br\\\/litoralsp\\\/wp-content\\\/uploads\\\/sites\\\/3\\\/2021\\\/12\\\/home_office.jpg\",\"contentUrl\":\"https:\\\/\\\/redenoticiaz.com.br\\\/litoralsp\\\/wp-content\\\/uploads\\\/sites\\\/3\\\/2021\\\/12\\\/home_office.jpg\",\"width\":620,\"height\":345,\"caption\":\"Cr\u00e9ditos: Reprodu\u00e7\u00e3o\"},{\"@type\":\"WebSite\",\"@id\":\"https:\\\/\\\/redenoticiaz.com.br\\\/litoralsp\\\/#website\",\"url\":\"https:\\\/\\\/redenoticiaz.com.br\\\/litoralsp\\\/\",\"name\":\"Litoral SP\",\"description\":\"Rede NoticiaZ\",\"publisher\":{\"@id\":\"https:\\\/\\\/redenoticiaz.com.br\\\/litoralsp\\\/#organization\"},\"potentialAction\":[{\"@type\":\"SearchAction\",\"target\":{\"@type\":\"EntryPoint\",\"urlTemplate\":\"https:\\\/\\\/redenoticiaz.com.br\\\/litoralsp\\\/?s={search_term_string}\"},\"query-input\":{\"@type\":\"PropertyValueSpecification\",\"valueRequired\":true,\"valueName\":\"search_term_string\"}}],\"inLanguage\":\"pt-BR\"},{\"@type\":\"Organization\",\"@id\":\"https:\\\/\\\/redenoticiaz.com.br\\\/litoralsp\\\/#organization\",\"name\":\"Litoral SP\",\"url\":\"https:\\\/\\\/redenoticiaz.com.br\\\/litoralsp\\\/\",\"logo\":{\"@type\":\"ImageObject\",\"inLanguage\":\"pt-BR\",\"@id\":\"https:\\\/\\\/redenoticiaz.com.br\\\/litoralsp\\\/#\\\/schema\\\/logo\\\/image\\\/\",\"url\":\"https:\\\/\\\/redenoticiaz.com.br\\\/litoralsp\\\/wp-content\\\/uploads\\\/sites\\\/3\\\/2020\\\/11\\\/logo.jpg\",\"contentUrl\":\"https:\\\/\\\/redenoticiaz.com.br\\\/litoralsp\\\/wp-content\\\/uploads\\\/sites\\\/3\\\/2020\\\/11\\\/logo.jpg\",\"width\":400,\"height\":250,\"caption\":\"Litoral SP\"},\"image\":{\"@id\":\"https:\\\/\\\/redenoticiaz.com.br\\\/litoralsp\\\/#\\\/schema\\\/logo\\\/image\\\/\"}},{\"@type\":\"Person\",\"@id\":\"https:\\\/\\\/redenoticiaz.com.br\\\/litoralsp\\\/#\\\/schema\\\/person\\\/0f0b8a5bdafefe82841e07ae8d81ecb3\",\"name\":\"Leonardo Francisco\",\"image\":{\"@type\":\"ImageObject\",\"inLanguage\":\"pt-BR\",\"@id\":\"https:\\\/\\\/secure.gravatar.com\\\/avatar\\\/a7358cb406a99b682ec6df1e77e31ae82e63601f6784e8a3df411d72b37864da?s=96&d=mm&r=g\",\"url\":\"https:\\\/\\\/secure.gravatar.com\\\/avatar\\\/a7358cb406a99b682ec6df1e77e31ae82e63601f6784e8a3df411d72b37864da?s=96&d=mm&r=g\",\"contentUrl\":\"https:\\\/\\\/secure.gravatar.com\\\/avatar\\\/a7358cb406a99b682ec6df1e77e31ae82e63601f6784e8a3df411d72b37864da?s=96&d=mm&r=g\",\"caption\":\"Leonardo Francisco\"},\"url\":\"https:\\\/\\\/redenoticiaz.com.br\\\/litoralsp\\\/author\\\/leonardo-francisco\"}]}<\/script>\n<!-- \/ Yoast SEO plugin. -->","yoast_head_json":{"title":"A pandemia trouxe benef\u00edcios em muitos servi\u00e7os - Litoral SP","description":"Quase dois anos que o Brasil e o mundo tiveram de conviver com a pandemia do coronav\u00edrus e ela for\u00e7ou com que mudan\u00e7as","robots":{"index":"index","follow":"follow","max-snippet":"max-snippet:-1","max-image-preview":"max-image-preview:large","max-video-preview":"max-video-preview:-1"},"canonical":"https:\/\/redenoticiaz.com.br\/litoralsp\/2021\/12\/05\/a-pandemia-trouxe-beneficios-em-muitos-servicos","og_locale":"pt_BR","og_type":"article","og_title":"A pandemia trouxe benef\u00edcios em muitos servi\u00e7os - Litoral SP","og_description":"Quase dois anos que o Brasil e o mundo tiveram de conviver com a pandemia do coronav\u00edrus e ela for\u00e7ou com que mudan\u00e7as","og_url":"https:\/\/redenoticiaz.com.br\/litoralsp\/2021\/12\/05\/a-pandemia-trouxe-beneficios-em-muitos-servicos","og_site_name":"Litoral SP","article_published_time":"2021-12-05T15:00:23+00:00","og_image":[{"width":620,"height":345,"url":"https:\/\/redenoticiaz.com.br\/litoralsp\/wp-content\/uploads\/sites\/3\/2021\/12\/home_office.jpg","type":"image\/jpeg"}],"author":"Leonardo Francisco","twitter_card":"summary_large_image","twitter_misc":{"Escrito por":"Leonardo Francisco","Est. tempo de leitura":"6 minutos"},"schema":{"@context":"https:\/\/schema.org","@graph":[{"@type":"Article","@id":"https:\/\/redenoticiaz.com.br\/litoralsp\/2021\/12\/05\/a-pandemia-trouxe-beneficios-em-muitos-servicos#article","isPartOf":{"@id":"https:\/\/redenoticiaz.com.br\/litoralsp\/2021\/12\/05\/a-pandemia-trouxe-beneficios-em-muitos-servicos"},"author":{"name":"Leonardo Francisco","@id":"https:\/\/redenoticiaz.com.br\/litoralsp\/#\/schema\/person\/0f0b8a5bdafefe82841e07ae8d81ecb3"},"headline":"A pandemia trouxe benef\u00edcios em muitos servi\u00e7os","datePublished":"2021-12-05T15:00:23+00:00","mainEntityOfPage":{"@id":"https:\/\/redenoticiaz.com.br\/litoralsp\/2021\/12\/05\/a-pandemia-trouxe-beneficios-em-muitos-servicos"},"wordCount":1125,"commentCount":0,"publisher":{"@id":"https:\/\/redenoticiaz.com.br\/litoralsp\/#organization"},"image":{"@id":"https:\/\/redenoticiaz.com.br\/litoralsp\/2021\/12\/05\/a-pandemia-trouxe-beneficios-em-muitos-servicos#primaryimage"},"thumbnailUrl":"https:\/\/redenoticiaz.com.br\/litoralsp\/wp-content\/uploads\/sites\/3\/2021\/12\/home_office.jpg","keywords":["EMPRESAS","Home Office","MUDAN\u00c7AS","PANDEMIA DO CORONAV\u00cdRUS"],"articleSection":["Tecnologia"],"inLanguage":"pt-BR","potentialAction":[{"@type":"CommentAction","name":"Comment","target":["https:\/\/redenoticiaz.com.br\/litoralsp\/2021\/12\/05\/a-pandemia-trouxe-beneficios-em-muitos-servicos#respond"]}]},{"@type":"WebPage","@id":"https:\/\/redenoticiaz.com.br\/litoralsp\/2021\/12\/05\/a-pandemia-trouxe-beneficios-em-muitos-servicos","url":"https:\/\/redenoticiaz.com.br\/litoralsp\/2021\/12\/05\/a-pandemia-trouxe-beneficios-em-muitos-servicos","name":"A pandemia trouxe benef\u00edcios em muitos servi\u00e7os - Litoral SP","isPartOf":{"@id":"https:\/\/redenoticiaz.com.br\/litoralsp\/#website"},"primaryImageOfPage":{"@id":"https:\/\/redenoticiaz.com.br\/litoralsp\/2021\/12\/05\/a-pandemia-trouxe-beneficios-em-muitos-servicos#primaryimage"},"image":{"@id":"https:\/\/redenoticiaz.com.br\/litoralsp\/2021\/12\/05\/a-pandemia-trouxe-beneficios-em-muitos-servicos#primaryimage"},"thumbnailUrl":"https:\/\/redenoticiaz.com.br\/litoralsp\/wp-content\/uploads\/sites\/3\/2021\/12\/home_office.jpg","datePublished":"2021-12-05T15:00:23+00:00","description":"Quase dois anos que o Brasil e o mundo tiveram de conviver com a pandemia do coronav\u00edrus e ela for\u00e7ou com que mudan\u00e7as","inLanguage":"pt-BR","potentialAction":[{"@type":"ReadAction","target":["https:\/\/redenoticiaz.com.br\/litoralsp\/2021\/12\/05\/a-pandemia-trouxe-beneficios-em-muitos-servicos"]}]},{"@type":"ImageObject","inLanguage":"pt-BR","@id":"https:\/\/redenoticiaz.com.br\/litoralsp\/2021\/12\/05\/a-pandemia-trouxe-beneficios-em-muitos-servicos#primaryimage","url":"https:\/\/redenoticiaz.com.br\/litoralsp\/wp-content\/uploads\/sites\/3\/2021\/12\/home_office.jpg","contentUrl":"https:\/\/redenoticiaz.com.br\/litoralsp\/wp-content\/uploads\/sites\/3\/2021\/12\/home_office.jpg","width":620,"height":345,"caption":"Cr\u00e9ditos: Reprodu\u00e7\u00e3o"},{"@type":"WebSite","@id":"https:\/\/redenoticiaz.com.br\/litoralsp\/#website","url":"https:\/\/redenoticiaz.com.br\/litoralsp\/","name":"Litoral SP","description":"Rede NoticiaZ","publisher":{"@id":"https:\/\/redenoticiaz.com.br\/litoralsp\/#organization"},"potentialAction":[{"@type":"SearchAction","target":{"@type":"EntryPoint","urlTemplate":"https:\/\/redenoticiaz.com.br\/litoralsp\/?s={search_term_string}"},"query-input":{"@type":"PropertyValueSpecification","valueRequired":true,"valueName":"search_term_string"}}],"inLanguage":"pt-BR"},{"@type":"Organization","@id":"https:\/\/redenoticiaz.com.br\/litoralsp\/#organization","name":"Litoral SP","url":"https:\/\/redenoticiaz.com.br\/litoralsp\/","logo":{"@type":"ImageObject","inLanguage":"pt-BR","@id":"https:\/\/redenoticiaz.com.br\/litoralsp\/#\/schema\/logo\/image\/","url":"https:\/\/redenoticiaz.com.br\/litoralsp\/wp-content\/uploads\/sites\/3\/2020\/11\/logo.jpg","contentUrl":"https:\/\/redenoticiaz.com.br\/litoralsp\/wp-content\/uploads\/sites\/3\/2020\/11\/logo.jpg","width":400,"height":250,"caption":"Litoral SP"},"image":{"@id":"https:\/\/redenoticiaz.com.br\/litoralsp\/#\/schema\/logo\/image\/"}},{"@type":"Person","@id":"https:\/\/redenoticiaz.com.br\/litoralsp\/#\/schema\/person\/0f0b8a5bdafefe82841e07ae8d81ecb3","name":"Leonardo Francisco","image":{"@type":"ImageObject","inLanguage":"pt-BR","@id":"https:\/\/secure.gravatar.com\/avatar\/a7358cb406a99b682ec6df1e77e31ae82e63601f6784e8a3df411d72b37864da?s=96&d=mm&r=g","url":"https:\/\/secure.gravatar.com\/avatar\/a7358cb406a99b682ec6df1e77e31ae82e63601f6784e8a3df411d72b37864da?s=96&d=mm&r=g","contentUrl":"https:\/\/secure.gravatar.com\/avatar\/a7358cb406a99b682ec6df1e77e31ae82e63601f6784e8a3df411d72b37864da?s=96&d=mm&r=g","caption":"Leonardo Francisco"},"url":"https:\/\/redenoticiaz.com.br\/litoralsp\/author\/leonardo-francisco"}]}},"_links":{"self":[{"href":"https:\/\/redenoticiaz.com.br\/litoralsp\/wp-json\/wp\/v2\/posts\/19496","targetHints":{"allow":["GET"]}}],"collection":[{"href":"https:\/\/redenoticiaz.com.br\/litoralsp\/wp-json\/wp\/v2\/posts"}],"about":[{"href":"https:\/\/redenoticiaz.com.br\/litoralsp\/wp-json\/wp\/v2\/types\/post"}],"author":[{"embeddable":true,"href":"https:\/\/redenoticiaz.com.br\/litoralsp\/wp-json\/wp\/v2\/users\/6"}],"replies":[{"embeddable":true,"href":"https:\/\/redenoticiaz.com.br\/litoralsp\/wp-json\/wp\/v2\/comments?post=19496"}],"version-history":[{"count":1,"href":"https:\/\/redenoticiaz.com.br\/litoralsp\/wp-json\/wp\/v2\/posts\/19496\/revisions"}],"predecessor-version":[{"id":19498,"href":"https:\/\/redenoticiaz.com.br\/litoralsp\/wp-json\/wp\/v2\/posts\/19496\/revisions\/19498"}],"wp:featuredmedia":[{"embeddable":true,"href":"https:\/\/redenoticiaz.com.br\/litoralsp\/wp-json\/wp\/v2\/media\/19497"}],"wp:attachment":[{"href":"https:\/\/redenoticiaz.com.br\/litoralsp\/wp-json\/wp\/v2\/media?parent=19496"}],"wp:term":[{"taxonomy":"category","embeddable":true,"href":"https:\/\/redenoticiaz.com.br\/litoralsp\/wp-json\/wp\/v2\/categories?post=19496"},{"taxonomy":"post_tag","embeddable":true,"href":"https:\/\/redenoticiaz.com.br\/litoralsp\/wp-json\/wp\/v2\/tags?post=19496"}],"curies":[{"name":"wp","href":"https:\/\/api.w.org\/{rel}","templated":true}]}}