{"id":19631,"date":"2021-12-08T19:16:48","date_gmt":"2021-12-08T22:16:48","guid":{"rendered":"https:\/\/redenoticiaz.com.br\/litoralsp\/?p=19631"},"modified":"2021-12-08T19:16:48","modified_gmt":"2021-12-08T22:16:48","slug":"jacare-e-flagrado-durante-passeio-em-terminal-portuario-de-santos","status":"publish","type":"post","link":"https:\/\/redenoticiaz.com.br\/litoralsp\/2021\/12\/08\/jacare-e-flagrado-durante-passeio-em-terminal-portuario-de-santos","title":{"rendered":"Jacar\u00e9 \u00e9 flagrado durante &#8216;passeio&#8217; em Terminal Portu\u00e1rio de Santos"},"content":{"rendered":"<p>Um v\u00eddeo mostrando um Jacar\u00e9 em uma cal\u00e7ada pr\u00f3xima a um terminal portu\u00e1rio, no Porto de Santos. De acordo com trabalhadores atrav\u00e9s das redes sociais, este n\u00e3o \u00e9 um caso isolado.<\/p>\n<div style=\"width: 352px;\" class=\"wp-video\"><video class=\"wp-video-shortcode\" id=\"video-19631-1\" width=\"352\" height=\"640\" preload=\"metadata\" controls=\"controls\"><source type=\"video\/mp4\" src=\"https:\/\/redenoticiaz.com.br\/litoralsp\/wp-content\/uploads\/sites\/3\/2021\/12\/jacare.mp4?_=1\" \/><a href=\"https:\/\/redenoticiaz.com.br\/litoralsp\/wp-content\/uploads\/sites\/3\/2021\/12\/jacare.mp4\">https:\/\/redenoticiaz.com.br\/litoralsp\/wp-content\/uploads\/sites\/3\/2021\/12\/jacare.mp4<\/a><\/video><\/div>\n<p>A Santos Port Authority (SPA) informou que os bombeiros colocaram o animal de volta na lagoa pr\u00f3ximo ao bairro da Alemoa, no centro da Cidade. De acordo com nota enviada a imprensa, n\u00e3o ser\u00e1 a \u00faltima vez que animais como este ser\u00e3o vistos no local.<\/p>\n<blockquote><p>&#8220;Estas esp\u00e9cies de r\u00e9pteis fazem parte do ecossistema do estu\u00e1rio de Santos, sendo natural seu avistamento em diversos locais do entorno do Porto, seja na \u00e1gua ou em terra&#8221;<\/p><\/blockquote>\n<p>&nbsp;<\/p>\n<p>&nbsp;<\/p>\n<p>&nbsp;<\/p>\n","protected":false},"excerpt":{"rendered":"<p>Um v\u00eddeo mostrando um Jacar\u00e9 em uma cal\u00e7ada pr\u00f3xima a um terminal portu\u00e1rio, no Porto de Santos. De acordo com trabalhadores atrav\u00e9s das redes sociais, este n\u00e3o \u00e9 um caso isolado. A Santos Port Authority (SPA) informou que os bombeiros colocaram o animal de volta na lagoa pr\u00f3ximo ao bairro da Alemoa, no centro da &hellip;<\/p>\n","protected":false},"author":12,"featured_media":19633,"comment_status":"open","ping_status":"closed","sticky":false,"template":"","format":"standard","meta":{"footnotes":""},"categories":[180],"tags":[42232,12532,986,10990],"class_list":["post-19631","post","type-post","status-publish","format-standard","has-post-thumbnail","hentry","category-santos","tag-flagra","tag-jacare","tag-santos","tag-trabalhadores"],"yoast_head":"<!-- This site is optimized with the Yoast SEO plugin v27.5 - https:\/\/yoast.com\/product\/yoast-seo-wordpress\/ -->\n<title>Jacar\u00e9 \u00e9 flagrado durante &#039;passeio&#039; em Terminal Portu\u00e1rio de Santos -<\/title>\n<meta name=\"description\" content=\"Um v\u00eddeo mostrando um Jacar\u00e9 em uma cal\u00e7ada pr\u00f3xima a um terminal portu\u00e1rio, no Porto de Santos. De acordo com trabalhadores atrav\u00e9s das redes sociais\" \/>\n<meta name=\"robots\" content=\"index, follow, max-snippet:-1, max-image-preview:large, max-video-preview:-1\" \/>\n<link rel=\"canonical\" href=\"https:\/\/redenoticiaz.com.br\/litoralsp\/2021\/12\/08\/jacare-e-flagrado-durante-passeio-em-terminal-portuario-de-santos\" \/>\n<meta property=\"og:locale\" content=\"pt_BR\" \/>\n<meta property=\"og:type\" content=\"article\" \/>\n<meta property=\"og:title\" content=\"Jacar\u00e9 \u00e9 flagrado durante &#039;passeio&#039; em Terminal Portu\u00e1rio de Santos -\" \/>\n<meta property=\"og:description\" content=\"Um v\u00eddeo mostrando um Jacar\u00e9 em uma cal\u00e7ada pr\u00f3xima a um terminal portu\u00e1rio, no Porto de Santos. De acordo com trabalhadores atrav\u00e9s das redes sociais\" \/>\n<meta property=\"og:url\" content=\"https:\/\/redenoticiaz.com.br\/litoralsp\/2021\/12\/08\/jacare-e-flagrado-durante-passeio-em-terminal-portuario-de-santos\" \/>\n<meta property=\"og:site_name\" content=\"Litoral SP\" \/>\n<meta property=\"article:published_time\" content=\"2021-12-08T22:16:48+00:00\" \/>\n<meta property=\"og:image\" content=\"https:\/\/redenoticiaz.com.br\/litoralsp\/wp-content\/uploads\/sites\/3\/2021\/12\/frame-jacare.jpg\" \/>\n\t<meta property=\"og:image:width\" content=\"1000\" \/>\n\t<meta property=\"og:image:height\" content=\"809\" \/>\n\t<meta property=\"og:image:type\" content=\"image\/jpeg\" \/>\n<meta name=\"author\" content=\"Gustavo Silva\" \/>\n<meta name=\"twitter:card\" content=\"summary_large_image\" \/>\n<meta name=\"twitter:label1\" content=\"Escrito por\" \/>\n\t<meta name=\"twitter:data1\" content=\"Gustavo Silva\" \/>\n\t<meta name=\"twitter:label2\" content=\"Est. tempo de leitura\" \/>\n\t<meta name=\"twitter:data2\" content=\"1 minuto\" \/>\n<script type=\"application\/ld+json\" class=\"yoast-schema-graph\">{\"@context\":\"https:\\\/\\\/schema.org\",\"@graph\":[{\"@type\":\"Article\",\"@id\":\"https:\\\/\\\/redenoticiaz.com.br\\\/litoralsp\\\/2021\\\/12\\\/08\\\/jacare-e-flagrado-durante-passeio-em-terminal-portuario-de-santos#article\",\"isPartOf\":{\"@id\":\"https:\\\/\\\/redenoticiaz.com.br\\\/litoralsp\\\/2021\\\/12\\\/08\\\/jacare-e-flagrado-durante-passeio-em-terminal-portuario-de-santos\"},\"author\":{\"name\":\"Gustavo Silva\",\"@id\":\"https:\\\/\\\/redenoticiaz.com.br\\\/litoralsp\\\/#\\\/schema\\\/person\\\/16057b37a3c0ee6b096d7f887c566e2e\"},\"headline\":\"Jacar\u00e9 \u00e9 flagrado durante &#8216;passeio&#8217; em Terminal Portu\u00e1rio de Santos\",\"datePublished\":\"2021-12-08T22:16:48+00:00\",\"mainEntityOfPage\":{\"@id\":\"https:\\\/\\\/redenoticiaz.com.br\\\/litoralsp\\\/2021\\\/12\\\/08\\\/jacare-e-flagrado-durante-passeio-em-terminal-portuario-de-santos\"},\"wordCount\":144,\"commentCount\":0,\"publisher\":{\"@id\":\"https:\\\/\\\/redenoticiaz.com.br\\\/litoralsp\\\/#organization\"},\"image\":{\"@id\":\"https:\\\/\\\/redenoticiaz.com.br\\\/litoralsp\\\/2021\\\/12\\\/08\\\/jacare-e-flagrado-durante-passeio-em-terminal-portuario-de-santos#primaryimage\"},\"thumbnailUrl\":\"https:\\\/\\\/redenoticiaz.com.br\\\/litoralsp\\\/wp-content\\\/uploads\\\/sites\\\/3\\\/2021\\\/12\\\/frame-jacare.jpg\",\"keywords\":[\"FLAGRA\",\"JACAR\u00c9\",\"Santos\",\"trabalhadores\"],\"articleSection\":[\"Santos\"],\"inLanguage\":\"pt-BR\",\"potentialAction\":[{\"@type\":\"CommentAction\",\"name\":\"Comment\",\"target\":[\"https:\\\/\\\/redenoticiaz.com.br\\\/litoralsp\\\/2021\\\/12\\\/08\\\/jacare-e-flagrado-durante-passeio-em-terminal-portuario-de-santos#respond\"]}]},{\"@type\":\"WebPage\",\"@id\":\"https:\\\/\\\/redenoticiaz.com.br\\\/litoralsp\\\/2021\\\/12\\\/08\\\/jacare-e-flagrado-durante-passeio-em-terminal-portuario-de-santos\",\"url\":\"https:\\\/\\\/redenoticiaz.com.br\\\/litoralsp\\\/2021\\\/12\\\/08\\\/jacare-e-flagrado-durante-passeio-em-terminal-portuario-de-santos\",\"name\":\"Jacar\u00e9 \u00e9 flagrado durante 'passeio' em Terminal Portu\u00e1rio de Santos -\",\"isPartOf\":{\"@id\":\"https:\\\/\\\/redenoticiaz.com.br\\\/litoralsp\\\/#website\"},\"primaryImageOfPage\":{\"@id\":\"https:\\\/\\\/redenoticiaz.com.br\\\/litoralsp\\\/2021\\\/12\\\/08\\\/jacare-e-flagrado-durante-passeio-em-terminal-portuario-de-santos#primaryimage\"},\"image\":{\"@id\":\"https:\\\/\\\/redenoticiaz.com.br\\\/litoralsp\\\/2021\\\/12\\\/08\\\/jacare-e-flagrado-durante-passeio-em-terminal-portuario-de-santos#primaryimage\"},\"thumbnailUrl\":\"https:\\\/\\\/redenoticiaz.com.br\\\/litoralsp\\\/wp-content\\\/uploads\\\/sites\\\/3\\\/2021\\\/12\\\/frame-jacare.jpg\",\"datePublished\":\"2021-12-08T22:16:48+00:00\",\"description\":\"Um v\u00eddeo mostrando um Jacar\u00e9 em uma cal\u00e7ada pr\u00f3xima a um terminal portu\u00e1rio, no Porto de Santos. De acordo com trabalhadores atrav\u00e9s das redes sociais\",\"inLanguage\":\"pt-BR\",\"potentialAction\":[{\"@type\":\"ReadAction\",\"target\":[\"https:\\\/\\\/redenoticiaz.com.br\\\/litoralsp\\\/2021\\\/12\\\/08\\\/jacare-e-flagrado-durante-passeio-em-terminal-portuario-de-santos\"]}]},{\"@type\":\"ImageObject\",\"inLanguage\":\"pt-BR\",\"@id\":\"https:\\\/\\\/redenoticiaz.com.br\\\/litoralsp\\\/2021\\\/12\\\/08\\\/jacare-e-flagrado-durante-passeio-em-terminal-portuario-de-santos#primaryimage\",\"url\":\"https:\\\/\\\/redenoticiaz.com.br\\\/litoralsp\\\/wp-content\\\/uploads\\\/sites\\\/3\\\/2021\\\/12\\\/frame-jacare.jpg\",\"contentUrl\":\"https:\\\/\\\/redenoticiaz.com.br\\\/litoralsp\\\/wp-content\\\/uploads\\\/sites\\\/3\\\/2021\\\/12\\\/frame-jacare.jpg\",\"width\":1000,\"height\":809,\"caption\":\"Cr\u00e9ditos: Reprodu\u00e7\u00e3o Facebook\"},{\"@type\":\"WebSite\",\"@id\":\"https:\\\/\\\/redenoticiaz.com.br\\\/litoralsp\\\/#website\",\"url\":\"https:\\\/\\\/redenoticiaz.com.br\\\/litoralsp\\\/\",\"name\":\"Litoral SP\",\"description\":\"Rede NoticiaZ\",\"publisher\":{\"@id\":\"https:\\\/\\\/redenoticiaz.com.br\\\/litoralsp\\\/#organization\"},\"potentialAction\":[{\"@type\":\"SearchAction\",\"target\":{\"@type\":\"EntryPoint\",\"urlTemplate\":\"https:\\\/\\\/redenoticiaz.com.br\\\/litoralsp\\\/?s={search_term_string}\"},\"query-input\":{\"@type\":\"PropertyValueSpecification\",\"valueRequired\":true,\"valueName\":\"search_term_string\"}}],\"inLanguage\":\"pt-BR\"},{\"@type\":\"Organization\",\"@id\":\"https:\\\/\\\/redenoticiaz.com.br\\\/litoralsp\\\/#organization\",\"name\":\"Litoral SP\",\"url\":\"https:\\\/\\\/redenoticiaz.com.br\\\/litoralsp\\\/\",\"logo\":{\"@type\":\"ImageObject\",\"inLanguage\":\"pt-BR\",\"@id\":\"https:\\\/\\\/redenoticiaz.com.br\\\/litoralsp\\\/#\\\/schema\\\/logo\\\/image\\\/\",\"url\":\"https:\\\/\\\/redenoticiaz.com.br\\\/litoralsp\\\/wp-content\\\/uploads\\\/sites\\\/3\\\/2020\\\/11\\\/logo.jpg\",\"contentUrl\":\"https:\\\/\\\/redenoticiaz.com.br\\\/litoralsp\\\/wp-content\\\/uploads\\\/sites\\\/3\\\/2020\\\/11\\\/logo.jpg\",\"width\":400,\"height\":250,\"caption\":\"Litoral SP\"},\"image\":{\"@id\":\"https:\\\/\\\/redenoticiaz.com.br\\\/litoralsp\\\/#\\\/schema\\\/logo\\\/image\\\/\"}},{\"@type\":\"Person\",\"@id\":\"https:\\\/\\\/redenoticiaz.com.br\\\/litoralsp\\\/#\\\/schema\\\/person\\\/16057b37a3c0ee6b096d7f887c566e2e\",\"name\":\"Gustavo Silva\",\"image\":{\"@type\":\"ImageObject\",\"inLanguage\":\"pt-BR\",\"@id\":\"https:\\\/\\\/secure.gravatar.com\\\/avatar\\\/3ee4e82f93b26de0a7cf4ea5eb7893da637ed6bb0c9170c58065944c56e28a33?s=96&d=mm&r=g\",\"url\":\"https:\\\/\\\/secure.gravatar.com\\\/avatar\\\/3ee4e82f93b26de0a7cf4ea5eb7893da637ed6bb0c9170c58065944c56e28a33?s=96&d=mm&r=g\",\"contentUrl\":\"https:\\\/\\\/secure.gravatar.com\\\/avatar\\\/3ee4e82f93b26de0a7cf4ea5eb7893da637ed6bb0c9170c58065944c56e28a33?s=96&d=mm&r=g\",\"caption\":\"Gustavo Silva\"},\"url\":\"https:\\\/\\\/redenoticiaz.com.br\\\/litoralsp\\\/author\\\/gustavosilva\"}]}<\/script>\n<!-- \/ Yoast SEO plugin. -->","yoast_head_json":{"title":"Jacar\u00e9 \u00e9 flagrado durante 'passeio' em Terminal Portu\u00e1rio de Santos -","description":"Um v\u00eddeo mostrando um Jacar\u00e9 em uma cal\u00e7ada pr\u00f3xima a um terminal portu\u00e1rio, no Porto de Santos. De acordo com trabalhadores atrav\u00e9s das redes sociais","robots":{"index":"index","follow":"follow","max-snippet":"max-snippet:-1","max-image-preview":"max-image-preview:large","max-video-preview":"max-video-preview:-1"},"canonical":"https:\/\/redenoticiaz.com.br\/litoralsp\/2021\/12\/08\/jacare-e-flagrado-durante-passeio-em-terminal-portuario-de-santos","og_locale":"pt_BR","og_type":"article","og_title":"Jacar\u00e9 \u00e9 flagrado durante 'passeio' em Terminal Portu\u00e1rio de Santos -","og_description":"Um v\u00eddeo mostrando um Jacar\u00e9 em uma cal\u00e7ada pr\u00f3xima a um terminal portu\u00e1rio, no Porto de Santos. De acordo com trabalhadores atrav\u00e9s das redes sociais","og_url":"https:\/\/redenoticiaz.com.br\/litoralsp\/2021\/12\/08\/jacare-e-flagrado-durante-passeio-em-terminal-portuario-de-santos","og_site_name":"Litoral SP","article_published_time":"2021-12-08T22:16:48+00:00","og_image":[{"width":1000,"height":809,"url":"https:\/\/redenoticiaz.com.br\/litoralsp\/wp-content\/uploads\/sites\/3\/2021\/12\/frame-jacare.jpg","type":"image\/jpeg"}],"author":"Gustavo Silva","twitter_card":"summary_large_image","twitter_misc":{"Escrito por":"Gustavo Silva","Est. tempo de leitura":"1 minuto"},"schema":{"@context":"https:\/\/schema.org","@graph":[{"@type":"Article","@id":"https:\/\/redenoticiaz.com.br\/litoralsp\/2021\/12\/08\/jacare-e-flagrado-durante-passeio-em-terminal-portuario-de-santos#article","isPartOf":{"@id":"https:\/\/redenoticiaz.com.br\/litoralsp\/2021\/12\/08\/jacare-e-flagrado-durante-passeio-em-terminal-portuario-de-santos"},"author":{"name":"Gustavo Silva","@id":"https:\/\/redenoticiaz.com.br\/litoralsp\/#\/schema\/person\/16057b37a3c0ee6b096d7f887c566e2e"},"headline":"Jacar\u00e9 \u00e9 flagrado durante &#8216;passeio&#8217; em Terminal Portu\u00e1rio de Santos","datePublished":"2021-12-08T22:16:48+00:00","mainEntityOfPage":{"@id":"https:\/\/redenoticiaz.com.br\/litoralsp\/2021\/12\/08\/jacare-e-flagrado-durante-passeio-em-terminal-portuario-de-santos"},"wordCount":144,"commentCount":0,"publisher":{"@id":"https:\/\/redenoticiaz.com.br\/litoralsp\/#organization"},"image":{"@id":"https:\/\/redenoticiaz.com.br\/litoralsp\/2021\/12\/08\/jacare-e-flagrado-durante-passeio-em-terminal-portuario-de-santos#primaryimage"},"thumbnailUrl":"https:\/\/redenoticiaz.com.br\/litoralsp\/wp-content\/uploads\/sites\/3\/2021\/12\/frame-jacare.jpg","keywords":["FLAGRA","JACAR\u00c9","Santos","trabalhadores"],"articleSection":["Santos"],"inLanguage":"pt-BR","potentialAction":[{"@type":"CommentAction","name":"Comment","target":["https:\/\/redenoticiaz.com.br\/litoralsp\/2021\/12\/08\/jacare-e-flagrado-durante-passeio-em-terminal-portuario-de-santos#respond"]}]},{"@type":"WebPage","@id":"https:\/\/redenoticiaz.com.br\/litoralsp\/2021\/12\/08\/jacare-e-flagrado-durante-passeio-em-terminal-portuario-de-santos","url":"https:\/\/redenoticiaz.com.br\/litoralsp\/2021\/12\/08\/jacare-e-flagrado-durante-passeio-em-terminal-portuario-de-santos","name":"Jacar\u00e9 \u00e9 flagrado durante 'passeio' em Terminal Portu\u00e1rio de Santos -","isPartOf":{"@id":"https:\/\/redenoticiaz.com.br\/litoralsp\/#website"},"primaryImageOfPage":{"@id":"https:\/\/redenoticiaz.com.br\/litoralsp\/2021\/12\/08\/jacare-e-flagrado-durante-passeio-em-terminal-portuario-de-santos#primaryimage"},"image":{"@id":"https:\/\/redenoticiaz.com.br\/litoralsp\/2021\/12\/08\/jacare-e-flagrado-durante-passeio-em-terminal-portuario-de-santos#primaryimage"},"thumbnailUrl":"https:\/\/redenoticiaz.com.br\/litoralsp\/wp-content\/uploads\/sites\/3\/2021\/12\/frame-jacare.jpg","datePublished":"2021-12-08T22:16:48+00:00","description":"Um v\u00eddeo mostrando um Jacar\u00e9 em uma cal\u00e7ada pr\u00f3xima a um terminal portu\u00e1rio, no Porto de Santos. De acordo com trabalhadores atrav\u00e9s das redes sociais","inLanguage":"pt-BR","potentialAction":[{"@type":"ReadAction","target":["https:\/\/redenoticiaz.com.br\/litoralsp\/2021\/12\/08\/jacare-e-flagrado-durante-passeio-em-terminal-portuario-de-santos"]}]},{"@type":"ImageObject","inLanguage":"pt-BR","@id":"https:\/\/redenoticiaz.com.br\/litoralsp\/2021\/12\/08\/jacare-e-flagrado-durante-passeio-em-terminal-portuario-de-santos#primaryimage","url":"https:\/\/redenoticiaz.com.br\/litoralsp\/wp-content\/uploads\/sites\/3\/2021\/12\/frame-jacare.jpg","contentUrl":"https:\/\/redenoticiaz.com.br\/litoralsp\/wp-content\/uploads\/sites\/3\/2021\/12\/frame-jacare.jpg","width":1000,"height":809,"caption":"Cr\u00e9ditos: Reprodu\u00e7\u00e3o Facebook"},{"@type":"WebSite","@id":"https:\/\/redenoticiaz.com.br\/litoralsp\/#website","url":"https:\/\/redenoticiaz.com.br\/litoralsp\/","name":"Litoral SP","description":"Rede NoticiaZ","publisher":{"@id":"https:\/\/redenoticiaz.com.br\/litoralsp\/#organization"},"potentialAction":[{"@type":"SearchAction","target":{"@type":"EntryPoint","urlTemplate":"https:\/\/redenoticiaz.com.br\/litoralsp\/?s={search_term_string}"},"query-input":{"@type":"PropertyValueSpecification","valueRequired":true,"valueName":"search_term_string"}}],"inLanguage":"pt-BR"},{"@type":"Organization","@id":"https:\/\/redenoticiaz.com.br\/litoralsp\/#organization","name":"Litoral SP","url":"https:\/\/redenoticiaz.com.br\/litoralsp\/","logo":{"@type":"ImageObject","inLanguage":"pt-BR","@id":"https:\/\/redenoticiaz.com.br\/litoralsp\/#\/schema\/logo\/image\/","url":"https:\/\/redenoticiaz.com.br\/litoralsp\/wp-content\/uploads\/sites\/3\/2020\/11\/logo.jpg","contentUrl":"https:\/\/redenoticiaz.com.br\/litoralsp\/wp-content\/uploads\/sites\/3\/2020\/11\/logo.jpg","width":400,"height":250,"caption":"Litoral SP"},"image":{"@id":"https:\/\/redenoticiaz.com.br\/litoralsp\/#\/schema\/logo\/image\/"}},{"@type":"Person","@id":"https:\/\/redenoticiaz.com.br\/litoralsp\/#\/schema\/person\/16057b37a3c0ee6b096d7f887c566e2e","name":"Gustavo Silva","image":{"@type":"ImageObject","inLanguage":"pt-BR","@id":"https:\/\/secure.gravatar.com\/avatar\/3ee4e82f93b26de0a7cf4ea5eb7893da637ed6bb0c9170c58065944c56e28a33?s=96&d=mm&r=g","url":"https:\/\/secure.gravatar.com\/avatar\/3ee4e82f93b26de0a7cf4ea5eb7893da637ed6bb0c9170c58065944c56e28a33?s=96&d=mm&r=g","contentUrl":"https:\/\/secure.gravatar.com\/avatar\/3ee4e82f93b26de0a7cf4ea5eb7893da637ed6bb0c9170c58065944c56e28a33?s=96&d=mm&r=g","caption":"Gustavo Silva"},"url":"https:\/\/redenoticiaz.com.br\/litoralsp\/author\/gustavosilva"}]}},"_links":{"self":[{"href":"https:\/\/redenoticiaz.com.br\/litoralsp\/wp-json\/wp\/v2\/posts\/19631","targetHints":{"allow":["GET"]}}],"collection":[{"href":"https:\/\/redenoticiaz.com.br\/litoralsp\/wp-json\/wp\/v2\/posts"}],"about":[{"href":"https:\/\/redenoticiaz.com.br\/litoralsp\/wp-json\/wp\/v2\/types\/post"}],"author":[{"embeddable":true,"href":"https:\/\/redenoticiaz.com.br\/litoralsp\/wp-json\/wp\/v2\/users\/12"}],"replies":[{"embeddable":true,"href":"https:\/\/redenoticiaz.com.br\/litoralsp\/wp-json\/wp\/v2\/comments?post=19631"}],"version-history":[{"count":1,"href":"https:\/\/redenoticiaz.com.br\/litoralsp\/wp-json\/wp\/v2\/posts\/19631\/revisions"}],"predecessor-version":[{"id":19634,"href":"https:\/\/redenoticiaz.com.br\/litoralsp\/wp-json\/wp\/v2\/posts\/19631\/revisions\/19634"}],"wp:featuredmedia":[{"embeddable":true,"href":"https:\/\/redenoticiaz.com.br\/litoralsp\/wp-json\/wp\/v2\/media\/19633"}],"wp:attachment":[{"href":"https:\/\/redenoticiaz.com.br\/litoralsp\/wp-json\/wp\/v2\/media?parent=19631"}],"wp:term":[{"taxonomy":"category","embeddable":true,"href":"https:\/\/redenoticiaz.com.br\/litoralsp\/wp-json\/wp\/v2\/categories?post=19631"},{"taxonomy":"post_tag","embeddable":true,"href":"https:\/\/redenoticiaz.com.br\/litoralsp\/wp-json\/wp\/v2\/tags?post=19631"}],"curies":[{"name":"wp","href":"https:\/\/api.w.org\/{rel}","templated":true}]}}