{"id":19642,"date":"2021-12-09T12:03:23","date_gmt":"2021-12-09T15:03:23","guid":{"rendered":"https:\/\/redenoticiaz.com.br\/litoralsp\/?p=19642"},"modified":"2021-12-09T12:04:07","modified_gmt":"2021-12-09T15:04:07","slug":"santos-chega-a-80-da-populacao-totalmente-vacinada","status":"publish","type":"post","link":"https:\/\/redenoticiaz.com.br\/litoralsp\/2021\/12\/09\/santos-chega-a-80-da-populacao-totalmente-vacinada","title":{"rendered":"Santos chega a 80% da popula\u00e7\u00e3o totalmente vacinada"},"content":{"rendered":"<div class=\"mc-column content-text active-extra-styles \" data-block-type=\"unstyled\" data-block-weight=\"48\" data-block-id=\"2\">\n<p data-track-category=\"Link no Texto\" data-track-links=\"\">O munic\u00edpio de <a href=\"https:\/\/www.santos.sp.gov.br\/\">Santos<\/a> chegou a marca de 80% de sua popula\u00e7\u00e3o totalmente vacinada contra a covid-19. De acordo com a Prefeitura, este n\u00famero se refere aos moradores vacinados com as duas doses ou dose \u00fanica dos imunizantes.<\/p>\n<p data-track-category=\"Link no Texto\" data-track-links=\"\">A Plataforma do Governo do Estado de S\u00e3o Paulo \u00e9 atualizada diariamente e aponta que Santos j\u00e1 fez \u00a0347 mil aplica\u00e7\u00f5es. De acordo com o Vacin\u00f4metro, Santos \u00e9 a cidade da Baixada Santista que mais aplicou imunizantes contra a doen\u00e7a. J\u00e1 s\u00e3o 813 mil doses foram distribu\u00eddas entre 1\u00aa, 2\u00aa, dose \u00fanica e de refor\u00e7o.<\/p>\n<p data-track-category=\"Link no Texto\" data-track-links=\"\"><strong>ATRASO<\/strong><\/p>\n<p data-track-category=\"Link no Texto\" data-track-links=\"\">De acordo com\u00a0 o munic\u00edpio, cerca de 48 mil pessoas est\u00e3o com a 2\u00aa dose em atraso e seguem desprotegidas contra a Covid-19. O objetivo \u00e9 garantir que estes moradores retornem aos postos de Sa\u00fade para que sejam vacinada.<\/p>\n<p data-track-category=\"Link no Texto\" data-track-links=\"\"><strong>LEIA MAIS<\/strong><\/p>\n<p data-track-category=\"Link no Texto\" data-track-links=\"\"><a href=\"https:\/\/redenoticiaz.com.br\/litoralsp\/2021\/12\/02\/comeca-a-aplicacao-da-dose-de-reforco-para-vacinados-com-a-janssen-em-santos\">Come\u00e7a a aplica\u00e7\u00e3o da dose de refor\u00e7o para vacinados com a Janssen em Santos<\/a><\/p>\n<\/div>\n","protected":false},"excerpt":{"rendered":"<p>O munic\u00edpio de Santos chegou a marca de 80% de sua popula\u00e7\u00e3o totalmente vacinada contra a covid-19. De acordo com a Prefeitura, este n\u00famero se refere aos moradores vacinados com as duas doses ou dose \u00fanica dos imunizantes. A Plataforma do Governo do Estado de S\u00e3o Paulo \u00e9 atualizada diariamente e aponta que Santos j\u00e1 &hellip;<\/p>\n","protected":false},"author":12,"featured_media":19643,"comment_status":"open","ping_status":"closed","sticky":false,"template":"","format":"standard","meta":{"footnotes":""},"categories":[180],"tags":[18325,10773,986,1811],"class_list":["post-19642","post","type-post","status-publish","format-standard","has-post-thumbnail","hentry","category-santos","tag-covid19","tag-protecao","tag-santos","tag-vacinas"],"yoast_head":"<!-- This site is optimized with the Yoast SEO plugin v27.5 - https:\/\/yoast.com\/product\/yoast-seo-wordpress\/ -->\n<title>Santos chega a 80% da popula\u00e7\u00e3o totalmente vacinada - Litoral SP<\/title>\n<meta name=\"description\" content=\"O munic\u00edpio de Santos chegou a marca de 80% de sua popula\u00e7\u00e3o totalmente vacinada contra a covid-19. De acordo com a Prefeitura,\" \/>\n<meta name=\"robots\" content=\"index, follow, max-snippet:-1, max-image-preview:large, max-video-preview:-1\" \/>\n<link rel=\"canonical\" href=\"https:\/\/redenoticiaz.com.br\/litoralsp\/2021\/12\/09\/santos-chega-a-80-da-populacao-totalmente-vacinada\" \/>\n<meta property=\"og:locale\" content=\"pt_BR\" \/>\n<meta property=\"og:type\" content=\"article\" \/>\n<meta property=\"og:title\" content=\"Santos chega a 80% da popula\u00e7\u00e3o totalmente vacinada - Litoral SP\" \/>\n<meta property=\"og:description\" content=\"O munic\u00edpio de Santos chegou a marca de 80% de sua popula\u00e7\u00e3o totalmente vacinada contra a covid-19. De acordo com a Prefeitura,\" \/>\n<meta property=\"og:url\" content=\"https:\/\/redenoticiaz.com.br\/litoralsp\/2021\/12\/09\/santos-chega-a-80-da-populacao-totalmente-vacinada\" \/>\n<meta property=\"og:site_name\" content=\"Litoral SP\" \/>\n<meta property=\"article:published_time\" content=\"2021-12-09T15:03:23+00:00\" \/>\n<meta property=\"article:modified_time\" content=\"2021-12-09T15:04:07+00:00\" \/>\n<meta property=\"og:image\" content=\"https:\/\/redenoticiaz.com.br\/litoralsp\/wp-content\/uploads\/sites\/3\/2021\/12\/vacina-santos.jpg\" \/>\n\t<meta property=\"og:image:width\" content=\"984\" \/>\n\t<meta property=\"og:image:height\" content=\"682\" \/>\n\t<meta property=\"og:image:type\" content=\"image\/jpeg\" \/>\n<meta name=\"author\" content=\"Gustavo Silva\" \/>\n<meta name=\"twitter:card\" content=\"summary_large_image\" \/>\n<meta name=\"twitter:label1\" content=\"Escrito por\" \/>\n\t<meta name=\"twitter:data1\" content=\"Gustavo Silva\" \/>\n\t<meta name=\"twitter:label2\" content=\"Est. tempo de leitura\" \/>\n\t<meta name=\"twitter:data2\" content=\"1 minuto\" \/>\n<script type=\"application\/ld+json\" class=\"yoast-schema-graph\">{\"@context\":\"https:\\\/\\\/schema.org\",\"@graph\":[{\"@type\":\"Article\",\"@id\":\"https:\\\/\\\/redenoticiaz.com.br\\\/litoralsp\\\/2021\\\/12\\\/09\\\/santos-chega-a-80-da-populacao-totalmente-vacinada#article\",\"isPartOf\":{\"@id\":\"https:\\\/\\\/redenoticiaz.com.br\\\/litoralsp\\\/2021\\\/12\\\/09\\\/santos-chega-a-80-da-populacao-totalmente-vacinada\"},\"author\":{\"name\":\"Gustavo Silva\",\"@id\":\"https:\\\/\\\/redenoticiaz.com.br\\\/litoralsp\\\/#\\\/schema\\\/person\\\/16057b37a3c0ee6b096d7f887c566e2e\"},\"headline\":\"Santos chega a 80% da popula\u00e7\u00e3o totalmente vacinada\",\"datePublished\":\"2021-12-09T15:03:23+00:00\",\"dateModified\":\"2021-12-09T15:04:07+00:00\",\"mainEntityOfPage\":{\"@id\":\"https:\\\/\\\/redenoticiaz.com.br\\\/litoralsp\\\/2021\\\/12\\\/09\\\/santos-chega-a-80-da-populacao-totalmente-vacinada\"},\"wordCount\":163,\"commentCount\":0,\"publisher\":{\"@id\":\"https:\\\/\\\/redenoticiaz.com.br\\\/litoralsp\\\/#organization\"},\"image\":{\"@id\":\"https:\\\/\\\/redenoticiaz.com.br\\\/litoralsp\\\/2021\\\/12\\\/09\\\/santos-chega-a-80-da-populacao-totalmente-vacinada#primaryimage\"},\"thumbnailUrl\":\"https:\\\/\\\/redenoticiaz.com.br\\\/litoralsp\\\/wp-content\\\/uploads\\\/sites\\\/3\\\/2021\\\/12\\\/vacina-santos.jpg\",\"keywords\":[\"COVID19\",\"PROTE\u00c7\u00c3O\",\"Santos\",\"vacinas\"],\"articleSection\":[\"Santos\"],\"inLanguage\":\"pt-BR\",\"potentialAction\":[{\"@type\":\"CommentAction\",\"name\":\"Comment\",\"target\":[\"https:\\\/\\\/redenoticiaz.com.br\\\/litoralsp\\\/2021\\\/12\\\/09\\\/santos-chega-a-80-da-populacao-totalmente-vacinada#respond\"]}]},{\"@type\":\"WebPage\",\"@id\":\"https:\\\/\\\/redenoticiaz.com.br\\\/litoralsp\\\/2021\\\/12\\\/09\\\/santos-chega-a-80-da-populacao-totalmente-vacinada\",\"url\":\"https:\\\/\\\/redenoticiaz.com.br\\\/litoralsp\\\/2021\\\/12\\\/09\\\/santos-chega-a-80-da-populacao-totalmente-vacinada\",\"name\":\"Santos chega a 80% da popula\u00e7\u00e3o totalmente vacinada - Litoral SP\",\"isPartOf\":{\"@id\":\"https:\\\/\\\/redenoticiaz.com.br\\\/litoralsp\\\/#website\"},\"primaryImageOfPage\":{\"@id\":\"https:\\\/\\\/redenoticiaz.com.br\\\/litoralsp\\\/2021\\\/12\\\/09\\\/santos-chega-a-80-da-populacao-totalmente-vacinada#primaryimage\"},\"image\":{\"@id\":\"https:\\\/\\\/redenoticiaz.com.br\\\/litoralsp\\\/2021\\\/12\\\/09\\\/santos-chega-a-80-da-populacao-totalmente-vacinada#primaryimage\"},\"thumbnailUrl\":\"https:\\\/\\\/redenoticiaz.com.br\\\/litoralsp\\\/wp-content\\\/uploads\\\/sites\\\/3\\\/2021\\\/12\\\/vacina-santos.jpg\",\"datePublished\":\"2021-12-09T15:03:23+00:00\",\"dateModified\":\"2021-12-09T15:04:07+00:00\",\"description\":\"O munic\u00edpio de Santos chegou a marca de 80% de sua popula\u00e7\u00e3o totalmente vacinada contra a covid-19. De acordo com a Prefeitura,\",\"inLanguage\":\"pt-BR\",\"potentialAction\":[{\"@type\":\"ReadAction\",\"target\":[\"https:\\\/\\\/redenoticiaz.com.br\\\/litoralsp\\\/2021\\\/12\\\/09\\\/santos-chega-a-80-da-populacao-totalmente-vacinada\"]}]},{\"@type\":\"ImageObject\",\"inLanguage\":\"pt-BR\",\"@id\":\"https:\\\/\\\/redenoticiaz.com.br\\\/litoralsp\\\/2021\\\/12\\\/09\\\/santos-chega-a-80-da-populacao-totalmente-vacinada#primaryimage\",\"url\":\"https:\\\/\\\/redenoticiaz.com.br\\\/litoralsp\\\/wp-content\\\/uploads\\\/sites\\\/3\\\/2021\\\/12\\\/vacina-santos.jpg\",\"contentUrl\":\"https:\\\/\\\/redenoticiaz.com.br\\\/litoralsp\\\/wp-content\\\/uploads\\\/sites\\\/3\\\/2021\\\/12\\\/vacina-santos.jpg\",\"width\":984,\"height\":682,\"caption\":\"Cr\u00e9dito: Susan Hortas\\\/Prefeitura de Santos\"},{\"@type\":\"WebSite\",\"@id\":\"https:\\\/\\\/redenoticiaz.com.br\\\/litoralsp\\\/#website\",\"url\":\"https:\\\/\\\/redenoticiaz.com.br\\\/litoralsp\\\/\",\"name\":\"Litoral SP\",\"description\":\"Rede NoticiaZ\",\"publisher\":{\"@id\":\"https:\\\/\\\/redenoticiaz.com.br\\\/litoralsp\\\/#organization\"},\"potentialAction\":[{\"@type\":\"SearchAction\",\"target\":{\"@type\":\"EntryPoint\",\"urlTemplate\":\"https:\\\/\\\/redenoticiaz.com.br\\\/litoralsp\\\/?s={search_term_string}\"},\"query-input\":{\"@type\":\"PropertyValueSpecification\",\"valueRequired\":true,\"valueName\":\"search_term_string\"}}],\"inLanguage\":\"pt-BR\"},{\"@type\":\"Organization\",\"@id\":\"https:\\\/\\\/redenoticiaz.com.br\\\/litoralsp\\\/#organization\",\"name\":\"Litoral SP\",\"url\":\"https:\\\/\\\/redenoticiaz.com.br\\\/litoralsp\\\/\",\"logo\":{\"@type\":\"ImageObject\",\"inLanguage\":\"pt-BR\",\"@id\":\"https:\\\/\\\/redenoticiaz.com.br\\\/litoralsp\\\/#\\\/schema\\\/logo\\\/image\\\/\",\"url\":\"https:\\\/\\\/redenoticiaz.com.br\\\/litoralsp\\\/wp-content\\\/uploads\\\/sites\\\/3\\\/2020\\\/11\\\/logo.jpg\",\"contentUrl\":\"https:\\\/\\\/redenoticiaz.com.br\\\/litoralsp\\\/wp-content\\\/uploads\\\/sites\\\/3\\\/2020\\\/11\\\/logo.jpg\",\"width\":400,\"height\":250,\"caption\":\"Litoral SP\"},\"image\":{\"@id\":\"https:\\\/\\\/redenoticiaz.com.br\\\/litoralsp\\\/#\\\/schema\\\/logo\\\/image\\\/\"}},{\"@type\":\"Person\",\"@id\":\"https:\\\/\\\/redenoticiaz.com.br\\\/litoralsp\\\/#\\\/schema\\\/person\\\/16057b37a3c0ee6b096d7f887c566e2e\",\"name\":\"Gustavo Silva\",\"image\":{\"@type\":\"ImageObject\",\"inLanguage\":\"pt-BR\",\"@id\":\"https:\\\/\\\/secure.gravatar.com\\\/avatar\\\/3ee4e82f93b26de0a7cf4ea5eb7893da637ed6bb0c9170c58065944c56e28a33?s=96&d=mm&r=g\",\"url\":\"https:\\\/\\\/secure.gravatar.com\\\/avatar\\\/3ee4e82f93b26de0a7cf4ea5eb7893da637ed6bb0c9170c58065944c56e28a33?s=96&d=mm&r=g\",\"contentUrl\":\"https:\\\/\\\/secure.gravatar.com\\\/avatar\\\/3ee4e82f93b26de0a7cf4ea5eb7893da637ed6bb0c9170c58065944c56e28a33?s=96&d=mm&r=g\",\"caption\":\"Gustavo Silva\"},\"url\":\"https:\\\/\\\/redenoticiaz.com.br\\\/litoralsp\\\/author\\\/gustavosilva\"}]}<\/script>\n<!-- \/ Yoast SEO plugin. -->","yoast_head_json":{"title":"Santos chega a 80% da popula\u00e7\u00e3o totalmente vacinada - Litoral SP","description":"O munic\u00edpio de Santos chegou a marca de 80% de sua popula\u00e7\u00e3o totalmente vacinada contra a covid-19. De acordo com a Prefeitura,","robots":{"index":"index","follow":"follow","max-snippet":"max-snippet:-1","max-image-preview":"max-image-preview:large","max-video-preview":"max-video-preview:-1"},"canonical":"https:\/\/redenoticiaz.com.br\/litoralsp\/2021\/12\/09\/santos-chega-a-80-da-populacao-totalmente-vacinada","og_locale":"pt_BR","og_type":"article","og_title":"Santos chega a 80% da popula\u00e7\u00e3o totalmente vacinada - Litoral SP","og_description":"O munic\u00edpio de Santos chegou a marca de 80% de sua popula\u00e7\u00e3o totalmente vacinada contra a covid-19. De acordo com a Prefeitura,","og_url":"https:\/\/redenoticiaz.com.br\/litoralsp\/2021\/12\/09\/santos-chega-a-80-da-populacao-totalmente-vacinada","og_site_name":"Litoral SP","article_published_time":"2021-12-09T15:03:23+00:00","article_modified_time":"2021-12-09T15:04:07+00:00","og_image":[{"width":984,"height":682,"url":"https:\/\/redenoticiaz.com.br\/litoralsp\/wp-content\/uploads\/sites\/3\/2021\/12\/vacina-santos.jpg","type":"image\/jpeg"}],"author":"Gustavo Silva","twitter_card":"summary_large_image","twitter_misc":{"Escrito por":"Gustavo Silva","Est. tempo de leitura":"1 minuto"},"schema":{"@context":"https:\/\/schema.org","@graph":[{"@type":"Article","@id":"https:\/\/redenoticiaz.com.br\/litoralsp\/2021\/12\/09\/santos-chega-a-80-da-populacao-totalmente-vacinada#article","isPartOf":{"@id":"https:\/\/redenoticiaz.com.br\/litoralsp\/2021\/12\/09\/santos-chega-a-80-da-populacao-totalmente-vacinada"},"author":{"name":"Gustavo Silva","@id":"https:\/\/redenoticiaz.com.br\/litoralsp\/#\/schema\/person\/16057b37a3c0ee6b096d7f887c566e2e"},"headline":"Santos chega a 80% da popula\u00e7\u00e3o totalmente vacinada","datePublished":"2021-12-09T15:03:23+00:00","dateModified":"2021-12-09T15:04:07+00:00","mainEntityOfPage":{"@id":"https:\/\/redenoticiaz.com.br\/litoralsp\/2021\/12\/09\/santos-chega-a-80-da-populacao-totalmente-vacinada"},"wordCount":163,"commentCount":0,"publisher":{"@id":"https:\/\/redenoticiaz.com.br\/litoralsp\/#organization"},"image":{"@id":"https:\/\/redenoticiaz.com.br\/litoralsp\/2021\/12\/09\/santos-chega-a-80-da-populacao-totalmente-vacinada#primaryimage"},"thumbnailUrl":"https:\/\/redenoticiaz.com.br\/litoralsp\/wp-content\/uploads\/sites\/3\/2021\/12\/vacina-santos.jpg","keywords":["COVID19","PROTE\u00c7\u00c3O","Santos","vacinas"],"articleSection":["Santos"],"inLanguage":"pt-BR","potentialAction":[{"@type":"CommentAction","name":"Comment","target":["https:\/\/redenoticiaz.com.br\/litoralsp\/2021\/12\/09\/santos-chega-a-80-da-populacao-totalmente-vacinada#respond"]}]},{"@type":"WebPage","@id":"https:\/\/redenoticiaz.com.br\/litoralsp\/2021\/12\/09\/santos-chega-a-80-da-populacao-totalmente-vacinada","url":"https:\/\/redenoticiaz.com.br\/litoralsp\/2021\/12\/09\/santos-chega-a-80-da-populacao-totalmente-vacinada","name":"Santos chega a 80% da popula\u00e7\u00e3o totalmente vacinada - Litoral SP","isPartOf":{"@id":"https:\/\/redenoticiaz.com.br\/litoralsp\/#website"},"primaryImageOfPage":{"@id":"https:\/\/redenoticiaz.com.br\/litoralsp\/2021\/12\/09\/santos-chega-a-80-da-populacao-totalmente-vacinada#primaryimage"},"image":{"@id":"https:\/\/redenoticiaz.com.br\/litoralsp\/2021\/12\/09\/santos-chega-a-80-da-populacao-totalmente-vacinada#primaryimage"},"thumbnailUrl":"https:\/\/redenoticiaz.com.br\/litoralsp\/wp-content\/uploads\/sites\/3\/2021\/12\/vacina-santos.jpg","datePublished":"2021-12-09T15:03:23+00:00","dateModified":"2021-12-09T15:04:07+00:00","description":"O munic\u00edpio de Santos chegou a marca de 80% de sua popula\u00e7\u00e3o totalmente vacinada contra a covid-19. De acordo com a Prefeitura,","inLanguage":"pt-BR","potentialAction":[{"@type":"ReadAction","target":["https:\/\/redenoticiaz.com.br\/litoralsp\/2021\/12\/09\/santos-chega-a-80-da-populacao-totalmente-vacinada"]}]},{"@type":"ImageObject","inLanguage":"pt-BR","@id":"https:\/\/redenoticiaz.com.br\/litoralsp\/2021\/12\/09\/santos-chega-a-80-da-populacao-totalmente-vacinada#primaryimage","url":"https:\/\/redenoticiaz.com.br\/litoralsp\/wp-content\/uploads\/sites\/3\/2021\/12\/vacina-santos.jpg","contentUrl":"https:\/\/redenoticiaz.com.br\/litoralsp\/wp-content\/uploads\/sites\/3\/2021\/12\/vacina-santos.jpg","width":984,"height":682,"caption":"Cr\u00e9dito: Susan Hortas\/Prefeitura de Santos"},{"@type":"WebSite","@id":"https:\/\/redenoticiaz.com.br\/litoralsp\/#website","url":"https:\/\/redenoticiaz.com.br\/litoralsp\/","name":"Litoral SP","description":"Rede NoticiaZ","publisher":{"@id":"https:\/\/redenoticiaz.com.br\/litoralsp\/#organization"},"potentialAction":[{"@type":"SearchAction","target":{"@type":"EntryPoint","urlTemplate":"https:\/\/redenoticiaz.com.br\/litoralsp\/?s={search_term_string}"},"query-input":{"@type":"PropertyValueSpecification","valueRequired":true,"valueName":"search_term_string"}}],"inLanguage":"pt-BR"},{"@type":"Organization","@id":"https:\/\/redenoticiaz.com.br\/litoralsp\/#organization","name":"Litoral SP","url":"https:\/\/redenoticiaz.com.br\/litoralsp\/","logo":{"@type":"ImageObject","inLanguage":"pt-BR","@id":"https:\/\/redenoticiaz.com.br\/litoralsp\/#\/schema\/logo\/image\/","url":"https:\/\/redenoticiaz.com.br\/litoralsp\/wp-content\/uploads\/sites\/3\/2020\/11\/logo.jpg","contentUrl":"https:\/\/redenoticiaz.com.br\/litoralsp\/wp-content\/uploads\/sites\/3\/2020\/11\/logo.jpg","width":400,"height":250,"caption":"Litoral SP"},"image":{"@id":"https:\/\/redenoticiaz.com.br\/litoralsp\/#\/schema\/logo\/image\/"}},{"@type":"Person","@id":"https:\/\/redenoticiaz.com.br\/litoralsp\/#\/schema\/person\/16057b37a3c0ee6b096d7f887c566e2e","name":"Gustavo Silva","image":{"@type":"ImageObject","inLanguage":"pt-BR","@id":"https:\/\/secure.gravatar.com\/avatar\/3ee4e82f93b26de0a7cf4ea5eb7893da637ed6bb0c9170c58065944c56e28a33?s=96&d=mm&r=g","url":"https:\/\/secure.gravatar.com\/avatar\/3ee4e82f93b26de0a7cf4ea5eb7893da637ed6bb0c9170c58065944c56e28a33?s=96&d=mm&r=g","contentUrl":"https:\/\/secure.gravatar.com\/avatar\/3ee4e82f93b26de0a7cf4ea5eb7893da637ed6bb0c9170c58065944c56e28a33?s=96&d=mm&r=g","caption":"Gustavo Silva"},"url":"https:\/\/redenoticiaz.com.br\/litoralsp\/author\/gustavosilva"}]}},"_links":{"self":[{"href":"https:\/\/redenoticiaz.com.br\/litoralsp\/wp-json\/wp\/v2\/posts\/19642","targetHints":{"allow":["GET"]}}],"collection":[{"href":"https:\/\/redenoticiaz.com.br\/litoralsp\/wp-json\/wp\/v2\/posts"}],"about":[{"href":"https:\/\/redenoticiaz.com.br\/litoralsp\/wp-json\/wp\/v2\/types\/post"}],"author":[{"embeddable":true,"href":"https:\/\/redenoticiaz.com.br\/litoralsp\/wp-json\/wp\/v2\/users\/12"}],"replies":[{"embeddable":true,"href":"https:\/\/redenoticiaz.com.br\/litoralsp\/wp-json\/wp\/v2\/comments?post=19642"}],"version-history":[{"count":2,"href":"https:\/\/redenoticiaz.com.br\/litoralsp\/wp-json\/wp\/v2\/posts\/19642\/revisions"}],"predecessor-version":[{"id":19645,"href":"https:\/\/redenoticiaz.com.br\/litoralsp\/wp-json\/wp\/v2\/posts\/19642\/revisions\/19645"}],"wp:featuredmedia":[{"embeddable":true,"href":"https:\/\/redenoticiaz.com.br\/litoralsp\/wp-json\/wp\/v2\/media\/19643"}],"wp:attachment":[{"href":"https:\/\/redenoticiaz.com.br\/litoralsp\/wp-json\/wp\/v2\/media?parent=19642"}],"wp:term":[{"taxonomy":"category","embeddable":true,"href":"https:\/\/redenoticiaz.com.br\/litoralsp\/wp-json\/wp\/v2\/categories?post=19642"},{"taxonomy":"post_tag","embeddable":true,"href":"https:\/\/redenoticiaz.com.br\/litoralsp\/wp-json\/wp\/v2\/tags?post=19642"}],"curies":[{"name":"wp","href":"https:\/\/api.w.org\/{rel}","templated":true}]}}