{"id":19646,"date":"2021-12-09T14:22:37","date_gmt":"2021-12-09T17:22:37","guid":{"rendered":"https:\/\/redenoticiaz.com.br\/litoralsp\/?p=19646"},"modified":"2021-12-09T14:51:54","modified_gmt":"2021-12-09T17:51:54","slug":"charles-do-bronx-defende-seu-cinturao-neste-final-de-semana","status":"publish","type":"post","link":"https:\/\/redenoticiaz.com.br\/litoralsp\/2021\/12\/09\/charles-do-bronx-defende-seu-cinturao-neste-final-de-semana","title":{"rendered":"Charles do Bronx defende seu cintur\u00e3o neste final de semana"},"content":{"rendered":"<p>Charles de Oliveira, o Charles do Bronx, defende seu cintur\u00e3o neste final de semana em Las Vegas, EUA. A principal luta da noite ser\u00e1 realizada no T-Mobile Arena em Las Vegas e ser\u00e1 contra o americano Dustin Poirier.<\/p>\n<p>Ap\u00f3s vencer por nocaute o americano Michael Chandler, no segundo round, e se tornar campe\u00e3o em maio de 2021, \u00e9 a primeira vez que Charles defende o cintur\u00e3o dos pesos-leves (at\u00e9 70,31 kg), na principal luta da noite.<\/p>\n<p><strong>HIST\u00d3RICO<\/strong><\/p>\n<p>De acordo com dados do UFC, Charles j\u00e1 obteve 31 vit\u00f3rias, oito derrotas e uma sem resultado. \u00c9 o maior finalizador da hist\u00f3ria do UFC.<\/p>\n<p><strong>APOIO<\/strong><\/p>\n<p>A Prefeitura de Guaruj\u00e1 divulgou nota afirmando que a Cidade est\u00e1 na torcida pelo seu esportista. De acordo com o Secret\u00e1rio de Esportes da Cidade, o esportista representa o melhor das artes marciais.<\/p>\n<blockquote><p><strong>\u201cAl\u00e9m de ser o detentor do cintur\u00e3o, \u00e9 o maior finalizador, representando o jiu jitsu brasileiro em seu melhor estilo. O Guaruj\u00e1 \u00e9 honrado em ter um filho que abrilhanta a ess\u00eancia samurai por todo o mundo. Estamos torcendo por voc\u00ea campe\u00e3o\u201d<\/strong><\/p><\/blockquote>\n<div id=\"dmp-v-par1\" class=\"jba\" data-google-query-id=\"CKycpJ2Z1_QCFRaylQIdSk4ANg\"><strong>LEIA MAIS<\/strong><\/div>\n<div data-google-query-id=\"CKycpJ2Z1_QCFRaylQIdSk4ANg\"><a href=\"https:\/\/redenoticiaz.com.br\/litoralsp\/2021\/05\/16\/charles-do-bronx-leva-o-cinturao-do-ufc-para-o-brasil\">Aos 42 anos, Glover Teixeira \u00e9 o campe\u00e3o mais velho da era moderna do UFC<\/a><\/div>\n","protected":false},"excerpt":{"rendered":"<p>Charles de Oliveira, o Charles do Bronx, defende seu cintur\u00e3o neste final de semana em Las Vegas, EUA. A principal luta da noite ser\u00e1 realizada no T-Mobile Arena em Las Vegas e ser\u00e1 contra o americano Dustin Poirier. Ap\u00f3s vencer por nocaute o americano Michael Chandler, no segundo round, e se tornar campe\u00e3o em maio &hellip;<\/p>\n","protected":false},"author":12,"featured_media":19651,"comment_status":"open","ping_status":"closed","sticky":false,"template":"","format":"standard","meta":{"footnotes":""},"categories":[187],"tags":[44418,44419,33682,12435],"class_list":["post-19646","post","type-post","status-publish","format-standard","has-post-thumbnail","hentry","category-guaruja","tag-charles","tag-do-bronx","tag-esportes","tag-ufc"],"yoast_head":"<!-- This site is optimized with the Yoast SEO plugin v27.5 - https:\/\/yoast.com\/product\/yoast-seo-wordpress\/ -->\n<title>Charles do Bronx defende seu cintur\u00e3o neste final de semana - Litoral SP<\/title>\n<meta name=\"description\" content=\"Charles de Oliveira, o Charles do Bronx, defende seu cintur\u00e3o neste final de semana em Las Vegas, EUA. T-Mobile arena receber\u00e1 o evento.\" \/>\n<meta name=\"robots\" content=\"index, follow, max-snippet:-1, max-image-preview:large, max-video-preview:-1\" \/>\n<link rel=\"canonical\" href=\"https:\/\/redenoticiaz.com.br\/litoralsp\/2021\/12\/09\/charles-do-bronx-defende-seu-cinturao-neste-final-de-semana\" \/>\n<meta property=\"og:locale\" content=\"pt_BR\" \/>\n<meta property=\"og:type\" content=\"article\" \/>\n<meta property=\"og:title\" content=\"Charles do Bronx defende seu cintur\u00e3o neste final de semana - Litoral SP\" \/>\n<meta property=\"og:description\" content=\"Charles de Oliveira, o Charles do Bronx, defende seu cintur\u00e3o neste final de semana em Las Vegas, EUA. T-Mobile arena receber\u00e1 o evento.\" \/>\n<meta property=\"og:url\" content=\"https:\/\/redenoticiaz.com.br\/litoralsp\/2021\/12\/09\/charles-do-bronx-defende-seu-cinturao-neste-final-de-semana\" \/>\n<meta property=\"og:site_name\" content=\"Litoral SP\" \/>\n<meta property=\"article:published_time\" content=\"2021-12-09T17:22:37+00:00\" \/>\n<meta property=\"article:modified_time\" content=\"2021-12-09T17:51:54+00:00\" \/>\n<meta property=\"og:image\" content=\"https:\/\/redenoticiaz.com.br\/litoralsp\/wp-content\/uploads\/sites\/3\/2021\/12\/r855214_1296x729_16-9.jpg\" \/>\n\t<meta property=\"og:image:width\" content=\"1296\" \/>\n\t<meta property=\"og:image:height\" content=\"729\" \/>\n\t<meta property=\"og:image:type\" content=\"image\/jpeg\" \/>\n<meta name=\"author\" content=\"Gustavo Silva\" \/>\n<meta name=\"twitter:card\" content=\"summary_large_image\" \/>\n<meta name=\"twitter:label1\" content=\"Escrito por\" \/>\n\t<meta name=\"twitter:data1\" content=\"Gustavo Silva\" \/>\n\t<meta name=\"twitter:label2\" content=\"Est. tempo de leitura\" \/>\n\t<meta name=\"twitter:data2\" content=\"1 minuto\" \/>\n<script type=\"application\/ld+json\" class=\"yoast-schema-graph\">{\"@context\":\"https:\\\/\\\/schema.org\",\"@graph\":[{\"@type\":\"Article\",\"@id\":\"https:\\\/\\\/redenoticiaz.com.br\\\/litoralsp\\\/2021\\\/12\\\/09\\\/charles-do-bronx-defende-seu-cinturao-neste-final-de-semana#article\",\"isPartOf\":{\"@id\":\"https:\\\/\\\/redenoticiaz.com.br\\\/litoralsp\\\/2021\\\/12\\\/09\\\/charles-do-bronx-defende-seu-cinturao-neste-final-de-semana\"},\"author\":{\"name\":\"Gustavo Silva\",\"@id\":\"https:\\\/\\\/redenoticiaz.com.br\\\/litoralsp\\\/#\\\/schema\\\/person\\\/16057b37a3c0ee6b096d7f887c566e2e\"},\"headline\":\"Charles do Bronx defende seu cintur\u00e3o neste final de semana\",\"datePublished\":\"2021-12-09T17:22:37+00:00\",\"dateModified\":\"2021-12-09T17:51:54+00:00\",\"mainEntityOfPage\":{\"@id\":\"https:\\\/\\\/redenoticiaz.com.br\\\/litoralsp\\\/2021\\\/12\\\/09\\\/charles-do-bronx-defende-seu-cinturao-neste-final-de-semana\"},\"wordCount\":210,\"commentCount\":0,\"publisher\":{\"@id\":\"https:\\\/\\\/redenoticiaz.com.br\\\/litoralsp\\\/#organization\"},\"image\":{\"@id\":\"https:\\\/\\\/redenoticiaz.com.br\\\/litoralsp\\\/2021\\\/12\\\/09\\\/charles-do-bronx-defende-seu-cinturao-neste-final-de-semana#primaryimage\"},\"thumbnailUrl\":\"https:\\\/\\\/redenoticiaz.com.br\\\/litoralsp\\\/wp-content\\\/uploads\\\/sites\\\/3\\\/2021\\\/12\\\/r855214_1296x729_16-9.jpg\",\"keywords\":[\"CHARLES\",\"DO BRONX\",\"ESPORTES\",\"UFC\"],\"articleSection\":[\"Guaruj\u00e1\"],\"inLanguage\":\"pt-BR\",\"potentialAction\":[{\"@type\":\"CommentAction\",\"name\":\"Comment\",\"target\":[\"https:\\\/\\\/redenoticiaz.com.br\\\/litoralsp\\\/2021\\\/12\\\/09\\\/charles-do-bronx-defende-seu-cinturao-neste-final-de-semana#respond\"]}]},{\"@type\":\"WebPage\",\"@id\":\"https:\\\/\\\/redenoticiaz.com.br\\\/litoralsp\\\/2021\\\/12\\\/09\\\/charles-do-bronx-defende-seu-cinturao-neste-final-de-semana\",\"url\":\"https:\\\/\\\/redenoticiaz.com.br\\\/litoralsp\\\/2021\\\/12\\\/09\\\/charles-do-bronx-defende-seu-cinturao-neste-final-de-semana\",\"name\":\"Charles do Bronx defende seu cintur\u00e3o neste final de semana - Litoral SP\",\"isPartOf\":{\"@id\":\"https:\\\/\\\/redenoticiaz.com.br\\\/litoralsp\\\/#website\"},\"primaryImageOfPage\":{\"@id\":\"https:\\\/\\\/redenoticiaz.com.br\\\/litoralsp\\\/2021\\\/12\\\/09\\\/charles-do-bronx-defende-seu-cinturao-neste-final-de-semana#primaryimage\"},\"image\":{\"@id\":\"https:\\\/\\\/redenoticiaz.com.br\\\/litoralsp\\\/2021\\\/12\\\/09\\\/charles-do-bronx-defende-seu-cinturao-neste-final-de-semana#primaryimage\"},\"thumbnailUrl\":\"https:\\\/\\\/redenoticiaz.com.br\\\/litoralsp\\\/wp-content\\\/uploads\\\/sites\\\/3\\\/2021\\\/12\\\/r855214_1296x729_16-9.jpg\",\"datePublished\":\"2021-12-09T17:22:37+00:00\",\"dateModified\":\"2021-12-09T17:51:54+00:00\",\"description\":\"Charles de Oliveira, o Charles do Bronx, defende seu cintur\u00e3o neste final de semana em Las Vegas, EUA. T-Mobile arena receber\u00e1 o evento.\",\"inLanguage\":\"pt-BR\",\"potentialAction\":[{\"@type\":\"ReadAction\",\"target\":[\"https:\\\/\\\/redenoticiaz.com.br\\\/litoralsp\\\/2021\\\/12\\\/09\\\/charles-do-bronx-defende-seu-cinturao-neste-final-de-semana\"]}]},{\"@type\":\"ImageObject\",\"inLanguage\":\"pt-BR\",\"@id\":\"https:\\\/\\\/redenoticiaz.com.br\\\/litoralsp\\\/2021\\\/12\\\/09\\\/charles-do-bronx-defende-seu-cinturao-neste-final-de-semana#primaryimage\",\"url\":\"https:\\\/\\\/redenoticiaz.com.br\\\/litoralsp\\\/wp-content\\\/uploads\\\/sites\\\/3\\\/2021\\\/12\\\/r855214_1296x729_16-9.jpg\",\"contentUrl\":\"https:\\\/\\\/redenoticiaz.com.br\\\/litoralsp\\\/wp-content\\\/uploads\\\/sites\\\/3\\\/2021\\\/12\\\/r855214_1296x729_16-9.jpg\",\"width\":1296,\"height\":729,\"caption\":\"Cr\u00e9ditos: Divulga\u00e7\u00e3o\"},{\"@type\":\"WebSite\",\"@id\":\"https:\\\/\\\/redenoticiaz.com.br\\\/litoralsp\\\/#website\",\"url\":\"https:\\\/\\\/redenoticiaz.com.br\\\/litoralsp\\\/\",\"name\":\"Litoral SP\",\"description\":\"Rede NoticiaZ\",\"publisher\":{\"@id\":\"https:\\\/\\\/redenoticiaz.com.br\\\/litoralsp\\\/#organization\"},\"potentialAction\":[{\"@type\":\"SearchAction\",\"target\":{\"@type\":\"EntryPoint\",\"urlTemplate\":\"https:\\\/\\\/redenoticiaz.com.br\\\/litoralsp\\\/?s={search_term_string}\"},\"query-input\":{\"@type\":\"PropertyValueSpecification\",\"valueRequired\":true,\"valueName\":\"search_term_string\"}}],\"inLanguage\":\"pt-BR\"},{\"@type\":\"Organization\",\"@id\":\"https:\\\/\\\/redenoticiaz.com.br\\\/litoralsp\\\/#organization\",\"name\":\"Litoral SP\",\"url\":\"https:\\\/\\\/redenoticiaz.com.br\\\/litoralsp\\\/\",\"logo\":{\"@type\":\"ImageObject\",\"inLanguage\":\"pt-BR\",\"@id\":\"https:\\\/\\\/redenoticiaz.com.br\\\/litoralsp\\\/#\\\/schema\\\/logo\\\/image\\\/\",\"url\":\"https:\\\/\\\/redenoticiaz.com.br\\\/litoralsp\\\/wp-content\\\/uploads\\\/sites\\\/3\\\/2020\\\/11\\\/logo.jpg\",\"contentUrl\":\"https:\\\/\\\/redenoticiaz.com.br\\\/litoralsp\\\/wp-content\\\/uploads\\\/sites\\\/3\\\/2020\\\/11\\\/logo.jpg\",\"width\":400,\"height\":250,\"caption\":\"Litoral SP\"},\"image\":{\"@id\":\"https:\\\/\\\/redenoticiaz.com.br\\\/litoralsp\\\/#\\\/schema\\\/logo\\\/image\\\/\"}},{\"@type\":\"Person\",\"@id\":\"https:\\\/\\\/redenoticiaz.com.br\\\/litoralsp\\\/#\\\/schema\\\/person\\\/16057b37a3c0ee6b096d7f887c566e2e\",\"name\":\"Gustavo Silva\",\"image\":{\"@type\":\"ImageObject\",\"inLanguage\":\"pt-BR\",\"@id\":\"https:\\\/\\\/secure.gravatar.com\\\/avatar\\\/3ee4e82f93b26de0a7cf4ea5eb7893da637ed6bb0c9170c58065944c56e28a33?s=96&d=mm&r=g\",\"url\":\"https:\\\/\\\/secure.gravatar.com\\\/avatar\\\/3ee4e82f93b26de0a7cf4ea5eb7893da637ed6bb0c9170c58065944c56e28a33?s=96&d=mm&r=g\",\"contentUrl\":\"https:\\\/\\\/secure.gravatar.com\\\/avatar\\\/3ee4e82f93b26de0a7cf4ea5eb7893da637ed6bb0c9170c58065944c56e28a33?s=96&d=mm&r=g\",\"caption\":\"Gustavo Silva\"},\"url\":\"https:\\\/\\\/redenoticiaz.com.br\\\/litoralsp\\\/author\\\/gustavosilva\"}]}<\/script>\n<!-- \/ Yoast SEO plugin. -->","yoast_head_json":{"title":"Charles do Bronx defende seu cintur\u00e3o neste final de semana - Litoral SP","description":"Charles de Oliveira, o Charles do Bronx, defende seu cintur\u00e3o neste final de semana em Las Vegas, EUA. T-Mobile arena receber\u00e1 o evento.","robots":{"index":"index","follow":"follow","max-snippet":"max-snippet:-1","max-image-preview":"max-image-preview:large","max-video-preview":"max-video-preview:-1"},"canonical":"https:\/\/redenoticiaz.com.br\/litoralsp\/2021\/12\/09\/charles-do-bronx-defende-seu-cinturao-neste-final-de-semana","og_locale":"pt_BR","og_type":"article","og_title":"Charles do Bronx defende seu cintur\u00e3o neste final de semana - Litoral SP","og_description":"Charles de Oliveira, o Charles do Bronx, defende seu cintur\u00e3o neste final de semana em Las Vegas, EUA. T-Mobile arena receber\u00e1 o evento.","og_url":"https:\/\/redenoticiaz.com.br\/litoralsp\/2021\/12\/09\/charles-do-bronx-defende-seu-cinturao-neste-final-de-semana","og_site_name":"Litoral SP","article_published_time":"2021-12-09T17:22:37+00:00","article_modified_time":"2021-12-09T17:51:54+00:00","og_image":[{"width":1296,"height":729,"url":"https:\/\/redenoticiaz.com.br\/litoralsp\/wp-content\/uploads\/sites\/3\/2021\/12\/r855214_1296x729_16-9.jpg","type":"image\/jpeg"}],"author":"Gustavo Silva","twitter_card":"summary_large_image","twitter_misc":{"Escrito por":"Gustavo Silva","Est. tempo de leitura":"1 minuto"},"schema":{"@context":"https:\/\/schema.org","@graph":[{"@type":"Article","@id":"https:\/\/redenoticiaz.com.br\/litoralsp\/2021\/12\/09\/charles-do-bronx-defende-seu-cinturao-neste-final-de-semana#article","isPartOf":{"@id":"https:\/\/redenoticiaz.com.br\/litoralsp\/2021\/12\/09\/charles-do-bronx-defende-seu-cinturao-neste-final-de-semana"},"author":{"name":"Gustavo Silva","@id":"https:\/\/redenoticiaz.com.br\/litoralsp\/#\/schema\/person\/16057b37a3c0ee6b096d7f887c566e2e"},"headline":"Charles do Bronx defende seu cintur\u00e3o neste final de semana","datePublished":"2021-12-09T17:22:37+00:00","dateModified":"2021-12-09T17:51:54+00:00","mainEntityOfPage":{"@id":"https:\/\/redenoticiaz.com.br\/litoralsp\/2021\/12\/09\/charles-do-bronx-defende-seu-cinturao-neste-final-de-semana"},"wordCount":210,"commentCount":0,"publisher":{"@id":"https:\/\/redenoticiaz.com.br\/litoralsp\/#organization"},"image":{"@id":"https:\/\/redenoticiaz.com.br\/litoralsp\/2021\/12\/09\/charles-do-bronx-defende-seu-cinturao-neste-final-de-semana#primaryimage"},"thumbnailUrl":"https:\/\/redenoticiaz.com.br\/litoralsp\/wp-content\/uploads\/sites\/3\/2021\/12\/r855214_1296x729_16-9.jpg","keywords":["CHARLES","DO BRONX","ESPORTES","UFC"],"articleSection":["Guaruj\u00e1"],"inLanguage":"pt-BR","potentialAction":[{"@type":"CommentAction","name":"Comment","target":["https:\/\/redenoticiaz.com.br\/litoralsp\/2021\/12\/09\/charles-do-bronx-defende-seu-cinturao-neste-final-de-semana#respond"]}]},{"@type":"WebPage","@id":"https:\/\/redenoticiaz.com.br\/litoralsp\/2021\/12\/09\/charles-do-bronx-defende-seu-cinturao-neste-final-de-semana","url":"https:\/\/redenoticiaz.com.br\/litoralsp\/2021\/12\/09\/charles-do-bronx-defende-seu-cinturao-neste-final-de-semana","name":"Charles do Bronx defende seu cintur\u00e3o neste final de semana - Litoral SP","isPartOf":{"@id":"https:\/\/redenoticiaz.com.br\/litoralsp\/#website"},"primaryImageOfPage":{"@id":"https:\/\/redenoticiaz.com.br\/litoralsp\/2021\/12\/09\/charles-do-bronx-defende-seu-cinturao-neste-final-de-semana#primaryimage"},"image":{"@id":"https:\/\/redenoticiaz.com.br\/litoralsp\/2021\/12\/09\/charles-do-bronx-defende-seu-cinturao-neste-final-de-semana#primaryimage"},"thumbnailUrl":"https:\/\/redenoticiaz.com.br\/litoralsp\/wp-content\/uploads\/sites\/3\/2021\/12\/r855214_1296x729_16-9.jpg","datePublished":"2021-12-09T17:22:37+00:00","dateModified":"2021-12-09T17:51:54+00:00","description":"Charles de Oliveira, o Charles do Bronx, defende seu cintur\u00e3o neste final de semana em Las Vegas, EUA. T-Mobile arena receber\u00e1 o evento.","inLanguage":"pt-BR","potentialAction":[{"@type":"ReadAction","target":["https:\/\/redenoticiaz.com.br\/litoralsp\/2021\/12\/09\/charles-do-bronx-defende-seu-cinturao-neste-final-de-semana"]}]},{"@type":"ImageObject","inLanguage":"pt-BR","@id":"https:\/\/redenoticiaz.com.br\/litoralsp\/2021\/12\/09\/charles-do-bronx-defende-seu-cinturao-neste-final-de-semana#primaryimage","url":"https:\/\/redenoticiaz.com.br\/litoralsp\/wp-content\/uploads\/sites\/3\/2021\/12\/r855214_1296x729_16-9.jpg","contentUrl":"https:\/\/redenoticiaz.com.br\/litoralsp\/wp-content\/uploads\/sites\/3\/2021\/12\/r855214_1296x729_16-9.jpg","width":1296,"height":729,"caption":"Cr\u00e9ditos: Divulga\u00e7\u00e3o"},{"@type":"WebSite","@id":"https:\/\/redenoticiaz.com.br\/litoralsp\/#website","url":"https:\/\/redenoticiaz.com.br\/litoralsp\/","name":"Litoral SP","description":"Rede NoticiaZ","publisher":{"@id":"https:\/\/redenoticiaz.com.br\/litoralsp\/#organization"},"potentialAction":[{"@type":"SearchAction","target":{"@type":"EntryPoint","urlTemplate":"https:\/\/redenoticiaz.com.br\/litoralsp\/?s={search_term_string}"},"query-input":{"@type":"PropertyValueSpecification","valueRequired":true,"valueName":"search_term_string"}}],"inLanguage":"pt-BR"},{"@type":"Organization","@id":"https:\/\/redenoticiaz.com.br\/litoralsp\/#organization","name":"Litoral SP","url":"https:\/\/redenoticiaz.com.br\/litoralsp\/","logo":{"@type":"ImageObject","inLanguage":"pt-BR","@id":"https:\/\/redenoticiaz.com.br\/litoralsp\/#\/schema\/logo\/image\/","url":"https:\/\/redenoticiaz.com.br\/litoralsp\/wp-content\/uploads\/sites\/3\/2020\/11\/logo.jpg","contentUrl":"https:\/\/redenoticiaz.com.br\/litoralsp\/wp-content\/uploads\/sites\/3\/2020\/11\/logo.jpg","width":400,"height":250,"caption":"Litoral SP"},"image":{"@id":"https:\/\/redenoticiaz.com.br\/litoralsp\/#\/schema\/logo\/image\/"}},{"@type":"Person","@id":"https:\/\/redenoticiaz.com.br\/litoralsp\/#\/schema\/person\/16057b37a3c0ee6b096d7f887c566e2e","name":"Gustavo Silva","image":{"@type":"ImageObject","inLanguage":"pt-BR","@id":"https:\/\/secure.gravatar.com\/avatar\/3ee4e82f93b26de0a7cf4ea5eb7893da637ed6bb0c9170c58065944c56e28a33?s=96&d=mm&r=g","url":"https:\/\/secure.gravatar.com\/avatar\/3ee4e82f93b26de0a7cf4ea5eb7893da637ed6bb0c9170c58065944c56e28a33?s=96&d=mm&r=g","contentUrl":"https:\/\/secure.gravatar.com\/avatar\/3ee4e82f93b26de0a7cf4ea5eb7893da637ed6bb0c9170c58065944c56e28a33?s=96&d=mm&r=g","caption":"Gustavo Silva"},"url":"https:\/\/redenoticiaz.com.br\/litoralsp\/author\/gustavosilva"}]}},"_links":{"self":[{"href":"https:\/\/redenoticiaz.com.br\/litoralsp\/wp-json\/wp\/v2\/posts\/19646","targetHints":{"allow":["GET"]}}],"collection":[{"href":"https:\/\/redenoticiaz.com.br\/litoralsp\/wp-json\/wp\/v2\/posts"}],"about":[{"href":"https:\/\/redenoticiaz.com.br\/litoralsp\/wp-json\/wp\/v2\/types\/post"}],"author":[{"embeddable":true,"href":"https:\/\/redenoticiaz.com.br\/litoralsp\/wp-json\/wp\/v2\/users\/12"}],"replies":[{"embeddable":true,"href":"https:\/\/redenoticiaz.com.br\/litoralsp\/wp-json\/wp\/v2\/comments?post=19646"}],"version-history":[{"count":1,"href":"https:\/\/redenoticiaz.com.br\/litoralsp\/wp-json\/wp\/v2\/posts\/19646\/revisions"}],"predecessor-version":[{"id":19649,"href":"https:\/\/redenoticiaz.com.br\/litoralsp\/wp-json\/wp\/v2\/posts\/19646\/revisions\/19649"}],"wp:featuredmedia":[{"embeddable":true,"href":"https:\/\/redenoticiaz.com.br\/litoralsp\/wp-json\/wp\/v2\/media\/19651"}],"wp:attachment":[{"href":"https:\/\/redenoticiaz.com.br\/litoralsp\/wp-json\/wp\/v2\/media?parent=19646"}],"wp:term":[{"taxonomy":"category","embeddable":true,"href":"https:\/\/redenoticiaz.com.br\/litoralsp\/wp-json\/wp\/v2\/categories?post=19646"},{"taxonomy":"post_tag","embeddable":true,"href":"https:\/\/redenoticiaz.com.br\/litoralsp\/wp-json\/wp\/v2\/tags?post=19646"}],"curies":[{"name":"wp","href":"https:\/\/api.w.org\/{rel}","templated":true}]}}