{"id":19652,"date":"2021-12-10T07:38:49","date_gmt":"2021-12-10T10:38:49","guid":{"rendered":"https:\/\/redenoticiaz.com.br\/litoralsp\/2021\/12\/10\/corinthians-perde-para-juventude-e-resultado-rebaixa-o-gremio"},"modified":"2021-12-10T07:42:49","modified_gmt":"2021-12-10T10:42:49","slug":"corinthians-perde-para-juventude-e-resultado-rebaixa-o-gremio","status":"publish","type":"post","link":"https:\/\/redenoticiaz.com.br\/litoralsp\/2021\/12\/10\/corinthians-perde-para-juventude-e-resultado-rebaixa-o-gremio","title":{"rendered":"Corinthians perde para Juventude e resultado rebaixa o Gr\u00eamio"},"content":{"rendered":"<p>O<strong> Corinthians<\/strong> perdeu de 1&#215;0 para o <strong>Juventude<\/strong>, na noite dessa quinta-feira (9), jogando fora de casa, no est\u00e1dio Alfredo Jaconi. Com o resultado da partida, que encerrou o <a href=\"https:\/\/cbf.com.br\/\">Campeonato Brasileiro 2021<\/a>, o Gr\u00eamio foi rebaixado para a S\u00e9rie B da competi\u00e7\u00e3o. Com o placar, o Tim\u00e3o ficou em quinto lugar do Brasileir\u00e3o, por\u00e9m, com vaga direta na fase de grupos da Libertadores assegurada.<\/p>\n<p>Mais uma vez, o Corinthians jogou muito mal uma partida fora de casa. O que, ali\u00e1s, foi a t\u00f4nica do Tim\u00e3o no segundo turno da competi\u00e7\u00e3o. O time de Parque S\u00e3o Jorge n\u00e3o ganhou nenhum jogo sequer fora dos seus dom\u00ednios no returno da competi\u00e7\u00e3o. Por outro lado, o resultado foi crucial para o Juventude, que se manteve na primeira divis\u00e3o.<\/p>\n<p>O time de Caxias, ali\u00e1s, foi muito superior ao Corinthians em quase toda a partida. No primeiro tempo, os principais lances do jogo sa\u00edram do time ga\u00facho. Chico, talvez o melhor em campo na noite, deu trabalho para o goleiro C\u00e1ssio, aos 12 e aos 22 minutos, com dois belos chutes e fora da \u00e1rea, que obrigaram o goleiro corintiano a praticar grandes defesas.<\/p>\n<p>No \u00fanico lance de perigo do Corinthians na primeira etapa, J\u00f4 marcou o um gol, ap\u00f3s cruzamento pela direita e cabeceio certeiro. Entretanto, o gol foi anulado pela arbitragem, que alegou que o atacante corintiano fez falta no zagueiro advers\u00e1rio.<\/p>\n<h3><strong>Segundo tempo<\/strong><\/h3>\n<p>Em um segundo tempo sem grandes lances, o que culminou no gol do Juventude veio de um pol\u00eamico p\u00eanalti marcado aos 30 minutos. Em uma jogada estranha, de bate e rebate na entrada da \u00e1rea, a bola sobrou para Roberson que chutou forte e, mais uma vez, C\u00e1ssio fez grande defesa. Por\u00e9m, ap\u00f3s consultar a cabine do VAR, o juiz viu toque de m\u00e3o na bola de Gabriel Pereira dentro da \u00e1rea. Na cobran\u00e7a do p\u00eanalti, Chico fez 1&#215;0.<\/p>\n<p>O Corinthians encerra a competi\u00e7\u00e3o com 57 pontos e na quinta coloca\u00e7\u00e3o. J\u00e1 o Juventude ficou na 16\u00aa posi\u00e7\u00e3o, com 38 pontos conquistados.<\/p>\n<p><strong>LEIA TAMB\u00c9M<\/strong><\/p>\n<p><a href=\"https:\/\/redenoticiaz.com.br\/blog\/2021\/12\/05\/corinthians-arranca-empate-contra-o-gremio-em-casa\">Corinthians arranca empate contra o Gr\u00eamio em casa<\/a><\/p>\n","protected":false},"excerpt":{"rendered":"<p>O Corinthians perdeu de 1&#215;0 para o Juventude, na noite dessa quinta-feira (9), jogando fora de casa, no est\u00e1dio Alfredo Jaconi. Com o resultado da partida, que encerrou o Campeonato Brasileiro 2021, o Gr\u00eamio foi rebaixado para a S\u00e9rie B da competi\u00e7\u00e3o. Com o placar, o Tim\u00e3o ficou em quinto lugar do Brasileir\u00e3o, por\u00e9m, com &hellip;<\/p>\n","protected":false},"author":15,"featured_media":19653,"comment_status":"open","ping_status":"closed","sticky":false,"template":"","format":"standard","meta":{"footnotes":""},"categories":[35],"tags":[13296,3088,3454,25252],"class_list":["post-19652","post","type-post","status-publish","format-standard","has-post-thumbnail","hentry","category-esporte","tag-brasileirao","tag-campeonato-brasileiro","tag-corinthians","tag-juventude"],"yoast_head":"<!-- This site is optimized with the Yoast SEO plugin v27.5 - https:\/\/yoast.com\/product\/yoast-seo-wordpress\/ -->\n<title>Corinthians perde para Juventude e resultado rebaixa o Gr\u00eamio - Litoral SP<\/title>\n<meta name=\"description\" content=\"O Corinthians perdeu de 1x0 para o Juventude, na noite dessa quinta-feira (9), jogando fora de casa, no est\u00e1dio Alfredo Jaconi.\" \/>\n<meta name=\"robots\" content=\"index, follow, max-snippet:-1, max-image-preview:large, max-video-preview:-1\" \/>\n<link rel=\"canonical\" href=\"https:\/\/redenoticiaz.com.br\/litoralsp\/2021\/12\/10\/corinthians-perde-para-juventude-e-resultado-rebaixa-o-gremio\" \/>\n<meta property=\"og:locale\" content=\"pt_BR\" \/>\n<meta property=\"og:type\" content=\"article\" \/>\n<meta property=\"og:title\" content=\"Corinthians perde para Juventude e resultado rebaixa o Gr\u00eamio - Litoral SP\" \/>\n<meta property=\"og:description\" content=\"O Corinthians perdeu de 1x0 para o Juventude, na noite dessa quinta-feira (9), jogando fora de casa, no est\u00e1dio Alfredo Jaconi.\" \/>\n<meta property=\"og:url\" content=\"https:\/\/redenoticiaz.com.br\/litoralsp\/2021\/12\/10\/corinthians-perde-para-juventude-e-resultado-rebaixa-o-gremio\" \/>\n<meta property=\"og:site_name\" content=\"Litoral SP\" \/>\n<meta property=\"article:published_time\" content=\"2021-12-10T10:38:49+00:00\" \/>\n<meta property=\"article:modified_time\" content=\"2021-12-10T10:42:49+00:00\" \/>\n<meta property=\"og:image\" content=\"https:\/\/redenoticiaz.com.br\/litoralsp\/wp-content\/uploads\/sites\/3\/2021\/12\/luiz-erbes_agif.jpg\" \/>\n\t<meta property=\"og:image:width\" content=\"640\" \/>\n\t<meta property=\"og:image:height\" content=\"360\" \/>\n\t<meta property=\"og:image:type\" content=\"image\/jpeg\" \/>\n<meta name=\"twitter:card\" content=\"summary_large_image\" \/>\n<meta name=\"twitter:label1\" content=\"Escrito por\" \/>\n\t<meta name=\"twitter:data1\" content=\"\" \/>\n\t<meta name=\"twitter:label2\" content=\"Est. tempo de leitura\" \/>\n\t<meta name=\"twitter:data2\" content=\"2 minutos\" \/>\n<script type=\"application\/ld+json\" class=\"yoast-schema-graph\">{\"@context\":\"https:\\\/\\\/schema.org\",\"@graph\":[{\"@type\":\"Article\",\"@id\":\"https:\\\/\\\/redenoticiaz.com.br\\\/litoralsp\\\/2021\\\/12\\\/10\\\/corinthians-perde-para-juventude-e-resultado-rebaixa-o-gremio#article\",\"isPartOf\":{\"@id\":\"https:\\\/\\\/redenoticiaz.com.br\\\/litoralsp\\\/2021\\\/12\\\/10\\\/corinthians-perde-para-juventude-e-resultado-rebaixa-o-gremio\"},\"author\":{\"name\":\"\",\"@id\":\"\"},\"headline\":\"Corinthians perde para Juventude e resultado rebaixa o Gr\u00eamio\",\"datePublished\":\"2021-12-10T10:38:49+00:00\",\"dateModified\":\"2021-12-10T10:42:49+00:00\",\"mainEntityOfPage\":{\"@id\":\"https:\\\/\\\/redenoticiaz.com.br\\\/litoralsp\\\/2021\\\/12\\\/10\\\/corinthians-perde-para-juventude-e-resultado-rebaixa-o-gremio\"},\"wordCount\":380,\"commentCount\":0,\"publisher\":{\"@id\":\"https:\\\/\\\/redenoticiaz.com.br\\\/litoralsp\\\/#organization\"},\"image\":{\"@id\":\"https:\\\/\\\/redenoticiaz.com.br\\\/litoralsp\\\/2021\\\/12\\\/10\\\/corinthians-perde-para-juventude-e-resultado-rebaixa-o-gremio#primaryimage\"},\"thumbnailUrl\":\"https:\\\/\\\/redenoticiaz.com.br\\\/litoralsp\\\/wp-content\\\/uploads\\\/sites\\\/3\\\/2021\\\/12\\\/luiz-erbes_agif.jpg\",\"keywords\":[\"brasileir\u00e3o\",\"CAMPEONATO BRASILEIRO\",\"Corinthians\",\"JUVENTUDE\"],\"articleSection\":[\"Esporte\"],\"inLanguage\":\"pt-BR\",\"potentialAction\":[{\"@type\":\"CommentAction\",\"name\":\"Comment\",\"target\":[\"https:\\\/\\\/redenoticiaz.com.br\\\/litoralsp\\\/2021\\\/12\\\/10\\\/corinthians-perde-para-juventude-e-resultado-rebaixa-o-gremio#respond\"]}]},{\"@type\":\"WebPage\",\"@id\":\"https:\\\/\\\/redenoticiaz.com.br\\\/litoralsp\\\/2021\\\/12\\\/10\\\/corinthians-perde-para-juventude-e-resultado-rebaixa-o-gremio\",\"url\":\"https:\\\/\\\/redenoticiaz.com.br\\\/litoralsp\\\/2021\\\/12\\\/10\\\/corinthians-perde-para-juventude-e-resultado-rebaixa-o-gremio\",\"name\":\"Corinthians perde para Juventude e resultado rebaixa o Gr\u00eamio - Litoral SP\",\"isPartOf\":{\"@id\":\"https:\\\/\\\/redenoticiaz.com.br\\\/litoralsp\\\/#website\"},\"primaryImageOfPage\":{\"@id\":\"https:\\\/\\\/redenoticiaz.com.br\\\/litoralsp\\\/2021\\\/12\\\/10\\\/corinthians-perde-para-juventude-e-resultado-rebaixa-o-gremio#primaryimage\"},\"image\":{\"@id\":\"https:\\\/\\\/redenoticiaz.com.br\\\/litoralsp\\\/2021\\\/12\\\/10\\\/corinthians-perde-para-juventude-e-resultado-rebaixa-o-gremio#primaryimage\"},\"thumbnailUrl\":\"https:\\\/\\\/redenoticiaz.com.br\\\/litoralsp\\\/wp-content\\\/uploads\\\/sites\\\/3\\\/2021\\\/12\\\/luiz-erbes_agif.jpg\",\"datePublished\":\"2021-12-10T10:38:49+00:00\",\"dateModified\":\"2021-12-10T10:42:49+00:00\",\"description\":\"O Corinthians perdeu de 1x0 para o Juventude, na noite dessa quinta-feira (9), jogando fora de casa, no est\u00e1dio Alfredo Jaconi.\",\"inLanguage\":\"pt-BR\",\"potentialAction\":[{\"@type\":\"ReadAction\",\"target\":[\"https:\\\/\\\/redenoticiaz.com.br\\\/litoralsp\\\/2021\\\/12\\\/10\\\/corinthians-perde-para-juventude-e-resultado-rebaixa-o-gremio\"]}]},{\"@type\":\"ImageObject\",\"inLanguage\":\"pt-BR\",\"@id\":\"https:\\\/\\\/redenoticiaz.com.br\\\/litoralsp\\\/2021\\\/12\\\/10\\\/corinthians-perde-para-juventude-e-resultado-rebaixa-o-gremio#primaryimage\",\"url\":\"https:\\\/\\\/redenoticiaz.com.br\\\/litoralsp\\\/wp-content\\\/uploads\\\/sites\\\/3\\\/2021\\\/12\\\/luiz-erbes_agif.jpg\",\"contentUrl\":\"https:\\\/\\\/redenoticiaz.com.br\\\/litoralsp\\\/wp-content\\\/uploads\\\/sites\\\/3\\\/2021\\\/12\\\/luiz-erbes_agif.jpg\",\"width\":640,\"height\":360,\"caption\":\"Jogadores do Juventude comemoram gol contra o Corinthians (Foto: Luiz Erbes\\\/AGIF)\"},{\"@type\":\"WebSite\",\"@id\":\"https:\\\/\\\/redenoticiaz.com.br\\\/litoralsp\\\/#website\",\"url\":\"https:\\\/\\\/redenoticiaz.com.br\\\/litoralsp\\\/\",\"name\":\"Litoral SP\",\"description\":\"Rede NoticiaZ\",\"publisher\":{\"@id\":\"https:\\\/\\\/redenoticiaz.com.br\\\/litoralsp\\\/#organization\"},\"potentialAction\":[{\"@type\":\"SearchAction\",\"target\":{\"@type\":\"EntryPoint\",\"urlTemplate\":\"https:\\\/\\\/redenoticiaz.com.br\\\/litoralsp\\\/?s={search_term_string}\"},\"query-input\":{\"@type\":\"PropertyValueSpecification\",\"valueRequired\":true,\"valueName\":\"search_term_string\"}}],\"inLanguage\":\"pt-BR\"},{\"@type\":\"Organization\",\"@id\":\"https:\\\/\\\/redenoticiaz.com.br\\\/litoralsp\\\/#organization\",\"name\":\"Litoral SP\",\"url\":\"https:\\\/\\\/redenoticiaz.com.br\\\/litoralsp\\\/\",\"logo\":{\"@type\":\"ImageObject\",\"inLanguage\":\"pt-BR\",\"@id\":\"https:\\\/\\\/redenoticiaz.com.br\\\/litoralsp\\\/#\\\/schema\\\/logo\\\/image\\\/\",\"url\":\"https:\\\/\\\/redenoticiaz.com.br\\\/litoralsp\\\/wp-content\\\/uploads\\\/sites\\\/3\\\/2020\\\/11\\\/logo.jpg\",\"contentUrl\":\"https:\\\/\\\/redenoticiaz.com.br\\\/litoralsp\\\/wp-content\\\/uploads\\\/sites\\\/3\\\/2020\\\/11\\\/logo.jpg\",\"width\":400,\"height\":250,\"caption\":\"Litoral SP\"},\"image\":{\"@id\":\"https:\\\/\\\/redenoticiaz.com.br\\\/litoralsp\\\/#\\\/schema\\\/logo\\\/image\\\/\"}},{\"@type\":\"Person\",\"@id\":\"\",\"url\":\"https:\\\/\\\/redenoticiaz.com.br\\\/litoralsp\\\/author\"}]}<\/script>\n<!-- \/ Yoast SEO plugin. -->","yoast_head_json":{"title":"Corinthians perde para Juventude e resultado rebaixa o Gr\u00eamio - Litoral SP","description":"O Corinthians perdeu de 1x0 para o Juventude, na noite dessa quinta-feira (9), jogando fora de casa, no est\u00e1dio Alfredo Jaconi.","robots":{"index":"index","follow":"follow","max-snippet":"max-snippet:-1","max-image-preview":"max-image-preview:large","max-video-preview":"max-video-preview:-1"},"canonical":"https:\/\/redenoticiaz.com.br\/litoralsp\/2021\/12\/10\/corinthians-perde-para-juventude-e-resultado-rebaixa-o-gremio","og_locale":"pt_BR","og_type":"article","og_title":"Corinthians perde para Juventude e resultado rebaixa o Gr\u00eamio - Litoral SP","og_description":"O Corinthians perdeu de 1x0 para o Juventude, na noite dessa quinta-feira (9), jogando fora de casa, no est\u00e1dio Alfredo Jaconi.","og_url":"https:\/\/redenoticiaz.com.br\/litoralsp\/2021\/12\/10\/corinthians-perde-para-juventude-e-resultado-rebaixa-o-gremio","og_site_name":"Litoral SP","article_published_time":"2021-12-10T10:38:49+00:00","article_modified_time":"2021-12-10T10:42:49+00:00","og_image":[{"width":640,"height":360,"url":"https:\/\/redenoticiaz.com.br\/litoralsp\/wp-content\/uploads\/sites\/3\/2021\/12\/luiz-erbes_agif.jpg","type":"image\/jpeg"}],"twitter_card":"summary_large_image","twitter_misc":{"Escrito por":"","Est. tempo de leitura":"2 minutos"},"schema":{"@context":"https:\/\/schema.org","@graph":[{"@type":"Article","@id":"https:\/\/redenoticiaz.com.br\/litoralsp\/2021\/12\/10\/corinthians-perde-para-juventude-e-resultado-rebaixa-o-gremio#article","isPartOf":{"@id":"https:\/\/redenoticiaz.com.br\/litoralsp\/2021\/12\/10\/corinthians-perde-para-juventude-e-resultado-rebaixa-o-gremio"},"author":{"name":"","@id":""},"headline":"Corinthians perde para Juventude e resultado rebaixa o Gr\u00eamio","datePublished":"2021-12-10T10:38:49+00:00","dateModified":"2021-12-10T10:42:49+00:00","mainEntityOfPage":{"@id":"https:\/\/redenoticiaz.com.br\/litoralsp\/2021\/12\/10\/corinthians-perde-para-juventude-e-resultado-rebaixa-o-gremio"},"wordCount":380,"commentCount":0,"publisher":{"@id":"https:\/\/redenoticiaz.com.br\/litoralsp\/#organization"},"image":{"@id":"https:\/\/redenoticiaz.com.br\/litoralsp\/2021\/12\/10\/corinthians-perde-para-juventude-e-resultado-rebaixa-o-gremio#primaryimage"},"thumbnailUrl":"https:\/\/redenoticiaz.com.br\/litoralsp\/wp-content\/uploads\/sites\/3\/2021\/12\/luiz-erbes_agif.jpg","keywords":["brasileir\u00e3o","CAMPEONATO BRASILEIRO","Corinthians","JUVENTUDE"],"articleSection":["Esporte"],"inLanguage":"pt-BR","potentialAction":[{"@type":"CommentAction","name":"Comment","target":["https:\/\/redenoticiaz.com.br\/litoralsp\/2021\/12\/10\/corinthians-perde-para-juventude-e-resultado-rebaixa-o-gremio#respond"]}]},{"@type":"WebPage","@id":"https:\/\/redenoticiaz.com.br\/litoralsp\/2021\/12\/10\/corinthians-perde-para-juventude-e-resultado-rebaixa-o-gremio","url":"https:\/\/redenoticiaz.com.br\/litoralsp\/2021\/12\/10\/corinthians-perde-para-juventude-e-resultado-rebaixa-o-gremio","name":"Corinthians perde para Juventude e resultado rebaixa o Gr\u00eamio - Litoral SP","isPartOf":{"@id":"https:\/\/redenoticiaz.com.br\/litoralsp\/#website"},"primaryImageOfPage":{"@id":"https:\/\/redenoticiaz.com.br\/litoralsp\/2021\/12\/10\/corinthians-perde-para-juventude-e-resultado-rebaixa-o-gremio#primaryimage"},"image":{"@id":"https:\/\/redenoticiaz.com.br\/litoralsp\/2021\/12\/10\/corinthians-perde-para-juventude-e-resultado-rebaixa-o-gremio#primaryimage"},"thumbnailUrl":"https:\/\/redenoticiaz.com.br\/litoralsp\/wp-content\/uploads\/sites\/3\/2021\/12\/luiz-erbes_agif.jpg","datePublished":"2021-12-10T10:38:49+00:00","dateModified":"2021-12-10T10:42:49+00:00","description":"O Corinthians perdeu de 1x0 para o Juventude, na noite dessa quinta-feira (9), jogando fora de casa, no est\u00e1dio Alfredo Jaconi.","inLanguage":"pt-BR","potentialAction":[{"@type":"ReadAction","target":["https:\/\/redenoticiaz.com.br\/litoralsp\/2021\/12\/10\/corinthians-perde-para-juventude-e-resultado-rebaixa-o-gremio"]}]},{"@type":"ImageObject","inLanguage":"pt-BR","@id":"https:\/\/redenoticiaz.com.br\/litoralsp\/2021\/12\/10\/corinthians-perde-para-juventude-e-resultado-rebaixa-o-gremio#primaryimage","url":"https:\/\/redenoticiaz.com.br\/litoralsp\/wp-content\/uploads\/sites\/3\/2021\/12\/luiz-erbes_agif.jpg","contentUrl":"https:\/\/redenoticiaz.com.br\/litoralsp\/wp-content\/uploads\/sites\/3\/2021\/12\/luiz-erbes_agif.jpg","width":640,"height":360,"caption":"Jogadores do Juventude comemoram gol contra o Corinthians (Foto: Luiz Erbes\/AGIF)"},{"@type":"WebSite","@id":"https:\/\/redenoticiaz.com.br\/litoralsp\/#website","url":"https:\/\/redenoticiaz.com.br\/litoralsp\/","name":"Litoral SP","description":"Rede NoticiaZ","publisher":{"@id":"https:\/\/redenoticiaz.com.br\/litoralsp\/#organization"},"potentialAction":[{"@type":"SearchAction","target":{"@type":"EntryPoint","urlTemplate":"https:\/\/redenoticiaz.com.br\/litoralsp\/?s={search_term_string}"},"query-input":{"@type":"PropertyValueSpecification","valueRequired":true,"valueName":"search_term_string"}}],"inLanguage":"pt-BR"},{"@type":"Organization","@id":"https:\/\/redenoticiaz.com.br\/litoralsp\/#organization","name":"Litoral SP","url":"https:\/\/redenoticiaz.com.br\/litoralsp\/","logo":{"@type":"ImageObject","inLanguage":"pt-BR","@id":"https:\/\/redenoticiaz.com.br\/litoralsp\/#\/schema\/logo\/image\/","url":"https:\/\/redenoticiaz.com.br\/litoralsp\/wp-content\/uploads\/sites\/3\/2020\/11\/logo.jpg","contentUrl":"https:\/\/redenoticiaz.com.br\/litoralsp\/wp-content\/uploads\/sites\/3\/2020\/11\/logo.jpg","width":400,"height":250,"caption":"Litoral SP"},"image":{"@id":"https:\/\/redenoticiaz.com.br\/litoralsp\/#\/schema\/logo\/image\/"}},{"@type":"Person","@id":"","url":"https:\/\/redenoticiaz.com.br\/litoralsp\/author"}]}},"_links":{"self":[{"href":"https:\/\/redenoticiaz.com.br\/litoralsp\/wp-json\/wp\/v2\/posts\/19652","targetHints":{"allow":["GET"]}}],"collection":[{"href":"https:\/\/redenoticiaz.com.br\/litoralsp\/wp-json\/wp\/v2\/posts"}],"about":[{"href":"https:\/\/redenoticiaz.com.br\/litoralsp\/wp-json\/wp\/v2\/types\/post"}],"author":[{"embeddable":true,"href":"https:\/\/redenoticiaz.com.br\/litoralsp\/wp-json\/wp\/v2\/users\/15"}],"replies":[{"embeddable":true,"href":"https:\/\/redenoticiaz.com.br\/litoralsp\/wp-json\/wp\/v2\/comments?post=19652"}],"version-history":[{"count":1,"href":"https:\/\/redenoticiaz.com.br\/litoralsp\/wp-json\/wp\/v2\/posts\/19652\/revisions"}],"predecessor-version":[{"id":19654,"href":"https:\/\/redenoticiaz.com.br\/litoralsp\/wp-json\/wp\/v2\/posts\/19652\/revisions\/19654"}],"wp:featuredmedia":[{"embeddable":true,"href":"https:\/\/redenoticiaz.com.br\/litoralsp\/wp-json\/wp\/v2\/media\/19653"}],"wp:attachment":[{"href":"https:\/\/redenoticiaz.com.br\/litoralsp\/wp-json\/wp\/v2\/media?parent=19652"}],"wp:term":[{"taxonomy":"category","embeddable":true,"href":"https:\/\/redenoticiaz.com.br\/litoralsp\/wp-json\/wp\/v2\/categories?post=19652"},{"taxonomy":"post_tag","embeddable":true,"href":"https:\/\/redenoticiaz.com.br\/litoralsp\/wp-json\/wp\/v2\/tags?post=19652"}],"curies":[{"name":"wp","href":"https:\/\/api.w.org\/{rel}","templated":true}]}}