{"id":19735,"date":"2021-12-13T13:39:40","date_gmt":"2021-12-13T16:39:40","guid":{"rendered":"https:\/\/redenoticiaz.com.br\/litoralsp\/?p=19735"},"modified":"2021-12-13T13:39:40","modified_gmt":"2021-12-13T16:39:40","slug":"homem-que-assediou-mulher-em-bicicleta-e-identificado-na-praia-grande","status":"publish","type":"post","link":"https:\/\/redenoticiaz.com.br\/litoralsp\/2021\/12\/13\/homem-que-assediou-mulher-em-bicicleta-e-identificado-na-praia-grande","title":{"rendered":"Homem que assediou mulher em Bicicleta \u00e9 identificado na Praia Grande"},"content":{"rendered":"<p>A Pol\u00edcia identificou o homem que assediou uma mulher que estava em uma bicicleta na Cidade de Praia Grande. O fato aconteceu no dia 3 de dezembro e foi registrado por c\u00e2meras de seguran\u00e7a.<\/p>\n<p>De acordo com a equipe que investiga o caso, o homem tamb\u00e9m \u00e9 morador de Praia Grande e teve sua pris\u00e3o preventiva recusada pela justi\u00e7a. Agora a Pol\u00edcia segue em busca do acusado.<\/p>\n<p>O reconhecimento foi feito atrav\u00e9s de imagens de c\u00e2meras de seguran\u00e7a pr\u00f3ximas ao local de onde o ass\u00e9dio aconteceu. O caso foi registrado na delegacia da mulher de Praia Grande.<\/p>\n<p><strong>O CASO<\/strong><\/p>\n<p>De acordo com o BO, a mulher estava em uma rua andando de bicicleta quando um homem que tamb\u00e9m estava de bicicleta se aproxima e passa a m\u00e3o em sua bunda. Ela afirma que n\u00e3o conseguiu ver ele se aproximando, e que o mesmo fugiu assim que ela reclamou.<\/p>\n<p><strong>LEIA MAIS<\/strong><\/p>\n<p><a href=\"https:\/\/redenoticiaz.com.br\/litoralsp\/2021\/12\/05\/mulher-sofre-assedio-a-caminho-do-trabalho-em-praia-grande\">V\u00cdDEO \u2013 Mulher sofre ass\u00e9dio a caminho do trabalho, em Praia Grande<\/a><\/p>\n","protected":false},"excerpt":{"rendered":"<p>A Pol\u00edcia identificou o homem que assediou uma mulher que estava em uma bicicleta na Cidade de Praia Grande. O fato aconteceu no dia 3 de dezembro e foi registrado por c\u00e2meras de seguran\u00e7a. De acordo com a equipe que investiga o caso, o homem tamb\u00e9m \u00e9 morador de Praia Grande e teve sua pris\u00e3o &hellip;<\/p>\n","protected":false},"author":12,"featured_media":19736,"comment_status":"open","ping_status":"closed","sticky":false,"template":"","format":"standard","meta":{"footnotes":""},"categories":[182],"tags":[44179,15331,7613],"class_list":["post-19735","post","type-post","status-publish","format-standard","has-post-thumbnail","hentry","category-praia-grande","tag-assedio","tag-bicicleta","tag-mulher"],"yoast_head":"<!-- This site is optimized with the Yoast SEO plugin v27.5 - https:\/\/yoast.com\/product\/yoast-seo-wordpress\/ -->\n<title>Homem que assediou mulher em Bicicleta \u00e9 identificado na Praia Grande -<\/title>\n<meta name=\"description\" content=\"A Pol\u00edcia identificou o homem que assediou uma mulher que estava em uma bicicleta na Cidade de Praia Grande. Caso aconteceu dia 3 de dezembro\" \/>\n<meta name=\"robots\" content=\"index, follow, max-snippet:-1, max-image-preview:large, max-video-preview:-1\" \/>\n<link rel=\"canonical\" href=\"https:\/\/redenoticiaz.com.br\/litoralsp\/2021\/12\/13\/homem-que-assediou-mulher-em-bicicleta-e-identificado-na-praia-grande\" \/>\n<meta property=\"og:locale\" content=\"pt_BR\" \/>\n<meta property=\"og:type\" content=\"article\" \/>\n<meta property=\"og:title\" content=\"Homem que assediou mulher em Bicicleta \u00e9 identificado na Praia Grande -\" \/>\n<meta property=\"og:description\" content=\"A Pol\u00edcia identificou o homem que assediou uma mulher que estava em uma bicicleta na Cidade de Praia Grande. Caso aconteceu dia 3 de dezembro\" \/>\n<meta property=\"og:url\" content=\"https:\/\/redenoticiaz.com.br\/litoralsp\/2021\/12\/13\/homem-que-assediou-mulher-em-bicicleta-e-identificado-na-praia-grande\" \/>\n<meta property=\"og:site_name\" content=\"Litoral SP\" \/>\n<meta property=\"article:published_time\" content=\"2021-12-13T16:39:40+00:00\" \/>\n<meta property=\"og:image\" content=\"https:\/\/redenoticiaz.com.br\/litoralsp\/wp-content\/uploads\/sites\/3\/2021\/12\/censurado2435735514341.jpg\" \/>\n\t<meta property=\"og:image:width\" content=\"773\" \/>\n\t<meta property=\"og:image:height\" content=\"518\" \/>\n\t<meta property=\"og:image:type\" content=\"image\/jpeg\" \/>\n<meta name=\"author\" content=\"Gustavo Silva\" \/>\n<meta name=\"twitter:card\" content=\"summary_large_image\" \/>\n<meta name=\"twitter:label1\" content=\"Escrito por\" \/>\n\t<meta name=\"twitter:data1\" content=\"Gustavo Silva\" \/>\n\t<meta name=\"twitter:label2\" content=\"Est. tempo de leitura\" \/>\n\t<meta name=\"twitter:data2\" content=\"1 minuto\" \/>\n<script type=\"application\/ld+json\" class=\"yoast-schema-graph\">{\"@context\":\"https:\\\/\\\/schema.org\",\"@graph\":[{\"@type\":\"Article\",\"@id\":\"https:\\\/\\\/redenoticiaz.com.br\\\/litoralsp\\\/2021\\\/12\\\/13\\\/homem-que-assediou-mulher-em-bicicleta-e-identificado-na-praia-grande#article\",\"isPartOf\":{\"@id\":\"https:\\\/\\\/redenoticiaz.com.br\\\/litoralsp\\\/2021\\\/12\\\/13\\\/homem-que-assediou-mulher-em-bicicleta-e-identificado-na-praia-grande\"},\"author\":{\"name\":\"Gustavo Silva\",\"@id\":\"https:\\\/\\\/redenoticiaz.com.br\\\/litoralsp\\\/#\\\/schema\\\/person\\\/16057b37a3c0ee6b096d7f887c566e2e\"},\"headline\":\"Homem que assediou mulher em Bicicleta \u00e9 identificado na Praia Grande\",\"datePublished\":\"2021-12-13T16:39:40+00:00\",\"mainEntityOfPage\":{\"@id\":\"https:\\\/\\\/redenoticiaz.com.br\\\/litoralsp\\\/2021\\\/12\\\/13\\\/homem-que-assediou-mulher-em-bicicleta-e-identificado-na-praia-grande\"},\"wordCount\":186,\"commentCount\":0,\"publisher\":{\"@id\":\"https:\\\/\\\/redenoticiaz.com.br\\\/litoralsp\\\/#organization\"},\"image\":{\"@id\":\"https:\\\/\\\/redenoticiaz.com.br\\\/litoralsp\\\/2021\\\/12\\\/13\\\/homem-que-assediou-mulher-em-bicicleta-e-identificado-na-praia-grande#primaryimage\"},\"thumbnailUrl\":\"https:\\\/\\\/redenoticiaz.com.br\\\/litoralsp\\\/wp-content\\\/uploads\\\/sites\\\/3\\\/2021\\\/12\\\/censurado2435735514341.jpg\",\"keywords\":[\"ASS\u00c9DIO\",\"BICICLETA\",\"mulher\"],\"articleSection\":[\"Praia Grande\"],\"inLanguage\":\"pt-BR\",\"potentialAction\":[{\"@type\":\"CommentAction\",\"name\":\"Comment\",\"target\":[\"https:\\\/\\\/redenoticiaz.com.br\\\/litoralsp\\\/2021\\\/12\\\/13\\\/homem-que-assediou-mulher-em-bicicleta-e-identificado-na-praia-grande#respond\"]}]},{\"@type\":\"WebPage\",\"@id\":\"https:\\\/\\\/redenoticiaz.com.br\\\/litoralsp\\\/2021\\\/12\\\/13\\\/homem-que-assediou-mulher-em-bicicleta-e-identificado-na-praia-grande\",\"url\":\"https:\\\/\\\/redenoticiaz.com.br\\\/litoralsp\\\/2021\\\/12\\\/13\\\/homem-que-assediou-mulher-em-bicicleta-e-identificado-na-praia-grande\",\"name\":\"Homem que assediou mulher em Bicicleta \u00e9 identificado na Praia Grande -\",\"isPartOf\":{\"@id\":\"https:\\\/\\\/redenoticiaz.com.br\\\/litoralsp\\\/#website\"},\"primaryImageOfPage\":{\"@id\":\"https:\\\/\\\/redenoticiaz.com.br\\\/litoralsp\\\/2021\\\/12\\\/13\\\/homem-que-assediou-mulher-em-bicicleta-e-identificado-na-praia-grande#primaryimage\"},\"image\":{\"@id\":\"https:\\\/\\\/redenoticiaz.com.br\\\/litoralsp\\\/2021\\\/12\\\/13\\\/homem-que-assediou-mulher-em-bicicleta-e-identificado-na-praia-grande#primaryimage\"},\"thumbnailUrl\":\"https:\\\/\\\/redenoticiaz.com.br\\\/litoralsp\\\/wp-content\\\/uploads\\\/sites\\\/3\\\/2021\\\/12\\\/censurado2435735514341.jpg\",\"datePublished\":\"2021-12-13T16:39:40+00:00\",\"description\":\"A Pol\u00edcia identificou o homem que assediou uma mulher que estava em uma bicicleta na Cidade de Praia Grande. Caso aconteceu dia 3 de dezembro\",\"inLanguage\":\"pt-BR\",\"potentialAction\":[{\"@type\":\"ReadAction\",\"target\":[\"https:\\\/\\\/redenoticiaz.com.br\\\/litoralsp\\\/2021\\\/12\\\/13\\\/homem-que-assediou-mulher-em-bicicleta-e-identificado-na-praia-grande\"]}]},{\"@type\":\"ImageObject\",\"inLanguage\":\"pt-BR\",\"@id\":\"https:\\\/\\\/redenoticiaz.com.br\\\/litoralsp\\\/2021\\\/12\\\/13\\\/homem-que-assediou-mulher-em-bicicleta-e-identificado-na-praia-grande#primaryimage\",\"url\":\"https:\\\/\\\/redenoticiaz.com.br\\\/litoralsp\\\/wp-content\\\/uploads\\\/sites\\\/3\\\/2021\\\/12\\\/censurado2435735514341.jpg\",\"contentUrl\":\"https:\\\/\\\/redenoticiaz.com.br\\\/litoralsp\\\/wp-content\\\/uploads\\\/sites\\\/3\\\/2021\\\/12\\\/censurado2435735514341.jpg\",\"width\":773,\"height\":518,\"caption\":\"Cr\u00e9ditos: Pol\u00edcia Civil\"},{\"@type\":\"WebSite\",\"@id\":\"https:\\\/\\\/redenoticiaz.com.br\\\/litoralsp\\\/#website\",\"url\":\"https:\\\/\\\/redenoticiaz.com.br\\\/litoralsp\\\/\",\"name\":\"Litoral SP\",\"description\":\"Rede NoticiaZ\",\"publisher\":{\"@id\":\"https:\\\/\\\/redenoticiaz.com.br\\\/litoralsp\\\/#organization\"},\"potentialAction\":[{\"@type\":\"SearchAction\",\"target\":{\"@type\":\"EntryPoint\",\"urlTemplate\":\"https:\\\/\\\/redenoticiaz.com.br\\\/litoralsp\\\/?s={search_term_string}\"},\"query-input\":{\"@type\":\"PropertyValueSpecification\",\"valueRequired\":true,\"valueName\":\"search_term_string\"}}],\"inLanguage\":\"pt-BR\"},{\"@type\":\"Organization\",\"@id\":\"https:\\\/\\\/redenoticiaz.com.br\\\/litoralsp\\\/#organization\",\"name\":\"Litoral SP\",\"url\":\"https:\\\/\\\/redenoticiaz.com.br\\\/litoralsp\\\/\",\"logo\":{\"@type\":\"ImageObject\",\"inLanguage\":\"pt-BR\",\"@id\":\"https:\\\/\\\/redenoticiaz.com.br\\\/litoralsp\\\/#\\\/schema\\\/logo\\\/image\\\/\",\"url\":\"https:\\\/\\\/redenoticiaz.com.br\\\/litoralsp\\\/wp-content\\\/uploads\\\/sites\\\/3\\\/2020\\\/11\\\/logo.jpg\",\"contentUrl\":\"https:\\\/\\\/redenoticiaz.com.br\\\/litoralsp\\\/wp-content\\\/uploads\\\/sites\\\/3\\\/2020\\\/11\\\/logo.jpg\",\"width\":400,\"height\":250,\"caption\":\"Litoral SP\"},\"image\":{\"@id\":\"https:\\\/\\\/redenoticiaz.com.br\\\/litoralsp\\\/#\\\/schema\\\/logo\\\/image\\\/\"}},{\"@type\":\"Person\",\"@id\":\"https:\\\/\\\/redenoticiaz.com.br\\\/litoralsp\\\/#\\\/schema\\\/person\\\/16057b37a3c0ee6b096d7f887c566e2e\",\"name\":\"Gustavo Silva\",\"image\":{\"@type\":\"ImageObject\",\"inLanguage\":\"pt-BR\",\"@id\":\"https:\\\/\\\/secure.gravatar.com\\\/avatar\\\/3ee4e82f93b26de0a7cf4ea5eb7893da637ed6bb0c9170c58065944c56e28a33?s=96&d=mm&r=g\",\"url\":\"https:\\\/\\\/secure.gravatar.com\\\/avatar\\\/3ee4e82f93b26de0a7cf4ea5eb7893da637ed6bb0c9170c58065944c56e28a33?s=96&d=mm&r=g\",\"contentUrl\":\"https:\\\/\\\/secure.gravatar.com\\\/avatar\\\/3ee4e82f93b26de0a7cf4ea5eb7893da637ed6bb0c9170c58065944c56e28a33?s=96&d=mm&r=g\",\"caption\":\"Gustavo Silva\"},\"url\":\"https:\\\/\\\/redenoticiaz.com.br\\\/litoralsp\\\/author\\\/gustavosilva\"}]}<\/script>\n<!-- \/ Yoast SEO plugin. -->","yoast_head_json":{"title":"Homem que assediou mulher em Bicicleta \u00e9 identificado na Praia Grande -","description":"A Pol\u00edcia identificou o homem que assediou uma mulher que estava em uma bicicleta na Cidade de Praia Grande. Caso aconteceu dia 3 de dezembro","robots":{"index":"index","follow":"follow","max-snippet":"max-snippet:-1","max-image-preview":"max-image-preview:large","max-video-preview":"max-video-preview:-1"},"canonical":"https:\/\/redenoticiaz.com.br\/litoralsp\/2021\/12\/13\/homem-que-assediou-mulher-em-bicicleta-e-identificado-na-praia-grande","og_locale":"pt_BR","og_type":"article","og_title":"Homem que assediou mulher em Bicicleta \u00e9 identificado na Praia Grande -","og_description":"A Pol\u00edcia identificou o homem que assediou uma mulher que estava em uma bicicleta na Cidade de Praia Grande. Caso aconteceu dia 3 de dezembro","og_url":"https:\/\/redenoticiaz.com.br\/litoralsp\/2021\/12\/13\/homem-que-assediou-mulher-em-bicicleta-e-identificado-na-praia-grande","og_site_name":"Litoral SP","article_published_time":"2021-12-13T16:39:40+00:00","og_image":[{"width":773,"height":518,"url":"https:\/\/redenoticiaz.com.br\/litoralsp\/wp-content\/uploads\/sites\/3\/2021\/12\/censurado2435735514341.jpg","type":"image\/jpeg"}],"author":"Gustavo Silva","twitter_card":"summary_large_image","twitter_misc":{"Escrito por":"Gustavo Silva","Est. tempo de leitura":"1 minuto"},"schema":{"@context":"https:\/\/schema.org","@graph":[{"@type":"Article","@id":"https:\/\/redenoticiaz.com.br\/litoralsp\/2021\/12\/13\/homem-que-assediou-mulher-em-bicicleta-e-identificado-na-praia-grande#article","isPartOf":{"@id":"https:\/\/redenoticiaz.com.br\/litoralsp\/2021\/12\/13\/homem-que-assediou-mulher-em-bicicleta-e-identificado-na-praia-grande"},"author":{"name":"Gustavo Silva","@id":"https:\/\/redenoticiaz.com.br\/litoralsp\/#\/schema\/person\/16057b37a3c0ee6b096d7f887c566e2e"},"headline":"Homem que assediou mulher em Bicicleta \u00e9 identificado na Praia Grande","datePublished":"2021-12-13T16:39:40+00:00","mainEntityOfPage":{"@id":"https:\/\/redenoticiaz.com.br\/litoralsp\/2021\/12\/13\/homem-que-assediou-mulher-em-bicicleta-e-identificado-na-praia-grande"},"wordCount":186,"commentCount":0,"publisher":{"@id":"https:\/\/redenoticiaz.com.br\/litoralsp\/#organization"},"image":{"@id":"https:\/\/redenoticiaz.com.br\/litoralsp\/2021\/12\/13\/homem-que-assediou-mulher-em-bicicleta-e-identificado-na-praia-grande#primaryimage"},"thumbnailUrl":"https:\/\/redenoticiaz.com.br\/litoralsp\/wp-content\/uploads\/sites\/3\/2021\/12\/censurado2435735514341.jpg","keywords":["ASS\u00c9DIO","BICICLETA","mulher"],"articleSection":["Praia Grande"],"inLanguage":"pt-BR","potentialAction":[{"@type":"CommentAction","name":"Comment","target":["https:\/\/redenoticiaz.com.br\/litoralsp\/2021\/12\/13\/homem-que-assediou-mulher-em-bicicleta-e-identificado-na-praia-grande#respond"]}]},{"@type":"WebPage","@id":"https:\/\/redenoticiaz.com.br\/litoralsp\/2021\/12\/13\/homem-que-assediou-mulher-em-bicicleta-e-identificado-na-praia-grande","url":"https:\/\/redenoticiaz.com.br\/litoralsp\/2021\/12\/13\/homem-que-assediou-mulher-em-bicicleta-e-identificado-na-praia-grande","name":"Homem que assediou mulher em Bicicleta \u00e9 identificado na Praia Grande -","isPartOf":{"@id":"https:\/\/redenoticiaz.com.br\/litoralsp\/#website"},"primaryImageOfPage":{"@id":"https:\/\/redenoticiaz.com.br\/litoralsp\/2021\/12\/13\/homem-que-assediou-mulher-em-bicicleta-e-identificado-na-praia-grande#primaryimage"},"image":{"@id":"https:\/\/redenoticiaz.com.br\/litoralsp\/2021\/12\/13\/homem-que-assediou-mulher-em-bicicleta-e-identificado-na-praia-grande#primaryimage"},"thumbnailUrl":"https:\/\/redenoticiaz.com.br\/litoralsp\/wp-content\/uploads\/sites\/3\/2021\/12\/censurado2435735514341.jpg","datePublished":"2021-12-13T16:39:40+00:00","description":"A Pol\u00edcia identificou o homem que assediou uma mulher que estava em uma bicicleta na Cidade de Praia Grande. Caso aconteceu dia 3 de dezembro","inLanguage":"pt-BR","potentialAction":[{"@type":"ReadAction","target":["https:\/\/redenoticiaz.com.br\/litoralsp\/2021\/12\/13\/homem-que-assediou-mulher-em-bicicleta-e-identificado-na-praia-grande"]}]},{"@type":"ImageObject","inLanguage":"pt-BR","@id":"https:\/\/redenoticiaz.com.br\/litoralsp\/2021\/12\/13\/homem-que-assediou-mulher-em-bicicleta-e-identificado-na-praia-grande#primaryimage","url":"https:\/\/redenoticiaz.com.br\/litoralsp\/wp-content\/uploads\/sites\/3\/2021\/12\/censurado2435735514341.jpg","contentUrl":"https:\/\/redenoticiaz.com.br\/litoralsp\/wp-content\/uploads\/sites\/3\/2021\/12\/censurado2435735514341.jpg","width":773,"height":518,"caption":"Cr\u00e9ditos: Pol\u00edcia Civil"},{"@type":"WebSite","@id":"https:\/\/redenoticiaz.com.br\/litoralsp\/#website","url":"https:\/\/redenoticiaz.com.br\/litoralsp\/","name":"Litoral SP","description":"Rede NoticiaZ","publisher":{"@id":"https:\/\/redenoticiaz.com.br\/litoralsp\/#organization"},"potentialAction":[{"@type":"SearchAction","target":{"@type":"EntryPoint","urlTemplate":"https:\/\/redenoticiaz.com.br\/litoralsp\/?s={search_term_string}"},"query-input":{"@type":"PropertyValueSpecification","valueRequired":true,"valueName":"search_term_string"}}],"inLanguage":"pt-BR"},{"@type":"Organization","@id":"https:\/\/redenoticiaz.com.br\/litoralsp\/#organization","name":"Litoral SP","url":"https:\/\/redenoticiaz.com.br\/litoralsp\/","logo":{"@type":"ImageObject","inLanguage":"pt-BR","@id":"https:\/\/redenoticiaz.com.br\/litoralsp\/#\/schema\/logo\/image\/","url":"https:\/\/redenoticiaz.com.br\/litoralsp\/wp-content\/uploads\/sites\/3\/2020\/11\/logo.jpg","contentUrl":"https:\/\/redenoticiaz.com.br\/litoralsp\/wp-content\/uploads\/sites\/3\/2020\/11\/logo.jpg","width":400,"height":250,"caption":"Litoral SP"},"image":{"@id":"https:\/\/redenoticiaz.com.br\/litoralsp\/#\/schema\/logo\/image\/"}},{"@type":"Person","@id":"https:\/\/redenoticiaz.com.br\/litoralsp\/#\/schema\/person\/16057b37a3c0ee6b096d7f887c566e2e","name":"Gustavo Silva","image":{"@type":"ImageObject","inLanguage":"pt-BR","@id":"https:\/\/secure.gravatar.com\/avatar\/3ee4e82f93b26de0a7cf4ea5eb7893da637ed6bb0c9170c58065944c56e28a33?s=96&d=mm&r=g","url":"https:\/\/secure.gravatar.com\/avatar\/3ee4e82f93b26de0a7cf4ea5eb7893da637ed6bb0c9170c58065944c56e28a33?s=96&d=mm&r=g","contentUrl":"https:\/\/secure.gravatar.com\/avatar\/3ee4e82f93b26de0a7cf4ea5eb7893da637ed6bb0c9170c58065944c56e28a33?s=96&d=mm&r=g","caption":"Gustavo Silva"},"url":"https:\/\/redenoticiaz.com.br\/litoralsp\/author\/gustavosilva"}]}},"_links":{"self":[{"href":"https:\/\/redenoticiaz.com.br\/litoralsp\/wp-json\/wp\/v2\/posts\/19735","targetHints":{"allow":["GET"]}}],"collection":[{"href":"https:\/\/redenoticiaz.com.br\/litoralsp\/wp-json\/wp\/v2\/posts"}],"about":[{"href":"https:\/\/redenoticiaz.com.br\/litoralsp\/wp-json\/wp\/v2\/types\/post"}],"author":[{"embeddable":true,"href":"https:\/\/redenoticiaz.com.br\/litoralsp\/wp-json\/wp\/v2\/users\/12"}],"replies":[{"embeddable":true,"href":"https:\/\/redenoticiaz.com.br\/litoralsp\/wp-json\/wp\/v2\/comments?post=19735"}],"version-history":[{"count":1,"href":"https:\/\/redenoticiaz.com.br\/litoralsp\/wp-json\/wp\/v2\/posts\/19735\/revisions"}],"predecessor-version":[{"id":19737,"href":"https:\/\/redenoticiaz.com.br\/litoralsp\/wp-json\/wp\/v2\/posts\/19735\/revisions\/19737"}],"wp:featuredmedia":[{"embeddable":true,"href":"https:\/\/redenoticiaz.com.br\/litoralsp\/wp-json\/wp\/v2\/media\/19736"}],"wp:attachment":[{"href":"https:\/\/redenoticiaz.com.br\/litoralsp\/wp-json\/wp\/v2\/media?parent=19735"}],"wp:term":[{"taxonomy":"category","embeddable":true,"href":"https:\/\/redenoticiaz.com.br\/litoralsp\/wp-json\/wp\/v2\/categories?post=19735"},{"taxonomy":"post_tag","embeddable":true,"href":"https:\/\/redenoticiaz.com.br\/litoralsp\/wp-json\/wp\/v2\/tags?post=19735"}],"curies":[{"name":"wp","href":"https:\/\/api.w.org\/{rel}","templated":true}]}}