{"id":19804,"date":"2021-12-16T13:32:11","date_gmt":"2021-12-16T16:32:11","guid":{"rendered":"https:\/\/redenoticiaz.com.br\/litoralsp\/2021\/12\/16\/comprovante-de-vacina-e-exigido-pelas-companhias-aereas"},"modified":"2021-12-16T13:36:13","modified_gmt":"2021-12-16T16:36:13","slug":"comprovante-de-vacina-e-exigido-pelas-companhias-aereas","status":"publish","type":"post","link":"https:\/\/redenoticiaz.com.br\/litoralsp\/2021\/12\/16\/comprovante-de-vacina-e-exigido-pelas-companhias-aereas","title":{"rendered":"Comprovante de vacina \u00e9 exigido pelas companhias a\u00e9reas"},"content":{"rendered":"<p>A partir de agora, as pessoas que forem viajar de avi\u00e3o ter\u00e3o de apresentar o <strong>comprovante de vacina<\/strong> contra a Covid-19. A solicita\u00e7\u00e3o ficar\u00e1 sob responsabilidade das companhias a\u00e9reas e ser\u00e1 v\u00e1lida aos passageiros que est\u00e3o vindo do exterior para o Brasil. A decis\u00e3o foi divulgada pelo ministro do Supremo Tribunal Federal (<a href=\"https:\/\/portal.stf.jus.br\/\">STF<\/a>), Lu\u00eds Roberto Barrioso.<\/p>\n<div class=\"mc-column content-text active-extra-styles \" data-block-type=\"unstyled\" data-block-weight=\"34\" data-block-id=\"5\">\n<p class=\"content-text__container \" data-track-category=\"Link no Texto\" data-track-links=\"\">A obrigatoriedade do comprovante de vacina\u00e7\u00e3o foi determinada pelo ministro do Supremo Lu\u00eds Roberto Barroso no s\u00e1bado (11), est\u00e1 valendo desde segunda (12). S\u00f3 que ela foi confirmada pela maioria do STF\u00a0na quarta (15).<\/p>\n<\/div>\n<div class=\"content-ads content-ads--reveal\" data-block-type=\"ads\" data-block-id=\"6\"><\/div>\n<div class=\"mc-column content-text active-extra-styles \" data-block-type=\"unstyled\" data-block-weight=\"13\" data-block-id=\"7\">\n<p class=\"content-text__container \" data-track-category=\"Link no Texto\" data-track-links=\"\">Contudo, o controle vinha sendo feito de maneira aleat\u00f3ria na chegada ao pa\u00eds. Barroso comunicou que caberia \u00e0s empresas a\u00e9reas exigir o certificado de vacina\u00e7\u00e3o, assim como j\u00e1 ocorre com a exig\u00eancia do teste PCR e a declara\u00e7\u00e3o \u00e0 Ag\u00eancia Nacional de Vigil\u00e2ncia Sanit\u00e1ria (Anvisa).<\/p>\n<div class=\"mc-column content-text active-extra-styles \" data-block-type=\"unstyled\" data-block-weight=\"43\" data-block-id=\"11\">\n<p class=\"content-text__container \" data-track-category=\"Link no Texto\" data-track-links=\"\">&#8220;O ministro Lu\u00eds Roberto Barroso esclarece que o controle do comprovante de vacina\u00e7\u00e3o pode ser feito, como regra, pelas companhias a\u00e9reas no momento do embarque, como j\u00e1 \u00e9 feito com o exame de PCR e a declara\u00e7\u00e3o \u00e0 Anvisa&#8221;, afirma nota do STF.<\/p>\n<\/div>\n<div class=\"mc-column content-text active-extra-styles \" data-block-type=\"unstyled\" data-block-weight=\"47\" data-block-id=\"12\">\n<p class=\"content-text__container \" data-track-category=\"Link no Texto\" data-track-links=\"\">A Associa\u00e7\u00e3o Brasileira das Empresas A\u00e9reas (Abear) disse que &#8220;<span class=\"highlight highlighted\">suas associadas j\u00e1 est\u00e3o solicitando o certificado de vacina\u00e7\u00e3o no embarque para o Brasil<\/span>, conforme decis\u00e3o do ministro Lu\u00eds Barroso (STF), e aguardam a publica\u00e7\u00e3o de nova portaria do governo para normatizar as regras de ingresso no pa\u00eds&#8221;.<\/p>\n<\/div>\n<div class=\"mc-column content-text active-extra-styles \" data-block-type=\"unstyled\" data-block-weight=\"30\" data-block-id=\"13\">\n<p class=\"content-text__container \" data-track-category=\"Link no Texto\" data-track-links=\"\">O governo federal ainda n\u00e3o publicou a portaria com o detalhamento das novas regras nem restabeleceu o aplicativo do ConecteSUS, que emite o certificado digital de vacina\u00e7\u00e3o dos brasileiros.<\/p>\n<p data-track-category=\"Link no Texto\" data-track-links=\"\"><strong>LEIA TAMB\u00c9M<\/strong><\/p>\n<p data-track-category=\"Link no Texto\" data-track-links=\"\"><a href=\"https:\/\/redenoticiaz.com.br\/blog\/2021\/11\/26\/anvisa-recomenda-suspensao-de-desembarque-de-passageiros-vindos-da-africa\">Anvisa recomenda suspens\u00e3o de desembarque de passageiros vindos da \u00c1frica<\/a><\/p>\n<\/div>\n<\/div>\n","protected":false},"excerpt":{"rendered":"<p>A partir de agora, as pessoas que forem viajar de avi\u00e3o ter\u00e3o de apresentar o comprovante de vacina contra a Covid-19. A solicita\u00e7\u00e3o ficar\u00e1 sob responsabilidade das companhias a\u00e9reas e ser\u00e1 v\u00e1lida aos passageiros que est\u00e3o vindo do exterior para o Brasil. A decis\u00e3o foi divulgada pelo ministro do Supremo Tribunal Federal (STF), Lu\u00eds Roberto &hellip;<\/p>\n","protected":false},"author":6,"featured_media":19805,"comment_status":"open","ping_status":"closed","sticky":false,"template":"","format":"standard","meta":{"footnotes":""},"categories":[23,775],"tags":[173,44777,24278,10855],"class_list":["post-19804","post","type-post","status-publish","format-standard","has-post-thumbnail","hentry","category-saude","category-turismo","tag-brasil","tag-companhias-aereas","tag-comprovante-de-vacina","tag-supremo-tribunal-federal"],"yoast_head":"<!-- This site is optimized with the Yoast SEO plugin v27.5 - https:\/\/yoast.com\/product\/yoast-seo-wordpress\/ -->\n<title>Comprovante de vacina \u00e9 exigido pelas companhias a\u00e9reas - Litoral SP<\/title>\n<meta name=\"description\" content=\"pessoas que forem viajar de avi\u00e3o ter\u00e3o de apresentar o comprovante de vacina contra a Covid-19. A solicita\u00e7\u00e3o ficar\u00e1 sob responsabilidade\" \/>\n<meta name=\"robots\" content=\"index, follow, max-snippet:-1, max-image-preview:large, max-video-preview:-1\" \/>\n<link rel=\"canonical\" href=\"https:\/\/redenoticiaz.com.br\/litoralsp\/2021\/12\/16\/comprovante-de-vacina-e-exigido-pelas-companhias-aereas\" \/>\n<meta property=\"og:locale\" content=\"pt_BR\" \/>\n<meta property=\"og:type\" content=\"article\" \/>\n<meta property=\"og:title\" content=\"Comprovante de vacina \u00e9 exigido pelas companhias a\u00e9reas - Litoral SP\" \/>\n<meta property=\"og:description\" content=\"pessoas que forem viajar de avi\u00e3o ter\u00e3o de apresentar o comprovante de vacina contra a Covid-19. A solicita\u00e7\u00e3o ficar\u00e1 sob responsabilidade\" \/>\n<meta property=\"og:url\" content=\"https:\/\/redenoticiaz.com.br\/litoralsp\/2021\/12\/16\/comprovante-de-vacina-e-exigido-pelas-companhias-aereas\" \/>\n<meta property=\"og:site_name\" content=\"Litoral SP\" \/>\n<meta property=\"article:published_time\" content=\"2021-12-16T16:32:11+00:00\" \/>\n<meta property=\"article:modified_time\" content=\"2021-12-16T16:36:13+00:00\" \/>\n<meta property=\"og:image\" content=\"https:\/\/redenoticiaz.com.br\/litoralsp\/wp-content\/uploads\/sites\/3\/2021\/12\/desembarque.jpeg\" \/>\n\t<meta property=\"og:image:width\" content=\"984\" \/>\n\t<meta property=\"og:image:height\" content=\"738\" \/>\n\t<meta property=\"og:image:type\" content=\"image\/jpeg\" \/>\n<meta name=\"author\" content=\"Leonardo Francisco\" \/>\n<meta name=\"twitter:card\" content=\"summary_large_image\" \/>\n<meta name=\"twitter:label1\" content=\"Escrito por\" \/>\n\t<meta name=\"twitter:data1\" content=\"Leonardo Francisco\" \/>\n\t<meta name=\"twitter:label2\" content=\"Est. tempo de leitura\" \/>\n\t<meta name=\"twitter:data2\" content=\"1 minuto\" \/>\n<script type=\"application\/ld+json\" class=\"yoast-schema-graph\">{\"@context\":\"https:\\\/\\\/schema.org\",\"@graph\":[{\"@type\":\"Article\",\"@id\":\"https:\\\/\\\/redenoticiaz.com.br\\\/litoralsp\\\/2021\\\/12\\\/16\\\/comprovante-de-vacina-e-exigido-pelas-companhias-aereas#article\",\"isPartOf\":{\"@id\":\"https:\\\/\\\/redenoticiaz.com.br\\\/litoralsp\\\/2021\\\/12\\\/16\\\/comprovante-de-vacina-e-exigido-pelas-companhias-aereas\"},\"author\":{\"name\":\"Leonardo Francisco\",\"@id\":\"https:\\\/\\\/redenoticiaz.com.br\\\/litoralsp\\\/#\\\/schema\\\/person\\\/0f0b8a5bdafefe82841e07ae8d81ecb3\"},\"headline\":\"Comprovante de vacina \u00e9 exigido pelas companhias a\u00e9reas\",\"datePublished\":\"2021-12-16T16:32:11+00:00\",\"dateModified\":\"2021-12-16T16:36:13+00:00\",\"mainEntityOfPage\":{\"@id\":\"https:\\\/\\\/redenoticiaz.com.br\\\/litoralsp\\\/2021\\\/12\\\/16\\\/comprovante-de-vacina-e-exigido-pelas-companhias-aereas\"},\"wordCount\":305,\"commentCount\":0,\"publisher\":{\"@id\":\"https:\\\/\\\/redenoticiaz.com.br\\\/litoralsp\\\/#organization\"},\"image\":{\"@id\":\"https:\\\/\\\/redenoticiaz.com.br\\\/litoralsp\\\/2021\\\/12\\\/16\\\/comprovante-de-vacina-e-exigido-pelas-companhias-aereas#primaryimage\"},\"thumbnailUrl\":\"https:\\\/\\\/redenoticiaz.com.br\\\/litoralsp\\\/wp-content\\\/uploads\\\/sites\\\/3\\\/2021\\\/12\\\/desembarque.jpeg\",\"keywords\":[\"Brasil\",\"COMPANHIAS A\u00c9REAS\",\"COMPROVANTE DE VACINA\",\"SUPREMO TRIBUNAL FEDERAL\"],\"articleSection\":[\"Sa\u00fade\",\"Turismo\"],\"inLanguage\":\"pt-BR\",\"potentialAction\":[{\"@type\":\"CommentAction\",\"name\":\"Comment\",\"target\":[\"https:\\\/\\\/redenoticiaz.com.br\\\/litoralsp\\\/2021\\\/12\\\/16\\\/comprovante-de-vacina-e-exigido-pelas-companhias-aereas#respond\"]}]},{\"@type\":\"WebPage\",\"@id\":\"https:\\\/\\\/redenoticiaz.com.br\\\/litoralsp\\\/2021\\\/12\\\/16\\\/comprovante-de-vacina-e-exigido-pelas-companhias-aereas\",\"url\":\"https:\\\/\\\/redenoticiaz.com.br\\\/litoralsp\\\/2021\\\/12\\\/16\\\/comprovante-de-vacina-e-exigido-pelas-companhias-aereas\",\"name\":\"Comprovante de vacina \u00e9 exigido pelas companhias a\u00e9reas - Litoral SP\",\"isPartOf\":{\"@id\":\"https:\\\/\\\/redenoticiaz.com.br\\\/litoralsp\\\/#website\"},\"primaryImageOfPage\":{\"@id\":\"https:\\\/\\\/redenoticiaz.com.br\\\/litoralsp\\\/2021\\\/12\\\/16\\\/comprovante-de-vacina-e-exigido-pelas-companhias-aereas#primaryimage\"},\"image\":{\"@id\":\"https:\\\/\\\/redenoticiaz.com.br\\\/litoralsp\\\/2021\\\/12\\\/16\\\/comprovante-de-vacina-e-exigido-pelas-companhias-aereas#primaryimage\"},\"thumbnailUrl\":\"https:\\\/\\\/redenoticiaz.com.br\\\/litoralsp\\\/wp-content\\\/uploads\\\/sites\\\/3\\\/2021\\\/12\\\/desembarque.jpeg\",\"datePublished\":\"2021-12-16T16:32:11+00:00\",\"dateModified\":\"2021-12-16T16:36:13+00:00\",\"description\":\"pessoas que forem viajar de avi\u00e3o ter\u00e3o de apresentar o comprovante de vacina contra a Covid-19. A solicita\u00e7\u00e3o ficar\u00e1 sob responsabilidade\",\"inLanguage\":\"pt-BR\",\"potentialAction\":[{\"@type\":\"ReadAction\",\"target\":[\"https:\\\/\\\/redenoticiaz.com.br\\\/litoralsp\\\/2021\\\/12\\\/16\\\/comprovante-de-vacina-e-exigido-pelas-companhias-aereas\"]}]},{\"@type\":\"ImageObject\",\"inLanguage\":\"pt-BR\",\"@id\":\"https:\\\/\\\/redenoticiaz.com.br\\\/litoralsp\\\/2021\\\/12\\\/16\\\/comprovante-de-vacina-e-exigido-pelas-companhias-aereas#primaryimage\",\"url\":\"https:\\\/\\\/redenoticiaz.com.br\\\/litoralsp\\\/wp-content\\\/uploads\\\/sites\\\/3\\\/2021\\\/12\\\/desembarque.jpeg\",\"contentUrl\":\"https:\\\/\\\/redenoticiaz.com.br\\\/litoralsp\\\/wp-content\\\/uploads\\\/sites\\\/3\\\/2021\\\/12\\\/desembarque.jpeg\",\"width\":984,\"height\":738,\"caption\":\"Medida foi feita para evitar a dissemina\u00e7\u00e3o da doen\u00e7a. Cr\u00e9ditos: Reprodu\u00e7\u00e3o.\"},{\"@type\":\"WebSite\",\"@id\":\"https:\\\/\\\/redenoticiaz.com.br\\\/litoralsp\\\/#website\",\"url\":\"https:\\\/\\\/redenoticiaz.com.br\\\/litoralsp\\\/\",\"name\":\"Litoral SP\",\"description\":\"Rede NoticiaZ\",\"publisher\":{\"@id\":\"https:\\\/\\\/redenoticiaz.com.br\\\/litoralsp\\\/#organization\"},\"potentialAction\":[{\"@type\":\"SearchAction\",\"target\":{\"@type\":\"EntryPoint\",\"urlTemplate\":\"https:\\\/\\\/redenoticiaz.com.br\\\/litoralsp\\\/?s={search_term_string}\"},\"query-input\":{\"@type\":\"PropertyValueSpecification\",\"valueRequired\":true,\"valueName\":\"search_term_string\"}}],\"inLanguage\":\"pt-BR\"},{\"@type\":\"Organization\",\"@id\":\"https:\\\/\\\/redenoticiaz.com.br\\\/litoralsp\\\/#organization\",\"name\":\"Litoral SP\",\"url\":\"https:\\\/\\\/redenoticiaz.com.br\\\/litoralsp\\\/\",\"logo\":{\"@type\":\"ImageObject\",\"inLanguage\":\"pt-BR\",\"@id\":\"https:\\\/\\\/redenoticiaz.com.br\\\/litoralsp\\\/#\\\/schema\\\/logo\\\/image\\\/\",\"url\":\"https:\\\/\\\/redenoticiaz.com.br\\\/litoralsp\\\/wp-content\\\/uploads\\\/sites\\\/3\\\/2020\\\/11\\\/logo.jpg\",\"contentUrl\":\"https:\\\/\\\/redenoticiaz.com.br\\\/litoralsp\\\/wp-content\\\/uploads\\\/sites\\\/3\\\/2020\\\/11\\\/logo.jpg\",\"width\":400,\"height\":250,\"caption\":\"Litoral SP\"},\"image\":{\"@id\":\"https:\\\/\\\/redenoticiaz.com.br\\\/litoralsp\\\/#\\\/schema\\\/logo\\\/image\\\/\"}},{\"@type\":\"Person\",\"@id\":\"https:\\\/\\\/redenoticiaz.com.br\\\/litoralsp\\\/#\\\/schema\\\/person\\\/0f0b8a5bdafefe82841e07ae8d81ecb3\",\"name\":\"Leonardo Francisco\",\"image\":{\"@type\":\"ImageObject\",\"inLanguage\":\"pt-BR\",\"@id\":\"https:\\\/\\\/secure.gravatar.com\\\/avatar\\\/a7358cb406a99b682ec6df1e77e31ae82e63601f6784e8a3df411d72b37864da?s=96&d=mm&r=g\",\"url\":\"https:\\\/\\\/secure.gravatar.com\\\/avatar\\\/a7358cb406a99b682ec6df1e77e31ae82e63601f6784e8a3df411d72b37864da?s=96&d=mm&r=g\",\"contentUrl\":\"https:\\\/\\\/secure.gravatar.com\\\/avatar\\\/a7358cb406a99b682ec6df1e77e31ae82e63601f6784e8a3df411d72b37864da?s=96&d=mm&r=g\",\"caption\":\"Leonardo Francisco\"},\"url\":\"https:\\\/\\\/redenoticiaz.com.br\\\/litoralsp\\\/author\\\/leonardo-francisco\"}]}<\/script>\n<!-- \/ Yoast SEO plugin. -->","yoast_head_json":{"title":"Comprovante de vacina \u00e9 exigido pelas companhias a\u00e9reas - Litoral SP","description":"pessoas que forem viajar de avi\u00e3o ter\u00e3o de apresentar o comprovante de vacina contra a Covid-19. A solicita\u00e7\u00e3o ficar\u00e1 sob responsabilidade","robots":{"index":"index","follow":"follow","max-snippet":"max-snippet:-1","max-image-preview":"max-image-preview:large","max-video-preview":"max-video-preview:-1"},"canonical":"https:\/\/redenoticiaz.com.br\/litoralsp\/2021\/12\/16\/comprovante-de-vacina-e-exigido-pelas-companhias-aereas","og_locale":"pt_BR","og_type":"article","og_title":"Comprovante de vacina \u00e9 exigido pelas companhias a\u00e9reas - Litoral SP","og_description":"pessoas que forem viajar de avi\u00e3o ter\u00e3o de apresentar o comprovante de vacina contra a Covid-19. A solicita\u00e7\u00e3o ficar\u00e1 sob responsabilidade","og_url":"https:\/\/redenoticiaz.com.br\/litoralsp\/2021\/12\/16\/comprovante-de-vacina-e-exigido-pelas-companhias-aereas","og_site_name":"Litoral SP","article_published_time":"2021-12-16T16:32:11+00:00","article_modified_time":"2021-12-16T16:36:13+00:00","og_image":[{"width":984,"height":738,"url":"https:\/\/redenoticiaz.com.br\/litoralsp\/wp-content\/uploads\/sites\/3\/2021\/12\/desembarque.jpeg","type":"image\/jpeg"}],"author":"Leonardo Francisco","twitter_card":"summary_large_image","twitter_misc":{"Escrito por":"Leonardo Francisco","Est. tempo de leitura":"1 minuto"},"schema":{"@context":"https:\/\/schema.org","@graph":[{"@type":"Article","@id":"https:\/\/redenoticiaz.com.br\/litoralsp\/2021\/12\/16\/comprovante-de-vacina-e-exigido-pelas-companhias-aereas#article","isPartOf":{"@id":"https:\/\/redenoticiaz.com.br\/litoralsp\/2021\/12\/16\/comprovante-de-vacina-e-exigido-pelas-companhias-aereas"},"author":{"name":"Leonardo Francisco","@id":"https:\/\/redenoticiaz.com.br\/litoralsp\/#\/schema\/person\/0f0b8a5bdafefe82841e07ae8d81ecb3"},"headline":"Comprovante de vacina \u00e9 exigido pelas companhias a\u00e9reas","datePublished":"2021-12-16T16:32:11+00:00","dateModified":"2021-12-16T16:36:13+00:00","mainEntityOfPage":{"@id":"https:\/\/redenoticiaz.com.br\/litoralsp\/2021\/12\/16\/comprovante-de-vacina-e-exigido-pelas-companhias-aereas"},"wordCount":305,"commentCount":0,"publisher":{"@id":"https:\/\/redenoticiaz.com.br\/litoralsp\/#organization"},"image":{"@id":"https:\/\/redenoticiaz.com.br\/litoralsp\/2021\/12\/16\/comprovante-de-vacina-e-exigido-pelas-companhias-aereas#primaryimage"},"thumbnailUrl":"https:\/\/redenoticiaz.com.br\/litoralsp\/wp-content\/uploads\/sites\/3\/2021\/12\/desembarque.jpeg","keywords":["Brasil","COMPANHIAS A\u00c9REAS","COMPROVANTE DE VACINA","SUPREMO TRIBUNAL FEDERAL"],"articleSection":["Sa\u00fade","Turismo"],"inLanguage":"pt-BR","potentialAction":[{"@type":"CommentAction","name":"Comment","target":["https:\/\/redenoticiaz.com.br\/litoralsp\/2021\/12\/16\/comprovante-de-vacina-e-exigido-pelas-companhias-aereas#respond"]}]},{"@type":"WebPage","@id":"https:\/\/redenoticiaz.com.br\/litoralsp\/2021\/12\/16\/comprovante-de-vacina-e-exigido-pelas-companhias-aereas","url":"https:\/\/redenoticiaz.com.br\/litoralsp\/2021\/12\/16\/comprovante-de-vacina-e-exigido-pelas-companhias-aereas","name":"Comprovante de vacina \u00e9 exigido pelas companhias a\u00e9reas - Litoral SP","isPartOf":{"@id":"https:\/\/redenoticiaz.com.br\/litoralsp\/#website"},"primaryImageOfPage":{"@id":"https:\/\/redenoticiaz.com.br\/litoralsp\/2021\/12\/16\/comprovante-de-vacina-e-exigido-pelas-companhias-aereas#primaryimage"},"image":{"@id":"https:\/\/redenoticiaz.com.br\/litoralsp\/2021\/12\/16\/comprovante-de-vacina-e-exigido-pelas-companhias-aereas#primaryimage"},"thumbnailUrl":"https:\/\/redenoticiaz.com.br\/litoralsp\/wp-content\/uploads\/sites\/3\/2021\/12\/desembarque.jpeg","datePublished":"2021-12-16T16:32:11+00:00","dateModified":"2021-12-16T16:36:13+00:00","description":"pessoas que forem viajar de avi\u00e3o ter\u00e3o de apresentar o comprovante de vacina contra a Covid-19. A solicita\u00e7\u00e3o ficar\u00e1 sob responsabilidade","inLanguage":"pt-BR","potentialAction":[{"@type":"ReadAction","target":["https:\/\/redenoticiaz.com.br\/litoralsp\/2021\/12\/16\/comprovante-de-vacina-e-exigido-pelas-companhias-aereas"]}]},{"@type":"ImageObject","inLanguage":"pt-BR","@id":"https:\/\/redenoticiaz.com.br\/litoralsp\/2021\/12\/16\/comprovante-de-vacina-e-exigido-pelas-companhias-aereas#primaryimage","url":"https:\/\/redenoticiaz.com.br\/litoralsp\/wp-content\/uploads\/sites\/3\/2021\/12\/desembarque.jpeg","contentUrl":"https:\/\/redenoticiaz.com.br\/litoralsp\/wp-content\/uploads\/sites\/3\/2021\/12\/desembarque.jpeg","width":984,"height":738,"caption":"Medida foi feita para evitar a dissemina\u00e7\u00e3o da doen\u00e7a. Cr\u00e9ditos: Reprodu\u00e7\u00e3o."},{"@type":"WebSite","@id":"https:\/\/redenoticiaz.com.br\/litoralsp\/#website","url":"https:\/\/redenoticiaz.com.br\/litoralsp\/","name":"Litoral SP","description":"Rede NoticiaZ","publisher":{"@id":"https:\/\/redenoticiaz.com.br\/litoralsp\/#organization"},"potentialAction":[{"@type":"SearchAction","target":{"@type":"EntryPoint","urlTemplate":"https:\/\/redenoticiaz.com.br\/litoralsp\/?s={search_term_string}"},"query-input":{"@type":"PropertyValueSpecification","valueRequired":true,"valueName":"search_term_string"}}],"inLanguage":"pt-BR"},{"@type":"Organization","@id":"https:\/\/redenoticiaz.com.br\/litoralsp\/#organization","name":"Litoral SP","url":"https:\/\/redenoticiaz.com.br\/litoralsp\/","logo":{"@type":"ImageObject","inLanguage":"pt-BR","@id":"https:\/\/redenoticiaz.com.br\/litoralsp\/#\/schema\/logo\/image\/","url":"https:\/\/redenoticiaz.com.br\/litoralsp\/wp-content\/uploads\/sites\/3\/2020\/11\/logo.jpg","contentUrl":"https:\/\/redenoticiaz.com.br\/litoralsp\/wp-content\/uploads\/sites\/3\/2020\/11\/logo.jpg","width":400,"height":250,"caption":"Litoral SP"},"image":{"@id":"https:\/\/redenoticiaz.com.br\/litoralsp\/#\/schema\/logo\/image\/"}},{"@type":"Person","@id":"https:\/\/redenoticiaz.com.br\/litoralsp\/#\/schema\/person\/0f0b8a5bdafefe82841e07ae8d81ecb3","name":"Leonardo Francisco","image":{"@type":"ImageObject","inLanguage":"pt-BR","@id":"https:\/\/secure.gravatar.com\/avatar\/a7358cb406a99b682ec6df1e77e31ae82e63601f6784e8a3df411d72b37864da?s=96&d=mm&r=g","url":"https:\/\/secure.gravatar.com\/avatar\/a7358cb406a99b682ec6df1e77e31ae82e63601f6784e8a3df411d72b37864da?s=96&d=mm&r=g","contentUrl":"https:\/\/secure.gravatar.com\/avatar\/a7358cb406a99b682ec6df1e77e31ae82e63601f6784e8a3df411d72b37864da?s=96&d=mm&r=g","caption":"Leonardo Francisco"},"url":"https:\/\/redenoticiaz.com.br\/litoralsp\/author\/leonardo-francisco"}]}},"_links":{"self":[{"href":"https:\/\/redenoticiaz.com.br\/litoralsp\/wp-json\/wp\/v2\/posts\/19804","targetHints":{"allow":["GET"]}}],"collection":[{"href":"https:\/\/redenoticiaz.com.br\/litoralsp\/wp-json\/wp\/v2\/posts"}],"about":[{"href":"https:\/\/redenoticiaz.com.br\/litoralsp\/wp-json\/wp\/v2\/types\/post"}],"author":[{"embeddable":true,"href":"https:\/\/redenoticiaz.com.br\/litoralsp\/wp-json\/wp\/v2\/users\/6"}],"replies":[{"embeddable":true,"href":"https:\/\/redenoticiaz.com.br\/litoralsp\/wp-json\/wp\/v2\/comments?post=19804"}],"version-history":[{"count":1,"href":"https:\/\/redenoticiaz.com.br\/litoralsp\/wp-json\/wp\/v2\/posts\/19804\/revisions"}],"predecessor-version":[{"id":19806,"href":"https:\/\/redenoticiaz.com.br\/litoralsp\/wp-json\/wp\/v2\/posts\/19804\/revisions\/19806"}],"wp:featuredmedia":[{"embeddable":true,"href":"https:\/\/redenoticiaz.com.br\/litoralsp\/wp-json\/wp\/v2\/media\/19805"}],"wp:attachment":[{"href":"https:\/\/redenoticiaz.com.br\/litoralsp\/wp-json\/wp\/v2\/media?parent=19804"}],"wp:term":[{"taxonomy":"category","embeddable":true,"href":"https:\/\/redenoticiaz.com.br\/litoralsp\/wp-json\/wp\/v2\/categories?post=19804"},{"taxonomy":"post_tag","embeddable":true,"href":"https:\/\/redenoticiaz.com.br\/litoralsp\/wp-json\/wp\/v2\/tags?post=19804"}],"curies":[{"name":"wp","href":"https:\/\/api.w.org\/{rel}","templated":true}]}}