{"id":19912,"date":"2021-12-18T15:14:57","date_gmt":"2021-12-18T18:14:57","guid":{"rendered":"https:\/\/redenoticiaz.com.br\/litoralsp\/2021\/12\/18\/o-ronaldo-fenomeno-e-dono-do-cruzeiro"},"modified":"2021-12-18T15:18:51","modified_gmt":"2021-12-18T18:18:51","slug":"o-ronaldo-fenomeno-e-dono-do-cruzeiro","status":"publish","type":"post","link":"https:\/\/redenoticiaz.com.br\/litoralsp\/2021\/12\/18\/o-ronaldo-fenomeno-e-dono-do-cruzeiro","title":{"rendered":"O Ronaldo Fen\u00f4meno \u00e9 dono do Cruzeiro"},"content":{"rendered":"<p>J\u00e1 dizia aquele velho ditado. &#8220;O bom filho, a casa torna&#8221;. <strong>Ronaldo Fen\u00f4meno<\/strong> est\u00e1 de volta ao <a href=\"https:\/\/www.cruzeiro.com.br\/\">Cruzeiro<\/a>, clube onde despontou para o futebol mundial. Mas agora como o dono do clube, j\u00e1 que ele comprou por R$ 400 milh\u00f5es.<\/p>\n<p>Com este valor, o ex-jogador do Cruzeiro comprar\u00e1 90% das a\u00e7\u00f5es da SAF. A confirma\u00e7\u00e3o bomb\u00e1stica aconteceu neste s\u00e1bado (18) junto com presidente da Raposa, S\u00e9rgio Santos Rodrigues. O fechamento do acordo foi realizado em S\u00e3o Paulo e comemorado pelo agora &#8220;dono&#8221; do clube mineiro. O Fen\u00f4meno se manifestou sobre esta grande novidade.<\/p>\n<p>&#8220;Feliz demais de ter conclu\u00eddo essa opera\u00e7\u00e3o. Dizer que tenho muito a retribuir ao\u00a0Cruzeiro, levar o\u00a0Cruzeiro\u00a0aonde ele merece estar. Temos muito trabalho pela frente. Pe\u00e7o ao torcedor que se conecte outra vez ao clube, ir ao est\u00e1dio, porque vamos precisar de muita for\u00e7a e uni\u00e3o. Temos muito trabalho e ambi\u00e7\u00e3o para fazer o\u00a0Cruzeiro novamente. N\u00e3o temos nada que comemorar ainda, mas temos muita ambi\u00e7\u00e3o&#8221;, disse Ronaldo.<\/p>\n<p>O investimento de Ronaldo ser\u00e1 realizado por meio da empresa Tara Sports, segundo comunicado da XP. &#8220;A transa\u00e7\u00e3o vislumbra o reequil\u00edbrio financeiro e operacional do departamento de futebol do clube, com um plano de crescimento sustent\u00e1vel de m\u00e9dio e longo prazo. A conclus\u00e3o da transa\u00e7\u00e3o est\u00e1 sujeita \u00e0 finaliza\u00e7\u00e3o de uma s\u00e9rie de condi\u00e7\u00f5es precedentes&#8221;, diz o comunicado.<\/p>\n<p>O\u00a0Cruzeiro\u00a0ir\u00e1 anunciar mais detalhes durante este s\u00e1bado. Ronaldo Fen\u00f4meno ser\u00e1 acionista majorit\u00e1rio do\u00a0Cruzeiro\u00a0SAF, constitu\u00edda h\u00e1 duas semanas pelo clube.<\/p>\n<h3>Mais um clube de Ronaldo<\/h3>\n<p>Antes do Cruzeiro, Ronaldo Fen\u00f4meno tamb\u00e9m \u00e9 dono do Valladolid, clube da Segunda Divis\u00e3o da Espanha. Em 2018, adquiriu 51% das a\u00e7\u00f5es por 30 milh\u00f5es de euros. A expectativa \u00e9 que haja uma intera\u00e7\u00e3o maior entre os clubes agora.<\/p>\n<p>O diretor da XP Investimento, Pedro Mesquita, informa que conduziu a opera\u00e7\u00e3o, ainda precisam ser acertados detalhes para concluir a opera\u00e7\u00e3o.<\/p>\n<div class=\"mc-column content-text active-extra-styles \" data-block-type=\"unstyled\" data-block-weight=\"45\" data-block-id=\"16\">\n<p class=\"content-text__container \" data-track-category=\"Link no Texto\" data-track-links=\"\">&#8220;O futebol no Brasil tem que mudar a forma de gest\u00e3o. Ainda tem que resolver muitas coisas para concluir a opera\u00e7\u00e3o. Tem uma d\u00edvida grande do Cruzeiro. A gente tem toda a tramita\u00e7\u00e3o, renegocia\u00e7\u00e3o para fazer. Mas \u00e9 um in\u00edcio da nova trajet\u00f3ria&#8221;, explica.<\/p>\n<div class=\"mc-column content-text active-extra-styles \" data-block-type=\"unstyled\" data-block-weight=\"28\" data-block-id=\"18\">\n<p class=\"content-text__container \" data-track-category=\"Link no Texto\" data-track-links=\"\">O primeiro an\u00fancio realizado foi do diretor da XP Investimentos, Pedro Mesquita. Em um post no Twitter, ele confirmou a compra. O clube mineiro confirmou a negocia\u00e7\u00e3o.<\/p>\n<\/div>\n<div class=\"mc-column content-text active-extra-styles\" data-block-type=\"raw\" data-block-weight=\"30\" data-block-id=\"19\">\n<blockquote class=\"content-blockquote theme-border-color-primary-before\"><p>&#8211; Aten\u00e7\u00e3o mundo do futebol! Um grande filho \u00e0 casa torna! Ronaldo Lu\u00eds Naz\u00e1rio de Lima o \u201cfen\u00f4meno\u201dacaba de assinar um acordo para compra do @Cruzeiro\u00a0&#8211; escreveu Pedro Mesquita.<\/p><\/blockquote>\n<\/div>\n<\/div>\n<h3 data-track-category=\"Link no Texto\">Lembre a hist\u00f3ria de Ronaldo no Cruzeiro<\/h3>\n<p>Ronaldo jogou no\u00a0Cruzeiro\u00a0entre o segundo semestre de 1993 e o primeiro de 1994. Foram 58 jogos e 56 gols, sendo o 35\u00ba maior artilheiro da hist\u00f3ria do clube.<\/p>\n<div class=\"mc-column content-text active-extra-styles \" data-block-type=\"unstyled\" data-block-weight=\"55\" data-block-id=\"27\">\n<figure id=\"attachment_73795\" aria-describedby=\"caption-attachment-73795\" style=\"width: 390px\" class=\"wp-caption alignleft\"><img loading=\"lazy\" decoding=\"async\" class=\"size-medium wp-image-73795\" src=\"https:\/\/redenoticiaz.com.br\/wp-content\/uploads\/2021\/12\/ronaldocruz-390x220.jpg\" alt=\"\" width=\"390\" height=\"220\" \/><figcaption id=\"caption-attachment-73795\" class=\"wp-caption-text\">Fen\u00f4meno jogou entre 1993 e 1994 no clube mineiro. Cr\u00e9ditos: Arquivo\/Cruzeiro.<\/figcaption><\/figure>\n<p class=\"content-text__container \" data-track-category=\"Link no Texto\" data-track-links=\"\">Pelo\u00a0Cruzeiro, o jogador foi artilheiro da Supercopa dos Campe\u00f5es da Libertadores, do Campeonato Mineiro de 1994 e tamb\u00e9m foi chamado para integrar a sele\u00e7\u00e3o brasileira na campanha do t\u00edtulo mundial em 1994. Ele tamb\u00e9m foi campe\u00e3o mundial em 2002. Ronaldo foi escolhido o melhor jogador do mundo por tr\u00eas vezes: 1997, 1998 e 2002.<\/p>\n<\/div>\n<div class=\"mc-column content-text active-extra-styles \" data-block-type=\"unstyled\" data-block-weight=\"33\" data-block-id=\"29\">\n<p class=\"content-text__container \" data-track-category=\"Link no Texto\" data-track-links=\"\">A venda do\u00a0Cruzeiro\u00a0ao PSV aconteceu em agosto de 1994. Na \u00e9poca, a negocia\u00e7\u00e3o girou em torno dos 6 milh\u00f5es de d\u00f3lares. Ronaldo ainda recebeu mais 2 milh\u00f5es de d\u00f3lares pela negocia\u00e7\u00e3o.<\/p>\n<p data-track-category=\"Link no Texto\" data-track-links=\"\"><strong>LEIA TAMB\u00c9M<\/strong><\/p>\n<p data-track-category=\"Link no Texto\" data-track-links=\"\"><a href=\"https:\/\/redenoticiaz.com.br\/blog\/2021\/12\/16\/atletico-mg-vira-o-rei-do-futebol-brasileiro-com-a-copa-do-brasil\">Atl\u00e9tico-MG vira o rei do futebol brasileiro com a Copa do Brasil<\/a><\/p>\n<\/div>\n","protected":false},"excerpt":{"rendered":"<p>J\u00e1 dizia aquele velho ditado. &#8220;O bom filho, a casa torna&#8221;. Ronaldo Fen\u00f4meno est\u00e1 de volta ao Cruzeiro, clube onde despontou para o futebol mundial. Mas agora como o dono do clube, j\u00e1 que ele comprou por R$ 400 milh\u00f5es. Com este valor, o ex-jogador do Cruzeiro comprar\u00e1 90% das a\u00e7\u00f5es da SAF. A confirma\u00e7\u00e3o &hellip;<\/p>\n","protected":false},"author":6,"featured_media":19913,"comment_status":"open","ping_status":"closed","sticky":false,"template":"","format":"standard","meta":{"footnotes":""},"categories":[35],"tags":[44959,40288,44960],"class_list":["post-19912","post","type-post","status-publish","format-standard","has-post-thumbnail","hentry","category-esporte","tag-compra-do-clube","tag-cruzeiro","tag-ronaldo-fenomeno"],"yoast_head":"<!-- This site is optimized with the Yoast SEO plugin v27.5 - https:\/\/yoast.com\/product\/yoast-seo-wordpress\/ -->\n<title>O Ronaldo Fen\u00f4meno \u00e9 dono do Cruzeiro - Litoral SP<\/title>\n<meta name=\"description\" content=\"dizia aquele velho ditado. &quot;O bom filho, a casa torna&quot;. Ronaldo Fen\u00f4meno est\u00e1 de volta ao Cruzeiro, clube onde despontou para o futebol\" \/>\n<meta name=\"robots\" content=\"index, follow, max-snippet:-1, max-image-preview:large, max-video-preview:-1\" \/>\n<link rel=\"canonical\" href=\"https:\/\/redenoticiaz.com.br\/litoralsp\/2021\/12\/18\/o-ronaldo-fenomeno-e-dono-do-cruzeiro\" \/>\n<meta property=\"og:locale\" content=\"pt_BR\" \/>\n<meta property=\"og:type\" content=\"article\" \/>\n<meta property=\"og:title\" content=\"O Ronaldo Fen\u00f4meno \u00e9 dono do Cruzeiro - Litoral SP\" \/>\n<meta property=\"og:description\" content=\"dizia aquele velho ditado. &quot;O bom filho, a casa torna&quot;. Ronaldo Fen\u00f4meno est\u00e1 de volta ao Cruzeiro, clube onde despontou para o futebol\" \/>\n<meta property=\"og:url\" content=\"https:\/\/redenoticiaz.com.br\/litoralsp\/2021\/12\/18\/o-ronaldo-fenomeno-e-dono-do-cruzeiro\" \/>\n<meta property=\"og:site_name\" content=\"Litoral SP\" \/>\n<meta property=\"article:published_time\" content=\"2021-12-18T18:14:57+00:00\" \/>\n<meta property=\"article:modified_time\" content=\"2021-12-18T18:18:51+00:00\" \/>\n<meta property=\"og:image\" content=\"https:\/\/redenoticiaz.com.br\/litoralsp\/wp-content\/uploads\/sites\/3\/2021\/12\/cruzeiro.jpeg\" \/>\n\t<meta property=\"og:image:width\" content=\"640\" \/>\n\t<meta property=\"og:image:height\" content=\"344\" \/>\n\t<meta property=\"og:image:type\" content=\"image\/jpeg\" \/>\n<meta name=\"author\" content=\"Leonardo Francisco\" \/>\n<meta name=\"twitter:card\" content=\"summary_large_image\" \/>\n<meta name=\"twitter:label1\" content=\"Escrito por\" \/>\n\t<meta name=\"twitter:data1\" content=\"Leonardo Francisco\" \/>\n\t<meta name=\"twitter:label2\" content=\"Est. tempo de leitura\" \/>\n\t<meta name=\"twitter:data2\" content=\"3 minutos\" \/>\n<script type=\"application\/ld+json\" class=\"yoast-schema-graph\">{\"@context\":\"https:\\\/\\\/schema.org\",\"@graph\":[{\"@type\":\"Article\",\"@id\":\"https:\\\/\\\/redenoticiaz.com.br\\\/litoralsp\\\/2021\\\/12\\\/18\\\/o-ronaldo-fenomeno-e-dono-do-cruzeiro#article\",\"isPartOf\":{\"@id\":\"https:\\\/\\\/redenoticiaz.com.br\\\/litoralsp\\\/2021\\\/12\\\/18\\\/o-ronaldo-fenomeno-e-dono-do-cruzeiro\"},\"author\":{\"name\":\"Leonardo Francisco\",\"@id\":\"https:\\\/\\\/redenoticiaz.com.br\\\/litoralsp\\\/#\\\/schema\\\/person\\\/0f0b8a5bdafefe82841e07ae8d81ecb3\"},\"headline\":\"O Ronaldo Fen\u00f4meno \u00e9 dono do Cruzeiro\",\"datePublished\":\"2021-12-18T18:14:57+00:00\",\"dateModified\":\"2021-12-18T18:18:51+00:00\",\"mainEntityOfPage\":{\"@id\":\"https:\\\/\\\/redenoticiaz.com.br\\\/litoralsp\\\/2021\\\/12\\\/18\\\/o-ronaldo-fenomeno-e-dono-do-cruzeiro\"},\"wordCount\":620,\"commentCount\":0,\"publisher\":{\"@id\":\"https:\\\/\\\/redenoticiaz.com.br\\\/litoralsp\\\/#organization\"},\"image\":{\"@id\":\"https:\\\/\\\/redenoticiaz.com.br\\\/litoralsp\\\/2021\\\/12\\\/18\\\/o-ronaldo-fenomeno-e-dono-do-cruzeiro#primaryimage\"},\"thumbnailUrl\":\"https:\\\/\\\/redenoticiaz.com.br\\\/litoralsp\\\/wp-content\\\/uploads\\\/sites\\\/3\\\/2021\\\/12\\\/cruzeiro.jpeg\",\"keywords\":[\"COMPRA DO CLUBE\",\"CRUZEIRO\",\"RONALDO FEN\u00d4MENO\"],\"articleSection\":[\"Esporte\"],\"inLanguage\":\"pt-BR\",\"potentialAction\":[{\"@type\":\"CommentAction\",\"name\":\"Comment\",\"target\":[\"https:\\\/\\\/redenoticiaz.com.br\\\/litoralsp\\\/2021\\\/12\\\/18\\\/o-ronaldo-fenomeno-e-dono-do-cruzeiro#respond\"]}]},{\"@type\":\"WebPage\",\"@id\":\"https:\\\/\\\/redenoticiaz.com.br\\\/litoralsp\\\/2021\\\/12\\\/18\\\/o-ronaldo-fenomeno-e-dono-do-cruzeiro\",\"url\":\"https:\\\/\\\/redenoticiaz.com.br\\\/litoralsp\\\/2021\\\/12\\\/18\\\/o-ronaldo-fenomeno-e-dono-do-cruzeiro\",\"name\":\"O Ronaldo Fen\u00f4meno \u00e9 dono do Cruzeiro - Litoral SP\",\"isPartOf\":{\"@id\":\"https:\\\/\\\/redenoticiaz.com.br\\\/litoralsp\\\/#website\"},\"primaryImageOfPage\":{\"@id\":\"https:\\\/\\\/redenoticiaz.com.br\\\/litoralsp\\\/2021\\\/12\\\/18\\\/o-ronaldo-fenomeno-e-dono-do-cruzeiro#primaryimage\"},\"image\":{\"@id\":\"https:\\\/\\\/redenoticiaz.com.br\\\/litoralsp\\\/2021\\\/12\\\/18\\\/o-ronaldo-fenomeno-e-dono-do-cruzeiro#primaryimage\"},\"thumbnailUrl\":\"https:\\\/\\\/redenoticiaz.com.br\\\/litoralsp\\\/wp-content\\\/uploads\\\/sites\\\/3\\\/2021\\\/12\\\/cruzeiro.jpeg\",\"datePublished\":\"2021-12-18T18:14:57+00:00\",\"dateModified\":\"2021-12-18T18:18:51+00:00\",\"description\":\"dizia aquele velho ditado. \\\"O bom filho, a casa torna\\\". Ronaldo Fen\u00f4meno est\u00e1 de volta ao Cruzeiro, clube onde despontou para o futebol\",\"inLanguage\":\"pt-BR\",\"potentialAction\":[{\"@type\":\"ReadAction\",\"target\":[\"https:\\\/\\\/redenoticiaz.com.br\\\/litoralsp\\\/2021\\\/12\\\/18\\\/o-ronaldo-fenomeno-e-dono-do-cruzeiro\"]}]},{\"@type\":\"ImageObject\",\"inLanguage\":\"pt-BR\",\"@id\":\"https:\\\/\\\/redenoticiaz.com.br\\\/litoralsp\\\/2021\\\/12\\\/18\\\/o-ronaldo-fenomeno-e-dono-do-cruzeiro#primaryimage\",\"url\":\"https:\\\/\\\/redenoticiaz.com.br\\\/litoralsp\\\/wp-content\\\/uploads\\\/sites\\\/3\\\/2021\\\/12\\\/cruzeiro.jpeg\",\"contentUrl\":\"https:\\\/\\\/redenoticiaz.com.br\\\/litoralsp\\\/wp-content\\\/uploads\\\/sites\\\/3\\\/2021\\\/12\\\/cruzeiro.jpeg\",\"width\":640,\"height\":344},{\"@type\":\"WebSite\",\"@id\":\"https:\\\/\\\/redenoticiaz.com.br\\\/litoralsp\\\/#website\",\"url\":\"https:\\\/\\\/redenoticiaz.com.br\\\/litoralsp\\\/\",\"name\":\"Litoral SP\",\"description\":\"Rede NoticiaZ\",\"publisher\":{\"@id\":\"https:\\\/\\\/redenoticiaz.com.br\\\/litoralsp\\\/#organization\"},\"potentialAction\":[{\"@type\":\"SearchAction\",\"target\":{\"@type\":\"EntryPoint\",\"urlTemplate\":\"https:\\\/\\\/redenoticiaz.com.br\\\/litoralsp\\\/?s={search_term_string}\"},\"query-input\":{\"@type\":\"PropertyValueSpecification\",\"valueRequired\":true,\"valueName\":\"search_term_string\"}}],\"inLanguage\":\"pt-BR\"},{\"@type\":\"Organization\",\"@id\":\"https:\\\/\\\/redenoticiaz.com.br\\\/litoralsp\\\/#organization\",\"name\":\"Litoral SP\",\"url\":\"https:\\\/\\\/redenoticiaz.com.br\\\/litoralsp\\\/\",\"logo\":{\"@type\":\"ImageObject\",\"inLanguage\":\"pt-BR\",\"@id\":\"https:\\\/\\\/redenoticiaz.com.br\\\/litoralsp\\\/#\\\/schema\\\/logo\\\/image\\\/\",\"url\":\"https:\\\/\\\/redenoticiaz.com.br\\\/litoralsp\\\/wp-content\\\/uploads\\\/sites\\\/3\\\/2020\\\/11\\\/logo.jpg\",\"contentUrl\":\"https:\\\/\\\/redenoticiaz.com.br\\\/litoralsp\\\/wp-content\\\/uploads\\\/sites\\\/3\\\/2020\\\/11\\\/logo.jpg\",\"width\":400,\"height\":250,\"caption\":\"Litoral SP\"},\"image\":{\"@id\":\"https:\\\/\\\/redenoticiaz.com.br\\\/litoralsp\\\/#\\\/schema\\\/logo\\\/image\\\/\"}},{\"@type\":\"Person\",\"@id\":\"https:\\\/\\\/redenoticiaz.com.br\\\/litoralsp\\\/#\\\/schema\\\/person\\\/0f0b8a5bdafefe82841e07ae8d81ecb3\",\"name\":\"Leonardo Francisco\",\"image\":{\"@type\":\"ImageObject\",\"inLanguage\":\"pt-BR\",\"@id\":\"https:\\\/\\\/secure.gravatar.com\\\/avatar\\\/a7358cb406a99b682ec6df1e77e31ae82e63601f6784e8a3df411d72b37864da?s=96&d=mm&r=g\",\"url\":\"https:\\\/\\\/secure.gravatar.com\\\/avatar\\\/a7358cb406a99b682ec6df1e77e31ae82e63601f6784e8a3df411d72b37864da?s=96&d=mm&r=g\",\"contentUrl\":\"https:\\\/\\\/secure.gravatar.com\\\/avatar\\\/a7358cb406a99b682ec6df1e77e31ae82e63601f6784e8a3df411d72b37864da?s=96&d=mm&r=g\",\"caption\":\"Leonardo Francisco\"},\"url\":\"https:\\\/\\\/redenoticiaz.com.br\\\/litoralsp\\\/author\\\/leonardo-francisco\"}]}<\/script>\n<!-- \/ Yoast SEO plugin. -->","yoast_head_json":{"title":"O Ronaldo Fen\u00f4meno \u00e9 dono do Cruzeiro - Litoral SP","description":"dizia aquele velho ditado. \"O bom filho, a casa torna\". Ronaldo Fen\u00f4meno est\u00e1 de volta ao Cruzeiro, clube onde despontou para o futebol","robots":{"index":"index","follow":"follow","max-snippet":"max-snippet:-1","max-image-preview":"max-image-preview:large","max-video-preview":"max-video-preview:-1"},"canonical":"https:\/\/redenoticiaz.com.br\/litoralsp\/2021\/12\/18\/o-ronaldo-fenomeno-e-dono-do-cruzeiro","og_locale":"pt_BR","og_type":"article","og_title":"O Ronaldo Fen\u00f4meno \u00e9 dono do Cruzeiro - Litoral SP","og_description":"dizia aquele velho ditado. \"O bom filho, a casa torna\". Ronaldo Fen\u00f4meno est\u00e1 de volta ao Cruzeiro, clube onde despontou para o futebol","og_url":"https:\/\/redenoticiaz.com.br\/litoralsp\/2021\/12\/18\/o-ronaldo-fenomeno-e-dono-do-cruzeiro","og_site_name":"Litoral SP","article_published_time":"2021-12-18T18:14:57+00:00","article_modified_time":"2021-12-18T18:18:51+00:00","og_image":[{"width":640,"height":344,"url":"https:\/\/redenoticiaz.com.br\/litoralsp\/wp-content\/uploads\/sites\/3\/2021\/12\/cruzeiro.jpeg","type":"image\/jpeg"}],"author":"Leonardo Francisco","twitter_card":"summary_large_image","twitter_misc":{"Escrito por":"Leonardo Francisco","Est. tempo de leitura":"3 minutos"},"schema":{"@context":"https:\/\/schema.org","@graph":[{"@type":"Article","@id":"https:\/\/redenoticiaz.com.br\/litoralsp\/2021\/12\/18\/o-ronaldo-fenomeno-e-dono-do-cruzeiro#article","isPartOf":{"@id":"https:\/\/redenoticiaz.com.br\/litoralsp\/2021\/12\/18\/o-ronaldo-fenomeno-e-dono-do-cruzeiro"},"author":{"name":"Leonardo Francisco","@id":"https:\/\/redenoticiaz.com.br\/litoralsp\/#\/schema\/person\/0f0b8a5bdafefe82841e07ae8d81ecb3"},"headline":"O Ronaldo Fen\u00f4meno \u00e9 dono do Cruzeiro","datePublished":"2021-12-18T18:14:57+00:00","dateModified":"2021-12-18T18:18:51+00:00","mainEntityOfPage":{"@id":"https:\/\/redenoticiaz.com.br\/litoralsp\/2021\/12\/18\/o-ronaldo-fenomeno-e-dono-do-cruzeiro"},"wordCount":620,"commentCount":0,"publisher":{"@id":"https:\/\/redenoticiaz.com.br\/litoralsp\/#organization"},"image":{"@id":"https:\/\/redenoticiaz.com.br\/litoralsp\/2021\/12\/18\/o-ronaldo-fenomeno-e-dono-do-cruzeiro#primaryimage"},"thumbnailUrl":"https:\/\/redenoticiaz.com.br\/litoralsp\/wp-content\/uploads\/sites\/3\/2021\/12\/cruzeiro.jpeg","keywords":["COMPRA DO CLUBE","CRUZEIRO","RONALDO FEN\u00d4MENO"],"articleSection":["Esporte"],"inLanguage":"pt-BR","potentialAction":[{"@type":"CommentAction","name":"Comment","target":["https:\/\/redenoticiaz.com.br\/litoralsp\/2021\/12\/18\/o-ronaldo-fenomeno-e-dono-do-cruzeiro#respond"]}]},{"@type":"WebPage","@id":"https:\/\/redenoticiaz.com.br\/litoralsp\/2021\/12\/18\/o-ronaldo-fenomeno-e-dono-do-cruzeiro","url":"https:\/\/redenoticiaz.com.br\/litoralsp\/2021\/12\/18\/o-ronaldo-fenomeno-e-dono-do-cruzeiro","name":"O Ronaldo Fen\u00f4meno \u00e9 dono do Cruzeiro - Litoral SP","isPartOf":{"@id":"https:\/\/redenoticiaz.com.br\/litoralsp\/#website"},"primaryImageOfPage":{"@id":"https:\/\/redenoticiaz.com.br\/litoralsp\/2021\/12\/18\/o-ronaldo-fenomeno-e-dono-do-cruzeiro#primaryimage"},"image":{"@id":"https:\/\/redenoticiaz.com.br\/litoralsp\/2021\/12\/18\/o-ronaldo-fenomeno-e-dono-do-cruzeiro#primaryimage"},"thumbnailUrl":"https:\/\/redenoticiaz.com.br\/litoralsp\/wp-content\/uploads\/sites\/3\/2021\/12\/cruzeiro.jpeg","datePublished":"2021-12-18T18:14:57+00:00","dateModified":"2021-12-18T18:18:51+00:00","description":"dizia aquele velho ditado. \"O bom filho, a casa torna\". Ronaldo Fen\u00f4meno est\u00e1 de volta ao Cruzeiro, clube onde despontou para o futebol","inLanguage":"pt-BR","potentialAction":[{"@type":"ReadAction","target":["https:\/\/redenoticiaz.com.br\/litoralsp\/2021\/12\/18\/o-ronaldo-fenomeno-e-dono-do-cruzeiro"]}]},{"@type":"ImageObject","inLanguage":"pt-BR","@id":"https:\/\/redenoticiaz.com.br\/litoralsp\/2021\/12\/18\/o-ronaldo-fenomeno-e-dono-do-cruzeiro#primaryimage","url":"https:\/\/redenoticiaz.com.br\/litoralsp\/wp-content\/uploads\/sites\/3\/2021\/12\/cruzeiro.jpeg","contentUrl":"https:\/\/redenoticiaz.com.br\/litoralsp\/wp-content\/uploads\/sites\/3\/2021\/12\/cruzeiro.jpeg","width":640,"height":344},{"@type":"WebSite","@id":"https:\/\/redenoticiaz.com.br\/litoralsp\/#website","url":"https:\/\/redenoticiaz.com.br\/litoralsp\/","name":"Litoral SP","description":"Rede NoticiaZ","publisher":{"@id":"https:\/\/redenoticiaz.com.br\/litoralsp\/#organization"},"potentialAction":[{"@type":"SearchAction","target":{"@type":"EntryPoint","urlTemplate":"https:\/\/redenoticiaz.com.br\/litoralsp\/?s={search_term_string}"},"query-input":{"@type":"PropertyValueSpecification","valueRequired":true,"valueName":"search_term_string"}}],"inLanguage":"pt-BR"},{"@type":"Organization","@id":"https:\/\/redenoticiaz.com.br\/litoralsp\/#organization","name":"Litoral SP","url":"https:\/\/redenoticiaz.com.br\/litoralsp\/","logo":{"@type":"ImageObject","inLanguage":"pt-BR","@id":"https:\/\/redenoticiaz.com.br\/litoralsp\/#\/schema\/logo\/image\/","url":"https:\/\/redenoticiaz.com.br\/litoralsp\/wp-content\/uploads\/sites\/3\/2020\/11\/logo.jpg","contentUrl":"https:\/\/redenoticiaz.com.br\/litoralsp\/wp-content\/uploads\/sites\/3\/2020\/11\/logo.jpg","width":400,"height":250,"caption":"Litoral SP"},"image":{"@id":"https:\/\/redenoticiaz.com.br\/litoralsp\/#\/schema\/logo\/image\/"}},{"@type":"Person","@id":"https:\/\/redenoticiaz.com.br\/litoralsp\/#\/schema\/person\/0f0b8a5bdafefe82841e07ae8d81ecb3","name":"Leonardo Francisco","image":{"@type":"ImageObject","inLanguage":"pt-BR","@id":"https:\/\/secure.gravatar.com\/avatar\/a7358cb406a99b682ec6df1e77e31ae82e63601f6784e8a3df411d72b37864da?s=96&d=mm&r=g","url":"https:\/\/secure.gravatar.com\/avatar\/a7358cb406a99b682ec6df1e77e31ae82e63601f6784e8a3df411d72b37864da?s=96&d=mm&r=g","contentUrl":"https:\/\/secure.gravatar.com\/avatar\/a7358cb406a99b682ec6df1e77e31ae82e63601f6784e8a3df411d72b37864da?s=96&d=mm&r=g","caption":"Leonardo Francisco"},"url":"https:\/\/redenoticiaz.com.br\/litoralsp\/author\/leonardo-francisco"}]}},"_links":{"self":[{"href":"https:\/\/redenoticiaz.com.br\/litoralsp\/wp-json\/wp\/v2\/posts\/19912","targetHints":{"allow":["GET"]}}],"collection":[{"href":"https:\/\/redenoticiaz.com.br\/litoralsp\/wp-json\/wp\/v2\/posts"}],"about":[{"href":"https:\/\/redenoticiaz.com.br\/litoralsp\/wp-json\/wp\/v2\/types\/post"}],"author":[{"embeddable":true,"href":"https:\/\/redenoticiaz.com.br\/litoralsp\/wp-json\/wp\/v2\/users\/6"}],"replies":[{"embeddable":true,"href":"https:\/\/redenoticiaz.com.br\/litoralsp\/wp-json\/wp\/v2\/comments?post=19912"}],"version-history":[{"count":1,"href":"https:\/\/redenoticiaz.com.br\/litoralsp\/wp-json\/wp\/v2\/posts\/19912\/revisions"}],"predecessor-version":[{"id":19914,"href":"https:\/\/redenoticiaz.com.br\/litoralsp\/wp-json\/wp\/v2\/posts\/19912\/revisions\/19914"}],"wp:featuredmedia":[{"embeddable":true,"href":"https:\/\/redenoticiaz.com.br\/litoralsp\/wp-json\/wp\/v2\/media\/19913"}],"wp:attachment":[{"href":"https:\/\/redenoticiaz.com.br\/litoralsp\/wp-json\/wp\/v2\/media?parent=19912"}],"wp:term":[{"taxonomy":"category","embeddable":true,"href":"https:\/\/redenoticiaz.com.br\/litoralsp\/wp-json\/wp\/v2\/categories?post=19912"},{"taxonomy":"post_tag","embeddable":true,"href":"https:\/\/redenoticiaz.com.br\/litoralsp\/wp-json\/wp\/v2\/tags?post=19912"}],"curies":[{"name":"wp","href":"https:\/\/api.w.org\/{rel}","templated":true}]}}