{"id":20126,"date":"2021-12-22T21:00:44","date_gmt":"2021-12-23T00:00:44","guid":{"rendered":"https:\/\/redenoticiaz.com.br\/litoralsp\/2021\/12\/22\/tres-estrangeiros-que-vivem-no-brasil-recebem-sancao-dos-eua-por-envolvimento-com-a-al-qaeda"},"modified":"2021-12-22T21:06:30","modified_gmt":"2021-12-23T00:06:30","slug":"tres-estrangeiros-que-vivem-no-brasil-recebem-sancao-dos-eua-por-envolvimento-com-a-al-qaeda","status":"publish","type":"post","link":"https:\/\/redenoticiaz.com.br\/litoralsp\/2021\/12\/22\/tres-estrangeiros-que-vivem-no-brasil-recebem-sancao-dos-eua-por-envolvimento-com-a-al-qaeda","title":{"rendered":"Tr\u00eas estrangeiros que vivem no Brasil recebem san\u00e7\u00e3o dos EUA por envolvimento com a Al Qaeda"},"content":{"rendered":"<p>Tr\u00eas estrangeiros que vivem no Brasil s\u00e3o suspeitos de serem apoiadores e financiadores da organiza\u00e7\u00e3o terrorista <strong>Al Qaeda<\/strong>, pela <a href=\"https:\/\/br.usembassy.gov\/pt\/\">Embaixada dos Estados Unidos no Brasil<\/a>. Eles foram inclu\u00eddos na lista de san\u00e7\u00f5es econ\u00f4micas do governo norte-americano.<\/p>\n<div class=\"wall protected-content\">\n<div class=\"mc-column content-text active-extra-styles \" data-block-type=\"unstyled\" data-block-weight=\"27\" data-block-id=\"2\">\n<p class=\"content-text__container \" data-track-category=\"Link no Texto\" data-track-links=\"\">A consequ\u00eancia da inclus\u00e3o na lista \u00e9 o bloqueio de eventuais bens e interesses desses estrangeiros. Tratam-se de dois eg\u00edpcios e um liban\u00eas. Na semana passada, o presidente dos Estados Unidos, Joe Biden, assinou uma ordem executiva para combater organiza\u00e7\u00f5es criminosas e redes de tr\u00e1fico de drogas internacionais. Uma\u00a0fac\u00e7\u00e3o criminosa brasileira que atua em pres\u00eddios est\u00e1 entre os alvos\u00a0das san\u00e7\u00f5es.<\/p>\n<\/div>\n<div class=\"mc-column content-text active-extra-styles \" data-block-type=\"unstyled\" data-block-weight=\"34\" data-block-id=\"4\">\n<p class=\"content-text__container \" data-track-category=\"Link no Texto\" data-track-links=\"\">Segundo a assessoria de imprensa da embaixada dos EUA, esses tr\u00eas estrangeiros teriam auxiliado materialmente, patrocinado ou fornecido apoio financeiro ou tecnol\u00f3gico ou bens ou servi\u00e7os em apoio para a atua\u00e7\u00e3o da Al Qaeda.<\/p>\n<\/div>\n<div class=\"mc-column content-text active-extra-styles \" data-block-type=\"unstyled\" data-block-weight=\"34\" data-block-id=\"5\">\n<p class=\"content-text__container \" data-track-category=\"Link no Texto\" data-track-links=\"\">De acordo com o governo norte-americano, um deles atuava como informante de membros da Al Qaeda; outro tinha envolvimento com impress\u00e3o de moeda falsa; e o terceiro seria &#8220;agente e facilitador&#8221; da organiza\u00e7\u00e3o terrorista.<\/p>\n<\/div>\n<div class=\"mc-column content-text active-extra-styles \" data-block-type=\"unstyled\" data-block-weight=\"22\" data-block-id=\"6\">\n<div class=\"mc-column content-text active-extra-styles \" data-block-type=\"unstyled\" data-block-weight=\"50\" data-block-id=\"9\">\n<p class=\"content-text__container \" data-track-category=\"Link no Texto\" data-track-links=\"\">De acordo com a diretora do Escrit\u00f3rio de Controle de Ativos Estrangeiros (OFAC) dos\u00a0Estados Unidos, Andrea Gacki, as medidas em rela\u00e7\u00e3o aos supostos agentes da organiza\u00e7\u00e3o no Brasil &#8220;ajudar\u00e3o a negar o acesso da Al Qaeda ao setor financeiro formal para gerar receita para apoiar suas atividades&#8221;.<\/p>\n<\/div>\n<div class=\"mc-column content-text active-extra-styles \" data-block-type=\"unstyled\" data-block-weight=\"23\" data-block-id=\"10\">\n<p class=\"content-text__container \" data-track-category=\"Link no Texto\" data-track-links=\"\">Para a diretora, &#8220;as atividades desta rede sediada no Brasil demonstram que a Al Qaeda continua sendo uma amea\u00e7a terrorista global generalizada&#8221;.<\/p>\n<\/div>\n<div class=\"mc-column content-text active-extra-styles \" data-block-type=\"unstyled\" data-block-weight=\"52\" data-block-id=\"11\">\n<p class=\"content-text__container \" data-track-category=\"Link no Texto\" data-track-links=\"\">Segundo a assessoria de imprensa da embaixada dos EUA, &#8220;esta a\u00e7\u00e3o contra os apoiadores do terrorismo internacional, sediados no Brasil, ressalta que o terrorismo \u00e9 uma amea\u00e7a global que requer a\u00e7\u00e3o e coopera\u00e7\u00e3o global. Estamos empenhados a continuar o trabalho em estreita colabora\u00e7\u00e3o com nossos parceiros brasileiros para combater esta amea\u00e7a&#8221;.<\/p>\n<p data-track-category=\"Link no Texto\" data-track-links=\"\"><strong>LEIA TAMB\u00c9M<\/strong><\/p>\n<p data-track-category=\"Link no Texto\" data-track-links=\"\"><a href=\"https:\/\/redenoticiaz.com.br\/blog\/2021\/12\/21\/caso-juliana-corpo-e-encontrado-carbonizado\">Caso Juliana: Corpo \u00e9 encontrado carbonizado<\/a><\/p>\n<\/div>\n<\/div>\n<\/div>\n","protected":false},"excerpt":{"rendered":"<p>Tr\u00eas estrangeiros que vivem no Brasil s\u00e3o suspeitos de serem apoiadores e financiadores da organiza\u00e7\u00e3o terrorista Al Qaeda, pela Embaixada dos Estados Unidos no Brasil. Eles foram inclu\u00eddos na lista de san\u00e7\u00f5es econ\u00f4micas do governo norte-americano. A consequ\u00eancia da inclus\u00e3o na lista \u00e9 o bloqueio de eventuais bens e interesses desses estrangeiros. Tratam-se de dois &hellip;<\/p>\n","protected":false},"author":6,"featured_media":20127,"comment_status":"open","ping_status":"closed","sticky":false,"template":"","format":"standard","meta":{"footnotes":""},"categories":[84],"tags":[45323,173,45324,43261,45325],"class_list":["post-20126","post","type-post","status-publish","format-standard","has-post-thumbnail","hentry","category-mundo","tag-al-qaeda","tag-brasil","tag-embaixada-dos-estados-unidos","tag-estrangeiros","tag-sancao"],"yoast_head":"<!-- This site is optimized with the Yoast SEO plugin v27.5 - https:\/\/yoast.com\/product\/yoast-seo-wordpress\/ -->\n<title>Tr\u00eas estrangeiros que vivem no Brasil recebem san\u00e7\u00e3o dos EUA por envolvimento com a Al Qaeda - Litoral SP<\/title>\n<meta name=\"description\" content=\"Tr\u00eas estrangeiros que vivem no Brasil s\u00e3o suspeitos de serem apoiadores e financiadores da organiza\u00e7\u00e3o terrorista Al Qaeda, pela\" \/>\n<meta name=\"robots\" content=\"index, follow, max-snippet:-1, max-image-preview:large, max-video-preview:-1\" \/>\n<link rel=\"canonical\" href=\"https:\/\/redenoticiaz.com.br\/litoralsp\/2021\/12\/22\/tres-estrangeiros-que-vivem-no-brasil-recebem-sancao-dos-eua-por-envolvimento-com-a-al-qaeda\" \/>\n<meta property=\"og:locale\" content=\"pt_BR\" \/>\n<meta property=\"og:type\" content=\"article\" \/>\n<meta property=\"og:title\" content=\"Tr\u00eas estrangeiros que vivem no Brasil recebem san\u00e7\u00e3o dos EUA por envolvimento com a Al Qaeda - Litoral SP\" \/>\n<meta property=\"og:description\" content=\"Tr\u00eas estrangeiros que vivem no Brasil s\u00e3o suspeitos de serem apoiadores e financiadores da organiza\u00e7\u00e3o terrorista Al Qaeda, pela\" \/>\n<meta property=\"og:url\" content=\"https:\/\/redenoticiaz.com.br\/litoralsp\/2021\/12\/22\/tres-estrangeiros-que-vivem-no-brasil-recebem-sancao-dos-eua-por-envolvimento-com-a-al-qaeda\" \/>\n<meta property=\"og:site_name\" content=\"Litoral SP\" \/>\n<meta property=\"article:published_time\" content=\"2021-12-23T00:00:44+00:00\" \/>\n<meta property=\"article:modified_time\" content=\"2021-12-23T00:06:30+00:00\" \/>\n<meta property=\"og:image\" content=\"https:\/\/redenoticiaz.com.br\/litoralsp\/wp-content\/uploads\/sites\/3\/2021\/12\/2021-09-01t060922z-82840199-rc2gqh639x05-rtrmadp-3-usa-sept11-file.jpg\" \/>\n\t<meta property=\"og:image:width\" content=\"1008\" \/>\n\t<meta property=\"og:image:height\" content=\"848\" \/>\n\t<meta property=\"og:image:type\" content=\"image\/jpeg\" \/>\n<meta name=\"author\" content=\"Leonardo Francisco\" \/>\n<meta name=\"twitter:card\" content=\"summary_large_image\" \/>\n<meta name=\"twitter:label1\" content=\"Escrito por\" \/>\n\t<meta name=\"twitter:data1\" content=\"Leonardo Francisco\" \/>\n\t<meta name=\"twitter:label2\" content=\"Est. tempo de leitura\" \/>\n\t<meta name=\"twitter:data2\" content=\"2 minutos\" \/>\n<script type=\"application\/ld+json\" class=\"yoast-schema-graph\">{\"@context\":\"https:\\\/\\\/schema.org\",\"@graph\":[{\"@type\":\"Article\",\"@id\":\"https:\\\/\\\/redenoticiaz.com.br\\\/litoralsp\\\/2021\\\/12\\\/22\\\/tres-estrangeiros-que-vivem-no-brasil-recebem-sancao-dos-eua-por-envolvimento-com-a-al-qaeda#article\",\"isPartOf\":{\"@id\":\"https:\\\/\\\/redenoticiaz.com.br\\\/litoralsp\\\/2021\\\/12\\\/22\\\/tres-estrangeiros-que-vivem-no-brasil-recebem-sancao-dos-eua-por-envolvimento-com-a-al-qaeda\"},\"author\":{\"name\":\"Leonardo Francisco\",\"@id\":\"https:\\\/\\\/redenoticiaz.com.br\\\/litoralsp\\\/#\\\/schema\\\/person\\\/0f0b8a5bdafefe82841e07ae8d81ecb3\"},\"headline\":\"Tr\u00eas estrangeiros que vivem no Brasil recebem san\u00e7\u00e3o dos EUA por envolvimento com a Al Qaeda\",\"datePublished\":\"2021-12-23T00:00:44+00:00\",\"dateModified\":\"2021-12-23T00:06:30+00:00\",\"mainEntityOfPage\":{\"@id\":\"https:\\\/\\\/redenoticiaz.com.br\\\/litoralsp\\\/2021\\\/12\\\/22\\\/tres-estrangeiros-que-vivem-no-brasil-recebem-sancao-dos-eua-por-envolvimento-com-a-al-qaeda\"},\"wordCount\":343,\"commentCount\":0,\"publisher\":{\"@id\":\"https:\\\/\\\/redenoticiaz.com.br\\\/litoralsp\\\/#organization\"},\"image\":{\"@id\":\"https:\\\/\\\/redenoticiaz.com.br\\\/litoralsp\\\/2021\\\/12\\\/22\\\/tres-estrangeiros-que-vivem-no-brasil-recebem-sancao-dos-eua-por-envolvimento-com-a-al-qaeda#primaryimage\"},\"thumbnailUrl\":\"https:\\\/\\\/redenoticiaz.com.br\\\/litoralsp\\\/wp-content\\\/uploads\\\/sites\\\/3\\\/2021\\\/12\\\/2021-09-01t060922z-82840199-rc2gqh639x05-rtrmadp-3-usa-sept11-file.jpg\",\"keywords\":[\"AL QAEDA\",\"Brasil\",\"EMBAIXADA DOS ESTADOS UNIDOS\",\"ESTRANGEIROS\",\"SAN\u00c7\u00c3O\"],\"articleSection\":[\"Mundo\"],\"inLanguage\":\"pt-BR\",\"potentialAction\":[{\"@type\":\"CommentAction\",\"name\":\"Comment\",\"target\":[\"https:\\\/\\\/redenoticiaz.com.br\\\/litoralsp\\\/2021\\\/12\\\/22\\\/tres-estrangeiros-que-vivem-no-brasil-recebem-sancao-dos-eua-por-envolvimento-com-a-al-qaeda#respond\"]}]},{\"@type\":\"WebPage\",\"@id\":\"https:\\\/\\\/redenoticiaz.com.br\\\/litoralsp\\\/2021\\\/12\\\/22\\\/tres-estrangeiros-que-vivem-no-brasil-recebem-sancao-dos-eua-por-envolvimento-com-a-al-qaeda\",\"url\":\"https:\\\/\\\/redenoticiaz.com.br\\\/litoralsp\\\/2021\\\/12\\\/22\\\/tres-estrangeiros-que-vivem-no-brasil-recebem-sancao-dos-eua-por-envolvimento-com-a-al-qaeda\",\"name\":\"Tr\u00eas estrangeiros que vivem no Brasil recebem san\u00e7\u00e3o dos EUA por envolvimento com a Al Qaeda - Litoral SP\",\"isPartOf\":{\"@id\":\"https:\\\/\\\/redenoticiaz.com.br\\\/litoralsp\\\/#website\"},\"primaryImageOfPage\":{\"@id\":\"https:\\\/\\\/redenoticiaz.com.br\\\/litoralsp\\\/2021\\\/12\\\/22\\\/tres-estrangeiros-que-vivem-no-brasil-recebem-sancao-dos-eua-por-envolvimento-com-a-al-qaeda#primaryimage\"},\"image\":{\"@id\":\"https:\\\/\\\/redenoticiaz.com.br\\\/litoralsp\\\/2021\\\/12\\\/22\\\/tres-estrangeiros-que-vivem-no-brasil-recebem-sancao-dos-eua-por-envolvimento-com-a-al-qaeda#primaryimage\"},\"thumbnailUrl\":\"https:\\\/\\\/redenoticiaz.com.br\\\/litoralsp\\\/wp-content\\\/uploads\\\/sites\\\/3\\\/2021\\\/12\\\/2021-09-01t060922z-82840199-rc2gqh639x05-rtrmadp-3-usa-sept11-file.jpg\",\"datePublished\":\"2021-12-23T00:00:44+00:00\",\"dateModified\":\"2021-12-23T00:06:30+00:00\",\"description\":\"Tr\u00eas estrangeiros que vivem no Brasil s\u00e3o suspeitos de serem apoiadores e financiadores da organiza\u00e7\u00e3o terrorista Al Qaeda, pela\",\"inLanguage\":\"pt-BR\",\"potentialAction\":[{\"@type\":\"ReadAction\",\"target\":[\"https:\\\/\\\/redenoticiaz.com.br\\\/litoralsp\\\/2021\\\/12\\\/22\\\/tres-estrangeiros-que-vivem-no-brasil-recebem-sancao-dos-eua-por-envolvimento-com-a-al-qaeda\"]}]},{\"@type\":\"ImageObject\",\"inLanguage\":\"pt-BR\",\"@id\":\"https:\\\/\\\/redenoticiaz.com.br\\\/litoralsp\\\/2021\\\/12\\\/22\\\/tres-estrangeiros-que-vivem-no-brasil-recebem-sancao-dos-eua-por-envolvimento-com-a-al-qaeda#primaryimage\",\"url\":\"https:\\\/\\\/redenoticiaz.com.br\\\/litoralsp\\\/wp-content\\\/uploads\\\/sites\\\/3\\\/2021\\\/12\\\/2021-09-01t060922z-82840199-rc2gqh639x05-rtrmadp-3-usa-sept11-file.jpg\",\"contentUrl\":\"https:\\\/\\\/redenoticiaz.com.br\\\/litoralsp\\\/wp-content\\\/uploads\\\/sites\\\/3\\\/2021\\\/12\\\/2021-09-01t060922z-82840199-rc2gqh639x05-rtrmadp-3-usa-sept11-file.jpg\",\"width\":1008,\"height\":848,\"caption\":\"Centenas de pessoas morreram no atentado de 2001. Cr\u00e9ditos: Reprodu\u00e7\u00e3o.\"},{\"@type\":\"WebSite\",\"@id\":\"https:\\\/\\\/redenoticiaz.com.br\\\/litoralsp\\\/#website\",\"url\":\"https:\\\/\\\/redenoticiaz.com.br\\\/litoralsp\\\/\",\"name\":\"Litoral SP\",\"description\":\"Rede NoticiaZ\",\"publisher\":{\"@id\":\"https:\\\/\\\/redenoticiaz.com.br\\\/litoralsp\\\/#organization\"},\"potentialAction\":[{\"@type\":\"SearchAction\",\"target\":{\"@type\":\"EntryPoint\",\"urlTemplate\":\"https:\\\/\\\/redenoticiaz.com.br\\\/litoralsp\\\/?s={search_term_string}\"},\"query-input\":{\"@type\":\"PropertyValueSpecification\",\"valueRequired\":true,\"valueName\":\"search_term_string\"}}],\"inLanguage\":\"pt-BR\"},{\"@type\":\"Organization\",\"@id\":\"https:\\\/\\\/redenoticiaz.com.br\\\/litoralsp\\\/#organization\",\"name\":\"Litoral SP\",\"url\":\"https:\\\/\\\/redenoticiaz.com.br\\\/litoralsp\\\/\",\"logo\":{\"@type\":\"ImageObject\",\"inLanguage\":\"pt-BR\",\"@id\":\"https:\\\/\\\/redenoticiaz.com.br\\\/litoralsp\\\/#\\\/schema\\\/logo\\\/image\\\/\",\"url\":\"https:\\\/\\\/redenoticiaz.com.br\\\/litoralsp\\\/wp-content\\\/uploads\\\/sites\\\/3\\\/2020\\\/11\\\/logo.jpg\",\"contentUrl\":\"https:\\\/\\\/redenoticiaz.com.br\\\/litoralsp\\\/wp-content\\\/uploads\\\/sites\\\/3\\\/2020\\\/11\\\/logo.jpg\",\"width\":400,\"height\":250,\"caption\":\"Litoral SP\"},\"image\":{\"@id\":\"https:\\\/\\\/redenoticiaz.com.br\\\/litoralsp\\\/#\\\/schema\\\/logo\\\/image\\\/\"}},{\"@type\":\"Person\",\"@id\":\"https:\\\/\\\/redenoticiaz.com.br\\\/litoralsp\\\/#\\\/schema\\\/person\\\/0f0b8a5bdafefe82841e07ae8d81ecb3\",\"name\":\"Leonardo Francisco\",\"image\":{\"@type\":\"ImageObject\",\"inLanguage\":\"pt-BR\",\"@id\":\"https:\\\/\\\/secure.gravatar.com\\\/avatar\\\/a7358cb406a99b682ec6df1e77e31ae82e63601f6784e8a3df411d72b37864da?s=96&d=mm&r=g\",\"url\":\"https:\\\/\\\/secure.gravatar.com\\\/avatar\\\/a7358cb406a99b682ec6df1e77e31ae82e63601f6784e8a3df411d72b37864da?s=96&d=mm&r=g\",\"contentUrl\":\"https:\\\/\\\/secure.gravatar.com\\\/avatar\\\/a7358cb406a99b682ec6df1e77e31ae82e63601f6784e8a3df411d72b37864da?s=96&d=mm&r=g\",\"caption\":\"Leonardo Francisco\"},\"url\":\"https:\\\/\\\/redenoticiaz.com.br\\\/litoralsp\\\/author\\\/leonardo-francisco\"}]}<\/script>\n<!-- \/ Yoast SEO plugin. -->","yoast_head_json":{"title":"Tr\u00eas estrangeiros que vivem no Brasil recebem san\u00e7\u00e3o dos EUA por envolvimento com a Al Qaeda - Litoral SP","description":"Tr\u00eas estrangeiros que vivem no Brasil s\u00e3o suspeitos de serem apoiadores e financiadores da organiza\u00e7\u00e3o terrorista Al Qaeda, pela","robots":{"index":"index","follow":"follow","max-snippet":"max-snippet:-1","max-image-preview":"max-image-preview:large","max-video-preview":"max-video-preview:-1"},"canonical":"https:\/\/redenoticiaz.com.br\/litoralsp\/2021\/12\/22\/tres-estrangeiros-que-vivem-no-brasil-recebem-sancao-dos-eua-por-envolvimento-com-a-al-qaeda","og_locale":"pt_BR","og_type":"article","og_title":"Tr\u00eas estrangeiros que vivem no Brasil recebem san\u00e7\u00e3o dos EUA por envolvimento com a Al Qaeda - Litoral SP","og_description":"Tr\u00eas estrangeiros que vivem no Brasil s\u00e3o suspeitos de serem apoiadores e financiadores da organiza\u00e7\u00e3o terrorista Al Qaeda, pela","og_url":"https:\/\/redenoticiaz.com.br\/litoralsp\/2021\/12\/22\/tres-estrangeiros-que-vivem-no-brasil-recebem-sancao-dos-eua-por-envolvimento-com-a-al-qaeda","og_site_name":"Litoral SP","article_published_time":"2021-12-23T00:00:44+00:00","article_modified_time":"2021-12-23T00:06:30+00:00","og_image":[{"width":1008,"height":848,"url":"https:\/\/redenoticiaz.com.br\/litoralsp\/wp-content\/uploads\/sites\/3\/2021\/12\/2021-09-01t060922z-82840199-rc2gqh639x05-rtrmadp-3-usa-sept11-file.jpg","type":"image\/jpeg"}],"author":"Leonardo Francisco","twitter_card":"summary_large_image","twitter_misc":{"Escrito por":"Leonardo Francisco","Est. tempo de leitura":"2 minutos"},"schema":{"@context":"https:\/\/schema.org","@graph":[{"@type":"Article","@id":"https:\/\/redenoticiaz.com.br\/litoralsp\/2021\/12\/22\/tres-estrangeiros-que-vivem-no-brasil-recebem-sancao-dos-eua-por-envolvimento-com-a-al-qaeda#article","isPartOf":{"@id":"https:\/\/redenoticiaz.com.br\/litoralsp\/2021\/12\/22\/tres-estrangeiros-que-vivem-no-brasil-recebem-sancao-dos-eua-por-envolvimento-com-a-al-qaeda"},"author":{"name":"Leonardo Francisco","@id":"https:\/\/redenoticiaz.com.br\/litoralsp\/#\/schema\/person\/0f0b8a5bdafefe82841e07ae8d81ecb3"},"headline":"Tr\u00eas estrangeiros que vivem no Brasil recebem san\u00e7\u00e3o dos EUA por envolvimento com a Al Qaeda","datePublished":"2021-12-23T00:00:44+00:00","dateModified":"2021-12-23T00:06:30+00:00","mainEntityOfPage":{"@id":"https:\/\/redenoticiaz.com.br\/litoralsp\/2021\/12\/22\/tres-estrangeiros-que-vivem-no-brasil-recebem-sancao-dos-eua-por-envolvimento-com-a-al-qaeda"},"wordCount":343,"commentCount":0,"publisher":{"@id":"https:\/\/redenoticiaz.com.br\/litoralsp\/#organization"},"image":{"@id":"https:\/\/redenoticiaz.com.br\/litoralsp\/2021\/12\/22\/tres-estrangeiros-que-vivem-no-brasil-recebem-sancao-dos-eua-por-envolvimento-com-a-al-qaeda#primaryimage"},"thumbnailUrl":"https:\/\/redenoticiaz.com.br\/litoralsp\/wp-content\/uploads\/sites\/3\/2021\/12\/2021-09-01t060922z-82840199-rc2gqh639x05-rtrmadp-3-usa-sept11-file.jpg","keywords":["AL QAEDA","Brasil","EMBAIXADA DOS ESTADOS UNIDOS","ESTRANGEIROS","SAN\u00c7\u00c3O"],"articleSection":["Mundo"],"inLanguage":"pt-BR","potentialAction":[{"@type":"CommentAction","name":"Comment","target":["https:\/\/redenoticiaz.com.br\/litoralsp\/2021\/12\/22\/tres-estrangeiros-que-vivem-no-brasil-recebem-sancao-dos-eua-por-envolvimento-com-a-al-qaeda#respond"]}]},{"@type":"WebPage","@id":"https:\/\/redenoticiaz.com.br\/litoralsp\/2021\/12\/22\/tres-estrangeiros-que-vivem-no-brasil-recebem-sancao-dos-eua-por-envolvimento-com-a-al-qaeda","url":"https:\/\/redenoticiaz.com.br\/litoralsp\/2021\/12\/22\/tres-estrangeiros-que-vivem-no-brasil-recebem-sancao-dos-eua-por-envolvimento-com-a-al-qaeda","name":"Tr\u00eas estrangeiros que vivem no Brasil recebem san\u00e7\u00e3o dos EUA por envolvimento com a Al Qaeda - Litoral SP","isPartOf":{"@id":"https:\/\/redenoticiaz.com.br\/litoralsp\/#website"},"primaryImageOfPage":{"@id":"https:\/\/redenoticiaz.com.br\/litoralsp\/2021\/12\/22\/tres-estrangeiros-que-vivem-no-brasil-recebem-sancao-dos-eua-por-envolvimento-com-a-al-qaeda#primaryimage"},"image":{"@id":"https:\/\/redenoticiaz.com.br\/litoralsp\/2021\/12\/22\/tres-estrangeiros-que-vivem-no-brasil-recebem-sancao-dos-eua-por-envolvimento-com-a-al-qaeda#primaryimage"},"thumbnailUrl":"https:\/\/redenoticiaz.com.br\/litoralsp\/wp-content\/uploads\/sites\/3\/2021\/12\/2021-09-01t060922z-82840199-rc2gqh639x05-rtrmadp-3-usa-sept11-file.jpg","datePublished":"2021-12-23T00:00:44+00:00","dateModified":"2021-12-23T00:06:30+00:00","description":"Tr\u00eas estrangeiros que vivem no Brasil s\u00e3o suspeitos de serem apoiadores e financiadores da organiza\u00e7\u00e3o terrorista Al Qaeda, pela","inLanguage":"pt-BR","potentialAction":[{"@type":"ReadAction","target":["https:\/\/redenoticiaz.com.br\/litoralsp\/2021\/12\/22\/tres-estrangeiros-que-vivem-no-brasil-recebem-sancao-dos-eua-por-envolvimento-com-a-al-qaeda"]}]},{"@type":"ImageObject","inLanguage":"pt-BR","@id":"https:\/\/redenoticiaz.com.br\/litoralsp\/2021\/12\/22\/tres-estrangeiros-que-vivem-no-brasil-recebem-sancao-dos-eua-por-envolvimento-com-a-al-qaeda#primaryimage","url":"https:\/\/redenoticiaz.com.br\/litoralsp\/wp-content\/uploads\/sites\/3\/2021\/12\/2021-09-01t060922z-82840199-rc2gqh639x05-rtrmadp-3-usa-sept11-file.jpg","contentUrl":"https:\/\/redenoticiaz.com.br\/litoralsp\/wp-content\/uploads\/sites\/3\/2021\/12\/2021-09-01t060922z-82840199-rc2gqh639x05-rtrmadp-3-usa-sept11-file.jpg","width":1008,"height":848,"caption":"Centenas de pessoas morreram no atentado de 2001. Cr\u00e9ditos: Reprodu\u00e7\u00e3o."},{"@type":"WebSite","@id":"https:\/\/redenoticiaz.com.br\/litoralsp\/#website","url":"https:\/\/redenoticiaz.com.br\/litoralsp\/","name":"Litoral SP","description":"Rede NoticiaZ","publisher":{"@id":"https:\/\/redenoticiaz.com.br\/litoralsp\/#organization"},"potentialAction":[{"@type":"SearchAction","target":{"@type":"EntryPoint","urlTemplate":"https:\/\/redenoticiaz.com.br\/litoralsp\/?s={search_term_string}"},"query-input":{"@type":"PropertyValueSpecification","valueRequired":true,"valueName":"search_term_string"}}],"inLanguage":"pt-BR"},{"@type":"Organization","@id":"https:\/\/redenoticiaz.com.br\/litoralsp\/#organization","name":"Litoral SP","url":"https:\/\/redenoticiaz.com.br\/litoralsp\/","logo":{"@type":"ImageObject","inLanguage":"pt-BR","@id":"https:\/\/redenoticiaz.com.br\/litoralsp\/#\/schema\/logo\/image\/","url":"https:\/\/redenoticiaz.com.br\/litoralsp\/wp-content\/uploads\/sites\/3\/2020\/11\/logo.jpg","contentUrl":"https:\/\/redenoticiaz.com.br\/litoralsp\/wp-content\/uploads\/sites\/3\/2020\/11\/logo.jpg","width":400,"height":250,"caption":"Litoral SP"},"image":{"@id":"https:\/\/redenoticiaz.com.br\/litoralsp\/#\/schema\/logo\/image\/"}},{"@type":"Person","@id":"https:\/\/redenoticiaz.com.br\/litoralsp\/#\/schema\/person\/0f0b8a5bdafefe82841e07ae8d81ecb3","name":"Leonardo Francisco","image":{"@type":"ImageObject","inLanguage":"pt-BR","@id":"https:\/\/secure.gravatar.com\/avatar\/a7358cb406a99b682ec6df1e77e31ae82e63601f6784e8a3df411d72b37864da?s=96&d=mm&r=g","url":"https:\/\/secure.gravatar.com\/avatar\/a7358cb406a99b682ec6df1e77e31ae82e63601f6784e8a3df411d72b37864da?s=96&d=mm&r=g","contentUrl":"https:\/\/secure.gravatar.com\/avatar\/a7358cb406a99b682ec6df1e77e31ae82e63601f6784e8a3df411d72b37864da?s=96&d=mm&r=g","caption":"Leonardo Francisco"},"url":"https:\/\/redenoticiaz.com.br\/litoralsp\/author\/leonardo-francisco"}]}},"_links":{"self":[{"href":"https:\/\/redenoticiaz.com.br\/litoralsp\/wp-json\/wp\/v2\/posts\/20126","targetHints":{"allow":["GET"]}}],"collection":[{"href":"https:\/\/redenoticiaz.com.br\/litoralsp\/wp-json\/wp\/v2\/posts"}],"about":[{"href":"https:\/\/redenoticiaz.com.br\/litoralsp\/wp-json\/wp\/v2\/types\/post"}],"author":[{"embeddable":true,"href":"https:\/\/redenoticiaz.com.br\/litoralsp\/wp-json\/wp\/v2\/users\/6"}],"replies":[{"embeddable":true,"href":"https:\/\/redenoticiaz.com.br\/litoralsp\/wp-json\/wp\/v2\/comments?post=20126"}],"version-history":[{"count":1,"href":"https:\/\/redenoticiaz.com.br\/litoralsp\/wp-json\/wp\/v2\/posts\/20126\/revisions"}],"predecessor-version":[{"id":20128,"href":"https:\/\/redenoticiaz.com.br\/litoralsp\/wp-json\/wp\/v2\/posts\/20126\/revisions\/20128"}],"wp:featuredmedia":[{"embeddable":true,"href":"https:\/\/redenoticiaz.com.br\/litoralsp\/wp-json\/wp\/v2\/media\/20127"}],"wp:attachment":[{"href":"https:\/\/redenoticiaz.com.br\/litoralsp\/wp-json\/wp\/v2\/media?parent=20126"}],"wp:term":[{"taxonomy":"category","embeddable":true,"href":"https:\/\/redenoticiaz.com.br\/litoralsp\/wp-json\/wp\/v2\/categories?post=20126"},{"taxonomy":"post_tag","embeddable":true,"href":"https:\/\/redenoticiaz.com.br\/litoralsp\/wp-json\/wp\/v2\/tags?post=20126"}],"curies":[{"name":"wp","href":"https:\/\/api.w.org\/{rel}","templated":true}]}}