{"id":20145,"date":"2021-12-23T11:52:50","date_gmt":"2021-12-23T14:52:50","guid":{"rendered":"https:\/\/redenoticiaz.com.br\/litoralsp\/?p=20145"},"modified":"2021-12-23T11:53:17","modified_gmt":"2021-12-23T14:53:17","slug":"tendas-nas-upas-de-santos-sao-instaladas-para-pacientes-com-sintomas-gripais","status":"publish","type":"post","link":"https:\/\/redenoticiaz.com.br\/litoralsp\/2021\/12\/23\/tendas-nas-upas-de-santos-sao-instaladas-para-pacientes-com-sintomas-gripais","title":{"rendered":"Tendas nas UPAs de Santos s\u00e3o instaladas para pacientes com sintomas gripais"},"content":{"rendered":"<p>Assim como diversas cidades do Brasil, <a href=\"https:\/\/www.santos.sp.gov.br\/\">Santos<\/a> \u00e9 mais uma que enfrenta uma alta de casos de pessoas com sintomas gripais. E para n\u00e3o sobrrecarregar os hospitais do munic\u00edpio, a prefeitura vai montar <strong>tendas<\/strong> nas Unidades de Pronto Atendimento (UPAs), visando atender que est\u00e1 com gripe ou com suspeita dela.<\/p>\n<p>A Secretaria de Sa\u00fade de Santos confirmou o crescimento da procura de pacientes em rela\u00e7\u00e3o aos sintomas de sa\u00fade. Por isso, convocou uma reuni\u00e3o com representantes de hospitais p\u00fablicos e particulares. No encontro, algumas medidas foram definidas, como a instala\u00e7\u00e3o de tendas na entrada das UPAs, para isolar quem est\u00e1 com sintoma gripal dos demais pacientes.<\/p>\n<div class=\"content-ads content-ads--reveal\" data-block-type=\"ads\" data-block-id=\"4\"><\/div>\n<div class=\"mc-column content-text active-extra-styles \" data-block-type=\"unstyled\" data-block-weight=\"45\" data-block-id=\"5\">\n<p class=\"content-text__container \" data-track-category=\"Link no Texto\" data-track-links=\"\">As tendas ser\u00e3o colocadas na entrada das UPAs Zona Leste e Central. Na UPA da Zona Noroeste, quem apresentar sintomas do v\u00edrus da gripe ser\u00e1 atendido em um espa\u00e7o no Gin\u00e1sio Poliesportivo M. Nascimento J\u00fanior, localizado na Rua Jo\u00e3o Fracarolli, s\/n\u00ba, no bairro Santa Maria.<\/p>\n<\/div>\n<div class=\"mc-column content-text active-extra-styles \" data-block-type=\"unstyled\" data-block-weight=\"46\" data-block-id=\"6\">\n<p class=\"content-text__container \" data-track-category=\"Link no Texto\" data-track-links=\"\">A pasta ainda esclarece que o munic\u00edpio solicitou ao Governo do Estado o envio de 70 mil vacinas contra a Influenza, al\u00e9m de testes para melhorar o diagn\u00f3stico da doen\u00e7a na cidade. Conforme divulgado pela administra\u00e7\u00e3o, a instala\u00e7\u00e3o das tendas deve acontecer j\u00e1 nos pr\u00f3ximos dias.<\/p>\n<p data-track-category=\"Link no Texto\" data-track-links=\"\"><strong>LEIA TAMB\u00c9M<\/strong><\/p>\n<p data-track-category=\"Link no Texto\" data-track-links=\"\"><a href=\"https:\/\/redenoticiaz.com.br\/litoralsp\/2021\/12\/21\/casos-de-gripe-geram-procura-recorde-de-atendimento-na-santa-casa-de-santos\">Casos de gripe geram procura recorde de atendimento na Santa Casa de Santos<\/a><\/p>\n<\/div>\n","protected":false},"excerpt":{"rendered":"<p>Assim como diversas cidades do Brasil, Santos \u00e9 mais uma que enfrenta uma alta de casos de pessoas com sintomas gripais. E para n\u00e3o sobrrecarregar os hospitais do munic\u00edpio, a prefeitura vai montar tendas nas Unidades de Pronto Atendimento (UPAs), visando atender que est\u00e1 com gripe ou com suspeita dela. A Secretaria de Sa\u00fade de &hellip;<\/p>\n","protected":false},"author":6,"featured_media":20146,"comment_status":"open","ping_status":"closed","sticky":false,"template":"","format":"standard","meta":{"footnotes":""},"categories":[180,23],"tags":[986,96,45356,45355,45354],"class_list":["post-20145","post","type-post","status-publish","format-standard","has-post-thumbnail","hentry","category-santos","category-saude","tag-santos","tag-saude","tag-sintomas-gripais","tag-tendas","tag-unidades-de-pronto-atendimento"],"yoast_head":"<!-- This site is optimized with the Yoast SEO plugin v27.5 - https:\/\/yoast.com\/product\/yoast-seo-wordpress\/ -->\n<title>Tendas nas UPAs de Santos s\u00e3o instaladas para pacientes com sintomas gripais - Litoral SP<\/title>\n<meta name=\"description\" content=\"alta de casos de pessoas com sintomas gripais. E para n\u00e3o sobrrecarregar os hospitais do munic\u00edpio, a prefeitura vai montar tendas\" \/>\n<meta name=\"robots\" content=\"index, follow, max-snippet:-1, max-image-preview:large, max-video-preview:-1\" \/>\n<link rel=\"canonical\" href=\"https:\/\/redenoticiaz.com.br\/litoralsp\/2021\/12\/23\/tendas-nas-upas-de-santos-sao-instaladas-para-pacientes-com-sintomas-gripais\" \/>\n<meta property=\"og:locale\" content=\"pt_BR\" \/>\n<meta property=\"og:type\" content=\"article\" \/>\n<meta property=\"og:title\" content=\"Tendas nas UPAs de Santos s\u00e3o instaladas para pacientes com sintomas gripais - Litoral SP\" \/>\n<meta property=\"og:description\" content=\"alta de casos de pessoas com sintomas gripais. E para n\u00e3o sobrrecarregar os hospitais do munic\u00edpio, a prefeitura vai montar tendas\" \/>\n<meta property=\"og:url\" content=\"https:\/\/redenoticiaz.com.br\/litoralsp\/2021\/12\/23\/tendas-nas-upas-de-santos-sao-instaladas-para-pacientes-com-sintomas-gripais\" \/>\n<meta property=\"og:site_name\" content=\"Litoral SP\" \/>\n<meta property=\"article:published_time\" content=\"2021-12-23T14:52:50+00:00\" \/>\n<meta property=\"article:modified_time\" content=\"2021-12-23T14:53:17+00:00\" \/>\n<meta property=\"og:image\" content=\"https:\/\/redenoticiaz.com.br\/litoralsp\/wp-content\/uploads\/sites\/3\/2021\/12\/upa-santos.jpg\" \/>\n\t<meta property=\"og:image:width\" content=\"984\" \/>\n\t<meta property=\"og:image:height\" content=\"597\" \/>\n\t<meta property=\"og:image:type\" content=\"image\/jpeg\" \/>\n<meta name=\"author\" content=\"Leonardo Francisco\" \/>\n<meta name=\"twitter:card\" content=\"summary_large_image\" \/>\n<meta name=\"twitter:label1\" content=\"Escrito por\" \/>\n\t<meta name=\"twitter:data1\" content=\"Leonardo Francisco\" \/>\n\t<meta name=\"twitter:label2\" content=\"Est. tempo de leitura\" \/>\n\t<meta name=\"twitter:data2\" content=\"1 minuto\" \/>\n<script type=\"application\/ld+json\" class=\"yoast-schema-graph\">{\"@context\":\"https:\\\/\\\/schema.org\",\"@graph\":[{\"@type\":\"Article\",\"@id\":\"https:\\\/\\\/redenoticiaz.com.br\\\/litoralsp\\\/2021\\\/12\\\/23\\\/tendas-nas-upas-de-santos-sao-instaladas-para-pacientes-com-sintomas-gripais#article\",\"isPartOf\":{\"@id\":\"https:\\\/\\\/redenoticiaz.com.br\\\/litoralsp\\\/2021\\\/12\\\/23\\\/tendas-nas-upas-de-santos-sao-instaladas-para-pacientes-com-sintomas-gripais\"},\"author\":{\"name\":\"Leonardo Francisco\",\"@id\":\"https:\\\/\\\/redenoticiaz.com.br\\\/litoralsp\\\/#\\\/schema\\\/person\\\/0f0b8a5bdafefe82841e07ae8d81ecb3\"},\"headline\":\"Tendas nas UPAs de Santos s\u00e3o instaladas para pacientes com sintomas gripais\",\"datePublished\":\"2021-12-23T14:52:50+00:00\",\"dateModified\":\"2021-12-23T14:53:17+00:00\",\"mainEntityOfPage\":{\"@id\":\"https:\\\/\\\/redenoticiaz.com.br\\\/litoralsp\\\/2021\\\/12\\\/23\\\/tendas-nas-upas-de-santos-sao-instaladas-para-pacientes-com-sintomas-gripais\"},\"wordCount\":246,\"commentCount\":0,\"publisher\":{\"@id\":\"https:\\\/\\\/redenoticiaz.com.br\\\/litoralsp\\\/#organization\"},\"image\":{\"@id\":\"https:\\\/\\\/redenoticiaz.com.br\\\/litoralsp\\\/2021\\\/12\\\/23\\\/tendas-nas-upas-de-santos-sao-instaladas-para-pacientes-com-sintomas-gripais#primaryimage\"},\"thumbnailUrl\":\"https:\\\/\\\/redenoticiaz.com.br\\\/litoralsp\\\/wp-content\\\/uploads\\\/sites\\\/3\\\/2021\\\/12\\\/upa-santos.jpg\",\"keywords\":[\"Santos\",\"saude\",\"SINTOMAS GRIPAIS\",\"tendas\",\"UNIDADES DE PRONTO ATENDIMENTO\"],\"articleSection\":[\"Santos\",\"Sa\u00fade\"],\"inLanguage\":\"pt-BR\",\"potentialAction\":[{\"@type\":\"CommentAction\",\"name\":\"Comment\",\"target\":[\"https:\\\/\\\/redenoticiaz.com.br\\\/litoralsp\\\/2021\\\/12\\\/23\\\/tendas-nas-upas-de-santos-sao-instaladas-para-pacientes-com-sintomas-gripais#respond\"]}]},{\"@type\":\"WebPage\",\"@id\":\"https:\\\/\\\/redenoticiaz.com.br\\\/litoralsp\\\/2021\\\/12\\\/23\\\/tendas-nas-upas-de-santos-sao-instaladas-para-pacientes-com-sintomas-gripais\",\"url\":\"https:\\\/\\\/redenoticiaz.com.br\\\/litoralsp\\\/2021\\\/12\\\/23\\\/tendas-nas-upas-de-santos-sao-instaladas-para-pacientes-com-sintomas-gripais\",\"name\":\"Tendas nas UPAs de Santos s\u00e3o instaladas para pacientes com sintomas gripais - Litoral SP\",\"isPartOf\":{\"@id\":\"https:\\\/\\\/redenoticiaz.com.br\\\/litoralsp\\\/#website\"},\"primaryImageOfPage\":{\"@id\":\"https:\\\/\\\/redenoticiaz.com.br\\\/litoralsp\\\/2021\\\/12\\\/23\\\/tendas-nas-upas-de-santos-sao-instaladas-para-pacientes-com-sintomas-gripais#primaryimage\"},\"image\":{\"@id\":\"https:\\\/\\\/redenoticiaz.com.br\\\/litoralsp\\\/2021\\\/12\\\/23\\\/tendas-nas-upas-de-santos-sao-instaladas-para-pacientes-com-sintomas-gripais#primaryimage\"},\"thumbnailUrl\":\"https:\\\/\\\/redenoticiaz.com.br\\\/litoralsp\\\/wp-content\\\/uploads\\\/sites\\\/3\\\/2021\\\/12\\\/upa-santos.jpg\",\"datePublished\":\"2021-12-23T14:52:50+00:00\",\"dateModified\":\"2021-12-23T14:53:17+00:00\",\"description\":\"alta de casos de pessoas com sintomas gripais. E para n\u00e3o sobrrecarregar os hospitais do munic\u00edpio, a prefeitura vai montar tendas\",\"inLanguage\":\"pt-BR\",\"potentialAction\":[{\"@type\":\"ReadAction\",\"target\":[\"https:\\\/\\\/redenoticiaz.com.br\\\/litoralsp\\\/2021\\\/12\\\/23\\\/tendas-nas-upas-de-santos-sao-instaladas-para-pacientes-com-sintomas-gripais\"]}]},{\"@type\":\"ImageObject\",\"inLanguage\":\"pt-BR\",\"@id\":\"https:\\\/\\\/redenoticiaz.com.br\\\/litoralsp\\\/2021\\\/12\\\/23\\\/tendas-nas-upas-de-santos-sao-instaladas-para-pacientes-com-sintomas-gripais#primaryimage\",\"url\":\"https:\\\/\\\/redenoticiaz.com.br\\\/litoralsp\\\/wp-content\\\/uploads\\\/sites\\\/3\\\/2021\\\/12\\\/upa-santos.jpg\",\"contentUrl\":\"https:\\\/\\\/redenoticiaz.com.br\\\/litoralsp\\\/wp-content\\\/uploads\\\/sites\\\/3\\\/2021\\\/12\\\/upa-santos.jpg\",\"width\":984,\"height\":597,\"caption\":\"Cr\u00e9ditos: Divulga\u00e7\u00e3o\\\/Prefeitura de Santos\"},{\"@type\":\"WebSite\",\"@id\":\"https:\\\/\\\/redenoticiaz.com.br\\\/litoralsp\\\/#website\",\"url\":\"https:\\\/\\\/redenoticiaz.com.br\\\/litoralsp\\\/\",\"name\":\"Litoral SP\",\"description\":\"Rede NoticiaZ\",\"publisher\":{\"@id\":\"https:\\\/\\\/redenoticiaz.com.br\\\/litoralsp\\\/#organization\"},\"potentialAction\":[{\"@type\":\"SearchAction\",\"target\":{\"@type\":\"EntryPoint\",\"urlTemplate\":\"https:\\\/\\\/redenoticiaz.com.br\\\/litoralsp\\\/?s={search_term_string}\"},\"query-input\":{\"@type\":\"PropertyValueSpecification\",\"valueRequired\":true,\"valueName\":\"search_term_string\"}}],\"inLanguage\":\"pt-BR\"},{\"@type\":\"Organization\",\"@id\":\"https:\\\/\\\/redenoticiaz.com.br\\\/litoralsp\\\/#organization\",\"name\":\"Litoral SP\",\"url\":\"https:\\\/\\\/redenoticiaz.com.br\\\/litoralsp\\\/\",\"logo\":{\"@type\":\"ImageObject\",\"inLanguage\":\"pt-BR\",\"@id\":\"https:\\\/\\\/redenoticiaz.com.br\\\/litoralsp\\\/#\\\/schema\\\/logo\\\/image\\\/\",\"url\":\"https:\\\/\\\/redenoticiaz.com.br\\\/litoralsp\\\/wp-content\\\/uploads\\\/sites\\\/3\\\/2020\\\/11\\\/logo.jpg\",\"contentUrl\":\"https:\\\/\\\/redenoticiaz.com.br\\\/litoralsp\\\/wp-content\\\/uploads\\\/sites\\\/3\\\/2020\\\/11\\\/logo.jpg\",\"width\":400,\"height\":250,\"caption\":\"Litoral SP\"},\"image\":{\"@id\":\"https:\\\/\\\/redenoticiaz.com.br\\\/litoralsp\\\/#\\\/schema\\\/logo\\\/image\\\/\"}},{\"@type\":\"Person\",\"@id\":\"https:\\\/\\\/redenoticiaz.com.br\\\/litoralsp\\\/#\\\/schema\\\/person\\\/0f0b8a5bdafefe82841e07ae8d81ecb3\",\"name\":\"Leonardo Francisco\",\"image\":{\"@type\":\"ImageObject\",\"inLanguage\":\"pt-BR\",\"@id\":\"https:\\\/\\\/secure.gravatar.com\\\/avatar\\\/a7358cb406a99b682ec6df1e77e31ae82e63601f6784e8a3df411d72b37864da?s=96&d=mm&r=g\",\"url\":\"https:\\\/\\\/secure.gravatar.com\\\/avatar\\\/a7358cb406a99b682ec6df1e77e31ae82e63601f6784e8a3df411d72b37864da?s=96&d=mm&r=g\",\"contentUrl\":\"https:\\\/\\\/secure.gravatar.com\\\/avatar\\\/a7358cb406a99b682ec6df1e77e31ae82e63601f6784e8a3df411d72b37864da?s=96&d=mm&r=g\",\"caption\":\"Leonardo Francisco\"},\"url\":\"https:\\\/\\\/redenoticiaz.com.br\\\/litoralsp\\\/author\\\/leonardo-francisco\"}]}<\/script>\n<!-- \/ Yoast SEO plugin. -->","yoast_head_json":{"title":"Tendas nas UPAs de Santos s\u00e3o instaladas para pacientes com sintomas gripais - Litoral SP","description":"alta de casos de pessoas com sintomas gripais. E para n\u00e3o sobrrecarregar os hospitais do munic\u00edpio, a prefeitura vai montar tendas","robots":{"index":"index","follow":"follow","max-snippet":"max-snippet:-1","max-image-preview":"max-image-preview:large","max-video-preview":"max-video-preview:-1"},"canonical":"https:\/\/redenoticiaz.com.br\/litoralsp\/2021\/12\/23\/tendas-nas-upas-de-santos-sao-instaladas-para-pacientes-com-sintomas-gripais","og_locale":"pt_BR","og_type":"article","og_title":"Tendas nas UPAs de Santos s\u00e3o instaladas para pacientes com sintomas gripais - Litoral SP","og_description":"alta de casos de pessoas com sintomas gripais. E para n\u00e3o sobrrecarregar os hospitais do munic\u00edpio, a prefeitura vai montar tendas","og_url":"https:\/\/redenoticiaz.com.br\/litoralsp\/2021\/12\/23\/tendas-nas-upas-de-santos-sao-instaladas-para-pacientes-com-sintomas-gripais","og_site_name":"Litoral SP","article_published_time":"2021-12-23T14:52:50+00:00","article_modified_time":"2021-12-23T14:53:17+00:00","og_image":[{"width":984,"height":597,"url":"https:\/\/redenoticiaz.com.br\/litoralsp\/wp-content\/uploads\/sites\/3\/2021\/12\/upa-santos.jpg","type":"image\/jpeg"}],"author":"Leonardo Francisco","twitter_card":"summary_large_image","twitter_misc":{"Escrito por":"Leonardo Francisco","Est. tempo de leitura":"1 minuto"},"schema":{"@context":"https:\/\/schema.org","@graph":[{"@type":"Article","@id":"https:\/\/redenoticiaz.com.br\/litoralsp\/2021\/12\/23\/tendas-nas-upas-de-santos-sao-instaladas-para-pacientes-com-sintomas-gripais#article","isPartOf":{"@id":"https:\/\/redenoticiaz.com.br\/litoralsp\/2021\/12\/23\/tendas-nas-upas-de-santos-sao-instaladas-para-pacientes-com-sintomas-gripais"},"author":{"name":"Leonardo Francisco","@id":"https:\/\/redenoticiaz.com.br\/litoralsp\/#\/schema\/person\/0f0b8a5bdafefe82841e07ae8d81ecb3"},"headline":"Tendas nas UPAs de Santos s\u00e3o instaladas para pacientes com sintomas gripais","datePublished":"2021-12-23T14:52:50+00:00","dateModified":"2021-12-23T14:53:17+00:00","mainEntityOfPage":{"@id":"https:\/\/redenoticiaz.com.br\/litoralsp\/2021\/12\/23\/tendas-nas-upas-de-santos-sao-instaladas-para-pacientes-com-sintomas-gripais"},"wordCount":246,"commentCount":0,"publisher":{"@id":"https:\/\/redenoticiaz.com.br\/litoralsp\/#organization"},"image":{"@id":"https:\/\/redenoticiaz.com.br\/litoralsp\/2021\/12\/23\/tendas-nas-upas-de-santos-sao-instaladas-para-pacientes-com-sintomas-gripais#primaryimage"},"thumbnailUrl":"https:\/\/redenoticiaz.com.br\/litoralsp\/wp-content\/uploads\/sites\/3\/2021\/12\/upa-santos.jpg","keywords":["Santos","saude","SINTOMAS GRIPAIS","tendas","UNIDADES DE PRONTO ATENDIMENTO"],"articleSection":["Santos","Sa\u00fade"],"inLanguage":"pt-BR","potentialAction":[{"@type":"CommentAction","name":"Comment","target":["https:\/\/redenoticiaz.com.br\/litoralsp\/2021\/12\/23\/tendas-nas-upas-de-santos-sao-instaladas-para-pacientes-com-sintomas-gripais#respond"]}]},{"@type":"WebPage","@id":"https:\/\/redenoticiaz.com.br\/litoralsp\/2021\/12\/23\/tendas-nas-upas-de-santos-sao-instaladas-para-pacientes-com-sintomas-gripais","url":"https:\/\/redenoticiaz.com.br\/litoralsp\/2021\/12\/23\/tendas-nas-upas-de-santos-sao-instaladas-para-pacientes-com-sintomas-gripais","name":"Tendas nas UPAs de Santos s\u00e3o instaladas para pacientes com sintomas gripais - Litoral SP","isPartOf":{"@id":"https:\/\/redenoticiaz.com.br\/litoralsp\/#website"},"primaryImageOfPage":{"@id":"https:\/\/redenoticiaz.com.br\/litoralsp\/2021\/12\/23\/tendas-nas-upas-de-santos-sao-instaladas-para-pacientes-com-sintomas-gripais#primaryimage"},"image":{"@id":"https:\/\/redenoticiaz.com.br\/litoralsp\/2021\/12\/23\/tendas-nas-upas-de-santos-sao-instaladas-para-pacientes-com-sintomas-gripais#primaryimage"},"thumbnailUrl":"https:\/\/redenoticiaz.com.br\/litoralsp\/wp-content\/uploads\/sites\/3\/2021\/12\/upa-santos.jpg","datePublished":"2021-12-23T14:52:50+00:00","dateModified":"2021-12-23T14:53:17+00:00","description":"alta de casos de pessoas com sintomas gripais. E para n\u00e3o sobrrecarregar os hospitais do munic\u00edpio, a prefeitura vai montar tendas","inLanguage":"pt-BR","potentialAction":[{"@type":"ReadAction","target":["https:\/\/redenoticiaz.com.br\/litoralsp\/2021\/12\/23\/tendas-nas-upas-de-santos-sao-instaladas-para-pacientes-com-sintomas-gripais"]}]},{"@type":"ImageObject","inLanguage":"pt-BR","@id":"https:\/\/redenoticiaz.com.br\/litoralsp\/2021\/12\/23\/tendas-nas-upas-de-santos-sao-instaladas-para-pacientes-com-sintomas-gripais#primaryimage","url":"https:\/\/redenoticiaz.com.br\/litoralsp\/wp-content\/uploads\/sites\/3\/2021\/12\/upa-santos.jpg","contentUrl":"https:\/\/redenoticiaz.com.br\/litoralsp\/wp-content\/uploads\/sites\/3\/2021\/12\/upa-santos.jpg","width":984,"height":597,"caption":"Cr\u00e9ditos: Divulga\u00e7\u00e3o\/Prefeitura de Santos"},{"@type":"WebSite","@id":"https:\/\/redenoticiaz.com.br\/litoralsp\/#website","url":"https:\/\/redenoticiaz.com.br\/litoralsp\/","name":"Litoral SP","description":"Rede NoticiaZ","publisher":{"@id":"https:\/\/redenoticiaz.com.br\/litoralsp\/#organization"},"potentialAction":[{"@type":"SearchAction","target":{"@type":"EntryPoint","urlTemplate":"https:\/\/redenoticiaz.com.br\/litoralsp\/?s={search_term_string}"},"query-input":{"@type":"PropertyValueSpecification","valueRequired":true,"valueName":"search_term_string"}}],"inLanguage":"pt-BR"},{"@type":"Organization","@id":"https:\/\/redenoticiaz.com.br\/litoralsp\/#organization","name":"Litoral SP","url":"https:\/\/redenoticiaz.com.br\/litoralsp\/","logo":{"@type":"ImageObject","inLanguage":"pt-BR","@id":"https:\/\/redenoticiaz.com.br\/litoralsp\/#\/schema\/logo\/image\/","url":"https:\/\/redenoticiaz.com.br\/litoralsp\/wp-content\/uploads\/sites\/3\/2020\/11\/logo.jpg","contentUrl":"https:\/\/redenoticiaz.com.br\/litoralsp\/wp-content\/uploads\/sites\/3\/2020\/11\/logo.jpg","width":400,"height":250,"caption":"Litoral SP"},"image":{"@id":"https:\/\/redenoticiaz.com.br\/litoralsp\/#\/schema\/logo\/image\/"}},{"@type":"Person","@id":"https:\/\/redenoticiaz.com.br\/litoralsp\/#\/schema\/person\/0f0b8a5bdafefe82841e07ae8d81ecb3","name":"Leonardo Francisco","image":{"@type":"ImageObject","inLanguage":"pt-BR","@id":"https:\/\/secure.gravatar.com\/avatar\/a7358cb406a99b682ec6df1e77e31ae82e63601f6784e8a3df411d72b37864da?s=96&d=mm&r=g","url":"https:\/\/secure.gravatar.com\/avatar\/a7358cb406a99b682ec6df1e77e31ae82e63601f6784e8a3df411d72b37864da?s=96&d=mm&r=g","contentUrl":"https:\/\/secure.gravatar.com\/avatar\/a7358cb406a99b682ec6df1e77e31ae82e63601f6784e8a3df411d72b37864da?s=96&d=mm&r=g","caption":"Leonardo Francisco"},"url":"https:\/\/redenoticiaz.com.br\/litoralsp\/author\/leonardo-francisco"}]}},"_links":{"self":[{"href":"https:\/\/redenoticiaz.com.br\/litoralsp\/wp-json\/wp\/v2\/posts\/20145","targetHints":{"allow":["GET"]}}],"collection":[{"href":"https:\/\/redenoticiaz.com.br\/litoralsp\/wp-json\/wp\/v2\/posts"}],"about":[{"href":"https:\/\/redenoticiaz.com.br\/litoralsp\/wp-json\/wp\/v2\/types\/post"}],"author":[{"embeddable":true,"href":"https:\/\/redenoticiaz.com.br\/litoralsp\/wp-json\/wp\/v2\/users\/6"}],"replies":[{"embeddable":true,"href":"https:\/\/redenoticiaz.com.br\/litoralsp\/wp-json\/wp\/v2\/comments?post=20145"}],"version-history":[{"count":1,"href":"https:\/\/redenoticiaz.com.br\/litoralsp\/wp-json\/wp\/v2\/posts\/20145\/revisions"}],"predecessor-version":[{"id":20147,"href":"https:\/\/redenoticiaz.com.br\/litoralsp\/wp-json\/wp\/v2\/posts\/20145\/revisions\/20147"}],"wp:featuredmedia":[{"embeddable":true,"href":"https:\/\/redenoticiaz.com.br\/litoralsp\/wp-json\/wp\/v2\/media\/20146"}],"wp:attachment":[{"href":"https:\/\/redenoticiaz.com.br\/litoralsp\/wp-json\/wp\/v2\/media?parent=20145"}],"wp:term":[{"taxonomy":"category","embeddable":true,"href":"https:\/\/redenoticiaz.com.br\/litoralsp\/wp-json\/wp\/v2\/categories?post=20145"},{"taxonomy":"post_tag","embeddable":true,"href":"https:\/\/redenoticiaz.com.br\/litoralsp\/wp-json\/wp\/v2\/tags?post=20145"}],"curies":[{"name":"wp","href":"https:\/\/api.w.org\/{rel}","templated":true}]}}