{"id":20201,"date":"2021-12-23T20:42:42","date_gmt":"2021-12-23T23:42:42","guid":{"rendered":"https:\/\/redenoticiaz.com.br\/litoralsp\/?p=20201"},"modified":"2021-12-23T20:43:25","modified_gmt":"2021-12-23T23:43:25","slug":"travessia-entre-santos-e-guaruja-conta-com-mais-uma-balsa","status":"publish","type":"post","link":"https:\/\/redenoticiaz.com.br\/litoralsp\/2021\/12\/23\/travessia-entre-santos-e-guaruja-conta-com-mais-uma-balsa","title":{"rendered":"Travessia entre Santos e Guaruj\u00e1 conta com mais uma balsa"},"content":{"rendered":"<p>A travessia de balsas entre Santos e Guaruj\u00e1 foi refor\u00e7ada com mais uma <strong>balsa<\/strong>. Mas n\u00e3o \u00e9 uma nova embarca\u00e7\u00e3o e sim uma que foi danificada depois que um navio de carga o atingiu. O ve\u00edculo FB-24 passou por reforma e nesta quinta-feira (23) foi feita a entrega e foi rebatizada pelo<a href=\"http:\/\/www.transportes.sp.gov.br\/\"> secret\u00e1rio de Estado de Log\u00edstica e Transportes<\/a>, Jo\u00e3o Octaviano Machado Neto, de Engenheiro Claudio Leite.<\/p>\n<p>Durante entrevista, o secret\u00e1rio falou que a verba foi feita sem verba estadual. Al\u00e9m disso, tamb\u00e9m explicou sobre a entrega da gaveta 3, que tamb\u00e9m foi atingida\u00a0 pelo navio. A expectativa \u00e9 de que em janeiro ela esteja conclu\u00edda.<\/p>\n<p>&#8220;Ela est\u00e1 recuperada e sendo entregue hoje junto com outra embarca\u00e7\u00e3o para que a gente possa operar aqui com nove embarca\u00e7\u00f5es&#8221;. Na ocasi\u00e3o, tamb\u00e9m foi entregue a embarca\u00e7\u00e3o FB-Bacharel.<\/p>\n<div class=\"content-ads content-ads--reveal\" data-block-type=\"ads\" data-block-id=\"4\"><\/div>\n<div class=\"mc-column content-text active-extra-styles \" data-block-type=\"unstyled\" data-block-weight=\"46\" data-block-id=\"5\">\n<p class=\"content-text__container \" data-track-category=\"Link no Texto\" data-track-links=\"\">A FB-24 tem capacidade para 60 carros e a FB-Bacharel para 12 ve\u00edculos. S\u00f3 que esta \u00faltima ser\u00e1 destinada a travessia de Guaruj\u00e1-Bertioga. A atual embarca\u00e7\u00e3o que est\u00e1 em Bertioga, a FB-15, tem capacidade para 24 ve\u00edculos e em breve ser\u00e1 utilizada na travessia de Santos-Guaruj\u00e1.<\/p>\n<div class=\"mc-column content-text active-extra-styles \" data-block-type=\"unstyled\" data-block-weight=\"80\" data-block-id=\"7\">\n<p class=\"content-text__container \" data-track-category=\"Link no Texto\" data-track-links=\"\">&#8220;Vamos ter uma troca de embarca\u00e7\u00f5es para que a gente tenha maior capacidade nesse sistema. \u00c9 uma determina\u00e7\u00e3o do governador Jo\u00e3o Doria (PSDB) para que a gente d\u00ea maior capacidade a todo sistema de balsas durante a Opera\u00e7\u00e3o Ver\u00e3o. A entrega desta balsa \u00e9 muito importante para o sistema de travessias, sobretudo nesta \u00e9poca de final do ano e in\u00edcio da temporada das f\u00e9rias de ver\u00e3o. Vamos dar agilidade, conforto e seguran\u00e7a para os passageiros\u201d, afirmou o secret\u00e1rio.<\/p>\n<\/div>\n<div class=\"content-ads content-ads--reveal\" data-block-type=\"ads\" data-block-id=\"8\"><\/div>\n<div class=\"mc-column content-text active-extra-styles\" data-block-type=\"raw\" data-block-weight=\"2\" data-block-id=\"9\">\n<div class=\"content-intertitle\">\n<h2>Atracadouro<\/h2>\n<\/div>\n<\/div>\n<div class=\"mc-column content-text active-extra-styles \" data-block-type=\"unstyled\" data-block-weight=\"34\" data-block-id=\"10\">\n<p class=\"content-text__container \" data-track-category=\"Link no Texto\" data-track-links=\"\">No come\u00e7o de\u00a0 dezembro, o secret\u00e1rio Jo\u00e3o Octaviano, entregou um atracadouro\u00a0na travessia entre Santos e Guaruj\u00e1, no litoral de S\u00e3o Paulo. A estrutura tamb\u00e9m foi danificada no acidente envolvendo o navio de carga.<\/p>\n<\/div>\n<div class=\"mc-column content-text active-extra-styles \" data-block-type=\"unstyled\" data-block-weight=\"26\" data-block-id=\"11\">\n<p class=\"content-text__container \" data-track-category=\"Link no Texto\" data-track-links=\"\">As obras est\u00e3o sendo realizadas sem recursos p\u00fablicos e foram contratadas pela empresa respons\u00e1vel pelo navio, que danificou as plataformas de embarque em junho deste ano.<\/p>\n<\/div>\n<div class=\"mc-column content-text active-extra-styles \" data-block-type=\"unstyled\" data-block-weight=\"45\" data-block-id=\"12\">\n<p class=\"content-text__container \" data-track-category=\"Link no Texto\" data-track-links=\"\">O acidente aconteceu no terminal de travessia de balsas, em Guaruj\u00e1, no dia 20 de junho. O navio Cap San Antonio estava carregado com cont\u00eaineres no momento do acidente. A embarca\u00e7\u00e3o estava no Porto de Santos e tinha como destino o porto de Paranagu\u00e1 (PR).<\/p>\n<\/div>\n<div class=\"mc-column content-text active-extra-styles \" data-block-type=\"unstyled\" data-block-weight=\"41\" data-block-id=\"13\">\n<p class=\"content-text__container \" data-track-category=\"Link no Texto\" data-track-links=\"\">O navio atingiu uma\u00a0gaveta de atraca\u00e7\u00e3o de ve\u00edculos, uma balsa e o p\u00eder de acesso de pedestres e ciclistas \u00e0 balsa. A responsabilidade pela apura\u00e7\u00e3o do acidente est\u00e1 a cargo da Marinha do Brasil, por meio da Capitania dos Portos.<\/p>\n<p data-track-category=\"Link no Texto\" data-track-links=\"\"><strong>LEIA TAMB\u00c9M<\/strong><\/p>\n<p data-track-category=\"Link no Texto\" data-track-links=\"\"><a href=\"https:\/\/redenoticiaz.com.br\/litoralsp\/2021\/12\/01\/atracadouro-da-travessia-de-balsas-entre-guaruja-e-santos-e-entregue\">Atracadouro da travessia de balsas entre Guaruj\u00e1 e Santos \u00e9 entregue<\/a><\/p>\n<\/div>\n<\/div>\n","protected":false},"excerpt":{"rendered":"<p>A travessia de balsas entre Santos e Guaruj\u00e1 foi refor\u00e7ada com mais uma balsa. Mas n\u00e3o \u00e9 uma nova embarca\u00e7\u00e3o e sim uma que foi danificada depois que um navio de carga o atingiu. O ve\u00edculo FB-24 passou por reforma e nesta quinta-feira (23) foi feita a entrega e foi rebatizada pelo secret\u00e1rio de Estado &hellip;<\/p>\n","protected":false},"author":6,"featured_media":20202,"comment_status":"open","ping_status":"closed","sticky":false,"template":"","format":"standard","meta":{"footnotes":""},"categories":[187,180,88],"tags":[25909,45419,1006,986,35496,2831],"class_list":["post-20201","post","type-post","status-publish","format-standard","has-post-thumbnail","hentry","category-guaruja","category-santos","category-transportes","tag-balsa","tag-balsa-reformada","tag-guaruja","tag-santos","tag-secretaria-de-logistica-e-transportes","tag-travessia-de-balsas"],"yoast_head":"<!-- This site is optimized with the Yoast SEO plugin v27.4 - https:\/\/yoast.com\/product\/yoast-seo-wordpress\/ -->\n<title>Travessia entre Santos e Guaruj\u00e1 conta com mais uma balsa - Litoral SP<\/title>\n<meta name=\"description\" content=\"A travessia de balsas entre Santos e Guaruj\u00e1 foi refor\u00e7ada com mais uma balsa. Mas n\u00e3o \u00e9 uma nova embarca\u00e7\u00e3o e sim uma\" \/>\n<meta name=\"robots\" content=\"index, follow, max-snippet:-1, max-image-preview:large, max-video-preview:-1\" \/>\n<link rel=\"canonical\" href=\"https:\/\/redenoticiaz.com.br\/litoralsp\/2021\/12\/23\/travessia-entre-santos-e-guaruja-conta-com-mais-uma-balsa\" \/>\n<meta property=\"og:locale\" content=\"pt_BR\" \/>\n<meta property=\"og:type\" content=\"article\" \/>\n<meta property=\"og:title\" content=\"Travessia entre Santos e Guaruj\u00e1 conta com mais uma balsa - Litoral SP\" \/>\n<meta property=\"og:description\" content=\"A travessia de balsas entre Santos e Guaruj\u00e1 foi refor\u00e7ada com mais uma balsa. Mas n\u00e3o \u00e9 uma nova embarca\u00e7\u00e3o e sim uma\" \/>\n<meta property=\"og:url\" content=\"https:\/\/redenoticiaz.com.br\/litoralsp\/2021\/12\/23\/travessia-entre-santos-e-guaruja-conta-com-mais-uma-balsa\" \/>\n<meta property=\"og:site_name\" content=\"Litoral SP\" \/>\n<meta property=\"article:published_time\" content=\"2021-12-23T23:42:42+00:00\" \/>\n<meta property=\"article:modified_time\" content=\"2021-12-23T23:43:25+00:00\" \/>\n<meta property=\"og:image\" content=\"https:\/\/redenoticiaz.com.br\/litoralsp\/wp-content\/uploads\/sites\/3\/2021\/12\/balsa-fb-24.jpeg\" \/>\n\t<meta property=\"og:image:width\" content=\"984\" \/>\n\t<meta property=\"og:image:height\" content=\"738\" \/>\n\t<meta property=\"og:image:type\" content=\"image\/jpeg\" \/>\n<meta name=\"author\" content=\"Leonardo Francisco\" \/>\n<meta name=\"twitter:card\" content=\"summary_large_image\" \/>\n<meta name=\"twitter:label1\" content=\"Escrito por\" \/>\n\t<meta name=\"twitter:data1\" content=\"Leonardo Francisco\" \/>\n\t<meta name=\"twitter:label2\" content=\"Est. tempo de leitura\" \/>\n\t<meta name=\"twitter:data2\" content=\"2 minutos\" \/>\n<script type=\"application\/ld+json\" class=\"yoast-schema-graph\">{\"@context\":\"https:\\\/\\\/schema.org\",\"@graph\":[{\"@type\":\"Article\",\"@id\":\"https:\\\/\\\/redenoticiaz.com.br\\\/litoralsp\\\/2021\\\/12\\\/23\\\/travessia-entre-santos-e-guaruja-conta-com-mais-uma-balsa#article\",\"isPartOf\":{\"@id\":\"https:\\\/\\\/redenoticiaz.com.br\\\/litoralsp\\\/2021\\\/12\\\/23\\\/travessia-entre-santos-e-guaruja-conta-com-mais-uma-balsa\"},\"author\":{\"name\":\"Leonardo Francisco\",\"@id\":\"https:\\\/\\\/redenoticiaz.com.br\\\/litoralsp\\\/#\\\/schema\\\/person\\\/0f0b8a5bdafefe82841e07ae8d81ecb3\"},\"headline\":\"Travessia entre Santos e Guaruj\u00e1 conta com mais uma balsa\",\"datePublished\":\"2021-12-23T23:42:42+00:00\",\"dateModified\":\"2021-12-23T23:43:25+00:00\",\"mainEntityOfPage\":{\"@id\":\"https:\\\/\\\/redenoticiaz.com.br\\\/litoralsp\\\/2021\\\/12\\\/23\\\/travessia-entre-santos-e-guaruja-conta-com-mais-uma-balsa\"},\"wordCount\":463,\"commentCount\":0,\"publisher\":{\"@id\":\"https:\\\/\\\/redenoticiaz.com.br\\\/litoralsp\\\/#organization\"},\"image\":{\"@id\":\"https:\\\/\\\/redenoticiaz.com.br\\\/litoralsp\\\/2021\\\/12\\\/23\\\/travessia-entre-santos-e-guaruja-conta-com-mais-uma-balsa#primaryimage\"},\"thumbnailUrl\":\"https:\\\/\\\/redenoticiaz.com.br\\\/litoralsp\\\/wp-content\\\/uploads\\\/sites\\\/3\\\/2021\\\/12\\\/balsa-fb-24.jpeg\",\"keywords\":[\"BALSA\",\"BALSA REFORMADA\",\"GUARUJ\u00c1\",\"Santos\",\"SECRETARIA DE LOG\u00cdSTICA E TRANSPORTES\",\"TRAVESSIA DE BALSAS\"],\"articleSection\":[\"Guaruj\u00e1\",\"Santos\",\"Transportes\"],\"inLanguage\":\"pt-BR\",\"potentialAction\":[{\"@type\":\"CommentAction\",\"name\":\"Comment\",\"target\":[\"https:\\\/\\\/redenoticiaz.com.br\\\/litoralsp\\\/2021\\\/12\\\/23\\\/travessia-entre-santos-e-guaruja-conta-com-mais-uma-balsa#respond\"]}]},{\"@type\":\"WebPage\",\"@id\":\"https:\\\/\\\/redenoticiaz.com.br\\\/litoralsp\\\/2021\\\/12\\\/23\\\/travessia-entre-santos-e-guaruja-conta-com-mais-uma-balsa\",\"url\":\"https:\\\/\\\/redenoticiaz.com.br\\\/litoralsp\\\/2021\\\/12\\\/23\\\/travessia-entre-santos-e-guaruja-conta-com-mais-uma-balsa\",\"name\":\"Travessia entre Santos e Guaruj\u00e1 conta com mais uma balsa - Litoral SP\",\"isPartOf\":{\"@id\":\"https:\\\/\\\/redenoticiaz.com.br\\\/litoralsp\\\/#website\"},\"primaryImageOfPage\":{\"@id\":\"https:\\\/\\\/redenoticiaz.com.br\\\/litoralsp\\\/2021\\\/12\\\/23\\\/travessia-entre-santos-e-guaruja-conta-com-mais-uma-balsa#primaryimage\"},\"image\":{\"@id\":\"https:\\\/\\\/redenoticiaz.com.br\\\/litoralsp\\\/2021\\\/12\\\/23\\\/travessia-entre-santos-e-guaruja-conta-com-mais-uma-balsa#primaryimage\"},\"thumbnailUrl\":\"https:\\\/\\\/redenoticiaz.com.br\\\/litoralsp\\\/wp-content\\\/uploads\\\/sites\\\/3\\\/2021\\\/12\\\/balsa-fb-24.jpeg\",\"datePublished\":\"2021-12-23T23:42:42+00:00\",\"dateModified\":\"2021-12-23T23:43:25+00:00\",\"description\":\"A travessia de balsas entre Santos e Guaruj\u00e1 foi refor\u00e7ada com mais uma balsa. Mas n\u00e3o \u00e9 uma nova embarca\u00e7\u00e3o e sim uma\",\"inLanguage\":\"pt-BR\",\"potentialAction\":[{\"@type\":\"ReadAction\",\"target\":[\"https:\\\/\\\/redenoticiaz.com.br\\\/litoralsp\\\/2021\\\/12\\\/23\\\/travessia-entre-santos-e-guaruja-conta-com-mais-uma-balsa\"]}]},{\"@type\":\"ImageObject\",\"inLanguage\":\"pt-BR\",\"@id\":\"https:\\\/\\\/redenoticiaz.com.br\\\/litoralsp\\\/2021\\\/12\\\/23\\\/travessia-entre-santos-e-guaruja-conta-com-mais-uma-balsa#primaryimage\",\"url\":\"https:\\\/\\\/redenoticiaz.com.br\\\/litoralsp\\\/wp-content\\\/uploads\\\/sites\\\/3\\\/2021\\\/12\\\/balsa-fb-24.jpeg\",\"contentUrl\":\"https:\\\/\\\/redenoticiaz.com.br\\\/litoralsp\\\/wp-content\\\/uploads\\\/sites\\\/3\\\/2021\\\/12\\\/balsa-fb-24.jpeg\",\"width\":984,\"height\":738,\"caption\":\"Balsa ir\u00e1 atnder a alta demanda de ve\u00edculos que se deslocam entre as cidades. Cr\u00e9ditos: Divulga\u00e7\u00e3o\"},{\"@type\":\"WebSite\",\"@id\":\"https:\\\/\\\/redenoticiaz.com.br\\\/litoralsp\\\/#website\",\"url\":\"https:\\\/\\\/redenoticiaz.com.br\\\/litoralsp\\\/\",\"name\":\"Litoral SP\",\"description\":\"Rede NoticiaZ\",\"publisher\":{\"@id\":\"https:\\\/\\\/redenoticiaz.com.br\\\/litoralsp\\\/#organization\"},\"potentialAction\":[{\"@type\":\"SearchAction\",\"target\":{\"@type\":\"EntryPoint\",\"urlTemplate\":\"https:\\\/\\\/redenoticiaz.com.br\\\/litoralsp\\\/?s={search_term_string}\"},\"query-input\":{\"@type\":\"PropertyValueSpecification\",\"valueRequired\":true,\"valueName\":\"search_term_string\"}}],\"inLanguage\":\"pt-BR\"},{\"@type\":\"Organization\",\"@id\":\"https:\\\/\\\/redenoticiaz.com.br\\\/litoralsp\\\/#organization\",\"name\":\"Litoral SP\",\"url\":\"https:\\\/\\\/redenoticiaz.com.br\\\/litoralsp\\\/\",\"logo\":{\"@type\":\"ImageObject\",\"inLanguage\":\"pt-BR\",\"@id\":\"https:\\\/\\\/redenoticiaz.com.br\\\/litoralsp\\\/#\\\/schema\\\/logo\\\/image\\\/\",\"url\":\"https:\\\/\\\/redenoticiaz.com.br\\\/litoralsp\\\/wp-content\\\/uploads\\\/sites\\\/3\\\/2020\\\/11\\\/logo.jpg\",\"contentUrl\":\"https:\\\/\\\/redenoticiaz.com.br\\\/litoralsp\\\/wp-content\\\/uploads\\\/sites\\\/3\\\/2020\\\/11\\\/logo.jpg\",\"width\":400,\"height\":250,\"caption\":\"Litoral SP\"},\"image\":{\"@id\":\"https:\\\/\\\/redenoticiaz.com.br\\\/litoralsp\\\/#\\\/schema\\\/logo\\\/image\\\/\"}},{\"@type\":\"Person\",\"@id\":\"https:\\\/\\\/redenoticiaz.com.br\\\/litoralsp\\\/#\\\/schema\\\/person\\\/0f0b8a5bdafefe82841e07ae8d81ecb3\",\"name\":\"Leonardo Francisco\",\"image\":{\"@type\":\"ImageObject\",\"inLanguage\":\"pt-BR\",\"@id\":\"https:\\\/\\\/secure.gravatar.com\\\/avatar\\\/a7358cb406a99b682ec6df1e77e31ae82e63601f6784e8a3df411d72b37864da?s=96&d=mm&r=g\",\"url\":\"https:\\\/\\\/secure.gravatar.com\\\/avatar\\\/a7358cb406a99b682ec6df1e77e31ae82e63601f6784e8a3df411d72b37864da?s=96&d=mm&r=g\",\"contentUrl\":\"https:\\\/\\\/secure.gravatar.com\\\/avatar\\\/a7358cb406a99b682ec6df1e77e31ae82e63601f6784e8a3df411d72b37864da?s=96&d=mm&r=g\",\"caption\":\"Leonardo Francisco\"},\"url\":\"https:\\\/\\\/redenoticiaz.com.br\\\/litoralsp\\\/author\\\/leonardo-francisco\"}]}<\/script>\n<!-- \/ Yoast SEO plugin. -->","yoast_head_json":{"title":"Travessia entre Santos e Guaruj\u00e1 conta com mais uma balsa - Litoral SP","description":"A travessia de balsas entre Santos e Guaruj\u00e1 foi refor\u00e7ada com mais uma balsa. Mas n\u00e3o \u00e9 uma nova embarca\u00e7\u00e3o e sim uma","robots":{"index":"index","follow":"follow","max-snippet":"max-snippet:-1","max-image-preview":"max-image-preview:large","max-video-preview":"max-video-preview:-1"},"canonical":"https:\/\/redenoticiaz.com.br\/litoralsp\/2021\/12\/23\/travessia-entre-santos-e-guaruja-conta-com-mais-uma-balsa","og_locale":"pt_BR","og_type":"article","og_title":"Travessia entre Santos e Guaruj\u00e1 conta com mais uma balsa - Litoral SP","og_description":"A travessia de balsas entre Santos e Guaruj\u00e1 foi refor\u00e7ada com mais uma balsa. Mas n\u00e3o \u00e9 uma nova embarca\u00e7\u00e3o e sim uma","og_url":"https:\/\/redenoticiaz.com.br\/litoralsp\/2021\/12\/23\/travessia-entre-santos-e-guaruja-conta-com-mais-uma-balsa","og_site_name":"Litoral SP","article_published_time":"2021-12-23T23:42:42+00:00","article_modified_time":"2021-12-23T23:43:25+00:00","og_image":[{"width":984,"height":738,"url":"https:\/\/redenoticiaz.com.br\/litoralsp\/wp-content\/uploads\/sites\/3\/2021\/12\/balsa-fb-24.jpeg","type":"image\/jpeg"}],"author":"Leonardo Francisco","twitter_card":"summary_large_image","twitter_misc":{"Escrito por":"Leonardo Francisco","Est. tempo de leitura":"2 minutos"},"schema":{"@context":"https:\/\/schema.org","@graph":[{"@type":"Article","@id":"https:\/\/redenoticiaz.com.br\/litoralsp\/2021\/12\/23\/travessia-entre-santos-e-guaruja-conta-com-mais-uma-balsa#article","isPartOf":{"@id":"https:\/\/redenoticiaz.com.br\/litoralsp\/2021\/12\/23\/travessia-entre-santos-e-guaruja-conta-com-mais-uma-balsa"},"author":{"name":"Leonardo Francisco","@id":"https:\/\/redenoticiaz.com.br\/litoralsp\/#\/schema\/person\/0f0b8a5bdafefe82841e07ae8d81ecb3"},"headline":"Travessia entre Santos e Guaruj\u00e1 conta com mais uma balsa","datePublished":"2021-12-23T23:42:42+00:00","dateModified":"2021-12-23T23:43:25+00:00","mainEntityOfPage":{"@id":"https:\/\/redenoticiaz.com.br\/litoralsp\/2021\/12\/23\/travessia-entre-santos-e-guaruja-conta-com-mais-uma-balsa"},"wordCount":463,"commentCount":0,"publisher":{"@id":"https:\/\/redenoticiaz.com.br\/litoralsp\/#organization"},"image":{"@id":"https:\/\/redenoticiaz.com.br\/litoralsp\/2021\/12\/23\/travessia-entre-santos-e-guaruja-conta-com-mais-uma-balsa#primaryimage"},"thumbnailUrl":"https:\/\/redenoticiaz.com.br\/litoralsp\/wp-content\/uploads\/sites\/3\/2021\/12\/balsa-fb-24.jpeg","keywords":["BALSA","BALSA REFORMADA","GUARUJ\u00c1","Santos","SECRETARIA DE LOG\u00cdSTICA E TRANSPORTES","TRAVESSIA DE BALSAS"],"articleSection":["Guaruj\u00e1","Santos","Transportes"],"inLanguage":"pt-BR","potentialAction":[{"@type":"CommentAction","name":"Comment","target":["https:\/\/redenoticiaz.com.br\/litoralsp\/2021\/12\/23\/travessia-entre-santos-e-guaruja-conta-com-mais-uma-balsa#respond"]}]},{"@type":"WebPage","@id":"https:\/\/redenoticiaz.com.br\/litoralsp\/2021\/12\/23\/travessia-entre-santos-e-guaruja-conta-com-mais-uma-balsa","url":"https:\/\/redenoticiaz.com.br\/litoralsp\/2021\/12\/23\/travessia-entre-santos-e-guaruja-conta-com-mais-uma-balsa","name":"Travessia entre Santos e Guaruj\u00e1 conta com mais uma balsa - Litoral SP","isPartOf":{"@id":"https:\/\/redenoticiaz.com.br\/litoralsp\/#website"},"primaryImageOfPage":{"@id":"https:\/\/redenoticiaz.com.br\/litoralsp\/2021\/12\/23\/travessia-entre-santos-e-guaruja-conta-com-mais-uma-balsa#primaryimage"},"image":{"@id":"https:\/\/redenoticiaz.com.br\/litoralsp\/2021\/12\/23\/travessia-entre-santos-e-guaruja-conta-com-mais-uma-balsa#primaryimage"},"thumbnailUrl":"https:\/\/redenoticiaz.com.br\/litoralsp\/wp-content\/uploads\/sites\/3\/2021\/12\/balsa-fb-24.jpeg","datePublished":"2021-12-23T23:42:42+00:00","dateModified":"2021-12-23T23:43:25+00:00","description":"A travessia de balsas entre Santos e Guaruj\u00e1 foi refor\u00e7ada com mais uma balsa. Mas n\u00e3o \u00e9 uma nova embarca\u00e7\u00e3o e sim uma","inLanguage":"pt-BR","potentialAction":[{"@type":"ReadAction","target":["https:\/\/redenoticiaz.com.br\/litoralsp\/2021\/12\/23\/travessia-entre-santos-e-guaruja-conta-com-mais-uma-balsa"]}]},{"@type":"ImageObject","inLanguage":"pt-BR","@id":"https:\/\/redenoticiaz.com.br\/litoralsp\/2021\/12\/23\/travessia-entre-santos-e-guaruja-conta-com-mais-uma-balsa#primaryimage","url":"https:\/\/redenoticiaz.com.br\/litoralsp\/wp-content\/uploads\/sites\/3\/2021\/12\/balsa-fb-24.jpeg","contentUrl":"https:\/\/redenoticiaz.com.br\/litoralsp\/wp-content\/uploads\/sites\/3\/2021\/12\/balsa-fb-24.jpeg","width":984,"height":738,"caption":"Balsa ir\u00e1 atnder a alta demanda de ve\u00edculos que se deslocam entre as cidades. Cr\u00e9ditos: Divulga\u00e7\u00e3o"},{"@type":"WebSite","@id":"https:\/\/redenoticiaz.com.br\/litoralsp\/#website","url":"https:\/\/redenoticiaz.com.br\/litoralsp\/","name":"Litoral SP","description":"Rede NoticiaZ","publisher":{"@id":"https:\/\/redenoticiaz.com.br\/litoralsp\/#organization"},"potentialAction":[{"@type":"SearchAction","target":{"@type":"EntryPoint","urlTemplate":"https:\/\/redenoticiaz.com.br\/litoralsp\/?s={search_term_string}"},"query-input":{"@type":"PropertyValueSpecification","valueRequired":true,"valueName":"search_term_string"}}],"inLanguage":"pt-BR"},{"@type":"Organization","@id":"https:\/\/redenoticiaz.com.br\/litoralsp\/#organization","name":"Litoral SP","url":"https:\/\/redenoticiaz.com.br\/litoralsp\/","logo":{"@type":"ImageObject","inLanguage":"pt-BR","@id":"https:\/\/redenoticiaz.com.br\/litoralsp\/#\/schema\/logo\/image\/","url":"https:\/\/redenoticiaz.com.br\/litoralsp\/wp-content\/uploads\/sites\/3\/2020\/11\/logo.jpg","contentUrl":"https:\/\/redenoticiaz.com.br\/litoralsp\/wp-content\/uploads\/sites\/3\/2020\/11\/logo.jpg","width":400,"height":250,"caption":"Litoral SP"},"image":{"@id":"https:\/\/redenoticiaz.com.br\/litoralsp\/#\/schema\/logo\/image\/"}},{"@type":"Person","@id":"https:\/\/redenoticiaz.com.br\/litoralsp\/#\/schema\/person\/0f0b8a5bdafefe82841e07ae8d81ecb3","name":"Leonardo Francisco","image":{"@type":"ImageObject","inLanguage":"pt-BR","@id":"https:\/\/secure.gravatar.com\/avatar\/a7358cb406a99b682ec6df1e77e31ae82e63601f6784e8a3df411d72b37864da?s=96&d=mm&r=g","url":"https:\/\/secure.gravatar.com\/avatar\/a7358cb406a99b682ec6df1e77e31ae82e63601f6784e8a3df411d72b37864da?s=96&d=mm&r=g","contentUrl":"https:\/\/secure.gravatar.com\/avatar\/a7358cb406a99b682ec6df1e77e31ae82e63601f6784e8a3df411d72b37864da?s=96&d=mm&r=g","caption":"Leonardo Francisco"},"url":"https:\/\/redenoticiaz.com.br\/litoralsp\/author\/leonardo-francisco"}]}},"_links":{"self":[{"href":"https:\/\/redenoticiaz.com.br\/litoralsp\/wp-json\/wp\/v2\/posts\/20201","targetHints":{"allow":["GET"]}}],"collection":[{"href":"https:\/\/redenoticiaz.com.br\/litoralsp\/wp-json\/wp\/v2\/posts"}],"about":[{"href":"https:\/\/redenoticiaz.com.br\/litoralsp\/wp-json\/wp\/v2\/types\/post"}],"author":[{"embeddable":true,"href":"https:\/\/redenoticiaz.com.br\/litoralsp\/wp-json\/wp\/v2\/users\/6"}],"replies":[{"embeddable":true,"href":"https:\/\/redenoticiaz.com.br\/litoralsp\/wp-json\/wp\/v2\/comments?post=20201"}],"version-history":[{"count":1,"href":"https:\/\/redenoticiaz.com.br\/litoralsp\/wp-json\/wp\/v2\/posts\/20201\/revisions"}],"predecessor-version":[{"id":20203,"href":"https:\/\/redenoticiaz.com.br\/litoralsp\/wp-json\/wp\/v2\/posts\/20201\/revisions\/20203"}],"wp:featuredmedia":[{"embeddable":true,"href":"https:\/\/redenoticiaz.com.br\/litoralsp\/wp-json\/wp\/v2\/media\/20202"}],"wp:attachment":[{"href":"https:\/\/redenoticiaz.com.br\/litoralsp\/wp-json\/wp\/v2\/media?parent=20201"}],"wp:term":[{"taxonomy":"category","embeddable":true,"href":"https:\/\/redenoticiaz.com.br\/litoralsp\/wp-json\/wp\/v2\/categories?post=20201"},{"taxonomy":"post_tag","embeddable":true,"href":"https:\/\/redenoticiaz.com.br\/litoralsp\/wp-json\/wp\/v2\/tags?post=20201"}],"curies":[{"name":"wp","href":"https:\/\/api.w.org\/{rel}","templated":true}]}}