{"id":20207,"date":"2021-12-24T09:43:57","date_gmt":"2021-12-24T12:43:57","guid":{"rendered":"https:\/\/redenoticiaz.com.br\/litoralsp\/?p=20207"},"modified":"2021-12-24T09:43:57","modified_gmt":"2021-12-24T12:43:57","slug":"confira-o-esquema-especial-de-atendimento-da-saude-de-praia-grande","status":"publish","type":"post","link":"https:\/\/redenoticiaz.com.br\/litoralsp\/2021\/12\/24\/confira-o-esquema-especial-de-atendimento-da-saude-de-praia-grande","title":{"rendered":"Confira o esquema especial de atendimento da Sa\u00fade de Praia Grande"},"content":{"rendered":"<p>A <a href=\"https:\/\/www.praiagrande.sp.gov.br\/HomePortal-.asp?cd_pagina=71\">Prefeitura de Praia Grande<\/a>, por meio da Secretaria de Sa\u00fade, informa que ter\u00e1 um <strong>esquema especial de atendimento<\/strong> durante o feriado prolongado de Natal. Os tr\u00eas prontos-socorros da Cidade atendem 24 horas por dia. S\u00e3o eles: UPA Samambaia, PS Quietude e Porta de Entrada do Hospital Irm\u00e3 Dulce. O Pronto Atendimento para S\u00edndromes Gripais, que est\u00e1 instalado no Gin\u00e1sio Rodrig\u00e3o tamb\u00e9m seguir\u00e1 em funcionamento 24 horas durante todo o feriado.<\/p>\n<p>As Unidades de Sa\u00fade da Fam\u00edlia permanecem fechadas durante todo o feriado, retornando \u00e0s atividades normais na segunda (27). J\u00e1 a vacina\u00e7\u00e3o contra a covid-19 acontece no Gin\u00e1sio Rodrig\u00e3o das 9h \u00e0s 15h, na sexta (24), e no domingo (26), j\u00e1 no dia 25, a unidade permanecer\u00e1 fechada.<\/p>\n<p>A Central de Atendimento Acolhe PG, onde um dos principais servi\u00e7os \u00e9 o atendimento e monitoramento de pessoas com sintomas de covid-19, funcionar\u00e1 da seguinte forma: sexta-feira (24): das 8 \u00e0s 12h, s\u00e1bado (25) fechado, domingo (26), das 8h \u00e0s 17h.<\/p>\n<p>Acolhe PG \u2013 O Acolhe PG \u00e9 um servi\u00e7o telef\u00f4nico que disponibiliza para a popula\u00e7\u00e3o acesso a profissionais qualificados que v\u00e3o prestar esclarecimentos al\u00e9m de orientar sobre os servi\u00e7os de sa\u00fade ofertados pela rede de Aten\u00e7\u00e3o \u00e0 Sa\u00fade Municipal e tamb\u00e9m orienta pessoas que est\u00e3o com sintomas de covid-19. Os n\u00fameros para atendimento s\u00e3o: 162 e 3496-2281.<\/p>\n<h3>Veja o endere\u00e7o das unidades de pronto-atendimento que funcionam 24 horas:<\/h3>\n<p>&#8211; Porta de Entrada Hospital Irm\u00e3 Dulce<br \/>\nRua Mihailo Lucki Michel, s\/n\u00ba, Boqueir\u00e3o (ao lado do Hospital Irm\u00e3 Dulce)<\/p>\n<p>&#8211; PS Quietude<br \/>\nAvenida Ministro Marcos Freire, s\/n\u00ba Bairro Quietude<\/p>\n<p>&#8211; UPA Samambaia<br \/>\nAvenida Corretor de Im\u00f3veis, s\/n\u00ba, Bairro Samambaia<\/p>\n<p>&#8211; Pronto Atendimento para S\u00edndromes Gripais<br \/>\nAvenida Presidente Kennedy, sem n\u00famero Bairro Mirim \u2013 Gin\u00e1sio Falc\u00e3o.<\/p>\n<p><strong>LEIA TAMB\u00c9M<\/strong><\/p>\n<p><a href=\"https:\/\/redenoticiaz.com.br\/litoralsp\/2021\/12\/23\/tendas-nas-upas-de-santos-sao-instaladas-para-pacientes-com-sintomas-gripais\">Tendas nas UPAs de Santos s\u00e3o instaladas para pacientes com sintomas gripais<\/a><\/p>\n","protected":false},"excerpt":{"rendered":"<p>A Prefeitura de Praia Grande, por meio da Secretaria de Sa\u00fade, informa que ter\u00e1 um esquema especial de atendimento durante o feriado prolongado de Natal. Os tr\u00eas prontos-socorros da Cidade atendem 24 horas por dia. S\u00e3o eles: UPA Samambaia, PS Quietude e Porta de Entrada do Hospital Irm\u00e3 Dulce. O Pronto Atendimento para S\u00edndromes Gripais, &hellip;<\/p>\n","protected":false},"author":6,"featured_media":20208,"comment_status":"open","ping_status":"closed","sticky":false,"template":"","format":"standard","meta":{"footnotes":""},"categories":[182,23],"tags":[45444,101,1101,96],"class_list":["post-20207","post","type-post","status-publish","format-standard","has-post-thumbnail","hentry","category-praia-grande","category-saude","tag-atendimento-especial","tag-natal","tag-praia-grande","tag-saude"],"yoast_head":"<!-- This site is optimized with the Yoast SEO plugin v27.5 - https:\/\/yoast.com\/product\/yoast-seo-wordpress\/ -->\n<title>Confira o esquema especial de atendimento da Sa\u00fade de Praia Grande - Litoral SP<\/title>\n<meta name=\"description\" content=\"A Prefeitura de Praia Grande, por meio da Secretaria de Sa\u00fade, informa que ter\u00e1 um esquema especial de atendimento durante o feriado\" \/>\n<meta name=\"robots\" content=\"index, follow, max-snippet:-1, max-image-preview:large, max-video-preview:-1\" \/>\n<link rel=\"canonical\" href=\"https:\/\/redenoticiaz.com.br\/litoralsp\/2021\/12\/24\/confira-o-esquema-especial-de-atendimento-da-saude-de-praia-grande\" \/>\n<meta property=\"og:locale\" content=\"pt_BR\" \/>\n<meta property=\"og:type\" content=\"article\" \/>\n<meta property=\"og:title\" content=\"Confira o esquema especial de atendimento da Sa\u00fade de Praia Grande - Litoral SP\" \/>\n<meta property=\"og:description\" content=\"A Prefeitura de Praia Grande, por meio da Secretaria de Sa\u00fade, informa que ter\u00e1 um esquema especial de atendimento durante o feriado\" \/>\n<meta property=\"og:url\" content=\"https:\/\/redenoticiaz.com.br\/litoralsp\/2021\/12\/24\/confira-o-esquema-especial-de-atendimento-da-saude-de-praia-grande\" \/>\n<meta property=\"og:site_name\" content=\"Litoral SP\" \/>\n<meta property=\"article:published_time\" content=\"2021-12-24T12:43:57+00:00\" \/>\n<meta property=\"og:image\" content=\"https:\/\/redenoticiaz.com.br\/litoralsp\/wp-content\/uploads\/sites\/3\/2021\/12\/54875.jpg\" \/>\n\t<meta property=\"og:image:width\" content=\"525\" \/>\n\t<meta property=\"og:image:height\" content=\"350\" \/>\n\t<meta property=\"og:image:type\" content=\"image\/jpeg\" \/>\n<meta name=\"author\" content=\"Leonardo Francisco\" \/>\n<meta name=\"twitter:card\" content=\"summary_large_image\" \/>\n<meta name=\"twitter:label1\" content=\"Escrito por\" \/>\n\t<meta name=\"twitter:data1\" content=\"Leonardo Francisco\" \/>\n\t<meta name=\"twitter:label2\" content=\"Est. tempo de leitura\" \/>\n\t<meta name=\"twitter:data2\" content=\"2 minutos\" \/>\n<script type=\"application\/ld+json\" class=\"yoast-schema-graph\">{\"@context\":\"https:\\\/\\\/schema.org\",\"@graph\":[{\"@type\":\"Article\",\"@id\":\"https:\\\/\\\/redenoticiaz.com.br\\\/litoralsp\\\/2021\\\/12\\\/24\\\/confira-o-esquema-especial-de-atendimento-da-saude-de-praia-grande#article\",\"isPartOf\":{\"@id\":\"https:\\\/\\\/redenoticiaz.com.br\\\/litoralsp\\\/2021\\\/12\\\/24\\\/confira-o-esquema-especial-de-atendimento-da-saude-de-praia-grande\"},\"author\":{\"name\":\"Leonardo Francisco\",\"@id\":\"https:\\\/\\\/redenoticiaz.com.br\\\/litoralsp\\\/#\\\/schema\\\/person\\\/0f0b8a5bdafefe82841e07ae8d81ecb3\"},\"headline\":\"Confira o esquema especial de atendimento da Sa\u00fade de Praia Grande\",\"datePublished\":\"2021-12-24T12:43:57+00:00\",\"mainEntityOfPage\":{\"@id\":\"https:\\\/\\\/redenoticiaz.com.br\\\/litoralsp\\\/2021\\\/12\\\/24\\\/confira-o-esquema-especial-de-atendimento-da-saude-de-praia-grande\"},\"wordCount\":331,\"commentCount\":0,\"publisher\":{\"@id\":\"https:\\\/\\\/redenoticiaz.com.br\\\/litoralsp\\\/#organization\"},\"image\":{\"@id\":\"https:\\\/\\\/redenoticiaz.com.br\\\/litoralsp\\\/2021\\\/12\\\/24\\\/confira-o-esquema-especial-de-atendimento-da-saude-de-praia-grande#primaryimage\"},\"thumbnailUrl\":\"https:\\\/\\\/redenoticiaz.com.br\\\/litoralsp\\\/wp-content\\\/uploads\\\/sites\\\/3\\\/2021\\\/12\\\/54875.jpg\",\"keywords\":[\"ATENDIMENTO ESPECIAL\",\"NATAL\",\"PRAIA GRANDE\",\"saude\"],\"articleSection\":[\"Praia Grande\",\"Sa\u00fade\"],\"inLanguage\":\"pt-BR\",\"potentialAction\":[{\"@type\":\"CommentAction\",\"name\":\"Comment\",\"target\":[\"https:\\\/\\\/redenoticiaz.com.br\\\/litoralsp\\\/2021\\\/12\\\/24\\\/confira-o-esquema-especial-de-atendimento-da-saude-de-praia-grande#respond\"]}]},{\"@type\":\"WebPage\",\"@id\":\"https:\\\/\\\/redenoticiaz.com.br\\\/litoralsp\\\/2021\\\/12\\\/24\\\/confira-o-esquema-especial-de-atendimento-da-saude-de-praia-grande\",\"url\":\"https:\\\/\\\/redenoticiaz.com.br\\\/litoralsp\\\/2021\\\/12\\\/24\\\/confira-o-esquema-especial-de-atendimento-da-saude-de-praia-grande\",\"name\":\"Confira o esquema especial de atendimento da Sa\u00fade de Praia Grande - Litoral SP\",\"isPartOf\":{\"@id\":\"https:\\\/\\\/redenoticiaz.com.br\\\/litoralsp\\\/#website\"},\"primaryImageOfPage\":{\"@id\":\"https:\\\/\\\/redenoticiaz.com.br\\\/litoralsp\\\/2021\\\/12\\\/24\\\/confira-o-esquema-especial-de-atendimento-da-saude-de-praia-grande#primaryimage\"},\"image\":{\"@id\":\"https:\\\/\\\/redenoticiaz.com.br\\\/litoralsp\\\/2021\\\/12\\\/24\\\/confira-o-esquema-especial-de-atendimento-da-saude-de-praia-grande#primaryimage\"},\"thumbnailUrl\":\"https:\\\/\\\/redenoticiaz.com.br\\\/litoralsp\\\/wp-content\\\/uploads\\\/sites\\\/3\\\/2021\\\/12\\\/54875.jpg\",\"datePublished\":\"2021-12-24T12:43:57+00:00\",\"description\":\"A Prefeitura de Praia Grande, por meio da Secretaria de Sa\u00fade, informa que ter\u00e1 um esquema especial de atendimento durante o feriado\",\"inLanguage\":\"pt-BR\",\"potentialAction\":[{\"@type\":\"ReadAction\",\"target\":[\"https:\\\/\\\/redenoticiaz.com.br\\\/litoralsp\\\/2021\\\/12\\\/24\\\/confira-o-esquema-especial-de-atendimento-da-saude-de-praia-grande\"]}]},{\"@type\":\"ImageObject\",\"inLanguage\":\"pt-BR\",\"@id\":\"https:\\\/\\\/redenoticiaz.com.br\\\/litoralsp\\\/2021\\\/12\\\/24\\\/confira-o-esquema-especial-de-atendimento-da-saude-de-praia-grande#primaryimage\",\"url\":\"https:\\\/\\\/redenoticiaz.com.br\\\/litoralsp\\\/wp-content\\\/uploads\\\/sites\\\/3\\\/2021\\\/12\\\/54875.jpg\",\"contentUrl\":\"https:\\\/\\\/redenoticiaz.com.br\\\/litoralsp\\\/wp-content\\\/uploads\\\/sites\\\/3\\\/2021\\\/12\\\/54875.jpg\",\"width\":525,\"height\":350,\"caption\":\"Cr\u00e9ditos: Divulga\u00e7\u00e3o\\\/Prefeitura de Praia Grande.\"},{\"@type\":\"WebSite\",\"@id\":\"https:\\\/\\\/redenoticiaz.com.br\\\/litoralsp\\\/#website\",\"url\":\"https:\\\/\\\/redenoticiaz.com.br\\\/litoralsp\\\/\",\"name\":\"Litoral SP\",\"description\":\"Rede NoticiaZ\",\"publisher\":{\"@id\":\"https:\\\/\\\/redenoticiaz.com.br\\\/litoralsp\\\/#organization\"},\"potentialAction\":[{\"@type\":\"SearchAction\",\"target\":{\"@type\":\"EntryPoint\",\"urlTemplate\":\"https:\\\/\\\/redenoticiaz.com.br\\\/litoralsp\\\/?s={search_term_string}\"},\"query-input\":{\"@type\":\"PropertyValueSpecification\",\"valueRequired\":true,\"valueName\":\"search_term_string\"}}],\"inLanguage\":\"pt-BR\"},{\"@type\":\"Organization\",\"@id\":\"https:\\\/\\\/redenoticiaz.com.br\\\/litoralsp\\\/#organization\",\"name\":\"Litoral SP\",\"url\":\"https:\\\/\\\/redenoticiaz.com.br\\\/litoralsp\\\/\",\"logo\":{\"@type\":\"ImageObject\",\"inLanguage\":\"pt-BR\",\"@id\":\"https:\\\/\\\/redenoticiaz.com.br\\\/litoralsp\\\/#\\\/schema\\\/logo\\\/image\\\/\",\"url\":\"https:\\\/\\\/redenoticiaz.com.br\\\/litoralsp\\\/wp-content\\\/uploads\\\/sites\\\/3\\\/2020\\\/11\\\/logo.jpg\",\"contentUrl\":\"https:\\\/\\\/redenoticiaz.com.br\\\/litoralsp\\\/wp-content\\\/uploads\\\/sites\\\/3\\\/2020\\\/11\\\/logo.jpg\",\"width\":400,\"height\":250,\"caption\":\"Litoral SP\"},\"image\":{\"@id\":\"https:\\\/\\\/redenoticiaz.com.br\\\/litoralsp\\\/#\\\/schema\\\/logo\\\/image\\\/\"}},{\"@type\":\"Person\",\"@id\":\"https:\\\/\\\/redenoticiaz.com.br\\\/litoralsp\\\/#\\\/schema\\\/person\\\/0f0b8a5bdafefe82841e07ae8d81ecb3\",\"name\":\"Leonardo Francisco\",\"image\":{\"@type\":\"ImageObject\",\"inLanguage\":\"pt-BR\",\"@id\":\"https:\\\/\\\/secure.gravatar.com\\\/avatar\\\/a7358cb406a99b682ec6df1e77e31ae82e63601f6784e8a3df411d72b37864da?s=96&d=mm&r=g\",\"url\":\"https:\\\/\\\/secure.gravatar.com\\\/avatar\\\/a7358cb406a99b682ec6df1e77e31ae82e63601f6784e8a3df411d72b37864da?s=96&d=mm&r=g\",\"contentUrl\":\"https:\\\/\\\/secure.gravatar.com\\\/avatar\\\/a7358cb406a99b682ec6df1e77e31ae82e63601f6784e8a3df411d72b37864da?s=96&d=mm&r=g\",\"caption\":\"Leonardo Francisco\"},\"url\":\"https:\\\/\\\/redenoticiaz.com.br\\\/litoralsp\\\/author\\\/leonardo-francisco\"}]}<\/script>\n<!-- \/ Yoast SEO plugin. -->","yoast_head_json":{"title":"Confira o esquema especial de atendimento da Sa\u00fade de Praia Grande - Litoral SP","description":"A Prefeitura de Praia Grande, por meio da Secretaria de Sa\u00fade, informa que ter\u00e1 um esquema especial de atendimento durante o feriado","robots":{"index":"index","follow":"follow","max-snippet":"max-snippet:-1","max-image-preview":"max-image-preview:large","max-video-preview":"max-video-preview:-1"},"canonical":"https:\/\/redenoticiaz.com.br\/litoralsp\/2021\/12\/24\/confira-o-esquema-especial-de-atendimento-da-saude-de-praia-grande","og_locale":"pt_BR","og_type":"article","og_title":"Confira o esquema especial de atendimento da Sa\u00fade de Praia Grande - Litoral SP","og_description":"A Prefeitura de Praia Grande, por meio da Secretaria de Sa\u00fade, informa que ter\u00e1 um esquema especial de atendimento durante o feriado","og_url":"https:\/\/redenoticiaz.com.br\/litoralsp\/2021\/12\/24\/confira-o-esquema-especial-de-atendimento-da-saude-de-praia-grande","og_site_name":"Litoral SP","article_published_time":"2021-12-24T12:43:57+00:00","og_image":[{"width":525,"height":350,"url":"https:\/\/redenoticiaz.com.br\/litoralsp\/wp-content\/uploads\/sites\/3\/2021\/12\/54875.jpg","type":"image\/jpeg"}],"author":"Leonardo Francisco","twitter_card":"summary_large_image","twitter_misc":{"Escrito por":"Leonardo Francisco","Est. tempo de leitura":"2 minutos"},"schema":{"@context":"https:\/\/schema.org","@graph":[{"@type":"Article","@id":"https:\/\/redenoticiaz.com.br\/litoralsp\/2021\/12\/24\/confira-o-esquema-especial-de-atendimento-da-saude-de-praia-grande#article","isPartOf":{"@id":"https:\/\/redenoticiaz.com.br\/litoralsp\/2021\/12\/24\/confira-o-esquema-especial-de-atendimento-da-saude-de-praia-grande"},"author":{"name":"Leonardo Francisco","@id":"https:\/\/redenoticiaz.com.br\/litoralsp\/#\/schema\/person\/0f0b8a5bdafefe82841e07ae8d81ecb3"},"headline":"Confira o esquema especial de atendimento da Sa\u00fade de Praia Grande","datePublished":"2021-12-24T12:43:57+00:00","mainEntityOfPage":{"@id":"https:\/\/redenoticiaz.com.br\/litoralsp\/2021\/12\/24\/confira-o-esquema-especial-de-atendimento-da-saude-de-praia-grande"},"wordCount":331,"commentCount":0,"publisher":{"@id":"https:\/\/redenoticiaz.com.br\/litoralsp\/#organization"},"image":{"@id":"https:\/\/redenoticiaz.com.br\/litoralsp\/2021\/12\/24\/confira-o-esquema-especial-de-atendimento-da-saude-de-praia-grande#primaryimage"},"thumbnailUrl":"https:\/\/redenoticiaz.com.br\/litoralsp\/wp-content\/uploads\/sites\/3\/2021\/12\/54875.jpg","keywords":["ATENDIMENTO ESPECIAL","NATAL","PRAIA GRANDE","saude"],"articleSection":["Praia Grande","Sa\u00fade"],"inLanguage":"pt-BR","potentialAction":[{"@type":"CommentAction","name":"Comment","target":["https:\/\/redenoticiaz.com.br\/litoralsp\/2021\/12\/24\/confira-o-esquema-especial-de-atendimento-da-saude-de-praia-grande#respond"]}]},{"@type":"WebPage","@id":"https:\/\/redenoticiaz.com.br\/litoralsp\/2021\/12\/24\/confira-o-esquema-especial-de-atendimento-da-saude-de-praia-grande","url":"https:\/\/redenoticiaz.com.br\/litoralsp\/2021\/12\/24\/confira-o-esquema-especial-de-atendimento-da-saude-de-praia-grande","name":"Confira o esquema especial de atendimento da Sa\u00fade de Praia Grande - Litoral SP","isPartOf":{"@id":"https:\/\/redenoticiaz.com.br\/litoralsp\/#website"},"primaryImageOfPage":{"@id":"https:\/\/redenoticiaz.com.br\/litoralsp\/2021\/12\/24\/confira-o-esquema-especial-de-atendimento-da-saude-de-praia-grande#primaryimage"},"image":{"@id":"https:\/\/redenoticiaz.com.br\/litoralsp\/2021\/12\/24\/confira-o-esquema-especial-de-atendimento-da-saude-de-praia-grande#primaryimage"},"thumbnailUrl":"https:\/\/redenoticiaz.com.br\/litoralsp\/wp-content\/uploads\/sites\/3\/2021\/12\/54875.jpg","datePublished":"2021-12-24T12:43:57+00:00","description":"A Prefeitura de Praia Grande, por meio da Secretaria de Sa\u00fade, informa que ter\u00e1 um esquema especial de atendimento durante o feriado","inLanguage":"pt-BR","potentialAction":[{"@type":"ReadAction","target":["https:\/\/redenoticiaz.com.br\/litoralsp\/2021\/12\/24\/confira-o-esquema-especial-de-atendimento-da-saude-de-praia-grande"]}]},{"@type":"ImageObject","inLanguage":"pt-BR","@id":"https:\/\/redenoticiaz.com.br\/litoralsp\/2021\/12\/24\/confira-o-esquema-especial-de-atendimento-da-saude-de-praia-grande#primaryimage","url":"https:\/\/redenoticiaz.com.br\/litoralsp\/wp-content\/uploads\/sites\/3\/2021\/12\/54875.jpg","contentUrl":"https:\/\/redenoticiaz.com.br\/litoralsp\/wp-content\/uploads\/sites\/3\/2021\/12\/54875.jpg","width":525,"height":350,"caption":"Cr\u00e9ditos: Divulga\u00e7\u00e3o\/Prefeitura de Praia Grande."},{"@type":"WebSite","@id":"https:\/\/redenoticiaz.com.br\/litoralsp\/#website","url":"https:\/\/redenoticiaz.com.br\/litoralsp\/","name":"Litoral SP","description":"Rede NoticiaZ","publisher":{"@id":"https:\/\/redenoticiaz.com.br\/litoralsp\/#organization"},"potentialAction":[{"@type":"SearchAction","target":{"@type":"EntryPoint","urlTemplate":"https:\/\/redenoticiaz.com.br\/litoralsp\/?s={search_term_string}"},"query-input":{"@type":"PropertyValueSpecification","valueRequired":true,"valueName":"search_term_string"}}],"inLanguage":"pt-BR"},{"@type":"Organization","@id":"https:\/\/redenoticiaz.com.br\/litoralsp\/#organization","name":"Litoral SP","url":"https:\/\/redenoticiaz.com.br\/litoralsp\/","logo":{"@type":"ImageObject","inLanguage":"pt-BR","@id":"https:\/\/redenoticiaz.com.br\/litoralsp\/#\/schema\/logo\/image\/","url":"https:\/\/redenoticiaz.com.br\/litoralsp\/wp-content\/uploads\/sites\/3\/2020\/11\/logo.jpg","contentUrl":"https:\/\/redenoticiaz.com.br\/litoralsp\/wp-content\/uploads\/sites\/3\/2020\/11\/logo.jpg","width":400,"height":250,"caption":"Litoral SP"},"image":{"@id":"https:\/\/redenoticiaz.com.br\/litoralsp\/#\/schema\/logo\/image\/"}},{"@type":"Person","@id":"https:\/\/redenoticiaz.com.br\/litoralsp\/#\/schema\/person\/0f0b8a5bdafefe82841e07ae8d81ecb3","name":"Leonardo Francisco","image":{"@type":"ImageObject","inLanguage":"pt-BR","@id":"https:\/\/secure.gravatar.com\/avatar\/a7358cb406a99b682ec6df1e77e31ae82e63601f6784e8a3df411d72b37864da?s=96&d=mm&r=g","url":"https:\/\/secure.gravatar.com\/avatar\/a7358cb406a99b682ec6df1e77e31ae82e63601f6784e8a3df411d72b37864da?s=96&d=mm&r=g","contentUrl":"https:\/\/secure.gravatar.com\/avatar\/a7358cb406a99b682ec6df1e77e31ae82e63601f6784e8a3df411d72b37864da?s=96&d=mm&r=g","caption":"Leonardo Francisco"},"url":"https:\/\/redenoticiaz.com.br\/litoralsp\/author\/leonardo-francisco"}]}},"_links":{"self":[{"href":"https:\/\/redenoticiaz.com.br\/litoralsp\/wp-json\/wp\/v2\/posts\/20207","targetHints":{"allow":["GET"]}}],"collection":[{"href":"https:\/\/redenoticiaz.com.br\/litoralsp\/wp-json\/wp\/v2\/posts"}],"about":[{"href":"https:\/\/redenoticiaz.com.br\/litoralsp\/wp-json\/wp\/v2\/types\/post"}],"author":[{"embeddable":true,"href":"https:\/\/redenoticiaz.com.br\/litoralsp\/wp-json\/wp\/v2\/users\/6"}],"replies":[{"embeddable":true,"href":"https:\/\/redenoticiaz.com.br\/litoralsp\/wp-json\/wp\/v2\/comments?post=20207"}],"version-history":[{"count":1,"href":"https:\/\/redenoticiaz.com.br\/litoralsp\/wp-json\/wp\/v2\/posts\/20207\/revisions"}],"predecessor-version":[{"id":20209,"href":"https:\/\/redenoticiaz.com.br\/litoralsp\/wp-json\/wp\/v2\/posts\/20207\/revisions\/20209"}],"wp:featuredmedia":[{"embeddable":true,"href":"https:\/\/redenoticiaz.com.br\/litoralsp\/wp-json\/wp\/v2\/media\/20208"}],"wp:attachment":[{"href":"https:\/\/redenoticiaz.com.br\/litoralsp\/wp-json\/wp\/v2\/media?parent=20207"}],"wp:term":[{"taxonomy":"category","embeddable":true,"href":"https:\/\/redenoticiaz.com.br\/litoralsp\/wp-json\/wp\/v2\/categories?post=20207"},{"taxonomy":"post_tag","embeddable":true,"href":"https:\/\/redenoticiaz.com.br\/litoralsp\/wp-json\/wp\/v2\/tags?post=20207"}],"curies":[{"name":"wp","href":"https:\/\/api.w.org\/{rel}","templated":true}]}}