{"id":20445,"date":"2021-12-29T15:56:29","date_gmt":"2021-12-29T18:56:29","guid":{"rendered":"https:\/\/redenoticiaz.com.br\/litoralsp\/?p=20445"},"modified":"2021-12-29T15:56:52","modified_gmt":"2021-12-29T18:56:52","slug":"policial-e-preso-ao-agredir-adolescente-dentro-da-delegacia-de-caraguatatuba","status":"publish","type":"post","link":"https:\/\/redenoticiaz.com.br\/litoralsp\/2021\/12\/29\/policial-e-preso-ao-agredir-adolescente-dentro-da-delegacia-de-caraguatatuba","title":{"rendered":"Policial \u00e9 preso ao agredir adolescente dentro da delegacia de Caraguatatuba"},"content":{"rendered":"<p>Um policial militar foi preso em <a href=\"https:\/\/www.caraguatatuba.sp.gov.br\/pmc\/\">Caraguatatuba<\/a> por <strong>agredir um adolescente de 16 anos<\/strong> dentro da pr\u00f3pria delegacia. O menor foi apreendido porque estava com um celular com queixa de furto. A Pol\u00edcia Judici\u00e1ria Militar ir\u00e1 apurar a conduta do policial.<\/p>\n<p>Tudo come\u00e7ou quando a Pol\u00edcia Militar fez a abordagem a um grupo que estava numa pista de skate no Centro da cidade. No momento da consulta do n\u00famero de registro de um celular que estava com o adolescente, perceberam que o aparelho havia sido furtado h\u00e1 poucos dias. O jovem negou o crime, mas foi conduzido para a delegacia.<\/p>\n<div class=\"mc-column content-text active-extra-styles \" data-block-type=\"unstyled\" data-block-weight=\"25\" data-block-id=\"4\">\n<p class=\"content-text__container \" data-track-category=\"Link no Texto\" data-track-links=\"\">Mas na delegacia, enquanto dava depoimento, o adolescente afirmou que havia sido agredido por um policial militar com uma cabe\u00e7ada. Al\u00e9m disso, o PM ainda teria amea\u00e7ado o jovem. O delegado de plant\u00e3o assistiu \u00e0s imagens de c\u00e2meras de seguran\u00e7a no local e constatou a agress\u00e3o. O adolescente tamb\u00e9m passou por exame de corpo de delito.<\/p>\n<\/div>\n<div class=\"mc-column content-text active-extra-styles \" data-block-type=\"unstyled\" data-block-weight=\"38\" data-block-id=\"7\">\n<p class=\"content-text__container \" data-track-category=\"Link no Texto\" data-track-links=\"\">O policial permaneceu detido at\u00e9 o in\u00edcio da noite desta ter\u00e7a-feira (28), mas foi liberado ap\u00f3s prestar depoimento para a Corregedoria da Pol\u00edcia Militar. O homem agora vai responder pela a agress\u00e3o na Pol\u00edcia Judici\u00e1ria Militar.<\/p>\n<\/div>\n<div class=\"mc-column content-text active-extra-styles \" data-block-type=\"unstyled\" data-block-weight=\"27\" data-block-id=\"8\">\n<p class=\"content-text__container \" data-track-category=\"Link no Texto\" data-track-links=\"\">O adolescente foi liberado ap\u00f3s um respons\u00e1vel ir at\u00e9 a delegacia. O celular apreendido foi recolhido para a per\u00edcia e ser\u00e1 devolvido ao propriet\u00e1rio ap\u00f3s a investiga\u00e7\u00e3o.<\/p>\n<\/div>\n<div class=\"mc-column content-text active-extra-styles \" data-block-type=\"unstyled\" data-block-weight=\"51\" data-block-id=\"9\">\n<p class=\"content-text__container \" data-track-category=\"Link no Texto\" data-track-links=\"\">O Batalh\u00e3o de Pol\u00edcia Militar do Litoral Norte afirmou que &#8220;refor\u00e7a o compromisso de bem servir a popula\u00e7\u00e3o e n\u00e3o compactua com desvios de conduta dos policiais que integram suas fileiras&#8221;. O comando da Pol\u00edcia Militar tamb\u00e9m informou que abriu um inqu\u00e9rito Policial Militar para apurar a conduta do policial.<\/p>\n<p data-track-category=\"Link no Texto\" data-track-links=\"\"><strong>LEIA TAMB\u00c9M<\/strong><\/p>\n<p data-track-category=\"Link no Texto\" data-track-links=\"\"><a href=\"https:\/\/redenoticiaz.com.br\/litoralsp\/2021\/12\/28\/mais-de-12-tonelada-de-cocaina-e-apreendida-no-porto-de-santos\">Mais de 1,2 tonelada de coca\u00edna \u00e9 apreendida no Porto de Santos<\/a><\/p>\n<\/div>\n","protected":false},"excerpt":{"rendered":"<p>Um policial militar foi preso em Caraguatatuba por agredir um adolescente de 16 anos dentro da pr\u00f3pria delegacia. O menor foi apreendido porque estava com um celular com queixa de furto. A Pol\u00edcia Judici\u00e1ria Militar ir\u00e1 apurar a conduta do policial. Tudo come\u00e7ou quando a Pol\u00edcia Militar fez a abordagem a um grupo que estava &hellip;<\/p>\n","protected":false},"author":6,"featured_media":20446,"comment_status":"open","ping_status":"closed","sticky":false,"template":"","format":"standard","meta":{"footnotes":""},"categories":[2881,10],"tags":[45750,2742,45749,1762,1766,32574],"class_list":["post-20445","post","type-post","status-publish","format-standard","has-post-thumbnail","hentry","category-caraguatatuba","category-policia","tag-agressao-a-adolescente","tag-caraguatatuba","tag-delegacia-de-caraguatatuba","tag-policia-civil","tag-policia-militar","tag-policial-preso"],"yoast_head":"<!-- This site is optimized with the Yoast SEO plugin v27.5 - https:\/\/yoast.com\/product\/yoast-seo-wordpress\/ -->\n<title>Policial \u00e9 preso ao agredir adolescente dentro da delegacia de Caraguatatuba - Litoral SP<\/title>\n<meta name=\"description\" content=\"Um policial militar foi preso em Caraguatatuba por agredir um adolescente de 16 anos dentro da pr\u00f3pria delegacia. O menor\" \/>\n<meta name=\"robots\" content=\"index, follow, max-snippet:-1, max-image-preview:large, max-video-preview:-1\" \/>\n<link rel=\"canonical\" href=\"https:\/\/redenoticiaz.com.br\/litoralsp\/2021\/12\/29\/policial-e-preso-ao-agredir-adolescente-dentro-da-delegacia-de-caraguatatuba\" \/>\n<meta property=\"og:locale\" content=\"pt_BR\" \/>\n<meta property=\"og:type\" content=\"article\" \/>\n<meta property=\"og:title\" content=\"Policial \u00e9 preso ao agredir adolescente dentro da delegacia de Caraguatatuba - Litoral SP\" \/>\n<meta property=\"og:description\" content=\"Um policial militar foi preso em Caraguatatuba por agredir um adolescente de 16 anos dentro da pr\u00f3pria delegacia. O menor\" \/>\n<meta property=\"og:url\" content=\"https:\/\/redenoticiaz.com.br\/litoralsp\/2021\/12\/29\/policial-e-preso-ao-agredir-adolescente-dentro-da-delegacia-de-caraguatatuba\" \/>\n<meta property=\"og:site_name\" content=\"Litoral SP\" \/>\n<meta property=\"article:published_time\" content=\"2021-12-29T18:56:29+00:00\" \/>\n<meta property=\"article:modified_time\" content=\"2021-12-29T18:56:52+00:00\" \/>\n<meta property=\"og:image\" content=\"https:\/\/redenoticiaz.com.br\/litoralsp\/wp-content\/uploads\/sites\/3\/2021\/12\/delegacia-caragua.jpg\" \/>\n\t<meta property=\"og:image:width\" content=\"984\" \/>\n\t<meta property=\"og:image:height\" content=\"738\" \/>\n\t<meta property=\"og:image:type\" content=\"image\/jpeg\" \/>\n<meta name=\"author\" content=\"Leonardo Francisco\" \/>\n<meta name=\"twitter:card\" content=\"summary_large_image\" \/>\n<meta name=\"twitter:label1\" content=\"Escrito por\" \/>\n\t<meta name=\"twitter:data1\" content=\"Leonardo Francisco\" \/>\n\t<meta name=\"twitter:label2\" content=\"Est. tempo de leitura\" \/>\n\t<meta name=\"twitter:data2\" content=\"2 minutos\" \/>\n<script type=\"application\/ld+json\" class=\"yoast-schema-graph\">{\"@context\":\"https:\\\/\\\/schema.org\",\"@graph\":[{\"@type\":\"Article\",\"@id\":\"https:\\\/\\\/redenoticiaz.com.br\\\/litoralsp\\\/2021\\\/12\\\/29\\\/policial-e-preso-ao-agredir-adolescente-dentro-da-delegacia-de-caraguatatuba#article\",\"isPartOf\":{\"@id\":\"https:\\\/\\\/redenoticiaz.com.br\\\/litoralsp\\\/2021\\\/12\\\/29\\\/policial-e-preso-ao-agredir-adolescente-dentro-da-delegacia-de-caraguatatuba\"},\"author\":{\"name\":\"Leonardo Francisco\",\"@id\":\"https:\\\/\\\/redenoticiaz.com.br\\\/litoralsp\\\/#\\\/schema\\\/person\\\/0f0b8a5bdafefe82841e07ae8d81ecb3\"},\"headline\":\"Policial \u00e9 preso ao agredir adolescente dentro da delegacia de Caraguatatuba\",\"datePublished\":\"2021-12-29T18:56:29+00:00\",\"dateModified\":\"2021-12-29T18:56:52+00:00\",\"mainEntityOfPage\":{\"@id\":\"https:\\\/\\\/redenoticiaz.com.br\\\/litoralsp\\\/2021\\\/12\\\/29\\\/policial-e-preso-ao-agredir-adolescente-dentro-da-delegacia-de-caraguatatuba\"},\"wordCount\":326,\"commentCount\":0,\"publisher\":{\"@id\":\"https:\\\/\\\/redenoticiaz.com.br\\\/litoralsp\\\/#organization\"},\"image\":{\"@id\":\"https:\\\/\\\/redenoticiaz.com.br\\\/litoralsp\\\/2021\\\/12\\\/29\\\/policial-e-preso-ao-agredir-adolescente-dentro-da-delegacia-de-caraguatatuba#primaryimage\"},\"thumbnailUrl\":\"https:\\\/\\\/redenoticiaz.com.br\\\/litoralsp\\\/wp-content\\\/uploads\\\/sites\\\/3\\\/2021\\\/12\\\/delegacia-caragua.jpg\",\"keywords\":[\"AGRESS\u00c3O A ADOLESCENTE\",\"CARAGUATATUBA\",\"DELEGACIA DE CARAGUATATUBA\",\"POL\u00cdCIA CIVIL\",\"policia militar\",\"POLICIAL PRESO\"],\"articleSection\":[\"Caraguatatuba\",\"Pol\u00edcia\"],\"inLanguage\":\"pt-BR\",\"potentialAction\":[{\"@type\":\"CommentAction\",\"name\":\"Comment\",\"target\":[\"https:\\\/\\\/redenoticiaz.com.br\\\/litoralsp\\\/2021\\\/12\\\/29\\\/policial-e-preso-ao-agredir-adolescente-dentro-da-delegacia-de-caraguatatuba#respond\"]}]},{\"@type\":\"WebPage\",\"@id\":\"https:\\\/\\\/redenoticiaz.com.br\\\/litoralsp\\\/2021\\\/12\\\/29\\\/policial-e-preso-ao-agredir-adolescente-dentro-da-delegacia-de-caraguatatuba\",\"url\":\"https:\\\/\\\/redenoticiaz.com.br\\\/litoralsp\\\/2021\\\/12\\\/29\\\/policial-e-preso-ao-agredir-adolescente-dentro-da-delegacia-de-caraguatatuba\",\"name\":\"Policial \u00e9 preso ao agredir adolescente dentro da delegacia de Caraguatatuba - Litoral SP\",\"isPartOf\":{\"@id\":\"https:\\\/\\\/redenoticiaz.com.br\\\/litoralsp\\\/#website\"},\"primaryImageOfPage\":{\"@id\":\"https:\\\/\\\/redenoticiaz.com.br\\\/litoralsp\\\/2021\\\/12\\\/29\\\/policial-e-preso-ao-agredir-adolescente-dentro-da-delegacia-de-caraguatatuba#primaryimage\"},\"image\":{\"@id\":\"https:\\\/\\\/redenoticiaz.com.br\\\/litoralsp\\\/2021\\\/12\\\/29\\\/policial-e-preso-ao-agredir-adolescente-dentro-da-delegacia-de-caraguatatuba#primaryimage\"},\"thumbnailUrl\":\"https:\\\/\\\/redenoticiaz.com.br\\\/litoralsp\\\/wp-content\\\/uploads\\\/sites\\\/3\\\/2021\\\/12\\\/delegacia-caragua.jpg\",\"datePublished\":\"2021-12-29T18:56:29+00:00\",\"dateModified\":\"2021-12-29T18:56:52+00:00\",\"description\":\"Um policial militar foi preso em Caraguatatuba por agredir um adolescente de 16 anos dentro da pr\u00f3pria delegacia. O menor\",\"inLanguage\":\"pt-BR\",\"potentialAction\":[{\"@type\":\"ReadAction\",\"target\":[\"https:\\\/\\\/redenoticiaz.com.br\\\/litoralsp\\\/2021\\\/12\\\/29\\\/policial-e-preso-ao-agredir-adolescente-dentro-da-delegacia-de-caraguatatuba\"]}]},{\"@type\":\"ImageObject\",\"inLanguage\":\"pt-BR\",\"@id\":\"https:\\\/\\\/redenoticiaz.com.br\\\/litoralsp\\\/2021\\\/12\\\/29\\\/policial-e-preso-ao-agredir-adolescente-dentro-da-delegacia-de-caraguatatuba#primaryimage\",\"url\":\"https:\\\/\\\/redenoticiaz.com.br\\\/litoralsp\\\/wp-content\\\/uploads\\\/sites\\\/3\\\/2021\\\/12\\\/delegacia-caragua.jpg\",\"contentUrl\":\"https:\\\/\\\/redenoticiaz.com.br\\\/litoralsp\\\/wp-content\\\/uploads\\\/sites\\\/3\\\/2021\\\/12\\\/delegacia-caragua.jpg\",\"width\":984,\"height\":738,\"caption\":\"Cr\u00e9ditos: Reprodu\u00e7\u00e3o.\"},{\"@type\":\"WebSite\",\"@id\":\"https:\\\/\\\/redenoticiaz.com.br\\\/litoralsp\\\/#website\",\"url\":\"https:\\\/\\\/redenoticiaz.com.br\\\/litoralsp\\\/\",\"name\":\"Litoral SP\",\"description\":\"Rede NoticiaZ\",\"publisher\":{\"@id\":\"https:\\\/\\\/redenoticiaz.com.br\\\/litoralsp\\\/#organization\"},\"potentialAction\":[{\"@type\":\"SearchAction\",\"target\":{\"@type\":\"EntryPoint\",\"urlTemplate\":\"https:\\\/\\\/redenoticiaz.com.br\\\/litoralsp\\\/?s={search_term_string}\"},\"query-input\":{\"@type\":\"PropertyValueSpecification\",\"valueRequired\":true,\"valueName\":\"search_term_string\"}}],\"inLanguage\":\"pt-BR\"},{\"@type\":\"Organization\",\"@id\":\"https:\\\/\\\/redenoticiaz.com.br\\\/litoralsp\\\/#organization\",\"name\":\"Litoral SP\",\"url\":\"https:\\\/\\\/redenoticiaz.com.br\\\/litoralsp\\\/\",\"logo\":{\"@type\":\"ImageObject\",\"inLanguage\":\"pt-BR\",\"@id\":\"https:\\\/\\\/redenoticiaz.com.br\\\/litoralsp\\\/#\\\/schema\\\/logo\\\/image\\\/\",\"url\":\"https:\\\/\\\/redenoticiaz.com.br\\\/litoralsp\\\/wp-content\\\/uploads\\\/sites\\\/3\\\/2020\\\/11\\\/logo.jpg\",\"contentUrl\":\"https:\\\/\\\/redenoticiaz.com.br\\\/litoralsp\\\/wp-content\\\/uploads\\\/sites\\\/3\\\/2020\\\/11\\\/logo.jpg\",\"width\":400,\"height\":250,\"caption\":\"Litoral SP\"},\"image\":{\"@id\":\"https:\\\/\\\/redenoticiaz.com.br\\\/litoralsp\\\/#\\\/schema\\\/logo\\\/image\\\/\"}},{\"@type\":\"Person\",\"@id\":\"https:\\\/\\\/redenoticiaz.com.br\\\/litoralsp\\\/#\\\/schema\\\/person\\\/0f0b8a5bdafefe82841e07ae8d81ecb3\",\"name\":\"Leonardo Francisco\",\"image\":{\"@type\":\"ImageObject\",\"inLanguage\":\"pt-BR\",\"@id\":\"https:\\\/\\\/secure.gravatar.com\\\/avatar\\\/a7358cb406a99b682ec6df1e77e31ae82e63601f6784e8a3df411d72b37864da?s=96&d=mm&r=g\",\"url\":\"https:\\\/\\\/secure.gravatar.com\\\/avatar\\\/a7358cb406a99b682ec6df1e77e31ae82e63601f6784e8a3df411d72b37864da?s=96&d=mm&r=g\",\"contentUrl\":\"https:\\\/\\\/secure.gravatar.com\\\/avatar\\\/a7358cb406a99b682ec6df1e77e31ae82e63601f6784e8a3df411d72b37864da?s=96&d=mm&r=g\",\"caption\":\"Leonardo Francisco\"},\"url\":\"https:\\\/\\\/redenoticiaz.com.br\\\/litoralsp\\\/author\\\/leonardo-francisco\"}]}<\/script>\n<!-- \/ Yoast SEO plugin. -->","yoast_head_json":{"title":"Policial \u00e9 preso ao agredir adolescente dentro da delegacia de Caraguatatuba - Litoral SP","description":"Um policial militar foi preso em Caraguatatuba por agredir um adolescente de 16 anos dentro da pr\u00f3pria delegacia. O menor","robots":{"index":"index","follow":"follow","max-snippet":"max-snippet:-1","max-image-preview":"max-image-preview:large","max-video-preview":"max-video-preview:-1"},"canonical":"https:\/\/redenoticiaz.com.br\/litoralsp\/2021\/12\/29\/policial-e-preso-ao-agredir-adolescente-dentro-da-delegacia-de-caraguatatuba","og_locale":"pt_BR","og_type":"article","og_title":"Policial \u00e9 preso ao agredir adolescente dentro da delegacia de Caraguatatuba - Litoral SP","og_description":"Um policial militar foi preso em Caraguatatuba por agredir um adolescente de 16 anos dentro da pr\u00f3pria delegacia. O menor","og_url":"https:\/\/redenoticiaz.com.br\/litoralsp\/2021\/12\/29\/policial-e-preso-ao-agredir-adolescente-dentro-da-delegacia-de-caraguatatuba","og_site_name":"Litoral SP","article_published_time":"2021-12-29T18:56:29+00:00","article_modified_time":"2021-12-29T18:56:52+00:00","og_image":[{"width":984,"height":738,"url":"https:\/\/redenoticiaz.com.br\/litoralsp\/wp-content\/uploads\/sites\/3\/2021\/12\/delegacia-caragua.jpg","type":"image\/jpeg"}],"author":"Leonardo Francisco","twitter_card":"summary_large_image","twitter_misc":{"Escrito por":"Leonardo Francisco","Est. tempo de leitura":"2 minutos"},"schema":{"@context":"https:\/\/schema.org","@graph":[{"@type":"Article","@id":"https:\/\/redenoticiaz.com.br\/litoralsp\/2021\/12\/29\/policial-e-preso-ao-agredir-adolescente-dentro-da-delegacia-de-caraguatatuba#article","isPartOf":{"@id":"https:\/\/redenoticiaz.com.br\/litoralsp\/2021\/12\/29\/policial-e-preso-ao-agredir-adolescente-dentro-da-delegacia-de-caraguatatuba"},"author":{"name":"Leonardo Francisco","@id":"https:\/\/redenoticiaz.com.br\/litoralsp\/#\/schema\/person\/0f0b8a5bdafefe82841e07ae8d81ecb3"},"headline":"Policial \u00e9 preso ao agredir adolescente dentro da delegacia de Caraguatatuba","datePublished":"2021-12-29T18:56:29+00:00","dateModified":"2021-12-29T18:56:52+00:00","mainEntityOfPage":{"@id":"https:\/\/redenoticiaz.com.br\/litoralsp\/2021\/12\/29\/policial-e-preso-ao-agredir-adolescente-dentro-da-delegacia-de-caraguatatuba"},"wordCount":326,"commentCount":0,"publisher":{"@id":"https:\/\/redenoticiaz.com.br\/litoralsp\/#organization"},"image":{"@id":"https:\/\/redenoticiaz.com.br\/litoralsp\/2021\/12\/29\/policial-e-preso-ao-agredir-adolescente-dentro-da-delegacia-de-caraguatatuba#primaryimage"},"thumbnailUrl":"https:\/\/redenoticiaz.com.br\/litoralsp\/wp-content\/uploads\/sites\/3\/2021\/12\/delegacia-caragua.jpg","keywords":["AGRESS\u00c3O A ADOLESCENTE","CARAGUATATUBA","DELEGACIA DE CARAGUATATUBA","POL\u00cdCIA CIVIL","policia militar","POLICIAL PRESO"],"articleSection":["Caraguatatuba","Pol\u00edcia"],"inLanguage":"pt-BR","potentialAction":[{"@type":"CommentAction","name":"Comment","target":["https:\/\/redenoticiaz.com.br\/litoralsp\/2021\/12\/29\/policial-e-preso-ao-agredir-adolescente-dentro-da-delegacia-de-caraguatatuba#respond"]}]},{"@type":"WebPage","@id":"https:\/\/redenoticiaz.com.br\/litoralsp\/2021\/12\/29\/policial-e-preso-ao-agredir-adolescente-dentro-da-delegacia-de-caraguatatuba","url":"https:\/\/redenoticiaz.com.br\/litoralsp\/2021\/12\/29\/policial-e-preso-ao-agredir-adolescente-dentro-da-delegacia-de-caraguatatuba","name":"Policial \u00e9 preso ao agredir adolescente dentro da delegacia de Caraguatatuba - Litoral SP","isPartOf":{"@id":"https:\/\/redenoticiaz.com.br\/litoralsp\/#website"},"primaryImageOfPage":{"@id":"https:\/\/redenoticiaz.com.br\/litoralsp\/2021\/12\/29\/policial-e-preso-ao-agredir-adolescente-dentro-da-delegacia-de-caraguatatuba#primaryimage"},"image":{"@id":"https:\/\/redenoticiaz.com.br\/litoralsp\/2021\/12\/29\/policial-e-preso-ao-agredir-adolescente-dentro-da-delegacia-de-caraguatatuba#primaryimage"},"thumbnailUrl":"https:\/\/redenoticiaz.com.br\/litoralsp\/wp-content\/uploads\/sites\/3\/2021\/12\/delegacia-caragua.jpg","datePublished":"2021-12-29T18:56:29+00:00","dateModified":"2021-12-29T18:56:52+00:00","description":"Um policial militar foi preso em Caraguatatuba por agredir um adolescente de 16 anos dentro da pr\u00f3pria delegacia. O menor","inLanguage":"pt-BR","potentialAction":[{"@type":"ReadAction","target":["https:\/\/redenoticiaz.com.br\/litoralsp\/2021\/12\/29\/policial-e-preso-ao-agredir-adolescente-dentro-da-delegacia-de-caraguatatuba"]}]},{"@type":"ImageObject","inLanguage":"pt-BR","@id":"https:\/\/redenoticiaz.com.br\/litoralsp\/2021\/12\/29\/policial-e-preso-ao-agredir-adolescente-dentro-da-delegacia-de-caraguatatuba#primaryimage","url":"https:\/\/redenoticiaz.com.br\/litoralsp\/wp-content\/uploads\/sites\/3\/2021\/12\/delegacia-caragua.jpg","contentUrl":"https:\/\/redenoticiaz.com.br\/litoralsp\/wp-content\/uploads\/sites\/3\/2021\/12\/delegacia-caragua.jpg","width":984,"height":738,"caption":"Cr\u00e9ditos: Reprodu\u00e7\u00e3o."},{"@type":"WebSite","@id":"https:\/\/redenoticiaz.com.br\/litoralsp\/#website","url":"https:\/\/redenoticiaz.com.br\/litoralsp\/","name":"Litoral SP","description":"Rede NoticiaZ","publisher":{"@id":"https:\/\/redenoticiaz.com.br\/litoralsp\/#organization"},"potentialAction":[{"@type":"SearchAction","target":{"@type":"EntryPoint","urlTemplate":"https:\/\/redenoticiaz.com.br\/litoralsp\/?s={search_term_string}"},"query-input":{"@type":"PropertyValueSpecification","valueRequired":true,"valueName":"search_term_string"}}],"inLanguage":"pt-BR"},{"@type":"Organization","@id":"https:\/\/redenoticiaz.com.br\/litoralsp\/#organization","name":"Litoral SP","url":"https:\/\/redenoticiaz.com.br\/litoralsp\/","logo":{"@type":"ImageObject","inLanguage":"pt-BR","@id":"https:\/\/redenoticiaz.com.br\/litoralsp\/#\/schema\/logo\/image\/","url":"https:\/\/redenoticiaz.com.br\/litoralsp\/wp-content\/uploads\/sites\/3\/2020\/11\/logo.jpg","contentUrl":"https:\/\/redenoticiaz.com.br\/litoralsp\/wp-content\/uploads\/sites\/3\/2020\/11\/logo.jpg","width":400,"height":250,"caption":"Litoral SP"},"image":{"@id":"https:\/\/redenoticiaz.com.br\/litoralsp\/#\/schema\/logo\/image\/"}},{"@type":"Person","@id":"https:\/\/redenoticiaz.com.br\/litoralsp\/#\/schema\/person\/0f0b8a5bdafefe82841e07ae8d81ecb3","name":"Leonardo Francisco","image":{"@type":"ImageObject","inLanguage":"pt-BR","@id":"https:\/\/secure.gravatar.com\/avatar\/a7358cb406a99b682ec6df1e77e31ae82e63601f6784e8a3df411d72b37864da?s=96&d=mm&r=g","url":"https:\/\/secure.gravatar.com\/avatar\/a7358cb406a99b682ec6df1e77e31ae82e63601f6784e8a3df411d72b37864da?s=96&d=mm&r=g","contentUrl":"https:\/\/secure.gravatar.com\/avatar\/a7358cb406a99b682ec6df1e77e31ae82e63601f6784e8a3df411d72b37864da?s=96&d=mm&r=g","caption":"Leonardo Francisco"},"url":"https:\/\/redenoticiaz.com.br\/litoralsp\/author\/leonardo-francisco"}]}},"_links":{"self":[{"href":"https:\/\/redenoticiaz.com.br\/litoralsp\/wp-json\/wp\/v2\/posts\/20445","targetHints":{"allow":["GET"]}}],"collection":[{"href":"https:\/\/redenoticiaz.com.br\/litoralsp\/wp-json\/wp\/v2\/posts"}],"about":[{"href":"https:\/\/redenoticiaz.com.br\/litoralsp\/wp-json\/wp\/v2\/types\/post"}],"author":[{"embeddable":true,"href":"https:\/\/redenoticiaz.com.br\/litoralsp\/wp-json\/wp\/v2\/users\/6"}],"replies":[{"embeddable":true,"href":"https:\/\/redenoticiaz.com.br\/litoralsp\/wp-json\/wp\/v2\/comments?post=20445"}],"version-history":[{"count":1,"href":"https:\/\/redenoticiaz.com.br\/litoralsp\/wp-json\/wp\/v2\/posts\/20445\/revisions"}],"predecessor-version":[{"id":20447,"href":"https:\/\/redenoticiaz.com.br\/litoralsp\/wp-json\/wp\/v2\/posts\/20445\/revisions\/20447"}],"wp:featuredmedia":[{"embeddable":true,"href":"https:\/\/redenoticiaz.com.br\/litoralsp\/wp-json\/wp\/v2\/media\/20446"}],"wp:attachment":[{"href":"https:\/\/redenoticiaz.com.br\/litoralsp\/wp-json\/wp\/v2\/media?parent=20445"}],"wp:term":[{"taxonomy":"category","embeddable":true,"href":"https:\/\/redenoticiaz.com.br\/litoralsp\/wp-json\/wp\/v2\/categories?post=20445"},{"taxonomy":"post_tag","embeddable":true,"href":"https:\/\/redenoticiaz.com.br\/litoralsp\/wp-json\/wp\/v2\/tags?post=20445"}],"curies":[{"name":"wp","href":"https:\/\/api.w.org\/{rel}","templated":true}]}}