{"id":20448,"date":"2021-12-29T16:09:06","date_gmt":"2021-12-29T19:09:06","guid":{"rendered":"https:\/\/redenoticiaz.com.br\/litoralsp\/?p=20448"},"modified":"2021-12-29T16:10:00","modified_gmt":"2021-12-29T19:10:00","slug":"praia-grande-monta-esquema-de-seguranca-nos-locais-onde-haverao-queima-de-fogos","status":"publish","type":"post","link":"https:\/\/redenoticiaz.com.br\/litoralsp\/2021\/12\/29\/praia-grande-monta-esquema-de-seguranca-nos-locais-onde-haverao-queima-de-fogos","title":{"rendered":"Praia Grande monta esquema de seguran\u00e7a nos locais onde haver\u00e3o queima de fogos"},"content":{"rendered":"<p>A queima de fogos em <a href=\"https:\/\/www.praiagrande.sp.gov.br\/HomePortal-.asp?cd_pagina=71\">Praia Grande<\/a> ir\u00e1 acontecer em quatro pontos e contar\u00e1 com um <strong>esquema especial de seguran\u00e7a no R\u00e9veilllon<\/strong>. A cidade \u00e9 a \u00fanica em toda a Baixada Santista que confirmou a realiza\u00e7\u00e3o da queima de fogos e devido a grande presen\u00e7a de moradores e turistas, a Guarda Municipal, a Pol\u00edcia Militar e o Centro Integrado de Comando e Opera\u00e7\u00f5es Especiais (Cicoe) v\u00e3o atuar na virada do ano.<\/p>\n<figure id=\"attachment_20449\" aria-describedby=\"caption-attachment-20449\" style=\"width: 300px\" class=\"wp-caption alignleft\"><img loading=\"lazy\" decoding=\"async\" class=\"size-medium wp-image-20449\" src=\"https:\/\/redenoticiaz.com.br\/litoralsp\/wp-content\/uploads\/sites\/3\/2021\/12\/54901-300x199.jpg\" alt=\"\" width=\"300\" height=\"199\" srcset=\"https:\/\/redenoticiaz.com.br\/litoralsp\/wp-content\/uploads\/sites\/3\/2021\/12\/54901-300x199.jpg 300w, https:\/\/redenoticiaz.com.br\/litoralsp\/wp-content\/uploads\/sites\/3\/2021\/12\/54901-768x510.jpg 768w, https:\/\/redenoticiaz.com.br\/litoralsp\/wp-content\/uploads\/sites\/3\/2021\/12\/54901.jpg 984w\" sizes=\"auto, (max-width: 300px) 100vw, 300px\" \/><figcaption id=\"caption-attachment-20449\" class=\"wp-caption-text\">Cr\u00e9ditos: Divulga\u00e7\u00e3o\/Prefeitura de Guaruj\u00e1.<\/figcaption><\/figure>\n<p>Na ter\u00e7a-feira (28), aconteceu uma reuni\u00e3o envolvendo todos os representantes da Seguran\u00e7a P\u00fablica e de secretarias municipais. Nele foi tra\u00e7ado o esquema de seguran\u00e7a especial para receber 1 milh\u00e3o de pessoas, durante a virada do ano.<\/p>\n<div class=\"mc-column content-text active-extra-styles \" data-block-type=\"unstyled\" data-block-weight=\"43\" data-block-id=\"6\">\n<p class=\"content-text__container \" data-track-category=\"Link no Texto\" data-track-links=\"\">Praia Grande contar\u00e1 com quatro pontos de queima de fogos e estes locais ter\u00e3o uma aten\u00e7\u00e3o especial. Segundo a Pol\u00edcia Militar, equipes da Opera\u00e7\u00e3o Ver\u00e3o, equipes especializadas, como do Batalh\u00e3o de A\u00e7\u00f5es Especiais de Pol\u00edcia (Baep) e do Choque, devem atuar na cidade.<\/p>\n<\/div>\n<div class=\"mc-column content-text active-extra-styles \" data-block-type=\"unstyled\" data-block-weight=\"55\" data-block-id=\"7\">\n<p class=\"content-text__container \" data-track-category=\"Link no Texto\" data-track-links=\"\">Al\u00e9m disso, haver\u00e1 policiais ao longo de toda a praia, em 18 tendas que funcionam como ponto de apoio, e tamb\u00e9m com viaturas em patrulhamento preventivo. J\u00e1 as ruas que d\u00e3o acesso \u00e0 orla, al\u00e9m de avenidas como Presidente Kennedy, e as marginais Ministro Marcos Freire e Dr. Roberto de Almeida Vinhas tamb\u00e9m estar\u00e3o com forte contingente.<\/p>\n<h3 data-track-category=\"Link no Texto\">Rondas<\/h3>\n<p>Ainda segundo a Prefeitura de Praia Grande, equipes de moto, de bicicleta e um drone, que ser\u00e1 usado em apoio \u00e0s equipes de patrulhamento, complementam as a\u00e7\u00f5es da Pol\u00edcia Militar. Al\u00e9m disso, contar\u00e1 ainda com uma Plataforma de Observa\u00e7\u00e3o Elevada (POE), uma grande carreta da PM que possibilita o acompanhamento por c\u00e2meras do que ocorre no entorno.<\/p>\n<div class=\"content-ads content-ads--reveal\" data-block-type=\"ads\" data-block-id=\"9\"><\/div>\n<div class=\"mc-column content-text active-extra-styles \" data-block-type=\"unstyled\" data-block-weight=\"46\" data-block-id=\"10\">\n<p class=\"content-text__container \" data-track-category=\"Link no Texto\" data-track-links=\"\">A\u00a0Guarda Civil Municipal\u00a0(GCM) estar\u00e1 com todo seu efetivo \u00e0 disposi\u00e7\u00e3o e tamb\u00e9m atuar\u00e1 em pontos espec\u00edficos. Equipes da Romu (Rondas Ostensivas Municipais) e Romo (Rondas Ostensivas com Motos), Canil, da For\u00e7a T\u00e1tica, que s\u00e3o as especializadas da GCM, tamb\u00e9m estar\u00e3o em patrulhamento pela Cidade.<\/p>\n<\/div>\n<div class=\"mc-column content-text active-extra-styles \" data-block-type=\"unstyled\" data-block-weight=\"59\" data-block-id=\"11\">\n<p class=\"content-text__container \" data-track-category=\"Link no Texto\" data-track-links=\"\">As equipes da PM e da GCM contar\u00e3o com o apoio de rondas virtuais, realizadas pelas equipes do\u00a0Centro Integrado de Comando e Opera\u00e7\u00f5es Especiais (Cicoe). Nela s\u00e3o monitoradas as imagens das cerca de 3 mil c\u00e2meras da cidade. Al\u00e9m disso, outro recurso tecnol\u00f3gico s\u00e3o as c\u00e2meras instaladas nas viaturas da GCM, cujas imagens podem ser transmitidas diretamente ao Cicoe.<\/p>\n<p data-track-category=\"Link no Texto\" data-track-links=\"\"><strong>LEIA TAMB\u00c9M<\/strong><\/p>\n<p data-track-category=\"Link no Texto\" data-track-links=\"\"><a href=\"https:\/\/redenoticiaz.com.br\/litoralsp\/2021\/12\/27\/cananeia-e-mais-uma-cidade-a-cancelar-queima-de-fogos-e-festas-de-reveillon\">Cananeia \u00e9 mais uma cidade a cancelar queima de fogos e festas de R\u00e9veillon<\/a><\/p>\n<\/div>\n<\/div>\n","protected":false},"excerpt":{"rendered":"<p>A queima de fogos em Praia Grande ir\u00e1 acontecer em quatro pontos e contar\u00e1 com um esquema especial de seguran\u00e7a no R\u00e9veilllon. A cidade \u00e9 a \u00fanica em toda a Baixada Santista que confirmou a realiza\u00e7\u00e3o da queima de fogos e devido a grande presen\u00e7a de moradores e turistas, a Guarda Municipal, a Pol\u00edcia Militar &hellip;<\/p>\n","protected":false},"author":6,"featured_media":20450,"comment_status":"open","ping_status":"closed","sticky":false,"template":"","format":"standard","meta":{"footnotes":""},"categories":[10,45592,182],"tags":[45759,3891,1766,1101,1906,1271],"class_list":["post-20448","post","type-post","status-publish","format-standard","has-post-thumbnail","hentry","category-policia","category-praia","category-praia-grande","tag-esquema-de-seguranca","tag-guarda-civil-municipal","tag-policia-militar","tag-praia-grande","tag-queima-de-fogos","tag-reveillon"],"yoast_head":"<!-- This site is optimized with the Yoast SEO plugin v27.5 - https:\/\/yoast.com\/product\/yoast-seo-wordpress\/ -->\n<title>Praia Grande monta esquema de seguran\u00e7a nos locais onde haver\u00e3o queima de fogos - Litoral SP<\/title>\n<meta name=\"description\" content=\"A queima de fogos em Praia Grande ir\u00e1 acontecer em quatro pontos e contar\u00e1 com um esquema especial de seguran\u00e7a no R\u00e9veilllon. A cidade\" \/>\n<meta name=\"robots\" content=\"index, follow, max-snippet:-1, max-image-preview:large, max-video-preview:-1\" \/>\n<link rel=\"canonical\" href=\"https:\/\/redenoticiaz.com.br\/litoralsp\/2021\/12\/29\/praia-grande-monta-esquema-de-seguranca-nos-locais-onde-haverao-queima-de-fogos\" \/>\n<meta property=\"og:locale\" content=\"pt_BR\" \/>\n<meta property=\"og:type\" content=\"article\" \/>\n<meta property=\"og:title\" content=\"Praia Grande monta esquema de seguran\u00e7a nos locais onde haver\u00e3o queima de fogos - Litoral SP\" \/>\n<meta property=\"og:description\" content=\"A queima de fogos em Praia Grande ir\u00e1 acontecer em quatro pontos e contar\u00e1 com um esquema especial de seguran\u00e7a no R\u00e9veilllon. A cidade\" \/>\n<meta property=\"og:url\" content=\"https:\/\/redenoticiaz.com.br\/litoralsp\/2021\/12\/29\/praia-grande-monta-esquema-de-seguranca-nos-locais-onde-haverao-queima-de-fogos\" \/>\n<meta property=\"og:site_name\" content=\"Litoral SP\" \/>\n<meta property=\"article:published_time\" content=\"2021-12-29T19:09:06+00:00\" \/>\n<meta property=\"article:modified_time\" content=\"2021-12-29T19:10:00+00:00\" \/>\n<meta property=\"og:image\" content=\"https:\/\/redenoticiaz.com.br\/litoralsp\/wp-content\/uploads\/sites\/3\/2021\/12\/guarda-municipal-foto-amauri-pinilha-18.jpg\" \/>\n\t<meta property=\"og:image:width\" content=\"984\" \/>\n\t<meta property=\"og:image:height\" content=\"654\" \/>\n\t<meta property=\"og:image:type\" content=\"image\/jpeg\" \/>\n<meta name=\"author\" content=\"Leonardo Francisco\" \/>\n<meta name=\"twitter:card\" content=\"summary_large_image\" \/>\n<meta name=\"twitter:label1\" content=\"Escrito por\" \/>\n\t<meta name=\"twitter:data1\" content=\"Leonardo Francisco\" \/>\n\t<meta name=\"twitter:label2\" content=\"Est. tempo de leitura\" \/>\n\t<meta name=\"twitter:data2\" content=\"2 minutos\" \/>\n<script type=\"application\/ld+json\" class=\"yoast-schema-graph\">{\"@context\":\"https:\\\/\\\/schema.org\",\"@graph\":[{\"@type\":\"Article\",\"@id\":\"https:\\\/\\\/redenoticiaz.com.br\\\/litoralsp\\\/2021\\\/12\\\/29\\\/praia-grande-monta-esquema-de-seguranca-nos-locais-onde-haverao-queima-de-fogos#article\",\"isPartOf\":{\"@id\":\"https:\\\/\\\/redenoticiaz.com.br\\\/litoralsp\\\/2021\\\/12\\\/29\\\/praia-grande-monta-esquema-de-seguranca-nos-locais-onde-haverao-queima-de-fogos\"},\"author\":{\"name\":\"Leonardo Francisco\",\"@id\":\"https:\\\/\\\/redenoticiaz.com.br\\\/litoralsp\\\/#\\\/schema\\\/person\\\/0f0b8a5bdafefe82841e07ae8d81ecb3\"},\"headline\":\"Praia Grande monta esquema de seguran\u00e7a nos locais onde haver\u00e3o queima de fogos\",\"datePublished\":\"2021-12-29T19:09:06+00:00\",\"dateModified\":\"2021-12-29T19:10:00+00:00\",\"mainEntityOfPage\":{\"@id\":\"https:\\\/\\\/redenoticiaz.com.br\\\/litoralsp\\\/2021\\\/12\\\/29\\\/praia-grande-monta-esquema-de-seguranca-nos-locais-onde-haverao-queima-de-fogos\"},\"wordCount\":459,\"commentCount\":0,\"publisher\":{\"@id\":\"https:\\\/\\\/redenoticiaz.com.br\\\/litoralsp\\\/#organization\"},\"image\":{\"@id\":\"https:\\\/\\\/redenoticiaz.com.br\\\/litoralsp\\\/2021\\\/12\\\/29\\\/praia-grande-monta-esquema-de-seguranca-nos-locais-onde-haverao-queima-de-fogos#primaryimage\"},\"thumbnailUrl\":\"https:\\\/\\\/redenoticiaz.com.br\\\/litoralsp\\\/wp-content\\\/uploads\\\/sites\\\/3\\\/2021\\\/12\\\/guarda-municipal-foto-amauri-pinilha-18.jpg\",\"keywords\":[\"ESQUEMA DE SEGURAN\u00c7A\",\"GUARDA CIVIL MUNICIPAL\",\"policia militar\",\"PRAIA GRANDE\",\"QUEIMA DE FOGOS\",\"R\u00c9VEILLON\"],\"articleSection\":[\"Pol\u00edcia\",\"Praia\",\"Praia Grande\"],\"inLanguage\":\"pt-BR\",\"potentialAction\":[{\"@type\":\"CommentAction\",\"name\":\"Comment\",\"target\":[\"https:\\\/\\\/redenoticiaz.com.br\\\/litoralsp\\\/2021\\\/12\\\/29\\\/praia-grande-monta-esquema-de-seguranca-nos-locais-onde-haverao-queima-de-fogos#respond\"]}]},{\"@type\":\"WebPage\",\"@id\":\"https:\\\/\\\/redenoticiaz.com.br\\\/litoralsp\\\/2021\\\/12\\\/29\\\/praia-grande-monta-esquema-de-seguranca-nos-locais-onde-haverao-queima-de-fogos\",\"url\":\"https:\\\/\\\/redenoticiaz.com.br\\\/litoralsp\\\/2021\\\/12\\\/29\\\/praia-grande-monta-esquema-de-seguranca-nos-locais-onde-haverao-queima-de-fogos\",\"name\":\"Praia Grande monta esquema de seguran\u00e7a nos locais onde haver\u00e3o queima de fogos - Litoral SP\",\"isPartOf\":{\"@id\":\"https:\\\/\\\/redenoticiaz.com.br\\\/litoralsp\\\/#website\"},\"primaryImageOfPage\":{\"@id\":\"https:\\\/\\\/redenoticiaz.com.br\\\/litoralsp\\\/2021\\\/12\\\/29\\\/praia-grande-monta-esquema-de-seguranca-nos-locais-onde-haverao-queima-de-fogos#primaryimage\"},\"image\":{\"@id\":\"https:\\\/\\\/redenoticiaz.com.br\\\/litoralsp\\\/2021\\\/12\\\/29\\\/praia-grande-monta-esquema-de-seguranca-nos-locais-onde-haverao-queima-de-fogos#primaryimage\"},\"thumbnailUrl\":\"https:\\\/\\\/redenoticiaz.com.br\\\/litoralsp\\\/wp-content\\\/uploads\\\/sites\\\/3\\\/2021\\\/12\\\/guarda-municipal-foto-amauri-pinilha-18.jpg\",\"datePublished\":\"2021-12-29T19:09:06+00:00\",\"dateModified\":\"2021-12-29T19:10:00+00:00\",\"description\":\"A queima de fogos em Praia Grande ir\u00e1 acontecer em quatro pontos e contar\u00e1 com um esquema especial de seguran\u00e7a no R\u00e9veilllon. A cidade\",\"inLanguage\":\"pt-BR\",\"potentialAction\":[{\"@type\":\"ReadAction\",\"target\":[\"https:\\\/\\\/redenoticiaz.com.br\\\/litoralsp\\\/2021\\\/12\\\/29\\\/praia-grande-monta-esquema-de-seguranca-nos-locais-onde-haverao-queima-de-fogos\"]}]},{\"@type\":\"ImageObject\",\"inLanguage\":\"pt-BR\",\"@id\":\"https:\\\/\\\/redenoticiaz.com.br\\\/litoralsp\\\/2021\\\/12\\\/29\\\/praia-grande-monta-esquema-de-seguranca-nos-locais-onde-haverao-queima-de-fogos#primaryimage\",\"url\":\"https:\\\/\\\/redenoticiaz.com.br\\\/litoralsp\\\/wp-content\\\/uploads\\\/sites\\\/3\\\/2021\\\/12\\\/guarda-municipal-foto-amauri-pinilha-18.jpg\",\"contentUrl\":\"https:\\\/\\\/redenoticiaz.com.br\\\/litoralsp\\\/wp-content\\\/uploads\\\/sites\\\/3\\\/2021\\\/12\\\/guarda-municipal-foto-amauri-pinilha-18.jpg\",\"width\":984,\"height\":654,\"caption\":\"Viatura e toda uma estrutura do local est\u00e3o montadas. Cr\u00e9ditos: Divulga\u00e7\u00e7\u00e3o\\\/Prefeitura de Praia Grande.\"},{\"@type\":\"WebSite\",\"@id\":\"https:\\\/\\\/redenoticiaz.com.br\\\/litoralsp\\\/#website\",\"url\":\"https:\\\/\\\/redenoticiaz.com.br\\\/litoralsp\\\/\",\"name\":\"Litoral SP\",\"description\":\"Rede NoticiaZ\",\"publisher\":{\"@id\":\"https:\\\/\\\/redenoticiaz.com.br\\\/litoralsp\\\/#organization\"},\"potentialAction\":[{\"@type\":\"SearchAction\",\"target\":{\"@type\":\"EntryPoint\",\"urlTemplate\":\"https:\\\/\\\/redenoticiaz.com.br\\\/litoralsp\\\/?s={search_term_string}\"},\"query-input\":{\"@type\":\"PropertyValueSpecification\",\"valueRequired\":true,\"valueName\":\"search_term_string\"}}],\"inLanguage\":\"pt-BR\"},{\"@type\":\"Organization\",\"@id\":\"https:\\\/\\\/redenoticiaz.com.br\\\/litoralsp\\\/#organization\",\"name\":\"Litoral SP\",\"url\":\"https:\\\/\\\/redenoticiaz.com.br\\\/litoralsp\\\/\",\"logo\":{\"@type\":\"ImageObject\",\"inLanguage\":\"pt-BR\",\"@id\":\"https:\\\/\\\/redenoticiaz.com.br\\\/litoralsp\\\/#\\\/schema\\\/logo\\\/image\\\/\",\"url\":\"https:\\\/\\\/redenoticiaz.com.br\\\/litoralsp\\\/wp-content\\\/uploads\\\/sites\\\/3\\\/2020\\\/11\\\/logo.jpg\",\"contentUrl\":\"https:\\\/\\\/redenoticiaz.com.br\\\/litoralsp\\\/wp-content\\\/uploads\\\/sites\\\/3\\\/2020\\\/11\\\/logo.jpg\",\"width\":400,\"height\":250,\"caption\":\"Litoral SP\"},\"image\":{\"@id\":\"https:\\\/\\\/redenoticiaz.com.br\\\/litoralsp\\\/#\\\/schema\\\/logo\\\/image\\\/\"}},{\"@type\":\"Person\",\"@id\":\"https:\\\/\\\/redenoticiaz.com.br\\\/litoralsp\\\/#\\\/schema\\\/person\\\/0f0b8a5bdafefe82841e07ae8d81ecb3\",\"name\":\"Leonardo Francisco\",\"image\":{\"@type\":\"ImageObject\",\"inLanguage\":\"pt-BR\",\"@id\":\"https:\\\/\\\/secure.gravatar.com\\\/avatar\\\/a7358cb406a99b682ec6df1e77e31ae82e63601f6784e8a3df411d72b37864da?s=96&d=mm&r=g\",\"url\":\"https:\\\/\\\/secure.gravatar.com\\\/avatar\\\/a7358cb406a99b682ec6df1e77e31ae82e63601f6784e8a3df411d72b37864da?s=96&d=mm&r=g\",\"contentUrl\":\"https:\\\/\\\/secure.gravatar.com\\\/avatar\\\/a7358cb406a99b682ec6df1e77e31ae82e63601f6784e8a3df411d72b37864da?s=96&d=mm&r=g\",\"caption\":\"Leonardo Francisco\"},\"url\":\"https:\\\/\\\/redenoticiaz.com.br\\\/litoralsp\\\/author\\\/leonardo-francisco\"}]}<\/script>\n<!-- \/ Yoast SEO plugin. -->","yoast_head_json":{"title":"Praia Grande monta esquema de seguran\u00e7a nos locais onde haver\u00e3o queima de fogos - Litoral SP","description":"A queima de fogos em Praia Grande ir\u00e1 acontecer em quatro pontos e contar\u00e1 com um esquema especial de seguran\u00e7a no R\u00e9veilllon. A cidade","robots":{"index":"index","follow":"follow","max-snippet":"max-snippet:-1","max-image-preview":"max-image-preview:large","max-video-preview":"max-video-preview:-1"},"canonical":"https:\/\/redenoticiaz.com.br\/litoralsp\/2021\/12\/29\/praia-grande-monta-esquema-de-seguranca-nos-locais-onde-haverao-queima-de-fogos","og_locale":"pt_BR","og_type":"article","og_title":"Praia Grande monta esquema de seguran\u00e7a nos locais onde haver\u00e3o queima de fogos - Litoral SP","og_description":"A queima de fogos em Praia Grande ir\u00e1 acontecer em quatro pontos e contar\u00e1 com um esquema especial de seguran\u00e7a no R\u00e9veilllon. A cidade","og_url":"https:\/\/redenoticiaz.com.br\/litoralsp\/2021\/12\/29\/praia-grande-monta-esquema-de-seguranca-nos-locais-onde-haverao-queima-de-fogos","og_site_name":"Litoral SP","article_published_time":"2021-12-29T19:09:06+00:00","article_modified_time":"2021-12-29T19:10:00+00:00","og_image":[{"width":984,"height":654,"url":"https:\/\/redenoticiaz.com.br\/litoralsp\/wp-content\/uploads\/sites\/3\/2021\/12\/guarda-municipal-foto-amauri-pinilha-18.jpg","type":"image\/jpeg"}],"author":"Leonardo Francisco","twitter_card":"summary_large_image","twitter_misc":{"Escrito por":"Leonardo Francisco","Est. tempo de leitura":"2 minutos"},"schema":{"@context":"https:\/\/schema.org","@graph":[{"@type":"Article","@id":"https:\/\/redenoticiaz.com.br\/litoralsp\/2021\/12\/29\/praia-grande-monta-esquema-de-seguranca-nos-locais-onde-haverao-queima-de-fogos#article","isPartOf":{"@id":"https:\/\/redenoticiaz.com.br\/litoralsp\/2021\/12\/29\/praia-grande-monta-esquema-de-seguranca-nos-locais-onde-haverao-queima-de-fogos"},"author":{"name":"Leonardo Francisco","@id":"https:\/\/redenoticiaz.com.br\/litoralsp\/#\/schema\/person\/0f0b8a5bdafefe82841e07ae8d81ecb3"},"headline":"Praia Grande monta esquema de seguran\u00e7a nos locais onde haver\u00e3o queima de fogos","datePublished":"2021-12-29T19:09:06+00:00","dateModified":"2021-12-29T19:10:00+00:00","mainEntityOfPage":{"@id":"https:\/\/redenoticiaz.com.br\/litoralsp\/2021\/12\/29\/praia-grande-monta-esquema-de-seguranca-nos-locais-onde-haverao-queima-de-fogos"},"wordCount":459,"commentCount":0,"publisher":{"@id":"https:\/\/redenoticiaz.com.br\/litoralsp\/#organization"},"image":{"@id":"https:\/\/redenoticiaz.com.br\/litoralsp\/2021\/12\/29\/praia-grande-monta-esquema-de-seguranca-nos-locais-onde-haverao-queima-de-fogos#primaryimage"},"thumbnailUrl":"https:\/\/redenoticiaz.com.br\/litoralsp\/wp-content\/uploads\/sites\/3\/2021\/12\/guarda-municipal-foto-amauri-pinilha-18.jpg","keywords":["ESQUEMA DE SEGURAN\u00c7A","GUARDA CIVIL MUNICIPAL","policia militar","PRAIA GRANDE","QUEIMA DE FOGOS","R\u00c9VEILLON"],"articleSection":["Pol\u00edcia","Praia","Praia Grande"],"inLanguage":"pt-BR","potentialAction":[{"@type":"CommentAction","name":"Comment","target":["https:\/\/redenoticiaz.com.br\/litoralsp\/2021\/12\/29\/praia-grande-monta-esquema-de-seguranca-nos-locais-onde-haverao-queima-de-fogos#respond"]}]},{"@type":"WebPage","@id":"https:\/\/redenoticiaz.com.br\/litoralsp\/2021\/12\/29\/praia-grande-monta-esquema-de-seguranca-nos-locais-onde-haverao-queima-de-fogos","url":"https:\/\/redenoticiaz.com.br\/litoralsp\/2021\/12\/29\/praia-grande-monta-esquema-de-seguranca-nos-locais-onde-haverao-queima-de-fogos","name":"Praia Grande monta esquema de seguran\u00e7a nos locais onde haver\u00e3o queima de fogos - Litoral SP","isPartOf":{"@id":"https:\/\/redenoticiaz.com.br\/litoralsp\/#website"},"primaryImageOfPage":{"@id":"https:\/\/redenoticiaz.com.br\/litoralsp\/2021\/12\/29\/praia-grande-monta-esquema-de-seguranca-nos-locais-onde-haverao-queima-de-fogos#primaryimage"},"image":{"@id":"https:\/\/redenoticiaz.com.br\/litoralsp\/2021\/12\/29\/praia-grande-monta-esquema-de-seguranca-nos-locais-onde-haverao-queima-de-fogos#primaryimage"},"thumbnailUrl":"https:\/\/redenoticiaz.com.br\/litoralsp\/wp-content\/uploads\/sites\/3\/2021\/12\/guarda-municipal-foto-amauri-pinilha-18.jpg","datePublished":"2021-12-29T19:09:06+00:00","dateModified":"2021-12-29T19:10:00+00:00","description":"A queima de fogos em Praia Grande ir\u00e1 acontecer em quatro pontos e contar\u00e1 com um esquema especial de seguran\u00e7a no R\u00e9veilllon. A cidade","inLanguage":"pt-BR","potentialAction":[{"@type":"ReadAction","target":["https:\/\/redenoticiaz.com.br\/litoralsp\/2021\/12\/29\/praia-grande-monta-esquema-de-seguranca-nos-locais-onde-haverao-queima-de-fogos"]}]},{"@type":"ImageObject","inLanguage":"pt-BR","@id":"https:\/\/redenoticiaz.com.br\/litoralsp\/2021\/12\/29\/praia-grande-monta-esquema-de-seguranca-nos-locais-onde-haverao-queima-de-fogos#primaryimage","url":"https:\/\/redenoticiaz.com.br\/litoralsp\/wp-content\/uploads\/sites\/3\/2021\/12\/guarda-municipal-foto-amauri-pinilha-18.jpg","contentUrl":"https:\/\/redenoticiaz.com.br\/litoralsp\/wp-content\/uploads\/sites\/3\/2021\/12\/guarda-municipal-foto-amauri-pinilha-18.jpg","width":984,"height":654,"caption":"Viatura e toda uma estrutura do local est\u00e3o montadas. Cr\u00e9ditos: Divulga\u00e7\u00e7\u00e3o\/Prefeitura de Praia Grande."},{"@type":"WebSite","@id":"https:\/\/redenoticiaz.com.br\/litoralsp\/#website","url":"https:\/\/redenoticiaz.com.br\/litoralsp\/","name":"Litoral SP","description":"Rede NoticiaZ","publisher":{"@id":"https:\/\/redenoticiaz.com.br\/litoralsp\/#organization"},"potentialAction":[{"@type":"SearchAction","target":{"@type":"EntryPoint","urlTemplate":"https:\/\/redenoticiaz.com.br\/litoralsp\/?s={search_term_string}"},"query-input":{"@type":"PropertyValueSpecification","valueRequired":true,"valueName":"search_term_string"}}],"inLanguage":"pt-BR"},{"@type":"Organization","@id":"https:\/\/redenoticiaz.com.br\/litoralsp\/#organization","name":"Litoral SP","url":"https:\/\/redenoticiaz.com.br\/litoralsp\/","logo":{"@type":"ImageObject","inLanguage":"pt-BR","@id":"https:\/\/redenoticiaz.com.br\/litoralsp\/#\/schema\/logo\/image\/","url":"https:\/\/redenoticiaz.com.br\/litoralsp\/wp-content\/uploads\/sites\/3\/2020\/11\/logo.jpg","contentUrl":"https:\/\/redenoticiaz.com.br\/litoralsp\/wp-content\/uploads\/sites\/3\/2020\/11\/logo.jpg","width":400,"height":250,"caption":"Litoral SP"},"image":{"@id":"https:\/\/redenoticiaz.com.br\/litoralsp\/#\/schema\/logo\/image\/"}},{"@type":"Person","@id":"https:\/\/redenoticiaz.com.br\/litoralsp\/#\/schema\/person\/0f0b8a5bdafefe82841e07ae8d81ecb3","name":"Leonardo Francisco","image":{"@type":"ImageObject","inLanguage":"pt-BR","@id":"https:\/\/secure.gravatar.com\/avatar\/a7358cb406a99b682ec6df1e77e31ae82e63601f6784e8a3df411d72b37864da?s=96&d=mm&r=g","url":"https:\/\/secure.gravatar.com\/avatar\/a7358cb406a99b682ec6df1e77e31ae82e63601f6784e8a3df411d72b37864da?s=96&d=mm&r=g","contentUrl":"https:\/\/secure.gravatar.com\/avatar\/a7358cb406a99b682ec6df1e77e31ae82e63601f6784e8a3df411d72b37864da?s=96&d=mm&r=g","caption":"Leonardo Francisco"},"url":"https:\/\/redenoticiaz.com.br\/litoralsp\/author\/leonardo-francisco"}]}},"_links":{"self":[{"href":"https:\/\/redenoticiaz.com.br\/litoralsp\/wp-json\/wp\/v2\/posts\/20448","targetHints":{"allow":["GET"]}}],"collection":[{"href":"https:\/\/redenoticiaz.com.br\/litoralsp\/wp-json\/wp\/v2\/posts"}],"about":[{"href":"https:\/\/redenoticiaz.com.br\/litoralsp\/wp-json\/wp\/v2\/types\/post"}],"author":[{"embeddable":true,"href":"https:\/\/redenoticiaz.com.br\/litoralsp\/wp-json\/wp\/v2\/users\/6"}],"replies":[{"embeddable":true,"href":"https:\/\/redenoticiaz.com.br\/litoralsp\/wp-json\/wp\/v2\/comments?post=20448"}],"version-history":[{"count":1,"href":"https:\/\/redenoticiaz.com.br\/litoralsp\/wp-json\/wp\/v2\/posts\/20448\/revisions"}],"predecessor-version":[{"id":20451,"href":"https:\/\/redenoticiaz.com.br\/litoralsp\/wp-json\/wp\/v2\/posts\/20448\/revisions\/20451"}],"wp:featuredmedia":[{"embeddable":true,"href":"https:\/\/redenoticiaz.com.br\/litoralsp\/wp-json\/wp\/v2\/media\/20450"}],"wp:attachment":[{"href":"https:\/\/redenoticiaz.com.br\/litoralsp\/wp-json\/wp\/v2\/media?parent=20448"}],"wp:term":[{"taxonomy":"category","embeddable":true,"href":"https:\/\/redenoticiaz.com.br\/litoralsp\/wp-json\/wp\/v2\/categories?post=20448"},{"taxonomy":"post_tag","embeddable":true,"href":"https:\/\/redenoticiaz.com.br\/litoralsp\/wp-json\/wp\/v2\/tags?post=20448"}],"curies":[{"name":"wp","href":"https:\/\/api.w.org\/{rel}","templated":true}]}}