{"id":20468,"date":"2021-12-29T19:43:16","date_gmt":"2021-12-29T22:43:16","guid":{"rendered":"https:\/\/redenoticiaz.com.br\/litoralsp\/?p=20468"},"modified":"2021-12-29T19:43:36","modified_gmt":"2021-12-29T22:43:36","slug":"orla-de-santos-tera-reforco-na-seguranca-durante-o-reveillon","status":"publish","type":"post","link":"https:\/\/redenoticiaz.com.br\/litoralsp\/2021\/12\/29\/orla-de-santos-tera-reforco-na-seguranca-durante-o-reveillon","title":{"rendered":"Orla de Santos ter\u00e1 refor\u00e7o na seguran\u00e7a durante o R\u00e9veillon"},"content":{"rendered":"<p>As praias de <a href=\"https:\/\/www.santos.sp.gov.br\/\">Santos<\/a> estar\u00e3o liberadas para o p\u00fablico no R\u00e9veillon do dia 31. Contudo, um <strong>esquema especial<\/strong> ser\u00e1 adotado em toda a orla da cidade. A miss\u00e3o \u00e9 evitar abusos e promover a seguran\u00e7a das pessoas. O com\u00e9rcio s\u00f3 funcionar\u00e1 at\u00e9 \u00e0s 20h. Al\u00e9m disso, nada de barracas e tendas, pois elas estar\u00e3o proibidas.<\/p>\n<p>Segundo a prefeitura, a decis\u00e3o de suspender a queima de fogos e n\u00e3o interditar a avenida da orla, para desestimular aglomera\u00e7\u00f5es e evitar a propaga\u00e7\u00e3o da Covid-19. A orienta\u00e7\u00e3o para evitar aglomera\u00e7\u00f5es tamb\u00e9m leva em conta o atual surto de gripe em todo o pa\u00eds.<\/p>\n<div class=\"mc-column content-text active-extra-styles \" data-block-type=\"unstyled\" data-block-weight=\"46\" data-block-id=\"5\">\n<p class=\"content-text__container \" data-track-category=\"Link no Texto\" data-track-links=\"\">Segundo a prefeitura, a regi\u00e3o da orla estar\u00e1 coberta por um efetivo de<strong>\u00a0440 pessoas<\/strong>, entre 140 guardas civis municipais e 300 policiais militares. Al\u00e9m disso, quadriciclos, motocicletas, 12 viaturas e, pelo menos, dois drones, um da Guarda Municipal e outro da PM, refor\u00e7ar\u00e3o o controle.<\/p>\n<\/div>\n<div class=\"mc-column content-text active-extra-styles \" data-block-type=\"unstyled\" data-block-weight=\"45\" data-block-id=\"6\">\n<p class=\"content-text__container \" data-track-category=\"Link no Texto\" data-track-links=\"\">Outra recomenda\u00e7\u00e3o \u00e9 para que\u00a0n\u00e3o se use fogos de artif\u00edcio, cujo manuseio incorreto pode causar ferimentos graves. Embora neste ano n\u00e3o haja restri\u00e7\u00e3o de circula\u00e7\u00e3o de pessoas pela orla, estar\u00e1 proibida a montagem de qualquer tipo de barraca, mesmo as individuais, ou tendas particulares.<\/p>\n<\/div>\n<div class=\"mc-column content-text active-extra-styles \" data-block-type=\"unstyled\" data-block-weight=\"32\" data-block-id=\"7\">\n<p class=\"content-text__container \" data-track-category=\"Link no Texto\" data-track-links=\"\">Na sexta (31), o funcionamento do com\u00e9rcio na orla<strong>,<\/strong> formado por quiosques, barracas e ambulantes s\u00f3 poder\u00e1 seguir at\u00e9 20h. Contudo, essas atividades poder\u00e3o ser retomadas a partir das 6h de s\u00e1bado (1\u00ba).<\/p>\n<p data-track-category=\"Link no Texto\" data-track-links=\"\"><strong>LEIA TAMB\u00c9M<\/strong><\/p>\n<p data-track-category=\"Link no Texto\" data-track-links=\"\"><a href=\"https:\/\/redenoticiaz.com.br\/litoralsp\/2021\/12\/29\/cubatao-cancela-queima-de-fogos-e-o-carnaval-2022\">Cubat\u00e3o cancela queima de fogos e o Carnaval 2022<\/a><\/p>\n<\/div>\n","protected":false},"excerpt":{"rendered":"<p>As praias de Santos estar\u00e3o liberadas para o p\u00fablico no R\u00e9veillon do dia 31. Contudo, um esquema especial ser\u00e1 adotado em toda a orla da cidade. A miss\u00e3o \u00e9 evitar abusos e promover a seguran\u00e7a das pessoas. O com\u00e9rcio s\u00f3 funcionar\u00e1 at\u00e9 \u00e0s 20h. Al\u00e9m disso, nada de barracas e tendas, pois elas estar\u00e3o proibidas. &hellip;<\/p>\n","protected":false},"author":6,"featured_media":20469,"comment_status":"open","ping_status":"closed","sticky":false,"template":"","format":"standard","meta":{"footnotes":""},"categories":[10,45592,180],"tags":[45759,3872,45777,1271,986],"class_list":["post-20468","post","type-post","status-publish","format-standard","has-post-thumbnail","hentry","category-policia","category-praia","category-santos","tag-esquema-de-seguranca","tag-orla-da-praia","tag-queima-de-fogos-proibida","tag-reveillon","tag-santos"],"yoast_head":"<!-- This site is optimized with the Yoast SEO plugin v27.5 - https:\/\/yoast.com\/product\/yoast-seo-wordpress\/ -->\n<title>Orla de Santos ter\u00e1 refor\u00e7o na seguran\u00e7a durante o R\u00e9veillon - Litoral SP<\/title>\n<meta name=\"description\" content=\"As praias de Santos estar\u00e3o liberadas para o p\u00fablico no R\u00e9veillon do dia 31. Contudo, um esquema especial ser\u00e1 adotado em toda\" \/>\n<meta name=\"robots\" content=\"index, follow, max-snippet:-1, max-image-preview:large, max-video-preview:-1\" \/>\n<link rel=\"canonical\" href=\"https:\/\/redenoticiaz.com.br\/litoralsp\/2021\/12\/29\/orla-de-santos-tera-reforco-na-seguranca-durante-o-reveillon\" \/>\n<meta property=\"og:locale\" content=\"pt_BR\" \/>\n<meta property=\"og:type\" content=\"article\" \/>\n<meta property=\"og:title\" content=\"Orla de Santos ter\u00e1 refor\u00e7o na seguran\u00e7a durante o R\u00e9veillon - Litoral SP\" \/>\n<meta property=\"og:description\" content=\"As praias de Santos estar\u00e3o liberadas para o p\u00fablico no R\u00e9veillon do dia 31. Contudo, um esquema especial ser\u00e1 adotado em toda\" \/>\n<meta property=\"og:url\" content=\"https:\/\/redenoticiaz.com.br\/litoralsp\/2021\/12\/29\/orla-de-santos-tera-reforco-na-seguranca-durante-o-reveillon\" \/>\n<meta property=\"og:site_name\" content=\"Litoral SP\" \/>\n<meta property=\"article:published_time\" content=\"2021-12-29T22:43:16+00:00\" \/>\n<meta property=\"article:modified_time\" content=\"2021-12-29T22:43:36+00:00\" \/>\n<meta property=\"og:image\" content=\"https:\/\/redenoticiaz.com.br\/litoralsp\/wp-content\/uploads\/sites\/3\/2021\/12\/guarda-orla-noite-2.jpg\" \/>\n\t<meta property=\"og:image:width\" content=\"984\" \/>\n\t<meta property=\"og:image:height\" content=\"656\" \/>\n\t<meta property=\"og:image:type\" content=\"image\/jpeg\" \/>\n<meta name=\"author\" content=\"Leonardo Francisco\" \/>\n<meta name=\"twitter:card\" content=\"summary_large_image\" \/>\n<meta name=\"twitter:label1\" content=\"Escrito por\" \/>\n\t<meta name=\"twitter:data1\" content=\"Leonardo Francisco\" \/>\n\t<meta name=\"twitter:label2\" content=\"Est. tempo de leitura\" \/>\n\t<meta name=\"twitter:data2\" content=\"1 minuto\" \/>\n<script type=\"application\/ld+json\" class=\"yoast-schema-graph\">{\"@context\":\"https:\\\/\\\/schema.org\",\"@graph\":[{\"@type\":\"Article\",\"@id\":\"https:\\\/\\\/redenoticiaz.com.br\\\/litoralsp\\\/2021\\\/12\\\/29\\\/orla-de-santos-tera-reforco-na-seguranca-durante-o-reveillon#article\",\"isPartOf\":{\"@id\":\"https:\\\/\\\/redenoticiaz.com.br\\\/litoralsp\\\/2021\\\/12\\\/29\\\/orla-de-santos-tera-reforco-na-seguranca-durante-o-reveillon\"},\"author\":{\"name\":\"Leonardo Francisco\",\"@id\":\"https:\\\/\\\/redenoticiaz.com.br\\\/litoralsp\\\/#\\\/schema\\\/person\\\/0f0b8a5bdafefe82841e07ae8d81ecb3\"},\"headline\":\"Orla de Santos ter\u00e1 refor\u00e7o na seguran\u00e7a durante o R\u00e9veillon\",\"datePublished\":\"2021-12-29T22:43:16+00:00\",\"dateModified\":\"2021-12-29T22:43:36+00:00\",\"mainEntityOfPage\":{\"@id\":\"https:\\\/\\\/redenoticiaz.com.br\\\/litoralsp\\\/2021\\\/12\\\/29\\\/orla-de-santos-tera-reforco-na-seguranca-durante-o-reveillon\"},\"wordCount\":269,\"commentCount\":0,\"publisher\":{\"@id\":\"https:\\\/\\\/redenoticiaz.com.br\\\/litoralsp\\\/#organization\"},\"image\":{\"@id\":\"https:\\\/\\\/redenoticiaz.com.br\\\/litoralsp\\\/2021\\\/12\\\/29\\\/orla-de-santos-tera-reforco-na-seguranca-durante-o-reveillon#primaryimage\"},\"thumbnailUrl\":\"https:\\\/\\\/redenoticiaz.com.br\\\/litoralsp\\\/wp-content\\\/uploads\\\/sites\\\/3\\\/2021\\\/12\\\/guarda-orla-noite-2.jpg\",\"keywords\":[\"ESQUEMA DE SEGURAN\u00c7A\",\"ORLA DA PRAIA\",\"QUEIMA DE FOGOS PROIBIDA\",\"R\u00c9VEILLON\",\"Santos\"],\"articleSection\":[\"Pol\u00edcia\",\"Praia\",\"Santos\"],\"inLanguage\":\"pt-BR\",\"potentialAction\":[{\"@type\":\"CommentAction\",\"name\":\"Comment\",\"target\":[\"https:\\\/\\\/redenoticiaz.com.br\\\/litoralsp\\\/2021\\\/12\\\/29\\\/orla-de-santos-tera-reforco-na-seguranca-durante-o-reveillon#respond\"]}]},{\"@type\":\"WebPage\",\"@id\":\"https:\\\/\\\/redenoticiaz.com.br\\\/litoralsp\\\/2021\\\/12\\\/29\\\/orla-de-santos-tera-reforco-na-seguranca-durante-o-reveillon\",\"url\":\"https:\\\/\\\/redenoticiaz.com.br\\\/litoralsp\\\/2021\\\/12\\\/29\\\/orla-de-santos-tera-reforco-na-seguranca-durante-o-reveillon\",\"name\":\"Orla de Santos ter\u00e1 refor\u00e7o na seguran\u00e7a durante o R\u00e9veillon - Litoral SP\",\"isPartOf\":{\"@id\":\"https:\\\/\\\/redenoticiaz.com.br\\\/litoralsp\\\/#website\"},\"primaryImageOfPage\":{\"@id\":\"https:\\\/\\\/redenoticiaz.com.br\\\/litoralsp\\\/2021\\\/12\\\/29\\\/orla-de-santos-tera-reforco-na-seguranca-durante-o-reveillon#primaryimage\"},\"image\":{\"@id\":\"https:\\\/\\\/redenoticiaz.com.br\\\/litoralsp\\\/2021\\\/12\\\/29\\\/orla-de-santos-tera-reforco-na-seguranca-durante-o-reveillon#primaryimage\"},\"thumbnailUrl\":\"https:\\\/\\\/redenoticiaz.com.br\\\/litoralsp\\\/wp-content\\\/uploads\\\/sites\\\/3\\\/2021\\\/12\\\/guarda-orla-noite-2.jpg\",\"datePublished\":\"2021-12-29T22:43:16+00:00\",\"dateModified\":\"2021-12-29T22:43:36+00:00\",\"description\":\"As praias de Santos estar\u00e3o liberadas para o p\u00fablico no R\u00e9veillon do dia 31. Contudo, um esquema especial ser\u00e1 adotado em toda\",\"inLanguage\":\"pt-BR\",\"potentialAction\":[{\"@type\":\"ReadAction\",\"target\":[\"https:\\\/\\\/redenoticiaz.com.br\\\/litoralsp\\\/2021\\\/12\\\/29\\\/orla-de-santos-tera-reforco-na-seguranca-durante-o-reveillon\"]}]},{\"@type\":\"ImageObject\",\"inLanguage\":\"pt-BR\",\"@id\":\"https:\\\/\\\/redenoticiaz.com.br\\\/litoralsp\\\/2021\\\/12\\\/29\\\/orla-de-santos-tera-reforco-na-seguranca-durante-o-reveillon#primaryimage\",\"url\":\"https:\\\/\\\/redenoticiaz.com.br\\\/litoralsp\\\/wp-content\\\/uploads\\\/sites\\\/3\\\/2021\\\/12\\\/guarda-orla-noite-2.jpg\",\"contentUrl\":\"https:\\\/\\\/redenoticiaz.com.br\\\/litoralsp\\\/wp-content\\\/uploads\\\/sites\\\/3\\\/2021\\\/12\\\/guarda-orla-noite-2.jpg\",\"width\":984,\"height\":656},{\"@type\":\"WebSite\",\"@id\":\"https:\\\/\\\/redenoticiaz.com.br\\\/litoralsp\\\/#website\",\"url\":\"https:\\\/\\\/redenoticiaz.com.br\\\/litoralsp\\\/\",\"name\":\"Litoral SP\",\"description\":\"Rede NoticiaZ\",\"publisher\":{\"@id\":\"https:\\\/\\\/redenoticiaz.com.br\\\/litoralsp\\\/#organization\"},\"potentialAction\":[{\"@type\":\"SearchAction\",\"target\":{\"@type\":\"EntryPoint\",\"urlTemplate\":\"https:\\\/\\\/redenoticiaz.com.br\\\/litoralsp\\\/?s={search_term_string}\"},\"query-input\":{\"@type\":\"PropertyValueSpecification\",\"valueRequired\":true,\"valueName\":\"search_term_string\"}}],\"inLanguage\":\"pt-BR\"},{\"@type\":\"Organization\",\"@id\":\"https:\\\/\\\/redenoticiaz.com.br\\\/litoralsp\\\/#organization\",\"name\":\"Litoral SP\",\"url\":\"https:\\\/\\\/redenoticiaz.com.br\\\/litoralsp\\\/\",\"logo\":{\"@type\":\"ImageObject\",\"inLanguage\":\"pt-BR\",\"@id\":\"https:\\\/\\\/redenoticiaz.com.br\\\/litoralsp\\\/#\\\/schema\\\/logo\\\/image\\\/\",\"url\":\"https:\\\/\\\/redenoticiaz.com.br\\\/litoralsp\\\/wp-content\\\/uploads\\\/sites\\\/3\\\/2020\\\/11\\\/logo.jpg\",\"contentUrl\":\"https:\\\/\\\/redenoticiaz.com.br\\\/litoralsp\\\/wp-content\\\/uploads\\\/sites\\\/3\\\/2020\\\/11\\\/logo.jpg\",\"width\":400,\"height\":250,\"caption\":\"Litoral SP\"},\"image\":{\"@id\":\"https:\\\/\\\/redenoticiaz.com.br\\\/litoralsp\\\/#\\\/schema\\\/logo\\\/image\\\/\"}},{\"@type\":\"Person\",\"@id\":\"https:\\\/\\\/redenoticiaz.com.br\\\/litoralsp\\\/#\\\/schema\\\/person\\\/0f0b8a5bdafefe82841e07ae8d81ecb3\",\"name\":\"Leonardo Francisco\",\"image\":{\"@type\":\"ImageObject\",\"inLanguage\":\"pt-BR\",\"@id\":\"https:\\\/\\\/secure.gravatar.com\\\/avatar\\\/a7358cb406a99b682ec6df1e77e31ae82e63601f6784e8a3df411d72b37864da?s=96&d=mm&r=g\",\"url\":\"https:\\\/\\\/secure.gravatar.com\\\/avatar\\\/a7358cb406a99b682ec6df1e77e31ae82e63601f6784e8a3df411d72b37864da?s=96&d=mm&r=g\",\"contentUrl\":\"https:\\\/\\\/secure.gravatar.com\\\/avatar\\\/a7358cb406a99b682ec6df1e77e31ae82e63601f6784e8a3df411d72b37864da?s=96&d=mm&r=g\",\"caption\":\"Leonardo Francisco\"},\"url\":\"https:\\\/\\\/redenoticiaz.com.br\\\/litoralsp\\\/author\\\/leonardo-francisco\"}]}<\/script>\n<!-- \/ Yoast SEO plugin. -->","yoast_head_json":{"title":"Orla de Santos ter\u00e1 refor\u00e7o na seguran\u00e7a durante o R\u00e9veillon - Litoral SP","description":"As praias de Santos estar\u00e3o liberadas para o p\u00fablico no R\u00e9veillon do dia 31. Contudo, um esquema especial ser\u00e1 adotado em toda","robots":{"index":"index","follow":"follow","max-snippet":"max-snippet:-1","max-image-preview":"max-image-preview:large","max-video-preview":"max-video-preview:-1"},"canonical":"https:\/\/redenoticiaz.com.br\/litoralsp\/2021\/12\/29\/orla-de-santos-tera-reforco-na-seguranca-durante-o-reveillon","og_locale":"pt_BR","og_type":"article","og_title":"Orla de Santos ter\u00e1 refor\u00e7o na seguran\u00e7a durante o R\u00e9veillon - Litoral SP","og_description":"As praias de Santos estar\u00e3o liberadas para o p\u00fablico no R\u00e9veillon do dia 31. Contudo, um esquema especial ser\u00e1 adotado em toda","og_url":"https:\/\/redenoticiaz.com.br\/litoralsp\/2021\/12\/29\/orla-de-santos-tera-reforco-na-seguranca-durante-o-reveillon","og_site_name":"Litoral SP","article_published_time":"2021-12-29T22:43:16+00:00","article_modified_time":"2021-12-29T22:43:36+00:00","og_image":[{"width":984,"height":656,"url":"https:\/\/redenoticiaz.com.br\/litoralsp\/wp-content\/uploads\/sites\/3\/2021\/12\/guarda-orla-noite-2.jpg","type":"image\/jpeg"}],"author":"Leonardo Francisco","twitter_card":"summary_large_image","twitter_misc":{"Escrito por":"Leonardo Francisco","Est. tempo de leitura":"1 minuto"},"schema":{"@context":"https:\/\/schema.org","@graph":[{"@type":"Article","@id":"https:\/\/redenoticiaz.com.br\/litoralsp\/2021\/12\/29\/orla-de-santos-tera-reforco-na-seguranca-durante-o-reveillon#article","isPartOf":{"@id":"https:\/\/redenoticiaz.com.br\/litoralsp\/2021\/12\/29\/orla-de-santos-tera-reforco-na-seguranca-durante-o-reveillon"},"author":{"name":"Leonardo Francisco","@id":"https:\/\/redenoticiaz.com.br\/litoralsp\/#\/schema\/person\/0f0b8a5bdafefe82841e07ae8d81ecb3"},"headline":"Orla de Santos ter\u00e1 refor\u00e7o na seguran\u00e7a durante o R\u00e9veillon","datePublished":"2021-12-29T22:43:16+00:00","dateModified":"2021-12-29T22:43:36+00:00","mainEntityOfPage":{"@id":"https:\/\/redenoticiaz.com.br\/litoralsp\/2021\/12\/29\/orla-de-santos-tera-reforco-na-seguranca-durante-o-reveillon"},"wordCount":269,"commentCount":0,"publisher":{"@id":"https:\/\/redenoticiaz.com.br\/litoralsp\/#organization"},"image":{"@id":"https:\/\/redenoticiaz.com.br\/litoralsp\/2021\/12\/29\/orla-de-santos-tera-reforco-na-seguranca-durante-o-reveillon#primaryimage"},"thumbnailUrl":"https:\/\/redenoticiaz.com.br\/litoralsp\/wp-content\/uploads\/sites\/3\/2021\/12\/guarda-orla-noite-2.jpg","keywords":["ESQUEMA DE SEGURAN\u00c7A","ORLA DA PRAIA","QUEIMA DE FOGOS PROIBIDA","R\u00c9VEILLON","Santos"],"articleSection":["Pol\u00edcia","Praia","Santos"],"inLanguage":"pt-BR","potentialAction":[{"@type":"CommentAction","name":"Comment","target":["https:\/\/redenoticiaz.com.br\/litoralsp\/2021\/12\/29\/orla-de-santos-tera-reforco-na-seguranca-durante-o-reveillon#respond"]}]},{"@type":"WebPage","@id":"https:\/\/redenoticiaz.com.br\/litoralsp\/2021\/12\/29\/orla-de-santos-tera-reforco-na-seguranca-durante-o-reveillon","url":"https:\/\/redenoticiaz.com.br\/litoralsp\/2021\/12\/29\/orla-de-santos-tera-reforco-na-seguranca-durante-o-reveillon","name":"Orla de Santos ter\u00e1 refor\u00e7o na seguran\u00e7a durante o R\u00e9veillon - Litoral SP","isPartOf":{"@id":"https:\/\/redenoticiaz.com.br\/litoralsp\/#website"},"primaryImageOfPage":{"@id":"https:\/\/redenoticiaz.com.br\/litoralsp\/2021\/12\/29\/orla-de-santos-tera-reforco-na-seguranca-durante-o-reveillon#primaryimage"},"image":{"@id":"https:\/\/redenoticiaz.com.br\/litoralsp\/2021\/12\/29\/orla-de-santos-tera-reforco-na-seguranca-durante-o-reveillon#primaryimage"},"thumbnailUrl":"https:\/\/redenoticiaz.com.br\/litoralsp\/wp-content\/uploads\/sites\/3\/2021\/12\/guarda-orla-noite-2.jpg","datePublished":"2021-12-29T22:43:16+00:00","dateModified":"2021-12-29T22:43:36+00:00","description":"As praias de Santos estar\u00e3o liberadas para o p\u00fablico no R\u00e9veillon do dia 31. Contudo, um esquema especial ser\u00e1 adotado em toda","inLanguage":"pt-BR","potentialAction":[{"@type":"ReadAction","target":["https:\/\/redenoticiaz.com.br\/litoralsp\/2021\/12\/29\/orla-de-santos-tera-reforco-na-seguranca-durante-o-reveillon"]}]},{"@type":"ImageObject","inLanguage":"pt-BR","@id":"https:\/\/redenoticiaz.com.br\/litoralsp\/2021\/12\/29\/orla-de-santos-tera-reforco-na-seguranca-durante-o-reveillon#primaryimage","url":"https:\/\/redenoticiaz.com.br\/litoralsp\/wp-content\/uploads\/sites\/3\/2021\/12\/guarda-orla-noite-2.jpg","contentUrl":"https:\/\/redenoticiaz.com.br\/litoralsp\/wp-content\/uploads\/sites\/3\/2021\/12\/guarda-orla-noite-2.jpg","width":984,"height":656},{"@type":"WebSite","@id":"https:\/\/redenoticiaz.com.br\/litoralsp\/#website","url":"https:\/\/redenoticiaz.com.br\/litoralsp\/","name":"Litoral SP","description":"Rede NoticiaZ","publisher":{"@id":"https:\/\/redenoticiaz.com.br\/litoralsp\/#organization"},"potentialAction":[{"@type":"SearchAction","target":{"@type":"EntryPoint","urlTemplate":"https:\/\/redenoticiaz.com.br\/litoralsp\/?s={search_term_string}"},"query-input":{"@type":"PropertyValueSpecification","valueRequired":true,"valueName":"search_term_string"}}],"inLanguage":"pt-BR"},{"@type":"Organization","@id":"https:\/\/redenoticiaz.com.br\/litoralsp\/#organization","name":"Litoral SP","url":"https:\/\/redenoticiaz.com.br\/litoralsp\/","logo":{"@type":"ImageObject","inLanguage":"pt-BR","@id":"https:\/\/redenoticiaz.com.br\/litoralsp\/#\/schema\/logo\/image\/","url":"https:\/\/redenoticiaz.com.br\/litoralsp\/wp-content\/uploads\/sites\/3\/2020\/11\/logo.jpg","contentUrl":"https:\/\/redenoticiaz.com.br\/litoralsp\/wp-content\/uploads\/sites\/3\/2020\/11\/logo.jpg","width":400,"height":250,"caption":"Litoral SP"},"image":{"@id":"https:\/\/redenoticiaz.com.br\/litoralsp\/#\/schema\/logo\/image\/"}},{"@type":"Person","@id":"https:\/\/redenoticiaz.com.br\/litoralsp\/#\/schema\/person\/0f0b8a5bdafefe82841e07ae8d81ecb3","name":"Leonardo Francisco","image":{"@type":"ImageObject","inLanguage":"pt-BR","@id":"https:\/\/secure.gravatar.com\/avatar\/a7358cb406a99b682ec6df1e77e31ae82e63601f6784e8a3df411d72b37864da?s=96&d=mm&r=g","url":"https:\/\/secure.gravatar.com\/avatar\/a7358cb406a99b682ec6df1e77e31ae82e63601f6784e8a3df411d72b37864da?s=96&d=mm&r=g","contentUrl":"https:\/\/secure.gravatar.com\/avatar\/a7358cb406a99b682ec6df1e77e31ae82e63601f6784e8a3df411d72b37864da?s=96&d=mm&r=g","caption":"Leonardo Francisco"},"url":"https:\/\/redenoticiaz.com.br\/litoralsp\/author\/leonardo-francisco"}]}},"_links":{"self":[{"href":"https:\/\/redenoticiaz.com.br\/litoralsp\/wp-json\/wp\/v2\/posts\/20468","targetHints":{"allow":["GET"]}}],"collection":[{"href":"https:\/\/redenoticiaz.com.br\/litoralsp\/wp-json\/wp\/v2\/posts"}],"about":[{"href":"https:\/\/redenoticiaz.com.br\/litoralsp\/wp-json\/wp\/v2\/types\/post"}],"author":[{"embeddable":true,"href":"https:\/\/redenoticiaz.com.br\/litoralsp\/wp-json\/wp\/v2\/users\/6"}],"replies":[{"embeddable":true,"href":"https:\/\/redenoticiaz.com.br\/litoralsp\/wp-json\/wp\/v2\/comments?post=20468"}],"version-history":[{"count":1,"href":"https:\/\/redenoticiaz.com.br\/litoralsp\/wp-json\/wp\/v2\/posts\/20468\/revisions"}],"predecessor-version":[{"id":20470,"href":"https:\/\/redenoticiaz.com.br\/litoralsp\/wp-json\/wp\/v2\/posts\/20468\/revisions\/20470"}],"wp:featuredmedia":[{"embeddable":true,"href":"https:\/\/redenoticiaz.com.br\/litoralsp\/wp-json\/wp\/v2\/media\/20469"}],"wp:attachment":[{"href":"https:\/\/redenoticiaz.com.br\/litoralsp\/wp-json\/wp\/v2\/media?parent=20468"}],"wp:term":[{"taxonomy":"category","embeddable":true,"href":"https:\/\/redenoticiaz.com.br\/litoralsp\/wp-json\/wp\/v2\/categories?post=20468"},{"taxonomy":"post_tag","embeddable":true,"href":"https:\/\/redenoticiaz.com.br\/litoralsp\/wp-json\/wp\/v2\/tags?post=20468"}],"curies":[{"name":"wp","href":"https:\/\/api.w.org\/{rel}","templated":true}]}}