{"id":20557,"date":"2021-12-30T19:53:17","date_gmt":"2021-12-30T22:53:17","guid":{"rendered":"https:\/\/redenoticiaz.com.br\/litoralsp\/?p=20557"},"modified":"2021-12-30T19:54:12","modified_gmt":"2021-12-30T22:54:12","slug":"chuva-forte-toma-conta-da-baixada-santista","status":"publish","type":"post","link":"https:\/\/redenoticiaz.com.br\/litoralsp\/2021\/12\/30\/chuva-forte-toma-conta-da-baixada-santista","title":{"rendered":"Chuva forte toma conta da Baixada Santista"},"content":{"rendered":"<p>A previs\u00e3o da <a href=\"http:\/\/www.defesacivil.sp.gov.br\/\">Defesa Civil<\/a> foi confirmada e a <strong>chuva veio com muita intensidade<\/strong> na Baixada Santista nesta quinta-feira (30). As cidades registraram in\u00fameros pontos de alagamentos, provocando uma s\u00e9rie de transtornos. A situa\u00e7\u00e3o mais grave aconteceu em Cubat\u00e3o.<\/p>\n<p>A enchente foi registrada nos bairros do Vale Verde e da Vila Esperan\u00e7a, onde in\u00fameras casas e com\u00e9rcios foram inundados pela \u00e1gua. Por meio de nota, a Coordenadoria Municipal de Defesa Civil (Comdec) informa que choveu 137 mil\u00edmetros entre 12h e 16h desta quinta-feira na cidade.<\/p>\n<div class=\"mc-column content-text active-extra-styles \" data-block-type=\"unstyled\" data-block-weight=\"54\" data-block-id=\"4\">\n<p class=\"content-text__container \" data-track-category=\"Link no Texto\" data-track-links=\"\">Os t\u00e9cnicos da Comdec informam que emitiram avisos informando sobre a poss\u00edvel ocorr\u00eancia de chuvas fortes nesta quinta e sexta (31), avisos esses direcionados aos l\u00edderes das \u00e1reas de riscos mapeadas: Pil\u00f5es, \u00c1gua Fria, Mantiqueira, Cotas, Vila Varandas, Costa Muniz e Vila Noel indo ao encontro do protocolo do Plano Preventivo de Defesa Civil.<\/p>\n<p data-track-category=\"Link no Texto\" data-track-links=\"\">Ainda segundo a Comdec, n\u00e3o houve o acionamento de ocorr\u00eancias\u00a0em nenhuma dessas \u00e1reas mapeadas e tamb\u00e9m n\u00e3o recebeu chamado sobre atendimentos no Vale Verde. De qualquer forma, afirma que continua monitorando os locais e mantem contato com os l\u00edderes comunit\u00e1rios nesses n\u00facleos habitacionais para observar a situa\u00e7\u00e3o.<\/p>\n<h3 data-track-category=\"Link no Texto\">Bertioga<\/h3>\n<p>A Defesa Civil da cidade informou que o \u00edndice pluviom\u00e9trico das \u00faltimas 24 horas \u00e9 de 47 mm e o acumulado de 72 horas est\u00e1 em 49 mm. At\u00e9 o momento, a \u00fanica ocorr\u00eancia registrada foi na quinta-feira (29), no bairro Vista Linda, onde duas \u00e1rvores de grande porte foram atingidas por um raio. Acrescenta, ainda, que est\u00e1 operando pelo Plano Preventivo de Defesa Civil (PPDC), em estado de observa\u00e7\u00e3o.<\/p>\n<h3>Santos<\/h3>\n<figure id=\"attachment_20558\" aria-describedby=\"caption-attachment-20558\" style=\"width: 300px\" class=\"wp-caption alignleft\"><img loading=\"lazy\" decoding=\"async\" class=\"size-medium wp-image-20558\" src=\"https:\/\/redenoticiaz.com.br\/litoralsp\/wp-content\/uploads\/sites\/3\/2021\/12\/caruara-chuva-300x225.jpeg\" alt=\"\" width=\"300\" height=\"225\" srcset=\"https:\/\/redenoticiaz.com.br\/litoralsp\/wp-content\/uploads\/sites\/3\/2021\/12\/caruara-chuva-300x225.jpeg 300w, https:\/\/redenoticiaz.com.br\/litoralsp\/wp-content\/uploads\/sites\/3\/2021\/12\/caruara-chuva-768x576.jpeg 768w, https:\/\/redenoticiaz.com.br\/litoralsp\/wp-content\/uploads\/sites\/3\/2021\/12\/caruara-chuva.jpeg 984w\" sizes=\"auto, (max-width: 300px) 100vw, 300px\" \/><figcaption id=\"caption-attachment-20558\" class=\"wp-caption-text\">Cr\u00e9ditos: Reprodu\u00e7\u00e3o\/Portal Caruara.<\/figcaption><\/figure>\n<p>J\u00e1 em Santos, pra variar, a Avenida Nossa Senhora de F\u00e1tima foi a que mais sofreu com o alagamento. De acordo com a Companhia de Engenharia de Tr\u00e1fego (CET-Santos), os dois sentidos da pista entre as Ruas Boris kauffmann e Ana Santos foram afetados. Ve\u00edculos pequenos est\u00e3o passando apenas pela faixa da esquerda. Al\u00e9m disso, h\u00e1 alagamento tamb\u00e9m na Avenida Conselheiro N\u00e9bias x Rua Jo\u00e3o Pessoa.<\/p>\n<div class=\"mc-column content-text active-extra-styles \" data-block-type=\"unstyled\" data-block-weight=\"80\" data-block-id=\"12\">\n<p class=\"content-text__container \" data-track-category=\"Link no Texto\" data-track-links=\"\">De acordo com a Defesa Civil at\u00e9 o momento n\u00e3o h\u00e1 registro de ocorr\u00eancias. O \u00edndice pluviom\u00e9trico acumulado das \u00faltimas 72 horas \u00e9 18 mm. O acumulado do m\u00eas de dezembro\/2021 at\u00e9 o momento \u00e9 de 259,8 mm. Os morros est\u00e3o em estado de observa\u00e7\u00e3o. Em caso de urg\u00eancia, a popula\u00e7\u00e3o pode acionar a Defesa Civil pelo n\u00famero 199. Para receber os boletins meteorol\u00f3gicos, a popula\u00e7\u00e3o pode se cadastrar enviando mensagem por SMS para o n\u00famero 40199, informando o CEP.<\/p>\n<h3 data-track-category=\"Link no Texto\">Praia Grande e S\u00e3o Vicente<\/h3>\n<p>A Prefeitura de Praia Grande informou que n\u00e3o houve ocorr\u00eancias em decorr\u00eancia da chuva desta tarde. O \u00edndice pluviom\u00e9trico das \u00faltimas 72 horas \u00e9 de 5 mil\u00edmetros e a medi\u00e7\u00e3o ocorre diariamente, pela manh\u00e3. O \u00f3rg\u00e3o informa que equipes est\u00e3o de prontid\u00e3o 24 horas por dia acompanhando a incid\u00eancia das chuvas e pede que a popula\u00e7\u00e3o entre em contato, caso note algum problema neste sentido, atrav\u00e9s dos telefones 199 e 153.<\/p>\n<div class=\"mc-column content-text active-extra-styles \" data-block-type=\"unstyled\" data-block-weight=\"50\" data-block-id=\"16\">\n<p class=\"content-text__container \" data-track-category=\"Link no Texto\" data-track-links=\"\">J\u00e1 em S\u00e3o Vicente, a Defesa Civil informa que n\u00e3o registrou ocorr\u00eancias relacionadas \u00e0 chuva desta quinta. Agentes da Defesa Civil continuam fazendo monitoramento nas \u00e1reas de riscos. Entre 12h e 15h o \u00edndice pluviom\u00e9trico foi de 13,2 mm. O n\u00edvel vigente \u00e9 de observa\u00e7\u00e3o.<\/p>\n<\/div>\n<div class=\"content-ads content-ads--reveal\" data-block-type=\"ads\" data-block-id=\"17\"><\/div>\n<div class=\"mc-column content-text active-extra-styles \" data-block-type=\"unstyled\" data-block-weight=\"39\" data-block-id=\"18\">\n<p class=\"content-text__container \" data-track-category=\"Link no Texto\" data-track-links=\"\">A cidade registrou pontos de alagamento em vias pr\u00f3ximo \u00e0 Linha Azul (via que corta os bairros Guassu, Catiapo\u00e3, J\u00f3quei, Parque S\u00e3o Vicente e Cidade N\u00e1utica); algumas ruas da Vila Margarida; e Centro, sem preju\u00edzo ao tr\u00e1fego de ve\u00edculos.<\/p>\n<h3 data-track-category=\"Link no Texto\">O que diz a Sabesp?<\/h3>\n<p>A Sabesp foi procurada e respondeu que devido \u00e0s fortes chuvas registradas nesta quinta-feira em toda a regi\u00e3o da Baixada Santista, t\u00e9cnicos v\u00eam providenciando emergencialmente medidas corretivas e manuten\u00e7\u00f5es para desobstru\u00e7\u00e3o dos pontos de capta\u00e7\u00e3o de \u00e1gua dos rios que servem o sistema integrado de abastecimento de \u00e1gua da regi\u00e3o.<\/p>\n<div class=\"mc-column content-text active-extra-styles \" data-block-type=\"unstyled\" data-block-weight=\"42\" data-block-id=\"22\">\n<p class=\"content-text__container \" data-track-category=\"Link no Texto\" data-track-links=\"\">Segundo a companhia, os temporais aumentam rapidamente o volume dos mananciais e com isso deslocam grande quantidade de lama, pedras, troncos e galhos de \u00e1rvores, entre outros materiais que atingem as capta\u00e7\u00f5es e comprometem as condi\u00e7\u00f5es para o tratamento da \u00e1gua bruta.<\/p>\n<\/div>\n<div class=\"content-ads content-ads--reveal\" data-block-type=\"ads\" data-block-id=\"23\"><\/div>\n<div class=\"mc-column content-text active-extra-styles \" data-block-type=\"unstyled\" data-block-weight=\"43\" data-block-id=\"24\">\n<p class=\"content-text__container \" data-track-category=\"Link no Texto\" data-track-links=\"\">As equipes est\u00e3o providenciando manobras para minimizar os reflexos ao consumo interno dos im\u00f3veis at\u00e9 que a situa\u00e7\u00e3o se normalize e os trabalhos sejam conclu\u00eddos. A distribui\u00e7\u00e3o de \u00e1gua est\u00e1 sendo mantida com o n\u00edvel dos reservat\u00f3rios da companhia localizados em cada munic\u00edpio.<\/p>\n<\/div>\n<div class=\"mc-column content-text active-extra-styles \" data-block-type=\"unstyled\" data-block-weight=\"49\" data-block-id=\"25\">\n<p class=\"content-text__container \" data-track-category=\"Link no Texto\" data-track-links=\"\">Durante a recupera\u00e7\u00e3o do sistema, a Sabesp pede que os moradores economizem no uso da \u00e1gua dos reservat\u00f3rios domiciliares. N\u00e3o sentir\u00e3o altera\u00e7\u00e3o no consumo os ocupantes de im\u00f3veis que possuam caixas-d\u2019\u00e1gua dimensionadas para, ao menos, 24 horas de consumo, de acordo com as normas t\u00e9cnicas para instala\u00e7\u00f5es prediais.<\/p>\n<\/div>\n<div class=\"mc-column content-text active-extra-styles \" data-block-type=\"unstyled\" data-block-weight=\"33\" data-block-id=\"26\">\n<p class=\"content-text__container \" data-track-category=\"Link no Texto\" data-track-links=\"\">A Sabesp informa que disponibiliza caminh\u00f5es-tanque para atender emerg\u00eancias. Para isso, a popula\u00e7\u00e3o deve entrar em contato pelos canais de atendimento da empresa, durante 24 horas, pelos telefones 195 ou 0800-0550195 (liga\u00e7\u00e3o gratuita).<\/p>\n<p data-track-category=\"Link no Texto\" data-track-links=\"\"><strong>LEIA TAMB\u00c9M<\/strong><\/p>\n<p data-track-category=\"Link no Texto\" data-track-links=\"\"><a href=\"https:\/\/redenoticiaz.com.br\/litoralsp\/2021\/12\/30\/antes-do-temporal-publico-vai-em-massa-ate-as-praias-do-litoral-norte\">Antes do temporal, p\u00fablico vai em massa at\u00e9 as praias do Litoral Norte<\/a><\/p>\n<\/div>\n<\/div>\n<\/div>\n<\/div>\n","protected":false},"excerpt":{"rendered":"<p>A previs\u00e3o da Defesa Civil foi confirmada e a chuva veio com muita intensidade na Baixada Santista nesta quinta-feira (30). As cidades registraram in\u00fameros pontos de alagamentos, provocando uma s\u00e9rie de transtornos. A situa\u00e7\u00e3o mais grave aconteceu em Cubat\u00e3o. A enchente foi registrada nos bairros do Vale Verde e da Vila Esperan\u00e7a, onde in\u00fameras casas &hellip;<\/p>\n","protected":false},"author":6,"featured_media":20559,"comment_status":"open","ping_status":"closed","sticky":false,"template":"","format":"standard","meta":{"footnotes":""},"categories":[1107,186,182,180,181],"tags":[1148,5552,1024,1151,5423,7351,986,7415],"class_list":["post-20557","post","type-post","status-publish","format-standard","has-post-thumbnail","hentry","category-bertioga","category-cubatao","category-praia-grande","category-santos","category-sao-vicente","tag-baixada-santista","tag-chuva-forte","tag-cubatao","tag-defesa-civil","tag-enchentes","tag-sabesp","tag-santos","tag-temporal"],"yoast_head":"<!-- This site is optimized with the Yoast SEO plugin v27.5 - https:\/\/yoast.com\/product\/yoast-seo-wordpress\/ -->\n<title>Chuva forte toma conta da Baixada Santista - Litoral SP<\/title>\n<meta name=\"description\" content=\"A previs\u00e3o da Defesa Civil foi confirmada e a chuva veio com muita intensidade na Baixada Santista nesta quinta-feira (30). As cidades\" \/>\n<meta name=\"robots\" content=\"index, follow, max-snippet:-1, max-image-preview:large, max-video-preview:-1\" \/>\n<link rel=\"canonical\" href=\"https:\/\/redenoticiaz.com.br\/litoralsp\/2021\/12\/30\/chuva-forte-toma-conta-da-baixada-santista\" \/>\n<meta property=\"og:locale\" content=\"pt_BR\" \/>\n<meta property=\"og:type\" content=\"article\" \/>\n<meta property=\"og:title\" content=\"Chuva forte toma conta da Baixada Santista - Litoral SP\" \/>\n<meta property=\"og:description\" content=\"A previs\u00e3o da Defesa Civil foi confirmada e a chuva veio com muita intensidade na Baixada Santista nesta quinta-feira (30). As cidades\" \/>\n<meta property=\"og:url\" content=\"https:\/\/redenoticiaz.com.br\/litoralsp\/2021\/12\/30\/chuva-forte-toma-conta-da-baixada-santista\" \/>\n<meta property=\"og:site_name\" content=\"Litoral SP\" \/>\n<meta property=\"article:published_time\" content=\"2021-12-30T22:53:17+00:00\" \/>\n<meta property=\"article:modified_time\" content=\"2021-12-30T22:54:12+00:00\" \/>\n<meta property=\"og:image\" content=\"https:\/\/redenoticiaz.com.br\/litoralsp\/wp-content\/uploads\/sites\/3\/2021\/12\/vale-verde-e1640976343256.jpeg\" \/>\n\t<meta property=\"og:image:width\" content=\"977\" \/>\n\t<meta property=\"og:image:height\" content=\"691\" \/>\n\t<meta property=\"og:image:type\" content=\"image\/jpeg\" \/>\n<meta name=\"author\" content=\"Leonardo Francisco\" \/>\n<meta name=\"twitter:card\" content=\"summary_large_image\" \/>\n<meta name=\"twitter:label1\" content=\"Escrito por\" \/>\n\t<meta name=\"twitter:data1\" content=\"Leonardo Francisco\" \/>\n\t<meta name=\"twitter:label2\" content=\"Est. tempo de leitura\" \/>\n\t<meta name=\"twitter:data2\" content=\"4 minutos\" \/>\n<script type=\"application\/ld+json\" class=\"yoast-schema-graph\">{\"@context\":\"https:\\\/\\\/schema.org\",\"@graph\":[{\"@type\":\"Article\",\"@id\":\"https:\\\/\\\/redenoticiaz.com.br\\\/litoralsp\\\/2021\\\/12\\\/30\\\/chuva-forte-toma-conta-da-baixada-santista#article\",\"isPartOf\":{\"@id\":\"https:\\\/\\\/redenoticiaz.com.br\\\/litoralsp\\\/2021\\\/12\\\/30\\\/chuva-forte-toma-conta-da-baixada-santista\"},\"author\":{\"name\":\"Leonardo Francisco\",\"@id\":\"https:\\\/\\\/redenoticiaz.com.br\\\/litoralsp\\\/#\\\/schema\\\/person\\\/0f0b8a5bdafefe82841e07ae8d81ecb3\"},\"headline\":\"Chuva forte toma conta da Baixada Santista\",\"datePublished\":\"2021-12-30T22:53:17+00:00\",\"dateModified\":\"2021-12-30T22:54:12+00:00\",\"mainEntityOfPage\":{\"@id\":\"https:\\\/\\\/redenoticiaz.com.br\\\/litoralsp\\\/2021\\\/12\\\/30\\\/chuva-forte-toma-conta-da-baixada-santista\"},\"wordCount\":895,\"commentCount\":0,\"publisher\":{\"@id\":\"https:\\\/\\\/redenoticiaz.com.br\\\/litoralsp\\\/#organization\"},\"image\":{\"@id\":\"https:\\\/\\\/redenoticiaz.com.br\\\/litoralsp\\\/2021\\\/12\\\/30\\\/chuva-forte-toma-conta-da-baixada-santista#primaryimage\"},\"thumbnailUrl\":\"https:\\\/\\\/redenoticiaz.com.br\\\/litoralsp\\\/wp-content\\\/uploads\\\/sites\\\/3\\\/2021\\\/12\\\/vale-verde-e1640976343256.jpeg\",\"keywords\":[\"BAIXADA SANTISTA\",\"CHUVA FORTE\",\"CUBAT\u00c3O\",\"DEFESA CIVIL\",\"ENCHENTES\",\"SABESP\",\"Santos\",\"TEMPORAL\"],\"articleSection\":[\"Bertioga\",\"Cubat\u00e3o\",\"Praia Grande\",\"Santos\",\"S\u00e3o Vicente\"],\"inLanguage\":\"pt-BR\",\"potentialAction\":[{\"@type\":\"CommentAction\",\"name\":\"Comment\",\"target\":[\"https:\\\/\\\/redenoticiaz.com.br\\\/litoralsp\\\/2021\\\/12\\\/30\\\/chuva-forte-toma-conta-da-baixada-santista#respond\"]}]},{\"@type\":\"WebPage\",\"@id\":\"https:\\\/\\\/redenoticiaz.com.br\\\/litoralsp\\\/2021\\\/12\\\/30\\\/chuva-forte-toma-conta-da-baixada-santista\",\"url\":\"https:\\\/\\\/redenoticiaz.com.br\\\/litoralsp\\\/2021\\\/12\\\/30\\\/chuva-forte-toma-conta-da-baixada-santista\",\"name\":\"Chuva forte toma conta da Baixada Santista - Litoral SP\",\"isPartOf\":{\"@id\":\"https:\\\/\\\/redenoticiaz.com.br\\\/litoralsp\\\/#website\"},\"primaryImageOfPage\":{\"@id\":\"https:\\\/\\\/redenoticiaz.com.br\\\/litoralsp\\\/2021\\\/12\\\/30\\\/chuva-forte-toma-conta-da-baixada-santista#primaryimage\"},\"image\":{\"@id\":\"https:\\\/\\\/redenoticiaz.com.br\\\/litoralsp\\\/2021\\\/12\\\/30\\\/chuva-forte-toma-conta-da-baixada-santista#primaryimage\"},\"thumbnailUrl\":\"https:\\\/\\\/redenoticiaz.com.br\\\/litoralsp\\\/wp-content\\\/uploads\\\/sites\\\/3\\\/2021\\\/12\\\/vale-verde-e1640976343256.jpeg\",\"datePublished\":\"2021-12-30T22:53:17+00:00\",\"dateModified\":\"2021-12-30T22:54:12+00:00\",\"description\":\"A previs\u00e3o da Defesa Civil foi confirmada e a chuva veio com muita intensidade na Baixada Santista nesta quinta-feira (30). As cidades\",\"inLanguage\":\"pt-BR\",\"potentialAction\":[{\"@type\":\"ReadAction\",\"target\":[\"https:\\\/\\\/redenoticiaz.com.br\\\/litoralsp\\\/2021\\\/12\\\/30\\\/chuva-forte-toma-conta-da-baixada-santista\"]}]},{\"@type\":\"ImageObject\",\"inLanguage\":\"pt-BR\",\"@id\":\"https:\\\/\\\/redenoticiaz.com.br\\\/litoralsp\\\/2021\\\/12\\\/30\\\/chuva-forte-toma-conta-da-baixada-santista#primaryimage\",\"url\":\"https:\\\/\\\/redenoticiaz.com.br\\\/litoralsp\\\/wp-content\\\/uploads\\\/sites\\\/3\\\/2021\\\/12\\\/vale-verde-e1640976343256.jpeg\",\"contentUrl\":\"https:\\\/\\\/redenoticiaz.com.br\\\/litoralsp\\\/wp-content\\\/uploads\\\/sites\\\/3\\\/2021\\\/12\\\/vale-verde-e1640976343256.jpeg\",\"width\":977,\"height\":691,\"caption\":\"O Vale Verde, em Cubat\u00e3o, foi um dos mais afetados na regi\u00e3o. Cr\u00e9ditos: Reprodu\u00e7\u00e3o\\\/Cubat\u00e3o Mil Grau\"},{\"@type\":\"WebSite\",\"@id\":\"https:\\\/\\\/redenoticiaz.com.br\\\/litoralsp\\\/#website\",\"url\":\"https:\\\/\\\/redenoticiaz.com.br\\\/litoralsp\\\/\",\"name\":\"Litoral SP\",\"description\":\"Rede NoticiaZ\",\"publisher\":{\"@id\":\"https:\\\/\\\/redenoticiaz.com.br\\\/litoralsp\\\/#organization\"},\"potentialAction\":[{\"@type\":\"SearchAction\",\"target\":{\"@type\":\"EntryPoint\",\"urlTemplate\":\"https:\\\/\\\/redenoticiaz.com.br\\\/litoralsp\\\/?s={search_term_string}\"},\"query-input\":{\"@type\":\"PropertyValueSpecification\",\"valueRequired\":true,\"valueName\":\"search_term_string\"}}],\"inLanguage\":\"pt-BR\"},{\"@type\":\"Organization\",\"@id\":\"https:\\\/\\\/redenoticiaz.com.br\\\/litoralsp\\\/#organization\",\"name\":\"Litoral SP\",\"url\":\"https:\\\/\\\/redenoticiaz.com.br\\\/litoralsp\\\/\",\"logo\":{\"@type\":\"ImageObject\",\"inLanguage\":\"pt-BR\",\"@id\":\"https:\\\/\\\/redenoticiaz.com.br\\\/litoralsp\\\/#\\\/schema\\\/logo\\\/image\\\/\",\"url\":\"https:\\\/\\\/redenoticiaz.com.br\\\/litoralsp\\\/wp-content\\\/uploads\\\/sites\\\/3\\\/2020\\\/11\\\/logo.jpg\",\"contentUrl\":\"https:\\\/\\\/redenoticiaz.com.br\\\/litoralsp\\\/wp-content\\\/uploads\\\/sites\\\/3\\\/2020\\\/11\\\/logo.jpg\",\"width\":400,\"height\":250,\"caption\":\"Litoral SP\"},\"image\":{\"@id\":\"https:\\\/\\\/redenoticiaz.com.br\\\/litoralsp\\\/#\\\/schema\\\/logo\\\/image\\\/\"}},{\"@type\":\"Person\",\"@id\":\"https:\\\/\\\/redenoticiaz.com.br\\\/litoralsp\\\/#\\\/schema\\\/person\\\/0f0b8a5bdafefe82841e07ae8d81ecb3\",\"name\":\"Leonardo Francisco\",\"image\":{\"@type\":\"ImageObject\",\"inLanguage\":\"pt-BR\",\"@id\":\"https:\\\/\\\/secure.gravatar.com\\\/avatar\\\/a7358cb406a99b682ec6df1e77e31ae82e63601f6784e8a3df411d72b37864da?s=96&d=mm&r=g\",\"url\":\"https:\\\/\\\/secure.gravatar.com\\\/avatar\\\/a7358cb406a99b682ec6df1e77e31ae82e63601f6784e8a3df411d72b37864da?s=96&d=mm&r=g\",\"contentUrl\":\"https:\\\/\\\/secure.gravatar.com\\\/avatar\\\/a7358cb406a99b682ec6df1e77e31ae82e63601f6784e8a3df411d72b37864da?s=96&d=mm&r=g\",\"caption\":\"Leonardo Francisco\"},\"url\":\"https:\\\/\\\/redenoticiaz.com.br\\\/litoralsp\\\/author\\\/leonardo-francisco\"}]}<\/script>\n<!-- \/ Yoast SEO plugin. -->","yoast_head_json":{"title":"Chuva forte toma conta da Baixada Santista - Litoral SP","description":"A previs\u00e3o da Defesa Civil foi confirmada e a chuva veio com muita intensidade na Baixada Santista nesta quinta-feira (30). As cidades","robots":{"index":"index","follow":"follow","max-snippet":"max-snippet:-1","max-image-preview":"max-image-preview:large","max-video-preview":"max-video-preview:-1"},"canonical":"https:\/\/redenoticiaz.com.br\/litoralsp\/2021\/12\/30\/chuva-forte-toma-conta-da-baixada-santista","og_locale":"pt_BR","og_type":"article","og_title":"Chuva forte toma conta da Baixada Santista - Litoral SP","og_description":"A previs\u00e3o da Defesa Civil foi confirmada e a chuva veio com muita intensidade na Baixada Santista nesta quinta-feira (30). As cidades","og_url":"https:\/\/redenoticiaz.com.br\/litoralsp\/2021\/12\/30\/chuva-forte-toma-conta-da-baixada-santista","og_site_name":"Litoral SP","article_published_time":"2021-12-30T22:53:17+00:00","article_modified_time":"2021-12-30T22:54:12+00:00","og_image":[{"width":977,"height":691,"url":"https:\/\/redenoticiaz.com.br\/litoralsp\/wp-content\/uploads\/sites\/3\/2021\/12\/vale-verde-e1640976343256.jpeg","type":"image\/jpeg"}],"author":"Leonardo Francisco","twitter_card":"summary_large_image","twitter_misc":{"Escrito por":"Leonardo Francisco","Est. tempo de leitura":"4 minutos"},"schema":{"@context":"https:\/\/schema.org","@graph":[{"@type":"Article","@id":"https:\/\/redenoticiaz.com.br\/litoralsp\/2021\/12\/30\/chuva-forte-toma-conta-da-baixada-santista#article","isPartOf":{"@id":"https:\/\/redenoticiaz.com.br\/litoralsp\/2021\/12\/30\/chuva-forte-toma-conta-da-baixada-santista"},"author":{"name":"Leonardo Francisco","@id":"https:\/\/redenoticiaz.com.br\/litoralsp\/#\/schema\/person\/0f0b8a5bdafefe82841e07ae8d81ecb3"},"headline":"Chuva forte toma conta da Baixada Santista","datePublished":"2021-12-30T22:53:17+00:00","dateModified":"2021-12-30T22:54:12+00:00","mainEntityOfPage":{"@id":"https:\/\/redenoticiaz.com.br\/litoralsp\/2021\/12\/30\/chuva-forte-toma-conta-da-baixada-santista"},"wordCount":895,"commentCount":0,"publisher":{"@id":"https:\/\/redenoticiaz.com.br\/litoralsp\/#organization"},"image":{"@id":"https:\/\/redenoticiaz.com.br\/litoralsp\/2021\/12\/30\/chuva-forte-toma-conta-da-baixada-santista#primaryimage"},"thumbnailUrl":"https:\/\/redenoticiaz.com.br\/litoralsp\/wp-content\/uploads\/sites\/3\/2021\/12\/vale-verde-e1640976343256.jpeg","keywords":["BAIXADA SANTISTA","CHUVA FORTE","CUBAT\u00c3O","DEFESA CIVIL","ENCHENTES","SABESP","Santos","TEMPORAL"],"articleSection":["Bertioga","Cubat\u00e3o","Praia Grande","Santos","S\u00e3o Vicente"],"inLanguage":"pt-BR","potentialAction":[{"@type":"CommentAction","name":"Comment","target":["https:\/\/redenoticiaz.com.br\/litoralsp\/2021\/12\/30\/chuva-forte-toma-conta-da-baixada-santista#respond"]}]},{"@type":"WebPage","@id":"https:\/\/redenoticiaz.com.br\/litoralsp\/2021\/12\/30\/chuva-forte-toma-conta-da-baixada-santista","url":"https:\/\/redenoticiaz.com.br\/litoralsp\/2021\/12\/30\/chuva-forte-toma-conta-da-baixada-santista","name":"Chuva forte toma conta da Baixada Santista - Litoral SP","isPartOf":{"@id":"https:\/\/redenoticiaz.com.br\/litoralsp\/#website"},"primaryImageOfPage":{"@id":"https:\/\/redenoticiaz.com.br\/litoralsp\/2021\/12\/30\/chuva-forte-toma-conta-da-baixada-santista#primaryimage"},"image":{"@id":"https:\/\/redenoticiaz.com.br\/litoralsp\/2021\/12\/30\/chuva-forte-toma-conta-da-baixada-santista#primaryimage"},"thumbnailUrl":"https:\/\/redenoticiaz.com.br\/litoralsp\/wp-content\/uploads\/sites\/3\/2021\/12\/vale-verde-e1640976343256.jpeg","datePublished":"2021-12-30T22:53:17+00:00","dateModified":"2021-12-30T22:54:12+00:00","description":"A previs\u00e3o da Defesa Civil foi confirmada e a chuva veio com muita intensidade na Baixada Santista nesta quinta-feira (30). As cidades","inLanguage":"pt-BR","potentialAction":[{"@type":"ReadAction","target":["https:\/\/redenoticiaz.com.br\/litoralsp\/2021\/12\/30\/chuva-forte-toma-conta-da-baixada-santista"]}]},{"@type":"ImageObject","inLanguage":"pt-BR","@id":"https:\/\/redenoticiaz.com.br\/litoralsp\/2021\/12\/30\/chuva-forte-toma-conta-da-baixada-santista#primaryimage","url":"https:\/\/redenoticiaz.com.br\/litoralsp\/wp-content\/uploads\/sites\/3\/2021\/12\/vale-verde-e1640976343256.jpeg","contentUrl":"https:\/\/redenoticiaz.com.br\/litoralsp\/wp-content\/uploads\/sites\/3\/2021\/12\/vale-verde-e1640976343256.jpeg","width":977,"height":691,"caption":"O Vale Verde, em Cubat\u00e3o, foi um dos mais afetados na regi\u00e3o. Cr\u00e9ditos: Reprodu\u00e7\u00e3o\/Cubat\u00e3o Mil Grau"},{"@type":"WebSite","@id":"https:\/\/redenoticiaz.com.br\/litoralsp\/#website","url":"https:\/\/redenoticiaz.com.br\/litoralsp\/","name":"Litoral SP","description":"Rede NoticiaZ","publisher":{"@id":"https:\/\/redenoticiaz.com.br\/litoralsp\/#organization"},"potentialAction":[{"@type":"SearchAction","target":{"@type":"EntryPoint","urlTemplate":"https:\/\/redenoticiaz.com.br\/litoralsp\/?s={search_term_string}"},"query-input":{"@type":"PropertyValueSpecification","valueRequired":true,"valueName":"search_term_string"}}],"inLanguage":"pt-BR"},{"@type":"Organization","@id":"https:\/\/redenoticiaz.com.br\/litoralsp\/#organization","name":"Litoral SP","url":"https:\/\/redenoticiaz.com.br\/litoralsp\/","logo":{"@type":"ImageObject","inLanguage":"pt-BR","@id":"https:\/\/redenoticiaz.com.br\/litoralsp\/#\/schema\/logo\/image\/","url":"https:\/\/redenoticiaz.com.br\/litoralsp\/wp-content\/uploads\/sites\/3\/2020\/11\/logo.jpg","contentUrl":"https:\/\/redenoticiaz.com.br\/litoralsp\/wp-content\/uploads\/sites\/3\/2020\/11\/logo.jpg","width":400,"height":250,"caption":"Litoral SP"},"image":{"@id":"https:\/\/redenoticiaz.com.br\/litoralsp\/#\/schema\/logo\/image\/"}},{"@type":"Person","@id":"https:\/\/redenoticiaz.com.br\/litoralsp\/#\/schema\/person\/0f0b8a5bdafefe82841e07ae8d81ecb3","name":"Leonardo Francisco","image":{"@type":"ImageObject","inLanguage":"pt-BR","@id":"https:\/\/secure.gravatar.com\/avatar\/a7358cb406a99b682ec6df1e77e31ae82e63601f6784e8a3df411d72b37864da?s=96&d=mm&r=g","url":"https:\/\/secure.gravatar.com\/avatar\/a7358cb406a99b682ec6df1e77e31ae82e63601f6784e8a3df411d72b37864da?s=96&d=mm&r=g","contentUrl":"https:\/\/secure.gravatar.com\/avatar\/a7358cb406a99b682ec6df1e77e31ae82e63601f6784e8a3df411d72b37864da?s=96&d=mm&r=g","caption":"Leonardo Francisco"},"url":"https:\/\/redenoticiaz.com.br\/litoralsp\/author\/leonardo-francisco"}]}},"_links":{"self":[{"href":"https:\/\/redenoticiaz.com.br\/litoralsp\/wp-json\/wp\/v2\/posts\/20557","targetHints":{"allow":["GET"]}}],"collection":[{"href":"https:\/\/redenoticiaz.com.br\/litoralsp\/wp-json\/wp\/v2\/posts"}],"about":[{"href":"https:\/\/redenoticiaz.com.br\/litoralsp\/wp-json\/wp\/v2\/types\/post"}],"author":[{"embeddable":true,"href":"https:\/\/redenoticiaz.com.br\/litoralsp\/wp-json\/wp\/v2\/users\/6"}],"replies":[{"embeddable":true,"href":"https:\/\/redenoticiaz.com.br\/litoralsp\/wp-json\/wp\/v2\/comments?post=20557"}],"version-history":[{"count":1,"href":"https:\/\/redenoticiaz.com.br\/litoralsp\/wp-json\/wp\/v2\/posts\/20557\/revisions"}],"predecessor-version":[{"id":20560,"href":"https:\/\/redenoticiaz.com.br\/litoralsp\/wp-json\/wp\/v2\/posts\/20557\/revisions\/20560"}],"wp:featuredmedia":[{"embeddable":true,"href":"https:\/\/redenoticiaz.com.br\/litoralsp\/wp-json\/wp\/v2\/media\/20559"}],"wp:attachment":[{"href":"https:\/\/redenoticiaz.com.br\/litoralsp\/wp-json\/wp\/v2\/media?parent=20557"}],"wp:term":[{"taxonomy":"category","embeddable":true,"href":"https:\/\/redenoticiaz.com.br\/litoralsp\/wp-json\/wp\/v2\/categories?post=20557"},{"taxonomy":"post_tag","embeddable":true,"href":"https:\/\/redenoticiaz.com.br\/litoralsp\/wp-json\/wp\/v2\/tags?post=20557"}],"curies":[{"name":"wp","href":"https:\/\/api.w.org\/{rel}","templated":true}]}}