{"id":20609,"date":"2021-12-31T12:23:13","date_gmt":"2021-12-31T15:23:13","guid":{"rendered":"https:\/\/redenoticiaz.com.br\/litoralsp\/2021\/12\/31\/fogos-de-artificio-um-panico-para-caes-e-gatos"},"modified":"2021-12-31T12:26:08","modified_gmt":"2021-12-31T15:26:08","slug":"fogos-de-artificio-um-panico-para-caes-e-gatos","status":"publish","type":"post","link":"https:\/\/redenoticiaz.com.br\/litoralsp\/2021\/12\/31\/fogos-de-artificio-um-panico-para-caes-e-gatos","title":{"rendered":"Fogos de artif\u00edcio: um p\u00e2nico para c\u00e3es e gatos"},"content":{"rendered":"<p>Toda virada de ano a hist\u00f3ria se repete. Chega o R\u00e9veillon e com ela a queima de fogos. Para os <strong>donos de c\u00e3es e gatos<\/strong> \u00e9 um momento de caos, pois eles podem fugir e tamb\u00e9m provoca estresse que \u00e9 capaz de mat\u00e1-los.\u00a0O problema \u00e9 t\u00e3o grave que motivou a proibi\u00e7\u00e3o de fogos de artif\u00edcio com som alto em cidades como <a href=\"https:\/\/www.capital.sp.gov.br\/\">S\u00e3o Paulo<\/a>, Cuiab\u00e1, Campo Grande, Curitiba e Rio de Janeiro, al\u00e9m do Distrito Federal. A medida beneficia n\u00e3o s\u00f3 animais, mas tamb\u00e9m idosos, autistas, beb\u00eas e enfermos.<img decoding=\"async\" src=\"https:\/\/agenciabrasil.ebc.com.br\/ebc.png?id=1434382&amp;o=node\" \/><img decoding=\"async\" src=\"https:\/\/agenciabrasil.ebc.com.br\/ebc.gif?id=1434382&amp;o=node\" \/><\/p>\n<p>Os c\u00e3es t\u00eam a capacidade auditiva maior que a dos humanos e, para eles, barulhos acima de 60 decib\u00e9is, que equivale a uma conversa em tom alto, podem causar estresse f\u00edsico e psicol\u00f3gico, segundo o Conselho Federal de Medicina Veterin\u00e1ria (CFMV). O ouvido canino \u00e9 capaz de perceber uma frequ\u00eancia maior de sons, se comparado a humanos, e podem detectar sons quatro vezes mais distantes. Por esse motivo, a queima de fogos com barulho, em comemora\u00e7\u00f5es como o\u00a0<em>r\u00e9veillon<\/em>, torna-se um momento de desespero para os animais, silvestres e dom\u00e9sticos.<\/p>\n<h3>Justificativas<\/h3>\n<p>\u201cEsse \u00e9 um problema ser\u00edssimo\u201d, diz o m\u00e9dico-veterin\u00e1rio Daniel Prates, propriet\u00e1rio de uma cl\u00ednica no Distrito Federal. \u201cJ\u00e1 atendi um c\u00e3o que atravessou uma vidra\u00e7a [durante a queima de fogos]. Chegou aqui cheio de cacos de vidro enfiados na regi\u00e3o de rosto, peito e pesco\u00e7o. Por sorte n\u00e3o cortou a jugular ou entrou vidro nos olhos. Tamb\u00e9m atendi o caso de um c\u00e3o que morreu de infarto\u201d, conta.<\/p>\n<p>Al\u00e9m disso, Prates adverte sobre os riscos de fuga do animal e de acidentes. \u201cJ\u00e1 recebemos um cachorro que saiu pelo port\u00e3o assustado, atravessou a rua e o carro pegou\u201d. Ele recomenda aos donos de animais muito sens\u00edveis uma aten\u00e7\u00e3o especial na hora da queima de fogos. \u201cAconselho deix\u00e1-los \u00e0 vontade perto dos donos, que \u00e9 onde eles se sentem mais seguros. Se forem presos sozinhos ou deixados do lado de fora da casa pode ocorrer acidentes horr\u00edveis\u201d.<\/p>\n<p>Segundo a m\u00e9dica-veterin\u00e1ria Kellen Oliveira, presidente da Comiss\u00e3o de Bem-Estar Animal do CFMV, muitos filhotes acabam sofrendo um \u201cerro de sociabiliza\u00e7\u00e3o\u201d, que precisa ocorrer no per\u00edodo entre 21 a 90 dias de vida dos c\u00e3es e gatos, e desenvolvem fobias, sobretudo a sons altos como fogos de artif\u00edcio e trovoadas.<\/p>\n<p>\u201cPara isso, alguns animais devem passar por um processo de dessensibiliza\u00e7\u00e3o ou contracondicionamento. E muitos que infelizmente n\u00e3o passam por esse processo podem vir a \u00f3bito por v\u00e1rios motivos. Aos tutores que sabem que seus animais t\u00eam fobia a ru\u00eddos a gente pede uma aten\u00e7\u00e3o especial agora no final do ano\u201d, orienta.<\/p>\n<h3>Dicas<\/h3>\n<p>Mesmo com leis municipais proibindo fogos com estampido (sons de tiro), eles ainda podem ser ouvidos em grandes comemora\u00e7\u00f5es ou dias de final de campeonato de futebol. Por isso, \u00e9 importante que as pessoas tomem algumas provid\u00eancias para atenuar o impacto do barulho excessivo nos seus bichinhos de estima\u00e7\u00e3o. \u201cNesse momento n\u00e3o d\u00e1 para fazer uma dessensibiliza\u00e7\u00e3o, mas a gente tem outras t\u00e9cnicas que podem ser utilizadas que amenizam o sofrimento dos animais\u201d, lembra Kellen Oliveira. O CNMV oferece algumas dicas importantes.<\/p>\n<p>Primeiro, \u00e9 importante manter o animal identificado, com plaquinha na coleira contendo n\u00famero de telefone e\u00a0<em>e-mail<\/em>. Em caso de fuga do bichinho, a chance de recuper\u00e1-lo \u00e9 maior.<\/p>\n<p>Outra dica est\u00e1 na prepara\u00e7\u00e3o de um ambiente acolhedor para o animal. \u201cPrepare o ambiente e acostume seu animal a um espa\u00e7o fechado, que abafe o som dos fogos. Pode ser um quarto, a lavanderia ou a garagem. N\u00e3o deixe seu\u00a0<em>pet<\/em>\u00a0em sacadas, perto de piscinas ou em correntes\u201d, aconselha a entidade. Vale lembrar que os p\u00e1ssaros criados em gaiolas tamb\u00e9m devem ser protegidos.<\/p>\n<p>Esse espa\u00e7o deve conter \u201ctocas\u201d, como espa\u00e7os debaixo da cama ou caixas de transporte. Essas tocas devem ter objetos com o cheiro do dono, principalmente se os donos forem passar a virada do ano longe de seus animais. Os gatos, por sua vez, gostam de se esconder em lugares altos, como no alto de arm\u00e1rios ou prateleiras.<\/p>\n<h3>Mais dicas<\/h3>\n<p>Outra dica do CNMV \u00e9 n\u00e3o deixar comida \u00e0 vontade para seu animalzinho. Se voc\u00ea alimenta seu c\u00e3o duas vezes por dia, o alimente pela manh\u00e3 normalmente e prepare brinquedos reche\u00e1veis com as comidas preferidas dele para fornecer pr\u00f3ximo da hora de maior intensidade dos fogos. Ossos naturais bem grandes, para evitar engasgamentos, podem ser op\u00e7\u00f5es. O objetivo \u00e9 ele estar motivado a se entreter com os brinquedos e ficar menos preocupado com o barulho.<\/p>\n<p>Caso seu animalzinho fique muito estressado, desesperado e tenha convuls\u00f5es ou tente fugir por portas e janelas, uma alternativa \u00e9 usar medicamentos calmantes. Converse com um veterin\u00e1rio a respeito. O importante \u00e9 chegar em 2022 com seus bichinhos de estima\u00e7\u00e3o seguros e acolhidos.<\/p>\n<p><em>Com informa\u00e7\u00f5es da Ag\u00eancia Brasil<\/em><\/p>\n<p><strong>LEIA TAMB\u00c9M<\/strong><\/p>\n<p><a href=\"https:\/\/redenoticiaz.com.br\/blog\/2021\/12\/31\/ano-novo-no-oriente-e-celebrado-de-maneira-discreta\">Ano Novo no Oriente \u00e9 celebrado de maneira discreta<\/a><\/p>\n","protected":false},"excerpt":{"rendered":"<p>Toda virada de ano a hist\u00f3ria se repete. Chega o R\u00e9veillon e com ela a queima de fogos. Para os donos de c\u00e3es e gatos \u00e9 um momento de caos, pois eles podem fugir e tamb\u00e9m provoca estresse que \u00e9 capaz de mat\u00e1-los.\u00a0O problema \u00e9 t\u00e3o grave que motivou a proibi\u00e7\u00e3o de fogos de artif\u00edcio &hellip;<\/p>\n","protected":false},"author":6,"featured_media":20610,"comment_status":"open","ping_status":"closed","sticky":false,"template":"","format":"standard","meta":{"footnotes":""},"categories":[1487],"tags":[37518,173,10728,43442,1906,1271],"class_list":["post-20609","post","type-post","status-publish","format-standard","has-post-thumbnail","hentry","category-meio-ambiente","tag-animais-de-estimacao","tag-brasil","tag-caes","tag-gatos","tag-queima-de-fogos","tag-reveillon"],"yoast_head":"<!-- This site is optimized with the Yoast SEO plugin v27.5 - https:\/\/yoast.com\/product\/yoast-seo-wordpress\/ -->\n<title>Fogos de artif\u00edcio: um p\u00e2nico para c\u00e3es e gatos - Litoral SP<\/title>\n<meta name=\"description\" content=\"Toda virada de ano a hist\u00f3ria se repete. Chega o R\u00e9veillon e com ela a queima de fogos. Para os donos de c\u00e3es e gatos \u00e9 um momento\" \/>\n<meta name=\"robots\" content=\"index, follow, max-snippet:-1, max-image-preview:large, max-video-preview:-1\" \/>\n<link rel=\"canonical\" href=\"https:\/\/redenoticiaz.com.br\/litoralsp\/2021\/12\/31\/fogos-de-artificio-um-panico-para-caes-e-gatos\" \/>\n<meta property=\"og:locale\" content=\"pt_BR\" \/>\n<meta property=\"og:type\" content=\"article\" \/>\n<meta property=\"og:title\" content=\"Fogos de artif\u00edcio: um p\u00e2nico para c\u00e3es e gatos - Litoral SP\" \/>\n<meta property=\"og:description\" content=\"Toda virada de ano a hist\u00f3ria se repete. Chega o R\u00e9veillon e com ela a queima de fogos. Para os donos de c\u00e3es e gatos \u00e9 um momento\" \/>\n<meta property=\"og:url\" content=\"https:\/\/redenoticiaz.com.br\/litoralsp\/2021\/12\/31\/fogos-de-artificio-um-panico-para-caes-e-gatos\" \/>\n<meta property=\"og:site_name\" content=\"Litoral SP\" \/>\n<meta property=\"article:published_time\" content=\"2021-12-31T15:23:13+00:00\" \/>\n<meta property=\"article:modified_time\" content=\"2021-12-31T15:26:08+00:00\" \/>\n<meta property=\"og:image\" content=\"https:\/\/redenoticiaz.com.br\/litoralsp\/wp-content\/uploads\/sites\/3\/2021\/12\/fogos-de-artificio-1068x561-1.jpg\" \/>\n\t<meta property=\"og:image:width\" content=\"1068\" \/>\n\t<meta property=\"og:image:height\" content=\"561\" \/>\n\t<meta property=\"og:image:type\" content=\"image\/jpeg\" \/>\n<meta name=\"author\" content=\"Leonardo Francisco\" \/>\n<meta name=\"twitter:card\" content=\"summary_large_image\" \/>\n<meta name=\"twitter:label1\" content=\"Escrito por\" \/>\n\t<meta name=\"twitter:data1\" content=\"Leonardo Francisco\" \/>\n\t<meta name=\"twitter:label2\" content=\"Est. tempo de leitura\" \/>\n\t<meta name=\"twitter:data2\" content=\"4 minutos\" \/>\n<script type=\"application\/ld+json\" class=\"yoast-schema-graph\">{\"@context\":\"https:\\\/\\\/schema.org\",\"@graph\":[{\"@type\":\"Article\",\"@id\":\"https:\\\/\\\/redenoticiaz.com.br\\\/litoralsp\\\/2021\\\/12\\\/31\\\/fogos-de-artificio-um-panico-para-caes-e-gatos#article\",\"isPartOf\":{\"@id\":\"https:\\\/\\\/redenoticiaz.com.br\\\/litoralsp\\\/2021\\\/12\\\/31\\\/fogos-de-artificio-um-panico-para-caes-e-gatos\"},\"author\":{\"name\":\"Leonardo Francisco\",\"@id\":\"https:\\\/\\\/redenoticiaz.com.br\\\/litoralsp\\\/#\\\/schema\\\/person\\\/0f0b8a5bdafefe82841e07ae8d81ecb3\"},\"headline\":\"Fogos de artif\u00edcio: um p\u00e2nico para c\u00e3es e gatos\",\"datePublished\":\"2021-12-31T15:23:13+00:00\",\"dateModified\":\"2021-12-31T15:26:08+00:00\",\"mainEntityOfPage\":{\"@id\":\"https:\\\/\\\/redenoticiaz.com.br\\\/litoralsp\\\/2021\\\/12\\\/31\\\/fogos-de-artificio-um-panico-para-caes-e-gatos\"},\"wordCount\":871,\"commentCount\":0,\"publisher\":{\"@id\":\"https:\\\/\\\/redenoticiaz.com.br\\\/litoralsp\\\/#organization\"},\"image\":{\"@id\":\"https:\\\/\\\/redenoticiaz.com.br\\\/litoralsp\\\/2021\\\/12\\\/31\\\/fogos-de-artificio-um-panico-para-caes-e-gatos#primaryimage\"},\"thumbnailUrl\":\"https:\\\/\\\/redenoticiaz.com.br\\\/litoralsp\\\/wp-content\\\/uploads\\\/sites\\\/3\\\/2021\\\/12\\\/fogos-de-artificio-1068x561-1.jpg\",\"keywords\":[\"ANIMAIS DE ESTIMA\u00c7\u00c3O\",\"Brasil\",\"C\u00c3ES\",\"GATOS\",\"QUEIMA DE FOGOS\",\"R\u00c9VEILLON\"],\"articleSection\":[\"Meio Ambiente\"],\"inLanguage\":\"pt-BR\",\"potentialAction\":[{\"@type\":\"CommentAction\",\"name\":\"Comment\",\"target\":[\"https:\\\/\\\/redenoticiaz.com.br\\\/litoralsp\\\/2021\\\/12\\\/31\\\/fogos-de-artificio-um-panico-para-caes-e-gatos#respond\"]}]},{\"@type\":\"WebPage\",\"@id\":\"https:\\\/\\\/redenoticiaz.com.br\\\/litoralsp\\\/2021\\\/12\\\/31\\\/fogos-de-artificio-um-panico-para-caes-e-gatos\",\"url\":\"https:\\\/\\\/redenoticiaz.com.br\\\/litoralsp\\\/2021\\\/12\\\/31\\\/fogos-de-artificio-um-panico-para-caes-e-gatos\",\"name\":\"Fogos de artif\u00edcio: um p\u00e2nico para c\u00e3es e gatos - Litoral SP\",\"isPartOf\":{\"@id\":\"https:\\\/\\\/redenoticiaz.com.br\\\/litoralsp\\\/#website\"},\"primaryImageOfPage\":{\"@id\":\"https:\\\/\\\/redenoticiaz.com.br\\\/litoralsp\\\/2021\\\/12\\\/31\\\/fogos-de-artificio-um-panico-para-caes-e-gatos#primaryimage\"},\"image\":{\"@id\":\"https:\\\/\\\/redenoticiaz.com.br\\\/litoralsp\\\/2021\\\/12\\\/31\\\/fogos-de-artificio-um-panico-para-caes-e-gatos#primaryimage\"},\"thumbnailUrl\":\"https:\\\/\\\/redenoticiaz.com.br\\\/litoralsp\\\/wp-content\\\/uploads\\\/sites\\\/3\\\/2021\\\/12\\\/fogos-de-artificio-1068x561-1.jpg\",\"datePublished\":\"2021-12-31T15:23:13+00:00\",\"dateModified\":\"2021-12-31T15:26:08+00:00\",\"description\":\"Toda virada de ano a hist\u00f3ria se repete. Chega o R\u00e9veillon e com ela a queima de fogos. Para os donos de c\u00e3es e gatos \u00e9 um momento\",\"inLanguage\":\"pt-BR\",\"potentialAction\":[{\"@type\":\"ReadAction\",\"target\":[\"https:\\\/\\\/redenoticiaz.com.br\\\/litoralsp\\\/2021\\\/12\\\/31\\\/fogos-de-artificio-um-panico-para-caes-e-gatos\"]}]},{\"@type\":\"ImageObject\",\"inLanguage\":\"pt-BR\",\"@id\":\"https:\\\/\\\/redenoticiaz.com.br\\\/litoralsp\\\/2021\\\/12\\\/31\\\/fogos-de-artificio-um-panico-para-caes-e-gatos#primaryimage\",\"url\":\"https:\\\/\\\/redenoticiaz.com.br\\\/litoralsp\\\/wp-content\\\/uploads\\\/sites\\\/3\\\/2021\\\/12\\\/fogos-de-artificio-1068x561-1.jpg\",\"contentUrl\":\"https:\\\/\\\/redenoticiaz.com.br\\\/litoralsp\\\/wp-content\\\/uploads\\\/sites\\\/3\\\/2021\\\/12\\\/fogos-de-artificio-1068x561-1.jpg\",\"width\":1068,\"height\":561,\"caption\":\"Cr\u00e9ditos: Divulga\u00e7\u00e3o.\"},{\"@type\":\"WebSite\",\"@id\":\"https:\\\/\\\/redenoticiaz.com.br\\\/litoralsp\\\/#website\",\"url\":\"https:\\\/\\\/redenoticiaz.com.br\\\/litoralsp\\\/\",\"name\":\"Litoral SP\",\"description\":\"Rede NoticiaZ\",\"publisher\":{\"@id\":\"https:\\\/\\\/redenoticiaz.com.br\\\/litoralsp\\\/#organization\"},\"potentialAction\":[{\"@type\":\"SearchAction\",\"target\":{\"@type\":\"EntryPoint\",\"urlTemplate\":\"https:\\\/\\\/redenoticiaz.com.br\\\/litoralsp\\\/?s={search_term_string}\"},\"query-input\":{\"@type\":\"PropertyValueSpecification\",\"valueRequired\":true,\"valueName\":\"search_term_string\"}}],\"inLanguage\":\"pt-BR\"},{\"@type\":\"Organization\",\"@id\":\"https:\\\/\\\/redenoticiaz.com.br\\\/litoralsp\\\/#organization\",\"name\":\"Litoral SP\",\"url\":\"https:\\\/\\\/redenoticiaz.com.br\\\/litoralsp\\\/\",\"logo\":{\"@type\":\"ImageObject\",\"inLanguage\":\"pt-BR\",\"@id\":\"https:\\\/\\\/redenoticiaz.com.br\\\/litoralsp\\\/#\\\/schema\\\/logo\\\/image\\\/\",\"url\":\"https:\\\/\\\/redenoticiaz.com.br\\\/litoralsp\\\/wp-content\\\/uploads\\\/sites\\\/3\\\/2020\\\/11\\\/logo.jpg\",\"contentUrl\":\"https:\\\/\\\/redenoticiaz.com.br\\\/litoralsp\\\/wp-content\\\/uploads\\\/sites\\\/3\\\/2020\\\/11\\\/logo.jpg\",\"width\":400,\"height\":250,\"caption\":\"Litoral SP\"},\"image\":{\"@id\":\"https:\\\/\\\/redenoticiaz.com.br\\\/litoralsp\\\/#\\\/schema\\\/logo\\\/image\\\/\"}},{\"@type\":\"Person\",\"@id\":\"https:\\\/\\\/redenoticiaz.com.br\\\/litoralsp\\\/#\\\/schema\\\/person\\\/0f0b8a5bdafefe82841e07ae8d81ecb3\",\"name\":\"Leonardo Francisco\",\"image\":{\"@type\":\"ImageObject\",\"inLanguage\":\"pt-BR\",\"@id\":\"https:\\\/\\\/secure.gravatar.com\\\/avatar\\\/a7358cb406a99b682ec6df1e77e31ae82e63601f6784e8a3df411d72b37864da?s=96&d=mm&r=g\",\"url\":\"https:\\\/\\\/secure.gravatar.com\\\/avatar\\\/a7358cb406a99b682ec6df1e77e31ae82e63601f6784e8a3df411d72b37864da?s=96&d=mm&r=g\",\"contentUrl\":\"https:\\\/\\\/secure.gravatar.com\\\/avatar\\\/a7358cb406a99b682ec6df1e77e31ae82e63601f6784e8a3df411d72b37864da?s=96&d=mm&r=g\",\"caption\":\"Leonardo Francisco\"},\"url\":\"https:\\\/\\\/redenoticiaz.com.br\\\/litoralsp\\\/author\\\/leonardo-francisco\"}]}<\/script>\n<!-- \/ Yoast SEO plugin. -->","yoast_head_json":{"title":"Fogos de artif\u00edcio: um p\u00e2nico para c\u00e3es e gatos - Litoral SP","description":"Toda virada de ano a hist\u00f3ria se repete. Chega o R\u00e9veillon e com ela a queima de fogos. Para os donos de c\u00e3es e gatos \u00e9 um momento","robots":{"index":"index","follow":"follow","max-snippet":"max-snippet:-1","max-image-preview":"max-image-preview:large","max-video-preview":"max-video-preview:-1"},"canonical":"https:\/\/redenoticiaz.com.br\/litoralsp\/2021\/12\/31\/fogos-de-artificio-um-panico-para-caes-e-gatos","og_locale":"pt_BR","og_type":"article","og_title":"Fogos de artif\u00edcio: um p\u00e2nico para c\u00e3es e gatos - Litoral SP","og_description":"Toda virada de ano a hist\u00f3ria se repete. Chega o R\u00e9veillon e com ela a queima de fogos. Para os donos de c\u00e3es e gatos \u00e9 um momento","og_url":"https:\/\/redenoticiaz.com.br\/litoralsp\/2021\/12\/31\/fogos-de-artificio-um-panico-para-caes-e-gatos","og_site_name":"Litoral SP","article_published_time":"2021-12-31T15:23:13+00:00","article_modified_time":"2021-12-31T15:26:08+00:00","og_image":[{"width":1068,"height":561,"url":"https:\/\/redenoticiaz.com.br\/litoralsp\/wp-content\/uploads\/sites\/3\/2021\/12\/fogos-de-artificio-1068x561-1.jpg","type":"image\/jpeg"}],"author":"Leonardo Francisco","twitter_card":"summary_large_image","twitter_misc":{"Escrito por":"Leonardo Francisco","Est. tempo de leitura":"4 minutos"},"schema":{"@context":"https:\/\/schema.org","@graph":[{"@type":"Article","@id":"https:\/\/redenoticiaz.com.br\/litoralsp\/2021\/12\/31\/fogos-de-artificio-um-panico-para-caes-e-gatos#article","isPartOf":{"@id":"https:\/\/redenoticiaz.com.br\/litoralsp\/2021\/12\/31\/fogos-de-artificio-um-panico-para-caes-e-gatos"},"author":{"name":"Leonardo Francisco","@id":"https:\/\/redenoticiaz.com.br\/litoralsp\/#\/schema\/person\/0f0b8a5bdafefe82841e07ae8d81ecb3"},"headline":"Fogos de artif\u00edcio: um p\u00e2nico para c\u00e3es e gatos","datePublished":"2021-12-31T15:23:13+00:00","dateModified":"2021-12-31T15:26:08+00:00","mainEntityOfPage":{"@id":"https:\/\/redenoticiaz.com.br\/litoralsp\/2021\/12\/31\/fogos-de-artificio-um-panico-para-caes-e-gatos"},"wordCount":871,"commentCount":0,"publisher":{"@id":"https:\/\/redenoticiaz.com.br\/litoralsp\/#organization"},"image":{"@id":"https:\/\/redenoticiaz.com.br\/litoralsp\/2021\/12\/31\/fogos-de-artificio-um-panico-para-caes-e-gatos#primaryimage"},"thumbnailUrl":"https:\/\/redenoticiaz.com.br\/litoralsp\/wp-content\/uploads\/sites\/3\/2021\/12\/fogos-de-artificio-1068x561-1.jpg","keywords":["ANIMAIS DE ESTIMA\u00c7\u00c3O","Brasil","C\u00c3ES","GATOS","QUEIMA DE FOGOS","R\u00c9VEILLON"],"articleSection":["Meio Ambiente"],"inLanguage":"pt-BR","potentialAction":[{"@type":"CommentAction","name":"Comment","target":["https:\/\/redenoticiaz.com.br\/litoralsp\/2021\/12\/31\/fogos-de-artificio-um-panico-para-caes-e-gatos#respond"]}]},{"@type":"WebPage","@id":"https:\/\/redenoticiaz.com.br\/litoralsp\/2021\/12\/31\/fogos-de-artificio-um-panico-para-caes-e-gatos","url":"https:\/\/redenoticiaz.com.br\/litoralsp\/2021\/12\/31\/fogos-de-artificio-um-panico-para-caes-e-gatos","name":"Fogos de artif\u00edcio: um p\u00e2nico para c\u00e3es e gatos - Litoral SP","isPartOf":{"@id":"https:\/\/redenoticiaz.com.br\/litoralsp\/#website"},"primaryImageOfPage":{"@id":"https:\/\/redenoticiaz.com.br\/litoralsp\/2021\/12\/31\/fogos-de-artificio-um-panico-para-caes-e-gatos#primaryimage"},"image":{"@id":"https:\/\/redenoticiaz.com.br\/litoralsp\/2021\/12\/31\/fogos-de-artificio-um-panico-para-caes-e-gatos#primaryimage"},"thumbnailUrl":"https:\/\/redenoticiaz.com.br\/litoralsp\/wp-content\/uploads\/sites\/3\/2021\/12\/fogos-de-artificio-1068x561-1.jpg","datePublished":"2021-12-31T15:23:13+00:00","dateModified":"2021-12-31T15:26:08+00:00","description":"Toda virada de ano a hist\u00f3ria se repete. Chega o R\u00e9veillon e com ela a queima de fogos. Para os donos de c\u00e3es e gatos \u00e9 um momento","inLanguage":"pt-BR","potentialAction":[{"@type":"ReadAction","target":["https:\/\/redenoticiaz.com.br\/litoralsp\/2021\/12\/31\/fogos-de-artificio-um-panico-para-caes-e-gatos"]}]},{"@type":"ImageObject","inLanguage":"pt-BR","@id":"https:\/\/redenoticiaz.com.br\/litoralsp\/2021\/12\/31\/fogos-de-artificio-um-panico-para-caes-e-gatos#primaryimage","url":"https:\/\/redenoticiaz.com.br\/litoralsp\/wp-content\/uploads\/sites\/3\/2021\/12\/fogos-de-artificio-1068x561-1.jpg","contentUrl":"https:\/\/redenoticiaz.com.br\/litoralsp\/wp-content\/uploads\/sites\/3\/2021\/12\/fogos-de-artificio-1068x561-1.jpg","width":1068,"height":561,"caption":"Cr\u00e9ditos: Divulga\u00e7\u00e3o."},{"@type":"WebSite","@id":"https:\/\/redenoticiaz.com.br\/litoralsp\/#website","url":"https:\/\/redenoticiaz.com.br\/litoralsp\/","name":"Litoral SP","description":"Rede NoticiaZ","publisher":{"@id":"https:\/\/redenoticiaz.com.br\/litoralsp\/#organization"},"potentialAction":[{"@type":"SearchAction","target":{"@type":"EntryPoint","urlTemplate":"https:\/\/redenoticiaz.com.br\/litoralsp\/?s={search_term_string}"},"query-input":{"@type":"PropertyValueSpecification","valueRequired":true,"valueName":"search_term_string"}}],"inLanguage":"pt-BR"},{"@type":"Organization","@id":"https:\/\/redenoticiaz.com.br\/litoralsp\/#organization","name":"Litoral SP","url":"https:\/\/redenoticiaz.com.br\/litoralsp\/","logo":{"@type":"ImageObject","inLanguage":"pt-BR","@id":"https:\/\/redenoticiaz.com.br\/litoralsp\/#\/schema\/logo\/image\/","url":"https:\/\/redenoticiaz.com.br\/litoralsp\/wp-content\/uploads\/sites\/3\/2020\/11\/logo.jpg","contentUrl":"https:\/\/redenoticiaz.com.br\/litoralsp\/wp-content\/uploads\/sites\/3\/2020\/11\/logo.jpg","width":400,"height":250,"caption":"Litoral SP"},"image":{"@id":"https:\/\/redenoticiaz.com.br\/litoralsp\/#\/schema\/logo\/image\/"}},{"@type":"Person","@id":"https:\/\/redenoticiaz.com.br\/litoralsp\/#\/schema\/person\/0f0b8a5bdafefe82841e07ae8d81ecb3","name":"Leonardo Francisco","image":{"@type":"ImageObject","inLanguage":"pt-BR","@id":"https:\/\/secure.gravatar.com\/avatar\/a7358cb406a99b682ec6df1e77e31ae82e63601f6784e8a3df411d72b37864da?s=96&d=mm&r=g","url":"https:\/\/secure.gravatar.com\/avatar\/a7358cb406a99b682ec6df1e77e31ae82e63601f6784e8a3df411d72b37864da?s=96&d=mm&r=g","contentUrl":"https:\/\/secure.gravatar.com\/avatar\/a7358cb406a99b682ec6df1e77e31ae82e63601f6784e8a3df411d72b37864da?s=96&d=mm&r=g","caption":"Leonardo Francisco"},"url":"https:\/\/redenoticiaz.com.br\/litoralsp\/author\/leonardo-francisco"}]}},"_links":{"self":[{"href":"https:\/\/redenoticiaz.com.br\/litoralsp\/wp-json\/wp\/v2\/posts\/20609","targetHints":{"allow":["GET"]}}],"collection":[{"href":"https:\/\/redenoticiaz.com.br\/litoralsp\/wp-json\/wp\/v2\/posts"}],"about":[{"href":"https:\/\/redenoticiaz.com.br\/litoralsp\/wp-json\/wp\/v2\/types\/post"}],"author":[{"embeddable":true,"href":"https:\/\/redenoticiaz.com.br\/litoralsp\/wp-json\/wp\/v2\/users\/6"}],"replies":[{"embeddable":true,"href":"https:\/\/redenoticiaz.com.br\/litoralsp\/wp-json\/wp\/v2\/comments?post=20609"}],"version-history":[{"count":1,"href":"https:\/\/redenoticiaz.com.br\/litoralsp\/wp-json\/wp\/v2\/posts\/20609\/revisions"}],"predecessor-version":[{"id":20611,"href":"https:\/\/redenoticiaz.com.br\/litoralsp\/wp-json\/wp\/v2\/posts\/20609\/revisions\/20611"}],"wp:featuredmedia":[{"embeddable":true,"href":"https:\/\/redenoticiaz.com.br\/litoralsp\/wp-json\/wp\/v2\/media\/20610"}],"wp:attachment":[{"href":"https:\/\/redenoticiaz.com.br\/litoralsp\/wp-json\/wp\/v2\/media?parent=20609"}],"wp:term":[{"taxonomy":"category","embeddable":true,"href":"https:\/\/redenoticiaz.com.br\/litoralsp\/wp-json\/wp\/v2\/categories?post=20609"},{"taxonomy":"post_tag","embeddable":true,"href":"https:\/\/redenoticiaz.com.br\/litoralsp\/wp-json\/wp\/v2\/tags?post=20609"}],"curies":[{"name":"wp","href":"https:\/\/api.w.org\/{rel}","templated":true}]}}