{"id":20710,"date":"2022-01-02T16:42:55","date_gmt":"2022-01-02T19:42:55","guid":{"rendered":"https:\/\/redenoticiaz.com.br\/litoralsp\/?p=20710"},"modified":"2022-01-02T16:44:05","modified_gmt":"2022-01-02T19:44:05","slug":"viagens-do-msc-splendida-sao-retomadas-apos-surto-de-covid","status":"publish","type":"post","link":"https:\/\/redenoticiaz.com.br\/litoralsp\/2022\/01\/02\/viagens-do-msc-splendida-sao-retomadas-apos-surto-de-covid","title":{"rendered":"Viagens do MSC Splendida s\u00e3o retomadas ap\u00f3s surto de Covid"},"content":{"rendered":"<p>Ap\u00f3s dias ancorado no <a href=\"http:\/\/www.portodesantos.com.br\/\">Porto de Santos<\/a>, o navio <strong>MSC Splendida<\/strong> retomou neste domingo (2) as viagens de cruzeiros. A iniciativa vai contra a recomenda\u00e7\u00e3o da Ag\u00eancia Nacional de Vigil\u00e2ncia Sanit\u00e1ria (Anvisa), que interrompeu a viagem devido ao surto de Covid-19. Ao todo 78 pessoas entre tripulantes e passageiros foram diagnosticadas com a doen\u00e7a.<\/p>\n<p>Ap\u00f3s a testagem positiva, no \u00faltimo dia 26, a suspens\u00e3o deveria ser cumprida por 7 dias. Os passageiros foram impedidos de descer do navio em Balne\u00e1rio Cambori\u00fa devido aos casos de Covid-19 e o navio, que faria uma escala no Rio de Janeiro para o R\u00e9veillon, mas retornou a Santos na quinta (30). Todas as\u00a0132 pessoas, entre casos positivos e contactantes, foram desembarcadas.<\/p>\n<p>Nesta manh\u00e3, o embarque no Terminal Mar\u00edtimo de Passageiros de Santos, o Concais aconteceu e a sa\u00edda est\u00e1 prevista para acontecer durante a noite. A Anvisa determinou a atraca\u00e7\u00e3o do MSC Splendida para fins de investiga\u00e7\u00e3o epidemiol\u00f3gica e a\u00a0interrup\u00e7\u00e3o das opera\u00e7\u00f5es. Al\u00e9m disso, a Anvisa recomendou ao Minist\u00e9rio da Sa\u00fade a\u00a0suspens\u00e3o provis\u00f3ria\u00a0da temporada de navios de cruzeiro. As cinco embarca\u00e7\u00f5es que operam nesta temporada est\u00e3o com casos de Covid-19. O Minist\u00e9rio disse que avaliar\u00e1 as medidas cab\u00edveis em conjunto com os minist\u00e9rios relacionados ao tema.<\/p>\n<p>O restante dos passageiros do MSC Splendida saiu do navio nesta sexta (31) e s\u00e1bado (1). A Anvisa informou que eles iriam passar por testes de Covid-19 antes de desembarcar e que a opera\u00e7\u00e3o de desembarque deveria ser organizada pela empresa. A MSC Cruzeiros disse que os h\u00f3spedes desembarcariam de forma escalonada, que seriam testados e que daria suporte aos h\u00f3spedes.<\/p>\n<h3>Viagem<\/h3>\n<p>A sa\u00edda do MSC Splendida est\u00e1 prevista para acontecer \u00e0s 20h e o roteiro ser\u00e1 Porto Belo, Balne\u00e1rio Camboriu, Ilhabela, Cabo Frio e retorna para Santos no domingo (9). S\u00f3 que segundo a MSC, apesar da recomenda\u00e7\u00e3o da Anvisa e dos casos de Covid-19 a bordo do navio, os itiner\u00e1rios do Splendida e de todos os navios da companhia na temporada foram mantidos.<\/p>\n<p>A Anvisa j\u00e1 anunciou que i<span class=\"highlight highlighted\">r\u00e1 apurar se houve o descumprimento de protocolos sanit\u00e1rios pelas embarca\u00e7\u00f5es. S<\/span>e constatada irregularidade, os respons\u00e1veis ser\u00e3o\u00a0penalizados.<\/p>\n<p>De acordo com a ag\u00eancia, os respons\u00e1veis ser\u00e3o penalizados nos termos da Lei n\u00ba 6437, de 20 de agosto de 1977, sem preju\u00edzo das responsabilidades civil, administrativa e penal cab\u00edveis. Al\u00e9m disso, de acordo com a Resolu\u00e7\u00e3o da Anvisa, RDC n\u00ba 574, de 2021, as atividades das embarca\u00e7\u00f5es podem ser suspensas, por determina\u00e7\u00e3o da Anvisa, em decorr\u00eancia da identifica\u00e7\u00e3o de riscos \u00e0 sa\u00fade p\u00fablica ou do descumprimento das normas sanit\u00e1rias vigentes.<\/p>\n<p>A retomada de sua opera\u00e7\u00e3o depende de nova avalia\u00e7\u00e3o pela ag\u00eancia, segundo comunicado divulgado pela Anvisa. Para isso, \u00e9 aguardada avalia\u00e7\u00e3o da Secretaria de Sa\u00fade Municipal sobre o n\u00edvel de transmiss\u00e3o da doen\u00e7a na embarca\u00e7\u00e3o.<\/p>\n<p>Al\u00e9m disso, a Anvisa tamb\u00e9m destacou no comunicado que continua supervisionando as demais embarca\u00e7\u00f5es que operam na costa brasileira e j\u00e1 intensificou as a\u00e7\u00f5es de investiga\u00e7\u00e3o epidemiol\u00f3gica e sanit\u00e1ria para controlar a transmiss\u00e3o da Covid-19 a bordo das embarca\u00e7\u00f5es e a dissemina\u00e7\u00e3o da doen\u00e7a.<\/p>\n<div class=\"content-ads content-ads--reveal\" data-block-type=\"ads\" data-block-id=\"15\"><\/div>\n<div class=\"mc-column content-text active-extra-styles \" data-block-type=\"unstyled\" data-block-weight=\"38\" data-block-id=\"16\">\n<p class=\"content-text__container \" data-track-category=\"Link no Texto\" data-track-links=\"\">Tamb\u00e9m informou que o descumprimento dos protocolos sanit\u00e1rios e a desobedi\u00eancias \u00e0s medidas de restri\u00e7\u00e3o impostas pelas autoridades constituem\u00a0infra\u00e7\u00f5es sanit\u00e1rias\u00a0que, se confirmadas ap\u00f3s apura\u00e7\u00e3o em processo administrativo,\u00a0<span class=\"highlight highlighted\">resultam em multas e suspens\u00e3o das atividades<\/span>.<\/p>\n<\/div>\n<p><strong>LEIA TAMB\u00c9M<\/strong><\/p>\n<p><a href=\"https:\/\/redenoticiaz.com.br\/litoralsp\/2022\/01\/01\/temporada-de-cruzeiros-pode-ser-suspensa-recomenda-anvisa\">Temporada de cruzeiros pode ser suspensa, recomenda Anvisa<\/a><\/p>\n","protected":false},"excerpt":{"rendered":"<p>Ap\u00f3s dias ancorado no Porto de Santos, o navio MSC Splendida retomou neste domingo (2) as viagens de cruzeiros. A iniciativa vai contra a recomenda\u00e7\u00e3o da Ag\u00eancia Nacional de Vigil\u00e2ncia Sanit\u00e1ria (Anvisa), que interrompeu a viagem devido ao surto de Covid-19. Ao todo 78 pessoas entre tripulantes e passageiros foram diagnosticadas com a doen\u00e7a. Ap\u00f3s &hellip;<\/p>\n","protected":false},"author":6,"featured_media":20711,"comment_status":"open","ping_status":"closed","sticky":false,"template":"","format":"standard","meta":{"footnotes":""},"categories":[18537,180,775],"tags":[24,45810,74,45811,46095],"class_list":["post-20710","post","type-post","status-publish","format-standard","has-post-thumbnail","hentry","category-porto","category-santos","category-turismo","tag-anvisa","tag-msc-splendida","tag-porto-de-santos","tag-surto-de-covid","tag-viagem-retomada"],"yoast_head":"<!-- This site is optimized with the Yoast SEO plugin v27.4 - https:\/\/yoast.com\/product\/yoast-seo-wordpress\/ -->\n<title>Viagens do MSC Splendida s\u00e3o retomadas ap\u00f3s surto de Covid - Litoral SP<\/title>\n<meta name=\"description\" content=\"Ap\u00f3s dias ancorado no Porto de Santos, o navio MSC Splendida retomou neste domingo (2) as viagens de cruzeiros. A iniciativa\" \/>\n<meta name=\"robots\" content=\"index, follow, max-snippet:-1, max-image-preview:large, max-video-preview:-1\" \/>\n<link rel=\"canonical\" href=\"https:\/\/redenoticiaz.com.br\/litoralsp\/2022\/01\/02\/viagens-do-msc-splendida-sao-retomadas-apos-surto-de-covid\" \/>\n<meta property=\"og:locale\" content=\"pt_BR\" \/>\n<meta property=\"og:type\" content=\"article\" \/>\n<meta property=\"og:title\" content=\"Viagens do MSC Splendida s\u00e3o retomadas ap\u00f3s surto de Covid - Litoral SP\" \/>\n<meta property=\"og:description\" content=\"Ap\u00f3s dias ancorado no Porto de Santos, o navio MSC Splendida retomou neste domingo (2) as viagens de cruzeiros. A iniciativa\" \/>\n<meta property=\"og:url\" content=\"https:\/\/redenoticiaz.com.br\/litoralsp\/2022\/01\/02\/viagens-do-msc-splendida-sao-retomadas-apos-surto-de-covid\" \/>\n<meta property=\"og:site_name\" content=\"Litoral SP\" \/>\n<meta property=\"article:published_time\" content=\"2022-01-02T19:42:55+00:00\" \/>\n<meta property=\"article:modified_time\" content=\"2022-01-02T19:44:05+00:00\" \/>\n<meta property=\"og:image\" content=\"https:\/\/redenoticiaz.com.br\/litoralsp\/wp-content\/uploads\/sites\/3\/2022\/01\/msc0911053_navio_msc_splendida.jpg\" \/>\n\t<meta property=\"og:image:width\" content=\"984\" \/>\n\t<meta property=\"og:image:height\" content=\"655\" \/>\n\t<meta property=\"og:image:type\" content=\"image\/jpeg\" \/>\n<meta name=\"author\" content=\"Leonardo Francisco\" \/>\n<meta name=\"twitter:card\" content=\"summary_large_image\" \/>\n<meta name=\"twitter:label1\" content=\"Escrito por\" \/>\n\t<meta name=\"twitter:data1\" content=\"Leonardo Francisco\" \/>\n\t<meta name=\"twitter:label2\" content=\"Est. tempo de leitura\" \/>\n\t<meta name=\"twitter:data2\" content=\"3 minutos\" \/>\n<script type=\"application\/ld+json\" class=\"yoast-schema-graph\">{\"@context\":\"https:\\\/\\\/schema.org\",\"@graph\":[{\"@type\":\"Article\",\"@id\":\"https:\\\/\\\/redenoticiaz.com.br\\\/litoralsp\\\/2022\\\/01\\\/02\\\/viagens-do-msc-splendida-sao-retomadas-apos-surto-de-covid#article\",\"isPartOf\":{\"@id\":\"https:\\\/\\\/redenoticiaz.com.br\\\/litoralsp\\\/2022\\\/01\\\/02\\\/viagens-do-msc-splendida-sao-retomadas-apos-surto-de-covid\"},\"author\":{\"name\":\"Leonardo Francisco\",\"@id\":\"https:\\\/\\\/redenoticiaz.com.br\\\/litoralsp\\\/#\\\/schema\\\/person\\\/0f0b8a5bdafefe82841e07ae8d81ecb3\"},\"headline\":\"Viagens do MSC Splendida s\u00e3o retomadas ap\u00f3s surto de Covid\",\"datePublished\":\"2022-01-02T19:42:55+00:00\",\"dateModified\":\"2022-01-02T19:44:05+00:00\",\"mainEntityOfPage\":{\"@id\":\"https:\\\/\\\/redenoticiaz.com.br\\\/litoralsp\\\/2022\\\/01\\\/02\\\/viagens-do-msc-splendida-sao-retomadas-apos-surto-de-covid\"},\"wordCount\":629,\"commentCount\":0,\"publisher\":{\"@id\":\"https:\\\/\\\/redenoticiaz.com.br\\\/litoralsp\\\/#organization\"},\"image\":{\"@id\":\"https:\\\/\\\/redenoticiaz.com.br\\\/litoralsp\\\/2022\\\/01\\\/02\\\/viagens-do-msc-splendida-sao-retomadas-apos-surto-de-covid#primaryimage\"},\"thumbnailUrl\":\"https:\\\/\\\/redenoticiaz.com.br\\\/litoralsp\\\/wp-content\\\/uploads\\\/sites\\\/3\\\/2022\\\/01\\\/msc0911053_navio_msc_splendida.jpg\",\"keywords\":[\"Anvisa\",\"MSC SPLENDIDA\",\"porto de santos\",\"SURTO DE COVID\",\"VIAGEM RETOMADA\"],\"articleSection\":[\"Porto\",\"Santos\",\"Turismo\"],\"inLanguage\":\"pt-BR\",\"potentialAction\":[{\"@type\":\"CommentAction\",\"name\":\"Comment\",\"target\":[\"https:\\\/\\\/redenoticiaz.com.br\\\/litoralsp\\\/2022\\\/01\\\/02\\\/viagens-do-msc-splendida-sao-retomadas-apos-surto-de-covid#respond\"]}]},{\"@type\":\"WebPage\",\"@id\":\"https:\\\/\\\/redenoticiaz.com.br\\\/litoralsp\\\/2022\\\/01\\\/02\\\/viagens-do-msc-splendida-sao-retomadas-apos-surto-de-covid\",\"url\":\"https:\\\/\\\/redenoticiaz.com.br\\\/litoralsp\\\/2022\\\/01\\\/02\\\/viagens-do-msc-splendida-sao-retomadas-apos-surto-de-covid\",\"name\":\"Viagens do MSC Splendida s\u00e3o retomadas ap\u00f3s surto de Covid - Litoral SP\",\"isPartOf\":{\"@id\":\"https:\\\/\\\/redenoticiaz.com.br\\\/litoralsp\\\/#website\"},\"primaryImageOfPage\":{\"@id\":\"https:\\\/\\\/redenoticiaz.com.br\\\/litoralsp\\\/2022\\\/01\\\/02\\\/viagens-do-msc-splendida-sao-retomadas-apos-surto-de-covid#primaryimage\"},\"image\":{\"@id\":\"https:\\\/\\\/redenoticiaz.com.br\\\/litoralsp\\\/2022\\\/01\\\/02\\\/viagens-do-msc-splendida-sao-retomadas-apos-surto-de-covid#primaryimage\"},\"thumbnailUrl\":\"https:\\\/\\\/redenoticiaz.com.br\\\/litoralsp\\\/wp-content\\\/uploads\\\/sites\\\/3\\\/2022\\\/01\\\/msc0911053_navio_msc_splendida.jpg\",\"datePublished\":\"2022-01-02T19:42:55+00:00\",\"dateModified\":\"2022-01-02T19:44:05+00:00\",\"description\":\"Ap\u00f3s dias ancorado no Porto de Santos, o navio MSC Splendida retomou neste domingo (2) as viagens de cruzeiros. A iniciativa\",\"inLanguage\":\"pt-BR\",\"potentialAction\":[{\"@type\":\"ReadAction\",\"target\":[\"https:\\\/\\\/redenoticiaz.com.br\\\/litoralsp\\\/2022\\\/01\\\/02\\\/viagens-do-msc-splendida-sao-retomadas-apos-surto-de-covid\"]}]},{\"@type\":\"ImageObject\",\"inLanguage\":\"pt-BR\",\"@id\":\"https:\\\/\\\/redenoticiaz.com.br\\\/litoralsp\\\/2022\\\/01\\\/02\\\/viagens-do-msc-splendida-sao-retomadas-apos-surto-de-covid#primaryimage\",\"url\":\"https:\\\/\\\/redenoticiaz.com.br\\\/litoralsp\\\/wp-content\\\/uploads\\\/sites\\\/3\\\/2022\\\/01\\\/msc0911053_navio_msc_splendida.jpg\",\"contentUrl\":\"https:\\\/\\\/redenoticiaz.com.br\\\/litoralsp\\\/wp-content\\\/uploads\\\/sites\\\/3\\\/2022\\\/01\\\/msc0911053_navio_msc_splendida.jpg\",\"width\":984,\"height\":655,\"caption\":\"Cr\u00e9ditos: Divulga\u00e7\u00e3o\\\/MSC\"},{\"@type\":\"WebSite\",\"@id\":\"https:\\\/\\\/redenoticiaz.com.br\\\/litoralsp\\\/#website\",\"url\":\"https:\\\/\\\/redenoticiaz.com.br\\\/litoralsp\\\/\",\"name\":\"Litoral SP\",\"description\":\"Rede NoticiaZ\",\"publisher\":{\"@id\":\"https:\\\/\\\/redenoticiaz.com.br\\\/litoralsp\\\/#organization\"},\"potentialAction\":[{\"@type\":\"SearchAction\",\"target\":{\"@type\":\"EntryPoint\",\"urlTemplate\":\"https:\\\/\\\/redenoticiaz.com.br\\\/litoralsp\\\/?s={search_term_string}\"},\"query-input\":{\"@type\":\"PropertyValueSpecification\",\"valueRequired\":true,\"valueName\":\"search_term_string\"}}],\"inLanguage\":\"pt-BR\"},{\"@type\":\"Organization\",\"@id\":\"https:\\\/\\\/redenoticiaz.com.br\\\/litoralsp\\\/#organization\",\"name\":\"Litoral SP\",\"url\":\"https:\\\/\\\/redenoticiaz.com.br\\\/litoralsp\\\/\",\"logo\":{\"@type\":\"ImageObject\",\"inLanguage\":\"pt-BR\",\"@id\":\"https:\\\/\\\/redenoticiaz.com.br\\\/litoralsp\\\/#\\\/schema\\\/logo\\\/image\\\/\",\"url\":\"https:\\\/\\\/redenoticiaz.com.br\\\/litoralsp\\\/wp-content\\\/uploads\\\/sites\\\/3\\\/2020\\\/11\\\/logo.jpg\",\"contentUrl\":\"https:\\\/\\\/redenoticiaz.com.br\\\/litoralsp\\\/wp-content\\\/uploads\\\/sites\\\/3\\\/2020\\\/11\\\/logo.jpg\",\"width\":400,\"height\":250,\"caption\":\"Litoral SP\"},\"image\":{\"@id\":\"https:\\\/\\\/redenoticiaz.com.br\\\/litoralsp\\\/#\\\/schema\\\/logo\\\/image\\\/\"}},{\"@type\":\"Person\",\"@id\":\"https:\\\/\\\/redenoticiaz.com.br\\\/litoralsp\\\/#\\\/schema\\\/person\\\/0f0b8a5bdafefe82841e07ae8d81ecb3\",\"name\":\"Leonardo Francisco\",\"image\":{\"@type\":\"ImageObject\",\"inLanguage\":\"pt-BR\",\"@id\":\"https:\\\/\\\/secure.gravatar.com\\\/avatar\\\/a7358cb406a99b682ec6df1e77e31ae82e63601f6784e8a3df411d72b37864da?s=96&d=mm&r=g\",\"url\":\"https:\\\/\\\/secure.gravatar.com\\\/avatar\\\/a7358cb406a99b682ec6df1e77e31ae82e63601f6784e8a3df411d72b37864da?s=96&d=mm&r=g\",\"contentUrl\":\"https:\\\/\\\/secure.gravatar.com\\\/avatar\\\/a7358cb406a99b682ec6df1e77e31ae82e63601f6784e8a3df411d72b37864da?s=96&d=mm&r=g\",\"caption\":\"Leonardo Francisco\"},\"url\":\"https:\\\/\\\/redenoticiaz.com.br\\\/litoralsp\\\/author\\\/leonardo-francisco\"}]}<\/script>\n<!-- \/ Yoast SEO plugin. -->","yoast_head_json":{"title":"Viagens do MSC Splendida s\u00e3o retomadas ap\u00f3s surto de Covid - Litoral SP","description":"Ap\u00f3s dias ancorado no Porto de Santos, o navio MSC Splendida retomou neste domingo (2) as viagens de cruzeiros. A iniciativa","robots":{"index":"index","follow":"follow","max-snippet":"max-snippet:-1","max-image-preview":"max-image-preview:large","max-video-preview":"max-video-preview:-1"},"canonical":"https:\/\/redenoticiaz.com.br\/litoralsp\/2022\/01\/02\/viagens-do-msc-splendida-sao-retomadas-apos-surto-de-covid","og_locale":"pt_BR","og_type":"article","og_title":"Viagens do MSC Splendida s\u00e3o retomadas ap\u00f3s surto de Covid - Litoral SP","og_description":"Ap\u00f3s dias ancorado no Porto de Santos, o navio MSC Splendida retomou neste domingo (2) as viagens de cruzeiros. A iniciativa","og_url":"https:\/\/redenoticiaz.com.br\/litoralsp\/2022\/01\/02\/viagens-do-msc-splendida-sao-retomadas-apos-surto-de-covid","og_site_name":"Litoral SP","article_published_time":"2022-01-02T19:42:55+00:00","article_modified_time":"2022-01-02T19:44:05+00:00","og_image":[{"width":984,"height":655,"url":"https:\/\/redenoticiaz.com.br\/litoralsp\/wp-content\/uploads\/sites\/3\/2022\/01\/msc0911053_navio_msc_splendida.jpg","type":"image\/jpeg"}],"author":"Leonardo Francisco","twitter_card":"summary_large_image","twitter_misc":{"Escrito por":"Leonardo Francisco","Est. tempo de leitura":"3 minutos"},"schema":{"@context":"https:\/\/schema.org","@graph":[{"@type":"Article","@id":"https:\/\/redenoticiaz.com.br\/litoralsp\/2022\/01\/02\/viagens-do-msc-splendida-sao-retomadas-apos-surto-de-covid#article","isPartOf":{"@id":"https:\/\/redenoticiaz.com.br\/litoralsp\/2022\/01\/02\/viagens-do-msc-splendida-sao-retomadas-apos-surto-de-covid"},"author":{"name":"Leonardo Francisco","@id":"https:\/\/redenoticiaz.com.br\/litoralsp\/#\/schema\/person\/0f0b8a5bdafefe82841e07ae8d81ecb3"},"headline":"Viagens do MSC Splendida s\u00e3o retomadas ap\u00f3s surto de Covid","datePublished":"2022-01-02T19:42:55+00:00","dateModified":"2022-01-02T19:44:05+00:00","mainEntityOfPage":{"@id":"https:\/\/redenoticiaz.com.br\/litoralsp\/2022\/01\/02\/viagens-do-msc-splendida-sao-retomadas-apos-surto-de-covid"},"wordCount":629,"commentCount":0,"publisher":{"@id":"https:\/\/redenoticiaz.com.br\/litoralsp\/#organization"},"image":{"@id":"https:\/\/redenoticiaz.com.br\/litoralsp\/2022\/01\/02\/viagens-do-msc-splendida-sao-retomadas-apos-surto-de-covid#primaryimage"},"thumbnailUrl":"https:\/\/redenoticiaz.com.br\/litoralsp\/wp-content\/uploads\/sites\/3\/2022\/01\/msc0911053_navio_msc_splendida.jpg","keywords":["Anvisa","MSC SPLENDIDA","porto de santos","SURTO DE COVID","VIAGEM RETOMADA"],"articleSection":["Porto","Santos","Turismo"],"inLanguage":"pt-BR","potentialAction":[{"@type":"CommentAction","name":"Comment","target":["https:\/\/redenoticiaz.com.br\/litoralsp\/2022\/01\/02\/viagens-do-msc-splendida-sao-retomadas-apos-surto-de-covid#respond"]}]},{"@type":"WebPage","@id":"https:\/\/redenoticiaz.com.br\/litoralsp\/2022\/01\/02\/viagens-do-msc-splendida-sao-retomadas-apos-surto-de-covid","url":"https:\/\/redenoticiaz.com.br\/litoralsp\/2022\/01\/02\/viagens-do-msc-splendida-sao-retomadas-apos-surto-de-covid","name":"Viagens do MSC Splendida s\u00e3o retomadas ap\u00f3s surto de Covid - Litoral SP","isPartOf":{"@id":"https:\/\/redenoticiaz.com.br\/litoralsp\/#website"},"primaryImageOfPage":{"@id":"https:\/\/redenoticiaz.com.br\/litoralsp\/2022\/01\/02\/viagens-do-msc-splendida-sao-retomadas-apos-surto-de-covid#primaryimage"},"image":{"@id":"https:\/\/redenoticiaz.com.br\/litoralsp\/2022\/01\/02\/viagens-do-msc-splendida-sao-retomadas-apos-surto-de-covid#primaryimage"},"thumbnailUrl":"https:\/\/redenoticiaz.com.br\/litoralsp\/wp-content\/uploads\/sites\/3\/2022\/01\/msc0911053_navio_msc_splendida.jpg","datePublished":"2022-01-02T19:42:55+00:00","dateModified":"2022-01-02T19:44:05+00:00","description":"Ap\u00f3s dias ancorado no Porto de Santos, o navio MSC Splendida retomou neste domingo (2) as viagens de cruzeiros. A iniciativa","inLanguage":"pt-BR","potentialAction":[{"@type":"ReadAction","target":["https:\/\/redenoticiaz.com.br\/litoralsp\/2022\/01\/02\/viagens-do-msc-splendida-sao-retomadas-apos-surto-de-covid"]}]},{"@type":"ImageObject","inLanguage":"pt-BR","@id":"https:\/\/redenoticiaz.com.br\/litoralsp\/2022\/01\/02\/viagens-do-msc-splendida-sao-retomadas-apos-surto-de-covid#primaryimage","url":"https:\/\/redenoticiaz.com.br\/litoralsp\/wp-content\/uploads\/sites\/3\/2022\/01\/msc0911053_navio_msc_splendida.jpg","contentUrl":"https:\/\/redenoticiaz.com.br\/litoralsp\/wp-content\/uploads\/sites\/3\/2022\/01\/msc0911053_navio_msc_splendida.jpg","width":984,"height":655,"caption":"Cr\u00e9ditos: Divulga\u00e7\u00e3o\/MSC"},{"@type":"WebSite","@id":"https:\/\/redenoticiaz.com.br\/litoralsp\/#website","url":"https:\/\/redenoticiaz.com.br\/litoralsp\/","name":"Litoral SP","description":"Rede NoticiaZ","publisher":{"@id":"https:\/\/redenoticiaz.com.br\/litoralsp\/#organization"},"potentialAction":[{"@type":"SearchAction","target":{"@type":"EntryPoint","urlTemplate":"https:\/\/redenoticiaz.com.br\/litoralsp\/?s={search_term_string}"},"query-input":{"@type":"PropertyValueSpecification","valueRequired":true,"valueName":"search_term_string"}}],"inLanguage":"pt-BR"},{"@type":"Organization","@id":"https:\/\/redenoticiaz.com.br\/litoralsp\/#organization","name":"Litoral SP","url":"https:\/\/redenoticiaz.com.br\/litoralsp\/","logo":{"@type":"ImageObject","inLanguage":"pt-BR","@id":"https:\/\/redenoticiaz.com.br\/litoralsp\/#\/schema\/logo\/image\/","url":"https:\/\/redenoticiaz.com.br\/litoralsp\/wp-content\/uploads\/sites\/3\/2020\/11\/logo.jpg","contentUrl":"https:\/\/redenoticiaz.com.br\/litoralsp\/wp-content\/uploads\/sites\/3\/2020\/11\/logo.jpg","width":400,"height":250,"caption":"Litoral SP"},"image":{"@id":"https:\/\/redenoticiaz.com.br\/litoralsp\/#\/schema\/logo\/image\/"}},{"@type":"Person","@id":"https:\/\/redenoticiaz.com.br\/litoralsp\/#\/schema\/person\/0f0b8a5bdafefe82841e07ae8d81ecb3","name":"Leonardo Francisco","image":{"@type":"ImageObject","inLanguage":"pt-BR","@id":"https:\/\/secure.gravatar.com\/avatar\/a7358cb406a99b682ec6df1e77e31ae82e63601f6784e8a3df411d72b37864da?s=96&d=mm&r=g","url":"https:\/\/secure.gravatar.com\/avatar\/a7358cb406a99b682ec6df1e77e31ae82e63601f6784e8a3df411d72b37864da?s=96&d=mm&r=g","contentUrl":"https:\/\/secure.gravatar.com\/avatar\/a7358cb406a99b682ec6df1e77e31ae82e63601f6784e8a3df411d72b37864da?s=96&d=mm&r=g","caption":"Leonardo Francisco"},"url":"https:\/\/redenoticiaz.com.br\/litoralsp\/author\/leonardo-francisco"}]}},"_links":{"self":[{"href":"https:\/\/redenoticiaz.com.br\/litoralsp\/wp-json\/wp\/v2\/posts\/20710","targetHints":{"allow":["GET"]}}],"collection":[{"href":"https:\/\/redenoticiaz.com.br\/litoralsp\/wp-json\/wp\/v2\/posts"}],"about":[{"href":"https:\/\/redenoticiaz.com.br\/litoralsp\/wp-json\/wp\/v2\/types\/post"}],"author":[{"embeddable":true,"href":"https:\/\/redenoticiaz.com.br\/litoralsp\/wp-json\/wp\/v2\/users\/6"}],"replies":[{"embeddable":true,"href":"https:\/\/redenoticiaz.com.br\/litoralsp\/wp-json\/wp\/v2\/comments?post=20710"}],"version-history":[{"count":1,"href":"https:\/\/redenoticiaz.com.br\/litoralsp\/wp-json\/wp\/v2\/posts\/20710\/revisions"}],"predecessor-version":[{"id":20712,"href":"https:\/\/redenoticiaz.com.br\/litoralsp\/wp-json\/wp\/v2\/posts\/20710\/revisions\/20712"}],"wp:featuredmedia":[{"embeddable":true,"href":"https:\/\/redenoticiaz.com.br\/litoralsp\/wp-json\/wp\/v2\/media\/20711"}],"wp:attachment":[{"href":"https:\/\/redenoticiaz.com.br\/litoralsp\/wp-json\/wp\/v2\/media?parent=20710"}],"wp:term":[{"taxonomy":"category","embeddable":true,"href":"https:\/\/redenoticiaz.com.br\/litoralsp\/wp-json\/wp\/v2\/categories?post=20710"},{"taxonomy":"post_tag","embeddable":true,"href":"https:\/\/redenoticiaz.com.br\/litoralsp\/wp-json\/wp\/v2\/tags?post=20710"}],"curies":[{"name":"wp","href":"https:\/\/api.w.org\/{rel}","templated":true}]}}