{"id":20890,"date":"2022-01-05T11:06:04","date_gmt":"2022-01-05T14:06:04","guid":{"rendered":"https:\/\/redenoticiaz.com.br\/litoralsp\/?p=20890"},"modified":"2022-01-05T11:06:24","modified_gmt":"2022-01-05T14:06:24","slug":"ex-governador-de-sao-paulo-marcio-franca-e-alvo-de-operacao-da-policia-civil","status":"publish","type":"post","link":"https:\/\/redenoticiaz.com.br\/litoralsp\/2022\/01\/05\/ex-governador-de-sao-paulo-marcio-franca-e-alvo-de-operacao-da-policia-civil","title":{"rendered":"Ex-governador de S\u00e3o Paulo, M\u00e1rcio Fran\u00e7a, \u00e9 alvo de opera\u00e7\u00e3o da Pol\u00edcia Civil"},"content":{"rendered":"<p>A Pol\u00edcia Civil realiza uma opera\u00e7\u00e3o contra supostos desvios na \u00e1rea da sa\u00fade. Um dos investigados \u00e9 o ex-governador de S\u00e3o Paulo, <strong>M\u00e1rcio Fran\u00e7a<\/strong>. As buscas ocorrem nas regi\u00f5es de Ara\u00e7atuba, Bauru, Campinas, na Capital, em Presidente Prudente e principalmente na Baixada Santista, na cidade de <a href=\"https:\/\/www.saovicente.sp.gov.br\/publico\/\">S\u00e3o Vicente<\/a>, onde Frna\u00e7a j\u00e1 foi prefeito.<\/p>\n<p>Ao todo, os policiais est\u00e3o cumprindo 34 mandados de busca e apreens\u00e3o e al\u00e9m de M\u00e1rcio Fran\u00e7a, o irm\u00e3o dele, Cl\u00e1udio Fran\u00e7a tamb\u00e9m \u00e9 um dos investigados. A opera\u00e7\u00e3o \u00e9 de responsabilidade da Pol\u00edcia Civil, o Minist\u00e9rio P\u00fablico e a Corregedoria Geral da Administra\u00e7\u00e3o e \u00e9 mais uma etapa da chamada Opera\u00e7\u00e3o Raio-X. Ela est\u00e1 apurando os crimes de forma\u00e7\u00e3o de quadrilha, peculato e lavagem de dinheiro.<\/p>\n<div class=\"mc-column content-text active-extra-styles \" data-block-type=\"unstyled\" data-block-weight=\"43\" data-block-id=\"8\">\n<p class=\"content-text__container \" data-track-category=\"Link no Texto\" data-track-links=\"\">Segundo a apura\u00e7\u00e3o realizada pela Pol\u00edcia Civil e pela Controladoria Geral do Estado, membros de uma organiza\u00e7\u00e3o criminosa desviaram dos cofres p\u00fablicos aproximadamente R$ 500 milh\u00f5es, valores estes que tinham por destino a utiliza\u00e7\u00e3o em aparelhos p\u00fablicos prestadores de servi\u00e7os de sa\u00fade.<\/p>\n<\/div>\n<div class=\"mc-column content-text active-extra-styles \" data-block-type=\"unstyled\" data-block-weight=\"22\" data-block-id=\"9\">\n<p class=\"content-text__container \" data-track-category=\"Link no Texto\" data-track-links=\"\">M\u00e1rcio Fran\u00e7a \u00e9 pr\u00e9-candidato ao governo do estado de S\u00e3o Paulo em 2022. Em 2020, Fran\u00e7a concorreu \u00e0 Prefeitura da Capital. Segundo a Secretaria de Seguran\u00e7a P\u00fablica (SSP), &#8220;as investiga\u00e7\u00f5es tramitam sob segredo de Justi\u00e7a e mais detalhes ser\u00e3o preservados para garantir a autonomia do trabalho policial&#8221;.<\/p>\n<h3 data-track-category=\"Link no Texto\">Entenda a investiga\u00e7\u00e3o<\/h3>\n<div class=\"mc-column content-text active-extra-styles \" data-block-type=\"unstyled\" data-block-weight=\"43\" data-block-id=\"12\">\n<p class=\"content-text__container \" data-track-category=\"Link no Texto\" data-track-links=\"\">egundo o relat\u00f3rio da investiga\u00e7\u00e3o, contratos de gest\u00e3o firmados durante o governo M\u00e1rcio Fran\u00e7a teriam beneficiado uma organiza\u00e7\u00e3o criminosa investigada, chefiada por Cleudson Garcia Montali. Ele \u00e9 anestesista e respons\u00e1vel por quatro Organiza\u00e7\u00f5es Sociais (OS) que foram investigadas por desviar dinheiro dos hospitais.<\/p>\n<\/div>\n<div class=\"content-ads content-ads--reveal\" data-block-type=\"ads\" data-block-id=\"13\"><\/div>\n<div class=\"mc-column content-text active-extra-styles \" data-block-type=\"unstyled\" data-block-weight=\"65\" data-block-id=\"14\">\n<p class=\"content-text__container \" data-track-category=\"Link no Texto\" data-track-links=\"\">De acordo com a apura\u00e7\u00e3o, Fran\u00e7a teria recebido doa\u00e7\u00f5es financeiras de Cleudson para a campanha eleitoral em que M\u00e1rcio Fran\u00e7a concorria ao governo de S\u00e3o Paulo. &#8220;Verificou-se, ainda, que a organiza\u00e7\u00e3o criminosa tamb\u00e9m financiaria a campanha eleitoral de M\u00e1rcio Fran\u00e7a \u00e0 prefeitura de S\u00e3o Paulo no ano de 2020, fatos estes que demonstram poss\u00edvel envolvimento de M\u00e1rcio Fran\u00e7a com a organiza\u00e7\u00e3o criminosa&#8221;, diz o relat\u00f3rio.<\/p>\n<p data-track-category=\"Link no Texto\" data-track-links=\"\">M\u00e1rcio Fran\u00e7a se manifestou sobre a investiga\u00e7\u00e3o e disse que a investiga\u00e7\u00e3o desta quarta-feira (5) \u00e9 \u00a0&#8220;pol\u00edtica&#8221; e n\u00e3o policial, e de &#8220;cunho pol\u00edtico eleitoral&#8221;.<\/p>\n<h3 data-track-category=\"Link no Texto\">Leia na \u00edntegra a nota de M\u00e1rcio Fran\u00e7a<\/h3>\n<div class=\"mc-column content-text active-extra-styles \" data-block-type=\"unstyled\" data-block-weight=\"8\" data-block-id=\"18\">\n<p class=\"content-text__container \" data-track-category=\"Link no Texto\" data-track-links=\"\"><em>&#8220;Come\u00e7aram as elei\u00e7\u00f5es 2022. 1\u00aa Opera\u00e7\u00e3o Pol\u00edtica.<\/em><\/p>\n<\/div>\n<div class=\"mc-column content-text active-extra-styles \" data-block-type=\"unstyled\" data-block-weight=\"30\" data-block-id=\"19\">\n<p class=\"content-text__container \" data-track-category=\"Link no Texto\" data-track-links=\"\"><em>N\u00e3o h\u00e1 outro nome para uma trapalhada, por falsas alega\u00e7\u00f5es, que determinadas \u201cautoridades\u201d, com \u201cmedo de perder as elei\u00e7\u00f5es\u201d, tenham produzido os fatos ocorridos nesta manh\u00e3 em minha casa.<\/em><\/p>\n<\/div>\n<div class=\"mc-column content-text active-extra-styles \" data-block-type=\"unstyled\" data-block-weight=\"6\" data-block-id=\"21\">\n<p class=\"content-text__container \" data-track-category=\"Link no Texto\" data-track-links=\"\"><em>Toda opera\u00e7\u00e3o policial tem nome!<\/em><\/p>\n<\/div>\n<div class=\"mc-column content-text active-extra-styles \" data-block-type=\"unstyled\" data-block-weight=\"8\" data-block-id=\"22\">\n<p class=\"content-text__container \" data-track-category=\"Link no Texto\" data-track-links=\"\"><em>Essa \u00e9 uma opera\u00e7\u00e3o pol\u00edtica e n\u00e3o policial.<\/em><\/p>\n<\/div>\n<div class=\"mc-column content-text active-extra-styles \" data-block-type=\"unstyled\" data-block-weight=\"8\" data-block-id=\"23\">\n<p class=\"content-text__container \" data-track-category=\"Link no Texto\" data-track-links=\"\"><em>Ela \u00e9, evidentemente, de cunho pol\u00edtico eleitoral.<\/em><\/p>\n<\/div>\n<div class=\"mc-column content-text active-extra-styles \" data-block-type=\"unstyled\" data-block-weight=\"21\" data-block-id=\"24\">\n<p class=\"content-text__container \" data-track-category=\"Link no Texto\" data-track-links=\"\"><em>N\u00e3o tenho ou tive qualquer rela\u00e7\u00e3o comercial ou advocat\u00edcia com as pessoas jur\u00eddicas e f\u00edsicas que s\u00e3o alvo da investiga\u00e7\u00e3o.<\/em><\/p>\n<\/div>\n<div class=\"mc-column content-text active-extra-styles \" data-block-type=\"unstyled\" data-block-weight=\"20\" data-block-id=\"25\">\n<p class=\"content-text__container \" data-track-category=\"Link no Texto\" data-track-links=\"\"><em>\u00c9 lament\u00e1vel que se comece uma elei\u00e7\u00e3o para o Governo de SP com estas cenas de abuso de poder pol\u00edtico.<\/em><\/p>\n<\/div>\n<div class=\"mc-column content-text active-extra-styles \" data-block-type=\"unstyled\" data-block-weight=\"40\" data-block-id=\"26\">\n<p class=\"content-text__container \" data-track-category=\"Link no Texto\" data-track-links=\"\"><em>J\u00e1 venho h\u00e1 tempos alertando que um grupo criminoso em SP tenta me impedir de expressar a verdade. Sabem que n\u00e3o compactuo com eles, que querem tomar conta do Estado de SP. Se depender de mim, n\u00e3o v\u00e3o conseguir.<\/em><\/p>\n<\/div>\n<div class=\"mc-column content-text active-extra-styles \" data-block-type=\"unstyled\" data-block-weight=\"29\" data-block-id=\"27\">\n<p class=\"content-text__container \" data-track-category=\"Link no Texto\" data-track-links=\"\"><em>Eu n\u00e3o sou alvo de nenhuma opera\u00e7\u00e3o, pois sou advogado particular, n\u00e3o tenho rela\u00e7\u00f5es nem v\u00ednculo com servi\u00e7os p\u00fablicos. N\u00e3o tenho rela\u00e7\u00e3o com a \u00e1rea m\u00e9dica ou de sa\u00fade.<\/em><\/p>\n<\/div>\n<div class=\"mc-column content-text active-extra-styles \" data-block-type=\"unstyled\" data-block-weight=\"16\" data-block-id=\"28\">\n<p class=\"content-text__container \" data-track-category=\"Link no Texto\" data-track-links=\"\"><em>Tenho 40 anos de vida p\u00fablica, n\u00e3o respondo a nenhum processo criminal.<\/em><\/p>\n<\/div>\n<div class=\"mc-column content-text active-extra-styles \" data-block-type=\"unstyled\" data-block-weight=\"13\" data-block-id=\"29\">\n<p class=\"content-text__container \" data-track-category=\"Link no Texto\" data-track-links=\"\"><em>S\u00f3 deixarei de ser governador de SP se o povo paulista n\u00e3o quiser.<\/em><\/p>\n<\/div>\n<div class=\"mc-column content-text active-extra-styles \" data-block-type=\"unstyled\" data-block-weight=\"24\" data-block-id=\"30\">\n<p class=\"content-text__container \" data-track-category=\"Link no Texto\" data-track-links=\"\"><em>N\u00e3o tenho medo de amea\u00e7as ou de chantagem. Em 40 anos de vida p\u00fablica, j\u00e1 fui muitas vezes difamado e injusti\u00e7ado, nunca condenado.<\/em><\/p>\n<\/div>\n<div class=\"mc-column content-text active-extra-styles \" data-block-type=\"unstyled\" data-block-weight=\"20\" data-block-id=\"31\">\n<p class=\"content-text__container \" data-track-category=\"Link no Texto\" data-track-links=\"\"><em>Ali\u00e1s, j\u00e1 enfrentei advers\u00e1rios muito mais qualificados. N\u00e3o v\u00e3o ser os meus atuais concorrentes, not\u00f3rios mentirosos, que me far\u00e3o recuar&#8221;.<\/em><\/p>\n<p data-track-category=\"Link no Texto\" data-track-links=\"\"><strong>LEIA TAMB\u00c9M<\/strong><\/p>\n<p data-track-category=\"Link no Texto\" data-track-links=\"\"><a href=\"https:\/\/redenoticiaz.com.br\/litoralsp\/2022\/01\/05\/bolsonaro-recebe-alta-apos-nova-internacao\">Bolsonaro recebe alta ap\u00f3s nova interna\u00e7\u00e3o<\/a><\/p>\n<\/div>\n<\/div>\n<\/div>\n","protected":false},"excerpt":{"rendered":"<p>A Pol\u00edcia Civil realiza uma opera\u00e7\u00e3o contra supostos desvios na \u00e1rea da sa\u00fade. Um dos investigados \u00e9 o ex-governador de S\u00e3o Paulo, M\u00e1rcio Fran\u00e7a. As buscas ocorrem nas regi\u00f5es de Ara\u00e7atuba, Bauru, Campinas, na Capital, em Presidente Prudente e principalmente na Baixada Santista, na cidade de S\u00e3o Vicente, onde Frna\u00e7a j\u00e1 foi prefeito. Ao todo, &hellip;<\/p>\n","protected":false},"author":6,"featured_media":20891,"comment_status":"open","ping_status":"closed","sticky":false,"template":"","format":"standard","meta":{"footnotes":""},"categories":[10,15,181],"tags":[38430,46351,46352,1762,65,33],"class_list":["post-20890","post","type-post","status-publish","format-standard","has-post-thumbnail","hentry","category-policia","category-politica","category-sao-vicente","tag-ex-governador-de-sao-paulo","tag-marcio-franca","tag-operacao-raio-x","tag-policia-civil","tag-sao-paulo","tag-sao-vicente"],"yoast_head":"<!-- This site is optimized with the Yoast SEO plugin v27.4 - https:\/\/yoast.com\/product\/yoast-seo-wordpress\/ -->\n<title>Ex-governador de S\u00e3o Paulo, M\u00e1rcio Fran\u00e7a, \u00e9 alvo de opera\u00e7\u00e3o da Pol\u00edcia Civil - Litoral SP<\/title>\n<meta name=\"description\" content=\"Pol\u00edcia Civil realiza uma opera\u00e7\u00e3o contra supostos desvios na \u00e1rea da sa\u00fade. Um dos investigados \u00e9 o ex-governador de S\u00e3o Paulo, M\u00e1rcio Fran\u00e7a. As\" \/>\n<meta name=\"robots\" content=\"index, follow, max-snippet:-1, max-image-preview:large, max-video-preview:-1\" \/>\n<link rel=\"canonical\" href=\"https:\/\/redenoticiaz.com.br\/litoralsp\/2022\/01\/05\/ex-governador-de-sao-paulo-marcio-franca-e-alvo-de-operacao-da-policia-civil\" \/>\n<meta property=\"og:locale\" content=\"pt_BR\" \/>\n<meta property=\"og:type\" content=\"article\" \/>\n<meta property=\"og:title\" content=\"Ex-governador de S\u00e3o Paulo, M\u00e1rcio Fran\u00e7a, \u00e9 alvo de opera\u00e7\u00e3o da Pol\u00edcia Civil - Litoral SP\" \/>\n<meta property=\"og:description\" content=\"Pol\u00edcia Civil realiza uma opera\u00e7\u00e3o contra supostos desvios na \u00e1rea da sa\u00fade. Um dos investigados \u00e9 o ex-governador de S\u00e3o Paulo, M\u00e1rcio Fran\u00e7a. As\" \/>\n<meta property=\"og:url\" content=\"https:\/\/redenoticiaz.com.br\/litoralsp\/2022\/01\/05\/ex-governador-de-sao-paulo-marcio-franca-e-alvo-de-operacao-da-policia-civil\" \/>\n<meta property=\"og:site_name\" content=\"Litoral SP\" \/>\n<meta property=\"article:published_time\" content=\"2022-01-05T14:06:04+00:00\" \/>\n<meta property=\"article:modified_time\" content=\"2022-01-05T14:06:24+00:00\" \/>\n<meta property=\"og:image\" content=\"https:\/\/redenoticiaz.com.br\/litoralsp\/wp-content\/uploads\/sites\/3\/2022\/01\/retrato-do-ex-governador-de-sao-paulo-marcio-franca-psb-1555956037820_v2_750x421.jpg\" \/>\n\t<meta property=\"og:image:width\" content=\"750\" \/>\n\t<meta property=\"og:image:height\" content=\"421\" \/>\n\t<meta property=\"og:image:type\" content=\"image\/jpeg\" \/>\n<meta name=\"author\" content=\"Leonardo Francisco\" \/>\n<meta name=\"twitter:card\" content=\"summary_large_image\" \/>\n<meta name=\"twitter:label1\" content=\"Escrito por\" \/>\n\t<meta name=\"twitter:data1\" content=\"Leonardo Francisco\" \/>\n\t<meta name=\"twitter:label2\" content=\"Est. tempo de leitura\" \/>\n\t<meta name=\"twitter:data2\" content=\"4 minutos\" \/>\n<script type=\"application\/ld+json\" class=\"yoast-schema-graph\">{\"@context\":\"https:\\\/\\\/schema.org\",\"@graph\":[{\"@type\":\"Article\",\"@id\":\"https:\\\/\\\/redenoticiaz.com.br\\\/litoralsp\\\/2022\\\/01\\\/05\\\/ex-governador-de-sao-paulo-marcio-franca-e-alvo-de-operacao-da-policia-civil#article\",\"isPartOf\":{\"@id\":\"https:\\\/\\\/redenoticiaz.com.br\\\/litoralsp\\\/2022\\\/01\\\/05\\\/ex-governador-de-sao-paulo-marcio-franca-e-alvo-de-operacao-da-policia-civil\"},\"author\":{\"name\":\"Leonardo Francisco\",\"@id\":\"https:\\\/\\\/redenoticiaz.com.br\\\/litoralsp\\\/#\\\/schema\\\/person\\\/0f0b8a5bdafefe82841e07ae8d81ecb3\"},\"headline\":\"Ex-governador de S\u00e3o Paulo, M\u00e1rcio Fran\u00e7a, \u00e9 alvo de opera\u00e7\u00e3o da Pol\u00edcia Civil\",\"datePublished\":\"2022-01-05T14:06:04+00:00\",\"dateModified\":\"2022-01-05T14:06:24+00:00\",\"mainEntityOfPage\":{\"@id\":\"https:\\\/\\\/redenoticiaz.com.br\\\/litoralsp\\\/2022\\\/01\\\/05\\\/ex-governador-de-sao-paulo-marcio-franca-e-alvo-de-operacao-da-policia-civil\"},\"wordCount\":719,\"commentCount\":0,\"publisher\":{\"@id\":\"https:\\\/\\\/redenoticiaz.com.br\\\/litoralsp\\\/#organization\"},\"image\":{\"@id\":\"https:\\\/\\\/redenoticiaz.com.br\\\/litoralsp\\\/2022\\\/01\\\/05\\\/ex-governador-de-sao-paulo-marcio-franca-e-alvo-de-operacao-da-policia-civil#primaryimage\"},\"thumbnailUrl\":\"https:\\\/\\\/redenoticiaz.com.br\\\/litoralsp\\\/wp-content\\\/uploads\\\/sites\\\/3\\\/2022\\\/01\\\/retrato-do-ex-governador-de-sao-paulo-marcio-franca-psb-1555956037820_v2_750x421.jpg\",\"keywords\":[\"EX-GOVERNADOR DE S\u00c3O PAULO\",\"M\u00c1RCIO FRAN\u00c7A\",\"OPERA\u00c7\u00c3O RAIO-X\",\"POL\u00cdCIA CIVIL\",\"S\u00e3o Paulo\",\"S\u00e3o Vicente\"],\"articleSection\":[\"Pol\u00edcia\",\"Pol\u00edtica\",\"S\u00e3o Vicente\"],\"inLanguage\":\"pt-BR\",\"potentialAction\":[{\"@type\":\"CommentAction\",\"name\":\"Comment\",\"target\":[\"https:\\\/\\\/redenoticiaz.com.br\\\/litoralsp\\\/2022\\\/01\\\/05\\\/ex-governador-de-sao-paulo-marcio-franca-e-alvo-de-operacao-da-policia-civil#respond\"]}]},{\"@type\":\"WebPage\",\"@id\":\"https:\\\/\\\/redenoticiaz.com.br\\\/litoralsp\\\/2022\\\/01\\\/05\\\/ex-governador-de-sao-paulo-marcio-franca-e-alvo-de-operacao-da-policia-civil\",\"url\":\"https:\\\/\\\/redenoticiaz.com.br\\\/litoralsp\\\/2022\\\/01\\\/05\\\/ex-governador-de-sao-paulo-marcio-franca-e-alvo-de-operacao-da-policia-civil\",\"name\":\"Ex-governador de S\u00e3o Paulo, M\u00e1rcio Fran\u00e7a, \u00e9 alvo de opera\u00e7\u00e3o da Pol\u00edcia Civil - Litoral SP\",\"isPartOf\":{\"@id\":\"https:\\\/\\\/redenoticiaz.com.br\\\/litoralsp\\\/#website\"},\"primaryImageOfPage\":{\"@id\":\"https:\\\/\\\/redenoticiaz.com.br\\\/litoralsp\\\/2022\\\/01\\\/05\\\/ex-governador-de-sao-paulo-marcio-franca-e-alvo-de-operacao-da-policia-civil#primaryimage\"},\"image\":{\"@id\":\"https:\\\/\\\/redenoticiaz.com.br\\\/litoralsp\\\/2022\\\/01\\\/05\\\/ex-governador-de-sao-paulo-marcio-franca-e-alvo-de-operacao-da-policia-civil#primaryimage\"},\"thumbnailUrl\":\"https:\\\/\\\/redenoticiaz.com.br\\\/litoralsp\\\/wp-content\\\/uploads\\\/sites\\\/3\\\/2022\\\/01\\\/retrato-do-ex-governador-de-sao-paulo-marcio-franca-psb-1555956037820_v2_750x421.jpg\",\"datePublished\":\"2022-01-05T14:06:04+00:00\",\"dateModified\":\"2022-01-05T14:06:24+00:00\",\"description\":\"Pol\u00edcia Civil realiza uma opera\u00e7\u00e3o contra supostos desvios na \u00e1rea da sa\u00fade. Um dos investigados \u00e9 o ex-governador de S\u00e3o Paulo, M\u00e1rcio Fran\u00e7a. As\",\"inLanguage\":\"pt-BR\",\"potentialAction\":[{\"@type\":\"ReadAction\",\"target\":[\"https:\\\/\\\/redenoticiaz.com.br\\\/litoralsp\\\/2022\\\/01\\\/05\\\/ex-governador-de-sao-paulo-marcio-franca-e-alvo-de-operacao-da-policia-civil\"]}]},{\"@type\":\"ImageObject\",\"inLanguage\":\"pt-BR\",\"@id\":\"https:\\\/\\\/redenoticiaz.com.br\\\/litoralsp\\\/2022\\\/01\\\/05\\\/ex-governador-de-sao-paulo-marcio-franca-e-alvo-de-operacao-da-policia-civil#primaryimage\",\"url\":\"https:\\\/\\\/redenoticiaz.com.br\\\/litoralsp\\\/wp-content\\\/uploads\\\/sites\\\/3\\\/2022\\\/01\\\/retrato-do-ex-governador-de-sao-paulo-marcio-franca-psb-1555956037820_v2_750x421.jpg\",\"contentUrl\":\"https:\\\/\\\/redenoticiaz.com.br\\\/litoralsp\\\/wp-content\\\/uploads\\\/sites\\\/3\\\/2022\\\/01\\\/retrato-do-ex-governador-de-sao-paulo-marcio-franca-psb-1555956037820_v2_750x421.jpg\",\"width\":750,\"height\":421,\"caption\":\"Pol\u00edtico garante estar tranquilo e alega que a\u00e7\u00e3o tem 'cunho eleitoral'. Cr\u00e9ditos: Reprodu\u00e7\u00e3o.\"},{\"@type\":\"WebSite\",\"@id\":\"https:\\\/\\\/redenoticiaz.com.br\\\/litoralsp\\\/#website\",\"url\":\"https:\\\/\\\/redenoticiaz.com.br\\\/litoralsp\\\/\",\"name\":\"Litoral SP\",\"description\":\"Rede NoticiaZ\",\"publisher\":{\"@id\":\"https:\\\/\\\/redenoticiaz.com.br\\\/litoralsp\\\/#organization\"},\"potentialAction\":[{\"@type\":\"SearchAction\",\"target\":{\"@type\":\"EntryPoint\",\"urlTemplate\":\"https:\\\/\\\/redenoticiaz.com.br\\\/litoralsp\\\/?s={search_term_string}\"},\"query-input\":{\"@type\":\"PropertyValueSpecification\",\"valueRequired\":true,\"valueName\":\"search_term_string\"}}],\"inLanguage\":\"pt-BR\"},{\"@type\":\"Organization\",\"@id\":\"https:\\\/\\\/redenoticiaz.com.br\\\/litoralsp\\\/#organization\",\"name\":\"Litoral SP\",\"url\":\"https:\\\/\\\/redenoticiaz.com.br\\\/litoralsp\\\/\",\"logo\":{\"@type\":\"ImageObject\",\"inLanguage\":\"pt-BR\",\"@id\":\"https:\\\/\\\/redenoticiaz.com.br\\\/litoralsp\\\/#\\\/schema\\\/logo\\\/image\\\/\",\"url\":\"https:\\\/\\\/redenoticiaz.com.br\\\/litoralsp\\\/wp-content\\\/uploads\\\/sites\\\/3\\\/2020\\\/11\\\/logo.jpg\",\"contentUrl\":\"https:\\\/\\\/redenoticiaz.com.br\\\/litoralsp\\\/wp-content\\\/uploads\\\/sites\\\/3\\\/2020\\\/11\\\/logo.jpg\",\"width\":400,\"height\":250,\"caption\":\"Litoral SP\"},\"image\":{\"@id\":\"https:\\\/\\\/redenoticiaz.com.br\\\/litoralsp\\\/#\\\/schema\\\/logo\\\/image\\\/\"}},{\"@type\":\"Person\",\"@id\":\"https:\\\/\\\/redenoticiaz.com.br\\\/litoralsp\\\/#\\\/schema\\\/person\\\/0f0b8a5bdafefe82841e07ae8d81ecb3\",\"name\":\"Leonardo Francisco\",\"image\":{\"@type\":\"ImageObject\",\"inLanguage\":\"pt-BR\",\"@id\":\"https:\\\/\\\/secure.gravatar.com\\\/avatar\\\/a7358cb406a99b682ec6df1e77e31ae82e63601f6784e8a3df411d72b37864da?s=96&d=mm&r=g\",\"url\":\"https:\\\/\\\/secure.gravatar.com\\\/avatar\\\/a7358cb406a99b682ec6df1e77e31ae82e63601f6784e8a3df411d72b37864da?s=96&d=mm&r=g\",\"contentUrl\":\"https:\\\/\\\/secure.gravatar.com\\\/avatar\\\/a7358cb406a99b682ec6df1e77e31ae82e63601f6784e8a3df411d72b37864da?s=96&d=mm&r=g\",\"caption\":\"Leonardo Francisco\"},\"url\":\"https:\\\/\\\/redenoticiaz.com.br\\\/litoralsp\\\/author\\\/leonardo-francisco\"}]}<\/script>\n<!-- \/ Yoast SEO plugin. -->","yoast_head_json":{"title":"Ex-governador de S\u00e3o Paulo, M\u00e1rcio Fran\u00e7a, \u00e9 alvo de opera\u00e7\u00e3o da Pol\u00edcia Civil - Litoral SP","description":"Pol\u00edcia Civil realiza uma opera\u00e7\u00e3o contra supostos desvios na \u00e1rea da sa\u00fade. Um dos investigados \u00e9 o ex-governador de S\u00e3o Paulo, M\u00e1rcio Fran\u00e7a. As","robots":{"index":"index","follow":"follow","max-snippet":"max-snippet:-1","max-image-preview":"max-image-preview:large","max-video-preview":"max-video-preview:-1"},"canonical":"https:\/\/redenoticiaz.com.br\/litoralsp\/2022\/01\/05\/ex-governador-de-sao-paulo-marcio-franca-e-alvo-de-operacao-da-policia-civil","og_locale":"pt_BR","og_type":"article","og_title":"Ex-governador de S\u00e3o Paulo, M\u00e1rcio Fran\u00e7a, \u00e9 alvo de opera\u00e7\u00e3o da Pol\u00edcia Civil - Litoral SP","og_description":"Pol\u00edcia Civil realiza uma opera\u00e7\u00e3o contra supostos desvios na \u00e1rea da sa\u00fade. Um dos investigados \u00e9 o ex-governador de S\u00e3o Paulo, M\u00e1rcio Fran\u00e7a. As","og_url":"https:\/\/redenoticiaz.com.br\/litoralsp\/2022\/01\/05\/ex-governador-de-sao-paulo-marcio-franca-e-alvo-de-operacao-da-policia-civil","og_site_name":"Litoral SP","article_published_time":"2022-01-05T14:06:04+00:00","article_modified_time":"2022-01-05T14:06:24+00:00","og_image":[{"width":750,"height":421,"url":"https:\/\/redenoticiaz.com.br\/litoralsp\/wp-content\/uploads\/sites\/3\/2022\/01\/retrato-do-ex-governador-de-sao-paulo-marcio-franca-psb-1555956037820_v2_750x421.jpg","type":"image\/jpeg"}],"author":"Leonardo Francisco","twitter_card":"summary_large_image","twitter_misc":{"Escrito por":"Leonardo Francisco","Est. tempo de leitura":"4 minutos"},"schema":{"@context":"https:\/\/schema.org","@graph":[{"@type":"Article","@id":"https:\/\/redenoticiaz.com.br\/litoralsp\/2022\/01\/05\/ex-governador-de-sao-paulo-marcio-franca-e-alvo-de-operacao-da-policia-civil#article","isPartOf":{"@id":"https:\/\/redenoticiaz.com.br\/litoralsp\/2022\/01\/05\/ex-governador-de-sao-paulo-marcio-franca-e-alvo-de-operacao-da-policia-civil"},"author":{"name":"Leonardo Francisco","@id":"https:\/\/redenoticiaz.com.br\/litoralsp\/#\/schema\/person\/0f0b8a5bdafefe82841e07ae8d81ecb3"},"headline":"Ex-governador de S\u00e3o Paulo, M\u00e1rcio Fran\u00e7a, \u00e9 alvo de opera\u00e7\u00e3o da Pol\u00edcia Civil","datePublished":"2022-01-05T14:06:04+00:00","dateModified":"2022-01-05T14:06:24+00:00","mainEntityOfPage":{"@id":"https:\/\/redenoticiaz.com.br\/litoralsp\/2022\/01\/05\/ex-governador-de-sao-paulo-marcio-franca-e-alvo-de-operacao-da-policia-civil"},"wordCount":719,"commentCount":0,"publisher":{"@id":"https:\/\/redenoticiaz.com.br\/litoralsp\/#organization"},"image":{"@id":"https:\/\/redenoticiaz.com.br\/litoralsp\/2022\/01\/05\/ex-governador-de-sao-paulo-marcio-franca-e-alvo-de-operacao-da-policia-civil#primaryimage"},"thumbnailUrl":"https:\/\/redenoticiaz.com.br\/litoralsp\/wp-content\/uploads\/sites\/3\/2022\/01\/retrato-do-ex-governador-de-sao-paulo-marcio-franca-psb-1555956037820_v2_750x421.jpg","keywords":["EX-GOVERNADOR DE S\u00c3O PAULO","M\u00c1RCIO FRAN\u00c7A","OPERA\u00c7\u00c3O RAIO-X","POL\u00cdCIA CIVIL","S\u00e3o Paulo","S\u00e3o Vicente"],"articleSection":["Pol\u00edcia","Pol\u00edtica","S\u00e3o Vicente"],"inLanguage":"pt-BR","potentialAction":[{"@type":"CommentAction","name":"Comment","target":["https:\/\/redenoticiaz.com.br\/litoralsp\/2022\/01\/05\/ex-governador-de-sao-paulo-marcio-franca-e-alvo-de-operacao-da-policia-civil#respond"]}]},{"@type":"WebPage","@id":"https:\/\/redenoticiaz.com.br\/litoralsp\/2022\/01\/05\/ex-governador-de-sao-paulo-marcio-franca-e-alvo-de-operacao-da-policia-civil","url":"https:\/\/redenoticiaz.com.br\/litoralsp\/2022\/01\/05\/ex-governador-de-sao-paulo-marcio-franca-e-alvo-de-operacao-da-policia-civil","name":"Ex-governador de S\u00e3o Paulo, M\u00e1rcio Fran\u00e7a, \u00e9 alvo de opera\u00e7\u00e3o da Pol\u00edcia Civil - Litoral SP","isPartOf":{"@id":"https:\/\/redenoticiaz.com.br\/litoralsp\/#website"},"primaryImageOfPage":{"@id":"https:\/\/redenoticiaz.com.br\/litoralsp\/2022\/01\/05\/ex-governador-de-sao-paulo-marcio-franca-e-alvo-de-operacao-da-policia-civil#primaryimage"},"image":{"@id":"https:\/\/redenoticiaz.com.br\/litoralsp\/2022\/01\/05\/ex-governador-de-sao-paulo-marcio-franca-e-alvo-de-operacao-da-policia-civil#primaryimage"},"thumbnailUrl":"https:\/\/redenoticiaz.com.br\/litoralsp\/wp-content\/uploads\/sites\/3\/2022\/01\/retrato-do-ex-governador-de-sao-paulo-marcio-franca-psb-1555956037820_v2_750x421.jpg","datePublished":"2022-01-05T14:06:04+00:00","dateModified":"2022-01-05T14:06:24+00:00","description":"Pol\u00edcia Civil realiza uma opera\u00e7\u00e3o contra supostos desvios na \u00e1rea da sa\u00fade. Um dos investigados \u00e9 o ex-governador de S\u00e3o Paulo, M\u00e1rcio Fran\u00e7a. As","inLanguage":"pt-BR","potentialAction":[{"@type":"ReadAction","target":["https:\/\/redenoticiaz.com.br\/litoralsp\/2022\/01\/05\/ex-governador-de-sao-paulo-marcio-franca-e-alvo-de-operacao-da-policia-civil"]}]},{"@type":"ImageObject","inLanguage":"pt-BR","@id":"https:\/\/redenoticiaz.com.br\/litoralsp\/2022\/01\/05\/ex-governador-de-sao-paulo-marcio-franca-e-alvo-de-operacao-da-policia-civil#primaryimage","url":"https:\/\/redenoticiaz.com.br\/litoralsp\/wp-content\/uploads\/sites\/3\/2022\/01\/retrato-do-ex-governador-de-sao-paulo-marcio-franca-psb-1555956037820_v2_750x421.jpg","contentUrl":"https:\/\/redenoticiaz.com.br\/litoralsp\/wp-content\/uploads\/sites\/3\/2022\/01\/retrato-do-ex-governador-de-sao-paulo-marcio-franca-psb-1555956037820_v2_750x421.jpg","width":750,"height":421,"caption":"Pol\u00edtico garante estar tranquilo e alega que a\u00e7\u00e3o tem 'cunho eleitoral'. Cr\u00e9ditos: Reprodu\u00e7\u00e3o."},{"@type":"WebSite","@id":"https:\/\/redenoticiaz.com.br\/litoralsp\/#website","url":"https:\/\/redenoticiaz.com.br\/litoralsp\/","name":"Litoral SP","description":"Rede NoticiaZ","publisher":{"@id":"https:\/\/redenoticiaz.com.br\/litoralsp\/#organization"},"potentialAction":[{"@type":"SearchAction","target":{"@type":"EntryPoint","urlTemplate":"https:\/\/redenoticiaz.com.br\/litoralsp\/?s={search_term_string}"},"query-input":{"@type":"PropertyValueSpecification","valueRequired":true,"valueName":"search_term_string"}}],"inLanguage":"pt-BR"},{"@type":"Organization","@id":"https:\/\/redenoticiaz.com.br\/litoralsp\/#organization","name":"Litoral SP","url":"https:\/\/redenoticiaz.com.br\/litoralsp\/","logo":{"@type":"ImageObject","inLanguage":"pt-BR","@id":"https:\/\/redenoticiaz.com.br\/litoralsp\/#\/schema\/logo\/image\/","url":"https:\/\/redenoticiaz.com.br\/litoralsp\/wp-content\/uploads\/sites\/3\/2020\/11\/logo.jpg","contentUrl":"https:\/\/redenoticiaz.com.br\/litoralsp\/wp-content\/uploads\/sites\/3\/2020\/11\/logo.jpg","width":400,"height":250,"caption":"Litoral SP"},"image":{"@id":"https:\/\/redenoticiaz.com.br\/litoralsp\/#\/schema\/logo\/image\/"}},{"@type":"Person","@id":"https:\/\/redenoticiaz.com.br\/litoralsp\/#\/schema\/person\/0f0b8a5bdafefe82841e07ae8d81ecb3","name":"Leonardo Francisco","image":{"@type":"ImageObject","inLanguage":"pt-BR","@id":"https:\/\/secure.gravatar.com\/avatar\/a7358cb406a99b682ec6df1e77e31ae82e63601f6784e8a3df411d72b37864da?s=96&d=mm&r=g","url":"https:\/\/secure.gravatar.com\/avatar\/a7358cb406a99b682ec6df1e77e31ae82e63601f6784e8a3df411d72b37864da?s=96&d=mm&r=g","contentUrl":"https:\/\/secure.gravatar.com\/avatar\/a7358cb406a99b682ec6df1e77e31ae82e63601f6784e8a3df411d72b37864da?s=96&d=mm&r=g","caption":"Leonardo Francisco"},"url":"https:\/\/redenoticiaz.com.br\/litoralsp\/author\/leonardo-francisco"}]}},"_links":{"self":[{"href":"https:\/\/redenoticiaz.com.br\/litoralsp\/wp-json\/wp\/v2\/posts\/20890","targetHints":{"allow":["GET"]}}],"collection":[{"href":"https:\/\/redenoticiaz.com.br\/litoralsp\/wp-json\/wp\/v2\/posts"}],"about":[{"href":"https:\/\/redenoticiaz.com.br\/litoralsp\/wp-json\/wp\/v2\/types\/post"}],"author":[{"embeddable":true,"href":"https:\/\/redenoticiaz.com.br\/litoralsp\/wp-json\/wp\/v2\/users\/6"}],"replies":[{"embeddable":true,"href":"https:\/\/redenoticiaz.com.br\/litoralsp\/wp-json\/wp\/v2\/comments?post=20890"}],"version-history":[{"count":1,"href":"https:\/\/redenoticiaz.com.br\/litoralsp\/wp-json\/wp\/v2\/posts\/20890\/revisions"}],"predecessor-version":[{"id":20892,"href":"https:\/\/redenoticiaz.com.br\/litoralsp\/wp-json\/wp\/v2\/posts\/20890\/revisions\/20892"}],"wp:featuredmedia":[{"embeddable":true,"href":"https:\/\/redenoticiaz.com.br\/litoralsp\/wp-json\/wp\/v2\/media\/20891"}],"wp:attachment":[{"href":"https:\/\/redenoticiaz.com.br\/litoralsp\/wp-json\/wp\/v2\/media?parent=20890"}],"wp:term":[{"taxonomy":"category","embeddable":true,"href":"https:\/\/redenoticiaz.com.br\/litoralsp\/wp-json\/wp\/v2\/categories?post=20890"},{"taxonomy":"post_tag","embeddable":true,"href":"https:\/\/redenoticiaz.com.br\/litoralsp\/wp-json\/wp\/v2\/tags?post=20890"}],"curies":[{"name":"wp","href":"https:\/\/api.w.org\/{rel}","templated":true}]}}