{"id":20918,"date":"2022-01-09T08:00:29","date_gmt":"2022-01-09T11:00:29","guid":{"rendered":"https:\/\/redenoticiaz.com.br\/litoralsp\/?p=20918"},"modified":"2022-01-05T13:12:36","modified_gmt":"2022-01-05T16:12:36","slug":"saiba-como-cumprir-as-metas-tracadas-para-o-ano-novo","status":"publish","type":"post","link":"https:\/\/redenoticiaz.com.br\/litoralsp\/2022\/01\/09\/saiba-como-cumprir-as-metas-tracadas-para-o-ano-novo","title":{"rendered":"Saiba como cumprir as metas tra\u00e7adas para o Ano Novo"},"content":{"rendered":"<p>O come\u00e7o de um ano \u00e9 um momento comum para colocarmos metas e <strong>objetivos a serem alcan\u00e7ados ao longo do novo ciclo<\/strong> que se inicia. Ter uma vida mais saud\u00e1vel, guardar dinheiro, fazer uma viagem, ler mais livros. N\u00e3o importa a resolu\u00e7\u00e3o, para cumpri-la \u00e9 preciso ter disciplina, autoconhecimento e foco.<\/p>\n<p>A\u00a0terapeuta radiestesista Erika Thiele\u00a0explica que, para alcan\u00e7ar seus objetivos, n\u00e3o devemos estabelecer variadas metas, mas focar nas principais.\u00a0\u201c\u00c9 importante escolher uma ou duas, no m\u00e1ximo tr\u00eas. Dessa forma \u00e9 poss\u00edvel manter um maior foco nos seus objetivos e diminuir a chance de desvios de rota, pois quando fazemos muitos planos podemos n\u00e3o ter energia vital suficiente para nutrir todos e assim estamos fadados a frustra\u00e7\u00f5es\u201d, aconselha.<\/p>\n<p>A especialista recomenda estabelecer uma data para a concretiza\u00e7\u00e3o de um objetivo e t\u00ea-lo escrito em algum lugar.\u00a0\u201cPensar em coisas imediatistas pode ser grande fonte de frustra\u00e7\u00e3o. J\u00e1 quando nos comprometemos com uma transforma\u00e7\u00e3o por todo um ano temos mais condi\u00e7\u00f5es de realiza\u00e7\u00f5es\u201d, diz.<\/p>\n<p>Ter as metas escritas em um lugar de f\u00e1cil acesso \u00e9 importante fonte de motiva\u00e7\u00e3o.\u00a0\u201cAl\u00e9m disso, \u00e9 essencial procurarmos ajuda quando necess\u00e1rio, pois frequentemente nossas cren\u00e7as limitantes impedem a realiza\u00e7\u00e3o do objetivo e, para conhece-las, precisamos muitas vezes de alguma terapia\u201d, completa.<\/p>\n<p>Um dos grandes desafios de quem se prop\u00f5e a realizar algo \u00e9 a procrastina\u00e7\u00e3o.\u00a0\u201cA gente procrastina porque estamos viciados no prazer imediato. Acostumamos nossas conex\u00f5es cerebrais a seguir sempre o mesmo caminho. Para sairmos disso precisamos de autoestima e autoconhecimento, saber os conte\u00fados do nosso subconsciente que nos seduzem e nos desviam, pois \u00e9 ele quem nos guia para determinada dire\u00e7\u00e3o ou escolha\u201d, aponta.<\/p>\n<h3>Como escolher?<\/h3>\n<p>A terapeuta do Instituto Plasma afirma que a escolha das metas deve ser criteriosa.\u00a0\u201cPrecisa ser de cora\u00e7\u00e3o e realmente fazer sentido para a pessoa, n\u00e3o apenas fazer algo porque outro far\u00e1 tamb\u00e9m ou porque te disseram que \u00e9 o correto. Escolha o que te far\u00e1 bem e ter\u00e1 um significado para voc\u00ea\u201d.<\/p>\n<p>Para alcan\u00e7ar o objetivo, ensina a terapeuta, a pessoa deve escrever diariamente a meta como se j\u00e1 tivesse sido atingida e falar como se sente diante da conquista para manter as boas energias.\u00a0\u201cAssim exercitamos o nosso subconsciente para manter-se motivado e continuar seguindo os caminhos mesmo perante as dificuldades. \u00c9 um exerc\u00edcio de materializa\u00e7\u00e3o da conquista no campo mental, para buscarmos tamb\u00e9m no plano f\u00edsico\u201d, diz.<\/p>\n<p>\u201cAqueles que possuem muitas dificuldades em focar na sua caminhada ou desanimam rapidamente podem buscar ajuda profissional para desenvolver o seu autoconhecimento e autoestima, realizar um equil\u00edbrio energ\u00e9tico e conseguir avan\u00e7ar\u201d, conclui a radiestesista.<\/p>\n<h3><strong>Dicas para alcan\u00e7ar as metas no novo ano:<\/strong><\/h3>\n<p>&#8211; Estabele\u00e7a poucas metas para evitar se desviar dos objetivos<br \/>\n&#8211; Escolha uma data para atingir seu objetivo, evite metas imediatistas<br \/>\n&#8211; Escreva qual seu objetivo em algum local que voc\u00ea possa consultar sempre e materialize a conquista em sua mente diariamente<br \/>\n&#8211; Busque conhecer a si mesmo e aos seus gostos para evitar procrastina\u00e7\u00e3o<br \/>\n&#8211; Determine objetivos que fa\u00e7am sentido para voc\u00ea, n\u00e3o v\u00e1 por escolhas ou opini\u00f5es dos outros<br \/>\n&#8211; Caso tenha dificuldades em focar ou de manter sua autoestima e autoconhecimento, busque a ajuda de um especialista.<\/p>\n<p><strong>LEIA TAMB\u00c9M<\/strong><\/p>\n<p><a href=\"https:\/\/redenoticiaz.com.br\/blog\/2022\/01\/02\/saiba-como-cuidar-bem-da-sua-casa-de-veraneio\">Saiba como cuidar bem da sua casa de veraneio<\/a><\/p>\n","protected":false},"excerpt":{"rendered":"<p>O come\u00e7o de um ano \u00e9 um momento comum para colocarmos metas e objetivos a serem alcan\u00e7ados ao longo do novo ciclo que se inicia. Ter uma vida mais saud\u00e1vel, guardar dinheiro, fazer uma viagem, ler mais livros. N\u00e3o importa a resolu\u00e7\u00e3o, para cumpri-la \u00e9 preciso ter disciplina, autoconhecimento e foco. A\u00a0terapeuta radiestesista Erika Thiele\u00a0explica &hellip;<\/p>\n","protected":false},"author":6,"featured_media":20919,"comment_status":"open","ping_status":"closed","sticky":false,"template":"","format":"standard","meta":{"footnotes":""},"categories":[1],"tags":[99,14786,4093,46390,9327,46391],"class_list":["post-20918","post","type-post","status-publish","format-standard","has-post-thumbnail","hentry","category-sem","tag-ano-novo","tag-bem-estar","tag-dicas","tag-metas-estabelecidas","tag-planejamento","tag-variedades"],"yoast_head":"<!-- This site is optimized with the Yoast SEO plugin v27.5 - https:\/\/yoast.com\/product\/yoast-seo-wordpress\/ -->\n<title>Saiba como cumprir as metas tra\u00e7adas para o Ano Novo - Litoral SP<\/title>\n<meta name=\"description\" content=\"O come\u00e7o de um ano \u00e9 um momento comum para colocarmos metas e objetivos a serem alcan\u00e7ados ao longo do novo ciclo que se inicia\" \/>\n<meta name=\"robots\" content=\"index, follow, max-snippet:-1, max-image-preview:large, max-video-preview:-1\" \/>\n<link rel=\"canonical\" href=\"https:\/\/redenoticiaz.com.br\/litoralsp\/2022\/01\/09\/saiba-como-cumprir-as-metas-tracadas-para-o-ano-novo\" \/>\n<meta property=\"og:locale\" content=\"pt_BR\" \/>\n<meta property=\"og:type\" content=\"article\" \/>\n<meta property=\"og:title\" content=\"Saiba como cumprir as metas tra\u00e7adas para o Ano Novo - Litoral SP\" \/>\n<meta property=\"og:description\" content=\"O come\u00e7o de um ano \u00e9 um momento comum para colocarmos metas e objetivos a serem alcan\u00e7ados ao longo do novo ciclo que se inicia\" \/>\n<meta property=\"og:url\" content=\"https:\/\/redenoticiaz.com.br\/litoralsp\/2022\/01\/09\/saiba-como-cumprir-as-metas-tracadas-para-o-ano-novo\" \/>\n<meta property=\"og:site_name\" content=\"Litoral SP\" \/>\n<meta property=\"article:published_time\" content=\"2022-01-09T11:00:29+00:00\" \/>\n<meta property=\"og:image\" content=\"https:\/\/redenoticiaz.com.br\/litoralsp\/wp-content\/uploads\/sites\/3\/2022\/01\/depositphotos-342534844-xl.jpg\" \/>\n\t<meta property=\"og:image:width\" content=\"721\" \/>\n\t<meta property=\"og:image:height\" content=\"1080\" \/>\n\t<meta property=\"og:image:type\" content=\"image\/jpeg\" \/>\n<meta name=\"author\" content=\"Leonardo Francisco\" \/>\n<meta name=\"twitter:card\" content=\"summary_large_image\" \/>\n<meta name=\"twitter:label1\" content=\"Escrito por\" \/>\n\t<meta name=\"twitter:data1\" content=\"Leonardo Francisco\" \/>\n\t<meta name=\"twitter:label2\" content=\"Est. tempo de leitura\" \/>\n\t<meta name=\"twitter:data2\" content=\"3 minutos\" \/>\n<script type=\"application\/ld+json\" class=\"yoast-schema-graph\">{\"@context\":\"https:\\\/\\\/schema.org\",\"@graph\":[{\"@type\":\"Article\",\"@id\":\"https:\\\/\\\/redenoticiaz.com.br\\\/litoralsp\\\/2022\\\/01\\\/09\\\/saiba-como-cumprir-as-metas-tracadas-para-o-ano-novo#article\",\"isPartOf\":{\"@id\":\"https:\\\/\\\/redenoticiaz.com.br\\\/litoralsp\\\/2022\\\/01\\\/09\\\/saiba-como-cumprir-as-metas-tracadas-para-o-ano-novo\"},\"author\":{\"name\":\"Leonardo Francisco\",\"@id\":\"https:\\\/\\\/redenoticiaz.com.br\\\/litoralsp\\\/#\\\/schema\\\/person\\\/0f0b8a5bdafefe82841e07ae8d81ecb3\"},\"headline\":\"Saiba como cumprir as metas tra\u00e7adas para o Ano Novo\",\"datePublished\":\"2022-01-09T11:00:29+00:00\",\"mainEntityOfPage\":{\"@id\":\"https:\\\/\\\/redenoticiaz.com.br\\\/litoralsp\\\/2022\\\/01\\\/09\\\/saiba-como-cumprir-as-metas-tracadas-para-o-ano-novo\"},\"wordCount\":586,\"commentCount\":0,\"publisher\":{\"@id\":\"https:\\\/\\\/redenoticiaz.com.br\\\/litoralsp\\\/#organization\"},\"image\":{\"@id\":\"https:\\\/\\\/redenoticiaz.com.br\\\/litoralsp\\\/2022\\\/01\\\/09\\\/saiba-como-cumprir-as-metas-tracadas-para-o-ano-novo#primaryimage\"},\"thumbnailUrl\":\"https:\\\/\\\/redenoticiaz.com.br\\\/litoralsp\\\/wp-content\\\/uploads\\\/sites\\\/3\\\/2022\\\/01\\\/depositphotos-342534844-xl.jpg\",\"keywords\":[\"ANO NOVO\",\"BEM ESTAR\",\"DICAS\",\"METAS ESTABELECIDAS\",\"PLANEJAMENTO\",\"VARIEDADES\"],\"articleSection\":[\"sem\"],\"inLanguage\":\"pt-BR\",\"potentialAction\":[{\"@type\":\"CommentAction\",\"name\":\"Comment\",\"target\":[\"https:\\\/\\\/redenoticiaz.com.br\\\/litoralsp\\\/2022\\\/01\\\/09\\\/saiba-como-cumprir-as-metas-tracadas-para-o-ano-novo#respond\"]}]},{\"@type\":\"WebPage\",\"@id\":\"https:\\\/\\\/redenoticiaz.com.br\\\/litoralsp\\\/2022\\\/01\\\/09\\\/saiba-como-cumprir-as-metas-tracadas-para-o-ano-novo\",\"url\":\"https:\\\/\\\/redenoticiaz.com.br\\\/litoralsp\\\/2022\\\/01\\\/09\\\/saiba-como-cumprir-as-metas-tracadas-para-o-ano-novo\",\"name\":\"Saiba como cumprir as metas tra\u00e7adas para o Ano Novo - Litoral SP\",\"isPartOf\":{\"@id\":\"https:\\\/\\\/redenoticiaz.com.br\\\/litoralsp\\\/#website\"},\"primaryImageOfPage\":{\"@id\":\"https:\\\/\\\/redenoticiaz.com.br\\\/litoralsp\\\/2022\\\/01\\\/09\\\/saiba-como-cumprir-as-metas-tracadas-para-o-ano-novo#primaryimage\"},\"image\":{\"@id\":\"https:\\\/\\\/redenoticiaz.com.br\\\/litoralsp\\\/2022\\\/01\\\/09\\\/saiba-como-cumprir-as-metas-tracadas-para-o-ano-novo#primaryimage\"},\"thumbnailUrl\":\"https:\\\/\\\/redenoticiaz.com.br\\\/litoralsp\\\/wp-content\\\/uploads\\\/sites\\\/3\\\/2022\\\/01\\\/depositphotos-342534844-xl.jpg\",\"datePublished\":\"2022-01-09T11:00:29+00:00\",\"description\":\"O come\u00e7o de um ano \u00e9 um momento comum para colocarmos metas e objetivos a serem alcan\u00e7ados ao longo do novo ciclo que se inicia\",\"inLanguage\":\"pt-BR\",\"potentialAction\":[{\"@type\":\"ReadAction\",\"target\":[\"https:\\\/\\\/redenoticiaz.com.br\\\/litoralsp\\\/2022\\\/01\\\/09\\\/saiba-como-cumprir-as-metas-tracadas-para-o-ano-novo\"]}]},{\"@type\":\"ImageObject\",\"inLanguage\":\"pt-BR\",\"@id\":\"https:\\\/\\\/redenoticiaz.com.br\\\/litoralsp\\\/2022\\\/01\\\/09\\\/saiba-como-cumprir-as-metas-tracadas-para-o-ano-novo#primaryimage\",\"url\":\"https:\\\/\\\/redenoticiaz.com.br\\\/litoralsp\\\/wp-content\\\/uploads\\\/sites\\\/3\\\/2022\\\/01\\\/depositphotos-342534844-xl.jpg\",\"contentUrl\":\"https:\\\/\\\/redenoticiaz.com.br\\\/litoralsp\\\/wp-content\\\/uploads\\\/sites\\\/3\\\/2022\\\/01\\\/depositphotos-342534844-xl.jpg\",\"width\":721,\"height\":1080,\"caption\":\"Cr\u00e9ditos: Reprodu\u00e7\u00e3o\"},{\"@type\":\"WebSite\",\"@id\":\"https:\\\/\\\/redenoticiaz.com.br\\\/litoralsp\\\/#website\",\"url\":\"https:\\\/\\\/redenoticiaz.com.br\\\/litoralsp\\\/\",\"name\":\"Litoral SP\",\"description\":\"Rede NoticiaZ\",\"publisher\":{\"@id\":\"https:\\\/\\\/redenoticiaz.com.br\\\/litoralsp\\\/#organization\"},\"potentialAction\":[{\"@type\":\"SearchAction\",\"target\":{\"@type\":\"EntryPoint\",\"urlTemplate\":\"https:\\\/\\\/redenoticiaz.com.br\\\/litoralsp\\\/?s={search_term_string}\"},\"query-input\":{\"@type\":\"PropertyValueSpecification\",\"valueRequired\":true,\"valueName\":\"search_term_string\"}}],\"inLanguage\":\"pt-BR\"},{\"@type\":\"Organization\",\"@id\":\"https:\\\/\\\/redenoticiaz.com.br\\\/litoralsp\\\/#organization\",\"name\":\"Litoral SP\",\"url\":\"https:\\\/\\\/redenoticiaz.com.br\\\/litoralsp\\\/\",\"logo\":{\"@type\":\"ImageObject\",\"inLanguage\":\"pt-BR\",\"@id\":\"https:\\\/\\\/redenoticiaz.com.br\\\/litoralsp\\\/#\\\/schema\\\/logo\\\/image\\\/\",\"url\":\"https:\\\/\\\/redenoticiaz.com.br\\\/litoralsp\\\/wp-content\\\/uploads\\\/sites\\\/3\\\/2020\\\/11\\\/logo.jpg\",\"contentUrl\":\"https:\\\/\\\/redenoticiaz.com.br\\\/litoralsp\\\/wp-content\\\/uploads\\\/sites\\\/3\\\/2020\\\/11\\\/logo.jpg\",\"width\":400,\"height\":250,\"caption\":\"Litoral SP\"},\"image\":{\"@id\":\"https:\\\/\\\/redenoticiaz.com.br\\\/litoralsp\\\/#\\\/schema\\\/logo\\\/image\\\/\"}},{\"@type\":\"Person\",\"@id\":\"https:\\\/\\\/redenoticiaz.com.br\\\/litoralsp\\\/#\\\/schema\\\/person\\\/0f0b8a5bdafefe82841e07ae8d81ecb3\",\"name\":\"Leonardo Francisco\",\"image\":{\"@type\":\"ImageObject\",\"inLanguage\":\"pt-BR\",\"@id\":\"https:\\\/\\\/secure.gravatar.com\\\/avatar\\\/a7358cb406a99b682ec6df1e77e31ae82e63601f6784e8a3df411d72b37864da?s=96&d=mm&r=g\",\"url\":\"https:\\\/\\\/secure.gravatar.com\\\/avatar\\\/a7358cb406a99b682ec6df1e77e31ae82e63601f6784e8a3df411d72b37864da?s=96&d=mm&r=g\",\"contentUrl\":\"https:\\\/\\\/secure.gravatar.com\\\/avatar\\\/a7358cb406a99b682ec6df1e77e31ae82e63601f6784e8a3df411d72b37864da?s=96&d=mm&r=g\",\"caption\":\"Leonardo Francisco\"},\"url\":\"https:\\\/\\\/redenoticiaz.com.br\\\/litoralsp\\\/author\\\/leonardo-francisco\"}]}<\/script>\n<!-- \/ Yoast SEO plugin. -->","yoast_head_json":{"title":"Saiba como cumprir as metas tra\u00e7adas para o Ano Novo - Litoral SP","description":"O come\u00e7o de um ano \u00e9 um momento comum para colocarmos metas e objetivos a serem alcan\u00e7ados ao longo do novo ciclo que se inicia","robots":{"index":"index","follow":"follow","max-snippet":"max-snippet:-1","max-image-preview":"max-image-preview:large","max-video-preview":"max-video-preview:-1"},"canonical":"https:\/\/redenoticiaz.com.br\/litoralsp\/2022\/01\/09\/saiba-como-cumprir-as-metas-tracadas-para-o-ano-novo","og_locale":"pt_BR","og_type":"article","og_title":"Saiba como cumprir as metas tra\u00e7adas para o Ano Novo - Litoral SP","og_description":"O come\u00e7o de um ano \u00e9 um momento comum para colocarmos metas e objetivos a serem alcan\u00e7ados ao longo do novo ciclo que se inicia","og_url":"https:\/\/redenoticiaz.com.br\/litoralsp\/2022\/01\/09\/saiba-como-cumprir-as-metas-tracadas-para-o-ano-novo","og_site_name":"Litoral SP","article_published_time":"2022-01-09T11:00:29+00:00","og_image":[{"width":721,"height":1080,"url":"https:\/\/redenoticiaz.com.br\/litoralsp\/wp-content\/uploads\/sites\/3\/2022\/01\/depositphotos-342534844-xl.jpg","type":"image\/jpeg"}],"author":"Leonardo Francisco","twitter_card":"summary_large_image","twitter_misc":{"Escrito por":"Leonardo Francisco","Est. tempo de leitura":"3 minutos"},"schema":{"@context":"https:\/\/schema.org","@graph":[{"@type":"Article","@id":"https:\/\/redenoticiaz.com.br\/litoralsp\/2022\/01\/09\/saiba-como-cumprir-as-metas-tracadas-para-o-ano-novo#article","isPartOf":{"@id":"https:\/\/redenoticiaz.com.br\/litoralsp\/2022\/01\/09\/saiba-como-cumprir-as-metas-tracadas-para-o-ano-novo"},"author":{"name":"Leonardo Francisco","@id":"https:\/\/redenoticiaz.com.br\/litoralsp\/#\/schema\/person\/0f0b8a5bdafefe82841e07ae8d81ecb3"},"headline":"Saiba como cumprir as metas tra\u00e7adas para o Ano Novo","datePublished":"2022-01-09T11:00:29+00:00","mainEntityOfPage":{"@id":"https:\/\/redenoticiaz.com.br\/litoralsp\/2022\/01\/09\/saiba-como-cumprir-as-metas-tracadas-para-o-ano-novo"},"wordCount":586,"commentCount":0,"publisher":{"@id":"https:\/\/redenoticiaz.com.br\/litoralsp\/#organization"},"image":{"@id":"https:\/\/redenoticiaz.com.br\/litoralsp\/2022\/01\/09\/saiba-como-cumprir-as-metas-tracadas-para-o-ano-novo#primaryimage"},"thumbnailUrl":"https:\/\/redenoticiaz.com.br\/litoralsp\/wp-content\/uploads\/sites\/3\/2022\/01\/depositphotos-342534844-xl.jpg","keywords":["ANO NOVO","BEM ESTAR","DICAS","METAS ESTABELECIDAS","PLANEJAMENTO","VARIEDADES"],"articleSection":["sem"],"inLanguage":"pt-BR","potentialAction":[{"@type":"CommentAction","name":"Comment","target":["https:\/\/redenoticiaz.com.br\/litoralsp\/2022\/01\/09\/saiba-como-cumprir-as-metas-tracadas-para-o-ano-novo#respond"]}]},{"@type":"WebPage","@id":"https:\/\/redenoticiaz.com.br\/litoralsp\/2022\/01\/09\/saiba-como-cumprir-as-metas-tracadas-para-o-ano-novo","url":"https:\/\/redenoticiaz.com.br\/litoralsp\/2022\/01\/09\/saiba-como-cumprir-as-metas-tracadas-para-o-ano-novo","name":"Saiba como cumprir as metas tra\u00e7adas para o Ano Novo - Litoral SP","isPartOf":{"@id":"https:\/\/redenoticiaz.com.br\/litoralsp\/#website"},"primaryImageOfPage":{"@id":"https:\/\/redenoticiaz.com.br\/litoralsp\/2022\/01\/09\/saiba-como-cumprir-as-metas-tracadas-para-o-ano-novo#primaryimage"},"image":{"@id":"https:\/\/redenoticiaz.com.br\/litoralsp\/2022\/01\/09\/saiba-como-cumprir-as-metas-tracadas-para-o-ano-novo#primaryimage"},"thumbnailUrl":"https:\/\/redenoticiaz.com.br\/litoralsp\/wp-content\/uploads\/sites\/3\/2022\/01\/depositphotos-342534844-xl.jpg","datePublished":"2022-01-09T11:00:29+00:00","description":"O come\u00e7o de um ano \u00e9 um momento comum para colocarmos metas e objetivos a serem alcan\u00e7ados ao longo do novo ciclo que se inicia","inLanguage":"pt-BR","potentialAction":[{"@type":"ReadAction","target":["https:\/\/redenoticiaz.com.br\/litoralsp\/2022\/01\/09\/saiba-como-cumprir-as-metas-tracadas-para-o-ano-novo"]}]},{"@type":"ImageObject","inLanguage":"pt-BR","@id":"https:\/\/redenoticiaz.com.br\/litoralsp\/2022\/01\/09\/saiba-como-cumprir-as-metas-tracadas-para-o-ano-novo#primaryimage","url":"https:\/\/redenoticiaz.com.br\/litoralsp\/wp-content\/uploads\/sites\/3\/2022\/01\/depositphotos-342534844-xl.jpg","contentUrl":"https:\/\/redenoticiaz.com.br\/litoralsp\/wp-content\/uploads\/sites\/3\/2022\/01\/depositphotos-342534844-xl.jpg","width":721,"height":1080,"caption":"Cr\u00e9ditos: Reprodu\u00e7\u00e3o"},{"@type":"WebSite","@id":"https:\/\/redenoticiaz.com.br\/litoralsp\/#website","url":"https:\/\/redenoticiaz.com.br\/litoralsp\/","name":"Litoral SP","description":"Rede NoticiaZ","publisher":{"@id":"https:\/\/redenoticiaz.com.br\/litoralsp\/#organization"},"potentialAction":[{"@type":"SearchAction","target":{"@type":"EntryPoint","urlTemplate":"https:\/\/redenoticiaz.com.br\/litoralsp\/?s={search_term_string}"},"query-input":{"@type":"PropertyValueSpecification","valueRequired":true,"valueName":"search_term_string"}}],"inLanguage":"pt-BR"},{"@type":"Organization","@id":"https:\/\/redenoticiaz.com.br\/litoralsp\/#organization","name":"Litoral SP","url":"https:\/\/redenoticiaz.com.br\/litoralsp\/","logo":{"@type":"ImageObject","inLanguage":"pt-BR","@id":"https:\/\/redenoticiaz.com.br\/litoralsp\/#\/schema\/logo\/image\/","url":"https:\/\/redenoticiaz.com.br\/litoralsp\/wp-content\/uploads\/sites\/3\/2020\/11\/logo.jpg","contentUrl":"https:\/\/redenoticiaz.com.br\/litoralsp\/wp-content\/uploads\/sites\/3\/2020\/11\/logo.jpg","width":400,"height":250,"caption":"Litoral SP"},"image":{"@id":"https:\/\/redenoticiaz.com.br\/litoralsp\/#\/schema\/logo\/image\/"}},{"@type":"Person","@id":"https:\/\/redenoticiaz.com.br\/litoralsp\/#\/schema\/person\/0f0b8a5bdafefe82841e07ae8d81ecb3","name":"Leonardo Francisco","image":{"@type":"ImageObject","inLanguage":"pt-BR","@id":"https:\/\/secure.gravatar.com\/avatar\/a7358cb406a99b682ec6df1e77e31ae82e63601f6784e8a3df411d72b37864da?s=96&d=mm&r=g","url":"https:\/\/secure.gravatar.com\/avatar\/a7358cb406a99b682ec6df1e77e31ae82e63601f6784e8a3df411d72b37864da?s=96&d=mm&r=g","contentUrl":"https:\/\/secure.gravatar.com\/avatar\/a7358cb406a99b682ec6df1e77e31ae82e63601f6784e8a3df411d72b37864da?s=96&d=mm&r=g","caption":"Leonardo Francisco"},"url":"https:\/\/redenoticiaz.com.br\/litoralsp\/author\/leonardo-francisco"}]}},"_links":{"self":[{"href":"https:\/\/redenoticiaz.com.br\/litoralsp\/wp-json\/wp\/v2\/posts\/20918","targetHints":{"allow":["GET"]}}],"collection":[{"href":"https:\/\/redenoticiaz.com.br\/litoralsp\/wp-json\/wp\/v2\/posts"}],"about":[{"href":"https:\/\/redenoticiaz.com.br\/litoralsp\/wp-json\/wp\/v2\/types\/post"}],"author":[{"embeddable":true,"href":"https:\/\/redenoticiaz.com.br\/litoralsp\/wp-json\/wp\/v2\/users\/6"}],"replies":[{"embeddable":true,"href":"https:\/\/redenoticiaz.com.br\/litoralsp\/wp-json\/wp\/v2\/comments?post=20918"}],"version-history":[{"count":2,"href":"https:\/\/redenoticiaz.com.br\/litoralsp\/wp-json\/wp\/v2\/posts\/20918\/revisions"}],"predecessor-version":[{"id":20921,"href":"https:\/\/redenoticiaz.com.br\/litoralsp\/wp-json\/wp\/v2\/posts\/20918\/revisions\/20921"}],"wp:featuredmedia":[{"embeddable":true,"href":"https:\/\/redenoticiaz.com.br\/litoralsp\/wp-json\/wp\/v2\/media\/20919"}],"wp:attachment":[{"href":"https:\/\/redenoticiaz.com.br\/litoralsp\/wp-json\/wp\/v2\/media?parent=20918"}],"wp:term":[{"taxonomy":"category","embeddable":true,"href":"https:\/\/redenoticiaz.com.br\/litoralsp\/wp-json\/wp\/v2\/categories?post=20918"},{"taxonomy":"post_tag","embeddable":true,"href":"https:\/\/redenoticiaz.com.br\/litoralsp\/wp-json\/wp\/v2\/tags?post=20918"}],"curies":[{"name":"wp","href":"https:\/\/api.w.org\/{rel}","templated":true}]}}