{"id":20938,"date":"2022-01-05T17:23:39","date_gmt":"2022-01-05T20:23:39","guid":{"rendered":"https:\/\/redenoticiaz.com.br\/litoralsp\/?p=20938"},"modified":"2022-01-05T17:23:58","modified_gmt":"2022-01-05T20:23:58","slug":"receita-federal-encontra-cocaina-no-teto-de-conteiner","status":"publish","type":"post","link":"https:\/\/redenoticiaz.com.br\/litoralsp\/2022\/01\/05\/receita-federal-encontra-cocaina-no-teto-de-conteiner","title":{"rendered":"Receita Federal encontra coca\u00edna no teto de cont\u00eainer"},"content":{"rendered":"<p>Aconteceu a primeira apreens\u00e3o de drogas no <a href=\"http:\/\/www.portodesantos.com.br\/\">Porto de Santos<\/a>. A Receita Federal encontrou coca\u00edna que foi escondida no teto de um <strong>cont\u00eainer<\/strong>. A estrat\u00e9gia era de driblar a fiscaliza\u00e7\u00e3o, mas sem sucesso. Al\u00e9m disso, a carga com o entorpecente estava vindo para o Brasil, diferente do que ocorre geralmente, quando as autoridades impedem o embarqu da droga.<\/p>\n<p>De acordo com a Receita Federal haviam cerca de 59 quilos de coca\u00edna em um dos terminais portu\u00e1rios do Porto de Santos.<\/p>\n<figure id=\"attachment_20941\" aria-describedby=\"caption-attachment-20941\" style=\"width: 300px\" class=\"wp-caption alignleft\"><img loading=\"lazy\" decoding=\"async\" class=\"size-medium wp-image-20941\" src=\"https:\/\/redenoticiaz.com.br\/litoralsp\/wp-content\/uploads\/sites\/3\/2022\/01\/imagem-santaportal-900x600-2022-01-04t180905-963-300x200.jpg\" alt=\"\" width=\"300\" height=\"200\" srcset=\"https:\/\/redenoticiaz.com.br\/litoralsp\/wp-content\/uploads\/sites\/3\/2022\/01\/imagem-santaportal-900x600-2022-01-04t180905-963-300x200.jpg 300w, https:\/\/redenoticiaz.com.br\/litoralsp\/wp-content\/uploads\/sites\/3\/2022\/01\/imagem-santaportal-900x600-2022-01-04t180905-963-768x512.jpg 768w, https:\/\/redenoticiaz.com.br\/litoralsp\/wp-content\/uploads\/sites\/3\/2022\/01\/imagem-santaportal-900x600-2022-01-04t180905-963.jpg 900w\" sizes=\"auto, (max-width: 300px) 100vw, 300px\" \/><figcaption id=\"caption-attachment-20941\" class=\"wp-caption-text\">Cr\u00e9ditos: Divulga\u00e7\u00e3o\/Receita Federal.<\/figcaption><\/figure>\n<p>Os diversos tabletes de entorpecente estavam ocultos em meio \u00e0 camada de isolamento t\u00e9rmico de um cont\u00eainer vazio, rec\u00e9m chegado do Porto da Filad\u00e9lfia, nos Estados Unidos. Questionada, a Receita Federal afirmou que fiscaliza 100% das unidades de carga que entram no pa\u00eds pelo Porto de Santos e que o escaneamento \u00e9 escaneado.<\/p>\n<p>O trabalho \u00e9 para garantir a seguran\u00e7a e reprimir a chegada de produtos il\u00edcitos. O c\u00e3o de faro da Receita Federal, Uruk ajudou na localiza\u00e7\u00e3o da coca\u00edna e furos no teto do cont\u00eainer foram feitas. Ao todo, 59 Kg da droga foram encontrados e apreendidas. Mas as investiga\u00e7\u00f5es ir\u00e3o prosseguir pela Pol\u00edcia Federal.<\/p>\n<p><strong>LEIA TAMB\u00c9M<\/strong><\/p>\n<p><a href=\"https:\/\/redenoticiaz.com.br\/litoralsp\/2022\/01\/04\/homem-e-preso-e-adolescente-e-apreendido-com-moto-furtada-em-peruibe\">Homem \u00e9 preso e adolescente \u00e9 apreendido com moto furtada em Peru\u00edbe<\/a><\/p>\n","protected":false},"excerpt":{"rendered":"<p>Aconteceu a primeira apreens\u00e3o de drogas no Porto de Santos. A Receita Federal encontrou coca\u00edna que foi escondida no teto de um cont\u00eainer. A estrat\u00e9gia era de driblar a fiscaliza\u00e7\u00e3o, mas sem sucesso. Al\u00e9m disso, a carga com o entorpecente estava vindo para o Brasil, diferente do que ocorre geralmente, quando as autoridades impedem o &hellip;<\/p>\n","protected":false},"author":6,"featured_media":20939,"comment_status":"open","ping_status":"closed","sticky":false,"template":"","format":"standard","meta":{"footnotes":""},"categories":[10,18537,180],"tags":[2185,74,2183,986,46405],"class_list":["post-20938","post","type-post","status-publish","format-standard","has-post-thumbnail","hentry","category-policia","category-porto","category-santos","tag-cocaina","tag-porto-de-santos","tag-receita-federal","tag-santos","tag-teto-de-conteiner"],"yoast_head":"<!-- This site is optimized with the Yoast SEO plugin v27.4 - https:\/\/yoast.com\/product\/yoast-seo-wordpress\/ -->\n<title>Receita Federal encontra coca\u00edna no teto de cont\u00eainer - Litoral SP<\/title>\n<meta name=\"description\" content=\"a primeira apreens\u00e3o de drogas no Porto de Santos. A Receita Federal encontrou coca\u00edna que foi escondida no teto de um cont\u00eainer. A estrat\u00e9gia\" \/>\n<meta name=\"robots\" content=\"index, follow, max-snippet:-1, max-image-preview:large, max-video-preview:-1\" \/>\n<link rel=\"canonical\" href=\"https:\/\/redenoticiaz.com.br\/litoralsp\/2022\/01\/05\/receita-federal-encontra-cocaina-no-teto-de-conteiner\" \/>\n<meta property=\"og:locale\" content=\"pt_BR\" \/>\n<meta property=\"og:type\" content=\"article\" \/>\n<meta property=\"og:title\" content=\"Receita Federal encontra coca\u00edna no teto de cont\u00eainer - Litoral SP\" \/>\n<meta property=\"og:description\" content=\"a primeira apreens\u00e3o de drogas no Porto de Santos. A Receita Federal encontrou coca\u00edna que foi escondida no teto de um cont\u00eainer. A estrat\u00e9gia\" \/>\n<meta property=\"og:url\" content=\"https:\/\/redenoticiaz.com.br\/litoralsp\/2022\/01\/05\/receita-federal-encontra-cocaina-no-teto-de-conteiner\" \/>\n<meta property=\"og:site_name\" content=\"Litoral SP\" \/>\n<meta property=\"article:published_time\" content=\"2022-01-05T20:23:39+00:00\" \/>\n<meta property=\"article:modified_time\" content=\"2022-01-05T20:23:58+00:00\" \/>\n<meta property=\"og:image\" content=\"https:\/\/redenoticiaz.com.br\/litoralsp\/wp-content\/uploads\/sites\/3\/2022\/01\/whatsapp-image-2022-01-05-at-16-30-24-e1641414111825.jpeg\" \/>\n\t<meta property=\"og:image:width\" content=\"765\" \/>\n\t<meta property=\"og:image:height\" content=\"542\" \/>\n\t<meta property=\"og:image:type\" content=\"image\/jpeg\" \/>\n<meta name=\"author\" content=\"Leonardo Francisco\" \/>\n<meta name=\"twitter:card\" content=\"summary_large_image\" \/>\n<meta name=\"twitter:label1\" content=\"Escrito por\" \/>\n\t<meta name=\"twitter:data1\" content=\"Leonardo Francisco\" \/>\n\t<meta name=\"twitter:label2\" content=\"Est. tempo de leitura\" \/>\n\t<meta name=\"twitter:data2\" content=\"1 minuto\" \/>\n<script type=\"application\/ld+json\" class=\"yoast-schema-graph\">{\"@context\":\"https:\\\/\\\/schema.org\",\"@graph\":[{\"@type\":\"Article\",\"@id\":\"https:\\\/\\\/redenoticiaz.com.br\\\/litoralsp\\\/2022\\\/01\\\/05\\\/receita-federal-encontra-cocaina-no-teto-de-conteiner#article\",\"isPartOf\":{\"@id\":\"https:\\\/\\\/redenoticiaz.com.br\\\/litoralsp\\\/2022\\\/01\\\/05\\\/receita-federal-encontra-cocaina-no-teto-de-conteiner\"},\"author\":{\"name\":\"Leonardo Francisco\",\"@id\":\"https:\\\/\\\/redenoticiaz.com.br\\\/litoralsp\\\/#\\\/schema\\\/person\\\/0f0b8a5bdafefe82841e07ae8d81ecb3\"},\"headline\":\"Receita Federal encontra coca\u00edna no teto de cont\u00eainer\",\"datePublished\":\"2022-01-05T20:23:39+00:00\",\"dateModified\":\"2022-01-05T20:23:58+00:00\",\"mainEntityOfPage\":{\"@id\":\"https:\\\/\\\/redenoticiaz.com.br\\\/litoralsp\\\/2022\\\/01\\\/05\\\/receita-federal-encontra-cocaina-no-teto-de-conteiner\"},\"wordCount\":239,\"commentCount\":0,\"publisher\":{\"@id\":\"https:\\\/\\\/redenoticiaz.com.br\\\/litoralsp\\\/#organization\"},\"image\":{\"@id\":\"https:\\\/\\\/redenoticiaz.com.br\\\/litoralsp\\\/2022\\\/01\\\/05\\\/receita-federal-encontra-cocaina-no-teto-de-conteiner#primaryimage\"},\"thumbnailUrl\":\"https:\\\/\\\/redenoticiaz.com.br\\\/litoralsp\\\/wp-content\\\/uploads\\\/sites\\\/3\\\/2022\\\/01\\\/whatsapp-image-2022-01-05-at-16-30-24-e1641414111825.jpeg\",\"keywords\":[\"COCA\u00cdNA\",\"porto de santos\",\"Receita Federal\",\"Santos\",\"TETO DE CONT\u00caINER\"],\"articleSection\":[\"Pol\u00edcia\",\"Porto\",\"Santos\"],\"inLanguage\":\"pt-BR\",\"potentialAction\":[{\"@type\":\"CommentAction\",\"name\":\"Comment\",\"target\":[\"https:\\\/\\\/redenoticiaz.com.br\\\/litoralsp\\\/2022\\\/01\\\/05\\\/receita-federal-encontra-cocaina-no-teto-de-conteiner#respond\"]}]},{\"@type\":\"WebPage\",\"@id\":\"https:\\\/\\\/redenoticiaz.com.br\\\/litoralsp\\\/2022\\\/01\\\/05\\\/receita-federal-encontra-cocaina-no-teto-de-conteiner\",\"url\":\"https:\\\/\\\/redenoticiaz.com.br\\\/litoralsp\\\/2022\\\/01\\\/05\\\/receita-federal-encontra-cocaina-no-teto-de-conteiner\",\"name\":\"Receita Federal encontra coca\u00edna no teto de cont\u00eainer - Litoral SP\",\"isPartOf\":{\"@id\":\"https:\\\/\\\/redenoticiaz.com.br\\\/litoralsp\\\/#website\"},\"primaryImageOfPage\":{\"@id\":\"https:\\\/\\\/redenoticiaz.com.br\\\/litoralsp\\\/2022\\\/01\\\/05\\\/receita-federal-encontra-cocaina-no-teto-de-conteiner#primaryimage\"},\"image\":{\"@id\":\"https:\\\/\\\/redenoticiaz.com.br\\\/litoralsp\\\/2022\\\/01\\\/05\\\/receita-federal-encontra-cocaina-no-teto-de-conteiner#primaryimage\"},\"thumbnailUrl\":\"https:\\\/\\\/redenoticiaz.com.br\\\/litoralsp\\\/wp-content\\\/uploads\\\/sites\\\/3\\\/2022\\\/01\\\/whatsapp-image-2022-01-05-at-16-30-24-e1641414111825.jpeg\",\"datePublished\":\"2022-01-05T20:23:39+00:00\",\"dateModified\":\"2022-01-05T20:23:58+00:00\",\"description\":\"a primeira apreens\u00e3o de drogas no Porto de Santos. A Receita Federal encontrou coca\u00edna que foi escondida no teto de um cont\u00eainer. A estrat\u00e9gia\",\"inLanguage\":\"pt-BR\",\"potentialAction\":[{\"@type\":\"ReadAction\",\"target\":[\"https:\\\/\\\/redenoticiaz.com.br\\\/litoralsp\\\/2022\\\/01\\\/05\\\/receita-federal-encontra-cocaina-no-teto-de-conteiner\"]}]},{\"@type\":\"ImageObject\",\"inLanguage\":\"pt-BR\",\"@id\":\"https:\\\/\\\/redenoticiaz.com.br\\\/litoralsp\\\/2022\\\/01\\\/05\\\/receita-federal-encontra-cocaina-no-teto-de-conteiner#primaryimage\",\"url\":\"https:\\\/\\\/redenoticiaz.com.br\\\/litoralsp\\\/wp-content\\\/uploads\\\/sites\\\/3\\\/2022\\\/01\\\/whatsapp-image-2022-01-05-at-16-30-24-e1641414111825.jpeg\",\"contentUrl\":\"https:\\\/\\\/redenoticiaz.com.br\\\/litoralsp\\\/wp-content\\\/uploads\\\/sites\\\/3\\\/2022\\\/01\\\/whatsapp-image-2022-01-05-at-16-30-24-e1641414111825.jpeg\",\"width\":765,\"height\":542,\"caption\":\"Cr\u00e9ditos: Divulga\u00e7\u00e3o\\\/Receita Federal\"},{\"@type\":\"WebSite\",\"@id\":\"https:\\\/\\\/redenoticiaz.com.br\\\/litoralsp\\\/#website\",\"url\":\"https:\\\/\\\/redenoticiaz.com.br\\\/litoralsp\\\/\",\"name\":\"Litoral SP\",\"description\":\"Rede NoticiaZ\",\"publisher\":{\"@id\":\"https:\\\/\\\/redenoticiaz.com.br\\\/litoralsp\\\/#organization\"},\"potentialAction\":[{\"@type\":\"SearchAction\",\"target\":{\"@type\":\"EntryPoint\",\"urlTemplate\":\"https:\\\/\\\/redenoticiaz.com.br\\\/litoralsp\\\/?s={search_term_string}\"},\"query-input\":{\"@type\":\"PropertyValueSpecification\",\"valueRequired\":true,\"valueName\":\"search_term_string\"}}],\"inLanguage\":\"pt-BR\"},{\"@type\":\"Organization\",\"@id\":\"https:\\\/\\\/redenoticiaz.com.br\\\/litoralsp\\\/#organization\",\"name\":\"Litoral SP\",\"url\":\"https:\\\/\\\/redenoticiaz.com.br\\\/litoralsp\\\/\",\"logo\":{\"@type\":\"ImageObject\",\"inLanguage\":\"pt-BR\",\"@id\":\"https:\\\/\\\/redenoticiaz.com.br\\\/litoralsp\\\/#\\\/schema\\\/logo\\\/image\\\/\",\"url\":\"https:\\\/\\\/redenoticiaz.com.br\\\/litoralsp\\\/wp-content\\\/uploads\\\/sites\\\/3\\\/2020\\\/11\\\/logo.jpg\",\"contentUrl\":\"https:\\\/\\\/redenoticiaz.com.br\\\/litoralsp\\\/wp-content\\\/uploads\\\/sites\\\/3\\\/2020\\\/11\\\/logo.jpg\",\"width\":400,\"height\":250,\"caption\":\"Litoral SP\"},\"image\":{\"@id\":\"https:\\\/\\\/redenoticiaz.com.br\\\/litoralsp\\\/#\\\/schema\\\/logo\\\/image\\\/\"}},{\"@type\":\"Person\",\"@id\":\"https:\\\/\\\/redenoticiaz.com.br\\\/litoralsp\\\/#\\\/schema\\\/person\\\/0f0b8a5bdafefe82841e07ae8d81ecb3\",\"name\":\"Leonardo Francisco\",\"image\":{\"@type\":\"ImageObject\",\"inLanguage\":\"pt-BR\",\"@id\":\"https:\\\/\\\/secure.gravatar.com\\\/avatar\\\/a7358cb406a99b682ec6df1e77e31ae82e63601f6784e8a3df411d72b37864da?s=96&d=mm&r=g\",\"url\":\"https:\\\/\\\/secure.gravatar.com\\\/avatar\\\/a7358cb406a99b682ec6df1e77e31ae82e63601f6784e8a3df411d72b37864da?s=96&d=mm&r=g\",\"contentUrl\":\"https:\\\/\\\/secure.gravatar.com\\\/avatar\\\/a7358cb406a99b682ec6df1e77e31ae82e63601f6784e8a3df411d72b37864da?s=96&d=mm&r=g\",\"caption\":\"Leonardo Francisco\"},\"url\":\"https:\\\/\\\/redenoticiaz.com.br\\\/litoralsp\\\/author\\\/leonardo-francisco\"}]}<\/script>\n<!-- \/ Yoast SEO plugin. -->","yoast_head_json":{"title":"Receita Federal encontra coca\u00edna no teto de cont\u00eainer - Litoral SP","description":"a primeira apreens\u00e3o de drogas no Porto de Santos. A Receita Federal encontrou coca\u00edna que foi escondida no teto de um cont\u00eainer. A estrat\u00e9gia","robots":{"index":"index","follow":"follow","max-snippet":"max-snippet:-1","max-image-preview":"max-image-preview:large","max-video-preview":"max-video-preview:-1"},"canonical":"https:\/\/redenoticiaz.com.br\/litoralsp\/2022\/01\/05\/receita-federal-encontra-cocaina-no-teto-de-conteiner","og_locale":"pt_BR","og_type":"article","og_title":"Receita Federal encontra coca\u00edna no teto de cont\u00eainer - Litoral SP","og_description":"a primeira apreens\u00e3o de drogas no Porto de Santos. A Receita Federal encontrou coca\u00edna que foi escondida no teto de um cont\u00eainer. A estrat\u00e9gia","og_url":"https:\/\/redenoticiaz.com.br\/litoralsp\/2022\/01\/05\/receita-federal-encontra-cocaina-no-teto-de-conteiner","og_site_name":"Litoral SP","article_published_time":"2022-01-05T20:23:39+00:00","article_modified_time":"2022-01-05T20:23:58+00:00","og_image":[{"width":765,"height":542,"url":"https:\/\/redenoticiaz.com.br\/litoralsp\/wp-content\/uploads\/sites\/3\/2022\/01\/whatsapp-image-2022-01-05-at-16-30-24-e1641414111825.jpeg","type":"image\/jpeg"}],"author":"Leonardo Francisco","twitter_card":"summary_large_image","twitter_misc":{"Escrito por":"Leonardo Francisco","Est. tempo de leitura":"1 minuto"},"schema":{"@context":"https:\/\/schema.org","@graph":[{"@type":"Article","@id":"https:\/\/redenoticiaz.com.br\/litoralsp\/2022\/01\/05\/receita-federal-encontra-cocaina-no-teto-de-conteiner#article","isPartOf":{"@id":"https:\/\/redenoticiaz.com.br\/litoralsp\/2022\/01\/05\/receita-federal-encontra-cocaina-no-teto-de-conteiner"},"author":{"name":"Leonardo Francisco","@id":"https:\/\/redenoticiaz.com.br\/litoralsp\/#\/schema\/person\/0f0b8a5bdafefe82841e07ae8d81ecb3"},"headline":"Receita Federal encontra coca\u00edna no teto de cont\u00eainer","datePublished":"2022-01-05T20:23:39+00:00","dateModified":"2022-01-05T20:23:58+00:00","mainEntityOfPage":{"@id":"https:\/\/redenoticiaz.com.br\/litoralsp\/2022\/01\/05\/receita-federal-encontra-cocaina-no-teto-de-conteiner"},"wordCount":239,"commentCount":0,"publisher":{"@id":"https:\/\/redenoticiaz.com.br\/litoralsp\/#organization"},"image":{"@id":"https:\/\/redenoticiaz.com.br\/litoralsp\/2022\/01\/05\/receita-federal-encontra-cocaina-no-teto-de-conteiner#primaryimage"},"thumbnailUrl":"https:\/\/redenoticiaz.com.br\/litoralsp\/wp-content\/uploads\/sites\/3\/2022\/01\/whatsapp-image-2022-01-05-at-16-30-24-e1641414111825.jpeg","keywords":["COCA\u00cdNA","porto de santos","Receita Federal","Santos","TETO DE CONT\u00caINER"],"articleSection":["Pol\u00edcia","Porto","Santos"],"inLanguage":"pt-BR","potentialAction":[{"@type":"CommentAction","name":"Comment","target":["https:\/\/redenoticiaz.com.br\/litoralsp\/2022\/01\/05\/receita-federal-encontra-cocaina-no-teto-de-conteiner#respond"]}]},{"@type":"WebPage","@id":"https:\/\/redenoticiaz.com.br\/litoralsp\/2022\/01\/05\/receita-federal-encontra-cocaina-no-teto-de-conteiner","url":"https:\/\/redenoticiaz.com.br\/litoralsp\/2022\/01\/05\/receita-federal-encontra-cocaina-no-teto-de-conteiner","name":"Receita Federal encontra coca\u00edna no teto de cont\u00eainer - Litoral SP","isPartOf":{"@id":"https:\/\/redenoticiaz.com.br\/litoralsp\/#website"},"primaryImageOfPage":{"@id":"https:\/\/redenoticiaz.com.br\/litoralsp\/2022\/01\/05\/receita-federal-encontra-cocaina-no-teto-de-conteiner#primaryimage"},"image":{"@id":"https:\/\/redenoticiaz.com.br\/litoralsp\/2022\/01\/05\/receita-federal-encontra-cocaina-no-teto-de-conteiner#primaryimage"},"thumbnailUrl":"https:\/\/redenoticiaz.com.br\/litoralsp\/wp-content\/uploads\/sites\/3\/2022\/01\/whatsapp-image-2022-01-05-at-16-30-24-e1641414111825.jpeg","datePublished":"2022-01-05T20:23:39+00:00","dateModified":"2022-01-05T20:23:58+00:00","description":"a primeira apreens\u00e3o de drogas no Porto de Santos. A Receita Federal encontrou coca\u00edna que foi escondida no teto de um cont\u00eainer. A estrat\u00e9gia","inLanguage":"pt-BR","potentialAction":[{"@type":"ReadAction","target":["https:\/\/redenoticiaz.com.br\/litoralsp\/2022\/01\/05\/receita-federal-encontra-cocaina-no-teto-de-conteiner"]}]},{"@type":"ImageObject","inLanguage":"pt-BR","@id":"https:\/\/redenoticiaz.com.br\/litoralsp\/2022\/01\/05\/receita-federal-encontra-cocaina-no-teto-de-conteiner#primaryimage","url":"https:\/\/redenoticiaz.com.br\/litoralsp\/wp-content\/uploads\/sites\/3\/2022\/01\/whatsapp-image-2022-01-05-at-16-30-24-e1641414111825.jpeg","contentUrl":"https:\/\/redenoticiaz.com.br\/litoralsp\/wp-content\/uploads\/sites\/3\/2022\/01\/whatsapp-image-2022-01-05-at-16-30-24-e1641414111825.jpeg","width":765,"height":542,"caption":"Cr\u00e9ditos: Divulga\u00e7\u00e3o\/Receita Federal"},{"@type":"WebSite","@id":"https:\/\/redenoticiaz.com.br\/litoralsp\/#website","url":"https:\/\/redenoticiaz.com.br\/litoralsp\/","name":"Litoral SP","description":"Rede NoticiaZ","publisher":{"@id":"https:\/\/redenoticiaz.com.br\/litoralsp\/#organization"},"potentialAction":[{"@type":"SearchAction","target":{"@type":"EntryPoint","urlTemplate":"https:\/\/redenoticiaz.com.br\/litoralsp\/?s={search_term_string}"},"query-input":{"@type":"PropertyValueSpecification","valueRequired":true,"valueName":"search_term_string"}}],"inLanguage":"pt-BR"},{"@type":"Organization","@id":"https:\/\/redenoticiaz.com.br\/litoralsp\/#organization","name":"Litoral SP","url":"https:\/\/redenoticiaz.com.br\/litoralsp\/","logo":{"@type":"ImageObject","inLanguage":"pt-BR","@id":"https:\/\/redenoticiaz.com.br\/litoralsp\/#\/schema\/logo\/image\/","url":"https:\/\/redenoticiaz.com.br\/litoralsp\/wp-content\/uploads\/sites\/3\/2020\/11\/logo.jpg","contentUrl":"https:\/\/redenoticiaz.com.br\/litoralsp\/wp-content\/uploads\/sites\/3\/2020\/11\/logo.jpg","width":400,"height":250,"caption":"Litoral SP"},"image":{"@id":"https:\/\/redenoticiaz.com.br\/litoralsp\/#\/schema\/logo\/image\/"}},{"@type":"Person","@id":"https:\/\/redenoticiaz.com.br\/litoralsp\/#\/schema\/person\/0f0b8a5bdafefe82841e07ae8d81ecb3","name":"Leonardo Francisco","image":{"@type":"ImageObject","inLanguage":"pt-BR","@id":"https:\/\/secure.gravatar.com\/avatar\/a7358cb406a99b682ec6df1e77e31ae82e63601f6784e8a3df411d72b37864da?s=96&d=mm&r=g","url":"https:\/\/secure.gravatar.com\/avatar\/a7358cb406a99b682ec6df1e77e31ae82e63601f6784e8a3df411d72b37864da?s=96&d=mm&r=g","contentUrl":"https:\/\/secure.gravatar.com\/avatar\/a7358cb406a99b682ec6df1e77e31ae82e63601f6784e8a3df411d72b37864da?s=96&d=mm&r=g","caption":"Leonardo Francisco"},"url":"https:\/\/redenoticiaz.com.br\/litoralsp\/author\/leonardo-francisco"}]}},"_links":{"self":[{"href":"https:\/\/redenoticiaz.com.br\/litoralsp\/wp-json\/wp\/v2\/posts\/20938","targetHints":{"allow":["GET"]}}],"collection":[{"href":"https:\/\/redenoticiaz.com.br\/litoralsp\/wp-json\/wp\/v2\/posts"}],"about":[{"href":"https:\/\/redenoticiaz.com.br\/litoralsp\/wp-json\/wp\/v2\/types\/post"}],"author":[{"embeddable":true,"href":"https:\/\/redenoticiaz.com.br\/litoralsp\/wp-json\/wp\/v2\/users\/6"}],"replies":[{"embeddable":true,"href":"https:\/\/redenoticiaz.com.br\/litoralsp\/wp-json\/wp\/v2\/comments?post=20938"}],"version-history":[{"count":1,"href":"https:\/\/redenoticiaz.com.br\/litoralsp\/wp-json\/wp\/v2\/posts\/20938\/revisions"}],"predecessor-version":[{"id":20942,"href":"https:\/\/redenoticiaz.com.br\/litoralsp\/wp-json\/wp\/v2\/posts\/20938\/revisions\/20942"}],"wp:featuredmedia":[{"embeddable":true,"href":"https:\/\/redenoticiaz.com.br\/litoralsp\/wp-json\/wp\/v2\/media\/20939"}],"wp:attachment":[{"href":"https:\/\/redenoticiaz.com.br\/litoralsp\/wp-json\/wp\/v2\/media?parent=20938"}],"wp:term":[{"taxonomy":"category","embeddable":true,"href":"https:\/\/redenoticiaz.com.br\/litoralsp\/wp-json\/wp\/v2\/categories?post=20938"},{"taxonomy":"post_tag","embeddable":true,"href":"https:\/\/redenoticiaz.com.br\/litoralsp\/wp-json\/wp\/v2\/tags?post=20938"}],"curies":[{"name":"wp","href":"https:\/\/api.w.org\/{rel}","templated":true}]}}