{"id":20943,"date":"2022-01-05T17:47:33","date_gmt":"2022-01-05T20:47:33","guid":{"rendered":"https:\/\/redenoticiaz.com.br\/litoralsp\/?p=20943"},"modified":"2022-01-05T17:48:01","modified_gmt":"2022-01-05T20:48:01","slug":"alerta-santos-tem-alta-de-novas-internacoes-por-covid-19","status":"publish","type":"post","link":"https:\/\/redenoticiaz.com.br\/litoralsp\/2022\/01\/05\/alerta-santos-tem-alta-de-novas-internacoes-por-covid-19","title":{"rendered":"Alerta! Santos tem alta de novas interna\u00e7\u00f5es por Covid-19"},"content":{"rendered":"<p>Tudo parecia tranquilo e a perspectiva era de melhora em <a href=\"https:\/\/www.santos.sp.gov.br\/\">Santos<\/a>, em rela\u00e7\u00e3o a pandemia do coronav\u00edrus. Mas nos \u00faltimos dias, o sinal de alerta est\u00e1 ligado. As <strong>interna\u00e7\u00f5es<\/strong> devido a doen\u00e7a voltaram a aumentar. A cidade que terminou o ano com redu\u00e7\u00e3o de enfermos internados, voltou a ter alta.<\/p>\n<p>Conforme o boletim divulgado pela prefeitura, a quantidade de internados na rede de sa\u00fade aumentou de 79 na segunda (3) para 87 na ter\u00e7a-feira. Destes, 54% s\u00e3o moradores de\u00a0Santos, 16,1% de S\u00e3o Vicente, 6,9% de Guaruj\u00e1, 1,2% de Cubat\u00e3o, 12,6% de Praia Grande, 1,2% de Peru\u00edbe, 1,2% de Mongagu\u00e1, 1,1% de Itanha\u00e9m e 5,7% de munic\u00edpios de fora da Baixada Santista.<\/p>\n<div class=\"content-ads content-ads--reveal\" data-block-type=\"ads\" data-block-id=\"4\"><\/div>\n<div class=\"mc-column content-text active-extra-styles \" data-block-type=\"unstyled\" data-block-weight=\"61\" data-block-id=\"5\">\n<p class=\"content-text__container \" data-track-category=\"Link no Texto\" data-track-links=\"\">Em rela\u00e7\u00e3o ao n\u00famero de internados nos leitos de Unidade de Terapia Intensiva (UTI), voltados aos casos mais graves,\u00a0aumentou de 37 na segunda para 41 na quarta-feira.\u00a0Destes, 46,4% s\u00e3o de\u00a0Santos, 17,1% de S\u00e3o Vicente, 7,3% de Guaruj\u00e1, 2,4% de Cubat\u00e3o, 9,8% de Praia Grande, 2,4% de Peru\u00edbe, 2,4% de Mongagu\u00e1 e 12,2% de munic\u00edpios de fora da regi\u00e3o.<\/p>\n<figure id=\"attachment_20944\" aria-describedby=\"caption-attachment-20944\" style=\"width: 300px\" class=\"wp-caption alignleft\"><img loading=\"lazy\" decoding=\"async\" class=\"size-medium wp-image-20944\" src=\"https:\/\/redenoticiaz.com.br\/litoralsp\/wp-content\/uploads\/sites\/3\/2022\/01\/tendas-sintomas-gripais-santos-iniciam-atendimento-300x192.jpg\" alt=\"\" width=\"300\" height=\"192\" srcset=\"https:\/\/redenoticiaz.com.br\/litoralsp\/wp-content\/uploads\/sites\/3\/2022\/01\/tendas-sintomas-gripais-santos-iniciam-atendimento-300x192.jpg 300w, https:\/\/redenoticiaz.com.br\/litoralsp\/wp-content\/uploads\/sites\/3\/2022\/01\/tendas-sintomas-gripais-santos-iniciam-atendimento-768x492.jpg 768w, https:\/\/redenoticiaz.com.br\/litoralsp\/wp-content\/uploads\/sites\/3\/2022\/01\/tendas-sintomas-gripais-santos-iniciam-atendimento.jpg 984w\" sizes=\"auto, (max-width: 300px) 100vw, 300px\" \/><figcaption id=\"caption-attachment-20944\" class=\"wp-caption-text\">Quem tiver com sintomas deve ir ao Centro de Triagem. Cr\u00e9ditos: Divulga\u00e7\u00e3o\/Prefeitura de Santos.<\/figcaption><\/figure>\n<\/div>\n<div class=\"mc-column content-text active-extra-styles \" data-block-type=\"unstyled\" data-block-weight=\"42\" data-block-id=\"6\">\n<p class=\"content-text__container \" data-track-category=\"Link no Texto\" data-track-links=\"\">Dos 190 leitos dispon\u00edveis na quarta-feira, a taxa de ocupa\u00e7\u00e3o est\u00e1 em 46%. Nos 98 leitos de UTI, a ocupa\u00e7\u00e3o \u00e9 de 42%. Na rede do Sistema \u00danico de Sa\u00fade (SUS), a taxa \u00e9 de 50%, e na rede privada, de 36%.<\/p>\n<\/div>\n<div class=\"mc-column content-text active-extra-styles \" data-block-type=\"unstyled\" data-block-weight=\"65\" data-block-id=\"7\">\n<p class=\"content-text__container \" data-track-category=\"Link no Texto\" data-track-links=\"\">Conforme o levantamento,\u00a0em 28 de dezembro, h\u00e1 uma semana,\u00a0Santos\u00a0estava com 80 interna\u00e7\u00f5es nos leitos e 44 em UTIs. Na data, o munic\u00edpio estava com 195 leitos dispon\u00edveis, sendo a taxa de ocupa\u00e7\u00e3o de 41%. Dos 99 leitos de UTI, a ocupa\u00e7\u00e3o era de 44%. Na rede SUS, a taxa era de 52%, e na rede privada, 39%.<\/p>\n<h3 data-track-category=\"Link no Texto\">Prefeitura<\/h3>\n<p>Por meio de nota, a Prefeitura de Samntos informou que a <span class=\"highlight highlighted\">varia\u00e7\u00e3o na quantidade de leitos ocorre porque a rede particular de sa\u00fade abre e fecha leitos conforme a necessidade<\/span>, uma flexibilidade que n\u00e3o \u00e9 poss\u00edvel na rede p\u00fablica. Ou seja, um hospital particular que necessite acomodar mais pacientes consegue abrir leitos Covid-19 ou fechar, caso n\u00e3o esteja sendo utilizado, e diariamente informa a quantidade de leitos dispon\u00edveis \u00e0 administra\u00e7\u00e3o.<\/p>\n<p>No entanto, a prefeitura n\u00e3o informou sobre a quantidade de testes de Covid-19 realizados nos \u00faltimos dois dias, e destes, quantos deram positivo. A administra\u00e7\u00e3o afirma que os casos de Covid no munic\u00edpio podem ser confirmados por testes com ant\u00edgeno realizados na rede p\u00fablica, privada ou em farm\u00e1cias, al\u00e9m de exames RT-PCR analisados pelo Instituto Adolfo Lutz ou por laborat\u00f3rios particulares.<\/p>\n<div class=\"mc-column content-text active-extra-styles \" data-block-type=\"unstyled\" data-block-weight=\"48\" data-block-id=\"12\">\n<p class=\"content-text__container \" data-track-category=\"Link no Texto\" data-track-links=\"\">Segundo a prefeitura, a realiza\u00e7\u00e3o de testes na rede p\u00fablica \u00e9 uma conduta m\u00e9dica baseada na avalia\u00e7\u00e3o dos sinais e sintomas, o que n\u00e3o significa que o n\u00famero de atendimentos ser\u00e1 exatamente igual ao n\u00famero de testes, e que, por isso, n\u00e3o h\u00e1 como estabelecer a compara\u00e7\u00e3o solicitada.<\/p>\n<p data-track-category=\"Link no Texto\" data-track-links=\"\"><strong>LEIA TAMB\u00c9M<\/strong><\/p>\n<p data-track-category=\"Link no Texto\" data-track-links=\"\"><a href=\"https:\/\/redenoticiaz.com.br\/litoralsp\/2022\/01\/05\/apesar-da-covid-e-da-gripe-desfile-oficial-do-carnaval-de-santos-permanece-autorizado\">Apesar da Covid e da gripe, desfile oficial do Carnaval de Santos permanece autorizado<\/a><\/p>\n<\/div>\n<\/div>\n","protected":false},"excerpt":{"rendered":"<p>Tudo parecia tranquilo e a perspectiva era de melhora em Santos, em rela\u00e7\u00e3o a pandemia do coronav\u00edrus. Mas nos \u00faltimos dias, o sinal de alerta est\u00e1 ligado. As interna\u00e7\u00f5es devido a doen\u00e7a voltaram a aumentar. A cidade que terminou o ano com redu\u00e7\u00e3o de enfermos internados, voltou a ter alta. Conforme o boletim divulgado pela &hellip;<\/p>\n","protected":false},"author":6,"featured_media":20945,"comment_status":"open","ping_status":"closed","sticky":false,"template":"","format":"standard","meta":{"footnotes":""},"categories":[180,23],"tags":[46412,19110,45863,46411,986,96,46410],"class_list":["post-20943","post","type-post","status-publish","format-standard","has-post-thumbnail","hentry","category-santos","category-saude","tag-alta-de-internacao","tag-casos-de-covid","tag-centro-de-triagem","tag-novos-internados","tag-santos","tag-saude","tag-testagens"],"yoast_head":"<!-- This site is optimized with the Yoast SEO plugin v27.4 - https:\/\/yoast.com\/product\/yoast-seo-wordpress\/ -->\n<title>Alerta! Santos tem alta de novas interna\u00e7\u00f5es por Covid-19 - Litoral SP<\/title>\n<meta name=\"description\" content=\"era de melhora em Santos, em rela\u00e7\u00e3o a pandemia do coronav\u00edrus. Mas nos \u00faltimos dias, o sinal de alerta est\u00e1 ligado. As interna\u00e7\u00f5es devido\" \/>\n<meta name=\"robots\" content=\"index, follow, max-snippet:-1, max-image-preview:large, max-video-preview:-1\" \/>\n<link rel=\"canonical\" href=\"https:\/\/redenoticiaz.com.br\/litoralsp\/2022\/01\/05\/alerta-santos-tem-alta-de-novas-internacoes-por-covid-19\" \/>\n<meta property=\"og:locale\" content=\"pt_BR\" \/>\n<meta property=\"og:type\" content=\"article\" \/>\n<meta property=\"og:title\" content=\"Alerta! Santos tem alta de novas interna\u00e7\u00f5es por Covid-19 - Litoral SP\" \/>\n<meta property=\"og:description\" content=\"era de melhora em Santos, em rela\u00e7\u00e3o a pandemia do coronav\u00edrus. Mas nos \u00faltimos dias, o sinal de alerta est\u00e1 ligado. As interna\u00e7\u00f5es devido\" \/>\n<meta property=\"og:url\" content=\"https:\/\/redenoticiaz.com.br\/litoralsp\/2022\/01\/05\/alerta-santos-tem-alta-de-novas-internacoes-por-covid-19\" \/>\n<meta property=\"og:site_name\" content=\"Litoral SP\" \/>\n<meta property=\"article:published_time\" content=\"2022-01-05T20:47:33+00:00\" \/>\n<meta property=\"article:modified_time\" content=\"2022-01-05T20:48:01+00:00\" \/>\n<meta property=\"og:image\" content=\"https:\/\/redenoticiaz.com.br\/litoralsp\/wp-content\/uploads\/sites\/3\/2022\/01\/teste-covid.jpg\" \/>\n\t<meta property=\"og:image:width\" content=\"984\" \/>\n\t<meta property=\"og:image:height\" content=\"656\" \/>\n\t<meta property=\"og:image:type\" content=\"image\/jpeg\" \/>\n<meta name=\"author\" content=\"Leonardo Francisco\" \/>\n<meta name=\"twitter:card\" content=\"summary_large_image\" \/>\n<meta name=\"twitter:label1\" content=\"Escrito por\" \/>\n\t<meta name=\"twitter:data1\" content=\"Leonardo Francisco\" \/>\n\t<meta name=\"twitter:label2\" content=\"Est. tempo de leitura\" \/>\n\t<meta name=\"twitter:data2\" content=\"3 minutos\" \/>\n<script type=\"application\/ld+json\" class=\"yoast-schema-graph\">{\"@context\":\"https:\\\/\\\/schema.org\",\"@graph\":[{\"@type\":\"Article\",\"@id\":\"https:\\\/\\\/redenoticiaz.com.br\\\/litoralsp\\\/2022\\\/01\\\/05\\\/alerta-santos-tem-alta-de-novas-internacoes-por-covid-19#article\",\"isPartOf\":{\"@id\":\"https:\\\/\\\/redenoticiaz.com.br\\\/litoralsp\\\/2022\\\/01\\\/05\\\/alerta-santos-tem-alta-de-novas-internacoes-por-covid-19\"},\"author\":{\"name\":\"Leonardo Francisco\",\"@id\":\"https:\\\/\\\/redenoticiaz.com.br\\\/litoralsp\\\/#\\\/schema\\\/person\\\/0f0b8a5bdafefe82841e07ae8d81ecb3\"},\"headline\":\"Alerta! Santos tem alta de novas interna\u00e7\u00f5es por Covid-19\",\"datePublished\":\"2022-01-05T20:47:33+00:00\",\"dateModified\":\"2022-01-05T20:48:01+00:00\",\"mainEntityOfPage\":{\"@id\":\"https:\\\/\\\/redenoticiaz.com.br\\\/litoralsp\\\/2022\\\/01\\\/05\\\/alerta-santos-tem-alta-de-novas-internacoes-por-covid-19\"},\"wordCount\":519,\"commentCount\":0,\"publisher\":{\"@id\":\"https:\\\/\\\/redenoticiaz.com.br\\\/litoralsp\\\/#organization\"},\"image\":{\"@id\":\"https:\\\/\\\/redenoticiaz.com.br\\\/litoralsp\\\/2022\\\/01\\\/05\\\/alerta-santos-tem-alta-de-novas-internacoes-por-covid-19#primaryimage\"},\"thumbnailUrl\":\"https:\\\/\\\/redenoticiaz.com.br\\\/litoralsp\\\/wp-content\\\/uploads\\\/sites\\\/3\\\/2022\\\/01\\\/teste-covid.jpg\",\"keywords\":[\"ALTA DE INTERNA\u00c7\u00c3O\",\"CASOS DE COVID\",\"CENTRO DE TRIAGEM\",\"NOVOS INTERNADOS\",\"Santos\",\"saude\",\"TESTAGENS\"],\"articleSection\":[\"Santos\",\"Sa\u00fade\"],\"inLanguage\":\"pt-BR\",\"potentialAction\":[{\"@type\":\"CommentAction\",\"name\":\"Comment\",\"target\":[\"https:\\\/\\\/redenoticiaz.com.br\\\/litoralsp\\\/2022\\\/01\\\/05\\\/alerta-santos-tem-alta-de-novas-internacoes-por-covid-19#respond\"]}]},{\"@type\":\"WebPage\",\"@id\":\"https:\\\/\\\/redenoticiaz.com.br\\\/litoralsp\\\/2022\\\/01\\\/05\\\/alerta-santos-tem-alta-de-novas-internacoes-por-covid-19\",\"url\":\"https:\\\/\\\/redenoticiaz.com.br\\\/litoralsp\\\/2022\\\/01\\\/05\\\/alerta-santos-tem-alta-de-novas-internacoes-por-covid-19\",\"name\":\"Alerta! Santos tem alta de novas interna\u00e7\u00f5es por Covid-19 - Litoral SP\",\"isPartOf\":{\"@id\":\"https:\\\/\\\/redenoticiaz.com.br\\\/litoralsp\\\/#website\"},\"primaryImageOfPage\":{\"@id\":\"https:\\\/\\\/redenoticiaz.com.br\\\/litoralsp\\\/2022\\\/01\\\/05\\\/alerta-santos-tem-alta-de-novas-internacoes-por-covid-19#primaryimage\"},\"image\":{\"@id\":\"https:\\\/\\\/redenoticiaz.com.br\\\/litoralsp\\\/2022\\\/01\\\/05\\\/alerta-santos-tem-alta-de-novas-internacoes-por-covid-19#primaryimage\"},\"thumbnailUrl\":\"https:\\\/\\\/redenoticiaz.com.br\\\/litoralsp\\\/wp-content\\\/uploads\\\/sites\\\/3\\\/2022\\\/01\\\/teste-covid.jpg\",\"datePublished\":\"2022-01-05T20:47:33+00:00\",\"dateModified\":\"2022-01-05T20:48:01+00:00\",\"description\":\"era de melhora em Santos, em rela\u00e7\u00e3o a pandemia do coronav\u00edrus. Mas nos \u00faltimos dias, o sinal de alerta est\u00e1 ligado. As interna\u00e7\u00f5es devido\",\"inLanguage\":\"pt-BR\",\"potentialAction\":[{\"@type\":\"ReadAction\",\"target\":[\"https:\\\/\\\/redenoticiaz.com.br\\\/litoralsp\\\/2022\\\/01\\\/05\\\/alerta-santos-tem-alta-de-novas-internacoes-por-covid-19\"]}]},{\"@type\":\"ImageObject\",\"inLanguage\":\"pt-BR\",\"@id\":\"https:\\\/\\\/redenoticiaz.com.br\\\/litoralsp\\\/2022\\\/01\\\/05\\\/alerta-santos-tem-alta-de-novas-internacoes-por-covid-19#primaryimage\",\"url\":\"https:\\\/\\\/redenoticiaz.com.br\\\/litoralsp\\\/wp-content\\\/uploads\\\/sites\\\/3\\\/2022\\\/01\\\/teste-covid.jpg\",\"contentUrl\":\"https:\\\/\\\/redenoticiaz.com.br\\\/litoralsp\\\/wp-content\\\/uploads\\\/sites\\\/3\\\/2022\\\/01\\\/teste-covid.jpg\",\"width\":984,\"height\":656,\"caption\":\"Cidade acompanha o ritmo para decidir os novos rumos. Cr\u00e9ditos: Divulga\u00e7\u00e7\u00e3o\\\/Prefeitura de Santos.\"},{\"@type\":\"WebSite\",\"@id\":\"https:\\\/\\\/redenoticiaz.com.br\\\/litoralsp\\\/#website\",\"url\":\"https:\\\/\\\/redenoticiaz.com.br\\\/litoralsp\\\/\",\"name\":\"Litoral SP\",\"description\":\"Rede NoticiaZ\",\"publisher\":{\"@id\":\"https:\\\/\\\/redenoticiaz.com.br\\\/litoralsp\\\/#organization\"},\"potentialAction\":[{\"@type\":\"SearchAction\",\"target\":{\"@type\":\"EntryPoint\",\"urlTemplate\":\"https:\\\/\\\/redenoticiaz.com.br\\\/litoralsp\\\/?s={search_term_string}\"},\"query-input\":{\"@type\":\"PropertyValueSpecification\",\"valueRequired\":true,\"valueName\":\"search_term_string\"}}],\"inLanguage\":\"pt-BR\"},{\"@type\":\"Organization\",\"@id\":\"https:\\\/\\\/redenoticiaz.com.br\\\/litoralsp\\\/#organization\",\"name\":\"Litoral SP\",\"url\":\"https:\\\/\\\/redenoticiaz.com.br\\\/litoralsp\\\/\",\"logo\":{\"@type\":\"ImageObject\",\"inLanguage\":\"pt-BR\",\"@id\":\"https:\\\/\\\/redenoticiaz.com.br\\\/litoralsp\\\/#\\\/schema\\\/logo\\\/image\\\/\",\"url\":\"https:\\\/\\\/redenoticiaz.com.br\\\/litoralsp\\\/wp-content\\\/uploads\\\/sites\\\/3\\\/2020\\\/11\\\/logo.jpg\",\"contentUrl\":\"https:\\\/\\\/redenoticiaz.com.br\\\/litoralsp\\\/wp-content\\\/uploads\\\/sites\\\/3\\\/2020\\\/11\\\/logo.jpg\",\"width\":400,\"height\":250,\"caption\":\"Litoral SP\"},\"image\":{\"@id\":\"https:\\\/\\\/redenoticiaz.com.br\\\/litoralsp\\\/#\\\/schema\\\/logo\\\/image\\\/\"}},{\"@type\":\"Person\",\"@id\":\"https:\\\/\\\/redenoticiaz.com.br\\\/litoralsp\\\/#\\\/schema\\\/person\\\/0f0b8a5bdafefe82841e07ae8d81ecb3\",\"name\":\"Leonardo Francisco\",\"image\":{\"@type\":\"ImageObject\",\"inLanguage\":\"pt-BR\",\"@id\":\"https:\\\/\\\/secure.gravatar.com\\\/avatar\\\/a7358cb406a99b682ec6df1e77e31ae82e63601f6784e8a3df411d72b37864da?s=96&d=mm&r=g\",\"url\":\"https:\\\/\\\/secure.gravatar.com\\\/avatar\\\/a7358cb406a99b682ec6df1e77e31ae82e63601f6784e8a3df411d72b37864da?s=96&d=mm&r=g\",\"contentUrl\":\"https:\\\/\\\/secure.gravatar.com\\\/avatar\\\/a7358cb406a99b682ec6df1e77e31ae82e63601f6784e8a3df411d72b37864da?s=96&d=mm&r=g\",\"caption\":\"Leonardo Francisco\"},\"url\":\"https:\\\/\\\/redenoticiaz.com.br\\\/litoralsp\\\/author\\\/leonardo-francisco\"}]}<\/script>\n<!-- \/ Yoast SEO plugin. -->","yoast_head_json":{"title":"Alerta! Santos tem alta de novas interna\u00e7\u00f5es por Covid-19 - Litoral SP","description":"era de melhora em Santos, em rela\u00e7\u00e3o a pandemia do coronav\u00edrus. Mas nos \u00faltimos dias, o sinal de alerta est\u00e1 ligado. As interna\u00e7\u00f5es devido","robots":{"index":"index","follow":"follow","max-snippet":"max-snippet:-1","max-image-preview":"max-image-preview:large","max-video-preview":"max-video-preview:-1"},"canonical":"https:\/\/redenoticiaz.com.br\/litoralsp\/2022\/01\/05\/alerta-santos-tem-alta-de-novas-internacoes-por-covid-19","og_locale":"pt_BR","og_type":"article","og_title":"Alerta! Santos tem alta de novas interna\u00e7\u00f5es por Covid-19 - Litoral SP","og_description":"era de melhora em Santos, em rela\u00e7\u00e3o a pandemia do coronav\u00edrus. Mas nos \u00faltimos dias, o sinal de alerta est\u00e1 ligado. As interna\u00e7\u00f5es devido","og_url":"https:\/\/redenoticiaz.com.br\/litoralsp\/2022\/01\/05\/alerta-santos-tem-alta-de-novas-internacoes-por-covid-19","og_site_name":"Litoral SP","article_published_time":"2022-01-05T20:47:33+00:00","article_modified_time":"2022-01-05T20:48:01+00:00","og_image":[{"width":984,"height":656,"url":"https:\/\/redenoticiaz.com.br\/litoralsp\/wp-content\/uploads\/sites\/3\/2022\/01\/teste-covid.jpg","type":"image\/jpeg"}],"author":"Leonardo Francisco","twitter_card":"summary_large_image","twitter_misc":{"Escrito por":"Leonardo Francisco","Est. tempo de leitura":"3 minutos"},"schema":{"@context":"https:\/\/schema.org","@graph":[{"@type":"Article","@id":"https:\/\/redenoticiaz.com.br\/litoralsp\/2022\/01\/05\/alerta-santos-tem-alta-de-novas-internacoes-por-covid-19#article","isPartOf":{"@id":"https:\/\/redenoticiaz.com.br\/litoralsp\/2022\/01\/05\/alerta-santos-tem-alta-de-novas-internacoes-por-covid-19"},"author":{"name":"Leonardo Francisco","@id":"https:\/\/redenoticiaz.com.br\/litoralsp\/#\/schema\/person\/0f0b8a5bdafefe82841e07ae8d81ecb3"},"headline":"Alerta! Santos tem alta de novas interna\u00e7\u00f5es por Covid-19","datePublished":"2022-01-05T20:47:33+00:00","dateModified":"2022-01-05T20:48:01+00:00","mainEntityOfPage":{"@id":"https:\/\/redenoticiaz.com.br\/litoralsp\/2022\/01\/05\/alerta-santos-tem-alta-de-novas-internacoes-por-covid-19"},"wordCount":519,"commentCount":0,"publisher":{"@id":"https:\/\/redenoticiaz.com.br\/litoralsp\/#organization"},"image":{"@id":"https:\/\/redenoticiaz.com.br\/litoralsp\/2022\/01\/05\/alerta-santos-tem-alta-de-novas-internacoes-por-covid-19#primaryimage"},"thumbnailUrl":"https:\/\/redenoticiaz.com.br\/litoralsp\/wp-content\/uploads\/sites\/3\/2022\/01\/teste-covid.jpg","keywords":["ALTA DE INTERNA\u00c7\u00c3O","CASOS DE COVID","CENTRO DE TRIAGEM","NOVOS INTERNADOS","Santos","saude","TESTAGENS"],"articleSection":["Santos","Sa\u00fade"],"inLanguage":"pt-BR","potentialAction":[{"@type":"CommentAction","name":"Comment","target":["https:\/\/redenoticiaz.com.br\/litoralsp\/2022\/01\/05\/alerta-santos-tem-alta-de-novas-internacoes-por-covid-19#respond"]}]},{"@type":"WebPage","@id":"https:\/\/redenoticiaz.com.br\/litoralsp\/2022\/01\/05\/alerta-santos-tem-alta-de-novas-internacoes-por-covid-19","url":"https:\/\/redenoticiaz.com.br\/litoralsp\/2022\/01\/05\/alerta-santos-tem-alta-de-novas-internacoes-por-covid-19","name":"Alerta! Santos tem alta de novas interna\u00e7\u00f5es por Covid-19 - Litoral SP","isPartOf":{"@id":"https:\/\/redenoticiaz.com.br\/litoralsp\/#website"},"primaryImageOfPage":{"@id":"https:\/\/redenoticiaz.com.br\/litoralsp\/2022\/01\/05\/alerta-santos-tem-alta-de-novas-internacoes-por-covid-19#primaryimage"},"image":{"@id":"https:\/\/redenoticiaz.com.br\/litoralsp\/2022\/01\/05\/alerta-santos-tem-alta-de-novas-internacoes-por-covid-19#primaryimage"},"thumbnailUrl":"https:\/\/redenoticiaz.com.br\/litoralsp\/wp-content\/uploads\/sites\/3\/2022\/01\/teste-covid.jpg","datePublished":"2022-01-05T20:47:33+00:00","dateModified":"2022-01-05T20:48:01+00:00","description":"era de melhora em Santos, em rela\u00e7\u00e3o a pandemia do coronav\u00edrus. Mas nos \u00faltimos dias, o sinal de alerta est\u00e1 ligado. As interna\u00e7\u00f5es devido","inLanguage":"pt-BR","potentialAction":[{"@type":"ReadAction","target":["https:\/\/redenoticiaz.com.br\/litoralsp\/2022\/01\/05\/alerta-santos-tem-alta-de-novas-internacoes-por-covid-19"]}]},{"@type":"ImageObject","inLanguage":"pt-BR","@id":"https:\/\/redenoticiaz.com.br\/litoralsp\/2022\/01\/05\/alerta-santos-tem-alta-de-novas-internacoes-por-covid-19#primaryimage","url":"https:\/\/redenoticiaz.com.br\/litoralsp\/wp-content\/uploads\/sites\/3\/2022\/01\/teste-covid.jpg","contentUrl":"https:\/\/redenoticiaz.com.br\/litoralsp\/wp-content\/uploads\/sites\/3\/2022\/01\/teste-covid.jpg","width":984,"height":656,"caption":"Cidade acompanha o ritmo para decidir os novos rumos. Cr\u00e9ditos: Divulga\u00e7\u00e7\u00e3o\/Prefeitura de Santos."},{"@type":"WebSite","@id":"https:\/\/redenoticiaz.com.br\/litoralsp\/#website","url":"https:\/\/redenoticiaz.com.br\/litoralsp\/","name":"Litoral SP","description":"Rede NoticiaZ","publisher":{"@id":"https:\/\/redenoticiaz.com.br\/litoralsp\/#organization"},"potentialAction":[{"@type":"SearchAction","target":{"@type":"EntryPoint","urlTemplate":"https:\/\/redenoticiaz.com.br\/litoralsp\/?s={search_term_string}"},"query-input":{"@type":"PropertyValueSpecification","valueRequired":true,"valueName":"search_term_string"}}],"inLanguage":"pt-BR"},{"@type":"Organization","@id":"https:\/\/redenoticiaz.com.br\/litoralsp\/#organization","name":"Litoral SP","url":"https:\/\/redenoticiaz.com.br\/litoralsp\/","logo":{"@type":"ImageObject","inLanguage":"pt-BR","@id":"https:\/\/redenoticiaz.com.br\/litoralsp\/#\/schema\/logo\/image\/","url":"https:\/\/redenoticiaz.com.br\/litoralsp\/wp-content\/uploads\/sites\/3\/2020\/11\/logo.jpg","contentUrl":"https:\/\/redenoticiaz.com.br\/litoralsp\/wp-content\/uploads\/sites\/3\/2020\/11\/logo.jpg","width":400,"height":250,"caption":"Litoral SP"},"image":{"@id":"https:\/\/redenoticiaz.com.br\/litoralsp\/#\/schema\/logo\/image\/"}},{"@type":"Person","@id":"https:\/\/redenoticiaz.com.br\/litoralsp\/#\/schema\/person\/0f0b8a5bdafefe82841e07ae8d81ecb3","name":"Leonardo Francisco","image":{"@type":"ImageObject","inLanguage":"pt-BR","@id":"https:\/\/secure.gravatar.com\/avatar\/a7358cb406a99b682ec6df1e77e31ae82e63601f6784e8a3df411d72b37864da?s=96&d=mm&r=g","url":"https:\/\/secure.gravatar.com\/avatar\/a7358cb406a99b682ec6df1e77e31ae82e63601f6784e8a3df411d72b37864da?s=96&d=mm&r=g","contentUrl":"https:\/\/secure.gravatar.com\/avatar\/a7358cb406a99b682ec6df1e77e31ae82e63601f6784e8a3df411d72b37864da?s=96&d=mm&r=g","caption":"Leonardo Francisco"},"url":"https:\/\/redenoticiaz.com.br\/litoralsp\/author\/leonardo-francisco"}]}},"_links":{"self":[{"href":"https:\/\/redenoticiaz.com.br\/litoralsp\/wp-json\/wp\/v2\/posts\/20943","targetHints":{"allow":["GET"]}}],"collection":[{"href":"https:\/\/redenoticiaz.com.br\/litoralsp\/wp-json\/wp\/v2\/posts"}],"about":[{"href":"https:\/\/redenoticiaz.com.br\/litoralsp\/wp-json\/wp\/v2\/types\/post"}],"author":[{"embeddable":true,"href":"https:\/\/redenoticiaz.com.br\/litoralsp\/wp-json\/wp\/v2\/users\/6"}],"replies":[{"embeddable":true,"href":"https:\/\/redenoticiaz.com.br\/litoralsp\/wp-json\/wp\/v2\/comments?post=20943"}],"version-history":[{"count":1,"href":"https:\/\/redenoticiaz.com.br\/litoralsp\/wp-json\/wp\/v2\/posts\/20943\/revisions"}],"predecessor-version":[{"id":20946,"href":"https:\/\/redenoticiaz.com.br\/litoralsp\/wp-json\/wp\/v2\/posts\/20943\/revisions\/20946"}],"wp:featuredmedia":[{"embeddable":true,"href":"https:\/\/redenoticiaz.com.br\/litoralsp\/wp-json\/wp\/v2\/media\/20945"}],"wp:attachment":[{"href":"https:\/\/redenoticiaz.com.br\/litoralsp\/wp-json\/wp\/v2\/media?parent=20943"}],"wp:term":[{"taxonomy":"category","embeddable":true,"href":"https:\/\/redenoticiaz.com.br\/litoralsp\/wp-json\/wp\/v2\/categories?post=20943"},{"taxonomy":"post_tag","embeddable":true,"href":"https:\/\/redenoticiaz.com.br\/litoralsp\/wp-json\/wp\/v2\/tags?post=20943"}],"curies":[{"name":"wp","href":"https:\/\/api.w.org\/{rel}","templated":true}]}}