{"id":20977,"date":"2022-01-06T11:25:35","date_gmt":"2022-01-06T14:25:35","guid":{"rendered":"https:\/\/redenoticiaz.com.br\/litoralsp\/?p=20977"},"modified":"2022-01-06T11:26:03","modified_gmt":"2022-01-06T14:26:03","slug":"trio-e-preso-acusado-de-roubar-casa-de-idosa-em-registro","status":"publish","type":"post","link":"https:\/\/redenoticiaz.com.br\/litoralsp\/2022\/01\/06\/trio-e-preso-acusado-de-roubar-casa-de-idosa-em-registro","title":{"rendered":"Trio \u00e9 preso acusado de roubar casa de idosa em Registro"},"content":{"rendered":"<p>A equipe da Delegacia de Investiga\u00e7\u00f5es Gerais (DIG) de <a href=\"https:\/\/registro.sp.gov.br\/\">Registro<\/a> prendeu <strong>tr\u00eas homens acusados de roubarem a casa de uma idosa de 69 anos<\/strong> na cidade. O crime aconteceu no \u00faltimo dia 14 de dezembro, mas s\u00f3 nessa quarta-feira (5), que os suspeitos foram encontrados ap\u00f3s persegui\u00e7\u00e3o.<\/p>\n<p>De acordo com a Pol\u00edcia Civil, os homens de 18, 24 e 26 anos invadiram a resid\u00eancia locallizada no bairro Vila Nova. Eles renderam a v\u00edtima e em seguida levaram v\u00e1rios objetos, como j\u00f3ias e dinheiro. O trio estava acompannhado de mais um suspeito e agiram de maneira violenta contra a idosa, inclusive com agress\u00f5es, pux\u00f5es de cabelo e amea\u00e7ando atrav\u00e9s de arma de fogo.<\/p>\n<p>Depois do roubo, os bandidos fugiram de carro. A Pol\u00edcia Militar foi acionada para encontrar os suspeitos. Houve persegui\u00e7\u00e3o e um deles foi preso em flagrante. Ap\u00f3s isto, os\u00a0policiais civis iniciaram imediatamente as investiga\u00e7\u00f5es de campo, quando foi poss\u00edvel identificar os tr\u00eas indiv\u00edduos. Com base nos fortes ind\u00edcios, a equipe conseguiu obter junto ao Poder Judici\u00e1rio mandados de pris\u00e3o preventiva e de busca domiciliar contra os suspeitos.<\/p>\n<p>Ainda segundo a Pol\u00edcia Civil, os investigadores fizeram dilig\u00eancias nos bairros Vila Nova e Via Elias. Os suspeitos foram encotnrados e presos. Al\u00e9m disso, foram recuperados aparelhos celulares, dinheiro e j\u00f3ia.<br \/>\nO material foi encaminhado para pericia, e os homens foram recolhidos ao c\u00e1rcere onde permanecem \u00e0 disposi\u00e7\u00e3o da Justi\u00e7a. Eles tamb\u00e9m s\u00e3o suspeitos da pr\u00e1tica de outros delitos de roubo praticados na regi\u00e3o, que seguem sendo investigados.<\/p>\n<p><strong>LEIA TAMB\u00c9M<\/strong><\/p>\n<p><a href=\"https:\/\/redenoticiaz.com.br\/litoralsp\/2022\/01\/05\/ex-governador-de-sao-paulo-marcio-franca-e-alvo-de-operacao-da-policia-civil\">Ex-governador de S\u00e3o Paulo, M\u00e1rcio Fran\u00e7a, \u00e9 alvo de opera\u00e7\u00e3o da Pol\u00edcia Civil<\/a><\/p>\n","protected":false},"excerpt":{"rendered":"<p>A equipe da Delegacia de Investiga\u00e7\u00f5es Gerais (DIG) de Registro prendeu tr\u00eas homens acusados de roubarem a casa de uma idosa de 69 anos na cidade. O crime aconteceu no \u00faltimo dia 14 de dezembro, mas s\u00f3 nessa quarta-feira (5), que os suspeitos foram encontrados ap\u00f3s persegui\u00e7\u00e3o. De acordo com a Pol\u00edcia Civil, os homens &hellip;<\/p>\n","protected":false},"author":6,"featured_media":20978,"comment_status":"open","ping_status":"closed","sticky":false,"template":"","format":"standard","meta":{"footnotes":""},"categories":[10,41091],"tags":[26475,46470,21379,1762,6733],"class_list":["post-20977","post","type-post","status-publish","format-standard","has-post-thumbnail","hentry","category-policia","category-registro","tag-assalto-contra-idosa","tag-dig-de-registro","tag-homens-presos","tag-policia-civil","tag-registro"],"yoast_head":"<!-- This site is optimized with the Yoast SEO plugin v27.5 - https:\/\/yoast.com\/product\/yoast-seo-wordpress\/ -->\n<title>Trio \u00e9 preso acusado de roubar casa de idosa em Registro - Litoral SP<\/title>\n<meta name=\"description\" content=\"A equipe da Delegacia de Investiga\u00e7\u00f5es Gerais (DIG) de Registro prendeu tr\u00eas homens acusados de roubarem a casa\" \/>\n<meta name=\"robots\" content=\"index, follow, max-snippet:-1, max-image-preview:large, max-video-preview:-1\" \/>\n<link rel=\"canonical\" href=\"https:\/\/redenoticiaz.com.br\/litoralsp\/2022\/01\/06\/trio-e-preso-acusado-de-roubar-casa-de-idosa-em-registro\" \/>\n<meta property=\"og:locale\" content=\"pt_BR\" \/>\n<meta property=\"og:type\" content=\"article\" \/>\n<meta property=\"og:title\" content=\"Trio \u00e9 preso acusado de roubar casa de idosa em Registro - Litoral SP\" \/>\n<meta property=\"og:description\" content=\"A equipe da Delegacia de Investiga\u00e7\u00f5es Gerais (DIG) de Registro prendeu tr\u00eas homens acusados de roubarem a casa\" \/>\n<meta property=\"og:url\" content=\"https:\/\/redenoticiaz.com.br\/litoralsp\/2022\/01\/06\/trio-e-preso-acusado-de-roubar-casa-de-idosa-em-registro\" \/>\n<meta property=\"og:site_name\" content=\"Litoral SP\" \/>\n<meta property=\"article:published_time\" content=\"2022-01-06T14:25:35+00:00\" \/>\n<meta property=\"article:modified_time\" content=\"2022-01-06T14:26:03+00:00\" \/>\n<meta property=\"og:image\" content=\"https:\/\/redenoticiaz.com.br\/litoralsp\/wp-content\/uploads\/sites\/3\/2022\/01\/delegacia_registro.jpg\" \/>\n\t<meta property=\"og:image:width\" content=\"984\" \/>\n\t<meta property=\"og:image:height\" content=\"695\" \/>\n\t<meta property=\"og:image:type\" content=\"image\/jpeg\" \/>\n<meta name=\"author\" content=\"Leonardo Francisco\" \/>\n<meta name=\"twitter:card\" content=\"summary_large_image\" \/>\n<meta name=\"twitter:label1\" content=\"Escrito por\" \/>\n\t<meta name=\"twitter:data1\" content=\"Leonardo Francisco\" \/>\n\t<meta name=\"twitter:label2\" content=\"Est. tempo de leitura\" \/>\n\t<meta name=\"twitter:data2\" content=\"1 minuto\" \/>\n<script type=\"application\/ld+json\" class=\"yoast-schema-graph\">{\"@context\":\"https:\\\/\\\/schema.org\",\"@graph\":[{\"@type\":\"Article\",\"@id\":\"https:\\\/\\\/redenoticiaz.com.br\\\/litoralsp\\\/2022\\\/01\\\/06\\\/trio-e-preso-acusado-de-roubar-casa-de-idosa-em-registro#article\",\"isPartOf\":{\"@id\":\"https:\\\/\\\/redenoticiaz.com.br\\\/litoralsp\\\/2022\\\/01\\\/06\\\/trio-e-preso-acusado-de-roubar-casa-de-idosa-em-registro\"},\"author\":{\"name\":\"Leonardo Francisco\",\"@id\":\"https:\\\/\\\/redenoticiaz.com.br\\\/litoralsp\\\/#\\\/schema\\\/person\\\/0f0b8a5bdafefe82841e07ae8d81ecb3\"},\"headline\":\"Trio \u00e9 preso acusado de roubar casa de idosa em Registro\",\"datePublished\":\"2022-01-06T14:25:35+00:00\",\"dateModified\":\"2022-01-06T14:26:03+00:00\",\"mainEntityOfPage\":{\"@id\":\"https:\\\/\\\/redenoticiaz.com.br\\\/litoralsp\\\/2022\\\/01\\\/06\\\/trio-e-preso-acusado-de-roubar-casa-de-idosa-em-registro\"},\"wordCount\":305,\"commentCount\":0,\"publisher\":{\"@id\":\"https:\\\/\\\/redenoticiaz.com.br\\\/litoralsp\\\/#organization\"},\"image\":{\"@id\":\"https:\\\/\\\/redenoticiaz.com.br\\\/litoralsp\\\/2022\\\/01\\\/06\\\/trio-e-preso-acusado-de-roubar-casa-de-idosa-em-registro#primaryimage\"},\"thumbnailUrl\":\"https:\\\/\\\/redenoticiaz.com.br\\\/litoralsp\\\/wp-content\\\/uploads\\\/sites\\\/3\\\/2022\\\/01\\\/delegacia_registro.jpg\",\"keywords\":[\"ASSALTO CONTRA IDOSA\",\"DIG DE REGISTRO\",\"HOMENS PRESOS\",\"POL\u00cdCIA CIVIL\",\"REGISTRO\"],\"articleSection\":[\"Pol\u00edcia\",\"Registro\"],\"inLanguage\":\"pt-BR\",\"potentialAction\":[{\"@type\":\"CommentAction\",\"name\":\"Comment\",\"target\":[\"https:\\\/\\\/redenoticiaz.com.br\\\/litoralsp\\\/2022\\\/01\\\/06\\\/trio-e-preso-acusado-de-roubar-casa-de-idosa-em-registro#respond\"]}]},{\"@type\":\"WebPage\",\"@id\":\"https:\\\/\\\/redenoticiaz.com.br\\\/litoralsp\\\/2022\\\/01\\\/06\\\/trio-e-preso-acusado-de-roubar-casa-de-idosa-em-registro\",\"url\":\"https:\\\/\\\/redenoticiaz.com.br\\\/litoralsp\\\/2022\\\/01\\\/06\\\/trio-e-preso-acusado-de-roubar-casa-de-idosa-em-registro\",\"name\":\"Trio \u00e9 preso acusado de roubar casa de idosa em Registro - Litoral SP\",\"isPartOf\":{\"@id\":\"https:\\\/\\\/redenoticiaz.com.br\\\/litoralsp\\\/#website\"},\"primaryImageOfPage\":{\"@id\":\"https:\\\/\\\/redenoticiaz.com.br\\\/litoralsp\\\/2022\\\/01\\\/06\\\/trio-e-preso-acusado-de-roubar-casa-de-idosa-em-registro#primaryimage\"},\"image\":{\"@id\":\"https:\\\/\\\/redenoticiaz.com.br\\\/litoralsp\\\/2022\\\/01\\\/06\\\/trio-e-preso-acusado-de-roubar-casa-de-idosa-em-registro#primaryimage\"},\"thumbnailUrl\":\"https:\\\/\\\/redenoticiaz.com.br\\\/litoralsp\\\/wp-content\\\/uploads\\\/sites\\\/3\\\/2022\\\/01\\\/delegacia_registro.jpg\",\"datePublished\":\"2022-01-06T14:25:35+00:00\",\"dateModified\":\"2022-01-06T14:26:03+00:00\",\"description\":\"A equipe da Delegacia de Investiga\u00e7\u00f5es Gerais (DIG) de Registro prendeu tr\u00eas homens acusados de roubarem a casa\",\"inLanguage\":\"pt-BR\",\"potentialAction\":[{\"@type\":\"ReadAction\",\"target\":[\"https:\\\/\\\/redenoticiaz.com.br\\\/litoralsp\\\/2022\\\/01\\\/06\\\/trio-e-preso-acusado-de-roubar-casa-de-idosa-em-registro\"]}]},{\"@type\":\"ImageObject\",\"inLanguage\":\"pt-BR\",\"@id\":\"https:\\\/\\\/redenoticiaz.com.br\\\/litoralsp\\\/2022\\\/01\\\/06\\\/trio-e-preso-acusado-de-roubar-casa-de-idosa-em-registro#primaryimage\",\"url\":\"https:\\\/\\\/redenoticiaz.com.br\\\/litoralsp\\\/wp-content\\\/uploads\\\/sites\\\/3\\\/2022\\\/01\\\/delegacia_registro.jpg\",\"contentUrl\":\"https:\\\/\\\/redenoticiaz.com.br\\\/litoralsp\\\/wp-content\\\/uploads\\\/sites\\\/3\\\/2022\\\/01\\\/delegacia_registro.jpg\",\"width\":984,\"height\":695,\"caption\":\"Cr\u00e9ditos: Divulga\u00e7\u00e3o\\\/Pol\u00edcia Civil.\"},{\"@type\":\"WebSite\",\"@id\":\"https:\\\/\\\/redenoticiaz.com.br\\\/litoralsp\\\/#website\",\"url\":\"https:\\\/\\\/redenoticiaz.com.br\\\/litoralsp\\\/\",\"name\":\"Litoral SP\",\"description\":\"Rede NoticiaZ\",\"publisher\":{\"@id\":\"https:\\\/\\\/redenoticiaz.com.br\\\/litoralsp\\\/#organization\"},\"potentialAction\":[{\"@type\":\"SearchAction\",\"target\":{\"@type\":\"EntryPoint\",\"urlTemplate\":\"https:\\\/\\\/redenoticiaz.com.br\\\/litoralsp\\\/?s={search_term_string}\"},\"query-input\":{\"@type\":\"PropertyValueSpecification\",\"valueRequired\":true,\"valueName\":\"search_term_string\"}}],\"inLanguage\":\"pt-BR\"},{\"@type\":\"Organization\",\"@id\":\"https:\\\/\\\/redenoticiaz.com.br\\\/litoralsp\\\/#organization\",\"name\":\"Litoral SP\",\"url\":\"https:\\\/\\\/redenoticiaz.com.br\\\/litoralsp\\\/\",\"logo\":{\"@type\":\"ImageObject\",\"inLanguage\":\"pt-BR\",\"@id\":\"https:\\\/\\\/redenoticiaz.com.br\\\/litoralsp\\\/#\\\/schema\\\/logo\\\/image\\\/\",\"url\":\"https:\\\/\\\/redenoticiaz.com.br\\\/litoralsp\\\/wp-content\\\/uploads\\\/sites\\\/3\\\/2020\\\/11\\\/logo.jpg\",\"contentUrl\":\"https:\\\/\\\/redenoticiaz.com.br\\\/litoralsp\\\/wp-content\\\/uploads\\\/sites\\\/3\\\/2020\\\/11\\\/logo.jpg\",\"width\":400,\"height\":250,\"caption\":\"Litoral SP\"},\"image\":{\"@id\":\"https:\\\/\\\/redenoticiaz.com.br\\\/litoralsp\\\/#\\\/schema\\\/logo\\\/image\\\/\"}},{\"@type\":\"Person\",\"@id\":\"https:\\\/\\\/redenoticiaz.com.br\\\/litoralsp\\\/#\\\/schema\\\/person\\\/0f0b8a5bdafefe82841e07ae8d81ecb3\",\"name\":\"Leonardo Francisco\",\"image\":{\"@type\":\"ImageObject\",\"inLanguage\":\"pt-BR\",\"@id\":\"https:\\\/\\\/secure.gravatar.com\\\/avatar\\\/a7358cb406a99b682ec6df1e77e31ae82e63601f6784e8a3df411d72b37864da?s=96&d=mm&r=g\",\"url\":\"https:\\\/\\\/secure.gravatar.com\\\/avatar\\\/a7358cb406a99b682ec6df1e77e31ae82e63601f6784e8a3df411d72b37864da?s=96&d=mm&r=g\",\"contentUrl\":\"https:\\\/\\\/secure.gravatar.com\\\/avatar\\\/a7358cb406a99b682ec6df1e77e31ae82e63601f6784e8a3df411d72b37864da?s=96&d=mm&r=g\",\"caption\":\"Leonardo Francisco\"},\"url\":\"https:\\\/\\\/redenoticiaz.com.br\\\/litoralsp\\\/author\\\/leonardo-francisco\"}]}<\/script>\n<!-- \/ Yoast SEO plugin. -->","yoast_head_json":{"title":"Trio \u00e9 preso acusado de roubar casa de idosa em Registro - Litoral SP","description":"A equipe da Delegacia de Investiga\u00e7\u00f5es Gerais (DIG) de Registro prendeu tr\u00eas homens acusados de roubarem a casa","robots":{"index":"index","follow":"follow","max-snippet":"max-snippet:-1","max-image-preview":"max-image-preview:large","max-video-preview":"max-video-preview:-1"},"canonical":"https:\/\/redenoticiaz.com.br\/litoralsp\/2022\/01\/06\/trio-e-preso-acusado-de-roubar-casa-de-idosa-em-registro","og_locale":"pt_BR","og_type":"article","og_title":"Trio \u00e9 preso acusado de roubar casa de idosa em Registro - Litoral SP","og_description":"A equipe da Delegacia de Investiga\u00e7\u00f5es Gerais (DIG) de Registro prendeu tr\u00eas homens acusados de roubarem a casa","og_url":"https:\/\/redenoticiaz.com.br\/litoralsp\/2022\/01\/06\/trio-e-preso-acusado-de-roubar-casa-de-idosa-em-registro","og_site_name":"Litoral SP","article_published_time":"2022-01-06T14:25:35+00:00","article_modified_time":"2022-01-06T14:26:03+00:00","og_image":[{"width":984,"height":695,"url":"https:\/\/redenoticiaz.com.br\/litoralsp\/wp-content\/uploads\/sites\/3\/2022\/01\/delegacia_registro.jpg","type":"image\/jpeg"}],"author":"Leonardo Francisco","twitter_card":"summary_large_image","twitter_misc":{"Escrito por":"Leonardo Francisco","Est. tempo de leitura":"1 minuto"},"schema":{"@context":"https:\/\/schema.org","@graph":[{"@type":"Article","@id":"https:\/\/redenoticiaz.com.br\/litoralsp\/2022\/01\/06\/trio-e-preso-acusado-de-roubar-casa-de-idosa-em-registro#article","isPartOf":{"@id":"https:\/\/redenoticiaz.com.br\/litoralsp\/2022\/01\/06\/trio-e-preso-acusado-de-roubar-casa-de-idosa-em-registro"},"author":{"name":"Leonardo Francisco","@id":"https:\/\/redenoticiaz.com.br\/litoralsp\/#\/schema\/person\/0f0b8a5bdafefe82841e07ae8d81ecb3"},"headline":"Trio \u00e9 preso acusado de roubar casa de idosa em Registro","datePublished":"2022-01-06T14:25:35+00:00","dateModified":"2022-01-06T14:26:03+00:00","mainEntityOfPage":{"@id":"https:\/\/redenoticiaz.com.br\/litoralsp\/2022\/01\/06\/trio-e-preso-acusado-de-roubar-casa-de-idosa-em-registro"},"wordCount":305,"commentCount":0,"publisher":{"@id":"https:\/\/redenoticiaz.com.br\/litoralsp\/#organization"},"image":{"@id":"https:\/\/redenoticiaz.com.br\/litoralsp\/2022\/01\/06\/trio-e-preso-acusado-de-roubar-casa-de-idosa-em-registro#primaryimage"},"thumbnailUrl":"https:\/\/redenoticiaz.com.br\/litoralsp\/wp-content\/uploads\/sites\/3\/2022\/01\/delegacia_registro.jpg","keywords":["ASSALTO CONTRA IDOSA","DIG DE REGISTRO","HOMENS PRESOS","POL\u00cdCIA CIVIL","REGISTRO"],"articleSection":["Pol\u00edcia","Registro"],"inLanguage":"pt-BR","potentialAction":[{"@type":"CommentAction","name":"Comment","target":["https:\/\/redenoticiaz.com.br\/litoralsp\/2022\/01\/06\/trio-e-preso-acusado-de-roubar-casa-de-idosa-em-registro#respond"]}]},{"@type":"WebPage","@id":"https:\/\/redenoticiaz.com.br\/litoralsp\/2022\/01\/06\/trio-e-preso-acusado-de-roubar-casa-de-idosa-em-registro","url":"https:\/\/redenoticiaz.com.br\/litoralsp\/2022\/01\/06\/trio-e-preso-acusado-de-roubar-casa-de-idosa-em-registro","name":"Trio \u00e9 preso acusado de roubar casa de idosa em Registro - Litoral SP","isPartOf":{"@id":"https:\/\/redenoticiaz.com.br\/litoralsp\/#website"},"primaryImageOfPage":{"@id":"https:\/\/redenoticiaz.com.br\/litoralsp\/2022\/01\/06\/trio-e-preso-acusado-de-roubar-casa-de-idosa-em-registro#primaryimage"},"image":{"@id":"https:\/\/redenoticiaz.com.br\/litoralsp\/2022\/01\/06\/trio-e-preso-acusado-de-roubar-casa-de-idosa-em-registro#primaryimage"},"thumbnailUrl":"https:\/\/redenoticiaz.com.br\/litoralsp\/wp-content\/uploads\/sites\/3\/2022\/01\/delegacia_registro.jpg","datePublished":"2022-01-06T14:25:35+00:00","dateModified":"2022-01-06T14:26:03+00:00","description":"A equipe da Delegacia de Investiga\u00e7\u00f5es Gerais (DIG) de Registro prendeu tr\u00eas homens acusados de roubarem a casa","inLanguage":"pt-BR","potentialAction":[{"@type":"ReadAction","target":["https:\/\/redenoticiaz.com.br\/litoralsp\/2022\/01\/06\/trio-e-preso-acusado-de-roubar-casa-de-idosa-em-registro"]}]},{"@type":"ImageObject","inLanguage":"pt-BR","@id":"https:\/\/redenoticiaz.com.br\/litoralsp\/2022\/01\/06\/trio-e-preso-acusado-de-roubar-casa-de-idosa-em-registro#primaryimage","url":"https:\/\/redenoticiaz.com.br\/litoralsp\/wp-content\/uploads\/sites\/3\/2022\/01\/delegacia_registro.jpg","contentUrl":"https:\/\/redenoticiaz.com.br\/litoralsp\/wp-content\/uploads\/sites\/3\/2022\/01\/delegacia_registro.jpg","width":984,"height":695,"caption":"Cr\u00e9ditos: Divulga\u00e7\u00e3o\/Pol\u00edcia Civil."},{"@type":"WebSite","@id":"https:\/\/redenoticiaz.com.br\/litoralsp\/#website","url":"https:\/\/redenoticiaz.com.br\/litoralsp\/","name":"Litoral SP","description":"Rede NoticiaZ","publisher":{"@id":"https:\/\/redenoticiaz.com.br\/litoralsp\/#organization"},"potentialAction":[{"@type":"SearchAction","target":{"@type":"EntryPoint","urlTemplate":"https:\/\/redenoticiaz.com.br\/litoralsp\/?s={search_term_string}"},"query-input":{"@type":"PropertyValueSpecification","valueRequired":true,"valueName":"search_term_string"}}],"inLanguage":"pt-BR"},{"@type":"Organization","@id":"https:\/\/redenoticiaz.com.br\/litoralsp\/#organization","name":"Litoral SP","url":"https:\/\/redenoticiaz.com.br\/litoralsp\/","logo":{"@type":"ImageObject","inLanguage":"pt-BR","@id":"https:\/\/redenoticiaz.com.br\/litoralsp\/#\/schema\/logo\/image\/","url":"https:\/\/redenoticiaz.com.br\/litoralsp\/wp-content\/uploads\/sites\/3\/2020\/11\/logo.jpg","contentUrl":"https:\/\/redenoticiaz.com.br\/litoralsp\/wp-content\/uploads\/sites\/3\/2020\/11\/logo.jpg","width":400,"height":250,"caption":"Litoral SP"},"image":{"@id":"https:\/\/redenoticiaz.com.br\/litoralsp\/#\/schema\/logo\/image\/"}},{"@type":"Person","@id":"https:\/\/redenoticiaz.com.br\/litoralsp\/#\/schema\/person\/0f0b8a5bdafefe82841e07ae8d81ecb3","name":"Leonardo Francisco","image":{"@type":"ImageObject","inLanguage":"pt-BR","@id":"https:\/\/secure.gravatar.com\/avatar\/a7358cb406a99b682ec6df1e77e31ae82e63601f6784e8a3df411d72b37864da?s=96&d=mm&r=g","url":"https:\/\/secure.gravatar.com\/avatar\/a7358cb406a99b682ec6df1e77e31ae82e63601f6784e8a3df411d72b37864da?s=96&d=mm&r=g","contentUrl":"https:\/\/secure.gravatar.com\/avatar\/a7358cb406a99b682ec6df1e77e31ae82e63601f6784e8a3df411d72b37864da?s=96&d=mm&r=g","caption":"Leonardo Francisco"},"url":"https:\/\/redenoticiaz.com.br\/litoralsp\/author\/leonardo-francisco"}]}},"_links":{"self":[{"href":"https:\/\/redenoticiaz.com.br\/litoralsp\/wp-json\/wp\/v2\/posts\/20977","targetHints":{"allow":["GET"]}}],"collection":[{"href":"https:\/\/redenoticiaz.com.br\/litoralsp\/wp-json\/wp\/v2\/posts"}],"about":[{"href":"https:\/\/redenoticiaz.com.br\/litoralsp\/wp-json\/wp\/v2\/types\/post"}],"author":[{"embeddable":true,"href":"https:\/\/redenoticiaz.com.br\/litoralsp\/wp-json\/wp\/v2\/users\/6"}],"replies":[{"embeddable":true,"href":"https:\/\/redenoticiaz.com.br\/litoralsp\/wp-json\/wp\/v2\/comments?post=20977"}],"version-history":[{"count":1,"href":"https:\/\/redenoticiaz.com.br\/litoralsp\/wp-json\/wp\/v2\/posts\/20977\/revisions"}],"predecessor-version":[{"id":20979,"href":"https:\/\/redenoticiaz.com.br\/litoralsp\/wp-json\/wp\/v2\/posts\/20977\/revisions\/20979"}],"wp:featuredmedia":[{"embeddable":true,"href":"https:\/\/redenoticiaz.com.br\/litoralsp\/wp-json\/wp\/v2\/media\/20978"}],"wp:attachment":[{"href":"https:\/\/redenoticiaz.com.br\/litoralsp\/wp-json\/wp\/v2\/media?parent=20977"}],"wp:term":[{"taxonomy":"category","embeddable":true,"href":"https:\/\/redenoticiaz.com.br\/litoralsp\/wp-json\/wp\/v2\/categories?post=20977"},{"taxonomy":"post_tag","embeddable":true,"href":"https:\/\/redenoticiaz.com.br\/litoralsp\/wp-json\/wp\/v2\/tags?post=20977"}],"curies":[{"name":"wp","href":"https:\/\/api.w.org\/{rel}","templated":true}]}}