{"id":20980,"date":"2022-01-06T11:36:17","date_gmt":"2022-01-06T14:36:17","guid":{"rendered":"https:\/\/redenoticiaz.com.br\/litoralsp\/?p=20980"},"modified":"2022-01-06T11:39:14","modified_gmt":"2022-01-06T14:39:14","slug":"cruzeiro-msc-seaside-desembarca-no-porto-de-santos-com-mais-casos-de-covid-19","status":"publish","type":"post","link":"https:\/\/redenoticiaz.com.br\/litoralsp\/2022\/01\/06\/cruzeiro-msc-seaside-desembarca-no-porto-de-santos-com-mais-casos-de-covid-19","title":{"rendered":"Cruzeiro MSC Seaside desembarca no Porto de Santos com mais casos de Covid-19"},"content":{"rendered":"<p>Nesta quinta-feira (6), o <a href=\"http:\/\/www.portodesantos.com.br\/\">Porto de Santos<\/a> recebeu mais um cruzeiro, desta vez o <strong>MSC Seaside<\/strong>. E assim como as outras embarca\u00e7\u00f5es, casos de Covid-19 envolvendo tripulantes e passageiros foram confirmados. Todas as atividades da temporada de cruzeiros est\u00e3o suspensas, pelo menos at\u00e9 o dia 21 de janeiro.<\/p>\n<figure id=\"attachment_20982\" aria-describedby=\"caption-attachment-20982\" style=\"width: 300px\" class=\"wp-caption alignleft\"><img loading=\"lazy\" decoding=\"async\" class=\"size-medium wp-image-20982\" src=\"https:\/\/redenoticiaz.com.br\/litoralsp\/wp-content\/uploads\/sites\/3\/2022\/01\/whatsapp-image-2022-01-06-at-09-51-48-1-300x224.jpeg\" alt=\"\" width=\"300\" height=\"224\" srcset=\"https:\/\/redenoticiaz.com.br\/litoralsp\/wp-content\/uploads\/sites\/3\/2022\/01\/whatsapp-image-2022-01-06-at-09-51-48-1-300x224.jpeg 300w, https:\/\/redenoticiaz.com.br\/litoralsp\/wp-content\/uploads\/sites\/3\/2022\/01\/whatsapp-image-2022-01-06-at-09-51-48-1-1024x765.jpeg 1024w, https:\/\/redenoticiaz.com.br\/litoralsp\/wp-content\/uploads\/sites\/3\/2022\/01\/whatsapp-image-2022-01-06-at-09-51-48-1-768x574.jpeg 768w, https:\/\/redenoticiaz.com.br\/litoralsp\/wp-content\/uploads\/sites\/3\/2022\/01\/whatsapp-image-2022-01-06-at-09-51-48-1-1536x1148.jpeg 1536w, https:\/\/redenoticiaz.com.br\/litoralsp\/wp-content\/uploads\/sites\/3\/2022\/01\/whatsapp-image-2022-01-06-at-09-51-48-1.jpeg 1445w\" sizes=\"auto, (max-width: 300px) 100vw, 300px\" \/><figcaption id=\"caption-attachment-20982\" class=\"wp-caption-text\">Dsembarque foi feito e todos ter\u00e3o de cumprir o isolamento. Cr\u00e9ditos: Leonardo Francisco.<\/figcaption><\/figure>\n<p>Por volta das 9h, passageiros come\u00e7aram a desembarcar no Terminal Mar\u00edtimo de Passageiros (Concais) de Santos. Segundo a \u00faltima atualiza\u00e7\u00e3o da Anvisa, divulgada na ter\u00e7a (4), foram confirmados <strong><span class=\"highlight highlighted\">65<\/span><\/strong><span class=\"highlight highlighted\">\u00a0casos de Covid-19 entre os tripulantes e\u00a0<\/span><strong><span class=\"highlight highlighted\">25\u00a0<\/span><\/strong><span class=\"highlight highlighted\">entre os passageiros<\/span>. A embarca\u00e7\u00e3o est\u00e1 classificada no n\u00edvel 3 do cen\u00e1rio epidemiol\u00f3gico.<\/p>\n<div class=\"content-ads content-ads--reveal\" data-block-type=\"ads\" data-block-id=\"4\"><\/div>\n<div class=\"mc-column content-text active-extra-styles \" data-block-type=\"unstyled\" data-block-weight=\"56\" data-block-id=\"5\">\n<p class=\"content-text__container \" data-track-category=\"Link no Texto\" data-track-links=\"\">O cruzeiro, de oito noites, partiu de Santos no dia 30 de dezembro, passou pelo Rio de Janeiro, no Ano Novo, e tinha escala em Ilh\u00e9us, Salvador e Ilha Grande. Por\u00e9m, n\u00e3o houve parada nestes locais. A volta para o cais santista estava prevista apenas para sexta-feira (7), mas foi adiantada devido \u00e0 suspens\u00e3o da temporada.<\/p>\n<h3 data-track-category=\"Link no Texto\">Cen\u00e1rio atual<\/h3>\n<p>A Ag\u00eancia Nacional de Vigil\u00e2ncia Sanit\u00e1ria (Anvisa), informa que s\u00e3o cinco navios de cruzeiro que seguiam operando pelas \u00e1guas brasileiras.<\/p>\n<p>O\u00a0Costa Diadema\u00a0teve a opera\u00e7\u00e3o interrompida no dia 30 de dezembro. A embarca\u00e7\u00e3o chegou ao Porto de Santos para o desembarque dos passageiros e tripulantes a bordo. A companhia mar\u00edtima Costa Crociere anunciou o\u00a0cancelamento das pr\u00f3ximas duas sa\u00eddas do navio, que entrou em quarentena e permanece em Santos.<\/p>\n<div class=\"mc-column content-text active-extra-styles \" data-block-type=\"unstyled\" data-block-weight=\"75\" data-block-id=\"13\">\n<p class=\"content-text__container \" data-track-category=\"Link no Texto\" data-track-links=\"\">O navio\u00a0MSC Preziosa\u00a0atracou na manh\u00e3 de domingo no Porto do Rio de Janeiro. No domingo, 28 pessoas desembarcaram e est\u00e3o cumprindo dez dias de isolamento. A embarca\u00e7\u00e3o est\u00e1 no n\u00edvel 3 do cen\u00e1rio epidemiol\u00f3gico. Ap\u00f3s o desembarque, ele seguiu para Macei\u00f3, Salvador e, quando estava em Ilh\u00e9us, o transatl\u00e2ntico antecipou o retorno para o Rio por conta da suspens\u00e3o da temporada.\u00a0O desembarque dos passageiros aconteceu nesta quarta-feira (5), no Rio de Janeiro.<\/p>\n<\/div>\n<div class=\"mc-column content-text active-extra-styles \" data-block-type=\"unstyled\" data-block-weight=\"36\" data-block-id=\"14\">\n<p class=\"content-text__container \" data-track-category=\"Link no Texto\" data-track-links=\"\">O\u00a0Costa Fascinosa\u00a0tamb\u00e9m n\u00e3o realizar\u00e1 novos embarques. O navio est\u00e1 no n\u00edvel 3 do cen\u00e1rio epidemiol\u00f3gico. Nesta quinta-feira, est\u00e1 prevista a chegada dele no Rio de Janeiro para o desembarque dos passageiros da \u00faltima viagem.<\/p>\n<p data-track-category=\"Link no Texto\" data-track-links=\"\">J\u00e1 o\u00a0MSC Splendida\u00a0est\u00e1 em quarentena no Porto de Santos ap\u00f3s a suspens\u00e3o da temporada. No domingo (2), passageiros que aguardavam para entrar no navio foram informados que a embarca\u00e7\u00e3o n\u00e3o seguiria viagem, ap\u00f3s aguardarem no terminal de embarque durante todo o dia. A Anvisa informou que a embarca\u00e7\u00e3o j\u00e1 havia sido notificada no s\u00e1bado (1\u00ba) sobre o impedimento do embarque por conta do surto de Covid-19 a bordo.<\/p>\n<p data-track-category=\"Link no Texto\" data-track-links=\"\"><strong>LEIA TAMB\u00c9M<\/strong><\/p>\n<p data-track-category=\"Link no Texto\" data-track-links=\"\"><a href=\"https:\/\/redenoticiaz.com.br\/litoralsp\/2022\/01\/05\/procon-busca-reuniao-com-empresas-de-cruzeiros\">Procon busca reuni\u00e3o com empresas de cruzeiros<\/a><\/p>\n<\/div>\n<\/div>\n","protected":false},"excerpt":{"rendered":"<p>Nesta quinta-feira (6), o Porto de Santos recebeu mais um cruzeiro, desta vez o MSC Seaside. E assim como as outras embarca\u00e7\u00f5es, casos de Covid-19 envolvendo tripulantes e passageiros foram confirmados. Todas as atividades da temporada de cruzeiros est\u00e3o suspensas, pelo menos at\u00e9 o dia 21 de janeiro. Por volta das 9h, passageiros come\u00e7aram a &hellip;<\/p>\n","protected":false},"author":6,"featured_media":20981,"comment_status":"open","ping_status":"closed","sticky":false,"template":"","format":"standard","meta":{"footnotes":""},"categories":[18537,180,23,775],"tags":[19110,46479,74,986,46369],"class_list":["post-20980","post","type-post","status-publish","format-standard","has-post-thumbnail","hentry","category-porto","category-santos","category-saude","category-turismo","tag-casos-de-covid","tag-msc-seaside","tag-porto-de-santos","tag-santos","tag-temporada-de-cruzeiros-suspensa"],"yoast_head":"<!-- This site is optimized with the Yoast SEO plugin v27.4 - https:\/\/yoast.com\/product\/yoast-seo-wordpress\/ -->\n<title>Cruzeiro MSC Seaside desembarca no Porto de Santos com mais casos de Covid-19 - Litoral SP<\/title>\n<meta name=\"description\" content=\"Nesta quinta-feira (6), o Porto de Santos recebeu mais um cruzeiro, desta vez o MSC Seaside. E assim como as outras embarca\u00e7\u00f5es\" \/>\n<meta name=\"robots\" content=\"index, follow, max-snippet:-1, max-image-preview:large, max-video-preview:-1\" \/>\n<link rel=\"canonical\" href=\"https:\/\/redenoticiaz.com.br\/litoralsp\/2022\/01\/06\/cruzeiro-msc-seaside-desembarca-no-porto-de-santos-com-mais-casos-de-covid-19\" \/>\n<meta property=\"og:locale\" content=\"pt_BR\" \/>\n<meta property=\"og:type\" content=\"article\" \/>\n<meta property=\"og:title\" content=\"Cruzeiro MSC Seaside desembarca no Porto de Santos com mais casos de Covid-19 - Litoral SP\" \/>\n<meta property=\"og:description\" content=\"Nesta quinta-feira (6), o Porto de Santos recebeu mais um cruzeiro, desta vez o MSC Seaside. E assim como as outras embarca\u00e7\u00f5es\" \/>\n<meta property=\"og:url\" content=\"https:\/\/redenoticiaz.com.br\/litoralsp\/2022\/01\/06\/cruzeiro-msc-seaside-desembarca-no-porto-de-santos-com-mais-casos-de-covid-19\" \/>\n<meta property=\"og:site_name\" content=\"Litoral SP\" \/>\n<meta property=\"article:published_time\" content=\"2022-01-06T14:36:17+00:00\" \/>\n<meta property=\"article:modified_time\" content=\"2022-01-06T14:39:14+00:00\" \/>\n<meta property=\"og:image\" content=\"https:\/\/redenoticiaz.com.br\/litoralsp\/wp-content\/uploads\/sites\/3\/2022\/01\/whatsapp-image-2022-01-06-at-09-51-48.jpeg\" \/>\n\t<meta property=\"og:image:width\" content=\"1445\" \/>\n\t<meta property=\"og:image:height\" content=\"1080\" \/>\n\t<meta property=\"og:image:type\" content=\"image\/jpeg\" \/>\n<meta name=\"author\" content=\"Leonardo Francisco\" \/>\n<meta name=\"twitter:card\" content=\"summary_large_image\" \/>\n<meta name=\"twitter:label1\" content=\"Escrito por\" \/>\n\t<meta name=\"twitter:data1\" content=\"Leonardo Francisco\" \/>\n\t<meta name=\"twitter:label2\" content=\"Est. tempo de leitura\" \/>\n\t<meta name=\"twitter:data2\" content=\"2 minutos\" \/>\n<script type=\"application\/ld+json\" class=\"yoast-schema-graph\">{\"@context\":\"https:\\\/\\\/schema.org\",\"@graph\":[{\"@type\":\"Article\",\"@id\":\"https:\\\/\\\/redenoticiaz.com.br\\\/litoralsp\\\/2022\\\/01\\\/06\\\/cruzeiro-msc-seaside-desembarca-no-porto-de-santos-com-mais-casos-de-covid-19#article\",\"isPartOf\":{\"@id\":\"https:\\\/\\\/redenoticiaz.com.br\\\/litoralsp\\\/2022\\\/01\\\/06\\\/cruzeiro-msc-seaside-desembarca-no-porto-de-santos-com-mais-casos-de-covid-19\"},\"author\":{\"name\":\"Leonardo Francisco\",\"@id\":\"https:\\\/\\\/redenoticiaz.com.br\\\/litoralsp\\\/#\\\/schema\\\/person\\\/0f0b8a5bdafefe82841e07ae8d81ecb3\"},\"headline\":\"Cruzeiro MSC Seaside desembarca no Porto de Santos com mais casos de Covid-19\",\"datePublished\":\"2022-01-06T14:36:17+00:00\",\"dateModified\":\"2022-01-06T14:39:14+00:00\",\"mainEntityOfPage\":{\"@id\":\"https:\\\/\\\/redenoticiaz.com.br\\\/litoralsp\\\/2022\\\/01\\\/06\\\/cruzeiro-msc-seaside-desembarca-no-porto-de-santos-com-mais-casos-de-covid-19\"},\"wordCount\":482,\"commentCount\":0,\"publisher\":{\"@id\":\"https:\\\/\\\/redenoticiaz.com.br\\\/litoralsp\\\/#organization\"},\"image\":{\"@id\":\"https:\\\/\\\/redenoticiaz.com.br\\\/litoralsp\\\/2022\\\/01\\\/06\\\/cruzeiro-msc-seaside-desembarca-no-porto-de-santos-com-mais-casos-de-covid-19#primaryimage\"},\"thumbnailUrl\":\"https:\\\/\\\/redenoticiaz.com.br\\\/litoralsp\\\/wp-content\\\/uploads\\\/sites\\\/3\\\/2022\\\/01\\\/whatsapp-image-2022-01-06-at-09-51-48.jpeg\",\"keywords\":[\"CASOS DE COVID\",\"MSC SEASIDE\",\"porto de santos\",\"Santos\",\"TEMPORADA DE CRUZEIROS SUSPENSA\"],\"articleSection\":[\"Porto\",\"Santos\",\"Sa\u00fade\",\"Turismo\"],\"inLanguage\":\"pt-BR\",\"potentialAction\":[{\"@type\":\"CommentAction\",\"name\":\"Comment\",\"target\":[\"https:\\\/\\\/redenoticiaz.com.br\\\/litoralsp\\\/2022\\\/01\\\/06\\\/cruzeiro-msc-seaside-desembarca-no-porto-de-santos-com-mais-casos-de-covid-19#respond\"]}]},{\"@type\":\"WebPage\",\"@id\":\"https:\\\/\\\/redenoticiaz.com.br\\\/litoralsp\\\/2022\\\/01\\\/06\\\/cruzeiro-msc-seaside-desembarca-no-porto-de-santos-com-mais-casos-de-covid-19\",\"url\":\"https:\\\/\\\/redenoticiaz.com.br\\\/litoralsp\\\/2022\\\/01\\\/06\\\/cruzeiro-msc-seaside-desembarca-no-porto-de-santos-com-mais-casos-de-covid-19\",\"name\":\"Cruzeiro MSC Seaside desembarca no Porto de Santos com mais casos de Covid-19 - Litoral SP\",\"isPartOf\":{\"@id\":\"https:\\\/\\\/redenoticiaz.com.br\\\/litoralsp\\\/#website\"},\"primaryImageOfPage\":{\"@id\":\"https:\\\/\\\/redenoticiaz.com.br\\\/litoralsp\\\/2022\\\/01\\\/06\\\/cruzeiro-msc-seaside-desembarca-no-porto-de-santos-com-mais-casos-de-covid-19#primaryimage\"},\"image\":{\"@id\":\"https:\\\/\\\/redenoticiaz.com.br\\\/litoralsp\\\/2022\\\/01\\\/06\\\/cruzeiro-msc-seaside-desembarca-no-porto-de-santos-com-mais-casos-de-covid-19#primaryimage\"},\"thumbnailUrl\":\"https:\\\/\\\/redenoticiaz.com.br\\\/litoralsp\\\/wp-content\\\/uploads\\\/sites\\\/3\\\/2022\\\/01\\\/whatsapp-image-2022-01-06-at-09-51-48.jpeg\",\"datePublished\":\"2022-01-06T14:36:17+00:00\",\"dateModified\":\"2022-01-06T14:39:14+00:00\",\"description\":\"Nesta quinta-feira (6), o Porto de Santos recebeu mais um cruzeiro, desta vez o MSC Seaside. E assim como as outras embarca\u00e7\u00f5es\",\"inLanguage\":\"pt-BR\",\"potentialAction\":[{\"@type\":\"ReadAction\",\"target\":[\"https:\\\/\\\/redenoticiaz.com.br\\\/litoralsp\\\/2022\\\/01\\\/06\\\/cruzeiro-msc-seaside-desembarca-no-porto-de-santos-com-mais-casos-de-covid-19\"]}]},{\"@type\":\"ImageObject\",\"inLanguage\":\"pt-BR\",\"@id\":\"https:\\\/\\\/redenoticiaz.com.br\\\/litoralsp\\\/2022\\\/01\\\/06\\\/cruzeiro-msc-seaside-desembarca-no-porto-de-santos-com-mais-casos-de-covid-19#primaryimage\",\"url\":\"https:\\\/\\\/redenoticiaz.com.br\\\/litoralsp\\\/wp-content\\\/uploads\\\/sites\\\/3\\\/2022\\\/01\\\/whatsapp-image-2022-01-06-at-09-51-48.jpeg\",\"contentUrl\":\"https:\\\/\\\/redenoticiaz.com.br\\\/litoralsp\\\/wp-content\\\/uploads\\\/sites\\\/3\\\/2022\\\/01\\\/whatsapp-image-2022-01-06-at-09-51-48.jpeg\",\"width\":1445,\"height\":1080,\"caption\":\"Previs\u00e3o inicial \u00e9 que as viagens voltem a acontecer no dia 21 d ejaneiro, desde que o cen\u00e1rio epidemiol\u00f3giico melhore. Cr\u00e9ditos: Leonardo Francisco.\"},{\"@type\":\"WebSite\",\"@id\":\"https:\\\/\\\/redenoticiaz.com.br\\\/litoralsp\\\/#website\",\"url\":\"https:\\\/\\\/redenoticiaz.com.br\\\/litoralsp\\\/\",\"name\":\"Litoral SP\",\"description\":\"Rede NoticiaZ\",\"publisher\":{\"@id\":\"https:\\\/\\\/redenoticiaz.com.br\\\/litoralsp\\\/#organization\"},\"potentialAction\":[{\"@type\":\"SearchAction\",\"target\":{\"@type\":\"EntryPoint\",\"urlTemplate\":\"https:\\\/\\\/redenoticiaz.com.br\\\/litoralsp\\\/?s={search_term_string}\"},\"query-input\":{\"@type\":\"PropertyValueSpecification\",\"valueRequired\":true,\"valueName\":\"search_term_string\"}}],\"inLanguage\":\"pt-BR\"},{\"@type\":\"Organization\",\"@id\":\"https:\\\/\\\/redenoticiaz.com.br\\\/litoralsp\\\/#organization\",\"name\":\"Litoral SP\",\"url\":\"https:\\\/\\\/redenoticiaz.com.br\\\/litoralsp\\\/\",\"logo\":{\"@type\":\"ImageObject\",\"inLanguage\":\"pt-BR\",\"@id\":\"https:\\\/\\\/redenoticiaz.com.br\\\/litoralsp\\\/#\\\/schema\\\/logo\\\/image\\\/\",\"url\":\"https:\\\/\\\/redenoticiaz.com.br\\\/litoralsp\\\/wp-content\\\/uploads\\\/sites\\\/3\\\/2020\\\/11\\\/logo.jpg\",\"contentUrl\":\"https:\\\/\\\/redenoticiaz.com.br\\\/litoralsp\\\/wp-content\\\/uploads\\\/sites\\\/3\\\/2020\\\/11\\\/logo.jpg\",\"width\":400,\"height\":250,\"caption\":\"Litoral SP\"},\"image\":{\"@id\":\"https:\\\/\\\/redenoticiaz.com.br\\\/litoralsp\\\/#\\\/schema\\\/logo\\\/image\\\/\"}},{\"@type\":\"Person\",\"@id\":\"https:\\\/\\\/redenoticiaz.com.br\\\/litoralsp\\\/#\\\/schema\\\/person\\\/0f0b8a5bdafefe82841e07ae8d81ecb3\",\"name\":\"Leonardo Francisco\",\"image\":{\"@type\":\"ImageObject\",\"inLanguage\":\"pt-BR\",\"@id\":\"https:\\\/\\\/secure.gravatar.com\\\/avatar\\\/a7358cb406a99b682ec6df1e77e31ae82e63601f6784e8a3df411d72b37864da?s=96&d=mm&r=g\",\"url\":\"https:\\\/\\\/secure.gravatar.com\\\/avatar\\\/a7358cb406a99b682ec6df1e77e31ae82e63601f6784e8a3df411d72b37864da?s=96&d=mm&r=g\",\"contentUrl\":\"https:\\\/\\\/secure.gravatar.com\\\/avatar\\\/a7358cb406a99b682ec6df1e77e31ae82e63601f6784e8a3df411d72b37864da?s=96&d=mm&r=g\",\"caption\":\"Leonardo Francisco\"},\"url\":\"https:\\\/\\\/redenoticiaz.com.br\\\/litoralsp\\\/author\\\/leonardo-francisco\"}]}<\/script>\n<!-- \/ Yoast SEO plugin. -->","yoast_head_json":{"title":"Cruzeiro MSC Seaside desembarca no Porto de Santos com mais casos de Covid-19 - Litoral SP","description":"Nesta quinta-feira (6), o Porto de Santos recebeu mais um cruzeiro, desta vez o MSC Seaside. E assim como as outras embarca\u00e7\u00f5es","robots":{"index":"index","follow":"follow","max-snippet":"max-snippet:-1","max-image-preview":"max-image-preview:large","max-video-preview":"max-video-preview:-1"},"canonical":"https:\/\/redenoticiaz.com.br\/litoralsp\/2022\/01\/06\/cruzeiro-msc-seaside-desembarca-no-porto-de-santos-com-mais-casos-de-covid-19","og_locale":"pt_BR","og_type":"article","og_title":"Cruzeiro MSC Seaside desembarca no Porto de Santos com mais casos de Covid-19 - Litoral SP","og_description":"Nesta quinta-feira (6), o Porto de Santos recebeu mais um cruzeiro, desta vez o MSC Seaside. E assim como as outras embarca\u00e7\u00f5es","og_url":"https:\/\/redenoticiaz.com.br\/litoralsp\/2022\/01\/06\/cruzeiro-msc-seaside-desembarca-no-porto-de-santos-com-mais-casos-de-covid-19","og_site_name":"Litoral SP","article_published_time":"2022-01-06T14:36:17+00:00","article_modified_time":"2022-01-06T14:39:14+00:00","og_image":[{"width":1445,"height":1080,"url":"https:\/\/redenoticiaz.com.br\/litoralsp\/wp-content\/uploads\/sites\/3\/2022\/01\/whatsapp-image-2022-01-06-at-09-51-48.jpeg","type":"image\/jpeg"}],"author":"Leonardo Francisco","twitter_card":"summary_large_image","twitter_misc":{"Escrito por":"Leonardo Francisco","Est. tempo de leitura":"2 minutos"},"schema":{"@context":"https:\/\/schema.org","@graph":[{"@type":"Article","@id":"https:\/\/redenoticiaz.com.br\/litoralsp\/2022\/01\/06\/cruzeiro-msc-seaside-desembarca-no-porto-de-santos-com-mais-casos-de-covid-19#article","isPartOf":{"@id":"https:\/\/redenoticiaz.com.br\/litoralsp\/2022\/01\/06\/cruzeiro-msc-seaside-desembarca-no-porto-de-santos-com-mais-casos-de-covid-19"},"author":{"name":"Leonardo Francisco","@id":"https:\/\/redenoticiaz.com.br\/litoralsp\/#\/schema\/person\/0f0b8a5bdafefe82841e07ae8d81ecb3"},"headline":"Cruzeiro MSC Seaside desembarca no Porto de Santos com mais casos de Covid-19","datePublished":"2022-01-06T14:36:17+00:00","dateModified":"2022-01-06T14:39:14+00:00","mainEntityOfPage":{"@id":"https:\/\/redenoticiaz.com.br\/litoralsp\/2022\/01\/06\/cruzeiro-msc-seaside-desembarca-no-porto-de-santos-com-mais-casos-de-covid-19"},"wordCount":482,"commentCount":0,"publisher":{"@id":"https:\/\/redenoticiaz.com.br\/litoralsp\/#organization"},"image":{"@id":"https:\/\/redenoticiaz.com.br\/litoralsp\/2022\/01\/06\/cruzeiro-msc-seaside-desembarca-no-porto-de-santos-com-mais-casos-de-covid-19#primaryimage"},"thumbnailUrl":"https:\/\/redenoticiaz.com.br\/litoralsp\/wp-content\/uploads\/sites\/3\/2022\/01\/whatsapp-image-2022-01-06-at-09-51-48.jpeg","keywords":["CASOS DE COVID","MSC SEASIDE","porto de santos","Santos","TEMPORADA DE CRUZEIROS SUSPENSA"],"articleSection":["Porto","Santos","Sa\u00fade","Turismo"],"inLanguage":"pt-BR","potentialAction":[{"@type":"CommentAction","name":"Comment","target":["https:\/\/redenoticiaz.com.br\/litoralsp\/2022\/01\/06\/cruzeiro-msc-seaside-desembarca-no-porto-de-santos-com-mais-casos-de-covid-19#respond"]}]},{"@type":"WebPage","@id":"https:\/\/redenoticiaz.com.br\/litoralsp\/2022\/01\/06\/cruzeiro-msc-seaside-desembarca-no-porto-de-santos-com-mais-casos-de-covid-19","url":"https:\/\/redenoticiaz.com.br\/litoralsp\/2022\/01\/06\/cruzeiro-msc-seaside-desembarca-no-porto-de-santos-com-mais-casos-de-covid-19","name":"Cruzeiro MSC Seaside desembarca no Porto de Santos com mais casos de Covid-19 - Litoral SP","isPartOf":{"@id":"https:\/\/redenoticiaz.com.br\/litoralsp\/#website"},"primaryImageOfPage":{"@id":"https:\/\/redenoticiaz.com.br\/litoralsp\/2022\/01\/06\/cruzeiro-msc-seaside-desembarca-no-porto-de-santos-com-mais-casos-de-covid-19#primaryimage"},"image":{"@id":"https:\/\/redenoticiaz.com.br\/litoralsp\/2022\/01\/06\/cruzeiro-msc-seaside-desembarca-no-porto-de-santos-com-mais-casos-de-covid-19#primaryimage"},"thumbnailUrl":"https:\/\/redenoticiaz.com.br\/litoralsp\/wp-content\/uploads\/sites\/3\/2022\/01\/whatsapp-image-2022-01-06-at-09-51-48.jpeg","datePublished":"2022-01-06T14:36:17+00:00","dateModified":"2022-01-06T14:39:14+00:00","description":"Nesta quinta-feira (6), o Porto de Santos recebeu mais um cruzeiro, desta vez o MSC Seaside. E assim como as outras embarca\u00e7\u00f5es","inLanguage":"pt-BR","potentialAction":[{"@type":"ReadAction","target":["https:\/\/redenoticiaz.com.br\/litoralsp\/2022\/01\/06\/cruzeiro-msc-seaside-desembarca-no-porto-de-santos-com-mais-casos-de-covid-19"]}]},{"@type":"ImageObject","inLanguage":"pt-BR","@id":"https:\/\/redenoticiaz.com.br\/litoralsp\/2022\/01\/06\/cruzeiro-msc-seaside-desembarca-no-porto-de-santos-com-mais-casos-de-covid-19#primaryimage","url":"https:\/\/redenoticiaz.com.br\/litoralsp\/wp-content\/uploads\/sites\/3\/2022\/01\/whatsapp-image-2022-01-06-at-09-51-48.jpeg","contentUrl":"https:\/\/redenoticiaz.com.br\/litoralsp\/wp-content\/uploads\/sites\/3\/2022\/01\/whatsapp-image-2022-01-06-at-09-51-48.jpeg","width":1445,"height":1080,"caption":"Previs\u00e3o inicial \u00e9 que as viagens voltem a acontecer no dia 21 d ejaneiro, desde que o cen\u00e1rio epidemiol\u00f3giico melhore. Cr\u00e9ditos: Leonardo Francisco."},{"@type":"WebSite","@id":"https:\/\/redenoticiaz.com.br\/litoralsp\/#website","url":"https:\/\/redenoticiaz.com.br\/litoralsp\/","name":"Litoral SP","description":"Rede NoticiaZ","publisher":{"@id":"https:\/\/redenoticiaz.com.br\/litoralsp\/#organization"},"potentialAction":[{"@type":"SearchAction","target":{"@type":"EntryPoint","urlTemplate":"https:\/\/redenoticiaz.com.br\/litoralsp\/?s={search_term_string}"},"query-input":{"@type":"PropertyValueSpecification","valueRequired":true,"valueName":"search_term_string"}}],"inLanguage":"pt-BR"},{"@type":"Organization","@id":"https:\/\/redenoticiaz.com.br\/litoralsp\/#organization","name":"Litoral SP","url":"https:\/\/redenoticiaz.com.br\/litoralsp\/","logo":{"@type":"ImageObject","inLanguage":"pt-BR","@id":"https:\/\/redenoticiaz.com.br\/litoralsp\/#\/schema\/logo\/image\/","url":"https:\/\/redenoticiaz.com.br\/litoralsp\/wp-content\/uploads\/sites\/3\/2020\/11\/logo.jpg","contentUrl":"https:\/\/redenoticiaz.com.br\/litoralsp\/wp-content\/uploads\/sites\/3\/2020\/11\/logo.jpg","width":400,"height":250,"caption":"Litoral SP"},"image":{"@id":"https:\/\/redenoticiaz.com.br\/litoralsp\/#\/schema\/logo\/image\/"}},{"@type":"Person","@id":"https:\/\/redenoticiaz.com.br\/litoralsp\/#\/schema\/person\/0f0b8a5bdafefe82841e07ae8d81ecb3","name":"Leonardo Francisco","image":{"@type":"ImageObject","inLanguage":"pt-BR","@id":"https:\/\/secure.gravatar.com\/avatar\/a7358cb406a99b682ec6df1e77e31ae82e63601f6784e8a3df411d72b37864da?s=96&d=mm&r=g","url":"https:\/\/secure.gravatar.com\/avatar\/a7358cb406a99b682ec6df1e77e31ae82e63601f6784e8a3df411d72b37864da?s=96&d=mm&r=g","contentUrl":"https:\/\/secure.gravatar.com\/avatar\/a7358cb406a99b682ec6df1e77e31ae82e63601f6784e8a3df411d72b37864da?s=96&d=mm&r=g","caption":"Leonardo Francisco"},"url":"https:\/\/redenoticiaz.com.br\/litoralsp\/author\/leonardo-francisco"}]}},"_links":{"self":[{"href":"https:\/\/redenoticiaz.com.br\/litoralsp\/wp-json\/wp\/v2\/posts\/20980","targetHints":{"allow":["GET"]}}],"collection":[{"href":"https:\/\/redenoticiaz.com.br\/litoralsp\/wp-json\/wp\/v2\/posts"}],"about":[{"href":"https:\/\/redenoticiaz.com.br\/litoralsp\/wp-json\/wp\/v2\/types\/post"}],"author":[{"embeddable":true,"href":"https:\/\/redenoticiaz.com.br\/litoralsp\/wp-json\/wp\/v2\/users\/6"}],"replies":[{"embeddable":true,"href":"https:\/\/redenoticiaz.com.br\/litoralsp\/wp-json\/wp\/v2\/comments?post=20980"}],"version-history":[{"count":2,"href":"https:\/\/redenoticiaz.com.br\/litoralsp\/wp-json\/wp\/v2\/posts\/20980\/revisions"}],"predecessor-version":[{"id":20985,"href":"https:\/\/redenoticiaz.com.br\/litoralsp\/wp-json\/wp\/v2\/posts\/20980\/revisions\/20985"}],"wp:featuredmedia":[{"embeddable":true,"href":"https:\/\/redenoticiaz.com.br\/litoralsp\/wp-json\/wp\/v2\/media\/20981"}],"wp:attachment":[{"href":"https:\/\/redenoticiaz.com.br\/litoralsp\/wp-json\/wp\/v2\/media?parent=20980"}],"wp:term":[{"taxonomy":"category","embeddable":true,"href":"https:\/\/redenoticiaz.com.br\/litoralsp\/wp-json\/wp\/v2\/categories?post=20980"},{"taxonomy":"post_tag","embeddable":true,"href":"https:\/\/redenoticiaz.com.br\/litoralsp\/wp-json\/wp\/v2\/tags?post=20980"}],"curies":[{"name":"wp","href":"https:\/\/api.w.org\/{rel}","templated":true}]}}