{"id":21430,"date":"2022-01-13T11:01:28","date_gmt":"2022-01-13T14:01:28","guid":{"rendered":"https:\/\/redenoticiaz.com.br\/litoralsp\/2022\/01\/13\/brasil-recebe-o-primeiro-lote-de-vacinas-contra-a-covid-19-para-criancas"},"modified":"2022-01-13T11:06:39","modified_gmt":"2022-01-13T14:06:39","slug":"brasil-recebe-o-primeiro-lote-de-vacinas-contra-a-covid-19-para-criancas","status":"publish","type":"post","link":"https:\/\/redenoticiaz.com.br\/litoralsp\/2022\/01\/13\/brasil-recebe-o-primeiro-lote-de-vacinas-contra-a-covid-19-para-criancas","title":{"rendered":"Brasil recebe o primeiro lote de vacinas contra a Covid-19 para crian\u00e7as"},"content":{"rendered":"<p>Enfim chegou o <strong>primeiro lote de vacinas contra a Covid-19<\/strong> para crian\u00e7as no Brasil. A carga com os imunizantes desembarcaram nesta quinta-feira (13) no Aeroporto de Viracopos, em Campinas e depois seguiu para o Aeroporto de Guarulhos, na Grande S\u00e3o Paulo. Elas est\u00e3o armazenadas no Centro de Distribui\u00e7\u00e3o do <a href=\"https:\/\/www.gov.br\/saude\/pt-br\">Minist\u00e9rio da Sa\u00fade<\/a>.<\/p>\n<p>O ministro da Sa\u00fade, Marcelo Queiroga, esteve no aeroporto acompanhando a chegada da primeira remessa que cont\u00e9m 1.248 milh\u00e3o de doses. O imunizante ser\u00e1 utilizado para imunizar crian\u00e7as de 5 a 11 anos em todo o pa\u00eds.<\/p>\n<div class=\"mc-column content-text active-extra-styles \" data-block-type=\"unstyled\" data-block-weight=\"39\" data-block-id=\"4\">\n<p class=\"content-text__container \" data-track-category=\"Link no Texto\" data-track-links=\"\">No local de armazenamento, as doses v\u00e3o passar por um processo de controle de qualidade, temperatura e an\u00e1lise. S\u00f3 assim que come\u00e7ar\u00e1 a distribui\u00e7\u00e3o para os estados. Mas a parcela que ficar\u00e1 em S\u00e3o Paulo ser\u00e1 entregue at\u00e9 sexta (14).<\/p>\n<div class=\"mc-column content-text active-extra-styles \" data-block-type=\"unstyled\" data-block-weight=\"68\" data-block-id=\"6\">\n<figure id=\"attachment_75656\" aria-describedby=\"caption-attachment-75656\" style=\"width: 347px\" class=\"wp-caption alignleft\"><img loading=\"lazy\" decoding=\"async\" class=\"size-medium wp-image-75656\" src=\"https:\/\/redenoticiaz.com.br\/wp-content\/uploads\/2022\/01\/000-9um6vz-347x220.jpg\" alt=\"\" width=\"347\" height=\"220\" \/><figcaption id=\"caption-attachment-75656\" class=\"wp-caption-text\">O frasco laranja \u00e9 para as crian\u00e7as, enquanto o roxo s\u00e3o para os adolescentes e adultos. Cr\u00e9ditos: AFP.<\/figcaption><\/figure>\n<p class=\"content-text__container \" data-track-category=\"Link no Texto\" data-track-links=\"\">A\u00a0Ag\u00eancia de Vigil\u00e2ncia Sanit\u00e1ria (Anvisa) autorizou, em 16 de dezembro, a vacina\u00e7\u00e3o de crian\u00e7as de 5 a 11 anos. Na quarta (12), o\u00a0governo de S\u00e3o Paulo anunciou a abertura do pr\u00e9-cadastro\u00a0para in\u00edcio da imuniza\u00e7\u00e3o de crian\u00e7as contra a doen\u00e7a. Os pais podem acessar o site do governo paulista (<a href=\"http:\/\/www.vacinaja.sp.gov.br\/\" target=\"_blank\" rel=\"noopener noreferrer\">www.vacinaja.sp.gov.br<\/a>) para inserir os dados da crian\u00e7a e agilizar o atendimento nos postos de sa\u00fade do estado.<\/p>\n<\/div>\n<div class=\"mc-column content-text active-extra-styles \" data-block-type=\"unstyled\" data-block-weight=\"39\" data-block-id=\"7\">\n<p class=\"content-text__container \" data-track-category=\"Link no Texto\" data-track-links=\"\">Na segunda (10), o ministro da Sa\u00fade,\u00a0Marcelo Queiroga, informou que a Pfizer vai antecipar a entrega de 600 mil doses. Com isso, o total de vacinas previstas para chegar em janeiro passou de 3,7 milh\u00f5es para 4,3 milh\u00f5es. Segundo o Instituto Brasileiro de Geografia Estat\u00edstica (IBGE), o Brasil tem cerca de 20,5 milh\u00f5es de crian\u00e7as nessa faixa et\u00e1ria.<\/p>\n<h3 data-track-category=\"Link no Texto\">Como vai funcionar?<\/h3>\n<div class=\"mc-column content-text active-extra-styles \" data-block-type=\"unstyled\" data-block-weight=\"9\" data-block-id=\"12\">\n<p class=\"content-text__container \" data-track-category=\"Link no Texto\" data-track-links=\"\">De acordo com o governo, a vacina\u00e7\u00e3o infantil ocorrer\u00e1:<\/p>\n<\/div>\n<div class=\"mc-column content-text active-extra-styles\" data-block-type=\"raw\" data-block-weight=\"64\" data-block-id=\"13\">\n<ul class=\"content-unordered-list\">\n<li>em ordem decrescente de idade (das crian\u00e7as mais velhas para as mais novas), com prioridade para quem tem comorbidade ou defici\u00eancia permanente e para crian\u00e7as quilombolas e ind\u00edgenas;<\/li>\n<li>sem necessidade de autoriza\u00e7\u00e3o por escrito, desde que pai, m\u00e3e ou respons\u00e1vel acompanhe a crian\u00e7a no momento da vacina\u00e7\u00e3o;<\/li>\n<li>com intervalo de oito semanas \u2013 um prazo maior que o previsto na bula, de tr\u00eas semanas.<\/li>\n<\/ul>\n<p><strong>LEIA TAMB\u00c9M<\/strong><\/p>\n<p><a href=\"https:\/\/redenoticiaz.com.br\/blog\/2022\/01\/12\/anvisa-orienta-que-a-temporada-de-cruzeiros-seja-encerrada\">Anvisa orienta que a temporada de cruzeiros seja encerrada<\/a><\/p>\n<\/div>\n<\/div>\n<\/div>\n","protected":false},"excerpt":{"rendered":"<p>Enfim chegou o primeiro lote de vacinas contra a Covid-19 para crian\u00e7as no Brasil. A carga com os imunizantes desembarcaram nesta quinta-feira (13) no Aeroporto de Viracopos, em Campinas e depois seguiu para o Aeroporto de Guarulhos, na Grande S\u00e3o Paulo. Elas est\u00e3o armazenadas no Centro de Distribui\u00e7\u00e3o do Minist\u00e9rio da Sa\u00fade. O ministro da &hellip;<\/p>\n","protected":false},"author":6,"featured_media":21431,"comment_status":"open","ping_status":"closed","sticky":false,"template":"","format":"standard","meta":{"footnotes":""},"categories":[23],"tags":[1411,19191,173,47317,1249,18808,47318],"class_list":["post-21430","post","type-post","status-publish","format-standard","has-post-thumbnail","hentry","category-saude","tag-aeroporto-de-guarulhos","tag-aeroporto-de-viracopos","tag-brasil","tag-centro-de-distribuicao-do-ministerio-da-saude","tag-pfizer","tag-vacina-contra-a-covid","tag-vacina-para-criancas"],"yoast_head":"<!-- This site is optimized with the Yoast SEO plugin v27.4 - https:\/\/yoast.com\/product\/yoast-seo-wordpress\/ -->\n<title>Brasil recebe o primeiro lote de vacinas contra a Covid-19 para crian\u00e7as - Litoral SP<\/title>\n<meta name=\"description\" content=\"Enfim chegou o primeiro lote de vacinas contra a Covid-19 para crian\u00e7as no Brasil. A carga com os imunizantes desembarcaram\" \/>\n<meta name=\"robots\" content=\"index, follow, max-snippet:-1, max-image-preview:large, max-video-preview:-1\" \/>\n<link rel=\"canonical\" href=\"https:\/\/redenoticiaz.com.br\/litoralsp\/2022\/01\/13\/brasil-recebe-o-primeiro-lote-de-vacinas-contra-a-covid-19-para-criancas\" \/>\n<meta property=\"og:locale\" content=\"pt_BR\" \/>\n<meta property=\"og:type\" content=\"article\" \/>\n<meta property=\"og:title\" content=\"Brasil recebe o primeiro lote de vacinas contra a Covid-19 para crian\u00e7as - Litoral SP\" \/>\n<meta property=\"og:description\" content=\"Enfim chegou o primeiro lote de vacinas contra a Covid-19 para crian\u00e7as no Brasil. A carga com os imunizantes desembarcaram\" \/>\n<meta property=\"og:url\" content=\"https:\/\/redenoticiaz.com.br\/litoralsp\/2022\/01\/13\/brasil-recebe-o-primeiro-lote-de-vacinas-contra-a-covid-19-para-criancas\" \/>\n<meta property=\"og:site_name\" content=\"Litoral SP\" \/>\n<meta property=\"article:published_time\" content=\"2022-01-13T14:01:28+00:00\" \/>\n<meta property=\"article:modified_time\" content=\"2022-01-13T14:06:39+00:00\" \/>\n<meta property=\"og:image\" content=\"https:\/\/redenoticiaz.com.br\/litoralsp\/wp-content\/uploads\/sites\/3\/2022\/01\/img-4113.jpg\" \/>\n\t<meta property=\"og:image:width\" content=\"984\" \/>\n\t<meta property=\"og:image:height\" content=\"553\" \/>\n\t<meta property=\"og:image:type\" content=\"image\/jpeg\" \/>\n<meta name=\"author\" content=\"Leonardo Francisco\" \/>\n<meta name=\"twitter:card\" content=\"summary_large_image\" \/>\n<meta name=\"twitter:label1\" content=\"Escrito por\" \/>\n\t<meta name=\"twitter:data1\" content=\"Leonardo Francisco\" \/>\n\t<meta name=\"twitter:label2\" content=\"Est. tempo de leitura\" \/>\n\t<meta name=\"twitter:data2\" content=\"2 minutos\" \/>\n<script type=\"application\/ld+json\" class=\"yoast-schema-graph\">{\"@context\":\"https:\\\/\\\/schema.org\",\"@graph\":[{\"@type\":\"Article\",\"@id\":\"https:\\\/\\\/redenoticiaz.com.br\\\/litoralsp\\\/2022\\\/01\\\/13\\\/brasil-recebe-o-primeiro-lote-de-vacinas-contra-a-covid-19-para-criancas#article\",\"isPartOf\":{\"@id\":\"https:\\\/\\\/redenoticiaz.com.br\\\/litoralsp\\\/2022\\\/01\\\/13\\\/brasil-recebe-o-primeiro-lote-de-vacinas-contra-a-covid-19-para-criancas\"},\"author\":{\"name\":\"Leonardo Francisco\",\"@id\":\"https:\\\/\\\/redenoticiaz.com.br\\\/litoralsp\\\/#\\\/schema\\\/person\\\/0f0b8a5bdafefe82841e07ae8d81ecb3\"},\"headline\":\"Brasil recebe o primeiro lote de vacinas contra a Covid-19 para crian\u00e7as\",\"datePublished\":\"2022-01-13T14:01:28+00:00\",\"dateModified\":\"2022-01-13T14:06:39+00:00\",\"mainEntityOfPage\":{\"@id\":\"https:\\\/\\\/redenoticiaz.com.br\\\/litoralsp\\\/2022\\\/01\\\/13\\\/brasil-recebe-o-primeiro-lote-de-vacinas-contra-a-covid-19-para-criancas\"},\"wordCount\":420,\"commentCount\":0,\"publisher\":{\"@id\":\"https:\\\/\\\/redenoticiaz.com.br\\\/litoralsp\\\/#organization\"},\"image\":{\"@id\":\"https:\\\/\\\/redenoticiaz.com.br\\\/litoralsp\\\/2022\\\/01\\\/13\\\/brasil-recebe-o-primeiro-lote-de-vacinas-contra-a-covid-19-para-criancas#primaryimage\"},\"thumbnailUrl\":\"https:\\\/\\\/redenoticiaz.com.br\\\/litoralsp\\\/wp-content\\\/uploads\\\/sites\\\/3\\\/2022\\\/01\\\/img-4113.jpg\",\"keywords\":[\"AEROPORTO DE GUARULHOS\",\"Aeroporto de Viracopos\",\"Brasil\",\"CENTRO DE DISTRIBUI\u00c7\u00c3O DO MINIST\u00c9RIO DA SA\u00daDE\",\"Pfizer\",\"VACINA CONTRA A COVID\",\"VACINA PARA CRIAN\u00c7AS\"],\"articleSection\":[\"Sa\u00fade\"],\"inLanguage\":\"pt-BR\",\"potentialAction\":[{\"@type\":\"CommentAction\",\"name\":\"Comment\",\"target\":[\"https:\\\/\\\/redenoticiaz.com.br\\\/litoralsp\\\/2022\\\/01\\\/13\\\/brasil-recebe-o-primeiro-lote-de-vacinas-contra-a-covid-19-para-criancas#respond\"]}]},{\"@type\":\"WebPage\",\"@id\":\"https:\\\/\\\/redenoticiaz.com.br\\\/litoralsp\\\/2022\\\/01\\\/13\\\/brasil-recebe-o-primeiro-lote-de-vacinas-contra-a-covid-19-para-criancas\",\"url\":\"https:\\\/\\\/redenoticiaz.com.br\\\/litoralsp\\\/2022\\\/01\\\/13\\\/brasil-recebe-o-primeiro-lote-de-vacinas-contra-a-covid-19-para-criancas\",\"name\":\"Brasil recebe o primeiro lote de vacinas contra a Covid-19 para crian\u00e7as - Litoral SP\",\"isPartOf\":{\"@id\":\"https:\\\/\\\/redenoticiaz.com.br\\\/litoralsp\\\/#website\"},\"primaryImageOfPage\":{\"@id\":\"https:\\\/\\\/redenoticiaz.com.br\\\/litoralsp\\\/2022\\\/01\\\/13\\\/brasil-recebe-o-primeiro-lote-de-vacinas-contra-a-covid-19-para-criancas#primaryimage\"},\"image\":{\"@id\":\"https:\\\/\\\/redenoticiaz.com.br\\\/litoralsp\\\/2022\\\/01\\\/13\\\/brasil-recebe-o-primeiro-lote-de-vacinas-contra-a-covid-19-para-criancas#primaryimage\"},\"thumbnailUrl\":\"https:\\\/\\\/redenoticiaz.com.br\\\/litoralsp\\\/wp-content\\\/uploads\\\/sites\\\/3\\\/2022\\\/01\\\/img-4113.jpg\",\"datePublished\":\"2022-01-13T14:01:28+00:00\",\"dateModified\":\"2022-01-13T14:06:39+00:00\",\"description\":\"Enfim chegou o primeiro lote de vacinas contra a Covid-19 para crian\u00e7as no Brasil. A carga com os imunizantes desembarcaram\",\"inLanguage\":\"pt-BR\",\"potentialAction\":[{\"@type\":\"ReadAction\",\"target\":[\"https:\\\/\\\/redenoticiaz.com.br\\\/litoralsp\\\/2022\\\/01\\\/13\\\/brasil-recebe-o-primeiro-lote-de-vacinas-contra-a-covid-19-para-criancas\"]}]},{\"@type\":\"ImageObject\",\"inLanguage\":\"pt-BR\",\"@id\":\"https:\\\/\\\/redenoticiaz.com.br\\\/litoralsp\\\/2022\\\/01\\\/13\\\/brasil-recebe-o-primeiro-lote-de-vacinas-contra-a-covid-19-para-criancas#primaryimage\",\"url\":\"https:\\\/\\\/redenoticiaz.com.br\\\/litoralsp\\\/wp-content\\\/uploads\\\/sites\\\/3\\\/2022\\\/01\\\/img-4113.jpg\",\"contentUrl\":\"https:\\\/\\\/redenoticiaz.com.br\\\/litoralsp\\\/wp-content\\\/uploads\\\/sites\\\/3\\\/2022\\\/01\\\/img-4113.jpg\",\"width\":984,\"height\":553,\"caption\":\"Ap\u00f3s a inspe\u00e7\u00e3o, as doses ser\u00e1 distribu\u00eddas. Cr\u00e9ditos: Reprodu\u00e7\u00e3o.\"},{\"@type\":\"WebSite\",\"@id\":\"https:\\\/\\\/redenoticiaz.com.br\\\/litoralsp\\\/#website\",\"url\":\"https:\\\/\\\/redenoticiaz.com.br\\\/litoralsp\\\/\",\"name\":\"Litoral SP\",\"description\":\"Rede NoticiaZ\",\"publisher\":{\"@id\":\"https:\\\/\\\/redenoticiaz.com.br\\\/litoralsp\\\/#organization\"},\"potentialAction\":[{\"@type\":\"SearchAction\",\"target\":{\"@type\":\"EntryPoint\",\"urlTemplate\":\"https:\\\/\\\/redenoticiaz.com.br\\\/litoralsp\\\/?s={search_term_string}\"},\"query-input\":{\"@type\":\"PropertyValueSpecification\",\"valueRequired\":true,\"valueName\":\"search_term_string\"}}],\"inLanguage\":\"pt-BR\"},{\"@type\":\"Organization\",\"@id\":\"https:\\\/\\\/redenoticiaz.com.br\\\/litoralsp\\\/#organization\",\"name\":\"Litoral SP\",\"url\":\"https:\\\/\\\/redenoticiaz.com.br\\\/litoralsp\\\/\",\"logo\":{\"@type\":\"ImageObject\",\"inLanguage\":\"pt-BR\",\"@id\":\"https:\\\/\\\/redenoticiaz.com.br\\\/litoralsp\\\/#\\\/schema\\\/logo\\\/image\\\/\",\"url\":\"https:\\\/\\\/redenoticiaz.com.br\\\/litoralsp\\\/wp-content\\\/uploads\\\/sites\\\/3\\\/2020\\\/11\\\/logo.jpg\",\"contentUrl\":\"https:\\\/\\\/redenoticiaz.com.br\\\/litoralsp\\\/wp-content\\\/uploads\\\/sites\\\/3\\\/2020\\\/11\\\/logo.jpg\",\"width\":400,\"height\":250,\"caption\":\"Litoral SP\"},\"image\":{\"@id\":\"https:\\\/\\\/redenoticiaz.com.br\\\/litoralsp\\\/#\\\/schema\\\/logo\\\/image\\\/\"}},{\"@type\":\"Person\",\"@id\":\"https:\\\/\\\/redenoticiaz.com.br\\\/litoralsp\\\/#\\\/schema\\\/person\\\/0f0b8a5bdafefe82841e07ae8d81ecb3\",\"name\":\"Leonardo Francisco\",\"image\":{\"@type\":\"ImageObject\",\"inLanguage\":\"pt-BR\",\"@id\":\"https:\\\/\\\/secure.gravatar.com\\\/avatar\\\/a7358cb406a99b682ec6df1e77e31ae82e63601f6784e8a3df411d72b37864da?s=96&d=mm&r=g\",\"url\":\"https:\\\/\\\/secure.gravatar.com\\\/avatar\\\/a7358cb406a99b682ec6df1e77e31ae82e63601f6784e8a3df411d72b37864da?s=96&d=mm&r=g\",\"contentUrl\":\"https:\\\/\\\/secure.gravatar.com\\\/avatar\\\/a7358cb406a99b682ec6df1e77e31ae82e63601f6784e8a3df411d72b37864da?s=96&d=mm&r=g\",\"caption\":\"Leonardo Francisco\"},\"url\":\"https:\\\/\\\/redenoticiaz.com.br\\\/litoralsp\\\/author\\\/leonardo-francisco\"}]}<\/script>\n<!-- \/ Yoast SEO plugin. -->","yoast_head_json":{"title":"Brasil recebe o primeiro lote de vacinas contra a Covid-19 para crian\u00e7as - Litoral SP","description":"Enfim chegou o primeiro lote de vacinas contra a Covid-19 para crian\u00e7as no Brasil. A carga com os imunizantes desembarcaram","robots":{"index":"index","follow":"follow","max-snippet":"max-snippet:-1","max-image-preview":"max-image-preview:large","max-video-preview":"max-video-preview:-1"},"canonical":"https:\/\/redenoticiaz.com.br\/litoralsp\/2022\/01\/13\/brasil-recebe-o-primeiro-lote-de-vacinas-contra-a-covid-19-para-criancas","og_locale":"pt_BR","og_type":"article","og_title":"Brasil recebe o primeiro lote de vacinas contra a Covid-19 para crian\u00e7as - Litoral SP","og_description":"Enfim chegou o primeiro lote de vacinas contra a Covid-19 para crian\u00e7as no Brasil. A carga com os imunizantes desembarcaram","og_url":"https:\/\/redenoticiaz.com.br\/litoralsp\/2022\/01\/13\/brasil-recebe-o-primeiro-lote-de-vacinas-contra-a-covid-19-para-criancas","og_site_name":"Litoral SP","article_published_time":"2022-01-13T14:01:28+00:00","article_modified_time":"2022-01-13T14:06:39+00:00","og_image":[{"width":984,"height":553,"url":"https:\/\/redenoticiaz.com.br\/litoralsp\/wp-content\/uploads\/sites\/3\/2022\/01\/img-4113.jpg","type":"image\/jpeg"}],"author":"Leonardo Francisco","twitter_card":"summary_large_image","twitter_misc":{"Escrito por":"Leonardo Francisco","Est. tempo de leitura":"2 minutos"},"schema":{"@context":"https:\/\/schema.org","@graph":[{"@type":"Article","@id":"https:\/\/redenoticiaz.com.br\/litoralsp\/2022\/01\/13\/brasil-recebe-o-primeiro-lote-de-vacinas-contra-a-covid-19-para-criancas#article","isPartOf":{"@id":"https:\/\/redenoticiaz.com.br\/litoralsp\/2022\/01\/13\/brasil-recebe-o-primeiro-lote-de-vacinas-contra-a-covid-19-para-criancas"},"author":{"name":"Leonardo Francisco","@id":"https:\/\/redenoticiaz.com.br\/litoralsp\/#\/schema\/person\/0f0b8a5bdafefe82841e07ae8d81ecb3"},"headline":"Brasil recebe o primeiro lote de vacinas contra a Covid-19 para crian\u00e7as","datePublished":"2022-01-13T14:01:28+00:00","dateModified":"2022-01-13T14:06:39+00:00","mainEntityOfPage":{"@id":"https:\/\/redenoticiaz.com.br\/litoralsp\/2022\/01\/13\/brasil-recebe-o-primeiro-lote-de-vacinas-contra-a-covid-19-para-criancas"},"wordCount":420,"commentCount":0,"publisher":{"@id":"https:\/\/redenoticiaz.com.br\/litoralsp\/#organization"},"image":{"@id":"https:\/\/redenoticiaz.com.br\/litoralsp\/2022\/01\/13\/brasil-recebe-o-primeiro-lote-de-vacinas-contra-a-covid-19-para-criancas#primaryimage"},"thumbnailUrl":"https:\/\/redenoticiaz.com.br\/litoralsp\/wp-content\/uploads\/sites\/3\/2022\/01\/img-4113.jpg","keywords":["AEROPORTO DE GUARULHOS","Aeroporto de Viracopos","Brasil","CENTRO DE DISTRIBUI\u00c7\u00c3O DO MINIST\u00c9RIO DA SA\u00daDE","Pfizer","VACINA CONTRA A COVID","VACINA PARA CRIAN\u00c7AS"],"articleSection":["Sa\u00fade"],"inLanguage":"pt-BR","potentialAction":[{"@type":"CommentAction","name":"Comment","target":["https:\/\/redenoticiaz.com.br\/litoralsp\/2022\/01\/13\/brasil-recebe-o-primeiro-lote-de-vacinas-contra-a-covid-19-para-criancas#respond"]}]},{"@type":"WebPage","@id":"https:\/\/redenoticiaz.com.br\/litoralsp\/2022\/01\/13\/brasil-recebe-o-primeiro-lote-de-vacinas-contra-a-covid-19-para-criancas","url":"https:\/\/redenoticiaz.com.br\/litoralsp\/2022\/01\/13\/brasil-recebe-o-primeiro-lote-de-vacinas-contra-a-covid-19-para-criancas","name":"Brasil recebe o primeiro lote de vacinas contra a Covid-19 para crian\u00e7as - Litoral SP","isPartOf":{"@id":"https:\/\/redenoticiaz.com.br\/litoralsp\/#website"},"primaryImageOfPage":{"@id":"https:\/\/redenoticiaz.com.br\/litoralsp\/2022\/01\/13\/brasil-recebe-o-primeiro-lote-de-vacinas-contra-a-covid-19-para-criancas#primaryimage"},"image":{"@id":"https:\/\/redenoticiaz.com.br\/litoralsp\/2022\/01\/13\/brasil-recebe-o-primeiro-lote-de-vacinas-contra-a-covid-19-para-criancas#primaryimage"},"thumbnailUrl":"https:\/\/redenoticiaz.com.br\/litoralsp\/wp-content\/uploads\/sites\/3\/2022\/01\/img-4113.jpg","datePublished":"2022-01-13T14:01:28+00:00","dateModified":"2022-01-13T14:06:39+00:00","description":"Enfim chegou o primeiro lote de vacinas contra a Covid-19 para crian\u00e7as no Brasil. A carga com os imunizantes desembarcaram","inLanguage":"pt-BR","potentialAction":[{"@type":"ReadAction","target":["https:\/\/redenoticiaz.com.br\/litoralsp\/2022\/01\/13\/brasil-recebe-o-primeiro-lote-de-vacinas-contra-a-covid-19-para-criancas"]}]},{"@type":"ImageObject","inLanguage":"pt-BR","@id":"https:\/\/redenoticiaz.com.br\/litoralsp\/2022\/01\/13\/brasil-recebe-o-primeiro-lote-de-vacinas-contra-a-covid-19-para-criancas#primaryimage","url":"https:\/\/redenoticiaz.com.br\/litoralsp\/wp-content\/uploads\/sites\/3\/2022\/01\/img-4113.jpg","contentUrl":"https:\/\/redenoticiaz.com.br\/litoralsp\/wp-content\/uploads\/sites\/3\/2022\/01\/img-4113.jpg","width":984,"height":553,"caption":"Ap\u00f3s a inspe\u00e7\u00e3o, as doses ser\u00e1 distribu\u00eddas. Cr\u00e9ditos: Reprodu\u00e7\u00e3o."},{"@type":"WebSite","@id":"https:\/\/redenoticiaz.com.br\/litoralsp\/#website","url":"https:\/\/redenoticiaz.com.br\/litoralsp\/","name":"Litoral SP","description":"Rede NoticiaZ","publisher":{"@id":"https:\/\/redenoticiaz.com.br\/litoralsp\/#organization"},"potentialAction":[{"@type":"SearchAction","target":{"@type":"EntryPoint","urlTemplate":"https:\/\/redenoticiaz.com.br\/litoralsp\/?s={search_term_string}"},"query-input":{"@type":"PropertyValueSpecification","valueRequired":true,"valueName":"search_term_string"}}],"inLanguage":"pt-BR"},{"@type":"Organization","@id":"https:\/\/redenoticiaz.com.br\/litoralsp\/#organization","name":"Litoral SP","url":"https:\/\/redenoticiaz.com.br\/litoralsp\/","logo":{"@type":"ImageObject","inLanguage":"pt-BR","@id":"https:\/\/redenoticiaz.com.br\/litoralsp\/#\/schema\/logo\/image\/","url":"https:\/\/redenoticiaz.com.br\/litoralsp\/wp-content\/uploads\/sites\/3\/2020\/11\/logo.jpg","contentUrl":"https:\/\/redenoticiaz.com.br\/litoralsp\/wp-content\/uploads\/sites\/3\/2020\/11\/logo.jpg","width":400,"height":250,"caption":"Litoral SP"},"image":{"@id":"https:\/\/redenoticiaz.com.br\/litoralsp\/#\/schema\/logo\/image\/"}},{"@type":"Person","@id":"https:\/\/redenoticiaz.com.br\/litoralsp\/#\/schema\/person\/0f0b8a5bdafefe82841e07ae8d81ecb3","name":"Leonardo Francisco","image":{"@type":"ImageObject","inLanguage":"pt-BR","@id":"https:\/\/secure.gravatar.com\/avatar\/a7358cb406a99b682ec6df1e77e31ae82e63601f6784e8a3df411d72b37864da?s=96&d=mm&r=g","url":"https:\/\/secure.gravatar.com\/avatar\/a7358cb406a99b682ec6df1e77e31ae82e63601f6784e8a3df411d72b37864da?s=96&d=mm&r=g","contentUrl":"https:\/\/secure.gravatar.com\/avatar\/a7358cb406a99b682ec6df1e77e31ae82e63601f6784e8a3df411d72b37864da?s=96&d=mm&r=g","caption":"Leonardo Francisco"},"url":"https:\/\/redenoticiaz.com.br\/litoralsp\/author\/leonardo-francisco"}]}},"_links":{"self":[{"href":"https:\/\/redenoticiaz.com.br\/litoralsp\/wp-json\/wp\/v2\/posts\/21430","targetHints":{"allow":["GET"]}}],"collection":[{"href":"https:\/\/redenoticiaz.com.br\/litoralsp\/wp-json\/wp\/v2\/posts"}],"about":[{"href":"https:\/\/redenoticiaz.com.br\/litoralsp\/wp-json\/wp\/v2\/types\/post"}],"author":[{"embeddable":true,"href":"https:\/\/redenoticiaz.com.br\/litoralsp\/wp-json\/wp\/v2\/users\/6"}],"replies":[{"embeddable":true,"href":"https:\/\/redenoticiaz.com.br\/litoralsp\/wp-json\/wp\/v2\/comments?post=21430"}],"version-history":[{"count":1,"href":"https:\/\/redenoticiaz.com.br\/litoralsp\/wp-json\/wp\/v2\/posts\/21430\/revisions"}],"predecessor-version":[{"id":21432,"href":"https:\/\/redenoticiaz.com.br\/litoralsp\/wp-json\/wp\/v2\/posts\/21430\/revisions\/21432"}],"wp:featuredmedia":[{"embeddable":true,"href":"https:\/\/redenoticiaz.com.br\/litoralsp\/wp-json\/wp\/v2\/media\/21431"}],"wp:attachment":[{"href":"https:\/\/redenoticiaz.com.br\/litoralsp\/wp-json\/wp\/v2\/media?parent=21430"}],"wp:term":[{"taxonomy":"category","embeddable":true,"href":"https:\/\/redenoticiaz.com.br\/litoralsp\/wp-json\/wp\/v2\/categories?post=21430"},{"taxonomy":"post_tag","embeddable":true,"href":"https:\/\/redenoticiaz.com.br\/litoralsp\/wp-json\/wp\/v2\/tags?post=21430"}],"curies":[{"name":"wp","href":"https:\/\/api.w.org\/{rel}","templated":true}]}}