{"id":21433,"date":"2022-01-13T11:14:25","date_gmt":"2022-01-13T14:14:25","guid":{"rendered":"https:\/\/redenoticiaz.com.br\/litoralsp\/?p=21433"},"modified":"2022-01-13T11:14:43","modified_gmt":"2022-01-13T14:14:43","slug":"arma-de-fogo-comeca-a-ser-utilizada-pelos-guardas-de-santos","status":"publish","type":"post","link":"https:\/\/redenoticiaz.com.br\/litoralsp\/2022\/01\/13\/arma-de-fogo-comeca-a-ser-utilizada-pelos-guardas-de-santos","title":{"rendered":"Arma de fogo come\u00e7a a ser utilizada pelos guardas de Santos"},"content":{"rendered":"<p>A partir de agora, os guardas civis municipais de <a href=\"https:\/\/www.santos.sp.gov.br\/\">Santos<\/a> podem atuar usando <strong>arma de fogo<\/strong> pelas vias p\u00fabllicas. S\u00e3o mais de 70 guardas aptos a fazer o uso do armamento e o primeiro efetivo ir\u00e1 utilizar pistolas semiautom\u00e1ticas do modelo PT.380. A cerim\u00f4nia de oficializa\u00e7\u00e3o do porte aconteceu, na quarta-feira (12), no Centro de Cultura Patr\u00edcia Galv\u00e3o.<\/p>\n<div class=\"mc-column content-text active-extra-styles \" data-block-type=\"unstyled\" data-block-weight=\"55\" data-block-id=\"3\">\n<p class=\"content-text__container \" data-track-category=\"Link no Texto\" data-track-links=\"\">O uso de armas de fogo pela GCM foi autorizado no dia 30 de outubro de 2019,\u00a0quando a prefeitura sancionou a lei municipal 1.061\/2019, que autoriza o porte e o uso de armas de fogo em servi\u00e7o pela Guarda. Com a conclus\u00e3o do treinamento, 77 guardas est\u00e3o aptos para usar o armamento imediatamente.<\/p>\n<\/div>\n<div class=\"content-ads content-ads--reveal\" data-block-type=\"ads\" data-block-id=\"4\"><\/div>\n<div class=\"mc-column content-text active-extra-styles \" data-block-type=\"unstyled\" data-block-weight=\"53\" data-block-id=\"5\">\n<p class=\"content-text__container \" data-track-category=\"Link no Texto\" data-track-links=\"\">Todo o treinamento dos oficiais foi realizado em parceria com a Guarda Municipal do Guaruj\u00e1, que j\u00e1 utiliza o armamento. O treinamento cumpre crit\u00e9rios estabelecidos por meio de um conv\u00eanio com a Pol\u00edcia Federal. Antes das aulas te\u00f3ricas, os agentes passaram por avalia\u00e7\u00e3o psicol\u00f3gica, o que tamb\u00e9m \u00e9 uma exig\u00eancia da lei municipal.<\/p>\n<\/div>\n<div class=\"mc-column content-text active-extra-styles \" data-block-type=\"unstyled\" data-block-weight=\"25\" data-block-id=\"6\">\n<p class=\"content-text__container \" data-track-category=\"Link no Texto\" data-track-links=\"\">Segundo a Secretaria de Seguran\u00e7a, o uso do equipamento visa trazer mais seguran\u00e7a aos profissionais, que atendem a diversas ocorr\u00eancias, das mais variadas naturezas.<\/p>\n<\/div>\n<div class=\"mc-column content-text active-extra-styles \" data-block-type=\"unstyled\" data-block-weight=\"60\" data-block-id=\"7\">\n<p class=\"content-text__container \" data-track-category=\"Link no Texto\" data-track-links=\"\">Em nota divulgada pela prefeitura, o secret\u00e1rio da pasta, S\u00e9rgio Del Bel, destacou que a principal arma dos profissionais n\u00e3o \u00e9 o g\u00e1s de pimenta, a defesa pessoal ou a arma de fogo, mas sim o equil\u00edbrio emocional para lidar com as pessoas e as situa\u00e7\u00f5es de estresse. &#8220;Nossos profissionais j\u00e1 demonstraram esse preparo e capacidade&#8221;, disse, em nota.<\/p>\n<p data-track-category=\"Link no Texto\" data-track-links=\"\"><strong>LEIA TAMB\u00c9M<\/strong><\/p>\n<p data-track-category=\"Link no Texto\" data-track-links=\"\"><a href=\"https:\/\/redenoticiaz.com.br\/litoralsp\/2022\/01\/12\/potes-com-palmito-sao-apreendidos-pela-policia-ambiental-em-iguape\">Potes com palmito s\u00e3o apreendidos pela Pol\u00edcia Ambiental em Iguape<\/a><\/p>\n<\/div>\n","protected":false},"excerpt":{"rendered":"<p>A partir de agora, os guardas civis municipais de Santos podem atuar usando arma de fogo pelas vias p\u00fabllicas. S\u00e3o mais de 70 guardas aptos a fazer o uso do armamento e o primeiro efetivo ir\u00e1 utilizar pistolas semiautom\u00e1ticas do modelo PT.380. A cerim\u00f4nia de oficializa\u00e7\u00e3o do porte aconteceu, na quarta-feira (12), no Centro de &hellip;<\/p>\n","protected":false},"author":6,"featured_media":21434,"comment_status":"open","ping_status":"closed","sticky":false,"template":"","format":"standard","meta":{"footnotes":""},"categories":[10,180],"tags":[43878,47321,986,47320],"class_list":["post-21433","post","type-post","status-publish","format-standard","has-post-thumbnail","hentry","category-policia","category-santos","tag-guarda-civil-municipal-de-santos","tag-guardas-armados","tag-santos","tag-uso-de-arma"],"yoast_head":"<!-- This site is optimized with the Yoast SEO plugin v27.5 - https:\/\/yoast.com\/product\/yoast-seo-wordpress\/ -->\n<title>Arma de fogo come\u00e7a a ser utilizada pelos guardas de Santos - Litoral SP<\/title>\n<meta name=\"description\" content=\"partir de agora, os guardas civis municipais de Santos podem atuar usando arma de fogo pelas vias p\u00fabllicas. S\u00e3o mais de 70 guardas\" \/>\n<meta name=\"robots\" content=\"index, follow, max-snippet:-1, max-image-preview:large, max-video-preview:-1\" \/>\n<link rel=\"canonical\" href=\"https:\/\/redenoticiaz.com.br\/litoralsp\/2022\/01\/13\/arma-de-fogo-comeca-a-ser-utilizada-pelos-guardas-de-santos\" \/>\n<meta property=\"og:locale\" content=\"pt_BR\" \/>\n<meta property=\"og:type\" content=\"article\" \/>\n<meta property=\"og:title\" content=\"Arma de fogo come\u00e7a a ser utilizada pelos guardas de Santos - Litoral SP\" \/>\n<meta property=\"og:description\" content=\"partir de agora, os guardas civis municipais de Santos podem atuar usando arma de fogo pelas vias p\u00fabllicas. S\u00e3o mais de 70 guardas\" \/>\n<meta property=\"og:url\" content=\"https:\/\/redenoticiaz.com.br\/litoralsp\/2022\/01\/13\/arma-de-fogo-comeca-a-ser-utilizada-pelos-guardas-de-santos\" \/>\n<meta property=\"og:site_name\" content=\"Litoral SP\" \/>\n<meta property=\"article:published_time\" content=\"2022-01-13T14:14:25+00:00\" \/>\n<meta property=\"article:modified_time\" content=\"2022-01-13T14:14:43+00:00\" \/>\n<meta property=\"og:image\" content=\"https:\/\/redenoticiaz.com.br\/litoralsp\/wp-content\/uploads\/sites\/3\/2022\/01\/francisco-arrais-3719-4.jpg\" \/>\n\t<meta property=\"og:image:width\" content=\"984\" \/>\n\t<meta property=\"og:image:height\" content=\"656\" \/>\n\t<meta property=\"og:image:type\" content=\"image\/jpeg\" \/>\n<meta name=\"author\" content=\"Leonardo Francisco\" \/>\n<meta name=\"twitter:card\" content=\"summary_large_image\" \/>\n<meta name=\"twitter:label1\" content=\"Escrito por\" \/>\n\t<meta name=\"twitter:data1\" content=\"Leonardo Francisco\" \/>\n\t<meta name=\"twitter:label2\" content=\"Est. tempo de leitura\" \/>\n\t<meta name=\"twitter:data2\" content=\"1 minuto\" \/>\n<script type=\"application\/ld+json\" class=\"yoast-schema-graph\">{\"@context\":\"https:\\\/\\\/schema.org\",\"@graph\":[{\"@type\":\"Article\",\"@id\":\"https:\\\/\\\/redenoticiaz.com.br\\\/litoralsp\\\/2022\\\/01\\\/13\\\/arma-de-fogo-comeca-a-ser-utilizada-pelos-guardas-de-santos#article\",\"isPartOf\":{\"@id\":\"https:\\\/\\\/redenoticiaz.com.br\\\/litoralsp\\\/2022\\\/01\\\/13\\\/arma-de-fogo-comeca-a-ser-utilizada-pelos-guardas-de-santos\"},\"author\":{\"name\":\"Leonardo Francisco\",\"@id\":\"https:\\\/\\\/redenoticiaz.com.br\\\/litoralsp\\\/#\\\/schema\\\/person\\\/0f0b8a5bdafefe82841e07ae8d81ecb3\"},\"headline\":\"Arma de fogo come\u00e7a a ser utilizada pelos guardas de Santos\",\"datePublished\":\"2022-01-13T14:14:25+00:00\",\"dateModified\":\"2022-01-13T14:14:43+00:00\",\"mainEntityOfPage\":{\"@id\":\"https:\\\/\\\/redenoticiaz.com.br\\\/litoralsp\\\/2022\\\/01\\\/13\\\/arma-de-fogo-comeca-a-ser-utilizada-pelos-guardas-de-santos\"},\"wordCount\":294,\"commentCount\":0,\"publisher\":{\"@id\":\"https:\\\/\\\/redenoticiaz.com.br\\\/litoralsp\\\/#organization\"},\"image\":{\"@id\":\"https:\\\/\\\/redenoticiaz.com.br\\\/litoralsp\\\/2022\\\/01\\\/13\\\/arma-de-fogo-comeca-a-ser-utilizada-pelos-guardas-de-santos#primaryimage\"},\"thumbnailUrl\":\"https:\\\/\\\/redenoticiaz.com.br\\\/litoralsp\\\/wp-content\\\/uploads\\\/sites\\\/3\\\/2022\\\/01\\\/francisco-arrais-3719-4.jpg\",\"keywords\":[\"GUARDA CIVIL MUNICIPAL DE SANTOS\",\"GUARDAS ARMADOS\",\"Santos\",\"USO DE ARMA\"],\"articleSection\":[\"Pol\u00edcia\",\"Santos\"],\"inLanguage\":\"pt-BR\",\"potentialAction\":[{\"@type\":\"CommentAction\",\"name\":\"Comment\",\"target\":[\"https:\\\/\\\/redenoticiaz.com.br\\\/litoralsp\\\/2022\\\/01\\\/13\\\/arma-de-fogo-comeca-a-ser-utilizada-pelos-guardas-de-santos#respond\"]}]},{\"@type\":\"WebPage\",\"@id\":\"https:\\\/\\\/redenoticiaz.com.br\\\/litoralsp\\\/2022\\\/01\\\/13\\\/arma-de-fogo-comeca-a-ser-utilizada-pelos-guardas-de-santos\",\"url\":\"https:\\\/\\\/redenoticiaz.com.br\\\/litoralsp\\\/2022\\\/01\\\/13\\\/arma-de-fogo-comeca-a-ser-utilizada-pelos-guardas-de-santos\",\"name\":\"Arma de fogo come\u00e7a a ser utilizada pelos guardas de Santos - Litoral SP\",\"isPartOf\":{\"@id\":\"https:\\\/\\\/redenoticiaz.com.br\\\/litoralsp\\\/#website\"},\"primaryImageOfPage\":{\"@id\":\"https:\\\/\\\/redenoticiaz.com.br\\\/litoralsp\\\/2022\\\/01\\\/13\\\/arma-de-fogo-comeca-a-ser-utilizada-pelos-guardas-de-santos#primaryimage\"},\"image\":{\"@id\":\"https:\\\/\\\/redenoticiaz.com.br\\\/litoralsp\\\/2022\\\/01\\\/13\\\/arma-de-fogo-comeca-a-ser-utilizada-pelos-guardas-de-santos#primaryimage\"},\"thumbnailUrl\":\"https:\\\/\\\/redenoticiaz.com.br\\\/litoralsp\\\/wp-content\\\/uploads\\\/sites\\\/3\\\/2022\\\/01\\\/francisco-arrais-3719-4.jpg\",\"datePublished\":\"2022-01-13T14:14:25+00:00\",\"dateModified\":\"2022-01-13T14:14:43+00:00\",\"description\":\"partir de agora, os guardas civis municipais de Santos podem atuar usando arma de fogo pelas vias p\u00fabllicas. S\u00e3o mais de 70 guardas\",\"inLanguage\":\"pt-BR\",\"potentialAction\":[{\"@type\":\"ReadAction\",\"target\":[\"https:\\\/\\\/redenoticiaz.com.br\\\/litoralsp\\\/2022\\\/01\\\/13\\\/arma-de-fogo-comeca-a-ser-utilizada-pelos-guardas-de-santos\"]}]},{\"@type\":\"ImageObject\",\"inLanguage\":\"pt-BR\",\"@id\":\"https:\\\/\\\/redenoticiaz.com.br\\\/litoralsp\\\/2022\\\/01\\\/13\\\/arma-de-fogo-comeca-a-ser-utilizada-pelos-guardas-de-santos#primaryimage\",\"url\":\"https:\\\/\\\/redenoticiaz.com.br\\\/litoralsp\\\/wp-content\\\/uploads\\\/sites\\\/3\\\/2022\\\/01\\\/francisco-arrais-3719-4.jpg\",\"contentUrl\":\"https:\\\/\\\/redenoticiaz.com.br\\\/litoralsp\\\/wp-content\\\/uploads\\\/sites\\\/3\\\/2022\\\/01\\\/francisco-arrais-3719-4.jpg\",\"width\":984,\"height\":656,\"caption\":\"Cr\u00e9ditos: Divulga\u00e7\u00e3o\\\/Prefeitura de Santos\"},{\"@type\":\"WebSite\",\"@id\":\"https:\\\/\\\/redenoticiaz.com.br\\\/litoralsp\\\/#website\",\"url\":\"https:\\\/\\\/redenoticiaz.com.br\\\/litoralsp\\\/\",\"name\":\"Litoral SP\",\"description\":\"Rede NoticiaZ\",\"publisher\":{\"@id\":\"https:\\\/\\\/redenoticiaz.com.br\\\/litoralsp\\\/#organization\"},\"potentialAction\":[{\"@type\":\"SearchAction\",\"target\":{\"@type\":\"EntryPoint\",\"urlTemplate\":\"https:\\\/\\\/redenoticiaz.com.br\\\/litoralsp\\\/?s={search_term_string}\"},\"query-input\":{\"@type\":\"PropertyValueSpecification\",\"valueRequired\":true,\"valueName\":\"search_term_string\"}}],\"inLanguage\":\"pt-BR\"},{\"@type\":\"Organization\",\"@id\":\"https:\\\/\\\/redenoticiaz.com.br\\\/litoralsp\\\/#organization\",\"name\":\"Litoral SP\",\"url\":\"https:\\\/\\\/redenoticiaz.com.br\\\/litoralsp\\\/\",\"logo\":{\"@type\":\"ImageObject\",\"inLanguage\":\"pt-BR\",\"@id\":\"https:\\\/\\\/redenoticiaz.com.br\\\/litoralsp\\\/#\\\/schema\\\/logo\\\/image\\\/\",\"url\":\"https:\\\/\\\/redenoticiaz.com.br\\\/litoralsp\\\/wp-content\\\/uploads\\\/sites\\\/3\\\/2020\\\/11\\\/logo.jpg\",\"contentUrl\":\"https:\\\/\\\/redenoticiaz.com.br\\\/litoralsp\\\/wp-content\\\/uploads\\\/sites\\\/3\\\/2020\\\/11\\\/logo.jpg\",\"width\":400,\"height\":250,\"caption\":\"Litoral SP\"},\"image\":{\"@id\":\"https:\\\/\\\/redenoticiaz.com.br\\\/litoralsp\\\/#\\\/schema\\\/logo\\\/image\\\/\"}},{\"@type\":\"Person\",\"@id\":\"https:\\\/\\\/redenoticiaz.com.br\\\/litoralsp\\\/#\\\/schema\\\/person\\\/0f0b8a5bdafefe82841e07ae8d81ecb3\",\"name\":\"Leonardo Francisco\",\"image\":{\"@type\":\"ImageObject\",\"inLanguage\":\"pt-BR\",\"@id\":\"https:\\\/\\\/secure.gravatar.com\\\/avatar\\\/a7358cb406a99b682ec6df1e77e31ae82e63601f6784e8a3df411d72b37864da?s=96&d=mm&r=g\",\"url\":\"https:\\\/\\\/secure.gravatar.com\\\/avatar\\\/a7358cb406a99b682ec6df1e77e31ae82e63601f6784e8a3df411d72b37864da?s=96&d=mm&r=g\",\"contentUrl\":\"https:\\\/\\\/secure.gravatar.com\\\/avatar\\\/a7358cb406a99b682ec6df1e77e31ae82e63601f6784e8a3df411d72b37864da?s=96&d=mm&r=g\",\"caption\":\"Leonardo Francisco\"},\"url\":\"https:\\\/\\\/redenoticiaz.com.br\\\/litoralsp\\\/author\\\/leonardo-francisco\"}]}<\/script>\n<!-- \/ Yoast SEO plugin. -->","yoast_head_json":{"title":"Arma de fogo come\u00e7a a ser utilizada pelos guardas de Santos - Litoral SP","description":"partir de agora, os guardas civis municipais de Santos podem atuar usando arma de fogo pelas vias p\u00fabllicas. S\u00e3o mais de 70 guardas","robots":{"index":"index","follow":"follow","max-snippet":"max-snippet:-1","max-image-preview":"max-image-preview:large","max-video-preview":"max-video-preview:-1"},"canonical":"https:\/\/redenoticiaz.com.br\/litoralsp\/2022\/01\/13\/arma-de-fogo-comeca-a-ser-utilizada-pelos-guardas-de-santos","og_locale":"pt_BR","og_type":"article","og_title":"Arma de fogo come\u00e7a a ser utilizada pelos guardas de Santos - Litoral SP","og_description":"partir de agora, os guardas civis municipais de Santos podem atuar usando arma de fogo pelas vias p\u00fabllicas. S\u00e3o mais de 70 guardas","og_url":"https:\/\/redenoticiaz.com.br\/litoralsp\/2022\/01\/13\/arma-de-fogo-comeca-a-ser-utilizada-pelos-guardas-de-santos","og_site_name":"Litoral SP","article_published_time":"2022-01-13T14:14:25+00:00","article_modified_time":"2022-01-13T14:14:43+00:00","og_image":[{"width":984,"height":656,"url":"https:\/\/redenoticiaz.com.br\/litoralsp\/wp-content\/uploads\/sites\/3\/2022\/01\/francisco-arrais-3719-4.jpg","type":"image\/jpeg"}],"author":"Leonardo Francisco","twitter_card":"summary_large_image","twitter_misc":{"Escrito por":"Leonardo Francisco","Est. tempo de leitura":"1 minuto"},"schema":{"@context":"https:\/\/schema.org","@graph":[{"@type":"Article","@id":"https:\/\/redenoticiaz.com.br\/litoralsp\/2022\/01\/13\/arma-de-fogo-comeca-a-ser-utilizada-pelos-guardas-de-santos#article","isPartOf":{"@id":"https:\/\/redenoticiaz.com.br\/litoralsp\/2022\/01\/13\/arma-de-fogo-comeca-a-ser-utilizada-pelos-guardas-de-santos"},"author":{"name":"Leonardo Francisco","@id":"https:\/\/redenoticiaz.com.br\/litoralsp\/#\/schema\/person\/0f0b8a5bdafefe82841e07ae8d81ecb3"},"headline":"Arma de fogo come\u00e7a a ser utilizada pelos guardas de Santos","datePublished":"2022-01-13T14:14:25+00:00","dateModified":"2022-01-13T14:14:43+00:00","mainEntityOfPage":{"@id":"https:\/\/redenoticiaz.com.br\/litoralsp\/2022\/01\/13\/arma-de-fogo-comeca-a-ser-utilizada-pelos-guardas-de-santos"},"wordCount":294,"commentCount":0,"publisher":{"@id":"https:\/\/redenoticiaz.com.br\/litoralsp\/#organization"},"image":{"@id":"https:\/\/redenoticiaz.com.br\/litoralsp\/2022\/01\/13\/arma-de-fogo-comeca-a-ser-utilizada-pelos-guardas-de-santos#primaryimage"},"thumbnailUrl":"https:\/\/redenoticiaz.com.br\/litoralsp\/wp-content\/uploads\/sites\/3\/2022\/01\/francisco-arrais-3719-4.jpg","keywords":["GUARDA CIVIL MUNICIPAL DE SANTOS","GUARDAS ARMADOS","Santos","USO DE ARMA"],"articleSection":["Pol\u00edcia","Santos"],"inLanguage":"pt-BR","potentialAction":[{"@type":"CommentAction","name":"Comment","target":["https:\/\/redenoticiaz.com.br\/litoralsp\/2022\/01\/13\/arma-de-fogo-comeca-a-ser-utilizada-pelos-guardas-de-santos#respond"]}]},{"@type":"WebPage","@id":"https:\/\/redenoticiaz.com.br\/litoralsp\/2022\/01\/13\/arma-de-fogo-comeca-a-ser-utilizada-pelos-guardas-de-santos","url":"https:\/\/redenoticiaz.com.br\/litoralsp\/2022\/01\/13\/arma-de-fogo-comeca-a-ser-utilizada-pelos-guardas-de-santos","name":"Arma de fogo come\u00e7a a ser utilizada pelos guardas de Santos - Litoral SP","isPartOf":{"@id":"https:\/\/redenoticiaz.com.br\/litoralsp\/#website"},"primaryImageOfPage":{"@id":"https:\/\/redenoticiaz.com.br\/litoralsp\/2022\/01\/13\/arma-de-fogo-comeca-a-ser-utilizada-pelos-guardas-de-santos#primaryimage"},"image":{"@id":"https:\/\/redenoticiaz.com.br\/litoralsp\/2022\/01\/13\/arma-de-fogo-comeca-a-ser-utilizada-pelos-guardas-de-santos#primaryimage"},"thumbnailUrl":"https:\/\/redenoticiaz.com.br\/litoralsp\/wp-content\/uploads\/sites\/3\/2022\/01\/francisco-arrais-3719-4.jpg","datePublished":"2022-01-13T14:14:25+00:00","dateModified":"2022-01-13T14:14:43+00:00","description":"partir de agora, os guardas civis municipais de Santos podem atuar usando arma de fogo pelas vias p\u00fabllicas. S\u00e3o mais de 70 guardas","inLanguage":"pt-BR","potentialAction":[{"@type":"ReadAction","target":["https:\/\/redenoticiaz.com.br\/litoralsp\/2022\/01\/13\/arma-de-fogo-comeca-a-ser-utilizada-pelos-guardas-de-santos"]}]},{"@type":"ImageObject","inLanguage":"pt-BR","@id":"https:\/\/redenoticiaz.com.br\/litoralsp\/2022\/01\/13\/arma-de-fogo-comeca-a-ser-utilizada-pelos-guardas-de-santos#primaryimage","url":"https:\/\/redenoticiaz.com.br\/litoralsp\/wp-content\/uploads\/sites\/3\/2022\/01\/francisco-arrais-3719-4.jpg","contentUrl":"https:\/\/redenoticiaz.com.br\/litoralsp\/wp-content\/uploads\/sites\/3\/2022\/01\/francisco-arrais-3719-4.jpg","width":984,"height":656,"caption":"Cr\u00e9ditos: Divulga\u00e7\u00e3o\/Prefeitura de Santos"},{"@type":"WebSite","@id":"https:\/\/redenoticiaz.com.br\/litoralsp\/#website","url":"https:\/\/redenoticiaz.com.br\/litoralsp\/","name":"Litoral SP","description":"Rede NoticiaZ","publisher":{"@id":"https:\/\/redenoticiaz.com.br\/litoralsp\/#organization"},"potentialAction":[{"@type":"SearchAction","target":{"@type":"EntryPoint","urlTemplate":"https:\/\/redenoticiaz.com.br\/litoralsp\/?s={search_term_string}"},"query-input":{"@type":"PropertyValueSpecification","valueRequired":true,"valueName":"search_term_string"}}],"inLanguage":"pt-BR"},{"@type":"Organization","@id":"https:\/\/redenoticiaz.com.br\/litoralsp\/#organization","name":"Litoral SP","url":"https:\/\/redenoticiaz.com.br\/litoralsp\/","logo":{"@type":"ImageObject","inLanguage":"pt-BR","@id":"https:\/\/redenoticiaz.com.br\/litoralsp\/#\/schema\/logo\/image\/","url":"https:\/\/redenoticiaz.com.br\/litoralsp\/wp-content\/uploads\/sites\/3\/2020\/11\/logo.jpg","contentUrl":"https:\/\/redenoticiaz.com.br\/litoralsp\/wp-content\/uploads\/sites\/3\/2020\/11\/logo.jpg","width":400,"height":250,"caption":"Litoral SP"},"image":{"@id":"https:\/\/redenoticiaz.com.br\/litoralsp\/#\/schema\/logo\/image\/"}},{"@type":"Person","@id":"https:\/\/redenoticiaz.com.br\/litoralsp\/#\/schema\/person\/0f0b8a5bdafefe82841e07ae8d81ecb3","name":"Leonardo Francisco","image":{"@type":"ImageObject","inLanguage":"pt-BR","@id":"https:\/\/secure.gravatar.com\/avatar\/a7358cb406a99b682ec6df1e77e31ae82e63601f6784e8a3df411d72b37864da?s=96&d=mm&r=g","url":"https:\/\/secure.gravatar.com\/avatar\/a7358cb406a99b682ec6df1e77e31ae82e63601f6784e8a3df411d72b37864da?s=96&d=mm&r=g","contentUrl":"https:\/\/secure.gravatar.com\/avatar\/a7358cb406a99b682ec6df1e77e31ae82e63601f6784e8a3df411d72b37864da?s=96&d=mm&r=g","caption":"Leonardo Francisco"},"url":"https:\/\/redenoticiaz.com.br\/litoralsp\/author\/leonardo-francisco"}]}},"_links":{"self":[{"href":"https:\/\/redenoticiaz.com.br\/litoralsp\/wp-json\/wp\/v2\/posts\/21433","targetHints":{"allow":["GET"]}}],"collection":[{"href":"https:\/\/redenoticiaz.com.br\/litoralsp\/wp-json\/wp\/v2\/posts"}],"about":[{"href":"https:\/\/redenoticiaz.com.br\/litoralsp\/wp-json\/wp\/v2\/types\/post"}],"author":[{"embeddable":true,"href":"https:\/\/redenoticiaz.com.br\/litoralsp\/wp-json\/wp\/v2\/users\/6"}],"replies":[{"embeddable":true,"href":"https:\/\/redenoticiaz.com.br\/litoralsp\/wp-json\/wp\/v2\/comments?post=21433"}],"version-history":[{"count":1,"href":"https:\/\/redenoticiaz.com.br\/litoralsp\/wp-json\/wp\/v2\/posts\/21433\/revisions"}],"predecessor-version":[{"id":21435,"href":"https:\/\/redenoticiaz.com.br\/litoralsp\/wp-json\/wp\/v2\/posts\/21433\/revisions\/21435"}],"wp:featuredmedia":[{"embeddable":true,"href":"https:\/\/redenoticiaz.com.br\/litoralsp\/wp-json\/wp\/v2\/media\/21434"}],"wp:attachment":[{"href":"https:\/\/redenoticiaz.com.br\/litoralsp\/wp-json\/wp\/v2\/media?parent=21433"}],"wp:term":[{"taxonomy":"category","embeddable":true,"href":"https:\/\/redenoticiaz.com.br\/litoralsp\/wp-json\/wp\/v2\/categories?post=21433"},{"taxonomy":"post_tag","embeddable":true,"href":"https:\/\/redenoticiaz.com.br\/litoralsp\/wp-json\/wp\/v2\/tags?post=21433"}],"curies":[{"name":"wp","href":"https:\/\/api.w.org\/{rel}","templated":true}]}}