{"id":21436,"date":"2022-01-13T11:26:31","date_gmt":"2022-01-13T14:26:31","guid":{"rendered":"https:\/\/redenoticiaz.com.br\/litoralsp\/?p=21436"},"modified":"2022-01-13T11:27:21","modified_gmt":"2022-01-13T14:27:21","slug":"onibus-conta-com-um-aviso-de-covid-em-banco-de-passageiro","status":"publish","type":"post","link":"https:\/\/redenoticiaz.com.br\/litoralsp\/2022\/01\/13\/onibus-conta-com-um-aviso-de-covid-em-banco-de-passageiro","title":{"rendered":"\u00d4nibus conta com um &#8216;aviso de Covid&#8217; em banco de passageiro"},"content":{"rendered":"<p>Uma cena curiosa aconteceu em um \u00f4nibus de <a href=\"https:\/\/www.praiagrande.sp.gov.br\/HomePortal-.asp?cd_pagina=71\">Praia Grande<\/a>, na Baixada Sanista. Um passageiro deixou um <strong>aviso<\/strong> em um banco do ve\u00edculo alertando para que o local n\u00e3o seja ocupado. A mensagem no cartaz dizia que &#8220;um mo\u00e7o estava espirrando nesses assentos (Covid). N\u00e3o sente-se (Covid)&#8221;.<\/p>\n<p>A imagem foi compartilhada nas redes sociais e gerou uma enorme repercuss\u00e3o. Mas embora a inten\u00e7\u00e3o tenha sido das melhores para preservar a sa\u00fade das pessoas, o ato n\u00e3o \u00e9 o suficiente.<\/p>\n<p>Segundo o m\u00e9dico infectologista do Instituto Em\u00edlio Ribas, Leonardo Weissmann, o \u00fanico problema de sentar naquele local se o passageiro encostar a m\u00e3o na poltrona que teve contato com uma eventual got\u00edcula de saliva de algu\u00e9m infectado, e depois levar at\u00e9 alguma mucosa, como o nariz, boca ou o olho.<\/p>\n<p>O caso aconteceu dentro do \u00f4nibus da linha 17, que faz o trajeto entre o Terminal Tatico e o bairro Tude Bastos, em Praia Grande. A Via\u00e7\u00e3o Piracicabana at\u00e9 o momento n\u00e3o se manifestou sobre o caso.<\/p>\n<h3>Entenda como ocorre o cont\u00e1gio da Covid<\/h3>\n<div class=\"mc-column content-text active-extra-styles \" data-block-type=\"unstyled\" data-block-weight=\"44\" data-block-id=\"12\">\n<p class=\"content-text__container \" data-track-category=\"Link no Texto\" data-track-links=\"\">A principal forma de transmiss\u00e3o da Covid-19 \u00e9 de pessoa a pessoa e em contato com got\u00edculas eliminadas pela fala, tosse e espirro, por um indiv\u00edduo infectado. Isso pode ocorrer, principalmente, em ambientes pouco arejados, como o caso de um \u00f4nibus, conforme explica Weissmann.<\/p>\n<\/div>\n<div class=\"mc-column content-text active-extra-styles \" data-block-type=\"unstyled\" data-block-weight=\"50\" data-block-id=\"13\">\n<p class=\"content-text__container \" data-track-category=\"Link no Texto\" data-track-links=\"\">O infectologista esclarece que, no caso da foto, haveria problema se o pr\u00f3ximo passageiro encostasse no assento e levasse a m\u00e3o at\u00e9 uma mucosa. &#8220;Sentar nessa poltrona n\u00e3o \u00e9 o problema, s\u00f3 \u00e9 se a pessoa botar a m\u00e3o ali e colocar no olho, no nariz e na boca&#8221;, explica.<\/p>\n<\/div>\n<div class=\"mc-column content-text active-extra-styles \" data-block-type=\"unstyled\" data-block-weight=\"48\" data-block-id=\"14\">\n<p class=\"content-text__container \" data-track-category=\"Link no Texto\" data-track-links=\"\">Nessa situa\u00e7\u00e3o, pode ocorrer a chamada transmiss\u00e3o indireta, que \u00e9 quando h\u00e1 contato com um objeto ou superf\u00edcie infectada. O especialista destaca, ainda, que sempre que poss\u00edvel, as pessoas devem evitar ambientes cheios, usar m\u00e1scara cobrindo o nariz e a boca, al\u00e9m de manter as m\u00e3os higienizadas.<\/p>\n<p data-track-category=\"Link no Texto\" data-track-links=\"\"><strong>LEIA TAMB\u00c9M<\/strong><\/p>\n<p data-track-category=\"Link no Texto\" data-track-links=\"\"><a href=\"https:\/\/redenoticiaz.com.br\/litoralsp\/2022\/01\/13\/brasil-recebe-o-primeiro-lote-de-vacinas-contra-a-covid-19-para-criancas\">Brasil recebe o primeiro lote de vacinas contra a Covid-19 para crian\u00e7as<\/a><\/p>\n<\/div>\n","protected":false},"excerpt":{"rendered":"<p>Uma cena curiosa aconteceu em um \u00f4nibus de Praia Grande, na Baixada Sanista. Um passageiro deixou um aviso em um banco do ve\u00edculo alertando para que o local n\u00e3o seja ocupado. A mensagem no cartaz dizia que &#8220;um mo\u00e7o estava espirrando nesses assentos (Covid). N\u00e3o sente-se (Covid)&#8221;. A imagem foi compartilhada nas redes sociais e &hellip;<\/p>\n","protected":false},"author":6,"featured_media":21437,"comment_status":"open","ping_status":"closed","sticky":false,"template":"","format":"standard","meta":{"footnotes":""},"categories":[182,23,88],"tags":[47329,47328,47330,1287,1101],"class_list":["post-21436","post","type-post","status-publish","format-standard","has-post-thumbnail","hentry","category-praia-grande","category-saude","category-transportes","tag-alerta-de-covid","tag-aviso","tag-cartaz","tag-onibus","tag-praia-grande"],"yoast_head":"<!-- This site is optimized with the Yoast SEO plugin v27.5 - https:\/\/yoast.com\/product\/yoast-seo-wordpress\/ -->\n<title>\u00d4nibus conta com um &#039;aviso de Covid&#039; em banco de passageiro - Litoral SP<\/title>\n<meta name=\"description\" content=\"Uma cena curiosa aconteceu em um \u00f4nibus de Praia Grande, na Baixada Sanista. Um passageiro deixou um aviso em um banco\" \/>\n<meta name=\"robots\" content=\"index, follow, max-snippet:-1, max-image-preview:large, max-video-preview:-1\" \/>\n<link rel=\"canonical\" href=\"https:\/\/redenoticiaz.com.br\/litoralsp\/2022\/01\/13\/onibus-conta-com-um-aviso-de-covid-em-banco-de-passageiro\" \/>\n<meta property=\"og:locale\" content=\"pt_BR\" \/>\n<meta property=\"og:type\" content=\"article\" \/>\n<meta property=\"og:title\" content=\"\u00d4nibus conta com um &#039;aviso de Covid&#039; em banco de passageiro - Litoral SP\" \/>\n<meta property=\"og:description\" content=\"Uma cena curiosa aconteceu em um \u00f4nibus de Praia Grande, na Baixada Sanista. Um passageiro deixou um aviso em um banco\" \/>\n<meta property=\"og:url\" content=\"https:\/\/redenoticiaz.com.br\/litoralsp\/2022\/01\/13\/onibus-conta-com-um-aviso-de-covid-em-banco-de-passageiro\" \/>\n<meta property=\"og:site_name\" content=\"Litoral SP\" \/>\n<meta property=\"article:published_time\" content=\"2022-01-13T14:26:31+00:00\" \/>\n<meta property=\"article:modified_time\" content=\"2022-01-13T14:27:21+00:00\" \/>\n<meta property=\"og:image\" content=\"https:\/\/redenoticiaz.com.br\/litoralsp\/wp-content\/uploads\/sites\/3\/2022\/01\/aviso-covid.jpg\" \/>\n\t<meta property=\"og:image:width\" content=\"810\" \/>\n\t<meta property=\"og:image:height\" content=\"1080\" \/>\n\t<meta property=\"og:image:type\" content=\"image\/jpeg\" \/>\n<meta name=\"author\" content=\"Leonardo Francisco\" \/>\n<meta name=\"twitter:card\" content=\"summary_large_image\" \/>\n<meta name=\"twitter:label1\" content=\"Escrito por\" \/>\n\t<meta name=\"twitter:data1\" content=\"Leonardo Francisco\" \/>\n\t<meta name=\"twitter:label2\" content=\"Est. tempo de leitura\" \/>\n\t<meta name=\"twitter:data2\" content=\"2 minutos\" \/>\n<script type=\"application\/ld+json\" class=\"yoast-schema-graph\">{\"@context\":\"https:\\\/\\\/schema.org\",\"@graph\":[{\"@type\":\"Article\",\"@id\":\"https:\\\/\\\/redenoticiaz.com.br\\\/litoralsp\\\/2022\\\/01\\\/13\\\/onibus-conta-com-um-aviso-de-covid-em-banco-de-passageiro#article\",\"isPartOf\":{\"@id\":\"https:\\\/\\\/redenoticiaz.com.br\\\/litoralsp\\\/2022\\\/01\\\/13\\\/onibus-conta-com-um-aviso-de-covid-em-banco-de-passageiro\"},\"author\":{\"name\":\"Leonardo Francisco\",\"@id\":\"https:\\\/\\\/redenoticiaz.com.br\\\/litoralsp\\\/#\\\/schema\\\/person\\\/0f0b8a5bdafefe82841e07ae8d81ecb3\"},\"headline\":\"\u00d4nibus conta com um &#8216;aviso de Covid&#8217; em banco de passageiro\",\"datePublished\":\"2022-01-13T14:26:31+00:00\",\"dateModified\":\"2022-01-13T14:27:21+00:00\",\"mainEntityOfPage\":{\"@id\":\"https:\\\/\\\/redenoticiaz.com.br\\\/litoralsp\\\/2022\\\/01\\\/13\\\/onibus-conta-com-um-aviso-de-covid-em-banco-de-passageiro\"},\"wordCount\":365,\"commentCount\":0,\"publisher\":{\"@id\":\"https:\\\/\\\/redenoticiaz.com.br\\\/litoralsp\\\/#organization\"},\"image\":{\"@id\":\"https:\\\/\\\/redenoticiaz.com.br\\\/litoralsp\\\/2022\\\/01\\\/13\\\/onibus-conta-com-um-aviso-de-covid-em-banco-de-passageiro#primaryimage\"},\"thumbnailUrl\":\"https:\\\/\\\/redenoticiaz.com.br\\\/litoralsp\\\/wp-content\\\/uploads\\\/sites\\\/3\\\/2022\\\/01\\\/aviso-covid.jpg\",\"keywords\":[\"ALERTA DE COVID\",\"AVISO\",\"CARTAZ\",\"\u00d4NIBUS\",\"PRAIA GRANDE\"],\"articleSection\":[\"Praia Grande\",\"Sa\u00fade\",\"Transportes\"],\"inLanguage\":\"pt-BR\",\"potentialAction\":[{\"@type\":\"CommentAction\",\"name\":\"Comment\",\"target\":[\"https:\\\/\\\/redenoticiaz.com.br\\\/litoralsp\\\/2022\\\/01\\\/13\\\/onibus-conta-com-um-aviso-de-covid-em-banco-de-passageiro#respond\"]}]},{\"@type\":\"WebPage\",\"@id\":\"https:\\\/\\\/redenoticiaz.com.br\\\/litoralsp\\\/2022\\\/01\\\/13\\\/onibus-conta-com-um-aviso-de-covid-em-banco-de-passageiro\",\"url\":\"https:\\\/\\\/redenoticiaz.com.br\\\/litoralsp\\\/2022\\\/01\\\/13\\\/onibus-conta-com-um-aviso-de-covid-em-banco-de-passageiro\",\"name\":\"\u00d4nibus conta com um 'aviso de Covid' em banco de passageiro - Litoral SP\",\"isPartOf\":{\"@id\":\"https:\\\/\\\/redenoticiaz.com.br\\\/litoralsp\\\/#website\"},\"primaryImageOfPage\":{\"@id\":\"https:\\\/\\\/redenoticiaz.com.br\\\/litoralsp\\\/2022\\\/01\\\/13\\\/onibus-conta-com-um-aviso-de-covid-em-banco-de-passageiro#primaryimage\"},\"image\":{\"@id\":\"https:\\\/\\\/redenoticiaz.com.br\\\/litoralsp\\\/2022\\\/01\\\/13\\\/onibus-conta-com-um-aviso-de-covid-em-banco-de-passageiro#primaryimage\"},\"thumbnailUrl\":\"https:\\\/\\\/redenoticiaz.com.br\\\/litoralsp\\\/wp-content\\\/uploads\\\/sites\\\/3\\\/2022\\\/01\\\/aviso-covid.jpg\",\"datePublished\":\"2022-01-13T14:26:31+00:00\",\"dateModified\":\"2022-01-13T14:27:21+00:00\",\"description\":\"Uma cena curiosa aconteceu em um \u00f4nibus de Praia Grande, na Baixada Sanista. Um passageiro deixou um aviso em um banco\",\"inLanguage\":\"pt-BR\",\"potentialAction\":[{\"@type\":\"ReadAction\",\"target\":[\"https:\\\/\\\/redenoticiaz.com.br\\\/litoralsp\\\/2022\\\/01\\\/13\\\/onibus-conta-com-um-aviso-de-covid-em-banco-de-passageiro\"]}]},{\"@type\":\"ImageObject\",\"inLanguage\":\"pt-BR\",\"@id\":\"https:\\\/\\\/redenoticiaz.com.br\\\/litoralsp\\\/2022\\\/01\\\/13\\\/onibus-conta-com-um-aviso-de-covid-em-banco-de-passageiro#primaryimage\",\"url\":\"https:\\\/\\\/redenoticiaz.com.br\\\/litoralsp\\\/wp-content\\\/uploads\\\/sites\\\/3\\\/2022\\\/01\\\/aviso-covid.jpg\",\"contentUrl\":\"https:\\\/\\\/redenoticiaz.com.br\\\/litoralsp\\\/wp-content\\\/uploads\\\/sites\\\/3\\\/2022\\\/01\\\/aviso-covid.jpg\",\"width\":810,\"height\":1080,\"caption\":\"Cr\u00e9ditos: Reprodu\u00e7\u00e3o\\\/Praia Grande Mil Grau\"},{\"@type\":\"WebSite\",\"@id\":\"https:\\\/\\\/redenoticiaz.com.br\\\/litoralsp\\\/#website\",\"url\":\"https:\\\/\\\/redenoticiaz.com.br\\\/litoralsp\\\/\",\"name\":\"Litoral SP\",\"description\":\"Rede NoticiaZ\",\"publisher\":{\"@id\":\"https:\\\/\\\/redenoticiaz.com.br\\\/litoralsp\\\/#organization\"},\"potentialAction\":[{\"@type\":\"SearchAction\",\"target\":{\"@type\":\"EntryPoint\",\"urlTemplate\":\"https:\\\/\\\/redenoticiaz.com.br\\\/litoralsp\\\/?s={search_term_string}\"},\"query-input\":{\"@type\":\"PropertyValueSpecification\",\"valueRequired\":true,\"valueName\":\"search_term_string\"}}],\"inLanguage\":\"pt-BR\"},{\"@type\":\"Organization\",\"@id\":\"https:\\\/\\\/redenoticiaz.com.br\\\/litoralsp\\\/#organization\",\"name\":\"Litoral SP\",\"url\":\"https:\\\/\\\/redenoticiaz.com.br\\\/litoralsp\\\/\",\"logo\":{\"@type\":\"ImageObject\",\"inLanguage\":\"pt-BR\",\"@id\":\"https:\\\/\\\/redenoticiaz.com.br\\\/litoralsp\\\/#\\\/schema\\\/logo\\\/image\\\/\",\"url\":\"https:\\\/\\\/redenoticiaz.com.br\\\/litoralsp\\\/wp-content\\\/uploads\\\/sites\\\/3\\\/2020\\\/11\\\/logo.jpg\",\"contentUrl\":\"https:\\\/\\\/redenoticiaz.com.br\\\/litoralsp\\\/wp-content\\\/uploads\\\/sites\\\/3\\\/2020\\\/11\\\/logo.jpg\",\"width\":400,\"height\":250,\"caption\":\"Litoral SP\"},\"image\":{\"@id\":\"https:\\\/\\\/redenoticiaz.com.br\\\/litoralsp\\\/#\\\/schema\\\/logo\\\/image\\\/\"}},{\"@type\":\"Person\",\"@id\":\"https:\\\/\\\/redenoticiaz.com.br\\\/litoralsp\\\/#\\\/schema\\\/person\\\/0f0b8a5bdafefe82841e07ae8d81ecb3\",\"name\":\"Leonardo Francisco\",\"image\":{\"@type\":\"ImageObject\",\"inLanguage\":\"pt-BR\",\"@id\":\"https:\\\/\\\/secure.gravatar.com\\\/avatar\\\/a7358cb406a99b682ec6df1e77e31ae82e63601f6784e8a3df411d72b37864da?s=96&d=mm&r=g\",\"url\":\"https:\\\/\\\/secure.gravatar.com\\\/avatar\\\/a7358cb406a99b682ec6df1e77e31ae82e63601f6784e8a3df411d72b37864da?s=96&d=mm&r=g\",\"contentUrl\":\"https:\\\/\\\/secure.gravatar.com\\\/avatar\\\/a7358cb406a99b682ec6df1e77e31ae82e63601f6784e8a3df411d72b37864da?s=96&d=mm&r=g\",\"caption\":\"Leonardo Francisco\"},\"url\":\"https:\\\/\\\/redenoticiaz.com.br\\\/litoralsp\\\/author\\\/leonardo-francisco\"}]}<\/script>\n<!-- \/ Yoast SEO plugin. -->","yoast_head_json":{"title":"\u00d4nibus conta com um 'aviso de Covid' em banco de passageiro - Litoral SP","description":"Uma cena curiosa aconteceu em um \u00f4nibus de Praia Grande, na Baixada Sanista. Um passageiro deixou um aviso em um banco","robots":{"index":"index","follow":"follow","max-snippet":"max-snippet:-1","max-image-preview":"max-image-preview:large","max-video-preview":"max-video-preview:-1"},"canonical":"https:\/\/redenoticiaz.com.br\/litoralsp\/2022\/01\/13\/onibus-conta-com-um-aviso-de-covid-em-banco-de-passageiro","og_locale":"pt_BR","og_type":"article","og_title":"\u00d4nibus conta com um 'aviso de Covid' em banco de passageiro - Litoral SP","og_description":"Uma cena curiosa aconteceu em um \u00f4nibus de Praia Grande, na Baixada Sanista. Um passageiro deixou um aviso em um banco","og_url":"https:\/\/redenoticiaz.com.br\/litoralsp\/2022\/01\/13\/onibus-conta-com-um-aviso-de-covid-em-banco-de-passageiro","og_site_name":"Litoral SP","article_published_time":"2022-01-13T14:26:31+00:00","article_modified_time":"2022-01-13T14:27:21+00:00","og_image":[{"width":810,"height":1080,"url":"https:\/\/redenoticiaz.com.br\/litoralsp\/wp-content\/uploads\/sites\/3\/2022\/01\/aviso-covid.jpg","type":"image\/jpeg"}],"author":"Leonardo Francisco","twitter_card":"summary_large_image","twitter_misc":{"Escrito por":"Leonardo Francisco","Est. tempo de leitura":"2 minutos"},"schema":{"@context":"https:\/\/schema.org","@graph":[{"@type":"Article","@id":"https:\/\/redenoticiaz.com.br\/litoralsp\/2022\/01\/13\/onibus-conta-com-um-aviso-de-covid-em-banco-de-passageiro#article","isPartOf":{"@id":"https:\/\/redenoticiaz.com.br\/litoralsp\/2022\/01\/13\/onibus-conta-com-um-aviso-de-covid-em-banco-de-passageiro"},"author":{"name":"Leonardo Francisco","@id":"https:\/\/redenoticiaz.com.br\/litoralsp\/#\/schema\/person\/0f0b8a5bdafefe82841e07ae8d81ecb3"},"headline":"\u00d4nibus conta com um &#8216;aviso de Covid&#8217; em banco de passageiro","datePublished":"2022-01-13T14:26:31+00:00","dateModified":"2022-01-13T14:27:21+00:00","mainEntityOfPage":{"@id":"https:\/\/redenoticiaz.com.br\/litoralsp\/2022\/01\/13\/onibus-conta-com-um-aviso-de-covid-em-banco-de-passageiro"},"wordCount":365,"commentCount":0,"publisher":{"@id":"https:\/\/redenoticiaz.com.br\/litoralsp\/#organization"},"image":{"@id":"https:\/\/redenoticiaz.com.br\/litoralsp\/2022\/01\/13\/onibus-conta-com-um-aviso-de-covid-em-banco-de-passageiro#primaryimage"},"thumbnailUrl":"https:\/\/redenoticiaz.com.br\/litoralsp\/wp-content\/uploads\/sites\/3\/2022\/01\/aviso-covid.jpg","keywords":["ALERTA DE COVID","AVISO","CARTAZ","\u00d4NIBUS","PRAIA GRANDE"],"articleSection":["Praia Grande","Sa\u00fade","Transportes"],"inLanguage":"pt-BR","potentialAction":[{"@type":"CommentAction","name":"Comment","target":["https:\/\/redenoticiaz.com.br\/litoralsp\/2022\/01\/13\/onibus-conta-com-um-aviso-de-covid-em-banco-de-passageiro#respond"]}]},{"@type":"WebPage","@id":"https:\/\/redenoticiaz.com.br\/litoralsp\/2022\/01\/13\/onibus-conta-com-um-aviso-de-covid-em-banco-de-passageiro","url":"https:\/\/redenoticiaz.com.br\/litoralsp\/2022\/01\/13\/onibus-conta-com-um-aviso-de-covid-em-banco-de-passageiro","name":"\u00d4nibus conta com um 'aviso de Covid' em banco de passageiro - Litoral SP","isPartOf":{"@id":"https:\/\/redenoticiaz.com.br\/litoralsp\/#website"},"primaryImageOfPage":{"@id":"https:\/\/redenoticiaz.com.br\/litoralsp\/2022\/01\/13\/onibus-conta-com-um-aviso-de-covid-em-banco-de-passageiro#primaryimage"},"image":{"@id":"https:\/\/redenoticiaz.com.br\/litoralsp\/2022\/01\/13\/onibus-conta-com-um-aviso-de-covid-em-banco-de-passageiro#primaryimage"},"thumbnailUrl":"https:\/\/redenoticiaz.com.br\/litoralsp\/wp-content\/uploads\/sites\/3\/2022\/01\/aviso-covid.jpg","datePublished":"2022-01-13T14:26:31+00:00","dateModified":"2022-01-13T14:27:21+00:00","description":"Uma cena curiosa aconteceu em um \u00f4nibus de Praia Grande, na Baixada Sanista. Um passageiro deixou um aviso em um banco","inLanguage":"pt-BR","potentialAction":[{"@type":"ReadAction","target":["https:\/\/redenoticiaz.com.br\/litoralsp\/2022\/01\/13\/onibus-conta-com-um-aviso-de-covid-em-banco-de-passageiro"]}]},{"@type":"ImageObject","inLanguage":"pt-BR","@id":"https:\/\/redenoticiaz.com.br\/litoralsp\/2022\/01\/13\/onibus-conta-com-um-aviso-de-covid-em-banco-de-passageiro#primaryimage","url":"https:\/\/redenoticiaz.com.br\/litoralsp\/wp-content\/uploads\/sites\/3\/2022\/01\/aviso-covid.jpg","contentUrl":"https:\/\/redenoticiaz.com.br\/litoralsp\/wp-content\/uploads\/sites\/3\/2022\/01\/aviso-covid.jpg","width":810,"height":1080,"caption":"Cr\u00e9ditos: Reprodu\u00e7\u00e3o\/Praia Grande Mil Grau"},{"@type":"WebSite","@id":"https:\/\/redenoticiaz.com.br\/litoralsp\/#website","url":"https:\/\/redenoticiaz.com.br\/litoralsp\/","name":"Litoral SP","description":"Rede NoticiaZ","publisher":{"@id":"https:\/\/redenoticiaz.com.br\/litoralsp\/#organization"},"potentialAction":[{"@type":"SearchAction","target":{"@type":"EntryPoint","urlTemplate":"https:\/\/redenoticiaz.com.br\/litoralsp\/?s={search_term_string}"},"query-input":{"@type":"PropertyValueSpecification","valueRequired":true,"valueName":"search_term_string"}}],"inLanguage":"pt-BR"},{"@type":"Organization","@id":"https:\/\/redenoticiaz.com.br\/litoralsp\/#organization","name":"Litoral SP","url":"https:\/\/redenoticiaz.com.br\/litoralsp\/","logo":{"@type":"ImageObject","inLanguage":"pt-BR","@id":"https:\/\/redenoticiaz.com.br\/litoralsp\/#\/schema\/logo\/image\/","url":"https:\/\/redenoticiaz.com.br\/litoralsp\/wp-content\/uploads\/sites\/3\/2020\/11\/logo.jpg","contentUrl":"https:\/\/redenoticiaz.com.br\/litoralsp\/wp-content\/uploads\/sites\/3\/2020\/11\/logo.jpg","width":400,"height":250,"caption":"Litoral SP"},"image":{"@id":"https:\/\/redenoticiaz.com.br\/litoralsp\/#\/schema\/logo\/image\/"}},{"@type":"Person","@id":"https:\/\/redenoticiaz.com.br\/litoralsp\/#\/schema\/person\/0f0b8a5bdafefe82841e07ae8d81ecb3","name":"Leonardo Francisco","image":{"@type":"ImageObject","inLanguage":"pt-BR","@id":"https:\/\/secure.gravatar.com\/avatar\/a7358cb406a99b682ec6df1e77e31ae82e63601f6784e8a3df411d72b37864da?s=96&d=mm&r=g","url":"https:\/\/secure.gravatar.com\/avatar\/a7358cb406a99b682ec6df1e77e31ae82e63601f6784e8a3df411d72b37864da?s=96&d=mm&r=g","contentUrl":"https:\/\/secure.gravatar.com\/avatar\/a7358cb406a99b682ec6df1e77e31ae82e63601f6784e8a3df411d72b37864da?s=96&d=mm&r=g","caption":"Leonardo Francisco"},"url":"https:\/\/redenoticiaz.com.br\/litoralsp\/author\/leonardo-francisco"}]}},"_links":{"self":[{"href":"https:\/\/redenoticiaz.com.br\/litoralsp\/wp-json\/wp\/v2\/posts\/21436","targetHints":{"allow":["GET"]}}],"collection":[{"href":"https:\/\/redenoticiaz.com.br\/litoralsp\/wp-json\/wp\/v2\/posts"}],"about":[{"href":"https:\/\/redenoticiaz.com.br\/litoralsp\/wp-json\/wp\/v2\/types\/post"}],"author":[{"embeddable":true,"href":"https:\/\/redenoticiaz.com.br\/litoralsp\/wp-json\/wp\/v2\/users\/6"}],"replies":[{"embeddable":true,"href":"https:\/\/redenoticiaz.com.br\/litoralsp\/wp-json\/wp\/v2\/comments?post=21436"}],"version-history":[{"count":1,"href":"https:\/\/redenoticiaz.com.br\/litoralsp\/wp-json\/wp\/v2\/posts\/21436\/revisions"}],"predecessor-version":[{"id":21438,"href":"https:\/\/redenoticiaz.com.br\/litoralsp\/wp-json\/wp\/v2\/posts\/21436\/revisions\/21438"}],"wp:featuredmedia":[{"embeddable":true,"href":"https:\/\/redenoticiaz.com.br\/litoralsp\/wp-json\/wp\/v2\/media\/21437"}],"wp:attachment":[{"href":"https:\/\/redenoticiaz.com.br\/litoralsp\/wp-json\/wp\/v2\/media?parent=21436"}],"wp:term":[{"taxonomy":"category","embeddable":true,"href":"https:\/\/redenoticiaz.com.br\/litoralsp\/wp-json\/wp\/v2\/categories?post=21436"},{"taxonomy":"post_tag","embeddable":true,"href":"https:\/\/redenoticiaz.com.br\/litoralsp\/wp-json\/wp\/v2\/tags?post=21436"}],"curies":[{"name":"wp","href":"https:\/\/api.w.org\/{rel}","templated":true}]}}