{"id":21461,"date":"2022-01-13T15:33:39","date_gmt":"2022-01-13T18:33:39","guid":{"rendered":"https:\/\/redenoticiaz.com.br\/litoralsp\/?p=21461"},"modified":"2022-01-13T15:34:05","modified_gmt":"2022-01-13T18:34:05","slug":"funcionarios-da-cetesb-da-regiao-entram-em-greve","status":"publish","type":"post","link":"https:\/\/redenoticiaz.com.br\/litoralsp\/2022\/01\/13\/funcionarios-da-cetesb-da-regiao-entram-em-greve","title":{"rendered":"Funcion\u00e1rios da Cetesb da Regi\u00e3o entram em greve"},"content":{"rendered":"<p>Come\u00e7ou a <strong>greve<\/strong> dos trabalhadores da Companhia Ambiental do Estado de S\u00e3o Paulo (<a href=\"https:\/\/cetesb.sp.gov.br\/\">Cetesb<\/a>). A paralisa\u00e7\u00e3o afeta a Baixada Santista e o Vale do Ribeira e o motivo se deve a falta de reajuste salarial. Os trabalhadores afirmam que a decis\u00e3o foi un\u00e2nime e ela n\u00e3o tem prazo para acabar.<\/p>\n<p>De acordo com o Sindicado dos Urbanit\u00e1rios (Sintius), a<span class=\"highlight highlighted\">\u00a0Cetesb n\u00e3o cumpriu, at\u00e9 o momento, com as senten\u00e7as judiciais dos diss\u00eddios coletivos de 2020 e 2021<\/span>, que determinam o pagamento da recomposi\u00e7\u00e3o dos sal\u00e1rios com \u00edndices inflacion\u00e1rios do per\u00edodo.<\/p>\n<p>Ainda de acordo com o diretor do Sintius, M\u00e1rcio Roberto Costa, a senten\u00e7a do diss\u00eddio de 2020 saiu em setembro de 2021. J\u00e1 a senten\u00e7a do diss\u00eddio de 2021 saiu em novembro do mesmo ano. &#8220;Se a gente for razo\u00e1vel, desde novembro a empresa deveria estar aplicando os dois reajustes e at\u00e9 agora n\u00e3o fez isso. A \u00faltima vez que eles tiveram reajuste foi em 2019&#8221;.<\/p>\n<div class=\"mc-column content-text active-extra-styles \" data-block-type=\"unstyled\" data-block-weight=\"40\" data-block-id=\"7\">\n<p class=\"content-text__container \" data-track-category=\"Link no Texto\" data-track-links=\"\">Ele enfatizou que ades\u00e3o pela greve foi un\u00e2nime e cerca de 60 funcion\u00e1rios da Cetesb atuam na regi\u00e3o. Os servi\u00e7os essenciais e o plant\u00e3o para emerg\u00eancias est\u00e3o mantidos. J\u00e1 o setor administrativo e o atendimento ao p\u00fablico est\u00e1 suspenso.<\/p>\n<\/div>\n<h3 class=\"mid-mc-placeholder\">Nota<\/h3>\n<div><\/div>\n<div class=\"mc-column content-text active-extra-styles \" data-block-type=\"unstyled\" data-block-weight=\"40\" data-block-id=\"8\">\n<p class=\"content-text__container \" data-track-category=\"Link no Texto\" data-track-links=\"\">Por meio de nota, a diretoria do Sindicato disse que a demora para cumprir as decis\u00f5es da Justi\u00e7a s\u00e3o inaceit\u00e1veis e prejudicam diretamente os companheiros. Eles<span class=\"highlight highlighted\">\u00a0&#8220;n\u00e3o escondem a insatisfa\u00e7\u00e3o com a situa\u00e7\u00e3o por estarem sem reajustes desde 2019&#8221;<\/span>.<\/p>\n<\/div>\n<div class=\"mc-column content-text active-extra-styles \" data-block-type=\"unstyled\" data-block-weight=\"39\" data-block-id=\"9\">\n<p class=\"content-text__container \" data-track-category=\"Link no Texto\" data-track-links=\"\">Ainda de acordo com o Sindicato, a infla\u00e7\u00e3o aferida ao diss\u00eddio de 2020 \u00e9 de 2,6% e a de 2021 \u00e9 de 7,81%, totalizando 10,61% de corre\u00e7\u00f5es a serem realizadas pela empresa ao sal\u00e1rio dos trabalhadores da categoria.<\/p>\n<\/div>\n<div class=\"content-ads content-ads--reveal\" data-block-type=\"ads\" data-block-id=\"10\"><\/div>\n<div class=\"mc-column content-text active-extra-styles\" data-block-type=\"raw\" data-block-weight=\"1\" data-block-id=\"11\">\n<div class=\"content-intertitle\">\n<h3>Resposta da Cetesb<\/h3>\n<h2><span style=\"font-size: 16px;font-weight: 400\">Em nota, a Cetesb afirmou que a dire\u00e7\u00e3o mant\u00e9m di\u00e1logo aberto e transparente com os sindicatos representativos da categoria na busca de um consenso e solu\u00e7\u00e3o, mesmo diante de um quadro de restri\u00e7\u00f5es financeiras, vivido durante os \u00faltimos dois anos, por conta da pandemia.<\/span><\/h2>\n<\/div>\n<\/div>\n<div class=\"mc-column content-text active-extra-styles \" data-block-type=\"unstyled\" data-block-weight=\"35\" data-block-id=\"13\">\n<p class=\"content-text__container \" data-track-category=\"Link no Texto\" data-track-links=\"\">A Companhia afirmou que, mesmo com toda a dificuldade enfrentada, honrou o pagamento mensal integral dos sal\u00e1rios e dos benef\u00edcios dos colaboradores e que est\u00e1 empregando todos os esfor\u00e7os necess\u00e1rios para resolver a quest\u00e3o.<\/p>\n<\/div>\n<div class=\"mc-column content-text active-extra-styles \" data-block-type=\"unstyled\" data-block-weight=\"35\" data-block-id=\"14\">\n<p class=\"content-text__container \" data-track-category=\"Link no Texto\" data-track-links=\"\">Ainda de acordo com a Cetesb, os servi\u00e7os essenciais mantidos pela companhia como monitoramento da qualidade do ar, das praias, servi\u00e7os de laborat\u00f3rio e atendimento aos acidentes ambientais seguem normalmente e n\u00e3o sofrer\u00e3o interrup\u00e7\u00e3o.<\/p>\n<p data-track-category=\"Link no Texto\" data-track-links=\"\"><strong>LEIA TAMB\u00c9M<\/strong><\/p>\n<p data-track-category=\"Link no Texto\" data-track-links=\"\"><a href=\"https:\/\/redenoticiaz.com.br\/litoralsp\/2022\/01\/12\/registro-e-eldorado-cancelam-o-carnaval-2022\">Registro e Eldorado cancelam o Carnaval 2022<\/a><\/p>\n<\/div>\n","protected":false},"excerpt":{"rendered":"<p>Come\u00e7ou a greve dos trabalhadores da Companhia Ambiental do Estado de S\u00e3o Paulo (Cetesb). A paralisa\u00e7\u00e3o afeta a Baixada Santista e o Vale do Ribeira e o motivo se deve a falta de reajuste salarial. Os trabalhadores afirmam que a decis\u00e3o foi un\u00e2nime e ela n\u00e3o tem prazo para acabar. De acordo com o Sindicado &hellip;<\/p>\n","protected":false},"author":6,"featured_media":21462,"comment_status":"open","ping_status":"closed","sticky":false,"template":"","format":"standard","meta":{"footnotes":""},"categories":[41091,180],"tags":[1148,8783,1178,47363,32419,5035],"class_list":["post-21461","post","type-post","status-publish","format-standard","has-post-thumbnail","hentry","category-registro","category-santos","tag-baixada-santista","tag-cetesb","tag-greve","tag-reajuste-salarial","tag-servidores","tag-vale-do-ribeira"],"yoast_head":"<!-- This site is optimized with the Yoast SEO plugin v27.4 - https:\/\/yoast.com\/product\/yoast-seo-wordpress\/ -->\n<title>Funcion\u00e1rios da Cetesb da Regi\u00e3o entram em greve - Litoral SP<\/title>\n<meta name=\"description\" content=\"Come\u00e7ou a greve dos trabalhadores da Companhia Ambiental do Estado de S\u00e3o Paulo (Cetesb). A paralisa\u00e7\u00e3o afeta a Baixada Santista\" \/>\n<meta name=\"robots\" content=\"index, follow, max-snippet:-1, max-image-preview:large, max-video-preview:-1\" \/>\n<link rel=\"canonical\" href=\"https:\/\/redenoticiaz.com.br\/litoralsp\/2022\/01\/13\/funcionarios-da-cetesb-da-regiao-entram-em-greve\" \/>\n<meta property=\"og:locale\" content=\"pt_BR\" \/>\n<meta property=\"og:type\" content=\"article\" \/>\n<meta property=\"og:title\" content=\"Funcion\u00e1rios da Cetesb da Regi\u00e3o entram em greve - Litoral SP\" \/>\n<meta property=\"og:description\" content=\"Come\u00e7ou a greve dos trabalhadores da Companhia Ambiental do Estado de S\u00e3o Paulo (Cetesb). A paralisa\u00e7\u00e3o afeta a Baixada Santista\" \/>\n<meta property=\"og:url\" content=\"https:\/\/redenoticiaz.com.br\/litoralsp\/2022\/01\/13\/funcionarios-da-cetesb-da-regiao-entram-em-greve\" \/>\n<meta property=\"og:site_name\" content=\"Litoral SP\" \/>\n<meta property=\"article:published_time\" content=\"2022-01-13T18:33:39+00:00\" \/>\n<meta property=\"article:modified_time\" content=\"2022-01-13T18:34:05+00:00\" \/>\n<meta property=\"og:image\" content=\"https:\/\/redenoticiaz.com.br\/litoralsp\/wp-content\/uploads\/sites\/3\/2022\/01\/design-sem-nome-3.jpg\" \/>\n\t<meta property=\"og:image:width\" content=\"984\" \/>\n\t<meta property=\"og:image:height\" content=\"492\" \/>\n\t<meta property=\"og:image:type\" content=\"image\/jpeg\" \/>\n<meta name=\"author\" content=\"Leonardo Francisco\" \/>\n<meta name=\"twitter:card\" content=\"summary_large_image\" \/>\n<meta name=\"twitter:label1\" content=\"Escrito por\" \/>\n\t<meta name=\"twitter:data1\" content=\"Leonardo Francisco\" \/>\n\t<meta name=\"twitter:label2\" content=\"Est. tempo de leitura\" \/>\n\t<meta name=\"twitter:data2\" content=\"2 minutos\" \/>\n<script type=\"application\/ld+json\" class=\"yoast-schema-graph\">{\"@context\":\"https:\\\/\\\/schema.org\",\"@graph\":[{\"@type\":\"Article\",\"@id\":\"https:\\\/\\\/redenoticiaz.com.br\\\/litoralsp\\\/2022\\\/01\\\/13\\\/funcionarios-da-cetesb-da-regiao-entram-em-greve#article\",\"isPartOf\":{\"@id\":\"https:\\\/\\\/redenoticiaz.com.br\\\/litoralsp\\\/2022\\\/01\\\/13\\\/funcionarios-da-cetesb-da-regiao-entram-em-greve\"},\"author\":{\"name\":\"Leonardo Francisco\",\"@id\":\"https:\\\/\\\/redenoticiaz.com.br\\\/litoralsp\\\/#\\\/schema\\\/person\\\/0f0b8a5bdafefe82841e07ae8d81ecb3\"},\"headline\":\"Funcion\u00e1rios da Cetesb da Regi\u00e3o entram em greve\",\"datePublished\":\"2022-01-13T18:33:39+00:00\",\"dateModified\":\"2022-01-13T18:34:05+00:00\",\"mainEntityOfPage\":{\"@id\":\"https:\\\/\\\/redenoticiaz.com.br\\\/litoralsp\\\/2022\\\/01\\\/13\\\/funcionarios-da-cetesb-da-regiao-entram-em-greve\"},\"wordCount\":448,\"commentCount\":0,\"publisher\":{\"@id\":\"https:\\\/\\\/redenoticiaz.com.br\\\/litoralsp\\\/#organization\"},\"image\":{\"@id\":\"https:\\\/\\\/redenoticiaz.com.br\\\/litoralsp\\\/2022\\\/01\\\/13\\\/funcionarios-da-cetesb-da-regiao-entram-em-greve#primaryimage\"},\"thumbnailUrl\":\"https:\\\/\\\/redenoticiaz.com.br\\\/litoralsp\\\/wp-content\\\/uploads\\\/sites\\\/3\\\/2022\\\/01\\\/design-sem-nome-3.jpg\",\"keywords\":[\"BAIXADA SANTISTA\",\"CETESB\",\"GREVE\",\"REAJUSTE SALARIAL\",\"servidores\",\"VALE DO RIBEIRA\"],\"articleSection\":[\"Registro\",\"Santos\"],\"inLanguage\":\"pt-BR\",\"potentialAction\":[{\"@type\":\"CommentAction\",\"name\":\"Comment\",\"target\":[\"https:\\\/\\\/redenoticiaz.com.br\\\/litoralsp\\\/2022\\\/01\\\/13\\\/funcionarios-da-cetesb-da-regiao-entram-em-greve#respond\"]}]},{\"@type\":\"WebPage\",\"@id\":\"https:\\\/\\\/redenoticiaz.com.br\\\/litoralsp\\\/2022\\\/01\\\/13\\\/funcionarios-da-cetesb-da-regiao-entram-em-greve\",\"url\":\"https:\\\/\\\/redenoticiaz.com.br\\\/litoralsp\\\/2022\\\/01\\\/13\\\/funcionarios-da-cetesb-da-regiao-entram-em-greve\",\"name\":\"Funcion\u00e1rios da Cetesb da Regi\u00e3o entram em greve - Litoral SP\",\"isPartOf\":{\"@id\":\"https:\\\/\\\/redenoticiaz.com.br\\\/litoralsp\\\/#website\"},\"primaryImageOfPage\":{\"@id\":\"https:\\\/\\\/redenoticiaz.com.br\\\/litoralsp\\\/2022\\\/01\\\/13\\\/funcionarios-da-cetesb-da-regiao-entram-em-greve#primaryimage\"},\"image\":{\"@id\":\"https:\\\/\\\/redenoticiaz.com.br\\\/litoralsp\\\/2022\\\/01\\\/13\\\/funcionarios-da-cetesb-da-regiao-entram-em-greve#primaryimage\"},\"thumbnailUrl\":\"https:\\\/\\\/redenoticiaz.com.br\\\/litoralsp\\\/wp-content\\\/uploads\\\/sites\\\/3\\\/2022\\\/01\\\/design-sem-nome-3.jpg\",\"datePublished\":\"2022-01-13T18:33:39+00:00\",\"dateModified\":\"2022-01-13T18:34:05+00:00\",\"description\":\"Come\u00e7ou a greve dos trabalhadores da Companhia Ambiental do Estado de S\u00e3o Paulo (Cetesb). A paralisa\u00e7\u00e3o afeta a Baixada Santista\",\"inLanguage\":\"pt-BR\",\"potentialAction\":[{\"@type\":\"ReadAction\",\"target\":[\"https:\\\/\\\/redenoticiaz.com.br\\\/litoralsp\\\/2022\\\/01\\\/13\\\/funcionarios-da-cetesb-da-regiao-entram-em-greve\"]}]},{\"@type\":\"ImageObject\",\"inLanguage\":\"pt-BR\",\"@id\":\"https:\\\/\\\/redenoticiaz.com.br\\\/litoralsp\\\/2022\\\/01\\\/13\\\/funcionarios-da-cetesb-da-regiao-entram-em-greve#primaryimage\",\"url\":\"https:\\\/\\\/redenoticiaz.com.br\\\/litoralsp\\\/wp-content\\\/uploads\\\/sites\\\/3\\\/2022\\\/01\\\/design-sem-nome-3.jpg\",\"contentUrl\":\"https:\\\/\\\/redenoticiaz.com.br\\\/litoralsp\\\/wp-content\\\/uploads\\\/sites\\\/3\\\/2022\\\/01\\\/design-sem-nome-3.jpg\",\"width\":984,\"height\":492,\"caption\":\"Cr\u00e9ditos: Divulga\u00e7\u00e3o\\\/Sindicato dos Urbanit\u00e1rios.\"},{\"@type\":\"WebSite\",\"@id\":\"https:\\\/\\\/redenoticiaz.com.br\\\/litoralsp\\\/#website\",\"url\":\"https:\\\/\\\/redenoticiaz.com.br\\\/litoralsp\\\/\",\"name\":\"Litoral SP\",\"description\":\"Rede NoticiaZ\",\"publisher\":{\"@id\":\"https:\\\/\\\/redenoticiaz.com.br\\\/litoralsp\\\/#organization\"},\"potentialAction\":[{\"@type\":\"SearchAction\",\"target\":{\"@type\":\"EntryPoint\",\"urlTemplate\":\"https:\\\/\\\/redenoticiaz.com.br\\\/litoralsp\\\/?s={search_term_string}\"},\"query-input\":{\"@type\":\"PropertyValueSpecification\",\"valueRequired\":true,\"valueName\":\"search_term_string\"}}],\"inLanguage\":\"pt-BR\"},{\"@type\":\"Organization\",\"@id\":\"https:\\\/\\\/redenoticiaz.com.br\\\/litoralsp\\\/#organization\",\"name\":\"Litoral SP\",\"url\":\"https:\\\/\\\/redenoticiaz.com.br\\\/litoralsp\\\/\",\"logo\":{\"@type\":\"ImageObject\",\"inLanguage\":\"pt-BR\",\"@id\":\"https:\\\/\\\/redenoticiaz.com.br\\\/litoralsp\\\/#\\\/schema\\\/logo\\\/image\\\/\",\"url\":\"https:\\\/\\\/redenoticiaz.com.br\\\/litoralsp\\\/wp-content\\\/uploads\\\/sites\\\/3\\\/2020\\\/11\\\/logo.jpg\",\"contentUrl\":\"https:\\\/\\\/redenoticiaz.com.br\\\/litoralsp\\\/wp-content\\\/uploads\\\/sites\\\/3\\\/2020\\\/11\\\/logo.jpg\",\"width\":400,\"height\":250,\"caption\":\"Litoral SP\"},\"image\":{\"@id\":\"https:\\\/\\\/redenoticiaz.com.br\\\/litoralsp\\\/#\\\/schema\\\/logo\\\/image\\\/\"}},{\"@type\":\"Person\",\"@id\":\"https:\\\/\\\/redenoticiaz.com.br\\\/litoralsp\\\/#\\\/schema\\\/person\\\/0f0b8a5bdafefe82841e07ae8d81ecb3\",\"name\":\"Leonardo Francisco\",\"image\":{\"@type\":\"ImageObject\",\"inLanguage\":\"pt-BR\",\"@id\":\"https:\\\/\\\/secure.gravatar.com\\\/avatar\\\/a7358cb406a99b682ec6df1e77e31ae82e63601f6784e8a3df411d72b37864da?s=96&d=mm&r=g\",\"url\":\"https:\\\/\\\/secure.gravatar.com\\\/avatar\\\/a7358cb406a99b682ec6df1e77e31ae82e63601f6784e8a3df411d72b37864da?s=96&d=mm&r=g\",\"contentUrl\":\"https:\\\/\\\/secure.gravatar.com\\\/avatar\\\/a7358cb406a99b682ec6df1e77e31ae82e63601f6784e8a3df411d72b37864da?s=96&d=mm&r=g\",\"caption\":\"Leonardo Francisco\"},\"url\":\"https:\\\/\\\/redenoticiaz.com.br\\\/litoralsp\\\/author\\\/leonardo-francisco\"}]}<\/script>\n<!-- \/ Yoast SEO plugin. -->","yoast_head_json":{"title":"Funcion\u00e1rios da Cetesb da Regi\u00e3o entram em greve - Litoral SP","description":"Come\u00e7ou a greve dos trabalhadores da Companhia Ambiental do Estado de S\u00e3o Paulo (Cetesb). A paralisa\u00e7\u00e3o afeta a Baixada Santista","robots":{"index":"index","follow":"follow","max-snippet":"max-snippet:-1","max-image-preview":"max-image-preview:large","max-video-preview":"max-video-preview:-1"},"canonical":"https:\/\/redenoticiaz.com.br\/litoralsp\/2022\/01\/13\/funcionarios-da-cetesb-da-regiao-entram-em-greve","og_locale":"pt_BR","og_type":"article","og_title":"Funcion\u00e1rios da Cetesb da Regi\u00e3o entram em greve - Litoral SP","og_description":"Come\u00e7ou a greve dos trabalhadores da Companhia Ambiental do Estado de S\u00e3o Paulo (Cetesb). A paralisa\u00e7\u00e3o afeta a Baixada Santista","og_url":"https:\/\/redenoticiaz.com.br\/litoralsp\/2022\/01\/13\/funcionarios-da-cetesb-da-regiao-entram-em-greve","og_site_name":"Litoral SP","article_published_time":"2022-01-13T18:33:39+00:00","article_modified_time":"2022-01-13T18:34:05+00:00","og_image":[{"width":984,"height":492,"url":"https:\/\/redenoticiaz.com.br\/litoralsp\/wp-content\/uploads\/sites\/3\/2022\/01\/design-sem-nome-3.jpg","type":"image\/jpeg"}],"author":"Leonardo Francisco","twitter_card":"summary_large_image","twitter_misc":{"Escrito por":"Leonardo Francisco","Est. tempo de leitura":"2 minutos"},"schema":{"@context":"https:\/\/schema.org","@graph":[{"@type":"Article","@id":"https:\/\/redenoticiaz.com.br\/litoralsp\/2022\/01\/13\/funcionarios-da-cetesb-da-regiao-entram-em-greve#article","isPartOf":{"@id":"https:\/\/redenoticiaz.com.br\/litoralsp\/2022\/01\/13\/funcionarios-da-cetesb-da-regiao-entram-em-greve"},"author":{"name":"Leonardo Francisco","@id":"https:\/\/redenoticiaz.com.br\/litoralsp\/#\/schema\/person\/0f0b8a5bdafefe82841e07ae8d81ecb3"},"headline":"Funcion\u00e1rios da Cetesb da Regi\u00e3o entram em greve","datePublished":"2022-01-13T18:33:39+00:00","dateModified":"2022-01-13T18:34:05+00:00","mainEntityOfPage":{"@id":"https:\/\/redenoticiaz.com.br\/litoralsp\/2022\/01\/13\/funcionarios-da-cetesb-da-regiao-entram-em-greve"},"wordCount":448,"commentCount":0,"publisher":{"@id":"https:\/\/redenoticiaz.com.br\/litoralsp\/#organization"},"image":{"@id":"https:\/\/redenoticiaz.com.br\/litoralsp\/2022\/01\/13\/funcionarios-da-cetesb-da-regiao-entram-em-greve#primaryimage"},"thumbnailUrl":"https:\/\/redenoticiaz.com.br\/litoralsp\/wp-content\/uploads\/sites\/3\/2022\/01\/design-sem-nome-3.jpg","keywords":["BAIXADA SANTISTA","CETESB","GREVE","REAJUSTE SALARIAL","servidores","VALE DO RIBEIRA"],"articleSection":["Registro","Santos"],"inLanguage":"pt-BR","potentialAction":[{"@type":"CommentAction","name":"Comment","target":["https:\/\/redenoticiaz.com.br\/litoralsp\/2022\/01\/13\/funcionarios-da-cetesb-da-regiao-entram-em-greve#respond"]}]},{"@type":"WebPage","@id":"https:\/\/redenoticiaz.com.br\/litoralsp\/2022\/01\/13\/funcionarios-da-cetesb-da-regiao-entram-em-greve","url":"https:\/\/redenoticiaz.com.br\/litoralsp\/2022\/01\/13\/funcionarios-da-cetesb-da-regiao-entram-em-greve","name":"Funcion\u00e1rios da Cetesb da Regi\u00e3o entram em greve - Litoral SP","isPartOf":{"@id":"https:\/\/redenoticiaz.com.br\/litoralsp\/#website"},"primaryImageOfPage":{"@id":"https:\/\/redenoticiaz.com.br\/litoralsp\/2022\/01\/13\/funcionarios-da-cetesb-da-regiao-entram-em-greve#primaryimage"},"image":{"@id":"https:\/\/redenoticiaz.com.br\/litoralsp\/2022\/01\/13\/funcionarios-da-cetesb-da-regiao-entram-em-greve#primaryimage"},"thumbnailUrl":"https:\/\/redenoticiaz.com.br\/litoralsp\/wp-content\/uploads\/sites\/3\/2022\/01\/design-sem-nome-3.jpg","datePublished":"2022-01-13T18:33:39+00:00","dateModified":"2022-01-13T18:34:05+00:00","description":"Come\u00e7ou a greve dos trabalhadores da Companhia Ambiental do Estado de S\u00e3o Paulo (Cetesb). A paralisa\u00e7\u00e3o afeta a Baixada Santista","inLanguage":"pt-BR","potentialAction":[{"@type":"ReadAction","target":["https:\/\/redenoticiaz.com.br\/litoralsp\/2022\/01\/13\/funcionarios-da-cetesb-da-regiao-entram-em-greve"]}]},{"@type":"ImageObject","inLanguage":"pt-BR","@id":"https:\/\/redenoticiaz.com.br\/litoralsp\/2022\/01\/13\/funcionarios-da-cetesb-da-regiao-entram-em-greve#primaryimage","url":"https:\/\/redenoticiaz.com.br\/litoralsp\/wp-content\/uploads\/sites\/3\/2022\/01\/design-sem-nome-3.jpg","contentUrl":"https:\/\/redenoticiaz.com.br\/litoralsp\/wp-content\/uploads\/sites\/3\/2022\/01\/design-sem-nome-3.jpg","width":984,"height":492,"caption":"Cr\u00e9ditos: Divulga\u00e7\u00e3o\/Sindicato dos Urbanit\u00e1rios."},{"@type":"WebSite","@id":"https:\/\/redenoticiaz.com.br\/litoralsp\/#website","url":"https:\/\/redenoticiaz.com.br\/litoralsp\/","name":"Litoral SP","description":"Rede NoticiaZ","publisher":{"@id":"https:\/\/redenoticiaz.com.br\/litoralsp\/#organization"},"potentialAction":[{"@type":"SearchAction","target":{"@type":"EntryPoint","urlTemplate":"https:\/\/redenoticiaz.com.br\/litoralsp\/?s={search_term_string}"},"query-input":{"@type":"PropertyValueSpecification","valueRequired":true,"valueName":"search_term_string"}}],"inLanguage":"pt-BR"},{"@type":"Organization","@id":"https:\/\/redenoticiaz.com.br\/litoralsp\/#organization","name":"Litoral SP","url":"https:\/\/redenoticiaz.com.br\/litoralsp\/","logo":{"@type":"ImageObject","inLanguage":"pt-BR","@id":"https:\/\/redenoticiaz.com.br\/litoralsp\/#\/schema\/logo\/image\/","url":"https:\/\/redenoticiaz.com.br\/litoralsp\/wp-content\/uploads\/sites\/3\/2020\/11\/logo.jpg","contentUrl":"https:\/\/redenoticiaz.com.br\/litoralsp\/wp-content\/uploads\/sites\/3\/2020\/11\/logo.jpg","width":400,"height":250,"caption":"Litoral SP"},"image":{"@id":"https:\/\/redenoticiaz.com.br\/litoralsp\/#\/schema\/logo\/image\/"}},{"@type":"Person","@id":"https:\/\/redenoticiaz.com.br\/litoralsp\/#\/schema\/person\/0f0b8a5bdafefe82841e07ae8d81ecb3","name":"Leonardo Francisco","image":{"@type":"ImageObject","inLanguage":"pt-BR","@id":"https:\/\/secure.gravatar.com\/avatar\/a7358cb406a99b682ec6df1e77e31ae82e63601f6784e8a3df411d72b37864da?s=96&d=mm&r=g","url":"https:\/\/secure.gravatar.com\/avatar\/a7358cb406a99b682ec6df1e77e31ae82e63601f6784e8a3df411d72b37864da?s=96&d=mm&r=g","contentUrl":"https:\/\/secure.gravatar.com\/avatar\/a7358cb406a99b682ec6df1e77e31ae82e63601f6784e8a3df411d72b37864da?s=96&d=mm&r=g","caption":"Leonardo Francisco"},"url":"https:\/\/redenoticiaz.com.br\/litoralsp\/author\/leonardo-francisco"}]}},"_links":{"self":[{"href":"https:\/\/redenoticiaz.com.br\/litoralsp\/wp-json\/wp\/v2\/posts\/21461","targetHints":{"allow":["GET"]}}],"collection":[{"href":"https:\/\/redenoticiaz.com.br\/litoralsp\/wp-json\/wp\/v2\/posts"}],"about":[{"href":"https:\/\/redenoticiaz.com.br\/litoralsp\/wp-json\/wp\/v2\/types\/post"}],"author":[{"embeddable":true,"href":"https:\/\/redenoticiaz.com.br\/litoralsp\/wp-json\/wp\/v2\/users\/6"}],"replies":[{"embeddable":true,"href":"https:\/\/redenoticiaz.com.br\/litoralsp\/wp-json\/wp\/v2\/comments?post=21461"}],"version-history":[{"count":1,"href":"https:\/\/redenoticiaz.com.br\/litoralsp\/wp-json\/wp\/v2\/posts\/21461\/revisions"}],"predecessor-version":[{"id":21463,"href":"https:\/\/redenoticiaz.com.br\/litoralsp\/wp-json\/wp\/v2\/posts\/21461\/revisions\/21463"}],"wp:featuredmedia":[{"embeddable":true,"href":"https:\/\/redenoticiaz.com.br\/litoralsp\/wp-json\/wp\/v2\/media\/21462"}],"wp:attachment":[{"href":"https:\/\/redenoticiaz.com.br\/litoralsp\/wp-json\/wp\/v2\/media?parent=21461"}],"wp:term":[{"taxonomy":"category","embeddable":true,"href":"https:\/\/redenoticiaz.com.br\/litoralsp\/wp-json\/wp\/v2\/categories?post=21461"},{"taxonomy":"post_tag","embeddable":true,"href":"https:\/\/redenoticiaz.com.br\/litoralsp\/wp-json\/wp\/v2\/tags?post=21461"}],"curies":[{"name":"wp","href":"https:\/\/api.w.org\/{rel}","templated":true}]}}