{"id":21469,"date":"2022-01-13T18:13:11","date_gmt":"2022-01-13T21:13:11","guid":{"rendered":"https:\/\/redenoticiaz.com.br\/litoralsp\/2022\/01\/13\/palmeiras-goleia-o-maua-e-avanca-na-copa-sao-paulo"},"modified":"2022-01-13T18:15:56","modified_gmt":"2022-01-13T21:15:56","slug":"palmeiras-goleia-o-maua-e-avanca-na-copa-sao-paulo","status":"publish","type":"post","link":"https:\/\/redenoticiaz.com.br\/litoralsp\/2022\/01\/13\/palmeiras-goleia-o-maua-e-avanca-na-copa-sao-paulo","title":{"rendered":"Palmeiras goleia o Mau\u00e1 e avan\u00e7a na Copa S\u00e3o Paulo"},"content":{"rendered":"<p>O <strong>Palmeiras<\/strong> segue no embalo e cada vez mais forte para buscar o t\u00e3o sonhado t\u00edtulo da <a href=\"https:\/\/futebolpaulista.com.br\/Home\/\">Copa S\u00e3o Paulo de Futebol J\u00fanior<\/a>. Nesta quinta-feira (13), em Diadema, o Verd\u00e3o n\u00e3o teve dificuldades para golear o <strong>Mau\u00e1<\/strong> e avan\u00e7ou para\u00a0 aterceira fase da Copinha. O pr\u00f3ximo advers\u00e1rio ser\u00e1 o Atl\u00e9tico-GO.<\/p>\n<p>S\u00f3 que o primeiro tempo n\u00e3o come\u00e7ou t\u00e3o f\u00e1cil assim. O Mau\u00e1 for\u00e7ou bem a marca\u00e7\u00e3o e teve duas boas chegadas de perigo. E nelas, o goleiro palmeirense Mateus fez boas defesas. S\u00f3 que com o passar do tempo, o Palmeiras foi se soltando e balan\u00e7ou as redes com Fabinho, que cabeceou ap\u00f3s escanteio cobrado. O Mau\u00e1 n\u00e3o se intimidou e tenou o empate com Beijinho, mas chutou fraco.<\/p>\n<p>No segundo tempo, o Verd\u00e3o voltou melhor e disposto a resolver a parada. O gol veio aos 14 minutos, quando Vanderlan dominou e colocou nos p\u00e9s de Garcia, que invadiu a \u00e1rea e chutou cruzado. O goleiro do Mau\u00e1, Toribes nada p\u00f4de fazer.<\/p>\n<p>Depois disso, o Mau\u00e1 voltou a pressionar e dificultou a partida para o Verd\u00e3o. At\u00e9 os 36 minutos, quando o Mau\u00e1 errou na sa\u00edda de bola, Vitinho roubou, tocou para Giovani que entou na \u00e1rea, chutou forte, o goleiro defendeu, mas deu rebote para o mesmo fazer o terceiro Alviverde. E aos 47 minutos, Kevin bateu lindo de fora da \u00e1rea para fazer o quarto gol e fechar a classifica\u00e7\u00e3o palmeirense.<\/p>\n<p>Em busca de seu primeiro t\u00edtulo na Copinha, o Palmeiras enfrentar\u00e1 o Atl\u00e9tico-GO na terceira fase. O Drag\u00e3o fez 2 a 1 no \u00c1gua Santa, que estava na mesma chave do Verd\u00e3o na primeira fase. Hor\u00e1rio e data ainda n\u00e3o foram anunciados pela Federa\u00e7\u00e3o Paulista.<\/p>\n<p><strong>LEIA TAMB\u00c9M<\/strong><\/p>\n<p><a href=\"https:\/\/redenoticiaz.com.br\/blog\/2022\/01\/13\/com-goleada-por-5x0-corinthians-avanca-na-copinha\">Com goleada por 5\u00d70, Corinthians avan\u00e7a na Copinha<\/a><\/p>\n","protected":false},"excerpt":{"rendered":"<p>O Palmeiras segue no embalo e cada vez mais forte para buscar o t\u00e3o sonhado t\u00edtulo da Copa S\u00e3o Paulo de Futebol J\u00fanior. Nesta quinta-feira (13), em Diadema, o Verd\u00e3o n\u00e3o teve dificuldades para golear o Mau\u00e1 e avan\u00e7ou para\u00a0 aterceira fase da Copinha. O pr\u00f3ximo advers\u00e1rio ser\u00e1 o Atl\u00e9tico-GO. S\u00f3 que o primeiro tempo &hellip;<\/p>\n","protected":false},"author":6,"featured_media":21470,"comment_status":"open","ping_status":"closed","sticky":false,"template":"","format":"standard","meta":{"footnotes":""},"categories":[35],"tags":[45645,46435,47365,1416,22315],"class_list":["post-21469","post","type-post","status-publish","format-standard","has-post-thumbnail","hentry","category-esporte","tag-copa-sao-paulo-de-futebol-junior","tag-diadema","tag-maua","tag-palmeiras","tag-verdao-classificado"],"yoast_head":"<!-- This site is optimized with the Yoast SEO plugin v27.4 - https:\/\/yoast.com\/product\/yoast-seo-wordpress\/ -->\n<title>Palmeiras goleia o Mau\u00e1 e avan\u00e7a na Copa S\u00e3o Paulo - Litoral SP<\/title>\n<meta name=\"description\" content=\"O Palmeiras segue no embalo e cada vez mais forte para buscar o t\u00e3o sonhado t\u00edtulo da Copa S\u00e3o Paulo de Futebol J\u00fanior. Nesta\" \/>\n<meta name=\"robots\" content=\"index, follow, max-snippet:-1, max-image-preview:large, max-video-preview:-1\" \/>\n<link rel=\"canonical\" href=\"https:\/\/redenoticiaz.com.br\/litoralsp\/2022\/01\/13\/palmeiras-goleia-o-maua-e-avanca-na-copa-sao-paulo\" \/>\n<meta property=\"og:locale\" content=\"pt_BR\" \/>\n<meta property=\"og:type\" content=\"article\" \/>\n<meta property=\"og:title\" content=\"Palmeiras goleia o Mau\u00e1 e avan\u00e7a na Copa S\u00e3o Paulo - Litoral SP\" \/>\n<meta property=\"og:description\" content=\"O Palmeiras segue no embalo e cada vez mais forte para buscar o t\u00e3o sonhado t\u00edtulo da Copa S\u00e3o Paulo de Futebol J\u00fanior. Nesta\" \/>\n<meta property=\"og:url\" content=\"https:\/\/redenoticiaz.com.br\/litoralsp\/2022\/01\/13\/palmeiras-goleia-o-maua-e-avanca-na-copa-sao-paulo\" \/>\n<meta property=\"og:site_name\" content=\"Litoral SP\" \/>\n<meta property=\"article:published_time\" content=\"2022-01-13T21:13:11+00:00\" \/>\n<meta property=\"article:modified_time\" content=\"2022-01-13T21:15:56+00:00\" \/>\n<meta property=\"og:image\" content=\"https:\/\/redenoticiaz.com.br\/litoralsp\/wp-content\/uploads\/sites\/3\/2022\/01\/61e0785847916.jpeg\" \/>\n\t<meta property=\"og:image:width\" content=\"846\" \/>\n\t<meta property=\"og:image:height\" content=\"476\" \/>\n\t<meta property=\"og:image:type\" content=\"image\/jpeg\" \/>\n<meta name=\"author\" content=\"Leonardo Francisco\" \/>\n<meta name=\"twitter:card\" content=\"summary_large_image\" \/>\n<meta name=\"twitter:label1\" content=\"Escrito por\" \/>\n\t<meta name=\"twitter:data1\" content=\"Leonardo Francisco\" \/>\n\t<meta name=\"twitter:label2\" content=\"Est. tempo de leitura\" \/>\n\t<meta name=\"twitter:data2\" content=\"2 minutos\" \/>\n<script type=\"application\/ld+json\" class=\"yoast-schema-graph\">{\"@context\":\"https:\\\/\\\/schema.org\",\"@graph\":[{\"@type\":\"Article\",\"@id\":\"https:\\\/\\\/redenoticiaz.com.br\\\/litoralsp\\\/2022\\\/01\\\/13\\\/palmeiras-goleia-o-maua-e-avanca-na-copa-sao-paulo#article\",\"isPartOf\":{\"@id\":\"https:\\\/\\\/redenoticiaz.com.br\\\/litoralsp\\\/2022\\\/01\\\/13\\\/palmeiras-goleia-o-maua-e-avanca-na-copa-sao-paulo\"},\"author\":{\"name\":\"Leonardo Francisco\",\"@id\":\"https:\\\/\\\/redenoticiaz.com.br\\\/litoralsp\\\/#\\\/schema\\\/person\\\/0f0b8a5bdafefe82841e07ae8d81ecb3\"},\"headline\":\"Palmeiras goleia o Mau\u00e1 e avan\u00e7a na Copa S\u00e3o Paulo\",\"datePublished\":\"2022-01-13T21:13:11+00:00\",\"dateModified\":\"2022-01-13T21:15:56+00:00\",\"mainEntityOfPage\":{\"@id\":\"https:\\\/\\\/redenoticiaz.com.br\\\/litoralsp\\\/2022\\\/01\\\/13\\\/palmeiras-goleia-o-maua-e-avanca-na-copa-sao-paulo\"},\"wordCount\":327,\"commentCount\":0,\"publisher\":{\"@id\":\"https:\\\/\\\/redenoticiaz.com.br\\\/litoralsp\\\/#organization\"},\"image\":{\"@id\":\"https:\\\/\\\/redenoticiaz.com.br\\\/litoralsp\\\/2022\\\/01\\\/13\\\/palmeiras-goleia-o-maua-e-avanca-na-copa-sao-paulo#primaryimage\"},\"thumbnailUrl\":\"https:\\\/\\\/redenoticiaz.com.br\\\/litoralsp\\\/wp-content\\\/uploads\\\/sites\\\/3\\\/2022\\\/01\\\/61e0785847916.jpeg\",\"keywords\":[\"COPA S\u00c3O PAULO DE FUTEBOL JUNIOR\",\"DIADEMA\",\"MAU\u00c1\",\"Palmeiras\",\"VERD\u00c3O CLASSIFICADO\"],\"articleSection\":[\"Esporte\"],\"inLanguage\":\"pt-BR\",\"potentialAction\":[{\"@type\":\"CommentAction\",\"name\":\"Comment\",\"target\":[\"https:\\\/\\\/redenoticiaz.com.br\\\/litoralsp\\\/2022\\\/01\\\/13\\\/palmeiras-goleia-o-maua-e-avanca-na-copa-sao-paulo#respond\"]}]},{\"@type\":\"WebPage\",\"@id\":\"https:\\\/\\\/redenoticiaz.com.br\\\/litoralsp\\\/2022\\\/01\\\/13\\\/palmeiras-goleia-o-maua-e-avanca-na-copa-sao-paulo\",\"url\":\"https:\\\/\\\/redenoticiaz.com.br\\\/litoralsp\\\/2022\\\/01\\\/13\\\/palmeiras-goleia-o-maua-e-avanca-na-copa-sao-paulo\",\"name\":\"Palmeiras goleia o Mau\u00e1 e avan\u00e7a na Copa S\u00e3o Paulo - Litoral SP\",\"isPartOf\":{\"@id\":\"https:\\\/\\\/redenoticiaz.com.br\\\/litoralsp\\\/#website\"},\"primaryImageOfPage\":{\"@id\":\"https:\\\/\\\/redenoticiaz.com.br\\\/litoralsp\\\/2022\\\/01\\\/13\\\/palmeiras-goleia-o-maua-e-avanca-na-copa-sao-paulo#primaryimage\"},\"image\":{\"@id\":\"https:\\\/\\\/redenoticiaz.com.br\\\/litoralsp\\\/2022\\\/01\\\/13\\\/palmeiras-goleia-o-maua-e-avanca-na-copa-sao-paulo#primaryimage\"},\"thumbnailUrl\":\"https:\\\/\\\/redenoticiaz.com.br\\\/litoralsp\\\/wp-content\\\/uploads\\\/sites\\\/3\\\/2022\\\/01\\\/61e0785847916.jpeg\",\"datePublished\":\"2022-01-13T21:13:11+00:00\",\"dateModified\":\"2022-01-13T21:15:56+00:00\",\"description\":\"O Palmeiras segue no embalo e cada vez mais forte para buscar o t\u00e3o sonhado t\u00edtulo da Copa S\u00e3o Paulo de Futebol J\u00fanior. Nesta\",\"inLanguage\":\"pt-BR\",\"potentialAction\":[{\"@type\":\"ReadAction\",\"target\":[\"https:\\\/\\\/redenoticiaz.com.br\\\/litoralsp\\\/2022\\\/01\\\/13\\\/palmeiras-goleia-o-maua-e-avanca-na-copa-sao-paulo\"]}]},{\"@type\":\"ImageObject\",\"inLanguage\":\"pt-BR\",\"@id\":\"https:\\\/\\\/redenoticiaz.com.br\\\/litoralsp\\\/2022\\\/01\\\/13\\\/palmeiras-goleia-o-maua-e-avanca-na-copa-sao-paulo#primaryimage\",\"url\":\"https:\\\/\\\/redenoticiaz.com.br\\\/litoralsp\\\/wp-content\\\/uploads\\\/sites\\\/3\\\/2022\\\/01\\\/61e0785847916.jpeg\",\"contentUrl\":\"https:\\\/\\\/redenoticiaz.com.br\\\/litoralsp\\\/wp-content\\\/uploads\\\/sites\\\/3\\\/2022\\\/01\\\/61e0785847916.jpeg\",\"width\":846,\"height\":476,\"caption\":\"Sem o atacante Endrick, Verd\u00e3o teve momentos de apuros, mas aplicou 4 a 0. Cr\u00e9ditos: Reprodu\u00e7\u00e3o.\"},{\"@type\":\"WebSite\",\"@id\":\"https:\\\/\\\/redenoticiaz.com.br\\\/litoralsp\\\/#website\",\"url\":\"https:\\\/\\\/redenoticiaz.com.br\\\/litoralsp\\\/\",\"name\":\"Litoral SP\",\"description\":\"Rede NoticiaZ\",\"publisher\":{\"@id\":\"https:\\\/\\\/redenoticiaz.com.br\\\/litoralsp\\\/#organization\"},\"potentialAction\":[{\"@type\":\"SearchAction\",\"target\":{\"@type\":\"EntryPoint\",\"urlTemplate\":\"https:\\\/\\\/redenoticiaz.com.br\\\/litoralsp\\\/?s={search_term_string}\"},\"query-input\":{\"@type\":\"PropertyValueSpecification\",\"valueRequired\":true,\"valueName\":\"search_term_string\"}}],\"inLanguage\":\"pt-BR\"},{\"@type\":\"Organization\",\"@id\":\"https:\\\/\\\/redenoticiaz.com.br\\\/litoralsp\\\/#organization\",\"name\":\"Litoral SP\",\"url\":\"https:\\\/\\\/redenoticiaz.com.br\\\/litoralsp\\\/\",\"logo\":{\"@type\":\"ImageObject\",\"inLanguage\":\"pt-BR\",\"@id\":\"https:\\\/\\\/redenoticiaz.com.br\\\/litoralsp\\\/#\\\/schema\\\/logo\\\/image\\\/\",\"url\":\"https:\\\/\\\/redenoticiaz.com.br\\\/litoralsp\\\/wp-content\\\/uploads\\\/sites\\\/3\\\/2020\\\/11\\\/logo.jpg\",\"contentUrl\":\"https:\\\/\\\/redenoticiaz.com.br\\\/litoralsp\\\/wp-content\\\/uploads\\\/sites\\\/3\\\/2020\\\/11\\\/logo.jpg\",\"width\":400,\"height\":250,\"caption\":\"Litoral SP\"},\"image\":{\"@id\":\"https:\\\/\\\/redenoticiaz.com.br\\\/litoralsp\\\/#\\\/schema\\\/logo\\\/image\\\/\"}},{\"@type\":\"Person\",\"@id\":\"https:\\\/\\\/redenoticiaz.com.br\\\/litoralsp\\\/#\\\/schema\\\/person\\\/0f0b8a5bdafefe82841e07ae8d81ecb3\",\"name\":\"Leonardo Francisco\",\"image\":{\"@type\":\"ImageObject\",\"inLanguage\":\"pt-BR\",\"@id\":\"https:\\\/\\\/secure.gravatar.com\\\/avatar\\\/a7358cb406a99b682ec6df1e77e31ae82e63601f6784e8a3df411d72b37864da?s=96&d=mm&r=g\",\"url\":\"https:\\\/\\\/secure.gravatar.com\\\/avatar\\\/a7358cb406a99b682ec6df1e77e31ae82e63601f6784e8a3df411d72b37864da?s=96&d=mm&r=g\",\"contentUrl\":\"https:\\\/\\\/secure.gravatar.com\\\/avatar\\\/a7358cb406a99b682ec6df1e77e31ae82e63601f6784e8a3df411d72b37864da?s=96&d=mm&r=g\",\"caption\":\"Leonardo Francisco\"},\"url\":\"https:\\\/\\\/redenoticiaz.com.br\\\/litoralsp\\\/author\\\/leonardo-francisco\"}]}<\/script>\n<!-- \/ Yoast SEO plugin. -->","yoast_head_json":{"title":"Palmeiras goleia o Mau\u00e1 e avan\u00e7a na Copa S\u00e3o Paulo - Litoral SP","description":"O Palmeiras segue no embalo e cada vez mais forte para buscar o t\u00e3o sonhado t\u00edtulo da Copa S\u00e3o Paulo de Futebol J\u00fanior. Nesta","robots":{"index":"index","follow":"follow","max-snippet":"max-snippet:-1","max-image-preview":"max-image-preview:large","max-video-preview":"max-video-preview:-1"},"canonical":"https:\/\/redenoticiaz.com.br\/litoralsp\/2022\/01\/13\/palmeiras-goleia-o-maua-e-avanca-na-copa-sao-paulo","og_locale":"pt_BR","og_type":"article","og_title":"Palmeiras goleia o Mau\u00e1 e avan\u00e7a na Copa S\u00e3o Paulo - Litoral SP","og_description":"O Palmeiras segue no embalo e cada vez mais forte para buscar o t\u00e3o sonhado t\u00edtulo da Copa S\u00e3o Paulo de Futebol J\u00fanior. Nesta","og_url":"https:\/\/redenoticiaz.com.br\/litoralsp\/2022\/01\/13\/palmeiras-goleia-o-maua-e-avanca-na-copa-sao-paulo","og_site_name":"Litoral SP","article_published_time":"2022-01-13T21:13:11+00:00","article_modified_time":"2022-01-13T21:15:56+00:00","og_image":[{"width":846,"height":476,"url":"https:\/\/redenoticiaz.com.br\/litoralsp\/wp-content\/uploads\/sites\/3\/2022\/01\/61e0785847916.jpeg","type":"image\/jpeg"}],"author":"Leonardo Francisco","twitter_card":"summary_large_image","twitter_misc":{"Escrito por":"Leonardo Francisco","Est. tempo de leitura":"2 minutos"},"schema":{"@context":"https:\/\/schema.org","@graph":[{"@type":"Article","@id":"https:\/\/redenoticiaz.com.br\/litoralsp\/2022\/01\/13\/palmeiras-goleia-o-maua-e-avanca-na-copa-sao-paulo#article","isPartOf":{"@id":"https:\/\/redenoticiaz.com.br\/litoralsp\/2022\/01\/13\/palmeiras-goleia-o-maua-e-avanca-na-copa-sao-paulo"},"author":{"name":"Leonardo Francisco","@id":"https:\/\/redenoticiaz.com.br\/litoralsp\/#\/schema\/person\/0f0b8a5bdafefe82841e07ae8d81ecb3"},"headline":"Palmeiras goleia o Mau\u00e1 e avan\u00e7a na Copa S\u00e3o Paulo","datePublished":"2022-01-13T21:13:11+00:00","dateModified":"2022-01-13T21:15:56+00:00","mainEntityOfPage":{"@id":"https:\/\/redenoticiaz.com.br\/litoralsp\/2022\/01\/13\/palmeiras-goleia-o-maua-e-avanca-na-copa-sao-paulo"},"wordCount":327,"commentCount":0,"publisher":{"@id":"https:\/\/redenoticiaz.com.br\/litoralsp\/#organization"},"image":{"@id":"https:\/\/redenoticiaz.com.br\/litoralsp\/2022\/01\/13\/palmeiras-goleia-o-maua-e-avanca-na-copa-sao-paulo#primaryimage"},"thumbnailUrl":"https:\/\/redenoticiaz.com.br\/litoralsp\/wp-content\/uploads\/sites\/3\/2022\/01\/61e0785847916.jpeg","keywords":["COPA S\u00c3O PAULO DE FUTEBOL JUNIOR","DIADEMA","MAU\u00c1","Palmeiras","VERD\u00c3O CLASSIFICADO"],"articleSection":["Esporte"],"inLanguage":"pt-BR","potentialAction":[{"@type":"CommentAction","name":"Comment","target":["https:\/\/redenoticiaz.com.br\/litoralsp\/2022\/01\/13\/palmeiras-goleia-o-maua-e-avanca-na-copa-sao-paulo#respond"]}]},{"@type":"WebPage","@id":"https:\/\/redenoticiaz.com.br\/litoralsp\/2022\/01\/13\/palmeiras-goleia-o-maua-e-avanca-na-copa-sao-paulo","url":"https:\/\/redenoticiaz.com.br\/litoralsp\/2022\/01\/13\/palmeiras-goleia-o-maua-e-avanca-na-copa-sao-paulo","name":"Palmeiras goleia o Mau\u00e1 e avan\u00e7a na Copa S\u00e3o Paulo - Litoral SP","isPartOf":{"@id":"https:\/\/redenoticiaz.com.br\/litoralsp\/#website"},"primaryImageOfPage":{"@id":"https:\/\/redenoticiaz.com.br\/litoralsp\/2022\/01\/13\/palmeiras-goleia-o-maua-e-avanca-na-copa-sao-paulo#primaryimage"},"image":{"@id":"https:\/\/redenoticiaz.com.br\/litoralsp\/2022\/01\/13\/palmeiras-goleia-o-maua-e-avanca-na-copa-sao-paulo#primaryimage"},"thumbnailUrl":"https:\/\/redenoticiaz.com.br\/litoralsp\/wp-content\/uploads\/sites\/3\/2022\/01\/61e0785847916.jpeg","datePublished":"2022-01-13T21:13:11+00:00","dateModified":"2022-01-13T21:15:56+00:00","description":"O Palmeiras segue no embalo e cada vez mais forte para buscar o t\u00e3o sonhado t\u00edtulo da Copa S\u00e3o Paulo de Futebol J\u00fanior. Nesta","inLanguage":"pt-BR","potentialAction":[{"@type":"ReadAction","target":["https:\/\/redenoticiaz.com.br\/litoralsp\/2022\/01\/13\/palmeiras-goleia-o-maua-e-avanca-na-copa-sao-paulo"]}]},{"@type":"ImageObject","inLanguage":"pt-BR","@id":"https:\/\/redenoticiaz.com.br\/litoralsp\/2022\/01\/13\/palmeiras-goleia-o-maua-e-avanca-na-copa-sao-paulo#primaryimage","url":"https:\/\/redenoticiaz.com.br\/litoralsp\/wp-content\/uploads\/sites\/3\/2022\/01\/61e0785847916.jpeg","contentUrl":"https:\/\/redenoticiaz.com.br\/litoralsp\/wp-content\/uploads\/sites\/3\/2022\/01\/61e0785847916.jpeg","width":846,"height":476,"caption":"Sem o atacante Endrick, Verd\u00e3o teve momentos de apuros, mas aplicou 4 a 0. Cr\u00e9ditos: Reprodu\u00e7\u00e3o."},{"@type":"WebSite","@id":"https:\/\/redenoticiaz.com.br\/litoralsp\/#website","url":"https:\/\/redenoticiaz.com.br\/litoralsp\/","name":"Litoral SP","description":"Rede NoticiaZ","publisher":{"@id":"https:\/\/redenoticiaz.com.br\/litoralsp\/#organization"},"potentialAction":[{"@type":"SearchAction","target":{"@type":"EntryPoint","urlTemplate":"https:\/\/redenoticiaz.com.br\/litoralsp\/?s={search_term_string}"},"query-input":{"@type":"PropertyValueSpecification","valueRequired":true,"valueName":"search_term_string"}}],"inLanguage":"pt-BR"},{"@type":"Organization","@id":"https:\/\/redenoticiaz.com.br\/litoralsp\/#organization","name":"Litoral SP","url":"https:\/\/redenoticiaz.com.br\/litoralsp\/","logo":{"@type":"ImageObject","inLanguage":"pt-BR","@id":"https:\/\/redenoticiaz.com.br\/litoralsp\/#\/schema\/logo\/image\/","url":"https:\/\/redenoticiaz.com.br\/litoralsp\/wp-content\/uploads\/sites\/3\/2020\/11\/logo.jpg","contentUrl":"https:\/\/redenoticiaz.com.br\/litoralsp\/wp-content\/uploads\/sites\/3\/2020\/11\/logo.jpg","width":400,"height":250,"caption":"Litoral SP"},"image":{"@id":"https:\/\/redenoticiaz.com.br\/litoralsp\/#\/schema\/logo\/image\/"}},{"@type":"Person","@id":"https:\/\/redenoticiaz.com.br\/litoralsp\/#\/schema\/person\/0f0b8a5bdafefe82841e07ae8d81ecb3","name":"Leonardo Francisco","image":{"@type":"ImageObject","inLanguage":"pt-BR","@id":"https:\/\/secure.gravatar.com\/avatar\/a7358cb406a99b682ec6df1e77e31ae82e63601f6784e8a3df411d72b37864da?s=96&d=mm&r=g","url":"https:\/\/secure.gravatar.com\/avatar\/a7358cb406a99b682ec6df1e77e31ae82e63601f6784e8a3df411d72b37864da?s=96&d=mm&r=g","contentUrl":"https:\/\/secure.gravatar.com\/avatar\/a7358cb406a99b682ec6df1e77e31ae82e63601f6784e8a3df411d72b37864da?s=96&d=mm&r=g","caption":"Leonardo Francisco"},"url":"https:\/\/redenoticiaz.com.br\/litoralsp\/author\/leonardo-francisco"}]}},"_links":{"self":[{"href":"https:\/\/redenoticiaz.com.br\/litoralsp\/wp-json\/wp\/v2\/posts\/21469","targetHints":{"allow":["GET"]}}],"collection":[{"href":"https:\/\/redenoticiaz.com.br\/litoralsp\/wp-json\/wp\/v2\/posts"}],"about":[{"href":"https:\/\/redenoticiaz.com.br\/litoralsp\/wp-json\/wp\/v2\/types\/post"}],"author":[{"embeddable":true,"href":"https:\/\/redenoticiaz.com.br\/litoralsp\/wp-json\/wp\/v2\/users\/6"}],"replies":[{"embeddable":true,"href":"https:\/\/redenoticiaz.com.br\/litoralsp\/wp-json\/wp\/v2\/comments?post=21469"}],"version-history":[{"count":1,"href":"https:\/\/redenoticiaz.com.br\/litoralsp\/wp-json\/wp\/v2\/posts\/21469\/revisions"}],"predecessor-version":[{"id":21471,"href":"https:\/\/redenoticiaz.com.br\/litoralsp\/wp-json\/wp\/v2\/posts\/21469\/revisions\/21471"}],"wp:featuredmedia":[{"embeddable":true,"href":"https:\/\/redenoticiaz.com.br\/litoralsp\/wp-json\/wp\/v2\/media\/21470"}],"wp:attachment":[{"href":"https:\/\/redenoticiaz.com.br\/litoralsp\/wp-json\/wp\/v2\/media?parent=21469"}],"wp:term":[{"taxonomy":"category","embeddable":true,"href":"https:\/\/redenoticiaz.com.br\/litoralsp\/wp-json\/wp\/v2\/categories?post=21469"},{"taxonomy":"post_tag","embeddable":true,"href":"https:\/\/redenoticiaz.com.br\/litoralsp\/wp-json\/wp\/v2\/tags?post=21469"}],"curies":[{"name":"wp","href":"https:\/\/api.w.org\/{rel}","templated":true}]}}