{"id":21472,"date":"2022-01-13T18:24:50","date_gmt":"2022-01-13T21:24:50","guid":{"rendered":"https:\/\/redenoticiaz.com.br\/litoralsp\/2022\/01\/13\/salvador-da-o-pontape-no-brasil-para-vacinar-criancas-contra-a-covid-19"},"modified":"2022-01-13T18:27:16","modified_gmt":"2022-01-13T21:27:16","slug":"salvador-da-o-pontape-no-brasil-para-vacinar-criancas-contra-a-covid-19","status":"publish","type":"post","link":"https:\/\/redenoticiaz.com.br\/litoralsp\/2022\/01\/13\/salvador-da-o-pontape-no-brasil-para-vacinar-criancas-contra-a-covid-19","title":{"rendered":"Salvador d\u00e1 o pontap\u00e9 no Brasil para vacinar crian\u00e7as contra a Covid-19"},"content":{"rendered":"<p>A <strong>vacina\u00e7\u00e3o contra a Covid-19 em crian\u00e7as<\/strong> de 5 a 11 anos vai come\u00e7ar j\u00e1 nesta sexta-feira (14) no Brasil. Ela ir\u00e1 ocorrer primeiro em Salvador, Capital da Bahia e de acordo com o prefeito Bruno Reis, 16 mil doses ir\u00e3o chegar na sexta.<\/p>\n<p>Em entrevista ao Bahia Meio Dia, da TV Bahia, afiliada da Rede Globo, o chefe do executivo confirmou a informa\u00e7\u00e3o. &#8220;A previs\u00e3o \u00e9 amanh\u00e3 [sexta] \u00e0 tarde iniciar a vacina\u00e7\u00e3o pelas organiza\u00e7\u00f5es sociais que trabalham com crian\u00e7as com defici\u00eancia e no s\u00e1bado (15) vamos abrir para todas as crian\u00e7as com 11 anos. Infelizmente s\u00f3 est\u00e3o chegando 16 mil doses e temos um universo de poucos mais de 20 mil crian\u00e7as com 11 anos em\u00a0Salvador&#8221;, detalhou.<\/p>\n<p>Ainda segundo o prefeito de Salvador, com a chegada de novas doses, as crian\u00e7as menores ser\u00e3o vacinadas, seguindo estrat\u00e9gia semelhante a que foi adotada desde a chegada das vacinas em 2021, quando os idosos foram imunizados e, em seguida, as pessoas com idade menor.<\/p>\n<h3>Autoriza\u00e7\u00e3o dos pais<\/h3>\n<div class=\"mc-column content-text active-extra-styles \" data-block-type=\"unstyled\" data-block-weight=\"14\" data-block-id=\"8\">\n<p class=\"content-text__container \" data-track-category=\"Link no Texto\" data-track-links=\"\">Ser\u00e1 necess\u00e1rio, por decis\u00e3o do Minist\u00e9rio da Sa\u00fade, uma autoriza\u00e7\u00e3o expressa dos respons\u00e1veis. &#8220;Foi uma orienta\u00e7\u00e3o do Minist\u00e9rio. Essa orienta\u00e7\u00e3o est\u00e1 dispon\u00edvel quando se faz o recadastramento e pode ser preenchida de pr\u00f3prio punho. Infelizmente \u00e9 uma exig\u00eancia a mais que acaba impactando nas filas&#8221;, disse Bruno Reis.<\/p>\n<div class=\"mc-column content-text active-extra-styles \" data-block-type=\"unstyled\" data-block-weight=\"19\" data-block-id=\"12\">\n<p class=\"content-text__container \" data-track-category=\"Link no Texto\" data-track-links=\"\">O prefeito destacou que, para acelerar o processo, a autoriza\u00e7\u00e3o deve ser levada j\u00e1 preenchida pelo respons\u00e1vel legal.<\/p>\n<\/div>\n<div class=\"mc-column content-text active-extra-styles \" data-block-type=\"unstyled\" data-block-weight=\"60\" data-block-id=\"13\">\n<p class=\"content-text__container \" data-track-category=\"Link no Texto\" data-track-links=\"\">&#8220;S\u00f3 um respons\u00e1vel legal precisa assinar. \u00c9 uma exig\u00eancia que vamos cumprir, mas nosso objetivo \u00e9 facilitar. Caso a crian\u00e7a v\u00e1 com algum parente \u00e9 importante levar essa declara\u00e7\u00e3o que pode ser do [pr\u00f3prio] punho do pai (ou respons\u00e1vel).\u00a0<a href=\"http:\/\/www.saude.salvador.ba.gov.br\/wp-content\/uploads\/2022\/01\/termo-autorizacao-criancas-vacinacao-covid.pdf\" target=\"_blank\" rel=\"noopener noreferrer\">H\u00e1 declara\u00e7\u00f5es dispon\u00edveis nas nossas redes<\/a>, a pessoa pode imprimir e s\u00f3 assinar&#8221; [<a href=\"http:\/\/www.saude.salvador.ba.gov.br\/wp-content\/uploads\/2022\/01\/termo-autorizacao-criancas-vacinacao-covid.pdf\" target=\"_blank\" rel=\"noopener noreferrer\"><strong><em>Clique aqui e acesse um modelo de declara\u00e7\u00e3o<\/em><\/strong><\/a>]\n<p data-track-category=\"Link no Texto\" data-track-links=\"\">Ap\u00f3s a chegada das doses na Bahia, prevista para acontecer \u00e0 1h40 desta sexta-feira, a Secretaria Estadual de Sa\u00fade deve iniciar a distribui\u00e7\u00e3o das doses. O cronograma de aplica\u00e7\u00e3o deve ser divulgado pelas prefeituras.<\/p>\n<p data-track-category=\"Link no Texto\" data-track-links=\"\"><strong>LEIA TAMB\u00c9M<\/strong><\/p>\n<p data-track-category=\"Link no Texto\" data-track-links=\"\"><a href=\"https:\/\/redenoticiaz.com.br\/blog\/2022\/01\/13\/brasil-recebe-o-primeiro-lote-de-vacinas-contra-a-covid-19-para-criancas\">Brasil recebe o primeiro lote de vacinas contra a Covid-19 para crian\u00e7as<\/a><\/p>\n<\/div>\n<\/div>\n","protected":false},"excerpt":{"rendered":"<p>A vacina\u00e7\u00e3o contra a Covid-19 em crian\u00e7as de 5 a 11 anos vai come\u00e7ar j\u00e1 nesta sexta-feira (14) no Brasil. Ela ir\u00e1 ocorrer primeiro em Salvador, Capital da Bahia e de acordo com o prefeito Bruno Reis, 16 mil doses ir\u00e3o chegar na sexta. Em entrevista ao Bahia Meio Dia, da TV Bahia, afiliada da &hellip;<\/p>\n","protected":false},"author":6,"featured_media":21473,"comment_status":"open","ping_status":"closed","sticky":false,"template":"","format":"standard","meta":{"footnotes":""},"categories":[23],"tags":[4421,47366,1249,4428,37290,37358],"class_list":["post-21472","post","type-post","status-publish","format-standard","has-post-thumbnail","hentry","category-saude","tag-bahia","tag-criancas-com-deficiencia","tag-pfizer","tag-salvador","tag-vacina-em-criancas","tag-vacinacao-contra-a-covid"],"yoast_head":"<!-- This site is optimized with the Yoast SEO plugin v27.4 - https:\/\/yoast.com\/product\/yoast-seo-wordpress\/ -->\n<title>Salvador d\u00e1 o pontap\u00e9 no Brasil para vacinar crian\u00e7as contra a Covid-19 - Litoral SP<\/title>\n<meta name=\"description\" content=\"A vacina\u00e7\u00e3o contra a Covid-19 em crian\u00e7as de 5 a 11 anos vai come\u00e7ar j\u00e1 nesta sexta-feira (14) no Brasil. Ela ir\u00e1 ocorrer primeiro em Salvador\" \/>\n<meta name=\"robots\" content=\"index, follow, max-snippet:-1, max-image-preview:large, max-video-preview:-1\" \/>\n<link rel=\"canonical\" href=\"https:\/\/redenoticiaz.com.br\/litoralsp\/2022\/01\/13\/salvador-da-o-pontape-no-brasil-para-vacinar-criancas-contra-a-covid-19\" \/>\n<meta property=\"og:locale\" content=\"pt_BR\" \/>\n<meta property=\"og:type\" content=\"article\" \/>\n<meta property=\"og:title\" content=\"Salvador d\u00e1 o pontap\u00e9 no Brasil para vacinar crian\u00e7as contra a Covid-19 - Litoral SP\" \/>\n<meta property=\"og:description\" content=\"A vacina\u00e7\u00e3o contra a Covid-19 em crian\u00e7as de 5 a 11 anos vai come\u00e7ar j\u00e1 nesta sexta-feira (14) no Brasil. Ela ir\u00e1 ocorrer primeiro em Salvador\" \/>\n<meta property=\"og:url\" content=\"https:\/\/redenoticiaz.com.br\/litoralsp\/2022\/01\/13\/salvador-da-o-pontape-no-brasil-para-vacinar-criancas-contra-a-covid-19\" \/>\n<meta property=\"og:site_name\" content=\"Litoral SP\" \/>\n<meta property=\"article:published_time\" content=\"2022-01-13T21:24:50+00:00\" \/>\n<meta property=\"article:modified_time\" content=\"2022-01-13T21:27:16+00:00\" \/>\n<meta property=\"og:image\" content=\"https:\/\/redenoticiaz.com.br\/litoralsp\/wp-content\/uploads\/sites\/3\/2022\/01\/000-9um6vz.jpg\" \/>\n\t<meta property=\"og:image:width\" content=\"984\" \/>\n\t<meta property=\"og:image:height\" content=\"623\" \/>\n\t<meta property=\"og:image:type\" content=\"image\/jpeg\" \/>\n<meta name=\"author\" content=\"Leonardo Francisco\" \/>\n<meta name=\"twitter:card\" content=\"summary_large_image\" \/>\n<meta name=\"twitter:label1\" content=\"Escrito por\" \/>\n\t<meta name=\"twitter:data1\" content=\"Leonardo Francisco\" \/>\n\t<meta name=\"twitter:label2\" content=\"Est. tempo de leitura\" \/>\n\t<meta name=\"twitter:data2\" content=\"2 minutos\" \/>\n<script type=\"application\/ld+json\" class=\"yoast-schema-graph\">{\"@context\":\"https:\\\/\\\/schema.org\",\"@graph\":[{\"@type\":\"Article\",\"@id\":\"https:\\\/\\\/redenoticiaz.com.br\\\/litoralsp\\\/2022\\\/01\\\/13\\\/salvador-da-o-pontape-no-brasil-para-vacinar-criancas-contra-a-covid-19#article\",\"isPartOf\":{\"@id\":\"https:\\\/\\\/redenoticiaz.com.br\\\/litoralsp\\\/2022\\\/01\\\/13\\\/salvador-da-o-pontape-no-brasil-para-vacinar-criancas-contra-a-covid-19\"},\"author\":{\"name\":\"Leonardo Francisco\",\"@id\":\"https:\\\/\\\/redenoticiaz.com.br\\\/litoralsp\\\/#\\\/schema\\\/person\\\/0f0b8a5bdafefe82841e07ae8d81ecb3\"},\"headline\":\"Salvador d\u00e1 o pontap\u00e9 no Brasil para vacinar crian\u00e7as contra a Covid-19\",\"datePublished\":\"2022-01-13T21:24:50+00:00\",\"dateModified\":\"2022-01-13T21:27:16+00:00\",\"mainEntityOfPage\":{\"@id\":\"https:\\\/\\\/redenoticiaz.com.br\\\/litoralsp\\\/2022\\\/01\\\/13\\\/salvador-da-o-pontape-no-brasil-para-vacinar-criancas-contra-a-covid-19\"},\"wordCount\":384,\"commentCount\":0,\"publisher\":{\"@id\":\"https:\\\/\\\/redenoticiaz.com.br\\\/litoralsp\\\/#organization\"},\"image\":{\"@id\":\"https:\\\/\\\/redenoticiaz.com.br\\\/litoralsp\\\/2022\\\/01\\\/13\\\/salvador-da-o-pontape-no-brasil-para-vacinar-criancas-contra-a-covid-19#primaryimage\"},\"thumbnailUrl\":\"https:\\\/\\\/redenoticiaz.com.br\\\/litoralsp\\\/wp-content\\\/uploads\\\/sites\\\/3\\\/2022\\\/01\\\/000-9um6vz.jpg\",\"keywords\":[\"BAHIA\",\"CRIAN\u00c7AS COM DEFICI\u00caNCIA\",\"Pfizer\",\"SALVADOR\",\"VACINA EM CRIAN\u00c7AS\",\"VACINA\u00c7\u00c3O CONTRA A COVID\"],\"articleSection\":[\"Sa\u00fade\"],\"inLanguage\":\"pt-BR\",\"potentialAction\":[{\"@type\":\"CommentAction\",\"name\":\"Comment\",\"target\":[\"https:\\\/\\\/redenoticiaz.com.br\\\/litoralsp\\\/2022\\\/01\\\/13\\\/salvador-da-o-pontape-no-brasil-para-vacinar-criancas-contra-a-covid-19#respond\"]}]},{\"@type\":\"WebPage\",\"@id\":\"https:\\\/\\\/redenoticiaz.com.br\\\/litoralsp\\\/2022\\\/01\\\/13\\\/salvador-da-o-pontape-no-brasil-para-vacinar-criancas-contra-a-covid-19\",\"url\":\"https:\\\/\\\/redenoticiaz.com.br\\\/litoralsp\\\/2022\\\/01\\\/13\\\/salvador-da-o-pontape-no-brasil-para-vacinar-criancas-contra-a-covid-19\",\"name\":\"Salvador d\u00e1 o pontap\u00e9 no Brasil para vacinar crian\u00e7as contra a Covid-19 - Litoral SP\",\"isPartOf\":{\"@id\":\"https:\\\/\\\/redenoticiaz.com.br\\\/litoralsp\\\/#website\"},\"primaryImageOfPage\":{\"@id\":\"https:\\\/\\\/redenoticiaz.com.br\\\/litoralsp\\\/2022\\\/01\\\/13\\\/salvador-da-o-pontape-no-brasil-para-vacinar-criancas-contra-a-covid-19#primaryimage\"},\"image\":{\"@id\":\"https:\\\/\\\/redenoticiaz.com.br\\\/litoralsp\\\/2022\\\/01\\\/13\\\/salvador-da-o-pontape-no-brasil-para-vacinar-criancas-contra-a-covid-19#primaryimage\"},\"thumbnailUrl\":\"https:\\\/\\\/redenoticiaz.com.br\\\/litoralsp\\\/wp-content\\\/uploads\\\/sites\\\/3\\\/2022\\\/01\\\/000-9um6vz.jpg\",\"datePublished\":\"2022-01-13T21:24:50+00:00\",\"dateModified\":\"2022-01-13T21:27:16+00:00\",\"description\":\"A vacina\u00e7\u00e3o contra a Covid-19 em crian\u00e7as de 5 a 11 anos vai come\u00e7ar j\u00e1 nesta sexta-feira (14) no Brasil. Ela ir\u00e1 ocorrer primeiro em Salvador\",\"inLanguage\":\"pt-BR\",\"potentialAction\":[{\"@type\":\"ReadAction\",\"target\":[\"https:\\\/\\\/redenoticiaz.com.br\\\/litoralsp\\\/2022\\\/01\\\/13\\\/salvador-da-o-pontape-no-brasil-para-vacinar-criancas-contra-a-covid-19\"]}]},{\"@type\":\"ImageObject\",\"inLanguage\":\"pt-BR\",\"@id\":\"https:\\\/\\\/redenoticiaz.com.br\\\/litoralsp\\\/2022\\\/01\\\/13\\\/salvador-da-o-pontape-no-brasil-para-vacinar-criancas-contra-a-covid-19#primaryimage\",\"url\":\"https:\\\/\\\/redenoticiaz.com.br\\\/litoralsp\\\/wp-content\\\/uploads\\\/sites\\\/3\\\/2022\\\/01\\\/000-9um6vz.jpg\",\"contentUrl\":\"https:\\\/\\\/redenoticiaz.com.br\\\/litoralsp\\\/wp-content\\\/uploads\\\/sites\\\/3\\\/2022\\\/01\\\/000-9um6vz.jpg\",\"width\":984,\"height\":623,\"caption\":\"O frasco laranja \u00e9 para as crian\u00e7as, enquanto o roxo s\u00e3o para os adolescentes e adultos. Cr\u00e9ditos: AFP.\"},{\"@type\":\"WebSite\",\"@id\":\"https:\\\/\\\/redenoticiaz.com.br\\\/litoralsp\\\/#website\",\"url\":\"https:\\\/\\\/redenoticiaz.com.br\\\/litoralsp\\\/\",\"name\":\"Litoral SP\",\"description\":\"Rede NoticiaZ\",\"publisher\":{\"@id\":\"https:\\\/\\\/redenoticiaz.com.br\\\/litoralsp\\\/#organization\"},\"potentialAction\":[{\"@type\":\"SearchAction\",\"target\":{\"@type\":\"EntryPoint\",\"urlTemplate\":\"https:\\\/\\\/redenoticiaz.com.br\\\/litoralsp\\\/?s={search_term_string}\"},\"query-input\":{\"@type\":\"PropertyValueSpecification\",\"valueRequired\":true,\"valueName\":\"search_term_string\"}}],\"inLanguage\":\"pt-BR\"},{\"@type\":\"Organization\",\"@id\":\"https:\\\/\\\/redenoticiaz.com.br\\\/litoralsp\\\/#organization\",\"name\":\"Litoral SP\",\"url\":\"https:\\\/\\\/redenoticiaz.com.br\\\/litoralsp\\\/\",\"logo\":{\"@type\":\"ImageObject\",\"inLanguage\":\"pt-BR\",\"@id\":\"https:\\\/\\\/redenoticiaz.com.br\\\/litoralsp\\\/#\\\/schema\\\/logo\\\/image\\\/\",\"url\":\"https:\\\/\\\/redenoticiaz.com.br\\\/litoralsp\\\/wp-content\\\/uploads\\\/sites\\\/3\\\/2020\\\/11\\\/logo.jpg\",\"contentUrl\":\"https:\\\/\\\/redenoticiaz.com.br\\\/litoralsp\\\/wp-content\\\/uploads\\\/sites\\\/3\\\/2020\\\/11\\\/logo.jpg\",\"width\":400,\"height\":250,\"caption\":\"Litoral SP\"},\"image\":{\"@id\":\"https:\\\/\\\/redenoticiaz.com.br\\\/litoralsp\\\/#\\\/schema\\\/logo\\\/image\\\/\"}},{\"@type\":\"Person\",\"@id\":\"https:\\\/\\\/redenoticiaz.com.br\\\/litoralsp\\\/#\\\/schema\\\/person\\\/0f0b8a5bdafefe82841e07ae8d81ecb3\",\"name\":\"Leonardo Francisco\",\"image\":{\"@type\":\"ImageObject\",\"inLanguage\":\"pt-BR\",\"@id\":\"https:\\\/\\\/secure.gravatar.com\\\/avatar\\\/a7358cb406a99b682ec6df1e77e31ae82e63601f6784e8a3df411d72b37864da?s=96&d=mm&r=g\",\"url\":\"https:\\\/\\\/secure.gravatar.com\\\/avatar\\\/a7358cb406a99b682ec6df1e77e31ae82e63601f6784e8a3df411d72b37864da?s=96&d=mm&r=g\",\"contentUrl\":\"https:\\\/\\\/secure.gravatar.com\\\/avatar\\\/a7358cb406a99b682ec6df1e77e31ae82e63601f6784e8a3df411d72b37864da?s=96&d=mm&r=g\",\"caption\":\"Leonardo Francisco\"},\"url\":\"https:\\\/\\\/redenoticiaz.com.br\\\/litoralsp\\\/author\\\/leonardo-francisco\"}]}<\/script>\n<!-- \/ Yoast SEO plugin. -->","yoast_head_json":{"title":"Salvador d\u00e1 o pontap\u00e9 no Brasil para vacinar crian\u00e7as contra a Covid-19 - Litoral SP","description":"A vacina\u00e7\u00e3o contra a Covid-19 em crian\u00e7as de 5 a 11 anos vai come\u00e7ar j\u00e1 nesta sexta-feira (14) no Brasil. Ela ir\u00e1 ocorrer primeiro em Salvador","robots":{"index":"index","follow":"follow","max-snippet":"max-snippet:-1","max-image-preview":"max-image-preview:large","max-video-preview":"max-video-preview:-1"},"canonical":"https:\/\/redenoticiaz.com.br\/litoralsp\/2022\/01\/13\/salvador-da-o-pontape-no-brasil-para-vacinar-criancas-contra-a-covid-19","og_locale":"pt_BR","og_type":"article","og_title":"Salvador d\u00e1 o pontap\u00e9 no Brasil para vacinar crian\u00e7as contra a Covid-19 - Litoral SP","og_description":"A vacina\u00e7\u00e3o contra a Covid-19 em crian\u00e7as de 5 a 11 anos vai come\u00e7ar j\u00e1 nesta sexta-feira (14) no Brasil. Ela ir\u00e1 ocorrer primeiro em Salvador","og_url":"https:\/\/redenoticiaz.com.br\/litoralsp\/2022\/01\/13\/salvador-da-o-pontape-no-brasil-para-vacinar-criancas-contra-a-covid-19","og_site_name":"Litoral SP","article_published_time":"2022-01-13T21:24:50+00:00","article_modified_time":"2022-01-13T21:27:16+00:00","og_image":[{"width":984,"height":623,"url":"https:\/\/redenoticiaz.com.br\/litoralsp\/wp-content\/uploads\/sites\/3\/2022\/01\/000-9um6vz.jpg","type":"image\/jpeg"}],"author":"Leonardo Francisco","twitter_card":"summary_large_image","twitter_misc":{"Escrito por":"Leonardo Francisco","Est. tempo de leitura":"2 minutos"},"schema":{"@context":"https:\/\/schema.org","@graph":[{"@type":"Article","@id":"https:\/\/redenoticiaz.com.br\/litoralsp\/2022\/01\/13\/salvador-da-o-pontape-no-brasil-para-vacinar-criancas-contra-a-covid-19#article","isPartOf":{"@id":"https:\/\/redenoticiaz.com.br\/litoralsp\/2022\/01\/13\/salvador-da-o-pontape-no-brasil-para-vacinar-criancas-contra-a-covid-19"},"author":{"name":"Leonardo Francisco","@id":"https:\/\/redenoticiaz.com.br\/litoralsp\/#\/schema\/person\/0f0b8a5bdafefe82841e07ae8d81ecb3"},"headline":"Salvador d\u00e1 o pontap\u00e9 no Brasil para vacinar crian\u00e7as contra a Covid-19","datePublished":"2022-01-13T21:24:50+00:00","dateModified":"2022-01-13T21:27:16+00:00","mainEntityOfPage":{"@id":"https:\/\/redenoticiaz.com.br\/litoralsp\/2022\/01\/13\/salvador-da-o-pontape-no-brasil-para-vacinar-criancas-contra-a-covid-19"},"wordCount":384,"commentCount":0,"publisher":{"@id":"https:\/\/redenoticiaz.com.br\/litoralsp\/#organization"},"image":{"@id":"https:\/\/redenoticiaz.com.br\/litoralsp\/2022\/01\/13\/salvador-da-o-pontape-no-brasil-para-vacinar-criancas-contra-a-covid-19#primaryimage"},"thumbnailUrl":"https:\/\/redenoticiaz.com.br\/litoralsp\/wp-content\/uploads\/sites\/3\/2022\/01\/000-9um6vz.jpg","keywords":["BAHIA","CRIAN\u00c7AS COM DEFICI\u00caNCIA","Pfizer","SALVADOR","VACINA EM CRIAN\u00c7AS","VACINA\u00c7\u00c3O CONTRA A COVID"],"articleSection":["Sa\u00fade"],"inLanguage":"pt-BR","potentialAction":[{"@type":"CommentAction","name":"Comment","target":["https:\/\/redenoticiaz.com.br\/litoralsp\/2022\/01\/13\/salvador-da-o-pontape-no-brasil-para-vacinar-criancas-contra-a-covid-19#respond"]}]},{"@type":"WebPage","@id":"https:\/\/redenoticiaz.com.br\/litoralsp\/2022\/01\/13\/salvador-da-o-pontape-no-brasil-para-vacinar-criancas-contra-a-covid-19","url":"https:\/\/redenoticiaz.com.br\/litoralsp\/2022\/01\/13\/salvador-da-o-pontape-no-brasil-para-vacinar-criancas-contra-a-covid-19","name":"Salvador d\u00e1 o pontap\u00e9 no Brasil para vacinar crian\u00e7as contra a Covid-19 - Litoral SP","isPartOf":{"@id":"https:\/\/redenoticiaz.com.br\/litoralsp\/#website"},"primaryImageOfPage":{"@id":"https:\/\/redenoticiaz.com.br\/litoralsp\/2022\/01\/13\/salvador-da-o-pontape-no-brasil-para-vacinar-criancas-contra-a-covid-19#primaryimage"},"image":{"@id":"https:\/\/redenoticiaz.com.br\/litoralsp\/2022\/01\/13\/salvador-da-o-pontape-no-brasil-para-vacinar-criancas-contra-a-covid-19#primaryimage"},"thumbnailUrl":"https:\/\/redenoticiaz.com.br\/litoralsp\/wp-content\/uploads\/sites\/3\/2022\/01\/000-9um6vz.jpg","datePublished":"2022-01-13T21:24:50+00:00","dateModified":"2022-01-13T21:27:16+00:00","description":"A vacina\u00e7\u00e3o contra a Covid-19 em crian\u00e7as de 5 a 11 anos vai come\u00e7ar j\u00e1 nesta sexta-feira (14) no Brasil. Ela ir\u00e1 ocorrer primeiro em Salvador","inLanguage":"pt-BR","potentialAction":[{"@type":"ReadAction","target":["https:\/\/redenoticiaz.com.br\/litoralsp\/2022\/01\/13\/salvador-da-o-pontape-no-brasil-para-vacinar-criancas-contra-a-covid-19"]}]},{"@type":"ImageObject","inLanguage":"pt-BR","@id":"https:\/\/redenoticiaz.com.br\/litoralsp\/2022\/01\/13\/salvador-da-o-pontape-no-brasil-para-vacinar-criancas-contra-a-covid-19#primaryimage","url":"https:\/\/redenoticiaz.com.br\/litoralsp\/wp-content\/uploads\/sites\/3\/2022\/01\/000-9um6vz.jpg","contentUrl":"https:\/\/redenoticiaz.com.br\/litoralsp\/wp-content\/uploads\/sites\/3\/2022\/01\/000-9um6vz.jpg","width":984,"height":623,"caption":"O frasco laranja \u00e9 para as crian\u00e7as, enquanto o roxo s\u00e3o para os adolescentes e adultos. Cr\u00e9ditos: AFP."},{"@type":"WebSite","@id":"https:\/\/redenoticiaz.com.br\/litoralsp\/#website","url":"https:\/\/redenoticiaz.com.br\/litoralsp\/","name":"Litoral SP","description":"Rede NoticiaZ","publisher":{"@id":"https:\/\/redenoticiaz.com.br\/litoralsp\/#organization"},"potentialAction":[{"@type":"SearchAction","target":{"@type":"EntryPoint","urlTemplate":"https:\/\/redenoticiaz.com.br\/litoralsp\/?s={search_term_string}"},"query-input":{"@type":"PropertyValueSpecification","valueRequired":true,"valueName":"search_term_string"}}],"inLanguage":"pt-BR"},{"@type":"Organization","@id":"https:\/\/redenoticiaz.com.br\/litoralsp\/#organization","name":"Litoral SP","url":"https:\/\/redenoticiaz.com.br\/litoralsp\/","logo":{"@type":"ImageObject","inLanguage":"pt-BR","@id":"https:\/\/redenoticiaz.com.br\/litoralsp\/#\/schema\/logo\/image\/","url":"https:\/\/redenoticiaz.com.br\/litoralsp\/wp-content\/uploads\/sites\/3\/2020\/11\/logo.jpg","contentUrl":"https:\/\/redenoticiaz.com.br\/litoralsp\/wp-content\/uploads\/sites\/3\/2020\/11\/logo.jpg","width":400,"height":250,"caption":"Litoral SP"},"image":{"@id":"https:\/\/redenoticiaz.com.br\/litoralsp\/#\/schema\/logo\/image\/"}},{"@type":"Person","@id":"https:\/\/redenoticiaz.com.br\/litoralsp\/#\/schema\/person\/0f0b8a5bdafefe82841e07ae8d81ecb3","name":"Leonardo Francisco","image":{"@type":"ImageObject","inLanguage":"pt-BR","@id":"https:\/\/secure.gravatar.com\/avatar\/a7358cb406a99b682ec6df1e77e31ae82e63601f6784e8a3df411d72b37864da?s=96&d=mm&r=g","url":"https:\/\/secure.gravatar.com\/avatar\/a7358cb406a99b682ec6df1e77e31ae82e63601f6784e8a3df411d72b37864da?s=96&d=mm&r=g","contentUrl":"https:\/\/secure.gravatar.com\/avatar\/a7358cb406a99b682ec6df1e77e31ae82e63601f6784e8a3df411d72b37864da?s=96&d=mm&r=g","caption":"Leonardo Francisco"},"url":"https:\/\/redenoticiaz.com.br\/litoralsp\/author\/leonardo-francisco"}]}},"_links":{"self":[{"href":"https:\/\/redenoticiaz.com.br\/litoralsp\/wp-json\/wp\/v2\/posts\/21472","targetHints":{"allow":["GET"]}}],"collection":[{"href":"https:\/\/redenoticiaz.com.br\/litoralsp\/wp-json\/wp\/v2\/posts"}],"about":[{"href":"https:\/\/redenoticiaz.com.br\/litoralsp\/wp-json\/wp\/v2\/types\/post"}],"author":[{"embeddable":true,"href":"https:\/\/redenoticiaz.com.br\/litoralsp\/wp-json\/wp\/v2\/users\/6"}],"replies":[{"embeddable":true,"href":"https:\/\/redenoticiaz.com.br\/litoralsp\/wp-json\/wp\/v2\/comments?post=21472"}],"version-history":[{"count":1,"href":"https:\/\/redenoticiaz.com.br\/litoralsp\/wp-json\/wp\/v2\/posts\/21472\/revisions"}],"predecessor-version":[{"id":21474,"href":"https:\/\/redenoticiaz.com.br\/litoralsp\/wp-json\/wp\/v2\/posts\/21472\/revisions\/21474"}],"wp:featuredmedia":[{"embeddable":true,"href":"https:\/\/redenoticiaz.com.br\/litoralsp\/wp-json\/wp\/v2\/media\/21473"}],"wp:attachment":[{"href":"https:\/\/redenoticiaz.com.br\/litoralsp\/wp-json\/wp\/v2\/media?parent=21472"}],"wp:term":[{"taxonomy":"category","embeddable":true,"href":"https:\/\/redenoticiaz.com.br\/litoralsp\/wp-json\/wp\/v2\/categories?post=21472"},{"taxonomy":"post_tag","embeddable":true,"href":"https:\/\/redenoticiaz.com.br\/litoralsp\/wp-json\/wp\/v2\/tags?post=21472"}],"curies":[{"name":"wp","href":"https:\/\/api.w.org\/{rel}","templated":true}]}}