{"id":21543,"date":"2022-01-14T17:43:09","date_gmt":"2022-01-14T20:43:09","guid":{"rendered":"https:\/\/redenoticiaz.com.br\/litoralsp\/2022\/01\/14\/conheca-os-primeiros-participantes-do-bbb-22"},"modified":"2022-01-14T17:47:00","modified_gmt":"2022-01-14T20:47:00","slug":"conheca-os-primeiros-participantes-do-bbb-22","status":"publish","type":"post","link":"https:\/\/redenoticiaz.com.br\/litoralsp\/2022\/01\/14\/conheca-os-primeiros-participantes-do-bbb-22","title":{"rendered":"Conhe\u00e7a os primeiros participantes do BBB 22"},"content":{"rendered":"<p>Acabou a espera dos f\u00e3s do Big Brother Brasil. O <a href=\"https:\/\/gshow.globo.com\/realities\/bbb\/\">BBB 22<\/a> come\u00e7ou a divulgar os nomes dos <strong>participantes que estar\u00e3o na casa mais vigiada do pa\u00eds<\/strong>. O reality show vai come\u00e7ar na segunda-feira (17), sob o comando de Tadeu Schmidt e promete muitas novidades.<\/p>\n<p>Uma delas ser\u00e1 a mescla de participantes famosos, mas tamb\u00e9m de an\u00f4minos e outros influencers digitais que j\u00e1 s\u00e3o bem conhecidos do pp\u00fablico na web. Mas para segurar o suspense, vamos conhecer os cinco primeiros participantes.<\/p>\n<h5>Eles foram divididos em cinco grupos. Abaixo veja os cinco primeiros do Grupo Pipoca:<\/h5>\n<h5><strong>La\u00eds<\/strong><\/h5>\n<figure id=\"attachment_75806\" aria-describedby=\"caption-attachment-75806\" style=\"width: 176px\" class=\"wp-caption alignleft\"><img loading=\"lazy\" decoding=\"async\" class=\" wp-image-75806\" src=\"https:\/\/redenoticiaz.com.br\/wp-content\/uploads\/2022\/01\/whatsapp-image-2022-01-14-at-15-05-20-390x220.jpeg\" alt=\"\" width=\"176\" height=\"99\" \/><figcaption id=\"caption-attachment-75806\" class=\"wp-caption-text\">Cr\u00e9ditos: Reprodu\u00e7\u00e3o\/TV Globo<\/figcaption><\/figure>\n<p>Do interior de Goi\u00e1s,\u00a0La\u00eds \u00e9 m\u00e9dica, atuou na linha de frente da Covid\u00a0e \u00e9 apaixonada pela profiss\u00e3o. Tem 30 anos e avisou na chamada: &#8220;Gosto de holofote, gosto de aparecer, gosto de chegar chegando. Podem esperar de mim uma menina alegre que vai curtir cada segundo daquela casa&#8221;.<\/p>\n<p>&nbsp;<\/p>\n<p>&nbsp;<\/p>\n<h5><strong>Luciano Esteves<\/strong><\/h5>\n<figure id=\"attachment_75807\" aria-describedby=\"caption-attachment-75807\" style=\"width: 174px\" class=\"wp-caption alignleft\"><img loading=\"lazy\" decoding=\"async\" class=\" wp-image-75807\" src=\"https:\/\/redenoticiaz.com.br\/wp-content\/uploads\/2022\/01\/whatsapp-image-2022-01-14-at-15-32-34-390x220.jpeg\" alt=\"\" width=\"174\" height=\"98\" \/><figcaption id=\"caption-attachment-75807\" class=\"wp-caption-text\">Cr\u00e9ditos: Reprodu\u00e7\u00e3o\/TV Globo<\/figcaption><\/figure>\n<p>De Florian\u00f3polis,\u00a0Luciano tem 28 anos e \u00e9 ator e bailarino. &#8220;Eu gosto de ser notado, de chamar aten\u00e7\u00e3o&#8221;, diz ele.\u00a0Ele fez 15 anos de bal\u00e9 cl\u00e1ssico, adora dan\u00e7ar e avisou que seu grande trunfo ser\u00e1 nas festas: &#8220;Eu sou competitivo, quero ganhar o &#8216;BBB'&#8221;.\u00a0Luciano Estevam \u00e9 bissexual e aborda com humor orienta\u00e7\u00e3o sexual na web.<\/p>\n<p>&nbsp;<\/p>\n<p>&nbsp;<\/p>\n<h5><strong>Jessilane<\/strong><\/h5>\n<figure id=\"attachment_75808\" aria-describedby=\"caption-attachment-75808\" style=\"width: 184px\" class=\"wp-caption alignleft\"><img loading=\"lazy\" decoding=\"async\" class=\" wp-image-75808\" src=\"https:\/\/redenoticiaz.com.br\/wp-content\/uploads\/2022\/01\/whatsapp-image-2022-01-14-at-15-52-29-390x220.jpeg\" alt=\"\" width=\"184\" height=\"104\" \/><figcaption id=\"caption-attachment-75808\" class=\"wp-caption-text\">Cr\u00e9ditos: Reprodu\u00e7\u00e3o\/TV Globo<\/figcaption><\/figure>\n<p>Tamb\u00e9m de Goi\u00e1s,\u00a0Jessilane \u00e9 bi\u00f3loga e professora de Biologia e tem 26 anos. Ela come\u00e7ou a trabalhar com 14 anos e nunca mais parou: &#8220;J\u00e1 fiz tanta coisa nessa vida&#8230; Meu maior orgulho \u00e9 ter conclu\u00eddo o mestrado&#8221;, contou ela, que avisou: &#8220;Vou entrar na casa para fazer e acontecer&#8221;.<\/p>\n<p>&nbsp;<\/p>\n<p>&nbsp;<\/p>\n<h5><strong>Eliezer<\/strong><\/h5>\n<figure id=\"attachment_75809\" aria-describedby=\"caption-attachment-75809\" style=\"width: 152px\" class=\"wp-caption alignleft\"><img loading=\"lazy\" decoding=\"async\" class=\" wp-image-75809\" src=\"https:\/\/redenoticiaz.com.br\/wp-content\/uploads\/2022\/01\/whatsapp-image-2022-01-14-at-16-08-55-390x220.jpeg\" alt=\"\" width=\"152\" height=\"86\" \/><figcaption id=\"caption-attachment-75809\" class=\"wp-caption-text\">Cr\u00e9ditos: Reprodu\u00e7\u00e3o\/TV Globo<\/figcaption><\/figure>\n<p>Do interior do Rio, da cidade de Volta Redonda,\u00a0Eliezer tem 31 anos, \u00e9 designer e empres\u00e1rio. Na chamada, avisou: &#8220;Estou solteiro, pelo amor de Deus!&#8221;. Ele contou que a sua av\u00f3 \u00e9 o grande amor de sua vida e prometeu ir bem nas provas de resist\u00eancia.<\/p>\n<p>&nbsp;<\/p>\n<p>&nbsp;<\/p>\n<h5><strong>Eslov\u00eania<\/strong><\/h5>\n<figure id=\"attachment_75803\" aria-describedby=\"caption-attachment-75803\" style=\"width: 160px\" class=\"wp-caption alignleft\"><img loading=\"lazy\" decoding=\"async\" class=\" wp-image-75803\" src=\"https:\/\/redenoticiaz.com.br\/wp-content\/uploads\/2022\/01\/eslovenia-390x220.jpeg\" alt=\"\" width=\"160\" height=\"90\" \/><figcaption id=\"caption-attachment-75803\" class=\"wp-caption-text\">Cr\u00e9ditos: Reprodu\u00e7\u00e3o\/TV Globo<\/figcaption><\/figure>\n<p>A\u00a0paraibana chamada Eslov\u00eania tem 25 anos, \u00e9 estudante de Marketing e modelo. Ela mora em na cidade pernambucana de Caruaru e\u00a0foi Miss Pernambuco em 2018. &#8220;Eu falo muito, bebo muito&#8230; \u00c9 tudo muito!&#8221;, avisa ela, completando: &#8220;Queria muito falar que estou solteira, mas n\u00e3o to sozinha, mas eu to solteira e sozinha!&#8221;.<\/p>\n<p>&nbsp;<\/p>\n<p>&nbsp;<\/p>\n<h5><strong>Lucas<\/strong><\/h5>\n<figure id=\"attachment_75804\" aria-describedby=\"caption-attachment-75804\" style=\"width: 154px\" class=\"wp-caption alignleft\"><img loading=\"lazy\" decoding=\"async\" class=\" wp-image-75804\" src=\"https:\/\/redenoticiaz.com.br\/wp-content\/uploads\/2022\/01\/lucas-390x220.jpeg\" alt=\"\" width=\"154\" height=\"87\" \/><figcaption id=\"caption-attachment-75804\" class=\"wp-caption-text\">Cr\u00e9ditos: Reprodu\u00e7\u00e3o\/TV Globo<\/figcaption><\/figure>\n<p>Tamb\u00e9m do grupo Pipoca, Lucas \u00e9 de Vila Velha, no Esp\u00edrito Santo, tem 31 anos, \u00e9 engenheiro e est\u00e1 no quinto per\u00edodo de Medicina. Adora praticar esportes e gosta de acordar cedo. E ele promete dar trabalho nas provas: &#8220;Os melhores momentos da minha vida s\u00e3o quando eu estou competindo&#8221;.<\/p>\n<p>&nbsp;<\/p>\n<p>&nbsp;<\/p>\n<h5><strong>B\u00e1rbara<\/strong><\/h5>\n<figure id=\"attachment_75810\" aria-describedby=\"caption-attachment-75810\" style=\"width: 174px\" class=\"wp-caption alignleft\"><img loading=\"lazy\" decoding=\"async\" class=\" wp-image-75810\" src=\"https:\/\/redenoticiaz.com.br\/wp-content\/uploads\/2022\/01\/barbara-390x220.jpeg\" alt=\"\" width=\"174\" height=\"98\" \/><figcaption id=\"caption-attachment-75810\" class=\"wp-caption-text\">Cr\u00e9ditos: Reprodu\u00e7\u00e3o\/TV Globo<\/figcaption><\/figure>\n<p>Ga\u00facha de Novo Hamburgo, B\u00e1rbara tem 29 anos. Vive entre sua cidade natal e S\u00e3o Paulo, mas conta sempre estar viajando a trabalho. Formada em Rela\u00e7\u00f5es P\u00fablicas, atua tamb\u00e9m como modelo e influenciadora digital. Sempre buscou sua independ\u00eancia financeira e come\u00e7ou a trabalhar aos 16 anos para n\u00e3o precisar pedir mais dinheiro para os pais. Afirma que sua apar\u00eancia faz com que as pessoas a julguem como \u201cpatricinha\u201d, mas, em sua opini\u00e3o, n\u00e3o faz o tipo.<\/p>\n<p>&nbsp;<\/p>\n<p>Com esp\u00edrito bem-humorado, promete muita anima\u00e7\u00e3o nas festas, mas confessa que gosta de dormir alguns minutinhos durante a balada para voltar renovada. Diz que \u00e9 \u00f3tima competidora e se considera uma pessoa emp\u00e1tica e f\u00e1cil de conviver, desde que n\u00e3o pisem no seu calo.<\/p>\n<p><strong>LEIA TAMB\u00c9M<\/strong><\/p>\n<p><a href=\"https:\/\/redenoticiaz.com.br\/blog\/2022\/01\/14\/video-halo-solar-pode-ser-visto-em-diversos-pontos-do-brasil\">V\u00cdDEO \u2013 Halo Solar p\u00f4de ser visto em diversos pontos do Brasil<\/a><\/p>\n","protected":false},"excerpt":{"rendered":"<p>Acabou a espera dos f\u00e3s do Big Brother Brasil. O BBB 22 come\u00e7ou a divulgar os nomes dos participantes que estar\u00e3o na casa mais vigiada do pa\u00eds. O reality show vai come\u00e7ar na segunda-feira (17), sob o comando de Tadeu Schmidt e promete muitas novidades. Uma delas ser\u00e1 a mescla de participantes famosos, mas tamb\u00e9m &hellip;<\/p>\n","protected":false},"author":6,"featured_media":21544,"comment_status":"open","ping_status":"closed","sticky":false,"template":"","format":"standard","meta":{"footnotes":""},"categories":[170],"tags":[37589,12676,47489,47490],"class_list":["post-21543","post","type-post","status-publish","format-standard","has-post-thumbnail","hentry","category-entretenimento","tag-bbb-22","tag-big-brother-brasil","tag-lista-de-participantes","tag-novos-participantes"],"yoast_head":"<!-- This site is optimized with the Yoast SEO plugin v27.5 - https:\/\/yoast.com\/product\/yoast-seo-wordpress\/ -->\n<title>Conhe\u00e7a os primeiros participantes do BBB 22 - Litoral SP<\/title>\n<meta name=\"description\" content=\"espera dos f\u00e3s do Big Brother Brasil. O BBB 22 come\u00e7ou a divulgar os nomes dos participantes que estar\u00e3o na casa mais vigiada do pa\u00eds. O reality\" \/>\n<meta name=\"robots\" content=\"index, follow, max-snippet:-1, max-image-preview:large, max-video-preview:-1\" \/>\n<link rel=\"canonical\" href=\"https:\/\/redenoticiaz.com.br\/litoralsp\/2022\/01\/14\/conheca-os-primeiros-participantes-do-bbb-22\" \/>\n<meta property=\"og:locale\" content=\"pt_BR\" \/>\n<meta property=\"og:type\" content=\"article\" \/>\n<meta property=\"og:title\" content=\"Conhe\u00e7a os primeiros participantes do BBB 22 - Litoral SP\" \/>\n<meta property=\"og:description\" content=\"espera dos f\u00e3s do Big Brother Brasil. O BBB 22 come\u00e7ou a divulgar os nomes dos participantes que estar\u00e3o na casa mais vigiada do pa\u00eds. O reality\" \/>\n<meta property=\"og:url\" content=\"https:\/\/redenoticiaz.com.br\/litoralsp\/2022\/01\/14\/conheca-os-primeiros-participantes-do-bbb-22\" \/>\n<meta property=\"og:site_name\" content=\"Litoral SP\" \/>\n<meta property=\"article:published_time\" content=\"2022-01-14T20:43:09+00:00\" \/>\n<meta property=\"article:modified_time\" content=\"2022-01-14T20:47:00+00:00\" \/>\n<meta property=\"og:image\" content=\"https:\/\/redenoticiaz.com.br\/litoralsp\/wp-content\/uploads\/sites\/3\/2022\/01\/tadeu.jpg\" \/>\n\t<meta property=\"og:image:width\" content=\"1008\" \/>\n\t<meta property=\"og:image:height\" content=\"672\" \/>\n\t<meta property=\"og:image:type\" content=\"image\/jpeg\" \/>\n<meta name=\"author\" content=\"Leonardo Francisco\" \/>\n<meta name=\"twitter:card\" content=\"summary_large_image\" \/>\n<meta name=\"twitter:label1\" content=\"Escrito por\" \/>\n\t<meta name=\"twitter:data1\" content=\"Leonardo Francisco\" \/>\n\t<meta name=\"twitter:label2\" content=\"Est. tempo de leitura\" \/>\n\t<meta name=\"twitter:data2\" content=\"3 minutos\" \/>\n<script type=\"application\/ld+json\" class=\"yoast-schema-graph\">{\"@context\":\"https:\\\/\\\/schema.org\",\"@graph\":[{\"@type\":\"Article\",\"@id\":\"https:\\\/\\\/redenoticiaz.com.br\\\/litoralsp\\\/2022\\\/01\\\/14\\\/conheca-os-primeiros-participantes-do-bbb-22#article\",\"isPartOf\":{\"@id\":\"https:\\\/\\\/redenoticiaz.com.br\\\/litoralsp\\\/2022\\\/01\\\/14\\\/conheca-os-primeiros-participantes-do-bbb-22\"},\"author\":{\"name\":\"Leonardo Francisco\",\"@id\":\"https:\\\/\\\/redenoticiaz.com.br\\\/litoralsp\\\/#\\\/schema\\\/person\\\/0f0b8a5bdafefe82841e07ae8d81ecb3\"},\"headline\":\"Conhe\u00e7a os primeiros participantes do BBB 22\",\"datePublished\":\"2022-01-14T20:43:09+00:00\",\"dateModified\":\"2022-01-14T20:47:00+00:00\",\"mainEntityOfPage\":{\"@id\":\"https:\\\/\\\/redenoticiaz.com.br\\\/litoralsp\\\/2022\\\/01\\\/14\\\/conheca-os-primeiros-participantes-do-bbb-22\"},\"wordCount\":685,\"commentCount\":0,\"publisher\":{\"@id\":\"https:\\\/\\\/redenoticiaz.com.br\\\/litoralsp\\\/#organization\"},\"image\":{\"@id\":\"https:\\\/\\\/redenoticiaz.com.br\\\/litoralsp\\\/2022\\\/01\\\/14\\\/conheca-os-primeiros-participantes-do-bbb-22#primaryimage\"},\"thumbnailUrl\":\"https:\\\/\\\/redenoticiaz.com.br\\\/litoralsp\\\/wp-content\\\/uploads\\\/sites\\\/3\\\/2022\\\/01\\\/tadeu.jpg\",\"keywords\":[\"BBB 22\",\"BIG BROTHER BRASIL\",\"LISTA DE PARTICIPANTES\",\"NOVOS PARTICIPANTES\"],\"articleSection\":[\"Entretenimento\"],\"inLanguage\":\"pt-BR\",\"potentialAction\":[{\"@type\":\"CommentAction\",\"name\":\"Comment\",\"target\":[\"https:\\\/\\\/redenoticiaz.com.br\\\/litoralsp\\\/2022\\\/01\\\/14\\\/conheca-os-primeiros-participantes-do-bbb-22#respond\"]}]},{\"@type\":\"WebPage\",\"@id\":\"https:\\\/\\\/redenoticiaz.com.br\\\/litoralsp\\\/2022\\\/01\\\/14\\\/conheca-os-primeiros-participantes-do-bbb-22\",\"url\":\"https:\\\/\\\/redenoticiaz.com.br\\\/litoralsp\\\/2022\\\/01\\\/14\\\/conheca-os-primeiros-participantes-do-bbb-22\",\"name\":\"Conhe\u00e7a os primeiros participantes do BBB 22 - Litoral SP\",\"isPartOf\":{\"@id\":\"https:\\\/\\\/redenoticiaz.com.br\\\/litoralsp\\\/#website\"},\"primaryImageOfPage\":{\"@id\":\"https:\\\/\\\/redenoticiaz.com.br\\\/litoralsp\\\/2022\\\/01\\\/14\\\/conheca-os-primeiros-participantes-do-bbb-22#primaryimage\"},\"image\":{\"@id\":\"https:\\\/\\\/redenoticiaz.com.br\\\/litoralsp\\\/2022\\\/01\\\/14\\\/conheca-os-primeiros-participantes-do-bbb-22#primaryimage\"},\"thumbnailUrl\":\"https:\\\/\\\/redenoticiaz.com.br\\\/litoralsp\\\/wp-content\\\/uploads\\\/sites\\\/3\\\/2022\\\/01\\\/tadeu.jpg\",\"datePublished\":\"2022-01-14T20:43:09+00:00\",\"dateModified\":\"2022-01-14T20:47:00+00:00\",\"description\":\"espera dos f\u00e3s do Big Brother Brasil. O BBB 22 come\u00e7ou a divulgar os nomes dos participantes que estar\u00e3o na casa mais vigiada do pa\u00eds. O reality\",\"inLanguage\":\"pt-BR\",\"potentialAction\":[{\"@type\":\"ReadAction\",\"target\":[\"https:\\\/\\\/redenoticiaz.com.br\\\/litoralsp\\\/2022\\\/01\\\/14\\\/conheca-os-primeiros-participantes-do-bbb-22\"]}]},{\"@type\":\"ImageObject\",\"inLanguage\":\"pt-BR\",\"@id\":\"https:\\\/\\\/redenoticiaz.com.br\\\/litoralsp\\\/2022\\\/01\\\/14\\\/conheca-os-primeiros-participantes-do-bbb-22#primaryimage\",\"url\":\"https:\\\/\\\/redenoticiaz.com.br\\\/litoralsp\\\/wp-content\\\/uploads\\\/sites\\\/3\\\/2022\\\/01\\\/tadeu.jpg\",\"contentUrl\":\"https:\\\/\\\/redenoticiaz.com.br\\\/litoralsp\\\/wp-content\\\/uploads\\\/sites\\\/3\\\/2022\\\/01\\\/tadeu.jpg\",\"width\":1008,\"height\":672,\"caption\":\"Tadeu Schmidt ir\u00e1 comandar a casa mais vigiada e promete novidades. Cr\u00e9ditos: Reprodu\u00e7\u00e3o\\\/TV Globo\"},{\"@type\":\"WebSite\",\"@id\":\"https:\\\/\\\/redenoticiaz.com.br\\\/litoralsp\\\/#website\",\"url\":\"https:\\\/\\\/redenoticiaz.com.br\\\/litoralsp\\\/\",\"name\":\"Litoral SP\",\"description\":\"Rede NoticiaZ\",\"publisher\":{\"@id\":\"https:\\\/\\\/redenoticiaz.com.br\\\/litoralsp\\\/#organization\"},\"potentialAction\":[{\"@type\":\"SearchAction\",\"target\":{\"@type\":\"EntryPoint\",\"urlTemplate\":\"https:\\\/\\\/redenoticiaz.com.br\\\/litoralsp\\\/?s={search_term_string}\"},\"query-input\":{\"@type\":\"PropertyValueSpecification\",\"valueRequired\":true,\"valueName\":\"search_term_string\"}}],\"inLanguage\":\"pt-BR\"},{\"@type\":\"Organization\",\"@id\":\"https:\\\/\\\/redenoticiaz.com.br\\\/litoralsp\\\/#organization\",\"name\":\"Litoral SP\",\"url\":\"https:\\\/\\\/redenoticiaz.com.br\\\/litoralsp\\\/\",\"logo\":{\"@type\":\"ImageObject\",\"inLanguage\":\"pt-BR\",\"@id\":\"https:\\\/\\\/redenoticiaz.com.br\\\/litoralsp\\\/#\\\/schema\\\/logo\\\/image\\\/\",\"url\":\"https:\\\/\\\/redenoticiaz.com.br\\\/litoralsp\\\/wp-content\\\/uploads\\\/sites\\\/3\\\/2020\\\/11\\\/logo.jpg\",\"contentUrl\":\"https:\\\/\\\/redenoticiaz.com.br\\\/litoralsp\\\/wp-content\\\/uploads\\\/sites\\\/3\\\/2020\\\/11\\\/logo.jpg\",\"width\":400,\"height\":250,\"caption\":\"Litoral SP\"},\"image\":{\"@id\":\"https:\\\/\\\/redenoticiaz.com.br\\\/litoralsp\\\/#\\\/schema\\\/logo\\\/image\\\/\"}},{\"@type\":\"Person\",\"@id\":\"https:\\\/\\\/redenoticiaz.com.br\\\/litoralsp\\\/#\\\/schema\\\/person\\\/0f0b8a5bdafefe82841e07ae8d81ecb3\",\"name\":\"Leonardo Francisco\",\"image\":{\"@type\":\"ImageObject\",\"inLanguage\":\"pt-BR\",\"@id\":\"https:\\\/\\\/secure.gravatar.com\\\/avatar\\\/a7358cb406a99b682ec6df1e77e31ae82e63601f6784e8a3df411d72b37864da?s=96&d=mm&r=g\",\"url\":\"https:\\\/\\\/secure.gravatar.com\\\/avatar\\\/a7358cb406a99b682ec6df1e77e31ae82e63601f6784e8a3df411d72b37864da?s=96&d=mm&r=g\",\"contentUrl\":\"https:\\\/\\\/secure.gravatar.com\\\/avatar\\\/a7358cb406a99b682ec6df1e77e31ae82e63601f6784e8a3df411d72b37864da?s=96&d=mm&r=g\",\"caption\":\"Leonardo Francisco\"},\"url\":\"https:\\\/\\\/redenoticiaz.com.br\\\/litoralsp\\\/author\\\/leonardo-francisco\"}]}<\/script>\n<!-- \/ Yoast SEO plugin. -->","yoast_head_json":{"title":"Conhe\u00e7a os primeiros participantes do BBB 22 - Litoral SP","description":"espera dos f\u00e3s do Big Brother Brasil. O BBB 22 come\u00e7ou a divulgar os nomes dos participantes que estar\u00e3o na casa mais vigiada do pa\u00eds. O reality","robots":{"index":"index","follow":"follow","max-snippet":"max-snippet:-1","max-image-preview":"max-image-preview:large","max-video-preview":"max-video-preview:-1"},"canonical":"https:\/\/redenoticiaz.com.br\/litoralsp\/2022\/01\/14\/conheca-os-primeiros-participantes-do-bbb-22","og_locale":"pt_BR","og_type":"article","og_title":"Conhe\u00e7a os primeiros participantes do BBB 22 - Litoral SP","og_description":"espera dos f\u00e3s do Big Brother Brasil. O BBB 22 come\u00e7ou a divulgar os nomes dos participantes que estar\u00e3o na casa mais vigiada do pa\u00eds. O reality","og_url":"https:\/\/redenoticiaz.com.br\/litoralsp\/2022\/01\/14\/conheca-os-primeiros-participantes-do-bbb-22","og_site_name":"Litoral SP","article_published_time":"2022-01-14T20:43:09+00:00","article_modified_time":"2022-01-14T20:47:00+00:00","og_image":[{"width":1008,"height":672,"url":"https:\/\/redenoticiaz.com.br\/litoralsp\/wp-content\/uploads\/sites\/3\/2022\/01\/tadeu.jpg","type":"image\/jpeg"}],"author":"Leonardo Francisco","twitter_card":"summary_large_image","twitter_misc":{"Escrito por":"Leonardo Francisco","Est. tempo de leitura":"3 minutos"},"schema":{"@context":"https:\/\/schema.org","@graph":[{"@type":"Article","@id":"https:\/\/redenoticiaz.com.br\/litoralsp\/2022\/01\/14\/conheca-os-primeiros-participantes-do-bbb-22#article","isPartOf":{"@id":"https:\/\/redenoticiaz.com.br\/litoralsp\/2022\/01\/14\/conheca-os-primeiros-participantes-do-bbb-22"},"author":{"name":"Leonardo Francisco","@id":"https:\/\/redenoticiaz.com.br\/litoralsp\/#\/schema\/person\/0f0b8a5bdafefe82841e07ae8d81ecb3"},"headline":"Conhe\u00e7a os primeiros participantes do BBB 22","datePublished":"2022-01-14T20:43:09+00:00","dateModified":"2022-01-14T20:47:00+00:00","mainEntityOfPage":{"@id":"https:\/\/redenoticiaz.com.br\/litoralsp\/2022\/01\/14\/conheca-os-primeiros-participantes-do-bbb-22"},"wordCount":685,"commentCount":0,"publisher":{"@id":"https:\/\/redenoticiaz.com.br\/litoralsp\/#organization"},"image":{"@id":"https:\/\/redenoticiaz.com.br\/litoralsp\/2022\/01\/14\/conheca-os-primeiros-participantes-do-bbb-22#primaryimage"},"thumbnailUrl":"https:\/\/redenoticiaz.com.br\/litoralsp\/wp-content\/uploads\/sites\/3\/2022\/01\/tadeu.jpg","keywords":["BBB 22","BIG BROTHER BRASIL","LISTA DE PARTICIPANTES","NOVOS PARTICIPANTES"],"articleSection":["Entretenimento"],"inLanguage":"pt-BR","potentialAction":[{"@type":"CommentAction","name":"Comment","target":["https:\/\/redenoticiaz.com.br\/litoralsp\/2022\/01\/14\/conheca-os-primeiros-participantes-do-bbb-22#respond"]}]},{"@type":"WebPage","@id":"https:\/\/redenoticiaz.com.br\/litoralsp\/2022\/01\/14\/conheca-os-primeiros-participantes-do-bbb-22","url":"https:\/\/redenoticiaz.com.br\/litoralsp\/2022\/01\/14\/conheca-os-primeiros-participantes-do-bbb-22","name":"Conhe\u00e7a os primeiros participantes do BBB 22 - Litoral SP","isPartOf":{"@id":"https:\/\/redenoticiaz.com.br\/litoralsp\/#website"},"primaryImageOfPage":{"@id":"https:\/\/redenoticiaz.com.br\/litoralsp\/2022\/01\/14\/conheca-os-primeiros-participantes-do-bbb-22#primaryimage"},"image":{"@id":"https:\/\/redenoticiaz.com.br\/litoralsp\/2022\/01\/14\/conheca-os-primeiros-participantes-do-bbb-22#primaryimage"},"thumbnailUrl":"https:\/\/redenoticiaz.com.br\/litoralsp\/wp-content\/uploads\/sites\/3\/2022\/01\/tadeu.jpg","datePublished":"2022-01-14T20:43:09+00:00","dateModified":"2022-01-14T20:47:00+00:00","description":"espera dos f\u00e3s do Big Brother Brasil. O BBB 22 come\u00e7ou a divulgar os nomes dos participantes que estar\u00e3o na casa mais vigiada do pa\u00eds. O reality","inLanguage":"pt-BR","potentialAction":[{"@type":"ReadAction","target":["https:\/\/redenoticiaz.com.br\/litoralsp\/2022\/01\/14\/conheca-os-primeiros-participantes-do-bbb-22"]}]},{"@type":"ImageObject","inLanguage":"pt-BR","@id":"https:\/\/redenoticiaz.com.br\/litoralsp\/2022\/01\/14\/conheca-os-primeiros-participantes-do-bbb-22#primaryimage","url":"https:\/\/redenoticiaz.com.br\/litoralsp\/wp-content\/uploads\/sites\/3\/2022\/01\/tadeu.jpg","contentUrl":"https:\/\/redenoticiaz.com.br\/litoralsp\/wp-content\/uploads\/sites\/3\/2022\/01\/tadeu.jpg","width":1008,"height":672,"caption":"Tadeu Schmidt ir\u00e1 comandar a casa mais vigiada e promete novidades. Cr\u00e9ditos: Reprodu\u00e7\u00e3o\/TV Globo"},{"@type":"WebSite","@id":"https:\/\/redenoticiaz.com.br\/litoralsp\/#website","url":"https:\/\/redenoticiaz.com.br\/litoralsp\/","name":"Litoral SP","description":"Rede NoticiaZ","publisher":{"@id":"https:\/\/redenoticiaz.com.br\/litoralsp\/#organization"},"potentialAction":[{"@type":"SearchAction","target":{"@type":"EntryPoint","urlTemplate":"https:\/\/redenoticiaz.com.br\/litoralsp\/?s={search_term_string}"},"query-input":{"@type":"PropertyValueSpecification","valueRequired":true,"valueName":"search_term_string"}}],"inLanguage":"pt-BR"},{"@type":"Organization","@id":"https:\/\/redenoticiaz.com.br\/litoralsp\/#organization","name":"Litoral SP","url":"https:\/\/redenoticiaz.com.br\/litoralsp\/","logo":{"@type":"ImageObject","inLanguage":"pt-BR","@id":"https:\/\/redenoticiaz.com.br\/litoralsp\/#\/schema\/logo\/image\/","url":"https:\/\/redenoticiaz.com.br\/litoralsp\/wp-content\/uploads\/sites\/3\/2020\/11\/logo.jpg","contentUrl":"https:\/\/redenoticiaz.com.br\/litoralsp\/wp-content\/uploads\/sites\/3\/2020\/11\/logo.jpg","width":400,"height":250,"caption":"Litoral SP"},"image":{"@id":"https:\/\/redenoticiaz.com.br\/litoralsp\/#\/schema\/logo\/image\/"}},{"@type":"Person","@id":"https:\/\/redenoticiaz.com.br\/litoralsp\/#\/schema\/person\/0f0b8a5bdafefe82841e07ae8d81ecb3","name":"Leonardo Francisco","image":{"@type":"ImageObject","inLanguage":"pt-BR","@id":"https:\/\/secure.gravatar.com\/avatar\/a7358cb406a99b682ec6df1e77e31ae82e63601f6784e8a3df411d72b37864da?s=96&d=mm&r=g","url":"https:\/\/secure.gravatar.com\/avatar\/a7358cb406a99b682ec6df1e77e31ae82e63601f6784e8a3df411d72b37864da?s=96&d=mm&r=g","contentUrl":"https:\/\/secure.gravatar.com\/avatar\/a7358cb406a99b682ec6df1e77e31ae82e63601f6784e8a3df411d72b37864da?s=96&d=mm&r=g","caption":"Leonardo Francisco"},"url":"https:\/\/redenoticiaz.com.br\/litoralsp\/author\/leonardo-francisco"}]}},"_links":{"self":[{"href":"https:\/\/redenoticiaz.com.br\/litoralsp\/wp-json\/wp\/v2\/posts\/21543","targetHints":{"allow":["GET"]}}],"collection":[{"href":"https:\/\/redenoticiaz.com.br\/litoralsp\/wp-json\/wp\/v2\/posts"}],"about":[{"href":"https:\/\/redenoticiaz.com.br\/litoralsp\/wp-json\/wp\/v2\/types\/post"}],"author":[{"embeddable":true,"href":"https:\/\/redenoticiaz.com.br\/litoralsp\/wp-json\/wp\/v2\/users\/6"}],"replies":[{"embeddable":true,"href":"https:\/\/redenoticiaz.com.br\/litoralsp\/wp-json\/wp\/v2\/comments?post=21543"}],"version-history":[{"count":2,"href":"https:\/\/redenoticiaz.com.br\/litoralsp\/wp-json\/wp\/v2\/posts\/21543\/revisions"}],"predecessor-version":[{"id":21546,"href":"https:\/\/redenoticiaz.com.br\/litoralsp\/wp-json\/wp\/v2\/posts\/21543\/revisions\/21546"}],"wp:featuredmedia":[{"embeddable":true,"href":"https:\/\/redenoticiaz.com.br\/litoralsp\/wp-json\/wp\/v2\/media\/21544"}],"wp:attachment":[{"href":"https:\/\/redenoticiaz.com.br\/litoralsp\/wp-json\/wp\/v2\/media?parent=21543"}],"wp:term":[{"taxonomy":"category","embeddable":true,"href":"https:\/\/redenoticiaz.com.br\/litoralsp\/wp-json\/wp\/v2\/categories?post=21543"},{"taxonomy":"post_tag","embeddable":true,"href":"https:\/\/redenoticiaz.com.br\/litoralsp\/wp-json\/wp\/v2\/tags?post=21543"}],"curies":[{"name":"wp","href":"https:\/\/api.w.org\/{rel}","templated":true}]}}