{"id":21554,"date":"2022-01-14T18:17:18","date_gmt":"2022-01-14T21:17:18","guid":{"rendered":"https:\/\/redenoticiaz.com.br\/litoralsp\/?p=21554"},"modified":"2022-01-14T18:17:49","modified_gmt":"2022-01-14T21:17:49","slug":"moradores-sao-roubados-por-um-quarteto-de-bicicleta-em-sao-vicente","status":"publish","type":"post","link":"https:\/\/redenoticiaz.com.br\/litoralsp\/2022\/01\/14\/moradores-sao-roubados-por-um-quarteto-de-bicicleta-em-sao-vicente","title":{"rendered":"Moradores s\u00e3o roubados por um quarteto de bicicleta em S\u00e3o Vicente"},"content":{"rendered":"<p>A vida para muitos moradores em <a href=\"https:\/\/www.saovicente.sp.gov.br\/publico\/\">S\u00e3o Vicente<\/a> est\u00e1 longe de ser segura. <strong>Quatro bandidos de bicicleta e armados<\/strong> roubaram tr\u00eas moradores na Vila Melo. As c\u00e2meras de monitoramento registraram toda a a\u00e7\u00e3o criminosa e um dos bandidos levou a alian\u00e7a com a boca. Nenhum suspeito foi preso at\u00e9 o momento.<\/p>\n<p>Segundo informa\u00e7\u00f5es, o crime aconteceu \u00e0s 17h40 na Rua Doutor Em\u00edlio Carlos e nas imagens \u00e9 poss\u00edvel ver o quarteto de bicicleta se aproximando dos moradores que estavam na cal\u00e7ada. No local, h\u00e1 um vendedor de panelas, uma senhora de 68 anos e um idoso, que caminha pela rua.<\/p>\n<p>Dois jovens abordam o homem mais velho e tentam retirar a alian\u00e7a dele. Mas, como n\u00e3o conseguem, um dos criminosos usa a boca para arrancar a joia. O terceiro suspeito, e \u00fanico armado, se direciona \u00e0 mulher e tamb\u00e9m rouba a alian\u00e7a dela. Em seguida, o mesmo homem entra pela janela do carro do vendedor e pega o celular dele, que estava no console do ve\u00edculo. Ap\u00f3s o roubo, os quatro assaltantes fogem de bicicleta. A a\u00e7\u00e3o durou pouco mais de um minuto.<\/p>\n<p>Nenhuma das v\u00edtimas ficou ferida e o caso foi registrado como roubo por meio de boletim eletr\u00f4nico no dia seguinte ao ocorrido.<\/p>\n<p><strong>LEIA TAMB\u00c9M<\/strong><\/p>\n<p><a href=\"https:\/\/redenoticiaz.com.br\/litoralsp\/2022\/01\/14\/dono-de-adega-clandestina-e-preso-em-sao-vicente\">Dono de adega clandestina \u00e9 preso em S\u00e3o Vicente<\/a><\/p>\n","protected":false},"excerpt":{"rendered":"<p>A vida para muitos moradores em S\u00e3o Vicente est\u00e1 longe de ser segura. Quatro bandidos de bicicleta e armados roubaram tr\u00eas moradores na Vila Melo. As c\u00e2meras de monitoramento registraram toda a a\u00e7\u00e3o criminosa e um dos bandidos levou a alian\u00e7a com a boca. Nenhum suspeito foi preso at\u00e9 o momento. Segundo informa\u00e7\u00f5es, o crime &hellip;<\/p>\n","protected":false},"author":6,"featured_media":21555,"comment_status":"open","ping_status":"closed","sticky":false,"template":"","format":"standard","meta":{"footnotes":""},"categories":[10,181],"tags":[2803,47506,33,46594],"class_list":["post-21554","post","type-post","status-publish","format-standard","has-post-thumbnail","hentry","category-policia","category-sao-vicente","tag-assalto","tag-roubo-com-bicicleta","tag-sao-vicente","tag-vila-melo"],"yoast_head":"<!-- This site is optimized with the Yoast SEO plugin v27.5 - https:\/\/yoast.com\/product\/yoast-seo-wordpress\/ -->\n<title>Moradores s\u00e3o roubados por um quarteto de bicicleta em S\u00e3o Vicente - Litoral SP<\/title>\n<meta name=\"description\" content=\"A vida para muitos moradores em S\u00e3o Vicente est\u00e1 longe de ser segura. Quatro bandidos de bicicleta e armados roubaram\" \/>\n<meta name=\"robots\" content=\"index, follow, max-snippet:-1, max-image-preview:large, max-video-preview:-1\" \/>\n<link rel=\"canonical\" href=\"https:\/\/redenoticiaz.com.br\/litoralsp\/2022\/01\/14\/moradores-sao-roubados-por-um-quarteto-de-bicicleta-em-sao-vicente\" \/>\n<meta property=\"og:locale\" content=\"pt_BR\" \/>\n<meta property=\"og:type\" content=\"article\" \/>\n<meta property=\"og:title\" content=\"Moradores s\u00e3o roubados por um quarteto de bicicleta em S\u00e3o Vicente - Litoral SP\" \/>\n<meta property=\"og:description\" content=\"A vida para muitos moradores em S\u00e3o Vicente est\u00e1 longe de ser segura. Quatro bandidos de bicicleta e armados roubaram\" \/>\n<meta property=\"og:url\" content=\"https:\/\/redenoticiaz.com.br\/litoralsp\/2022\/01\/14\/moradores-sao-roubados-por-um-quarteto-de-bicicleta-em-sao-vicente\" \/>\n<meta property=\"og:site_name\" content=\"Litoral SP\" \/>\n<meta property=\"article:published_time\" content=\"2022-01-14T21:17:18+00:00\" \/>\n<meta property=\"article:modified_time\" content=\"2022-01-14T21:17:49+00:00\" \/>\n<meta property=\"og:image\" content=\"https:\/\/redenoticiaz.com.br\/litoralsp\/wp-content\/uploads\/sites\/3\/2022\/01\/sv.jpg\" \/>\n\t<meta property=\"og:image:width\" content=\"984\" \/>\n\t<meta property=\"og:image:height\" content=\"554\" \/>\n\t<meta property=\"og:image:type\" content=\"image\/jpeg\" \/>\n<meta name=\"author\" content=\"Leonardo Francisco\" \/>\n<meta name=\"twitter:card\" content=\"summary_large_image\" \/>\n<meta name=\"twitter:label1\" content=\"Escrito por\" \/>\n\t<meta name=\"twitter:data1\" content=\"Leonardo Francisco\" \/>\n\t<meta name=\"twitter:label2\" content=\"Est. tempo de leitura\" \/>\n\t<meta name=\"twitter:data2\" content=\"1 minuto\" \/>\n<script type=\"application\/ld+json\" class=\"yoast-schema-graph\">{\"@context\":\"https:\\\/\\\/schema.org\",\"@graph\":[{\"@type\":\"Article\",\"@id\":\"https:\\\/\\\/redenoticiaz.com.br\\\/litoralsp\\\/2022\\\/01\\\/14\\\/moradores-sao-roubados-por-um-quarteto-de-bicicleta-em-sao-vicente#article\",\"isPartOf\":{\"@id\":\"https:\\\/\\\/redenoticiaz.com.br\\\/litoralsp\\\/2022\\\/01\\\/14\\\/moradores-sao-roubados-por-um-quarteto-de-bicicleta-em-sao-vicente\"},\"author\":{\"name\":\"Leonardo Francisco\",\"@id\":\"https:\\\/\\\/redenoticiaz.com.br\\\/litoralsp\\\/#\\\/schema\\\/person\\\/0f0b8a5bdafefe82841e07ae8d81ecb3\"},\"headline\":\"Moradores s\u00e3o roubados por um quarteto de bicicleta em S\u00e3o Vicente\",\"datePublished\":\"2022-01-14T21:17:18+00:00\",\"dateModified\":\"2022-01-14T21:17:49+00:00\",\"mainEntityOfPage\":{\"@id\":\"https:\\\/\\\/redenoticiaz.com.br\\\/litoralsp\\\/2022\\\/01\\\/14\\\/moradores-sao-roubados-por-um-quarteto-de-bicicleta-em-sao-vicente\"},\"wordCount\":245,\"commentCount\":0,\"publisher\":{\"@id\":\"https:\\\/\\\/redenoticiaz.com.br\\\/litoralsp\\\/#organization\"},\"image\":{\"@id\":\"https:\\\/\\\/redenoticiaz.com.br\\\/litoralsp\\\/2022\\\/01\\\/14\\\/moradores-sao-roubados-por-um-quarteto-de-bicicleta-em-sao-vicente#primaryimage\"},\"thumbnailUrl\":\"https:\\\/\\\/redenoticiaz.com.br\\\/litoralsp\\\/wp-content\\\/uploads\\\/sites\\\/3\\\/2022\\\/01\\\/sv.jpg\",\"keywords\":[\"Assalto\",\"ROUBO COM BICICLETA\",\"S\u00e3o Vicente\",\"VILA MELO\"],\"articleSection\":[\"Pol\u00edcia\",\"S\u00e3o Vicente\"],\"inLanguage\":\"pt-BR\",\"potentialAction\":[{\"@type\":\"CommentAction\",\"name\":\"Comment\",\"target\":[\"https:\\\/\\\/redenoticiaz.com.br\\\/litoralsp\\\/2022\\\/01\\\/14\\\/moradores-sao-roubados-por-um-quarteto-de-bicicleta-em-sao-vicente#respond\"]}]},{\"@type\":\"WebPage\",\"@id\":\"https:\\\/\\\/redenoticiaz.com.br\\\/litoralsp\\\/2022\\\/01\\\/14\\\/moradores-sao-roubados-por-um-quarteto-de-bicicleta-em-sao-vicente\",\"url\":\"https:\\\/\\\/redenoticiaz.com.br\\\/litoralsp\\\/2022\\\/01\\\/14\\\/moradores-sao-roubados-por-um-quarteto-de-bicicleta-em-sao-vicente\",\"name\":\"Moradores s\u00e3o roubados por um quarteto de bicicleta em S\u00e3o Vicente - Litoral SP\",\"isPartOf\":{\"@id\":\"https:\\\/\\\/redenoticiaz.com.br\\\/litoralsp\\\/#website\"},\"primaryImageOfPage\":{\"@id\":\"https:\\\/\\\/redenoticiaz.com.br\\\/litoralsp\\\/2022\\\/01\\\/14\\\/moradores-sao-roubados-por-um-quarteto-de-bicicleta-em-sao-vicente#primaryimage\"},\"image\":{\"@id\":\"https:\\\/\\\/redenoticiaz.com.br\\\/litoralsp\\\/2022\\\/01\\\/14\\\/moradores-sao-roubados-por-um-quarteto-de-bicicleta-em-sao-vicente#primaryimage\"},\"thumbnailUrl\":\"https:\\\/\\\/redenoticiaz.com.br\\\/litoralsp\\\/wp-content\\\/uploads\\\/sites\\\/3\\\/2022\\\/01\\\/sv.jpg\",\"datePublished\":\"2022-01-14T21:17:18+00:00\",\"dateModified\":\"2022-01-14T21:17:49+00:00\",\"description\":\"A vida para muitos moradores em S\u00e3o Vicente est\u00e1 longe de ser segura. Quatro bandidos de bicicleta e armados roubaram\",\"inLanguage\":\"pt-BR\",\"potentialAction\":[{\"@type\":\"ReadAction\",\"target\":[\"https:\\\/\\\/redenoticiaz.com.br\\\/litoralsp\\\/2022\\\/01\\\/14\\\/moradores-sao-roubados-por-um-quarteto-de-bicicleta-em-sao-vicente\"]}]},{\"@type\":\"ImageObject\",\"inLanguage\":\"pt-BR\",\"@id\":\"https:\\\/\\\/redenoticiaz.com.br\\\/litoralsp\\\/2022\\\/01\\\/14\\\/moradores-sao-roubados-por-um-quarteto-de-bicicleta-em-sao-vicente#primaryimage\",\"url\":\"https:\\\/\\\/redenoticiaz.com.br\\\/litoralsp\\\/wp-content\\\/uploads\\\/sites\\\/3\\\/2022\\\/01\\\/sv.jpg\",\"contentUrl\":\"https:\\\/\\\/redenoticiaz.com.br\\\/litoralsp\\\/wp-content\\\/uploads\\\/sites\\\/3\\\/2022\\\/01\\\/sv.jpg\",\"width\":984,\"height\":554,\"caption\":\"Cr\u00e9ditos: Reprodu\u00e7\u00e3o\"},{\"@type\":\"WebSite\",\"@id\":\"https:\\\/\\\/redenoticiaz.com.br\\\/litoralsp\\\/#website\",\"url\":\"https:\\\/\\\/redenoticiaz.com.br\\\/litoralsp\\\/\",\"name\":\"Litoral SP\",\"description\":\"Rede NoticiaZ\",\"publisher\":{\"@id\":\"https:\\\/\\\/redenoticiaz.com.br\\\/litoralsp\\\/#organization\"},\"potentialAction\":[{\"@type\":\"SearchAction\",\"target\":{\"@type\":\"EntryPoint\",\"urlTemplate\":\"https:\\\/\\\/redenoticiaz.com.br\\\/litoralsp\\\/?s={search_term_string}\"},\"query-input\":{\"@type\":\"PropertyValueSpecification\",\"valueRequired\":true,\"valueName\":\"search_term_string\"}}],\"inLanguage\":\"pt-BR\"},{\"@type\":\"Organization\",\"@id\":\"https:\\\/\\\/redenoticiaz.com.br\\\/litoralsp\\\/#organization\",\"name\":\"Litoral SP\",\"url\":\"https:\\\/\\\/redenoticiaz.com.br\\\/litoralsp\\\/\",\"logo\":{\"@type\":\"ImageObject\",\"inLanguage\":\"pt-BR\",\"@id\":\"https:\\\/\\\/redenoticiaz.com.br\\\/litoralsp\\\/#\\\/schema\\\/logo\\\/image\\\/\",\"url\":\"https:\\\/\\\/redenoticiaz.com.br\\\/litoralsp\\\/wp-content\\\/uploads\\\/sites\\\/3\\\/2020\\\/11\\\/logo.jpg\",\"contentUrl\":\"https:\\\/\\\/redenoticiaz.com.br\\\/litoralsp\\\/wp-content\\\/uploads\\\/sites\\\/3\\\/2020\\\/11\\\/logo.jpg\",\"width\":400,\"height\":250,\"caption\":\"Litoral SP\"},\"image\":{\"@id\":\"https:\\\/\\\/redenoticiaz.com.br\\\/litoralsp\\\/#\\\/schema\\\/logo\\\/image\\\/\"}},{\"@type\":\"Person\",\"@id\":\"https:\\\/\\\/redenoticiaz.com.br\\\/litoralsp\\\/#\\\/schema\\\/person\\\/0f0b8a5bdafefe82841e07ae8d81ecb3\",\"name\":\"Leonardo Francisco\",\"image\":{\"@type\":\"ImageObject\",\"inLanguage\":\"pt-BR\",\"@id\":\"https:\\\/\\\/secure.gravatar.com\\\/avatar\\\/a7358cb406a99b682ec6df1e77e31ae82e63601f6784e8a3df411d72b37864da?s=96&d=mm&r=g\",\"url\":\"https:\\\/\\\/secure.gravatar.com\\\/avatar\\\/a7358cb406a99b682ec6df1e77e31ae82e63601f6784e8a3df411d72b37864da?s=96&d=mm&r=g\",\"contentUrl\":\"https:\\\/\\\/secure.gravatar.com\\\/avatar\\\/a7358cb406a99b682ec6df1e77e31ae82e63601f6784e8a3df411d72b37864da?s=96&d=mm&r=g\",\"caption\":\"Leonardo Francisco\"},\"url\":\"https:\\\/\\\/redenoticiaz.com.br\\\/litoralsp\\\/author\\\/leonardo-francisco\"}]}<\/script>\n<!-- \/ Yoast SEO plugin. -->","yoast_head_json":{"title":"Moradores s\u00e3o roubados por um quarteto de bicicleta em S\u00e3o Vicente - Litoral SP","description":"A vida para muitos moradores em S\u00e3o Vicente est\u00e1 longe de ser segura. Quatro bandidos de bicicleta e armados roubaram","robots":{"index":"index","follow":"follow","max-snippet":"max-snippet:-1","max-image-preview":"max-image-preview:large","max-video-preview":"max-video-preview:-1"},"canonical":"https:\/\/redenoticiaz.com.br\/litoralsp\/2022\/01\/14\/moradores-sao-roubados-por-um-quarteto-de-bicicleta-em-sao-vicente","og_locale":"pt_BR","og_type":"article","og_title":"Moradores s\u00e3o roubados por um quarteto de bicicleta em S\u00e3o Vicente - Litoral SP","og_description":"A vida para muitos moradores em S\u00e3o Vicente est\u00e1 longe de ser segura. Quatro bandidos de bicicleta e armados roubaram","og_url":"https:\/\/redenoticiaz.com.br\/litoralsp\/2022\/01\/14\/moradores-sao-roubados-por-um-quarteto-de-bicicleta-em-sao-vicente","og_site_name":"Litoral SP","article_published_time":"2022-01-14T21:17:18+00:00","article_modified_time":"2022-01-14T21:17:49+00:00","og_image":[{"width":984,"height":554,"url":"https:\/\/redenoticiaz.com.br\/litoralsp\/wp-content\/uploads\/sites\/3\/2022\/01\/sv.jpg","type":"image\/jpeg"}],"author":"Leonardo Francisco","twitter_card":"summary_large_image","twitter_misc":{"Escrito por":"Leonardo Francisco","Est. tempo de leitura":"1 minuto"},"schema":{"@context":"https:\/\/schema.org","@graph":[{"@type":"Article","@id":"https:\/\/redenoticiaz.com.br\/litoralsp\/2022\/01\/14\/moradores-sao-roubados-por-um-quarteto-de-bicicleta-em-sao-vicente#article","isPartOf":{"@id":"https:\/\/redenoticiaz.com.br\/litoralsp\/2022\/01\/14\/moradores-sao-roubados-por-um-quarteto-de-bicicleta-em-sao-vicente"},"author":{"name":"Leonardo Francisco","@id":"https:\/\/redenoticiaz.com.br\/litoralsp\/#\/schema\/person\/0f0b8a5bdafefe82841e07ae8d81ecb3"},"headline":"Moradores s\u00e3o roubados por um quarteto de bicicleta em S\u00e3o Vicente","datePublished":"2022-01-14T21:17:18+00:00","dateModified":"2022-01-14T21:17:49+00:00","mainEntityOfPage":{"@id":"https:\/\/redenoticiaz.com.br\/litoralsp\/2022\/01\/14\/moradores-sao-roubados-por-um-quarteto-de-bicicleta-em-sao-vicente"},"wordCount":245,"commentCount":0,"publisher":{"@id":"https:\/\/redenoticiaz.com.br\/litoralsp\/#organization"},"image":{"@id":"https:\/\/redenoticiaz.com.br\/litoralsp\/2022\/01\/14\/moradores-sao-roubados-por-um-quarteto-de-bicicleta-em-sao-vicente#primaryimage"},"thumbnailUrl":"https:\/\/redenoticiaz.com.br\/litoralsp\/wp-content\/uploads\/sites\/3\/2022\/01\/sv.jpg","keywords":["Assalto","ROUBO COM BICICLETA","S\u00e3o Vicente","VILA MELO"],"articleSection":["Pol\u00edcia","S\u00e3o Vicente"],"inLanguage":"pt-BR","potentialAction":[{"@type":"CommentAction","name":"Comment","target":["https:\/\/redenoticiaz.com.br\/litoralsp\/2022\/01\/14\/moradores-sao-roubados-por-um-quarteto-de-bicicleta-em-sao-vicente#respond"]}]},{"@type":"WebPage","@id":"https:\/\/redenoticiaz.com.br\/litoralsp\/2022\/01\/14\/moradores-sao-roubados-por-um-quarteto-de-bicicleta-em-sao-vicente","url":"https:\/\/redenoticiaz.com.br\/litoralsp\/2022\/01\/14\/moradores-sao-roubados-por-um-quarteto-de-bicicleta-em-sao-vicente","name":"Moradores s\u00e3o roubados por um quarteto de bicicleta em S\u00e3o Vicente - Litoral SP","isPartOf":{"@id":"https:\/\/redenoticiaz.com.br\/litoralsp\/#website"},"primaryImageOfPage":{"@id":"https:\/\/redenoticiaz.com.br\/litoralsp\/2022\/01\/14\/moradores-sao-roubados-por-um-quarteto-de-bicicleta-em-sao-vicente#primaryimage"},"image":{"@id":"https:\/\/redenoticiaz.com.br\/litoralsp\/2022\/01\/14\/moradores-sao-roubados-por-um-quarteto-de-bicicleta-em-sao-vicente#primaryimage"},"thumbnailUrl":"https:\/\/redenoticiaz.com.br\/litoralsp\/wp-content\/uploads\/sites\/3\/2022\/01\/sv.jpg","datePublished":"2022-01-14T21:17:18+00:00","dateModified":"2022-01-14T21:17:49+00:00","description":"A vida para muitos moradores em S\u00e3o Vicente est\u00e1 longe de ser segura. Quatro bandidos de bicicleta e armados roubaram","inLanguage":"pt-BR","potentialAction":[{"@type":"ReadAction","target":["https:\/\/redenoticiaz.com.br\/litoralsp\/2022\/01\/14\/moradores-sao-roubados-por-um-quarteto-de-bicicleta-em-sao-vicente"]}]},{"@type":"ImageObject","inLanguage":"pt-BR","@id":"https:\/\/redenoticiaz.com.br\/litoralsp\/2022\/01\/14\/moradores-sao-roubados-por-um-quarteto-de-bicicleta-em-sao-vicente#primaryimage","url":"https:\/\/redenoticiaz.com.br\/litoralsp\/wp-content\/uploads\/sites\/3\/2022\/01\/sv.jpg","contentUrl":"https:\/\/redenoticiaz.com.br\/litoralsp\/wp-content\/uploads\/sites\/3\/2022\/01\/sv.jpg","width":984,"height":554,"caption":"Cr\u00e9ditos: Reprodu\u00e7\u00e3o"},{"@type":"WebSite","@id":"https:\/\/redenoticiaz.com.br\/litoralsp\/#website","url":"https:\/\/redenoticiaz.com.br\/litoralsp\/","name":"Litoral SP","description":"Rede NoticiaZ","publisher":{"@id":"https:\/\/redenoticiaz.com.br\/litoralsp\/#organization"},"potentialAction":[{"@type":"SearchAction","target":{"@type":"EntryPoint","urlTemplate":"https:\/\/redenoticiaz.com.br\/litoralsp\/?s={search_term_string}"},"query-input":{"@type":"PropertyValueSpecification","valueRequired":true,"valueName":"search_term_string"}}],"inLanguage":"pt-BR"},{"@type":"Organization","@id":"https:\/\/redenoticiaz.com.br\/litoralsp\/#organization","name":"Litoral SP","url":"https:\/\/redenoticiaz.com.br\/litoralsp\/","logo":{"@type":"ImageObject","inLanguage":"pt-BR","@id":"https:\/\/redenoticiaz.com.br\/litoralsp\/#\/schema\/logo\/image\/","url":"https:\/\/redenoticiaz.com.br\/litoralsp\/wp-content\/uploads\/sites\/3\/2020\/11\/logo.jpg","contentUrl":"https:\/\/redenoticiaz.com.br\/litoralsp\/wp-content\/uploads\/sites\/3\/2020\/11\/logo.jpg","width":400,"height":250,"caption":"Litoral SP"},"image":{"@id":"https:\/\/redenoticiaz.com.br\/litoralsp\/#\/schema\/logo\/image\/"}},{"@type":"Person","@id":"https:\/\/redenoticiaz.com.br\/litoralsp\/#\/schema\/person\/0f0b8a5bdafefe82841e07ae8d81ecb3","name":"Leonardo Francisco","image":{"@type":"ImageObject","inLanguage":"pt-BR","@id":"https:\/\/secure.gravatar.com\/avatar\/a7358cb406a99b682ec6df1e77e31ae82e63601f6784e8a3df411d72b37864da?s=96&d=mm&r=g","url":"https:\/\/secure.gravatar.com\/avatar\/a7358cb406a99b682ec6df1e77e31ae82e63601f6784e8a3df411d72b37864da?s=96&d=mm&r=g","contentUrl":"https:\/\/secure.gravatar.com\/avatar\/a7358cb406a99b682ec6df1e77e31ae82e63601f6784e8a3df411d72b37864da?s=96&d=mm&r=g","caption":"Leonardo Francisco"},"url":"https:\/\/redenoticiaz.com.br\/litoralsp\/author\/leonardo-francisco"}]}},"_links":{"self":[{"href":"https:\/\/redenoticiaz.com.br\/litoralsp\/wp-json\/wp\/v2\/posts\/21554","targetHints":{"allow":["GET"]}}],"collection":[{"href":"https:\/\/redenoticiaz.com.br\/litoralsp\/wp-json\/wp\/v2\/posts"}],"about":[{"href":"https:\/\/redenoticiaz.com.br\/litoralsp\/wp-json\/wp\/v2\/types\/post"}],"author":[{"embeddable":true,"href":"https:\/\/redenoticiaz.com.br\/litoralsp\/wp-json\/wp\/v2\/users\/6"}],"replies":[{"embeddable":true,"href":"https:\/\/redenoticiaz.com.br\/litoralsp\/wp-json\/wp\/v2\/comments?post=21554"}],"version-history":[{"count":1,"href":"https:\/\/redenoticiaz.com.br\/litoralsp\/wp-json\/wp\/v2\/posts\/21554\/revisions"}],"predecessor-version":[{"id":21556,"href":"https:\/\/redenoticiaz.com.br\/litoralsp\/wp-json\/wp\/v2\/posts\/21554\/revisions\/21556"}],"wp:featuredmedia":[{"embeddable":true,"href":"https:\/\/redenoticiaz.com.br\/litoralsp\/wp-json\/wp\/v2\/media\/21555"}],"wp:attachment":[{"href":"https:\/\/redenoticiaz.com.br\/litoralsp\/wp-json\/wp\/v2\/media?parent=21554"}],"wp:term":[{"taxonomy":"category","embeddable":true,"href":"https:\/\/redenoticiaz.com.br\/litoralsp\/wp-json\/wp\/v2\/categories?post=21554"},{"taxonomy":"post_tag","embeddable":true,"href":"https:\/\/redenoticiaz.com.br\/litoralsp\/wp-json\/wp\/v2\/tags?post=21554"}],"curies":[{"name":"wp","href":"https:\/\/api.w.org\/{rel}","templated":true}]}}