{"id":21687,"date":"2022-01-16T18:22:25","date_gmt":"2022-01-16T21:22:25","guid":{"rendered":"https:\/\/redenoticiaz.com.br\/litoralsp\/?p=21687"},"modified":"2022-01-16T18:22:41","modified_gmt":"2022-01-16T21:22:41","slug":"homem-afoga-em-lagoa-de-santos-e-morre","status":"publish","type":"post","link":"https:\/\/redenoticiaz.com.br\/litoralsp\/2022\/01\/16\/homem-afoga-em-lagoa-de-santos-e-morre","title":{"rendered":"Homem afoga em lagoa de Santos e morre"},"content":{"rendered":"<p>O domingo (16) foi bem quente em <a href=\"https:\/\/www.santos.sp.gov.br\/\">Santos<\/a> e isto acabou sendo um convite para se refrescar. S\u00f3 que um destes casos terminou muito mal para um homem de 30 anos. Ele foi dar um mergulho na Lagoa da Saudade, no Morro da Nova Cintra, mas se <strong>afogou<\/strong>. O Corpo de Bombeiros foi acionado e encontrou o corpo j\u00e1 sem vida.<\/p>\n<p>De acordo com a corpora\u00e7\u00e3o, era por volta das 13h, qando ele foi dar um mergulho, mas depois n\u00e3o foi mais visto. Testemunhas que passavam pelo local contaram aos bombeiros que viram ele afundar. As equipes foram acionadas no come\u00e7o da tarde e elas vieram com 11 bombeiros divididos em tr\u00eas bombeiros.<\/p>\n<p>Os bombeiros entraram na \u00e1gua e fizeram buscas por mergulho. Por volta das 15h30, ou seja, duas horas e meia depois da ocorr\u00eancia, eles encontraram o corpo da v\u00edtima, que foi retirado da \u00e1gua. Ele estava bem no fundo da lagoa.<\/p>\n<p>Em nota, a Prefeitura de Santos informou que o Servi\u00e7o de Atendimento M\u00f3vel de Urg\u00eancia (Samu) n\u00e3o foi acionado para prestar apoio na ocorr\u00eancia.<\/p>\n<p><strong>LEIA TAMB\u00c9M<\/strong><\/p>\n<p><a href=\"https:\/\/redenoticiaz.com.br\/litoralsp\/2022\/01\/16\/pescador-encontra-corpo-de-homem-em-ilha-de-santos\">Pescador encontra corpo de homem em ilha de Santos<\/a><\/p>\n","protected":false},"excerpt":{"rendered":"<p>O domingo (16) foi bem quente em Santos e isto acabou sendo um convite para se refrescar. S\u00f3 que um destes casos terminou muito mal para um homem de 30 anos. Ele foi dar um mergulho na Lagoa da Saudade, no Morro da Nova Cintra, mas se afogou. O Corpo de Bombeiros foi acionado e &hellip;<\/p>\n","protected":false},"author":6,"featured_media":21688,"comment_status":"open","ping_status":"closed","sticky":false,"template":"","format":"standard","meta":{"footnotes":""},"categories":[10,180],"tags":[5316,5315,47734,14438,986],"class_list":["post-21687","post","type-post","status-publish","format-standard","has-post-thumbnail","hentry","category-policia","category-santos","tag-corpo-de-bombeiros","tag-homem-afogado","tag-lagoa-da-saudade","tag-morro-da-nova-cintra","tag-santos"],"yoast_head":"<!-- This site is optimized with the Yoast SEO plugin v27.5 - https:\/\/yoast.com\/product\/yoast-seo-wordpress\/ -->\n<title>Homem afoga em lagoa de Santos e morre - Litoral SP<\/title>\n<meta name=\"description\" content=\"convite para se refrescar. S\u00f3 que um destes casos terminou muito mal para um homem de 30 anos. Ele foi dar um mergulho na Lagoa\" \/>\n<meta name=\"robots\" content=\"index, follow, max-snippet:-1, max-image-preview:large, max-video-preview:-1\" \/>\n<link rel=\"canonical\" href=\"https:\/\/redenoticiaz.com.br\/litoralsp\/2022\/01\/16\/homem-afoga-em-lagoa-de-santos-e-morre\" \/>\n<meta property=\"og:locale\" content=\"pt_BR\" \/>\n<meta property=\"og:type\" content=\"article\" \/>\n<meta property=\"og:title\" content=\"Homem afoga em lagoa de Santos e morre - Litoral SP\" \/>\n<meta property=\"og:description\" content=\"convite para se refrescar. S\u00f3 que um destes casos terminou muito mal para um homem de 30 anos. Ele foi dar um mergulho na Lagoa\" \/>\n<meta property=\"og:url\" content=\"https:\/\/redenoticiaz.com.br\/litoralsp\/2022\/01\/16\/homem-afoga-em-lagoa-de-santos-e-morre\" \/>\n<meta property=\"og:site_name\" content=\"Litoral SP\" \/>\n<meta property=\"article:published_time\" content=\"2022-01-16T21:22:25+00:00\" \/>\n<meta property=\"article:modified_time\" content=\"2022-01-16T21:22:41+00:00\" \/>\n<meta property=\"og:image\" content=\"https:\/\/redenoticiaz.com.br\/litoralsp\/wp-content\/uploads\/sites\/3\/2022\/01\/retira-corpo.jpeg\" \/>\n\t<meta property=\"og:image:width\" content=\"984\" \/>\n\t<meta property=\"og:image:height\" content=\"613\" \/>\n\t<meta property=\"og:image:type\" content=\"image\/jpeg\" \/>\n<meta name=\"author\" content=\"Leonardo Francisco\" \/>\n<meta name=\"twitter:card\" content=\"summary_large_image\" \/>\n<meta name=\"twitter:label1\" content=\"Escrito por\" \/>\n\t<meta name=\"twitter:data1\" content=\"Leonardo Francisco\" \/>\n\t<meta name=\"twitter:label2\" content=\"Est. tempo de leitura\" \/>\n\t<meta name=\"twitter:data2\" content=\"1 minuto\" \/>\n<script type=\"application\/ld+json\" class=\"yoast-schema-graph\">{\"@context\":\"https:\\\/\\\/schema.org\",\"@graph\":[{\"@type\":\"Article\",\"@id\":\"https:\\\/\\\/redenoticiaz.com.br\\\/litoralsp\\\/2022\\\/01\\\/16\\\/homem-afoga-em-lagoa-de-santos-e-morre#article\",\"isPartOf\":{\"@id\":\"https:\\\/\\\/redenoticiaz.com.br\\\/litoralsp\\\/2022\\\/01\\\/16\\\/homem-afoga-em-lagoa-de-santos-e-morre\"},\"author\":{\"name\":\"Leonardo Francisco\",\"@id\":\"https:\\\/\\\/redenoticiaz.com.br\\\/litoralsp\\\/#\\\/schema\\\/person\\\/0f0b8a5bdafefe82841e07ae8d81ecb3\"},\"headline\":\"Homem afoga em lagoa de Santos e morre\",\"datePublished\":\"2022-01-16T21:22:25+00:00\",\"dateModified\":\"2022-01-16T21:22:41+00:00\",\"mainEntityOfPage\":{\"@id\":\"https:\\\/\\\/redenoticiaz.com.br\\\/litoralsp\\\/2022\\\/01\\\/16\\\/homem-afoga-em-lagoa-de-santos-e-morre\"},\"wordCount\":206,\"commentCount\":0,\"publisher\":{\"@id\":\"https:\\\/\\\/redenoticiaz.com.br\\\/litoralsp\\\/#organization\"},\"image\":{\"@id\":\"https:\\\/\\\/redenoticiaz.com.br\\\/litoralsp\\\/2022\\\/01\\\/16\\\/homem-afoga-em-lagoa-de-santos-e-morre#primaryimage\"},\"thumbnailUrl\":\"https:\\\/\\\/redenoticiaz.com.br\\\/litoralsp\\\/wp-content\\\/uploads\\\/sites\\\/3\\\/2022\\\/01\\\/retira-corpo.jpeg\",\"keywords\":[\"CORPO DE BOMBEIROS\",\"HOMEM AFOGADO\",\"LAGOA DA SAUDADE\",\"MORRO DA NOVA CINTRA\",\"Santos\"],\"articleSection\":[\"Pol\u00edcia\",\"Santos\"],\"inLanguage\":\"pt-BR\",\"potentialAction\":[{\"@type\":\"CommentAction\",\"name\":\"Comment\",\"target\":[\"https:\\\/\\\/redenoticiaz.com.br\\\/litoralsp\\\/2022\\\/01\\\/16\\\/homem-afoga-em-lagoa-de-santos-e-morre#respond\"]}]},{\"@type\":\"WebPage\",\"@id\":\"https:\\\/\\\/redenoticiaz.com.br\\\/litoralsp\\\/2022\\\/01\\\/16\\\/homem-afoga-em-lagoa-de-santos-e-morre\",\"url\":\"https:\\\/\\\/redenoticiaz.com.br\\\/litoralsp\\\/2022\\\/01\\\/16\\\/homem-afoga-em-lagoa-de-santos-e-morre\",\"name\":\"Homem afoga em lagoa de Santos e morre - Litoral SP\",\"isPartOf\":{\"@id\":\"https:\\\/\\\/redenoticiaz.com.br\\\/litoralsp\\\/#website\"},\"primaryImageOfPage\":{\"@id\":\"https:\\\/\\\/redenoticiaz.com.br\\\/litoralsp\\\/2022\\\/01\\\/16\\\/homem-afoga-em-lagoa-de-santos-e-morre#primaryimage\"},\"image\":{\"@id\":\"https:\\\/\\\/redenoticiaz.com.br\\\/litoralsp\\\/2022\\\/01\\\/16\\\/homem-afoga-em-lagoa-de-santos-e-morre#primaryimage\"},\"thumbnailUrl\":\"https:\\\/\\\/redenoticiaz.com.br\\\/litoralsp\\\/wp-content\\\/uploads\\\/sites\\\/3\\\/2022\\\/01\\\/retira-corpo.jpeg\",\"datePublished\":\"2022-01-16T21:22:25+00:00\",\"dateModified\":\"2022-01-16T21:22:41+00:00\",\"description\":\"convite para se refrescar. S\u00f3 que um destes casos terminou muito mal para um homem de 30 anos. Ele foi dar um mergulho na Lagoa\",\"inLanguage\":\"pt-BR\",\"potentialAction\":[{\"@type\":\"ReadAction\",\"target\":[\"https:\\\/\\\/redenoticiaz.com.br\\\/litoralsp\\\/2022\\\/01\\\/16\\\/homem-afoga-em-lagoa-de-santos-e-morre\"]}]},{\"@type\":\"ImageObject\",\"inLanguage\":\"pt-BR\",\"@id\":\"https:\\\/\\\/redenoticiaz.com.br\\\/litoralsp\\\/2022\\\/01\\\/16\\\/homem-afoga-em-lagoa-de-santos-e-morre#primaryimage\",\"url\":\"https:\\\/\\\/redenoticiaz.com.br\\\/litoralsp\\\/wp-content\\\/uploads\\\/sites\\\/3\\\/2022\\\/01\\\/retira-corpo.jpeg\",\"contentUrl\":\"https:\\\/\\\/redenoticiaz.com.br\\\/litoralsp\\\/wp-content\\\/uploads\\\/sites\\\/3\\\/2022\\\/01\\\/retira-corpo.jpeg\",\"width\":984,\"height\":613,\"caption\":\"Corpo s\u00f3 foi achado bem no fundo do local. Cr\u00e9ditos: Reprodu\u00e7\u00e3o.\"},{\"@type\":\"WebSite\",\"@id\":\"https:\\\/\\\/redenoticiaz.com.br\\\/litoralsp\\\/#website\",\"url\":\"https:\\\/\\\/redenoticiaz.com.br\\\/litoralsp\\\/\",\"name\":\"Litoral SP\",\"description\":\"Rede NoticiaZ\",\"publisher\":{\"@id\":\"https:\\\/\\\/redenoticiaz.com.br\\\/litoralsp\\\/#organization\"},\"potentialAction\":[{\"@type\":\"SearchAction\",\"target\":{\"@type\":\"EntryPoint\",\"urlTemplate\":\"https:\\\/\\\/redenoticiaz.com.br\\\/litoralsp\\\/?s={search_term_string}\"},\"query-input\":{\"@type\":\"PropertyValueSpecification\",\"valueRequired\":true,\"valueName\":\"search_term_string\"}}],\"inLanguage\":\"pt-BR\"},{\"@type\":\"Organization\",\"@id\":\"https:\\\/\\\/redenoticiaz.com.br\\\/litoralsp\\\/#organization\",\"name\":\"Litoral SP\",\"url\":\"https:\\\/\\\/redenoticiaz.com.br\\\/litoralsp\\\/\",\"logo\":{\"@type\":\"ImageObject\",\"inLanguage\":\"pt-BR\",\"@id\":\"https:\\\/\\\/redenoticiaz.com.br\\\/litoralsp\\\/#\\\/schema\\\/logo\\\/image\\\/\",\"url\":\"https:\\\/\\\/redenoticiaz.com.br\\\/litoralsp\\\/wp-content\\\/uploads\\\/sites\\\/3\\\/2020\\\/11\\\/logo.jpg\",\"contentUrl\":\"https:\\\/\\\/redenoticiaz.com.br\\\/litoralsp\\\/wp-content\\\/uploads\\\/sites\\\/3\\\/2020\\\/11\\\/logo.jpg\",\"width\":400,\"height\":250,\"caption\":\"Litoral SP\"},\"image\":{\"@id\":\"https:\\\/\\\/redenoticiaz.com.br\\\/litoralsp\\\/#\\\/schema\\\/logo\\\/image\\\/\"}},{\"@type\":\"Person\",\"@id\":\"https:\\\/\\\/redenoticiaz.com.br\\\/litoralsp\\\/#\\\/schema\\\/person\\\/0f0b8a5bdafefe82841e07ae8d81ecb3\",\"name\":\"Leonardo Francisco\",\"image\":{\"@type\":\"ImageObject\",\"inLanguage\":\"pt-BR\",\"@id\":\"https:\\\/\\\/secure.gravatar.com\\\/avatar\\\/a7358cb406a99b682ec6df1e77e31ae82e63601f6784e8a3df411d72b37864da?s=96&d=mm&r=g\",\"url\":\"https:\\\/\\\/secure.gravatar.com\\\/avatar\\\/a7358cb406a99b682ec6df1e77e31ae82e63601f6784e8a3df411d72b37864da?s=96&d=mm&r=g\",\"contentUrl\":\"https:\\\/\\\/secure.gravatar.com\\\/avatar\\\/a7358cb406a99b682ec6df1e77e31ae82e63601f6784e8a3df411d72b37864da?s=96&d=mm&r=g\",\"caption\":\"Leonardo Francisco\"},\"url\":\"https:\\\/\\\/redenoticiaz.com.br\\\/litoralsp\\\/author\\\/leonardo-francisco\"}]}<\/script>\n<!-- \/ Yoast SEO plugin. -->","yoast_head_json":{"title":"Homem afoga em lagoa de Santos e morre - Litoral SP","description":"convite para se refrescar. S\u00f3 que um destes casos terminou muito mal para um homem de 30 anos. Ele foi dar um mergulho na Lagoa","robots":{"index":"index","follow":"follow","max-snippet":"max-snippet:-1","max-image-preview":"max-image-preview:large","max-video-preview":"max-video-preview:-1"},"canonical":"https:\/\/redenoticiaz.com.br\/litoralsp\/2022\/01\/16\/homem-afoga-em-lagoa-de-santos-e-morre","og_locale":"pt_BR","og_type":"article","og_title":"Homem afoga em lagoa de Santos e morre - Litoral SP","og_description":"convite para se refrescar. S\u00f3 que um destes casos terminou muito mal para um homem de 30 anos. Ele foi dar um mergulho na Lagoa","og_url":"https:\/\/redenoticiaz.com.br\/litoralsp\/2022\/01\/16\/homem-afoga-em-lagoa-de-santos-e-morre","og_site_name":"Litoral SP","article_published_time":"2022-01-16T21:22:25+00:00","article_modified_time":"2022-01-16T21:22:41+00:00","og_image":[{"width":984,"height":613,"url":"https:\/\/redenoticiaz.com.br\/litoralsp\/wp-content\/uploads\/sites\/3\/2022\/01\/retira-corpo.jpeg","type":"image\/jpeg"}],"author":"Leonardo Francisco","twitter_card":"summary_large_image","twitter_misc":{"Escrito por":"Leonardo Francisco","Est. tempo de leitura":"1 minuto"},"schema":{"@context":"https:\/\/schema.org","@graph":[{"@type":"Article","@id":"https:\/\/redenoticiaz.com.br\/litoralsp\/2022\/01\/16\/homem-afoga-em-lagoa-de-santos-e-morre#article","isPartOf":{"@id":"https:\/\/redenoticiaz.com.br\/litoralsp\/2022\/01\/16\/homem-afoga-em-lagoa-de-santos-e-morre"},"author":{"name":"Leonardo Francisco","@id":"https:\/\/redenoticiaz.com.br\/litoralsp\/#\/schema\/person\/0f0b8a5bdafefe82841e07ae8d81ecb3"},"headline":"Homem afoga em lagoa de Santos e morre","datePublished":"2022-01-16T21:22:25+00:00","dateModified":"2022-01-16T21:22:41+00:00","mainEntityOfPage":{"@id":"https:\/\/redenoticiaz.com.br\/litoralsp\/2022\/01\/16\/homem-afoga-em-lagoa-de-santos-e-morre"},"wordCount":206,"commentCount":0,"publisher":{"@id":"https:\/\/redenoticiaz.com.br\/litoralsp\/#organization"},"image":{"@id":"https:\/\/redenoticiaz.com.br\/litoralsp\/2022\/01\/16\/homem-afoga-em-lagoa-de-santos-e-morre#primaryimage"},"thumbnailUrl":"https:\/\/redenoticiaz.com.br\/litoralsp\/wp-content\/uploads\/sites\/3\/2022\/01\/retira-corpo.jpeg","keywords":["CORPO DE BOMBEIROS","HOMEM AFOGADO","LAGOA DA SAUDADE","MORRO DA NOVA CINTRA","Santos"],"articleSection":["Pol\u00edcia","Santos"],"inLanguage":"pt-BR","potentialAction":[{"@type":"CommentAction","name":"Comment","target":["https:\/\/redenoticiaz.com.br\/litoralsp\/2022\/01\/16\/homem-afoga-em-lagoa-de-santos-e-morre#respond"]}]},{"@type":"WebPage","@id":"https:\/\/redenoticiaz.com.br\/litoralsp\/2022\/01\/16\/homem-afoga-em-lagoa-de-santos-e-morre","url":"https:\/\/redenoticiaz.com.br\/litoralsp\/2022\/01\/16\/homem-afoga-em-lagoa-de-santos-e-morre","name":"Homem afoga em lagoa de Santos e morre - Litoral SP","isPartOf":{"@id":"https:\/\/redenoticiaz.com.br\/litoralsp\/#website"},"primaryImageOfPage":{"@id":"https:\/\/redenoticiaz.com.br\/litoralsp\/2022\/01\/16\/homem-afoga-em-lagoa-de-santos-e-morre#primaryimage"},"image":{"@id":"https:\/\/redenoticiaz.com.br\/litoralsp\/2022\/01\/16\/homem-afoga-em-lagoa-de-santos-e-morre#primaryimage"},"thumbnailUrl":"https:\/\/redenoticiaz.com.br\/litoralsp\/wp-content\/uploads\/sites\/3\/2022\/01\/retira-corpo.jpeg","datePublished":"2022-01-16T21:22:25+00:00","dateModified":"2022-01-16T21:22:41+00:00","description":"convite para se refrescar. S\u00f3 que um destes casos terminou muito mal para um homem de 30 anos. Ele foi dar um mergulho na Lagoa","inLanguage":"pt-BR","potentialAction":[{"@type":"ReadAction","target":["https:\/\/redenoticiaz.com.br\/litoralsp\/2022\/01\/16\/homem-afoga-em-lagoa-de-santos-e-morre"]}]},{"@type":"ImageObject","inLanguage":"pt-BR","@id":"https:\/\/redenoticiaz.com.br\/litoralsp\/2022\/01\/16\/homem-afoga-em-lagoa-de-santos-e-morre#primaryimage","url":"https:\/\/redenoticiaz.com.br\/litoralsp\/wp-content\/uploads\/sites\/3\/2022\/01\/retira-corpo.jpeg","contentUrl":"https:\/\/redenoticiaz.com.br\/litoralsp\/wp-content\/uploads\/sites\/3\/2022\/01\/retira-corpo.jpeg","width":984,"height":613,"caption":"Corpo s\u00f3 foi achado bem no fundo do local. Cr\u00e9ditos: Reprodu\u00e7\u00e3o."},{"@type":"WebSite","@id":"https:\/\/redenoticiaz.com.br\/litoralsp\/#website","url":"https:\/\/redenoticiaz.com.br\/litoralsp\/","name":"Litoral SP","description":"Rede NoticiaZ","publisher":{"@id":"https:\/\/redenoticiaz.com.br\/litoralsp\/#organization"},"potentialAction":[{"@type":"SearchAction","target":{"@type":"EntryPoint","urlTemplate":"https:\/\/redenoticiaz.com.br\/litoralsp\/?s={search_term_string}"},"query-input":{"@type":"PropertyValueSpecification","valueRequired":true,"valueName":"search_term_string"}}],"inLanguage":"pt-BR"},{"@type":"Organization","@id":"https:\/\/redenoticiaz.com.br\/litoralsp\/#organization","name":"Litoral SP","url":"https:\/\/redenoticiaz.com.br\/litoralsp\/","logo":{"@type":"ImageObject","inLanguage":"pt-BR","@id":"https:\/\/redenoticiaz.com.br\/litoralsp\/#\/schema\/logo\/image\/","url":"https:\/\/redenoticiaz.com.br\/litoralsp\/wp-content\/uploads\/sites\/3\/2020\/11\/logo.jpg","contentUrl":"https:\/\/redenoticiaz.com.br\/litoralsp\/wp-content\/uploads\/sites\/3\/2020\/11\/logo.jpg","width":400,"height":250,"caption":"Litoral SP"},"image":{"@id":"https:\/\/redenoticiaz.com.br\/litoralsp\/#\/schema\/logo\/image\/"}},{"@type":"Person","@id":"https:\/\/redenoticiaz.com.br\/litoralsp\/#\/schema\/person\/0f0b8a5bdafefe82841e07ae8d81ecb3","name":"Leonardo Francisco","image":{"@type":"ImageObject","inLanguage":"pt-BR","@id":"https:\/\/secure.gravatar.com\/avatar\/a7358cb406a99b682ec6df1e77e31ae82e63601f6784e8a3df411d72b37864da?s=96&d=mm&r=g","url":"https:\/\/secure.gravatar.com\/avatar\/a7358cb406a99b682ec6df1e77e31ae82e63601f6784e8a3df411d72b37864da?s=96&d=mm&r=g","contentUrl":"https:\/\/secure.gravatar.com\/avatar\/a7358cb406a99b682ec6df1e77e31ae82e63601f6784e8a3df411d72b37864da?s=96&d=mm&r=g","caption":"Leonardo Francisco"},"url":"https:\/\/redenoticiaz.com.br\/litoralsp\/author\/leonardo-francisco"}]}},"_links":{"self":[{"href":"https:\/\/redenoticiaz.com.br\/litoralsp\/wp-json\/wp\/v2\/posts\/21687","targetHints":{"allow":["GET"]}}],"collection":[{"href":"https:\/\/redenoticiaz.com.br\/litoralsp\/wp-json\/wp\/v2\/posts"}],"about":[{"href":"https:\/\/redenoticiaz.com.br\/litoralsp\/wp-json\/wp\/v2\/types\/post"}],"author":[{"embeddable":true,"href":"https:\/\/redenoticiaz.com.br\/litoralsp\/wp-json\/wp\/v2\/users\/6"}],"replies":[{"embeddable":true,"href":"https:\/\/redenoticiaz.com.br\/litoralsp\/wp-json\/wp\/v2\/comments?post=21687"}],"version-history":[{"count":1,"href":"https:\/\/redenoticiaz.com.br\/litoralsp\/wp-json\/wp\/v2\/posts\/21687\/revisions"}],"predecessor-version":[{"id":21689,"href":"https:\/\/redenoticiaz.com.br\/litoralsp\/wp-json\/wp\/v2\/posts\/21687\/revisions\/21689"}],"wp:featuredmedia":[{"embeddable":true,"href":"https:\/\/redenoticiaz.com.br\/litoralsp\/wp-json\/wp\/v2\/media\/21688"}],"wp:attachment":[{"href":"https:\/\/redenoticiaz.com.br\/litoralsp\/wp-json\/wp\/v2\/media?parent=21687"}],"wp:term":[{"taxonomy":"category","embeddable":true,"href":"https:\/\/redenoticiaz.com.br\/litoralsp\/wp-json\/wp\/v2\/categories?post=21687"},{"taxonomy":"post_tag","embeddable":true,"href":"https:\/\/redenoticiaz.com.br\/litoralsp\/wp-json\/wp\/v2\/tags?post=21687"}],"curies":[{"name":"wp","href":"https:\/\/api.w.org\/{rel}","templated":true}]}}