{"id":21715,"date":"2022-01-17T12:47:44","date_gmt":"2022-01-17T15:47:44","guid":{"rendered":"https:\/\/redenoticiaz.com.br\/litoralsp\/?p=21715"},"modified":"2022-01-17T12:48:00","modified_gmt":"2022-01-17T15:48:00","slug":"baixada-santista-inicia-a-vacinacao-contra-a-covid-19-em-criancas","status":"publish","type":"post","link":"https:\/\/redenoticiaz.com.br\/litoralsp\/2022\/01\/17\/baixada-santista-inicia-a-vacinacao-contra-a-covid-19-em-criancas","title":{"rendered":"Baixada Santista inicia a vacina\u00e7\u00e3o contra a Covid-19 em crian\u00e7as"},"content":{"rendered":"<p>A partir desta segunda-feira (17), cidades da Baixada Santista deram o <strong>pontap\u00e9 inicial da vacina\u00e7\u00e3o contra a Covid-19<\/strong> em crian\u00e7as de 5 a 11 anos. O foco foi imunizar crian\u00e7as com comorbidades, defici\u00eancias, ind\u00edgenas e quilombolas nas cidades de Itanha\u00e9m, Santos e S\u00e3o Vicente. Peru\u00edbe e Praia Grande tamb\u00e9m come\u00e7am a imunizar as crian\u00e7as, mas na parte da tarde.<\/p>\n<p>As administra\u00e7\u00f5es municipais informam que a vacina\u00e7\u00e3o infantil ser\u00e1 feita em etapas. O primeiro grupo a receber as doses \u00e9 o de crian\u00e7as com comorbidades, defici\u00eancias, ind\u00edgenas e quilombolas. Para receber a dose, o pai ou respons\u00e1vel deve estar presente e apresentar um laudo m\u00e9dico indicando qual tipo de doen\u00e7a ou condi\u00e7\u00e3o da crian\u00e7a.<\/p>\n<p>Em Itanha\u00e9m\u00a0 a primeira imuniza\u00e7\u00e3o aconteceu na Associa\u00e7\u00e3o de Pais e Amigos dos Excepcionais (APAE) da cidade. \u00c0s 10h, a primeira crian\u00e7a a receber a dose foi Ant\u00f4nio Henrique Farias Rodrigues Rocha, de 8 anos.<\/p>\n<div class=\"mc-column content-text active-extra-styles \" data-block-type=\"unstyled\" data-block-weight=\"59\" data-block-id=\"12\">\n<p class=\"content-text__container \" data-track-category=\"Link no Texto\" data-track-links=\"\">Para a aplica\u00e7\u00e3o da dose, os pais ou respons\u00e1veis devem realizar o agendamento das crian\u00e7as com algum tipo de comorbidade\u00a0<a href=\"http:\/\/online.itanhaem.sp.gov.br\/sigonline\/#requisicaovacinawizards\" target=\"_blank\" rel=\"noopener noreferrer\">no site da prefeitura<\/a>\u00a0de Itanha\u00e9m. O atendimento ser\u00e1 realizado durante a semana nas Unidades de Sa\u00fade da Fam\u00edlia (USFs) nos bairros e aos s\u00e1bados no Posto Volante de Vacina\u00e7\u00e3o, na Rua A\u00e9cio Mennucci, 281, no Centro da cidade.<\/p>\n<h3 data-track-category=\"Link no Texto\">Santos e S\u00e3o Vicente<\/h3>\n<p>Na cidade, a vacina\u00e7\u00e3o teve in\u00edcio tamb\u00e9m \u00e0s 9h, mas n\u00e3o contou com cerim\u00f4nia de primeira aplica\u00e7\u00e3o. O munic\u00edpio recebeu 1.840 doses e ser\u00e3o oito postos de vacina\u00e7\u00e3o, que v\u00e3o funcionar das 9h \u00e0s 16h.<\/p>\n<p>J\u00e1 em S\u00e3o Vicente, a primeira crian\u00e7a vacinada foi a menina ind\u00edgena Lauana Gabriel J\u00e2xuk\u00e1 R\u00eat\u00e9, de 10 anos, da etnia Guarani Mby\u00e1, foi a primeira crian\u00e7a a ser imunizada na cidade. Ela mora em uma aldeia de S\u00e3o Vicente. Houve uma cerim\u00f4nia na UBS Bitaru \u00e0s 9h. A unidade de sa\u00fade \u00e9 um dos\u00a0seis postos de sa\u00fade que v\u00e3o disponibilizar as doses, de segunda a sexta-feira, das 9h \u00e0s 15h30.<\/p>\n<p>Enquanto isso na Baixada Santista, Praia Grande\u00a0recebeu 1.600 doses que ser\u00e3o aplicadas\u00a0a partir de 13h nesta segunda-feira. De ter\u00e7a-feira (18) em diante, os oito polos de vacina\u00e7\u00e3o funcionar\u00e3o de segunda a sexta-feira, das 9h \u00e0s 16h<\/p>\n<div class=\"mc-column content-text active-extra-styles \" data-block-type=\"unstyled\" data-block-weight=\"29\" data-block-id=\"18\">\n<p class=\"content-text__container \" data-track-category=\"Link no Texto\" data-track-links=\"\">Em\u00a0Peru\u00edbe, a vacina\u00e7\u00e3o acontecer\u00e1\u00a0mediante de agendamento pr\u00e9vio, para evitar o desperd\u00edcio de doses. A cidade recebeu 560 doses e a aplica\u00e7\u00e3o ter\u00e1 in\u00edcio pela tarde desta segunda. J\u00e1 no Guaruj\u00e1 ir\u00e1 vacinar as crian\u00e7as a partir de ter\u00e7a-feira (18), das 9h \u00e0s 15h,\u00a0em seis postos de vacina\u00e7\u00e3o, que deixar\u00e3o de vacinar adultos. Na cidade, s\u00e3o cerca de 33,6 mil crian\u00e7as nesta faixa et\u00e1ria.<\/p>\n<p data-track-category=\"Link no Texto\" data-track-links=\"\"><strong>LEIA TAMB\u00c9M<\/strong><\/p>\n<p data-track-category=\"Link no Texto\" data-track-links=\"\"><a href=\"https:\/\/redenoticiaz.com.br\/litoralsp\/2022\/01\/16\/itanhaem-e-praia-grande-vao-comecar-a-vacinar-criancas-contra-a-covid-19-na-segunda\">Itanha\u00e9m e Praia Grande v\u00e3o come\u00e7ar a vacinar crian\u00e7as contra a Covid-19 na segunda<\/a><\/p>\n<\/div>\n<\/div>\n","protected":false},"excerpt":{"rendered":"<p>A partir desta segunda-feira (17), cidades da Baixada Santista deram o pontap\u00e9 inicial da vacina\u00e7\u00e3o contra a Covid-19 em crian\u00e7as de 5 a 11 anos. O foco foi imunizar crian\u00e7as com comorbidades, defici\u00eancias, ind\u00edgenas e quilombolas nas cidades de Itanha\u00e9m, Santos e S\u00e3o Vicente. Peru\u00edbe e Praia Grande tamb\u00e9m come\u00e7am a imunizar as crian\u00e7as, mas &hellip;<\/p>\n","protected":false},"author":6,"featured_media":21716,"comment_status":"open","ping_status":"closed","sticky":false,"template":"","format":"standard","meta":{"footnotes":""},"categories":[184,185,182,180,181],"tags":[1148,1068,986,33,18808,37290,47631],"class_list":["post-21715","post","type-post","status-publish","format-standard","has-post-thumbnail","hentry","category-itanhaem","category-peruibe","category-praia-grande","category-santos","category-sao-vicente","tag-baixada-santista","tag-itanhaem","tag-santos","tag-sao-vicente","tag-vacina-contra-a-covid","tag-vacina-em-criancas","tag-vacinacao-infantil"],"yoast_head":"<!-- This site is optimized with the Yoast SEO plugin v27.5 - https:\/\/yoast.com\/product\/yoast-seo-wordpress\/ -->\n<title>Baixada Santista inicia a vacina\u00e7\u00e3o contra a Covid-19 em crian\u00e7as - Litoral SP<\/title>\n<meta name=\"description\" content=\"A partir desta segunda-feira (17), cidades da Baixada Santista deram o pontap\u00e9 inicial da vacina\u00e7\u00e3o contra a Covid-19 em crian\u00e7as\" \/>\n<meta name=\"robots\" content=\"index, follow, max-snippet:-1, max-image-preview:large, max-video-preview:-1\" \/>\n<link rel=\"canonical\" href=\"https:\/\/redenoticiaz.com.br\/litoralsp\/2022\/01\/17\/baixada-santista-inicia-a-vacinacao-contra-a-covid-19-em-criancas\" \/>\n<meta property=\"og:locale\" content=\"pt_BR\" \/>\n<meta property=\"og:type\" content=\"article\" \/>\n<meta property=\"og:title\" content=\"Baixada Santista inicia a vacina\u00e7\u00e3o contra a Covid-19 em crian\u00e7as - Litoral SP\" \/>\n<meta property=\"og:description\" content=\"A partir desta segunda-feira (17), cidades da Baixada Santista deram o pontap\u00e9 inicial da vacina\u00e7\u00e3o contra a Covid-19 em crian\u00e7as\" \/>\n<meta property=\"og:url\" content=\"https:\/\/redenoticiaz.com.br\/litoralsp\/2022\/01\/17\/baixada-santista-inicia-a-vacinacao-contra-a-covid-19-em-criancas\" \/>\n<meta property=\"og:site_name\" content=\"Litoral SP\" \/>\n<meta property=\"article:published_time\" content=\"2022-01-17T15:47:44+00:00\" \/>\n<meta property=\"article:modified_time\" content=\"2022-01-17T15:48:00+00:00\" \/>\n<meta property=\"og:image\" content=\"https:\/\/redenoticiaz.com.br\/litoralsp\/wp-content\/uploads\/sites\/3\/2022\/01\/sao-vicente.jpeg\" \/>\n\t<meta property=\"og:image:width\" content=\"810\" \/>\n\t<meta property=\"og:image:height\" content=\"1080\" \/>\n\t<meta property=\"og:image:type\" content=\"image\/jpeg\" \/>\n<meta name=\"author\" content=\"Leonardo Francisco\" \/>\n<meta name=\"twitter:card\" content=\"summary_large_image\" \/>\n<meta name=\"twitter:label1\" content=\"Escrito por\" \/>\n\t<meta name=\"twitter:data1\" content=\"Leonardo Francisco\" \/>\n\t<meta name=\"twitter:label2\" content=\"Est. tempo de leitura\" \/>\n\t<meta name=\"twitter:data2\" content=\"3 minutos\" \/>\n<script type=\"application\/ld+json\" class=\"yoast-schema-graph\">{\"@context\":\"https:\\\/\\\/schema.org\",\"@graph\":[{\"@type\":\"Article\",\"@id\":\"https:\\\/\\\/redenoticiaz.com.br\\\/litoralsp\\\/2022\\\/01\\\/17\\\/baixada-santista-inicia-a-vacinacao-contra-a-covid-19-em-criancas#article\",\"isPartOf\":{\"@id\":\"https:\\\/\\\/redenoticiaz.com.br\\\/litoralsp\\\/2022\\\/01\\\/17\\\/baixada-santista-inicia-a-vacinacao-contra-a-covid-19-em-criancas\"},\"author\":{\"name\":\"Leonardo Francisco\",\"@id\":\"https:\\\/\\\/redenoticiaz.com.br\\\/litoralsp\\\/#\\\/schema\\\/person\\\/0f0b8a5bdafefe82841e07ae8d81ecb3\"},\"headline\":\"Baixada Santista inicia a vacina\u00e7\u00e3o contra a Covid-19 em crian\u00e7as\",\"datePublished\":\"2022-01-17T15:47:44+00:00\",\"dateModified\":\"2022-01-17T15:48:00+00:00\",\"mainEntityOfPage\":{\"@id\":\"https:\\\/\\\/redenoticiaz.com.br\\\/litoralsp\\\/2022\\\/01\\\/17\\\/baixada-santista-inicia-a-vacinacao-contra-a-covid-19-em-criancas\"},\"wordCount\":515,\"commentCount\":0,\"publisher\":{\"@id\":\"https:\\\/\\\/redenoticiaz.com.br\\\/litoralsp\\\/#organization\"},\"image\":{\"@id\":\"https:\\\/\\\/redenoticiaz.com.br\\\/litoralsp\\\/2022\\\/01\\\/17\\\/baixada-santista-inicia-a-vacinacao-contra-a-covid-19-em-criancas#primaryimage\"},\"thumbnailUrl\":\"https:\\\/\\\/redenoticiaz.com.br\\\/litoralsp\\\/wp-content\\\/uploads\\\/sites\\\/3\\\/2022\\\/01\\\/sao-vicente.jpeg\",\"keywords\":[\"BAIXADA SANTISTA\",\"ITANHA\u00c9M\",\"Santos\",\"S\u00e3o Vicente\",\"VACINA CONTRA A COVID\",\"VACINA EM CRIAN\u00c7AS\",\"VACINA\u00c7\u00c3O INFANTIL\"],\"articleSection\":[\"Itanha\u00e9m\",\"Peru\u00edbe\",\"Praia Grande\",\"Santos\",\"S\u00e3o Vicente\"],\"inLanguage\":\"pt-BR\",\"potentialAction\":[{\"@type\":\"CommentAction\",\"name\":\"Comment\",\"target\":[\"https:\\\/\\\/redenoticiaz.com.br\\\/litoralsp\\\/2022\\\/01\\\/17\\\/baixada-santista-inicia-a-vacinacao-contra-a-covid-19-em-criancas#respond\"]}]},{\"@type\":\"WebPage\",\"@id\":\"https:\\\/\\\/redenoticiaz.com.br\\\/litoralsp\\\/2022\\\/01\\\/17\\\/baixada-santista-inicia-a-vacinacao-contra-a-covid-19-em-criancas\",\"url\":\"https:\\\/\\\/redenoticiaz.com.br\\\/litoralsp\\\/2022\\\/01\\\/17\\\/baixada-santista-inicia-a-vacinacao-contra-a-covid-19-em-criancas\",\"name\":\"Baixada Santista inicia a vacina\u00e7\u00e3o contra a Covid-19 em crian\u00e7as - Litoral SP\",\"isPartOf\":{\"@id\":\"https:\\\/\\\/redenoticiaz.com.br\\\/litoralsp\\\/#website\"},\"primaryImageOfPage\":{\"@id\":\"https:\\\/\\\/redenoticiaz.com.br\\\/litoralsp\\\/2022\\\/01\\\/17\\\/baixada-santista-inicia-a-vacinacao-contra-a-covid-19-em-criancas#primaryimage\"},\"image\":{\"@id\":\"https:\\\/\\\/redenoticiaz.com.br\\\/litoralsp\\\/2022\\\/01\\\/17\\\/baixada-santista-inicia-a-vacinacao-contra-a-covid-19-em-criancas#primaryimage\"},\"thumbnailUrl\":\"https:\\\/\\\/redenoticiaz.com.br\\\/litoralsp\\\/wp-content\\\/uploads\\\/sites\\\/3\\\/2022\\\/01\\\/sao-vicente.jpeg\",\"datePublished\":\"2022-01-17T15:47:44+00:00\",\"dateModified\":\"2022-01-17T15:48:00+00:00\",\"description\":\"A partir desta segunda-feira (17), cidades da Baixada Santista deram o pontap\u00e9 inicial da vacina\u00e7\u00e3o contra a Covid-19 em crian\u00e7as\",\"inLanguage\":\"pt-BR\",\"potentialAction\":[{\"@type\":\"ReadAction\",\"target\":[\"https:\\\/\\\/redenoticiaz.com.br\\\/litoralsp\\\/2022\\\/01\\\/17\\\/baixada-santista-inicia-a-vacinacao-contra-a-covid-19-em-criancas\"]}]},{\"@type\":\"ImageObject\",\"inLanguage\":\"pt-BR\",\"@id\":\"https:\\\/\\\/redenoticiaz.com.br\\\/litoralsp\\\/2022\\\/01\\\/17\\\/baixada-santista-inicia-a-vacinacao-contra-a-covid-19-em-criancas#primaryimage\",\"url\":\"https:\\\/\\\/redenoticiaz.com.br\\\/litoralsp\\\/wp-content\\\/uploads\\\/sites\\\/3\\\/2022\\\/01\\\/sao-vicente.jpeg\",\"contentUrl\":\"https:\\\/\\\/redenoticiaz.com.br\\\/litoralsp\\\/wp-content\\\/uploads\\\/sites\\\/3\\\/2022\\\/01\\\/sao-vicente.jpeg\",\"width\":810,\"height\":1080,\"caption\":\"Uma ind\u00edgena foi a primeira vacinada e S\u00e3o Vicente. Cr\u00e9ditos: Reprodu\u00e7\u00e3o.\"},{\"@type\":\"WebSite\",\"@id\":\"https:\\\/\\\/redenoticiaz.com.br\\\/litoralsp\\\/#website\",\"url\":\"https:\\\/\\\/redenoticiaz.com.br\\\/litoralsp\\\/\",\"name\":\"Litoral SP\",\"description\":\"Rede NoticiaZ\",\"publisher\":{\"@id\":\"https:\\\/\\\/redenoticiaz.com.br\\\/litoralsp\\\/#organization\"},\"potentialAction\":[{\"@type\":\"SearchAction\",\"target\":{\"@type\":\"EntryPoint\",\"urlTemplate\":\"https:\\\/\\\/redenoticiaz.com.br\\\/litoralsp\\\/?s={search_term_string}\"},\"query-input\":{\"@type\":\"PropertyValueSpecification\",\"valueRequired\":true,\"valueName\":\"search_term_string\"}}],\"inLanguage\":\"pt-BR\"},{\"@type\":\"Organization\",\"@id\":\"https:\\\/\\\/redenoticiaz.com.br\\\/litoralsp\\\/#organization\",\"name\":\"Litoral SP\",\"url\":\"https:\\\/\\\/redenoticiaz.com.br\\\/litoralsp\\\/\",\"logo\":{\"@type\":\"ImageObject\",\"inLanguage\":\"pt-BR\",\"@id\":\"https:\\\/\\\/redenoticiaz.com.br\\\/litoralsp\\\/#\\\/schema\\\/logo\\\/image\\\/\",\"url\":\"https:\\\/\\\/redenoticiaz.com.br\\\/litoralsp\\\/wp-content\\\/uploads\\\/sites\\\/3\\\/2020\\\/11\\\/logo.jpg\",\"contentUrl\":\"https:\\\/\\\/redenoticiaz.com.br\\\/litoralsp\\\/wp-content\\\/uploads\\\/sites\\\/3\\\/2020\\\/11\\\/logo.jpg\",\"width\":400,\"height\":250,\"caption\":\"Litoral SP\"},\"image\":{\"@id\":\"https:\\\/\\\/redenoticiaz.com.br\\\/litoralsp\\\/#\\\/schema\\\/logo\\\/image\\\/\"}},{\"@type\":\"Person\",\"@id\":\"https:\\\/\\\/redenoticiaz.com.br\\\/litoralsp\\\/#\\\/schema\\\/person\\\/0f0b8a5bdafefe82841e07ae8d81ecb3\",\"name\":\"Leonardo Francisco\",\"image\":{\"@type\":\"ImageObject\",\"inLanguage\":\"pt-BR\",\"@id\":\"https:\\\/\\\/secure.gravatar.com\\\/avatar\\\/a7358cb406a99b682ec6df1e77e31ae82e63601f6784e8a3df411d72b37864da?s=96&d=mm&r=g\",\"url\":\"https:\\\/\\\/secure.gravatar.com\\\/avatar\\\/a7358cb406a99b682ec6df1e77e31ae82e63601f6784e8a3df411d72b37864da?s=96&d=mm&r=g\",\"contentUrl\":\"https:\\\/\\\/secure.gravatar.com\\\/avatar\\\/a7358cb406a99b682ec6df1e77e31ae82e63601f6784e8a3df411d72b37864da?s=96&d=mm&r=g\",\"caption\":\"Leonardo Francisco\"},\"url\":\"https:\\\/\\\/redenoticiaz.com.br\\\/litoralsp\\\/author\\\/leonardo-francisco\"}]}<\/script>\n<!-- \/ Yoast SEO plugin. -->","yoast_head_json":{"title":"Baixada Santista inicia a vacina\u00e7\u00e3o contra a Covid-19 em crian\u00e7as - Litoral SP","description":"A partir desta segunda-feira (17), cidades da Baixada Santista deram o pontap\u00e9 inicial da vacina\u00e7\u00e3o contra a Covid-19 em crian\u00e7as","robots":{"index":"index","follow":"follow","max-snippet":"max-snippet:-1","max-image-preview":"max-image-preview:large","max-video-preview":"max-video-preview:-1"},"canonical":"https:\/\/redenoticiaz.com.br\/litoralsp\/2022\/01\/17\/baixada-santista-inicia-a-vacinacao-contra-a-covid-19-em-criancas","og_locale":"pt_BR","og_type":"article","og_title":"Baixada Santista inicia a vacina\u00e7\u00e3o contra a Covid-19 em crian\u00e7as - Litoral SP","og_description":"A partir desta segunda-feira (17), cidades da Baixada Santista deram o pontap\u00e9 inicial da vacina\u00e7\u00e3o contra a Covid-19 em crian\u00e7as","og_url":"https:\/\/redenoticiaz.com.br\/litoralsp\/2022\/01\/17\/baixada-santista-inicia-a-vacinacao-contra-a-covid-19-em-criancas","og_site_name":"Litoral SP","article_published_time":"2022-01-17T15:47:44+00:00","article_modified_time":"2022-01-17T15:48:00+00:00","og_image":[{"width":810,"height":1080,"url":"https:\/\/redenoticiaz.com.br\/litoralsp\/wp-content\/uploads\/sites\/3\/2022\/01\/sao-vicente.jpeg","type":"image\/jpeg"}],"author":"Leonardo Francisco","twitter_card":"summary_large_image","twitter_misc":{"Escrito por":"Leonardo Francisco","Est. tempo de leitura":"3 minutos"},"schema":{"@context":"https:\/\/schema.org","@graph":[{"@type":"Article","@id":"https:\/\/redenoticiaz.com.br\/litoralsp\/2022\/01\/17\/baixada-santista-inicia-a-vacinacao-contra-a-covid-19-em-criancas#article","isPartOf":{"@id":"https:\/\/redenoticiaz.com.br\/litoralsp\/2022\/01\/17\/baixada-santista-inicia-a-vacinacao-contra-a-covid-19-em-criancas"},"author":{"name":"Leonardo Francisco","@id":"https:\/\/redenoticiaz.com.br\/litoralsp\/#\/schema\/person\/0f0b8a5bdafefe82841e07ae8d81ecb3"},"headline":"Baixada Santista inicia a vacina\u00e7\u00e3o contra a Covid-19 em crian\u00e7as","datePublished":"2022-01-17T15:47:44+00:00","dateModified":"2022-01-17T15:48:00+00:00","mainEntityOfPage":{"@id":"https:\/\/redenoticiaz.com.br\/litoralsp\/2022\/01\/17\/baixada-santista-inicia-a-vacinacao-contra-a-covid-19-em-criancas"},"wordCount":515,"commentCount":0,"publisher":{"@id":"https:\/\/redenoticiaz.com.br\/litoralsp\/#organization"},"image":{"@id":"https:\/\/redenoticiaz.com.br\/litoralsp\/2022\/01\/17\/baixada-santista-inicia-a-vacinacao-contra-a-covid-19-em-criancas#primaryimage"},"thumbnailUrl":"https:\/\/redenoticiaz.com.br\/litoralsp\/wp-content\/uploads\/sites\/3\/2022\/01\/sao-vicente.jpeg","keywords":["BAIXADA SANTISTA","ITANHA\u00c9M","Santos","S\u00e3o Vicente","VACINA CONTRA A COVID","VACINA EM CRIAN\u00c7AS","VACINA\u00c7\u00c3O INFANTIL"],"articleSection":["Itanha\u00e9m","Peru\u00edbe","Praia Grande","Santos","S\u00e3o Vicente"],"inLanguage":"pt-BR","potentialAction":[{"@type":"CommentAction","name":"Comment","target":["https:\/\/redenoticiaz.com.br\/litoralsp\/2022\/01\/17\/baixada-santista-inicia-a-vacinacao-contra-a-covid-19-em-criancas#respond"]}]},{"@type":"WebPage","@id":"https:\/\/redenoticiaz.com.br\/litoralsp\/2022\/01\/17\/baixada-santista-inicia-a-vacinacao-contra-a-covid-19-em-criancas","url":"https:\/\/redenoticiaz.com.br\/litoralsp\/2022\/01\/17\/baixada-santista-inicia-a-vacinacao-contra-a-covid-19-em-criancas","name":"Baixada Santista inicia a vacina\u00e7\u00e3o contra a Covid-19 em crian\u00e7as - Litoral SP","isPartOf":{"@id":"https:\/\/redenoticiaz.com.br\/litoralsp\/#website"},"primaryImageOfPage":{"@id":"https:\/\/redenoticiaz.com.br\/litoralsp\/2022\/01\/17\/baixada-santista-inicia-a-vacinacao-contra-a-covid-19-em-criancas#primaryimage"},"image":{"@id":"https:\/\/redenoticiaz.com.br\/litoralsp\/2022\/01\/17\/baixada-santista-inicia-a-vacinacao-contra-a-covid-19-em-criancas#primaryimage"},"thumbnailUrl":"https:\/\/redenoticiaz.com.br\/litoralsp\/wp-content\/uploads\/sites\/3\/2022\/01\/sao-vicente.jpeg","datePublished":"2022-01-17T15:47:44+00:00","dateModified":"2022-01-17T15:48:00+00:00","description":"A partir desta segunda-feira (17), cidades da Baixada Santista deram o pontap\u00e9 inicial da vacina\u00e7\u00e3o contra a Covid-19 em crian\u00e7as","inLanguage":"pt-BR","potentialAction":[{"@type":"ReadAction","target":["https:\/\/redenoticiaz.com.br\/litoralsp\/2022\/01\/17\/baixada-santista-inicia-a-vacinacao-contra-a-covid-19-em-criancas"]}]},{"@type":"ImageObject","inLanguage":"pt-BR","@id":"https:\/\/redenoticiaz.com.br\/litoralsp\/2022\/01\/17\/baixada-santista-inicia-a-vacinacao-contra-a-covid-19-em-criancas#primaryimage","url":"https:\/\/redenoticiaz.com.br\/litoralsp\/wp-content\/uploads\/sites\/3\/2022\/01\/sao-vicente.jpeg","contentUrl":"https:\/\/redenoticiaz.com.br\/litoralsp\/wp-content\/uploads\/sites\/3\/2022\/01\/sao-vicente.jpeg","width":810,"height":1080,"caption":"Uma ind\u00edgena foi a primeira vacinada e S\u00e3o Vicente. Cr\u00e9ditos: Reprodu\u00e7\u00e3o."},{"@type":"WebSite","@id":"https:\/\/redenoticiaz.com.br\/litoralsp\/#website","url":"https:\/\/redenoticiaz.com.br\/litoralsp\/","name":"Litoral SP","description":"Rede NoticiaZ","publisher":{"@id":"https:\/\/redenoticiaz.com.br\/litoralsp\/#organization"},"potentialAction":[{"@type":"SearchAction","target":{"@type":"EntryPoint","urlTemplate":"https:\/\/redenoticiaz.com.br\/litoralsp\/?s={search_term_string}"},"query-input":{"@type":"PropertyValueSpecification","valueRequired":true,"valueName":"search_term_string"}}],"inLanguage":"pt-BR"},{"@type":"Organization","@id":"https:\/\/redenoticiaz.com.br\/litoralsp\/#organization","name":"Litoral SP","url":"https:\/\/redenoticiaz.com.br\/litoralsp\/","logo":{"@type":"ImageObject","inLanguage":"pt-BR","@id":"https:\/\/redenoticiaz.com.br\/litoralsp\/#\/schema\/logo\/image\/","url":"https:\/\/redenoticiaz.com.br\/litoralsp\/wp-content\/uploads\/sites\/3\/2020\/11\/logo.jpg","contentUrl":"https:\/\/redenoticiaz.com.br\/litoralsp\/wp-content\/uploads\/sites\/3\/2020\/11\/logo.jpg","width":400,"height":250,"caption":"Litoral SP"},"image":{"@id":"https:\/\/redenoticiaz.com.br\/litoralsp\/#\/schema\/logo\/image\/"}},{"@type":"Person","@id":"https:\/\/redenoticiaz.com.br\/litoralsp\/#\/schema\/person\/0f0b8a5bdafefe82841e07ae8d81ecb3","name":"Leonardo Francisco","image":{"@type":"ImageObject","inLanguage":"pt-BR","@id":"https:\/\/secure.gravatar.com\/avatar\/a7358cb406a99b682ec6df1e77e31ae82e63601f6784e8a3df411d72b37864da?s=96&d=mm&r=g","url":"https:\/\/secure.gravatar.com\/avatar\/a7358cb406a99b682ec6df1e77e31ae82e63601f6784e8a3df411d72b37864da?s=96&d=mm&r=g","contentUrl":"https:\/\/secure.gravatar.com\/avatar\/a7358cb406a99b682ec6df1e77e31ae82e63601f6784e8a3df411d72b37864da?s=96&d=mm&r=g","caption":"Leonardo Francisco"},"url":"https:\/\/redenoticiaz.com.br\/litoralsp\/author\/leonardo-francisco"}]}},"_links":{"self":[{"href":"https:\/\/redenoticiaz.com.br\/litoralsp\/wp-json\/wp\/v2\/posts\/21715","targetHints":{"allow":["GET"]}}],"collection":[{"href":"https:\/\/redenoticiaz.com.br\/litoralsp\/wp-json\/wp\/v2\/posts"}],"about":[{"href":"https:\/\/redenoticiaz.com.br\/litoralsp\/wp-json\/wp\/v2\/types\/post"}],"author":[{"embeddable":true,"href":"https:\/\/redenoticiaz.com.br\/litoralsp\/wp-json\/wp\/v2\/users\/6"}],"replies":[{"embeddable":true,"href":"https:\/\/redenoticiaz.com.br\/litoralsp\/wp-json\/wp\/v2\/comments?post=21715"}],"version-history":[{"count":1,"href":"https:\/\/redenoticiaz.com.br\/litoralsp\/wp-json\/wp\/v2\/posts\/21715\/revisions"}],"predecessor-version":[{"id":21717,"href":"https:\/\/redenoticiaz.com.br\/litoralsp\/wp-json\/wp\/v2\/posts\/21715\/revisions\/21717"}],"wp:featuredmedia":[{"embeddable":true,"href":"https:\/\/redenoticiaz.com.br\/litoralsp\/wp-json\/wp\/v2\/media\/21716"}],"wp:attachment":[{"href":"https:\/\/redenoticiaz.com.br\/litoralsp\/wp-json\/wp\/v2\/media?parent=21715"}],"wp:term":[{"taxonomy":"category","embeddable":true,"href":"https:\/\/redenoticiaz.com.br\/litoralsp\/wp-json\/wp\/v2\/categories?post=21715"},{"taxonomy":"post_tag","embeddable":true,"href":"https:\/\/redenoticiaz.com.br\/litoralsp\/wp-json\/wp\/v2\/tags?post=21715"}],"curies":[{"name":"wp","href":"https:\/\/api.w.org\/{rel}","templated":true}]}}