{"id":21718,"date":"2022-01-17T13:39:59","date_gmt":"2022-01-17T16:39:59","guid":{"rendered":"https:\/\/redenoticiaz.com.br\/litoralsp\/2022\/01\/17\/palmeiras-supera-o-internacional-e-chega-as-quartas-da-copa-sao-paulo"},"modified":"2022-01-17T13:44:07","modified_gmt":"2022-01-17T16:44:07","slug":"palmeiras-supera-o-internacional-e-chega-as-quartas-da-copa-sao-paulo","status":"publish","type":"post","link":"https:\/\/redenoticiaz.com.br\/litoralsp\/2022\/01\/17\/palmeiras-supera-o-internacional-e-chega-as-quartas-da-copa-sao-paulo","title":{"rendered":"Palmeiras supera o Internacional e chega \u00e0s quartas da Copa S\u00e3o Paulo"},"content":{"rendered":"<p>Nesta segunda-feira (17), em Diadema, o <strong>Palmeiras<\/strong> encarou o <strong>Internacional<\/strong> pelas oitavas de final da <a href=\"https:\/\/futebolpaulista.com.br\/Home\/\">Copa S\u00e3o Paulo de Futebol J\u00fanior<\/a>. O Verd\u00e3o abriu boa vantagem, levou susto no final, mas garantiu a vitoria e a classifica\u00e7\u00e3o para as quartas de final. Agora o Alviverde aguarda o vencedor de\u00a0 Oeste e Cana\u00e3 para entender o pr\u00f3ximo advers\u00e1rio.<\/p>\n<p>O primeiro tempo foi de dom\u00ednio total o Palmeiras. Tanto que fez 2 a 0 com Jhonatan e ap\u00f3s um lance confuso envolvendo atacante palmeirense Vitinho, o lateral colorado Lucas Ryan e o goleiro Lucas Flores. A arbitragem anotou gol contra a favor do Verd\u00e3o. O Palmeiras ainda poderia fazer o terceiro gol ap\u00f3s p\u00eanalti marcado. Mas Pedro Bicalho perdeu a cobran\u00e7a, depois que Lucas Flores defendeu.<\/p>\n<p>Se os palmeirenses estiveram tranquilos no primeiro tempo, o mesmo n\u00e3o pode se dizer do segundo tempo. O Internacional n\u00e3o tinha nada a perder e veio pra cima. Ap\u00f3s tanto martelar, os colorados chegaram ao gol. Aos 25 minutos, Lucca dominou, fez o giro e bateu no canto esquerdo da meta de Mateus.<\/p>\n<p>Da\u00ed em diante o goleiro do Verd\u00e3o, Mateus teve de trabalhar ao fazer importantes defesas. E ainda passou um susto com Est\u00eav\u00e3o, que recebeu na entrada da \u00e1rea e soltou a bomba. A bola acertou o travess\u00e3o. No fim, o Palmeiras respirou aliviado e garantiu a vit\u00f3ria.<\/p>\n<p>Depois de tirar o Colorado, o Verd\u00e3o vai enfrentar nas quartas de final o vencedor do duelo entre Cana\u00e3, da Bahia, e Oeste. O confronto est\u00e1 marcado para as 17h30 (de Bras\u00edlia) desta segunda, em Barueri.<\/p>\n<p><strong>LEIA TAMB\u00c9M<\/strong><\/p>\n<p><a href=\"https:\/\/redenoticiaz.com.br\/blog\/2022\/01\/17\/santos-vence-fluminense-por-2x1-e-avanca-as-quartas-da-copinha\">Santos vence Fluminense, por 2\u00d71, e avan\u00e7a \u00e0s quartas da Copinha<\/a><\/p>\n","protected":false},"excerpt":{"rendered":"<p>Nesta segunda-feira (17), em Diadema, o Palmeiras encarou o Internacional pelas oitavas de final da Copa S\u00e3o Paulo de Futebol J\u00fanior. O Verd\u00e3o abriu boa vantagem, levou susto no final, mas garantiu a vitoria e a classifica\u00e7\u00e3o para as quartas de final. Agora o Alviverde aguarda o vencedor de\u00a0 Oeste e Cana\u00e3 para entender o &hellip;<\/p>\n","protected":false},"author":6,"featured_media":21719,"comment_status":"open","ping_status":"closed","sticky":false,"template":"","format":"standard","meta":{"footnotes":""},"categories":[35],"tags":[45645,46435,2950,1416,22315],"class_list":["post-21718","post","type-post","status-publish","format-standard","has-post-thumbnail","hentry","category-esporte","tag-copa-sao-paulo-de-futebol-junior","tag-diadema","tag-internacional","tag-palmeiras","tag-verdao-classificado"],"yoast_head":"<!-- This site is optimized with the Yoast SEO plugin v27.5 - https:\/\/yoast.com\/product\/yoast-seo-wordpress\/ -->\n<title>Palmeiras supera o Internacional e chega \u00e0s quartas da Copa S\u00e3o Paulo - Litoral SP<\/title>\n<meta name=\"description\" content=\"segunda-feira (17), em Diadema, o Palmeiras encarou o Internacional pelas oitavas de final da Copa S\u00e3o Paulo de Futebol J\u00fanior. O Verd\u00e3o\" \/>\n<meta name=\"robots\" content=\"index, follow, max-snippet:-1, max-image-preview:large, max-video-preview:-1\" \/>\n<link rel=\"canonical\" href=\"https:\/\/redenoticiaz.com.br\/litoralsp\/2022\/01\/17\/palmeiras-supera-o-internacional-e-chega-as-quartas-da-copa-sao-paulo\" \/>\n<meta property=\"og:locale\" content=\"pt_BR\" \/>\n<meta property=\"og:type\" content=\"article\" \/>\n<meta property=\"og:title\" content=\"Palmeiras supera o Internacional e chega \u00e0s quartas da Copa S\u00e3o Paulo - Litoral SP\" \/>\n<meta property=\"og:description\" content=\"segunda-feira (17), em Diadema, o Palmeiras encarou o Internacional pelas oitavas de final da Copa S\u00e3o Paulo de Futebol J\u00fanior. O Verd\u00e3o\" \/>\n<meta property=\"og:url\" content=\"https:\/\/redenoticiaz.com.br\/litoralsp\/2022\/01\/17\/palmeiras-supera-o-internacional-e-chega-as-quartas-da-copa-sao-paulo\" \/>\n<meta property=\"og:site_name\" content=\"Litoral SP\" \/>\n<meta property=\"article:published_time\" content=\"2022-01-17T16:39:59+00:00\" \/>\n<meta property=\"article:modified_time\" content=\"2022-01-17T16:44:07+00:00\" \/>\n<meta property=\"og:image\" content=\"https:\/\/redenoticiaz.com.br\/litoralsp\/wp-content\/uploads\/sites\/3\/2022\/01\/61e5921b5771f.jpeg\" \/>\n\t<meta property=\"og:image:width\" content=\"846\" \/>\n\t<meta property=\"og:image:height\" content=\"607\" \/>\n\t<meta property=\"og:image:type\" content=\"image\/jpeg\" \/>\n<meta name=\"author\" content=\"Leonardo Francisco\" \/>\n<meta name=\"twitter:card\" content=\"summary_large_image\" \/>\n<meta name=\"twitter:label1\" content=\"Escrito por\" \/>\n\t<meta name=\"twitter:data1\" content=\"Leonardo Francisco\" \/>\n\t<meta name=\"twitter:label2\" content=\"Est. tempo de leitura\" \/>\n\t<meta name=\"twitter:data2\" content=\"1 minuto\" \/>\n<script type=\"application\/ld+json\" class=\"yoast-schema-graph\">{\"@context\":\"https:\\\/\\\/schema.org\",\"@graph\":[{\"@type\":\"Article\",\"@id\":\"https:\\\/\\\/redenoticiaz.com.br\\\/litoralsp\\\/2022\\\/01\\\/17\\\/palmeiras-supera-o-internacional-e-chega-as-quartas-da-copa-sao-paulo#article\",\"isPartOf\":{\"@id\":\"https:\\\/\\\/redenoticiaz.com.br\\\/litoralsp\\\/2022\\\/01\\\/17\\\/palmeiras-supera-o-internacional-e-chega-as-quartas-da-copa-sao-paulo\"},\"author\":{\"name\":\"Leonardo Francisco\",\"@id\":\"https:\\\/\\\/redenoticiaz.com.br\\\/litoralsp\\\/#\\\/schema\\\/person\\\/0f0b8a5bdafefe82841e07ae8d81ecb3\"},\"headline\":\"Palmeiras supera o Internacional e chega \u00e0s quartas da Copa S\u00e3o Paulo\",\"datePublished\":\"2022-01-17T16:39:59+00:00\",\"dateModified\":\"2022-01-17T16:44:07+00:00\",\"mainEntityOfPage\":{\"@id\":\"https:\\\/\\\/redenoticiaz.com.br\\\/litoralsp\\\/2022\\\/01\\\/17\\\/palmeiras-supera-o-internacional-e-chega-as-quartas-da-copa-sao-paulo\"},\"wordCount\":305,\"commentCount\":0,\"publisher\":{\"@id\":\"https:\\\/\\\/redenoticiaz.com.br\\\/litoralsp\\\/#organization\"},\"image\":{\"@id\":\"https:\\\/\\\/redenoticiaz.com.br\\\/litoralsp\\\/2022\\\/01\\\/17\\\/palmeiras-supera-o-internacional-e-chega-as-quartas-da-copa-sao-paulo#primaryimage\"},\"thumbnailUrl\":\"https:\\\/\\\/redenoticiaz.com.br\\\/litoralsp\\\/wp-content\\\/uploads\\\/sites\\\/3\\\/2022\\\/01\\\/61e5921b5771f.jpeg\",\"keywords\":[\"COPA S\u00c3O PAULO DE FUTEBOL JUNIOR\",\"DIADEMA\",\"INTERNACIONAL\",\"Palmeiras\",\"VERD\u00c3O CLASSIFICADO\"],\"articleSection\":[\"Esporte\"],\"inLanguage\":\"pt-BR\",\"potentialAction\":[{\"@type\":\"CommentAction\",\"name\":\"Comment\",\"target\":[\"https:\\\/\\\/redenoticiaz.com.br\\\/litoralsp\\\/2022\\\/01\\\/17\\\/palmeiras-supera-o-internacional-e-chega-as-quartas-da-copa-sao-paulo#respond\"]}]},{\"@type\":\"WebPage\",\"@id\":\"https:\\\/\\\/redenoticiaz.com.br\\\/litoralsp\\\/2022\\\/01\\\/17\\\/palmeiras-supera-o-internacional-e-chega-as-quartas-da-copa-sao-paulo\",\"url\":\"https:\\\/\\\/redenoticiaz.com.br\\\/litoralsp\\\/2022\\\/01\\\/17\\\/palmeiras-supera-o-internacional-e-chega-as-quartas-da-copa-sao-paulo\",\"name\":\"Palmeiras supera o Internacional e chega \u00e0s quartas da Copa S\u00e3o Paulo - Litoral SP\",\"isPartOf\":{\"@id\":\"https:\\\/\\\/redenoticiaz.com.br\\\/litoralsp\\\/#website\"},\"primaryImageOfPage\":{\"@id\":\"https:\\\/\\\/redenoticiaz.com.br\\\/litoralsp\\\/2022\\\/01\\\/17\\\/palmeiras-supera-o-internacional-e-chega-as-quartas-da-copa-sao-paulo#primaryimage\"},\"image\":{\"@id\":\"https:\\\/\\\/redenoticiaz.com.br\\\/litoralsp\\\/2022\\\/01\\\/17\\\/palmeiras-supera-o-internacional-e-chega-as-quartas-da-copa-sao-paulo#primaryimage\"},\"thumbnailUrl\":\"https:\\\/\\\/redenoticiaz.com.br\\\/litoralsp\\\/wp-content\\\/uploads\\\/sites\\\/3\\\/2022\\\/01\\\/61e5921b5771f.jpeg\",\"datePublished\":\"2022-01-17T16:39:59+00:00\",\"dateModified\":\"2022-01-17T16:44:07+00:00\",\"description\":\"segunda-feira (17), em Diadema, o Palmeiras encarou o Internacional pelas oitavas de final da Copa S\u00e3o Paulo de Futebol J\u00fanior. O Verd\u00e3o\",\"inLanguage\":\"pt-BR\",\"potentialAction\":[{\"@type\":\"ReadAction\",\"target\":[\"https:\\\/\\\/redenoticiaz.com.br\\\/litoralsp\\\/2022\\\/01\\\/17\\\/palmeiras-supera-o-internacional-e-chega-as-quartas-da-copa-sao-paulo\"]}]},{\"@type\":\"ImageObject\",\"inLanguage\":\"pt-BR\",\"@id\":\"https:\\\/\\\/redenoticiaz.com.br\\\/litoralsp\\\/2022\\\/01\\\/17\\\/palmeiras-supera-o-internacional-e-chega-as-quartas-da-copa-sao-paulo#primaryimage\",\"url\":\"https:\\\/\\\/redenoticiaz.com.br\\\/litoralsp\\\/wp-content\\\/uploads\\\/sites\\\/3\\\/2022\\\/01\\\/61e5921b5771f.jpeg\",\"contentUrl\":\"https:\\\/\\\/redenoticiaz.com.br\\\/litoralsp\\\/wp-content\\\/uploads\\\/sites\\\/3\\\/2022\\\/01\\\/61e5921b5771f.jpeg\",\"width\":846,\"height\":607,\"caption\":\"A partida foi bastante agitada e teve momentos distintos. Cr\u00e9ditos: Marcos Menotti\\\/Palmeiras\"},{\"@type\":\"WebSite\",\"@id\":\"https:\\\/\\\/redenoticiaz.com.br\\\/litoralsp\\\/#website\",\"url\":\"https:\\\/\\\/redenoticiaz.com.br\\\/litoralsp\\\/\",\"name\":\"Litoral SP\",\"description\":\"Rede NoticiaZ\",\"publisher\":{\"@id\":\"https:\\\/\\\/redenoticiaz.com.br\\\/litoralsp\\\/#organization\"},\"potentialAction\":[{\"@type\":\"SearchAction\",\"target\":{\"@type\":\"EntryPoint\",\"urlTemplate\":\"https:\\\/\\\/redenoticiaz.com.br\\\/litoralsp\\\/?s={search_term_string}\"},\"query-input\":{\"@type\":\"PropertyValueSpecification\",\"valueRequired\":true,\"valueName\":\"search_term_string\"}}],\"inLanguage\":\"pt-BR\"},{\"@type\":\"Organization\",\"@id\":\"https:\\\/\\\/redenoticiaz.com.br\\\/litoralsp\\\/#organization\",\"name\":\"Litoral SP\",\"url\":\"https:\\\/\\\/redenoticiaz.com.br\\\/litoralsp\\\/\",\"logo\":{\"@type\":\"ImageObject\",\"inLanguage\":\"pt-BR\",\"@id\":\"https:\\\/\\\/redenoticiaz.com.br\\\/litoralsp\\\/#\\\/schema\\\/logo\\\/image\\\/\",\"url\":\"https:\\\/\\\/redenoticiaz.com.br\\\/litoralsp\\\/wp-content\\\/uploads\\\/sites\\\/3\\\/2020\\\/11\\\/logo.jpg\",\"contentUrl\":\"https:\\\/\\\/redenoticiaz.com.br\\\/litoralsp\\\/wp-content\\\/uploads\\\/sites\\\/3\\\/2020\\\/11\\\/logo.jpg\",\"width\":400,\"height\":250,\"caption\":\"Litoral SP\"},\"image\":{\"@id\":\"https:\\\/\\\/redenoticiaz.com.br\\\/litoralsp\\\/#\\\/schema\\\/logo\\\/image\\\/\"}},{\"@type\":\"Person\",\"@id\":\"https:\\\/\\\/redenoticiaz.com.br\\\/litoralsp\\\/#\\\/schema\\\/person\\\/0f0b8a5bdafefe82841e07ae8d81ecb3\",\"name\":\"Leonardo Francisco\",\"image\":{\"@type\":\"ImageObject\",\"inLanguage\":\"pt-BR\",\"@id\":\"https:\\\/\\\/secure.gravatar.com\\\/avatar\\\/a7358cb406a99b682ec6df1e77e31ae82e63601f6784e8a3df411d72b37864da?s=96&d=mm&r=g\",\"url\":\"https:\\\/\\\/secure.gravatar.com\\\/avatar\\\/a7358cb406a99b682ec6df1e77e31ae82e63601f6784e8a3df411d72b37864da?s=96&d=mm&r=g\",\"contentUrl\":\"https:\\\/\\\/secure.gravatar.com\\\/avatar\\\/a7358cb406a99b682ec6df1e77e31ae82e63601f6784e8a3df411d72b37864da?s=96&d=mm&r=g\",\"caption\":\"Leonardo Francisco\"},\"url\":\"https:\\\/\\\/redenoticiaz.com.br\\\/litoralsp\\\/author\\\/leonardo-francisco\"}]}<\/script>\n<!-- \/ Yoast SEO plugin. -->","yoast_head_json":{"title":"Palmeiras supera o Internacional e chega \u00e0s quartas da Copa S\u00e3o Paulo - Litoral SP","description":"segunda-feira (17), em Diadema, o Palmeiras encarou o Internacional pelas oitavas de final da Copa S\u00e3o Paulo de Futebol J\u00fanior. O Verd\u00e3o","robots":{"index":"index","follow":"follow","max-snippet":"max-snippet:-1","max-image-preview":"max-image-preview:large","max-video-preview":"max-video-preview:-1"},"canonical":"https:\/\/redenoticiaz.com.br\/litoralsp\/2022\/01\/17\/palmeiras-supera-o-internacional-e-chega-as-quartas-da-copa-sao-paulo","og_locale":"pt_BR","og_type":"article","og_title":"Palmeiras supera o Internacional e chega \u00e0s quartas da Copa S\u00e3o Paulo - Litoral SP","og_description":"segunda-feira (17), em Diadema, o Palmeiras encarou o Internacional pelas oitavas de final da Copa S\u00e3o Paulo de Futebol J\u00fanior. O Verd\u00e3o","og_url":"https:\/\/redenoticiaz.com.br\/litoralsp\/2022\/01\/17\/palmeiras-supera-o-internacional-e-chega-as-quartas-da-copa-sao-paulo","og_site_name":"Litoral SP","article_published_time":"2022-01-17T16:39:59+00:00","article_modified_time":"2022-01-17T16:44:07+00:00","og_image":[{"width":846,"height":607,"url":"https:\/\/redenoticiaz.com.br\/litoralsp\/wp-content\/uploads\/sites\/3\/2022\/01\/61e5921b5771f.jpeg","type":"image\/jpeg"}],"author":"Leonardo Francisco","twitter_card":"summary_large_image","twitter_misc":{"Escrito por":"Leonardo Francisco","Est. tempo de leitura":"1 minuto"},"schema":{"@context":"https:\/\/schema.org","@graph":[{"@type":"Article","@id":"https:\/\/redenoticiaz.com.br\/litoralsp\/2022\/01\/17\/palmeiras-supera-o-internacional-e-chega-as-quartas-da-copa-sao-paulo#article","isPartOf":{"@id":"https:\/\/redenoticiaz.com.br\/litoralsp\/2022\/01\/17\/palmeiras-supera-o-internacional-e-chega-as-quartas-da-copa-sao-paulo"},"author":{"name":"Leonardo Francisco","@id":"https:\/\/redenoticiaz.com.br\/litoralsp\/#\/schema\/person\/0f0b8a5bdafefe82841e07ae8d81ecb3"},"headline":"Palmeiras supera o Internacional e chega \u00e0s quartas da Copa S\u00e3o Paulo","datePublished":"2022-01-17T16:39:59+00:00","dateModified":"2022-01-17T16:44:07+00:00","mainEntityOfPage":{"@id":"https:\/\/redenoticiaz.com.br\/litoralsp\/2022\/01\/17\/palmeiras-supera-o-internacional-e-chega-as-quartas-da-copa-sao-paulo"},"wordCount":305,"commentCount":0,"publisher":{"@id":"https:\/\/redenoticiaz.com.br\/litoralsp\/#organization"},"image":{"@id":"https:\/\/redenoticiaz.com.br\/litoralsp\/2022\/01\/17\/palmeiras-supera-o-internacional-e-chega-as-quartas-da-copa-sao-paulo#primaryimage"},"thumbnailUrl":"https:\/\/redenoticiaz.com.br\/litoralsp\/wp-content\/uploads\/sites\/3\/2022\/01\/61e5921b5771f.jpeg","keywords":["COPA S\u00c3O PAULO DE FUTEBOL JUNIOR","DIADEMA","INTERNACIONAL","Palmeiras","VERD\u00c3O CLASSIFICADO"],"articleSection":["Esporte"],"inLanguage":"pt-BR","potentialAction":[{"@type":"CommentAction","name":"Comment","target":["https:\/\/redenoticiaz.com.br\/litoralsp\/2022\/01\/17\/palmeiras-supera-o-internacional-e-chega-as-quartas-da-copa-sao-paulo#respond"]}]},{"@type":"WebPage","@id":"https:\/\/redenoticiaz.com.br\/litoralsp\/2022\/01\/17\/palmeiras-supera-o-internacional-e-chega-as-quartas-da-copa-sao-paulo","url":"https:\/\/redenoticiaz.com.br\/litoralsp\/2022\/01\/17\/palmeiras-supera-o-internacional-e-chega-as-quartas-da-copa-sao-paulo","name":"Palmeiras supera o Internacional e chega \u00e0s quartas da Copa S\u00e3o Paulo - Litoral SP","isPartOf":{"@id":"https:\/\/redenoticiaz.com.br\/litoralsp\/#website"},"primaryImageOfPage":{"@id":"https:\/\/redenoticiaz.com.br\/litoralsp\/2022\/01\/17\/palmeiras-supera-o-internacional-e-chega-as-quartas-da-copa-sao-paulo#primaryimage"},"image":{"@id":"https:\/\/redenoticiaz.com.br\/litoralsp\/2022\/01\/17\/palmeiras-supera-o-internacional-e-chega-as-quartas-da-copa-sao-paulo#primaryimage"},"thumbnailUrl":"https:\/\/redenoticiaz.com.br\/litoralsp\/wp-content\/uploads\/sites\/3\/2022\/01\/61e5921b5771f.jpeg","datePublished":"2022-01-17T16:39:59+00:00","dateModified":"2022-01-17T16:44:07+00:00","description":"segunda-feira (17), em Diadema, o Palmeiras encarou o Internacional pelas oitavas de final da Copa S\u00e3o Paulo de Futebol J\u00fanior. O Verd\u00e3o","inLanguage":"pt-BR","potentialAction":[{"@type":"ReadAction","target":["https:\/\/redenoticiaz.com.br\/litoralsp\/2022\/01\/17\/palmeiras-supera-o-internacional-e-chega-as-quartas-da-copa-sao-paulo"]}]},{"@type":"ImageObject","inLanguage":"pt-BR","@id":"https:\/\/redenoticiaz.com.br\/litoralsp\/2022\/01\/17\/palmeiras-supera-o-internacional-e-chega-as-quartas-da-copa-sao-paulo#primaryimage","url":"https:\/\/redenoticiaz.com.br\/litoralsp\/wp-content\/uploads\/sites\/3\/2022\/01\/61e5921b5771f.jpeg","contentUrl":"https:\/\/redenoticiaz.com.br\/litoralsp\/wp-content\/uploads\/sites\/3\/2022\/01\/61e5921b5771f.jpeg","width":846,"height":607,"caption":"A partida foi bastante agitada e teve momentos distintos. Cr\u00e9ditos: Marcos Menotti\/Palmeiras"},{"@type":"WebSite","@id":"https:\/\/redenoticiaz.com.br\/litoralsp\/#website","url":"https:\/\/redenoticiaz.com.br\/litoralsp\/","name":"Litoral SP","description":"Rede NoticiaZ","publisher":{"@id":"https:\/\/redenoticiaz.com.br\/litoralsp\/#organization"},"potentialAction":[{"@type":"SearchAction","target":{"@type":"EntryPoint","urlTemplate":"https:\/\/redenoticiaz.com.br\/litoralsp\/?s={search_term_string}"},"query-input":{"@type":"PropertyValueSpecification","valueRequired":true,"valueName":"search_term_string"}}],"inLanguage":"pt-BR"},{"@type":"Organization","@id":"https:\/\/redenoticiaz.com.br\/litoralsp\/#organization","name":"Litoral SP","url":"https:\/\/redenoticiaz.com.br\/litoralsp\/","logo":{"@type":"ImageObject","inLanguage":"pt-BR","@id":"https:\/\/redenoticiaz.com.br\/litoralsp\/#\/schema\/logo\/image\/","url":"https:\/\/redenoticiaz.com.br\/litoralsp\/wp-content\/uploads\/sites\/3\/2020\/11\/logo.jpg","contentUrl":"https:\/\/redenoticiaz.com.br\/litoralsp\/wp-content\/uploads\/sites\/3\/2020\/11\/logo.jpg","width":400,"height":250,"caption":"Litoral SP"},"image":{"@id":"https:\/\/redenoticiaz.com.br\/litoralsp\/#\/schema\/logo\/image\/"}},{"@type":"Person","@id":"https:\/\/redenoticiaz.com.br\/litoralsp\/#\/schema\/person\/0f0b8a5bdafefe82841e07ae8d81ecb3","name":"Leonardo Francisco","image":{"@type":"ImageObject","inLanguage":"pt-BR","@id":"https:\/\/secure.gravatar.com\/avatar\/a7358cb406a99b682ec6df1e77e31ae82e63601f6784e8a3df411d72b37864da?s=96&d=mm&r=g","url":"https:\/\/secure.gravatar.com\/avatar\/a7358cb406a99b682ec6df1e77e31ae82e63601f6784e8a3df411d72b37864da?s=96&d=mm&r=g","contentUrl":"https:\/\/secure.gravatar.com\/avatar\/a7358cb406a99b682ec6df1e77e31ae82e63601f6784e8a3df411d72b37864da?s=96&d=mm&r=g","caption":"Leonardo Francisco"},"url":"https:\/\/redenoticiaz.com.br\/litoralsp\/author\/leonardo-francisco"}]}},"_links":{"self":[{"href":"https:\/\/redenoticiaz.com.br\/litoralsp\/wp-json\/wp\/v2\/posts\/21718","targetHints":{"allow":["GET"]}}],"collection":[{"href":"https:\/\/redenoticiaz.com.br\/litoralsp\/wp-json\/wp\/v2\/posts"}],"about":[{"href":"https:\/\/redenoticiaz.com.br\/litoralsp\/wp-json\/wp\/v2\/types\/post"}],"author":[{"embeddable":true,"href":"https:\/\/redenoticiaz.com.br\/litoralsp\/wp-json\/wp\/v2\/users\/6"}],"replies":[{"embeddable":true,"href":"https:\/\/redenoticiaz.com.br\/litoralsp\/wp-json\/wp\/v2\/comments?post=21718"}],"version-history":[{"count":1,"href":"https:\/\/redenoticiaz.com.br\/litoralsp\/wp-json\/wp\/v2\/posts\/21718\/revisions"}],"predecessor-version":[{"id":21720,"href":"https:\/\/redenoticiaz.com.br\/litoralsp\/wp-json\/wp\/v2\/posts\/21718\/revisions\/21720"}],"wp:featuredmedia":[{"embeddable":true,"href":"https:\/\/redenoticiaz.com.br\/litoralsp\/wp-json\/wp\/v2\/media\/21719"}],"wp:attachment":[{"href":"https:\/\/redenoticiaz.com.br\/litoralsp\/wp-json\/wp\/v2\/media?parent=21718"}],"wp:term":[{"taxonomy":"category","embeddable":true,"href":"https:\/\/redenoticiaz.com.br\/litoralsp\/wp-json\/wp\/v2\/categories?post=21718"},{"taxonomy":"post_tag","embeddable":true,"href":"https:\/\/redenoticiaz.com.br\/litoralsp\/wp-json\/wp\/v2\/tags?post=21718"}],"curies":[{"name":"wp","href":"https:\/\/api.w.org\/{rel}","templated":true}]}}