{"id":21744,"date":"2022-01-17T18:35:21","date_gmt":"2022-01-17T21:35:21","guid":{"rendered":"https:\/\/redenoticiaz.com.br\/litoralsp\/?p=21744"},"modified":"2022-01-17T18:40:02","modified_gmt":"2022-01-17T21:40:02","slug":"baixada-40oc-defesa-civil-alerta-para-temperaturas-elevadas","status":"publish","type":"post","link":"https:\/\/redenoticiaz.com.br\/litoralsp\/2022\/01\/17\/baixada-40oc-defesa-civil-alerta-para-temperaturas-elevadas","title":{"rendered":"Baixada 40\u00baC? Defesa Civil alerta para temperaturas elevadas"},"content":{"rendered":"<p>O ano come\u00e7ou chuvoso e com temperaturas amenas na Baixada Santista. Os moradores estranharam o clima, que nada lembra o ver\u00e3o. Mas isso deve mudar j\u00e1 nesta semana, pois a regi\u00e3o deve ter <strong>temperaturas acima<\/strong> dos 30\u00baC e que pode ter sensa\u00e7\u00e3o t\u00e9rmicas superiores aos 40\u00baC.<\/p>\n<p>O meteorologista da Defesa Civil de <a href=\"https:\/\/www.santos.sp.gov.br\/\">Santos<\/a>, Franco Cassol confirmou a previs\u00e3o e a justificativa se deve ao per\u00edodo chuvoso.<\/p>\n<div class=\"mc-column content-text active-extra-styles\" data-block-type=\"raw\" data-block-weight=\"40\" data-block-id=\"3\">\n<blockquote class=\"content-blockquote theme-border-color-primary-before\"><p>&#8220;Eu n\u00e3o costumo passar valor, principalmente de sensa\u00e7\u00e3o t\u00e9rmica, mas pode atingir sim um n\u00edvel de 40\u00b0C. Hoje, [a temperatura] j\u00e1 passou de 30\u00b0C, amanh\u00e3 [ter\u00e7a] deve chegar a 34\u00b0C\/35\u00b0C, podendo chegar a uns 40\u00b0C de sensa\u00e7\u00e3o&#8221;, afirmou o meteorologista.<\/p><\/blockquote>\n<\/div>\n<div class=\"mc-column content-text active-extra-styles \" data-block-type=\"unstyled\" data-block-weight=\"71\" data-block-id=\"4\">\n<p class=\"content-text__container \" data-track-category=\"Link no Texto\" data-track-links=\"\">De acordo com Cassol, ap\u00f3s o per\u00edodo chuvoso dos \u00faltimos dias,\u00a0<span class=\"highlight highlighted\">esta semana o destaque ser\u00e1 para o calor e as temperaturas em eleva\u00e7\u00e3o<\/span>. &#8220;Na sexta-feira (14) a gente j\u00e1 come\u00e7ou a sentir um pouco mais de calor, no final de semana tamb\u00e9m. Domingo (16) foi um pouco quente j\u00e1 e hoje [segunda] o dia come\u00e7ou at\u00e9 mais quente. A temperatura est\u00e1 em eleva\u00e7\u00e3o e os pr\u00f3ximos dias ser\u00e3o quentes&#8221;.<\/p>\n<\/div>\n<div class=\"content-ads content-ads--reveal\" data-block-type=\"ads\" data-block-id=\"5\"><\/div>\n<div class=\"mc-column content-text active-extra-styles \" data-block-type=\"unstyled\" data-block-weight=\"51\" data-block-id=\"6\">\n<p class=\"content-text__container \" data-track-category=\"Link no Texto\" data-track-links=\"\">Segundo ele, a previs\u00e3o indica que nesta ter\u00e7a-feira (18) seja o dia mais quente da semana. J\u00e1 para quarta (19) e quinta-feira (20), h\u00e1 possibilidade de algumas pancadas de chuva, que v\u00e3o dar uma amenizada no calor. &#8220;Mas, o resto da semana vai continuar quente, inclusive, no final de semana&#8221;.<\/p>\n<h3 data-track-category=\"Link no Texto\">Influ\u00eancia do Sul do Brasil<\/h3>\n<div class=\"mid-mc-placeholder\">Al\u00e9m disso, segundo o meteorologista, esse cen\u00e1rio tem rela\u00e7\u00e3o com uma onda de calor que afetou a regi\u00e3o Sul, Argentina e Paraguai na \u00faltima semana. &#8220;Essa massa de ar come\u00e7a a se diluir e [avan\u00e7a] para outras regi\u00f5es mais ao Norte e no Centro do Brasil. A gente pode dizer que ela passa a influenciar nossa regi\u00e3o, n\u00e3o da mesma forma que foi no Sul&#8221;.<\/div>\n<\/div>\n<div><\/div>\n<div>\n<div class=\"mc-column content-text active-extra-styles \" data-block-type=\"unstyled\" data-block-weight=\"54\" data-block-id=\"8\">\n<p class=\"content-text__container \" data-track-category=\"Link no Texto\" data-track-links=\"\">Esse tipo de eleva\u00e7\u00e3o de temperatura \u00e9 normal e t\u00edpico do ver\u00e3o, segundo o especialista. Por isso, a recomenda\u00e7\u00e3o da Defesa Civil para esse per\u00edodo \u00e9 evitar atividades f\u00edsicas ao ar livre, principalmente, entre os hor\u00e1rios que o calor \u00e9 maior, que \u00e9 entre o final da manh\u00e3 e o meio da tarde.<\/p>\n<\/div>\n<div class=\"mc-column content-text active-extra-styles \" data-block-type=\"unstyled\" data-block-weight=\"45\" data-block-id=\"9\">\n<p class=\"content-text__container \" data-track-category=\"Link no Texto\" data-track-links=\"\">&#8220;S\u00e3o as horas mais quentes e que a umidade relativa [do ar] tende a ficar um pouco reduzida. [\u00c9 importante] manter a hidrata\u00e7\u00e3o. As pessoas mais vulner\u00e1veis devem evitar sair e pegar sol nesses hor\u00e1rios mais quentes, que \u00e9 o caso das pessoas idosas&#8221;.<\/p>\n<p data-track-category=\"Link no Texto\" data-track-links=\"\"><strong>LEIA TAMB\u00c9M<\/strong><\/p>\n<\/div>\n<\/div>\n<div><a href=\"https:\/\/redenoticiaz.com.br\/litoralsp\/2022\/01\/16\/homem-afoga-em-lagoa-de-santos-e-morre\">Homem afoga em lagoa de Santos e morre<\/a><\/div>\n","protected":false},"excerpt":{"rendered":"<p>O ano come\u00e7ou chuvoso e com temperaturas amenas na Baixada Santista. Os moradores estranharam o clima, que nada lembra o ver\u00e3o. Mas isso deve mudar j\u00e1 nesta semana, pois a regi\u00e3o deve ter temperaturas acima dos 30\u00baC e que pode ter sensa\u00e7\u00e3o t\u00e9rmicas superiores aos 40\u00baC. O meteorologista da Defesa Civil de Santos, Franco Cassol &hellip;<\/p>\n","protected":false},"author":6,"featured_media":21745,"comment_status":"open","ping_status":"closed","sticky":false,"template":"","format":"standard","meta":{"footnotes":""},"categories":[26798,180],"tags":[1148,9778,11633,1151],"class_list":["post-21744","post","type-post","status-publish","format-standard","has-post-thumbnail","hentry","category-climatologia","category-santos","tag-baixada-santista","tag-calor","tag-climatologia","tag-defesa-civil"],"yoast_head":"<!-- This site is optimized with the Yoast SEO plugin v27.5 - https:\/\/yoast.com\/product\/yoast-seo-wordpress\/ -->\n<title>Baixada 40\u00baC? Defesa Civil alerta para temperaturas elevadas - Litoral SP<\/title>\n<meta name=\"description\" content=\"O ano come\u00e7ou chuvoso e com temperaturas amenas na Baixada Santista. Os moradores estranharam o clima, que nada lembra o ver\u00e3o. Mas\" \/>\n<meta name=\"robots\" content=\"index, follow, max-snippet:-1, max-image-preview:large, max-video-preview:-1\" \/>\n<link rel=\"canonical\" href=\"https:\/\/redenoticiaz.com.br\/litoralsp\/2022\/01\/17\/baixada-40oc-defesa-civil-alerta-para-temperaturas-elevadas\" \/>\n<meta property=\"og:locale\" content=\"pt_BR\" \/>\n<meta property=\"og:type\" content=\"article\" \/>\n<meta property=\"og:title\" content=\"Baixada 40\u00baC? Defesa Civil alerta para temperaturas elevadas - Litoral SP\" \/>\n<meta property=\"og:description\" content=\"O ano come\u00e7ou chuvoso e com temperaturas amenas na Baixada Santista. Os moradores estranharam o clima, que nada lembra o ver\u00e3o. Mas\" \/>\n<meta property=\"og:url\" content=\"https:\/\/redenoticiaz.com.br\/litoralsp\/2022\/01\/17\/baixada-40oc-defesa-civil-alerta-para-temperaturas-elevadas\" \/>\n<meta property=\"og:site_name\" content=\"Litoral SP\" \/>\n<meta property=\"article:published_time\" content=\"2022-01-17T21:35:21+00:00\" \/>\n<meta property=\"article:modified_time\" content=\"2022-01-17T21:40:02+00:00\" \/>\n<meta property=\"og:image\" content=\"https:\/\/redenoticiaz.com.br\/litoralsp\/wp-content\/uploads\/sites\/3\/2022\/01\/banhistas-lotaram-techos-da-praia-de-santos-neste-domingo-25-especialmente-a-faixa-proxima-ao-mar-propicia-a-caminhadas-25042021150148209.jpeg\" \/>\n\t<meta property=\"og:image:width\" content=\"630\" \/>\n\t<meta property=\"og:image:height\" content=\"420\" \/>\n\t<meta property=\"og:image:type\" content=\"image\/jpeg\" \/>\n<meta name=\"author\" content=\"Leonardo Francisco\" \/>\n<meta name=\"twitter:card\" content=\"summary_large_image\" \/>\n<meta name=\"twitter:label1\" content=\"Escrito por\" \/>\n\t<meta name=\"twitter:data1\" content=\"Leonardo Francisco\" \/>\n\t<meta name=\"twitter:label2\" content=\"Est. tempo de leitura\" \/>\n\t<meta name=\"twitter:data2\" content=\"2 minutos\" \/>\n<script type=\"application\/ld+json\" class=\"yoast-schema-graph\">{\"@context\":\"https:\\\/\\\/schema.org\",\"@graph\":[{\"@type\":\"Article\",\"@id\":\"https:\\\/\\\/redenoticiaz.com.br\\\/litoralsp\\\/2022\\\/01\\\/17\\\/baixada-40oc-defesa-civil-alerta-para-temperaturas-elevadas#article\",\"isPartOf\":{\"@id\":\"https:\\\/\\\/redenoticiaz.com.br\\\/litoralsp\\\/2022\\\/01\\\/17\\\/baixada-40oc-defesa-civil-alerta-para-temperaturas-elevadas\"},\"author\":{\"name\":\"Leonardo Francisco\",\"@id\":\"https:\\\/\\\/redenoticiaz.com.br\\\/litoralsp\\\/#\\\/schema\\\/person\\\/0f0b8a5bdafefe82841e07ae8d81ecb3\"},\"headline\":\"Baixada 40\u00baC? Defesa Civil alerta para temperaturas elevadas\",\"datePublished\":\"2022-01-17T21:35:21+00:00\",\"dateModified\":\"2022-01-17T21:40:02+00:00\",\"mainEntityOfPage\":{\"@id\":\"https:\\\/\\\/redenoticiaz.com.br\\\/litoralsp\\\/2022\\\/01\\\/17\\\/baixada-40oc-defesa-civil-alerta-para-temperaturas-elevadas\"},\"wordCount\":448,\"commentCount\":0,\"publisher\":{\"@id\":\"https:\\\/\\\/redenoticiaz.com.br\\\/litoralsp\\\/#organization\"},\"image\":{\"@id\":\"https:\\\/\\\/redenoticiaz.com.br\\\/litoralsp\\\/2022\\\/01\\\/17\\\/baixada-40oc-defesa-civil-alerta-para-temperaturas-elevadas#primaryimage\"},\"thumbnailUrl\":\"https:\\\/\\\/redenoticiaz.com.br\\\/litoralsp\\\/wp-content\\\/uploads\\\/sites\\\/3\\\/2022\\\/01\\\/banhistas-lotaram-techos-da-praia-de-santos-neste-domingo-25-especialmente-a-faixa-proxima-ao-mar-propicia-a-caminhadas-25042021150148209.jpeg\",\"keywords\":[\"BAIXADA SANTISTA\",\"CALOR\",\"CLIMATOLOGIA\",\"DEFESA CIVIL\"],\"articleSection\":[\"Climatologia\",\"Santos\"],\"inLanguage\":\"pt-BR\",\"potentialAction\":[{\"@type\":\"CommentAction\",\"name\":\"Comment\",\"target\":[\"https:\\\/\\\/redenoticiaz.com.br\\\/litoralsp\\\/2022\\\/01\\\/17\\\/baixada-40oc-defesa-civil-alerta-para-temperaturas-elevadas#respond\"]}]},{\"@type\":\"WebPage\",\"@id\":\"https:\\\/\\\/redenoticiaz.com.br\\\/litoralsp\\\/2022\\\/01\\\/17\\\/baixada-40oc-defesa-civil-alerta-para-temperaturas-elevadas\",\"url\":\"https:\\\/\\\/redenoticiaz.com.br\\\/litoralsp\\\/2022\\\/01\\\/17\\\/baixada-40oc-defesa-civil-alerta-para-temperaturas-elevadas\",\"name\":\"Baixada 40\u00baC? Defesa Civil alerta para temperaturas elevadas - Litoral SP\",\"isPartOf\":{\"@id\":\"https:\\\/\\\/redenoticiaz.com.br\\\/litoralsp\\\/#website\"},\"primaryImageOfPage\":{\"@id\":\"https:\\\/\\\/redenoticiaz.com.br\\\/litoralsp\\\/2022\\\/01\\\/17\\\/baixada-40oc-defesa-civil-alerta-para-temperaturas-elevadas#primaryimage\"},\"image\":{\"@id\":\"https:\\\/\\\/redenoticiaz.com.br\\\/litoralsp\\\/2022\\\/01\\\/17\\\/baixada-40oc-defesa-civil-alerta-para-temperaturas-elevadas#primaryimage\"},\"thumbnailUrl\":\"https:\\\/\\\/redenoticiaz.com.br\\\/litoralsp\\\/wp-content\\\/uploads\\\/sites\\\/3\\\/2022\\\/01\\\/banhistas-lotaram-techos-da-praia-de-santos-neste-domingo-25-especialmente-a-faixa-proxima-ao-mar-propicia-a-caminhadas-25042021150148209.jpeg\",\"datePublished\":\"2022-01-17T21:35:21+00:00\",\"dateModified\":\"2022-01-17T21:40:02+00:00\",\"description\":\"O ano come\u00e7ou chuvoso e com temperaturas amenas na Baixada Santista. Os moradores estranharam o clima, que nada lembra o ver\u00e3o. Mas\",\"inLanguage\":\"pt-BR\",\"potentialAction\":[{\"@type\":\"ReadAction\",\"target\":[\"https:\\\/\\\/redenoticiaz.com.br\\\/litoralsp\\\/2022\\\/01\\\/17\\\/baixada-40oc-defesa-civil-alerta-para-temperaturas-elevadas\"]}]},{\"@type\":\"ImageObject\",\"inLanguage\":\"pt-BR\",\"@id\":\"https:\\\/\\\/redenoticiaz.com.br\\\/litoralsp\\\/2022\\\/01\\\/17\\\/baixada-40oc-defesa-civil-alerta-para-temperaturas-elevadas#primaryimage\",\"url\":\"https:\\\/\\\/redenoticiaz.com.br\\\/litoralsp\\\/wp-content\\\/uploads\\\/sites\\\/3\\\/2022\\\/01\\\/banhistas-lotaram-techos-da-praia-de-santos-neste-domingo-25-especialmente-a-faixa-proxima-ao-mar-propicia-a-caminhadas-25042021150148209.jpeg\",\"contentUrl\":\"https:\\\/\\\/redenoticiaz.com.br\\\/litoralsp\\\/wp-content\\\/uploads\\\/sites\\\/3\\\/2022\\\/01\\\/banhistas-lotaram-techos-da-praia-de-santos-neste-domingo-25-especialmente-a-faixa-proxima-ao-mar-propicia-a-caminhadas-25042021150148209.jpeg\",\"width\":630,\"height\":420,\"caption\":\"Cr\u00e9ditos: Reprodu\u00e7\u00e3o.\"},{\"@type\":\"WebSite\",\"@id\":\"https:\\\/\\\/redenoticiaz.com.br\\\/litoralsp\\\/#website\",\"url\":\"https:\\\/\\\/redenoticiaz.com.br\\\/litoralsp\\\/\",\"name\":\"Litoral SP\",\"description\":\"Rede NoticiaZ\",\"publisher\":{\"@id\":\"https:\\\/\\\/redenoticiaz.com.br\\\/litoralsp\\\/#organization\"},\"potentialAction\":[{\"@type\":\"SearchAction\",\"target\":{\"@type\":\"EntryPoint\",\"urlTemplate\":\"https:\\\/\\\/redenoticiaz.com.br\\\/litoralsp\\\/?s={search_term_string}\"},\"query-input\":{\"@type\":\"PropertyValueSpecification\",\"valueRequired\":true,\"valueName\":\"search_term_string\"}}],\"inLanguage\":\"pt-BR\"},{\"@type\":\"Organization\",\"@id\":\"https:\\\/\\\/redenoticiaz.com.br\\\/litoralsp\\\/#organization\",\"name\":\"Litoral SP\",\"url\":\"https:\\\/\\\/redenoticiaz.com.br\\\/litoralsp\\\/\",\"logo\":{\"@type\":\"ImageObject\",\"inLanguage\":\"pt-BR\",\"@id\":\"https:\\\/\\\/redenoticiaz.com.br\\\/litoralsp\\\/#\\\/schema\\\/logo\\\/image\\\/\",\"url\":\"https:\\\/\\\/redenoticiaz.com.br\\\/litoralsp\\\/wp-content\\\/uploads\\\/sites\\\/3\\\/2020\\\/11\\\/logo.jpg\",\"contentUrl\":\"https:\\\/\\\/redenoticiaz.com.br\\\/litoralsp\\\/wp-content\\\/uploads\\\/sites\\\/3\\\/2020\\\/11\\\/logo.jpg\",\"width\":400,\"height\":250,\"caption\":\"Litoral SP\"},\"image\":{\"@id\":\"https:\\\/\\\/redenoticiaz.com.br\\\/litoralsp\\\/#\\\/schema\\\/logo\\\/image\\\/\"}},{\"@type\":\"Person\",\"@id\":\"https:\\\/\\\/redenoticiaz.com.br\\\/litoralsp\\\/#\\\/schema\\\/person\\\/0f0b8a5bdafefe82841e07ae8d81ecb3\",\"name\":\"Leonardo Francisco\",\"image\":{\"@type\":\"ImageObject\",\"inLanguage\":\"pt-BR\",\"@id\":\"https:\\\/\\\/secure.gravatar.com\\\/avatar\\\/a7358cb406a99b682ec6df1e77e31ae82e63601f6784e8a3df411d72b37864da?s=96&d=mm&r=g\",\"url\":\"https:\\\/\\\/secure.gravatar.com\\\/avatar\\\/a7358cb406a99b682ec6df1e77e31ae82e63601f6784e8a3df411d72b37864da?s=96&d=mm&r=g\",\"contentUrl\":\"https:\\\/\\\/secure.gravatar.com\\\/avatar\\\/a7358cb406a99b682ec6df1e77e31ae82e63601f6784e8a3df411d72b37864da?s=96&d=mm&r=g\",\"caption\":\"Leonardo Francisco\"},\"url\":\"https:\\\/\\\/redenoticiaz.com.br\\\/litoralsp\\\/author\\\/leonardo-francisco\"}]}<\/script>\n<!-- \/ Yoast SEO plugin. -->","yoast_head_json":{"title":"Baixada 40\u00baC? Defesa Civil alerta para temperaturas elevadas - Litoral SP","description":"O ano come\u00e7ou chuvoso e com temperaturas amenas na Baixada Santista. Os moradores estranharam o clima, que nada lembra o ver\u00e3o. Mas","robots":{"index":"index","follow":"follow","max-snippet":"max-snippet:-1","max-image-preview":"max-image-preview:large","max-video-preview":"max-video-preview:-1"},"canonical":"https:\/\/redenoticiaz.com.br\/litoralsp\/2022\/01\/17\/baixada-40oc-defesa-civil-alerta-para-temperaturas-elevadas","og_locale":"pt_BR","og_type":"article","og_title":"Baixada 40\u00baC? Defesa Civil alerta para temperaturas elevadas - Litoral SP","og_description":"O ano come\u00e7ou chuvoso e com temperaturas amenas na Baixada Santista. Os moradores estranharam o clima, que nada lembra o ver\u00e3o. Mas","og_url":"https:\/\/redenoticiaz.com.br\/litoralsp\/2022\/01\/17\/baixada-40oc-defesa-civil-alerta-para-temperaturas-elevadas","og_site_name":"Litoral SP","article_published_time":"2022-01-17T21:35:21+00:00","article_modified_time":"2022-01-17T21:40:02+00:00","og_image":[{"width":630,"height":420,"url":"https:\/\/redenoticiaz.com.br\/litoralsp\/wp-content\/uploads\/sites\/3\/2022\/01\/banhistas-lotaram-techos-da-praia-de-santos-neste-domingo-25-especialmente-a-faixa-proxima-ao-mar-propicia-a-caminhadas-25042021150148209.jpeg","type":"image\/jpeg"}],"author":"Leonardo Francisco","twitter_card":"summary_large_image","twitter_misc":{"Escrito por":"Leonardo Francisco","Est. tempo de leitura":"2 minutos"},"schema":{"@context":"https:\/\/schema.org","@graph":[{"@type":"Article","@id":"https:\/\/redenoticiaz.com.br\/litoralsp\/2022\/01\/17\/baixada-40oc-defesa-civil-alerta-para-temperaturas-elevadas#article","isPartOf":{"@id":"https:\/\/redenoticiaz.com.br\/litoralsp\/2022\/01\/17\/baixada-40oc-defesa-civil-alerta-para-temperaturas-elevadas"},"author":{"name":"Leonardo Francisco","@id":"https:\/\/redenoticiaz.com.br\/litoralsp\/#\/schema\/person\/0f0b8a5bdafefe82841e07ae8d81ecb3"},"headline":"Baixada 40\u00baC? Defesa Civil alerta para temperaturas elevadas","datePublished":"2022-01-17T21:35:21+00:00","dateModified":"2022-01-17T21:40:02+00:00","mainEntityOfPage":{"@id":"https:\/\/redenoticiaz.com.br\/litoralsp\/2022\/01\/17\/baixada-40oc-defesa-civil-alerta-para-temperaturas-elevadas"},"wordCount":448,"commentCount":0,"publisher":{"@id":"https:\/\/redenoticiaz.com.br\/litoralsp\/#organization"},"image":{"@id":"https:\/\/redenoticiaz.com.br\/litoralsp\/2022\/01\/17\/baixada-40oc-defesa-civil-alerta-para-temperaturas-elevadas#primaryimage"},"thumbnailUrl":"https:\/\/redenoticiaz.com.br\/litoralsp\/wp-content\/uploads\/sites\/3\/2022\/01\/banhistas-lotaram-techos-da-praia-de-santos-neste-domingo-25-especialmente-a-faixa-proxima-ao-mar-propicia-a-caminhadas-25042021150148209.jpeg","keywords":["BAIXADA SANTISTA","CALOR","CLIMATOLOGIA","DEFESA CIVIL"],"articleSection":["Climatologia","Santos"],"inLanguage":"pt-BR","potentialAction":[{"@type":"CommentAction","name":"Comment","target":["https:\/\/redenoticiaz.com.br\/litoralsp\/2022\/01\/17\/baixada-40oc-defesa-civil-alerta-para-temperaturas-elevadas#respond"]}]},{"@type":"WebPage","@id":"https:\/\/redenoticiaz.com.br\/litoralsp\/2022\/01\/17\/baixada-40oc-defesa-civil-alerta-para-temperaturas-elevadas","url":"https:\/\/redenoticiaz.com.br\/litoralsp\/2022\/01\/17\/baixada-40oc-defesa-civil-alerta-para-temperaturas-elevadas","name":"Baixada 40\u00baC? Defesa Civil alerta para temperaturas elevadas - Litoral SP","isPartOf":{"@id":"https:\/\/redenoticiaz.com.br\/litoralsp\/#website"},"primaryImageOfPage":{"@id":"https:\/\/redenoticiaz.com.br\/litoralsp\/2022\/01\/17\/baixada-40oc-defesa-civil-alerta-para-temperaturas-elevadas#primaryimage"},"image":{"@id":"https:\/\/redenoticiaz.com.br\/litoralsp\/2022\/01\/17\/baixada-40oc-defesa-civil-alerta-para-temperaturas-elevadas#primaryimage"},"thumbnailUrl":"https:\/\/redenoticiaz.com.br\/litoralsp\/wp-content\/uploads\/sites\/3\/2022\/01\/banhistas-lotaram-techos-da-praia-de-santos-neste-domingo-25-especialmente-a-faixa-proxima-ao-mar-propicia-a-caminhadas-25042021150148209.jpeg","datePublished":"2022-01-17T21:35:21+00:00","dateModified":"2022-01-17T21:40:02+00:00","description":"O ano come\u00e7ou chuvoso e com temperaturas amenas na Baixada Santista. Os moradores estranharam o clima, que nada lembra o ver\u00e3o. Mas","inLanguage":"pt-BR","potentialAction":[{"@type":"ReadAction","target":["https:\/\/redenoticiaz.com.br\/litoralsp\/2022\/01\/17\/baixada-40oc-defesa-civil-alerta-para-temperaturas-elevadas"]}]},{"@type":"ImageObject","inLanguage":"pt-BR","@id":"https:\/\/redenoticiaz.com.br\/litoralsp\/2022\/01\/17\/baixada-40oc-defesa-civil-alerta-para-temperaturas-elevadas#primaryimage","url":"https:\/\/redenoticiaz.com.br\/litoralsp\/wp-content\/uploads\/sites\/3\/2022\/01\/banhistas-lotaram-techos-da-praia-de-santos-neste-domingo-25-especialmente-a-faixa-proxima-ao-mar-propicia-a-caminhadas-25042021150148209.jpeg","contentUrl":"https:\/\/redenoticiaz.com.br\/litoralsp\/wp-content\/uploads\/sites\/3\/2022\/01\/banhistas-lotaram-techos-da-praia-de-santos-neste-domingo-25-especialmente-a-faixa-proxima-ao-mar-propicia-a-caminhadas-25042021150148209.jpeg","width":630,"height":420,"caption":"Cr\u00e9ditos: Reprodu\u00e7\u00e3o."},{"@type":"WebSite","@id":"https:\/\/redenoticiaz.com.br\/litoralsp\/#website","url":"https:\/\/redenoticiaz.com.br\/litoralsp\/","name":"Litoral SP","description":"Rede NoticiaZ","publisher":{"@id":"https:\/\/redenoticiaz.com.br\/litoralsp\/#organization"},"potentialAction":[{"@type":"SearchAction","target":{"@type":"EntryPoint","urlTemplate":"https:\/\/redenoticiaz.com.br\/litoralsp\/?s={search_term_string}"},"query-input":{"@type":"PropertyValueSpecification","valueRequired":true,"valueName":"search_term_string"}}],"inLanguage":"pt-BR"},{"@type":"Organization","@id":"https:\/\/redenoticiaz.com.br\/litoralsp\/#organization","name":"Litoral SP","url":"https:\/\/redenoticiaz.com.br\/litoralsp\/","logo":{"@type":"ImageObject","inLanguage":"pt-BR","@id":"https:\/\/redenoticiaz.com.br\/litoralsp\/#\/schema\/logo\/image\/","url":"https:\/\/redenoticiaz.com.br\/litoralsp\/wp-content\/uploads\/sites\/3\/2020\/11\/logo.jpg","contentUrl":"https:\/\/redenoticiaz.com.br\/litoralsp\/wp-content\/uploads\/sites\/3\/2020\/11\/logo.jpg","width":400,"height":250,"caption":"Litoral SP"},"image":{"@id":"https:\/\/redenoticiaz.com.br\/litoralsp\/#\/schema\/logo\/image\/"}},{"@type":"Person","@id":"https:\/\/redenoticiaz.com.br\/litoralsp\/#\/schema\/person\/0f0b8a5bdafefe82841e07ae8d81ecb3","name":"Leonardo Francisco","image":{"@type":"ImageObject","inLanguage":"pt-BR","@id":"https:\/\/secure.gravatar.com\/avatar\/a7358cb406a99b682ec6df1e77e31ae82e63601f6784e8a3df411d72b37864da?s=96&d=mm&r=g","url":"https:\/\/secure.gravatar.com\/avatar\/a7358cb406a99b682ec6df1e77e31ae82e63601f6784e8a3df411d72b37864da?s=96&d=mm&r=g","contentUrl":"https:\/\/secure.gravatar.com\/avatar\/a7358cb406a99b682ec6df1e77e31ae82e63601f6784e8a3df411d72b37864da?s=96&d=mm&r=g","caption":"Leonardo Francisco"},"url":"https:\/\/redenoticiaz.com.br\/litoralsp\/author\/leonardo-francisco"}]}},"_links":{"self":[{"href":"https:\/\/redenoticiaz.com.br\/litoralsp\/wp-json\/wp\/v2\/posts\/21744","targetHints":{"allow":["GET"]}}],"collection":[{"href":"https:\/\/redenoticiaz.com.br\/litoralsp\/wp-json\/wp\/v2\/posts"}],"about":[{"href":"https:\/\/redenoticiaz.com.br\/litoralsp\/wp-json\/wp\/v2\/types\/post"}],"author":[{"embeddable":true,"href":"https:\/\/redenoticiaz.com.br\/litoralsp\/wp-json\/wp\/v2\/users\/6"}],"replies":[{"embeddable":true,"href":"https:\/\/redenoticiaz.com.br\/litoralsp\/wp-json\/wp\/v2\/comments?post=21744"}],"version-history":[{"count":1,"href":"https:\/\/redenoticiaz.com.br\/litoralsp\/wp-json\/wp\/v2\/posts\/21744\/revisions"}],"predecessor-version":[{"id":21746,"href":"https:\/\/redenoticiaz.com.br\/litoralsp\/wp-json\/wp\/v2\/posts\/21744\/revisions\/21746"}],"wp:featuredmedia":[{"embeddable":true,"href":"https:\/\/redenoticiaz.com.br\/litoralsp\/wp-json\/wp\/v2\/media\/21745"}],"wp:attachment":[{"href":"https:\/\/redenoticiaz.com.br\/litoralsp\/wp-json\/wp\/v2\/media?parent=21744"}],"wp:term":[{"taxonomy":"category","embeddable":true,"href":"https:\/\/redenoticiaz.com.br\/litoralsp\/wp-json\/wp\/v2\/categories?post=21744"},{"taxonomy":"post_tag","embeddable":true,"href":"https:\/\/redenoticiaz.com.br\/litoralsp\/wp-json\/wp\/v2\/tags?post=21744"}],"curies":[{"name":"wp","href":"https:\/\/api.w.org\/{rel}","templated":true}]}}