{"id":21795,"date":"2022-01-22T11:00:54","date_gmt":"2022-01-22T14:00:54","guid":{"rendered":"https:\/\/redenoticiaz.com.br\/litoralsp\/?p=21795"},"modified":"2022-01-18T12:50:15","modified_gmt":"2022-01-18T15:50:15","slug":"proteja-o-carro-contra-a-maresia-da-praia","status":"publish","type":"post","link":"https:\/\/redenoticiaz.com.br\/litoralsp\/2022\/01\/22\/proteja-o-carro-contra-a-maresia-da-praia","title":{"rendered":"Proteja o carro contra a maresia da praia"},"content":{"rendered":"<p>Muitas pessoas utilizam as f\u00e9rias de ver\u00e3o para aproveitar o ver\u00e3o nas praias brasileiras.\u00a0Para essas viagens, \u00e9 comum que as pessoas utilizem os carros pr\u00f3prios, tanto para a <a href=\"https:\/\/www.ecovias.com.br\/\">descida da serra<\/a> como para transitar na cidade litor\u00e2nea. Mas o <strong>carro<\/strong> tem contato constante com a maresia, n\u00e9voa ou aerossol de pequenas gotas, formada pela a\u00e7\u00e3o do vento e pela movimenta\u00e7\u00e3o e arrebenta\u00e7\u00e3o da \u00e1gua do mar em rochedos ou na praia, podem causar diversos problemas nos carros, como mancha na pintura e nos vidros, corros\u00e3o de pe\u00e7as met\u00e1licas e desgaste de borrachas.<\/p>\n<p>As got\u00edculas levadas pelo vento podem acumular na superf\u00edcie do carro. Quando secam, deixam res\u00edduo de sal na lataria e vidros, que podem causar manchas esbranqui\u00e7adas. Quando a superf\u00edcie n\u00e3o \u00e9 lavada, o sal pode se acumular e criar uma resist\u00eancia e se misturar aos produtos, comprometendo a pintura do carro.<\/p>\n<p>Uma forma de prevenir e evitar essa situa\u00e7\u00e3o \u00e9 a instala\u00e7\u00e3o de pel\u00edculas na lataria do carro. Junior Ruciretta, CEO da Multifilmes, empresa especializada em aplica\u00e7\u00e3o de pel\u00edculas em autom\u00f3veis e residenciais, explica que existem diferentes tipos de pel\u00edculas e elas n\u00e3o se resumem \u00e0s pel\u00edculas que escurecem os vidros<em>. <\/em>\u201cNo mercado, existem diversos tipos de pel\u00edculas, at\u00e9 aquelas que protegem a pintura do carro da a\u00e7\u00e3o do clima e de arranh\u00f5es. Elas s\u00e3o totalmente incolores e al\u00e9m da prote\u00e7\u00e3o, ainda d\u00e3o brilho \u00e0 pintura\u201d,\u00a0explica.<\/p>\n<p>As pel\u00edculas de prote\u00e7\u00e3o garantem a preven\u00e7\u00e3o de danos na pintura causados pela chuva e produtos \u00e1cidos, riscos e arranh\u00f5es; bloqueio de sujeiras indesejadas de insetos e p\u00e1ssaros; prote\u00e7\u00e3o dos raios ultravioletas; al\u00e9m de dura\u00e7\u00e3o de cinco a sete anos.<\/p>\n<p><strong>LEIA TAMB\u00c9M<\/strong><\/p>\n<p><a href=\"https:\/\/redenoticiaz.com.br\/blog\/2022\/01\/17\/rodizio-volta-a-valer-na-cidade-de-sao-paulo\">Rod\u00edzio volta a valer na cidade de S\u00e3o Paulo<\/a><\/p>\n","protected":false},"excerpt":{"rendered":"<p>Muitas pessoas utilizam as f\u00e9rias de ver\u00e3o para aproveitar o ver\u00e3o nas praias brasileiras.\u00a0Para essas viagens, \u00e9 comum que as pessoas utilizem os carros pr\u00f3prios, tanto para a descida da serra como para transitar na cidade litor\u00e2nea. Mas o carro tem contato constante com a maresia, n\u00e9voa ou aerossol de pequenas gotas, formada pela a\u00e7\u00e3o &hellip;<\/p>\n","protected":false},"author":6,"featured_media":21796,"comment_status":"open","ping_status":"closed","sticky":false,"template":"","format":"standard","meta":{"footnotes":""},"categories":[1610],"tags":[6443,31293,47933,1479,47934],"class_list":["post-21795","post","type-post","status-publish","format-standard","has-post-thumbnail","hentry","category-garagem-az","tag-carro","tag-litoral","tag-maresia","tag-praias","tag-protecao-do-veiculo"],"yoast_head":"<!-- This site is optimized with the Yoast SEO plugin v27.5 - https:\/\/yoast.com\/product\/yoast-seo-wordpress\/ -->\n<title>Proteja o carro contra a maresia da praia - Litoral SP<\/title>\n<meta name=\"description\" content=\"comum que as pessoas utilizem os carros pr\u00f3prios, tanto para a descida da serra como para transitar na cidade litor\u00e2nea. Mas o carro tem\" \/>\n<meta name=\"robots\" content=\"index, follow, max-snippet:-1, max-image-preview:large, max-video-preview:-1\" \/>\n<link rel=\"canonical\" href=\"https:\/\/redenoticiaz.com.br\/litoralsp\/2022\/01\/22\/proteja-o-carro-contra-a-maresia-da-praia\" \/>\n<meta property=\"og:locale\" content=\"pt_BR\" \/>\n<meta property=\"og:type\" content=\"article\" \/>\n<meta property=\"og:title\" content=\"Proteja o carro contra a maresia da praia - Litoral SP\" \/>\n<meta property=\"og:description\" content=\"comum que as pessoas utilizem os carros pr\u00f3prios, tanto para a descida da serra como para transitar na cidade litor\u00e2nea. Mas o carro tem\" \/>\n<meta property=\"og:url\" content=\"https:\/\/redenoticiaz.com.br\/litoralsp\/2022\/01\/22\/proteja-o-carro-contra-a-maresia-da-praia\" \/>\n<meta property=\"og:site_name\" content=\"Litoral SP\" \/>\n<meta property=\"article:published_time\" content=\"2022-01-22T14:00:54+00:00\" \/>\n<meta property=\"og:image\" content=\"https:\/\/redenoticiaz.com.br\/litoralsp\/wp-content\/uploads\/sites\/3\/2022\/01\/pauta-maresia.jpg\" \/>\n\t<meta property=\"og:image:width\" content=\"1620\" \/>\n\t<meta property=\"og:image:height\" content=\"1080\" \/>\n\t<meta property=\"og:image:type\" content=\"image\/jpeg\" \/>\n<meta name=\"author\" content=\"Leonardo Francisco\" \/>\n<meta name=\"twitter:card\" content=\"summary_large_image\" \/>\n<meta name=\"twitter:label1\" content=\"Escrito por\" \/>\n\t<meta name=\"twitter:data1\" content=\"Leonardo Francisco\" \/>\n\t<meta name=\"twitter:label2\" content=\"Est. tempo de leitura\" \/>\n\t<meta name=\"twitter:data2\" content=\"2 minutos\" \/>\n<script type=\"application\/ld+json\" class=\"yoast-schema-graph\">{\"@context\":\"https:\\\/\\\/schema.org\",\"@graph\":[{\"@type\":\"Article\",\"@id\":\"https:\\\/\\\/redenoticiaz.com.br\\\/litoralsp\\\/2022\\\/01\\\/22\\\/proteja-o-carro-contra-a-maresia-da-praia#article\",\"isPartOf\":{\"@id\":\"https:\\\/\\\/redenoticiaz.com.br\\\/litoralsp\\\/2022\\\/01\\\/22\\\/proteja-o-carro-contra-a-maresia-da-praia\"},\"author\":{\"name\":\"Leonardo Francisco\",\"@id\":\"https:\\\/\\\/redenoticiaz.com.br\\\/litoralsp\\\/#\\\/schema\\\/person\\\/0f0b8a5bdafefe82841e07ae8d81ecb3\"},\"headline\":\"Proteja o carro contra a maresia da praia\",\"datePublished\":\"2022-01-22T14:00:54+00:00\",\"mainEntityOfPage\":{\"@id\":\"https:\\\/\\\/redenoticiaz.com.br\\\/litoralsp\\\/2022\\\/01\\\/22\\\/proteja-o-carro-contra-a-maresia-da-praia\"},\"wordCount\":331,\"commentCount\":0,\"publisher\":{\"@id\":\"https:\\\/\\\/redenoticiaz.com.br\\\/litoralsp\\\/#organization\"},\"image\":{\"@id\":\"https:\\\/\\\/redenoticiaz.com.br\\\/litoralsp\\\/2022\\\/01\\\/22\\\/proteja-o-carro-contra-a-maresia-da-praia#primaryimage\"},\"thumbnailUrl\":\"https:\\\/\\\/redenoticiaz.com.br\\\/litoralsp\\\/wp-content\\\/uploads\\\/sites\\\/3\\\/2022\\\/01\\\/pauta-maresia.jpg\",\"keywords\":[\"carro\",\"LITORAL\",\"MARESIA\",\"PRAIAS\",\"PROTE\u00c7\u00c3O DO VE\u00cdCULO\"],\"articleSection\":[\"Garagem AZ\"],\"inLanguage\":\"pt-BR\",\"potentialAction\":[{\"@type\":\"CommentAction\",\"name\":\"Comment\",\"target\":[\"https:\\\/\\\/redenoticiaz.com.br\\\/litoralsp\\\/2022\\\/01\\\/22\\\/proteja-o-carro-contra-a-maresia-da-praia#respond\"]}]},{\"@type\":\"WebPage\",\"@id\":\"https:\\\/\\\/redenoticiaz.com.br\\\/litoralsp\\\/2022\\\/01\\\/22\\\/proteja-o-carro-contra-a-maresia-da-praia\",\"url\":\"https:\\\/\\\/redenoticiaz.com.br\\\/litoralsp\\\/2022\\\/01\\\/22\\\/proteja-o-carro-contra-a-maresia-da-praia\",\"name\":\"Proteja o carro contra a maresia da praia - Litoral SP\",\"isPartOf\":{\"@id\":\"https:\\\/\\\/redenoticiaz.com.br\\\/litoralsp\\\/#website\"},\"primaryImageOfPage\":{\"@id\":\"https:\\\/\\\/redenoticiaz.com.br\\\/litoralsp\\\/2022\\\/01\\\/22\\\/proteja-o-carro-contra-a-maresia-da-praia#primaryimage\"},\"image\":{\"@id\":\"https:\\\/\\\/redenoticiaz.com.br\\\/litoralsp\\\/2022\\\/01\\\/22\\\/proteja-o-carro-contra-a-maresia-da-praia#primaryimage\"},\"thumbnailUrl\":\"https:\\\/\\\/redenoticiaz.com.br\\\/litoralsp\\\/wp-content\\\/uploads\\\/sites\\\/3\\\/2022\\\/01\\\/pauta-maresia.jpg\",\"datePublished\":\"2022-01-22T14:00:54+00:00\",\"description\":\"comum que as pessoas utilizem os carros pr\u00f3prios, tanto para a descida da serra como para transitar na cidade litor\u00e2nea. Mas o carro tem\",\"inLanguage\":\"pt-BR\",\"potentialAction\":[{\"@type\":\"ReadAction\",\"target\":[\"https:\\\/\\\/redenoticiaz.com.br\\\/litoralsp\\\/2022\\\/01\\\/22\\\/proteja-o-carro-contra-a-maresia-da-praia\"]}]},{\"@type\":\"ImageObject\",\"inLanguage\":\"pt-BR\",\"@id\":\"https:\\\/\\\/redenoticiaz.com.br\\\/litoralsp\\\/2022\\\/01\\\/22\\\/proteja-o-carro-contra-a-maresia-da-praia#primaryimage\",\"url\":\"https:\\\/\\\/redenoticiaz.com.br\\\/litoralsp\\\/wp-content\\\/uploads\\\/sites\\\/3\\\/2022\\\/01\\\/pauta-maresia.jpg\",\"contentUrl\":\"https:\\\/\\\/redenoticiaz.com.br\\\/litoralsp\\\/wp-content\\\/uploads\\\/sites\\\/3\\\/2022\\\/01\\\/pauta-maresia.jpg\",\"width\":1620,\"height\":1080,\"caption\":\"Cr\u00e9ditos: Reprodu\u00e7\u00e3o.\"},{\"@type\":\"WebSite\",\"@id\":\"https:\\\/\\\/redenoticiaz.com.br\\\/litoralsp\\\/#website\",\"url\":\"https:\\\/\\\/redenoticiaz.com.br\\\/litoralsp\\\/\",\"name\":\"Litoral SP\",\"description\":\"Rede NoticiaZ\",\"publisher\":{\"@id\":\"https:\\\/\\\/redenoticiaz.com.br\\\/litoralsp\\\/#organization\"},\"potentialAction\":[{\"@type\":\"SearchAction\",\"target\":{\"@type\":\"EntryPoint\",\"urlTemplate\":\"https:\\\/\\\/redenoticiaz.com.br\\\/litoralsp\\\/?s={search_term_string}\"},\"query-input\":{\"@type\":\"PropertyValueSpecification\",\"valueRequired\":true,\"valueName\":\"search_term_string\"}}],\"inLanguage\":\"pt-BR\"},{\"@type\":\"Organization\",\"@id\":\"https:\\\/\\\/redenoticiaz.com.br\\\/litoralsp\\\/#organization\",\"name\":\"Litoral SP\",\"url\":\"https:\\\/\\\/redenoticiaz.com.br\\\/litoralsp\\\/\",\"logo\":{\"@type\":\"ImageObject\",\"inLanguage\":\"pt-BR\",\"@id\":\"https:\\\/\\\/redenoticiaz.com.br\\\/litoralsp\\\/#\\\/schema\\\/logo\\\/image\\\/\",\"url\":\"https:\\\/\\\/redenoticiaz.com.br\\\/litoralsp\\\/wp-content\\\/uploads\\\/sites\\\/3\\\/2020\\\/11\\\/logo.jpg\",\"contentUrl\":\"https:\\\/\\\/redenoticiaz.com.br\\\/litoralsp\\\/wp-content\\\/uploads\\\/sites\\\/3\\\/2020\\\/11\\\/logo.jpg\",\"width\":400,\"height\":250,\"caption\":\"Litoral SP\"},\"image\":{\"@id\":\"https:\\\/\\\/redenoticiaz.com.br\\\/litoralsp\\\/#\\\/schema\\\/logo\\\/image\\\/\"}},{\"@type\":\"Person\",\"@id\":\"https:\\\/\\\/redenoticiaz.com.br\\\/litoralsp\\\/#\\\/schema\\\/person\\\/0f0b8a5bdafefe82841e07ae8d81ecb3\",\"name\":\"Leonardo Francisco\",\"image\":{\"@type\":\"ImageObject\",\"inLanguage\":\"pt-BR\",\"@id\":\"https:\\\/\\\/secure.gravatar.com\\\/avatar\\\/a7358cb406a99b682ec6df1e77e31ae82e63601f6784e8a3df411d72b37864da?s=96&d=mm&r=g\",\"url\":\"https:\\\/\\\/secure.gravatar.com\\\/avatar\\\/a7358cb406a99b682ec6df1e77e31ae82e63601f6784e8a3df411d72b37864da?s=96&d=mm&r=g\",\"contentUrl\":\"https:\\\/\\\/secure.gravatar.com\\\/avatar\\\/a7358cb406a99b682ec6df1e77e31ae82e63601f6784e8a3df411d72b37864da?s=96&d=mm&r=g\",\"caption\":\"Leonardo Francisco\"},\"url\":\"https:\\\/\\\/redenoticiaz.com.br\\\/litoralsp\\\/author\\\/leonardo-francisco\"}]}<\/script>\n<!-- \/ Yoast SEO plugin. -->","yoast_head_json":{"title":"Proteja o carro contra a maresia da praia - Litoral SP","description":"comum que as pessoas utilizem os carros pr\u00f3prios, tanto para a descida da serra como para transitar na cidade litor\u00e2nea. Mas o carro tem","robots":{"index":"index","follow":"follow","max-snippet":"max-snippet:-1","max-image-preview":"max-image-preview:large","max-video-preview":"max-video-preview:-1"},"canonical":"https:\/\/redenoticiaz.com.br\/litoralsp\/2022\/01\/22\/proteja-o-carro-contra-a-maresia-da-praia","og_locale":"pt_BR","og_type":"article","og_title":"Proteja o carro contra a maresia da praia - Litoral SP","og_description":"comum que as pessoas utilizem os carros pr\u00f3prios, tanto para a descida da serra como para transitar na cidade litor\u00e2nea. Mas o carro tem","og_url":"https:\/\/redenoticiaz.com.br\/litoralsp\/2022\/01\/22\/proteja-o-carro-contra-a-maresia-da-praia","og_site_name":"Litoral SP","article_published_time":"2022-01-22T14:00:54+00:00","og_image":[{"width":1620,"height":1080,"url":"https:\/\/redenoticiaz.com.br\/litoralsp\/wp-content\/uploads\/sites\/3\/2022\/01\/pauta-maresia.jpg","type":"image\/jpeg"}],"author":"Leonardo Francisco","twitter_card":"summary_large_image","twitter_misc":{"Escrito por":"Leonardo Francisco","Est. tempo de leitura":"2 minutos"},"schema":{"@context":"https:\/\/schema.org","@graph":[{"@type":"Article","@id":"https:\/\/redenoticiaz.com.br\/litoralsp\/2022\/01\/22\/proteja-o-carro-contra-a-maresia-da-praia#article","isPartOf":{"@id":"https:\/\/redenoticiaz.com.br\/litoralsp\/2022\/01\/22\/proteja-o-carro-contra-a-maresia-da-praia"},"author":{"name":"Leonardo Francisco","@id":"https:\/\/redenoticiaz.com.br\/litoralsp\/#\/schema\/person\/0f0b8a5bdafefe82841e07ae8d81ecb3"},"headline":"Proteja o carro contra a maresia da praia","datePublished":"2022-01-22T14:00:54+00:00","mainEntityOfPage":{"@id":"https:\/\/redenoticiaz.com.br\/litoralsp\/2022\/01\/22\/proteja-o-carro-contra-a-maresia-da-praia"},"wordCount":331,"commentCount":0,"publisher":{"@id":"https:\/\/redenoticiaz.com.br\/litoralsp\/#organization"},"image":{"@id":"https:\/\/redenoticiaz.com.br\/litoralsp\/2022\/01\/22\/proteja-o-carro-contra-a-maresia-da-praia#primaryimage"},"thumbnailUrl":"https:\/\/redenoticiaz.com.br\/litoralsp\/wp-content\/uploads\/sites\/3\/2022\/01\/pauta-maresia.jpg","keywords":["carro","LITORAL","MARESIA","PRAIAS","PROTE\u00c7\u00c3O DO VE\u00cdCULO"],"articleSection":["Garagem AZ"],"inLanguage":"pt-BR","potentialAction":[{"@type":"CommentAction","name":"Comment","target":["https:\/\/redenoticiaz.com.br\/litoralsp\/2022\/01\/22\/proteja-o-carro-contra-a-maresia-da-praia#respond"]}]},{"@type":"WebPage","@id":"https:\/\/redenoticiaz.com.br\/litoralsp\/2022\/01\/22\/proteja-o-carro-contra-a-maresia-da-praia","url":"https:\/\/redenoticiaz.com.br\/litoralsp\/2022\/01\/22\/proteja-o-carro-contra-a-maresia-da-praia","name":"Proteja o carro contra a maresia da praia - Litoral SP","isPartOf":{"@id":"https:\/\/redenoticiaz.com.br\/litoralsp\/#website"},"primaryImageOfPage":{"@id":"https:\/\/redenoticiaz.com.br\/litoralsp\/2022\/01\/22\/proteja-o-carro-contra-a-maresia-da-praia#primaryimage"},"image":{"@id":"https:\/\/redenoticiaz.com.br\/litoralsp\/2022\/01\/22\/proteja-o-carro-contra-a-maresia-da-praia#primaryimage"},"thumbnailUrl":"https:\/\/redenoticiaz.com.br\/litoralsp\/wp-content\/uploads\/sites\/3\/2022\/01\/pauta-maresia.jpg","datePublished":"2022-01-22T14:00:54+00:00","description":"comum que as pessoas utilizem os carros pr\u00f3prios, tanto para a descida da serra como para transitar na cidade litor\u00e2nea. Mas o carro tem","inLanguage":"pt-BR","potentialAction":[{"@type":"ReadAction","target":["https:\/\/redenoticiaz.com.br\/litoralsp\/2022\/01\/22\/proteja-o-carro-contra-a-maresia-da-praia"]}]},{"@type":"ImageObject","inLanguage":"pt-BR","@id":"https:\/\/redenoticiaz.com.br\/litoralsp\/2022\/01\/22\/proteja-o-carro-contra-a-maresia-da-praia#primaryimage","url":"https:\/\/redenoticiaz.com.br\/litoralsp\/wp-content\/uploads\/sites\/3\/2022\/01\/pauta-maresia.jpg","contentUrl":"https:\/\/redenoticiaz.com.br\/litoralsp\/wp-content\/uploads\/sites\/3\/2022\/01\/pauta-maresia.jpg","width":1620,"height":1080,"caption":"Cr\u00e9ditos: Reprodu\u00e7\u00e3o."},{"@type":"WebSite","@id":"https:\/\/redenoticiaz.com.br\/litoralsp\/#website","url":"https:\/\/redenoticiaz.com.br\/litoralsp\/","name":"Litoral SP","description":"Rede NoticiaZ","publisher":{"@id":"https:\/\/redenoticiaz.com.br\/litoralsp\/#organization"},"potentialAction":[{"@type":"SearchAction","target":{"@type":"EntryPoint","urlTemplate":"https:\/\/redenoticiaz.com.br\/litoralsp\/?s={search_term_string}"},"query-input":{"@type":"PropertyValueSpecification","valueRequired":true,"valueName":"search_term_string"}}],"inLanguage":"pt-BR"},{"@type":"Organization","@id":"https:\/\/redenoticiaz.com.br\/litoralsp\/#organization","name":"Litoral SP","url":"https:\/\/redenoticiaz.com.br\/litoralsp\/","logo":{"@type":"ImageObject","inLanguage":"pt-BR","@id":"https:\/\/redenoticiaz.com.br\/litoralsp\/#\/schema\/logo\/image\/","url":"https:\/\/redenoticiaz.com.br\/litoralsp\/wp-content\/uploads\/sites\/3\/2020\/11\/logo.jpg","contentUrl":"https:\/\/redenoticiaz.com.br\/litoralsp\/wp-content\/uploads\/sites\/3\/2020\/11\/logo.jpg","width":400,"height":250,"caption":"Litoral SP"},"image":{"@id":"https:\/\/redenoticiaz.com.br\/litoralsp\/#\/schema\/logo\/image\/"}},{"@type":"Person","@id":"https:\/\/redenoticiaz.com.br\/litoralsp\/#\/schema\/person\/0f0b8a5bdafefe82841e07ae8d81ecb3","name":"Leonardo Francisco","image":{"@type":"ImageObject","inLanguage":"pt-BR","@id":"https:\/\/secure.gravatar.com\/avatar\/a7358cb406a99b682ec6df1e77e31ae82e63601f6784e8a3df411d72b37864da?s=96&d=mm&r=g","url":"https:\/\/secure.gravatar.com\/avatar\/a7358cb406a99b682ec6df1e77e31ae82e63601f6784e8a3df411d72b37864da?s=96&d=mm&r=g","contentUrl":"https:\/\/secure.gravatar.com\/avatar\/a7358cb406a99b682ec6df1e77e31ae82e63601f6784e8a3df411d72b37864da?s=96&d=mm&r=g","caption":"Leonardo Francisco"},"url":"https:\/\/redenoticiaz.com.br\/litoralsp\/author\/leonardo-francisco"}]}},"_links":{"self":[{"href":"https:\/\/redenoticiaz.com.br\/litoralsp\/wp-json\/wp\/v2\/posts\/21795","targetHints":{"allow":["GET"]}}],"collection":[{"href":"https:\/\/redenoticiaz.com.br\/litoralsp\/wp-json\/wp\/v2\/posts"}],"about":[{"href":"https:\/\/redenoticiaz.com.br\/litoralsp\/wp-json\/wp\/v2\/types\/post"}],"author":[{"embeddable":true,"href":"https:\/\/redenoticiaz.com.br\/litoralsp\/wp-json\/wp\/v2\/users\/6"}],"replies":[{"embeddable":true,"href":"https:\/\/redenoticiaz.com.br\/litoralsp\/wp-json\/wp\/v2\/comments?post=21795"}],"version-history":[{"count":1,"href":"https:\/\/redenoticiaz.com.br\/litoralsp\/wp-json\/wp\/v2\/posts\/21795\/revisions"}],"predecessor-version":[{"id":21797,"href":"https:\/\/redenoticiaz.com.br\/litoralsp\/wp-json\/wp\/v2\/posts\/21795\/revisions\/21797"}],"wp:featuredmedia":[{"embeddable":true,"href":"https:\/\/redenoticiaz.com.br\/litoralsp\/wp-json\/wp\/v2\/media\/21796"}],"wp:attachment":[{"href":"https:\/\/redenoticiaz.com.br\/litoralsp\/wp-json\/wp\/v2\/media?parent=21795"}],"wp:term":[{"taxonomy":"category","embeddable":true,"href":"https:\/\/redenoticiaz.com.br\/litoralsp\/wp-json\/wp\/v2\/categories?post=21795"},{"taxonomy":"post_tag","embeddable":true,"href":"https:\/\/redenoticiaz.com.br\/litoralsp\/wp-json\/wp\/v2\/tags?post=21795"}],"curies":[{"name":"wp","href":"https:\/\/api.w.org\/{rel}","templated":true}]}}