{"id":21810,"date":"2022-01-18T14:43:46","date_gmt":"2022-01-18T17:43:46","guid":{"rendered":"https:\/\/redenoticiaz.com.br\/litoralsp\/?p=21810"},"modified":"2022-01-18T14:44:27","modified_gmt":"2022-01-18T17:44:27","slug":"cadeia-velha-de-santos-vai-sediar-a-fabrica-da-cultura-4-0","status":"publish","type":"post","link":"https:\/\/redenoticiaz.com.br\/litoralsp\/2022\/01\/18\/cadeia-velha-de-santos-vai-sediar-a-fabrica-da-cultura-4-0","title":{"rendered":"Cadeia Velha de Santos vai sediar a F\u00e1brica da Cultura 4.0"},"content":{"rendered":"<p>A cultura de <a href=\"https:\/\/www.santos.sp.gov.br\/\">Santos<\/a> poder\u00e1 ficar ainda mais rica e desenvolvida, Tudo porque ser\u00e1 instalada na Cadeia Velha, a <strong>F\u00e1brica de Cultura 4.0<\/strong>, programa do governo estadual focado na forma\u00e7\u00e3o, produ\u00e7\u00e3o e difus\u00e3o cultural. A expectativa \u00e9 que ela passe a funconar j\u00e1 em setembro deste ano. O Governo de S\u00e3o Paulo informou que al\u00e9m de Santos, Iguape e outras tr\u00eas cidades tamb\u00e9m ter\u00e3o o F\u00e1brica da Cultura 4.0.<\/p>\n<div class=\"mc-column content-text active-extra-styles \" data-block-type=\"unstyled\" data-block-weight=\"61\" data-block-id=\"3\">\n<p class=\"content-text__container \" data-track-category=\"Link no Texto\" data-track-links=\"\">As F\u00e1bricas de Cultura s\u00e3o espa\u00e7os de acesso gratuito que disponibilizam diversas atividades art\u00edsticas como cursos, atividades, bibliotecas e est\u00fadios de grava\u00e7\u00e3o. Segundo o governo estadual, elas foram criadas com o objetivo de ampliar o conhecimento cultural por meio da intera\u00e7\u00e3o com a comunidade. O projeto \u00e9 destinado para jovens em situa\u00e7\u00e3o de vulnerabilidade social de 14 a 24 anos.<\/p>\n<\/div>\n<div class=\"content-ads content-ads--reveal\" data-block-type=\"ads\" data-block-id=\"4\"><\/div>\n<div class=\"mc-column content-text active-extra-styles \" data-block-type=\"unstyled\" data-block-weight=\"66\" data-block-id=\"5\">\n<figure id=\"attachment_21811\" aria-describedby=\"caption-attachment-21811\" style=\"width: 300px\" class=\"wp-caption alignleft\"><img loading=\"lazy\" decoding=\"async\" class=\"size-medium wp-image-21811\" src=\"https:\/\/redenoticiaz.com.br\/litoralsp\/wp-content\/uploads\/sites\/3\/2022\/01\/cadeia-velha-stos-300x169.jpg\" alt=\"\" width=\"300\" height=\"169\" srcset=\"https:\/\/redenoticiaz.com.br\/litoralsp\/wp-content\/uploads\/sites\/3\/2022\/01\/cadeia-velha-stos-300x169.jpg 300w, https:\/\/redenoticiaz.com.br\/litoralsp\/wp-content\/uploads\/sites\/3\/2022\/01\/cadeia-velha-stos-768x432.jpg 768w, https:\/\/redenoticiaz.com.br\/litoralsp\/wp-content\/uploads\/sites\/3\/2022\/01\/cadeia-velha-stos-390x220.jpg 390w, https:\/\/redenoticiaz.com.br\/litoralsp\/wp-content\/uploads\/sites\/3\/2022\/01\/cadeia-velha-stos.jpg 984w\" sizes=\"auto, (max-width: 300px) 100vw, 300px\" \/><figcaption id=\"caption-attachment-21811\" class=\"wp-caption-text\">Cr\u00e9ditos: Divulga\u00e7\u00e3o\/Governo de S\u00e3o Paulo<\/figcaption><\/figure>\n<p class=\"content-text__container \" data-track-category=\"Link no Texto\" data-track-links=\"\">O secret\u00e1rio de Cultura e Economia Criativa, S\u00e9rgio S\u00e1 Leit\u00e3o, explicou que inicialmente o programa come\u00e7ou com foco em artes, com 10 unidades, entre 2011 e 2014. Em 2020, houve uma mudan\u00e7a no programa. Al\u00e9m das artes, o foco tamb\u00e9m passou a ser em tecnologia, inova\u00e7\u00e3o e criatividade, com cursos de audiovisual, artes visuais, dan\u00e7a, circo, design, drones, games, literatura, moda, m\u00fasica, programa\u00e7\u00e3o e rob\u00f3tica.<\/p>\n<\/div>\n<div class=\"mc-column content-text active-extra-styles \" data-block-type=\"unstyled\" data-block-weight=\"64\" data-block-id=\"6\">\n<p class=\"content-text__container \" data-track-category=\"Link no Texto\" data-track-links=\"\">A cria\u00e7\u00e3o de cinco novas F\u00e1bricas da Cultura 4.0. foram anunciadas no Pal\u00e1cio dos Bandeirantes, em S\u00e3o Paulo, nesta ter\u00e7a-feira (18). Elas ser\u00e3o instaladas na capital, em Heli\u00f3polis, e nas cidades de Osasco, Santos, Ribeir\u00e3o Preto e Iguape. &#8220;Essa \u00e9 a maior expans\u00e3o j\u00e1 feita no Programa F\u00e1bricas de Cultura do Estado de S\u00e3o Paulo, projeto que \u00e9 refer\u00eancia nacional e internacional&#8221;, afirmou Leit\u00e3o.<\/p>\n<h3 data-track-category=\"Link no Texto\">Como v\u00e3o funcionar?<\/h3>\n<div class=\"mc-column content-text active-extra-styles \" data-block-type=\"unstyled\" data-block-weight=\"65\" data-block-id=\"9\">\n<p class=\"content-text__container \" data-track-category=\"Link no Texto\" data-track-links=\"\">As novas unidades ter\u00e3o espa\u00e7o maker, coworking, bibliotech, est\u00fadios profissionais, audit\u00f3rio e espa\u00e7o multiuso. Ao todo, cerca de 2 milh\u00f5es de pessoas ser\u00e3o beneficiadas nas cinco cidades com o programa. As unidades v\u00e3o oferecer juntas 667 cursos, com total de quase 13 mil vagas por ano e 3.500 atividades de difus\u00e3o cultural. O custeio anual das cinco F\u00e1bricas 4.0 ser\u00e1 de R$ 42,4 milh\u00f5es.<\/p>\n<\/div>\n<div class=\"mc-column content-text active-extra-styles \" data-block-type=\"unstyled\" data-block-weight=\"63\" data-block-id=\"10\">\n<p class=\"content-text__container \" data-track-category=\"Link no Texto\" data-track-links=\"\">Segundo o secret\u00e1rio, os artistas locais poder\u00e3o utilizar os espa\u00e7os e contar com toda a infraestrutura da F\u00e1brica de Cultura. &#8220;Tudo isso fica dispon\u00edvel para os artistas que j\u00e1 tem trabalhos desenvolvidos, que j\u00e1 se iniciaram em suas carreiras, para que eles possam, inclusive, dar um salto profissional, fazendo grava\u00e7\u00f5es profissionais, videos profissionais, fazendo apresenta\u00e7\u00f5es nos equipamentos das F\u00e1bricas de Cultura&#8221;, disse ele.<\/p>\n<p data-track-category=\"Link no Texto\" data-track-links=\"\">Em Santos, a F\u00e1brica de Cultura 4.0 de Santos ficar\u00e1 na Cadeia Velha, localizada na Pra\u00e7a dos Andradas, no Centro de Santos. O investimento para implantar o programa no local foi de R$ 12,5 milh\u00f5es e o custeio anual \u00e9 de R$ 7,4 milh\u00f5es.<\/p>\n<div class=\"mc-column content-text active-extra-styles \" data-block-type=\"unstyled\" data-block-weight=\"36\" data-block-id=\"15\">\n<p class=\"content-text__container \" data-track-category=\"Link no Texto\" data-track-links=\"\">O local vai oferecer 100 cursos para a popula\u00e7\u00e3o, com 2.480 vagas e 853 atividades de difus\u00e3o. De acordo com o Governo de SP, a estimativa \u00e9 que o local receba cerca de 130 mil.<\/p>\n<\/div>\n<div class=\"mc-column content-text active-extra-styles \" data-block-type=\"unstyled\" data-block-weight=\"21\" data-block-id=\"16\">\n<p class=\"content-text__container \" data-track-category=\"Link no Texto\" data-track-links=\"\">A previs\u00e3o \u00e9 de in\u00edcio de funcionamento em setembro deste ano. A Catavento \u00e9 a organiza\u00e7\u00e3o social gestora da unidade.<\/p>\n<h3 data-track-category=\"Link no Texto\">F\u00e1brica da Cultura 4.0 em Iguape<\/h3>\n<div class=\"mc-column content-text active-extra-styles \" data-block-type=\"unstyled\" data-block-weight=\"34\" data-block-id=\"20\">\n<p class=\"content-text__container \" data-track-category=\"Link no Texto\" data-track-links=\"\">A F\u00e1brica de Cultura 4.0 Iguape funcionar\u00e1 no Correio Velho, que tamb\u00e9m \u00e9 conhecido como Cadeia Velha. O investimento no local foi de R$ 11,5 milh\u00f5es e o custeio anual de R$ 7,4 milh\u00f5es.<\/p>\n<\/div>\n<div class=\"mc-column content-text active-extra-styles \" data-block-type=\"unstyled\" data-block-weight=\"36\" data-block-id=\"21\">\n<p class=\"content-text__container \" data-track-category=\"Link no Texto\" data-track-links=\"\">O local vai oferecer 60 cursos para a popula\u00e7\u00e3o, com 1.500 vagas e 196 atividades de difus\u00e3o. De acordo com o Governo de SP, a estimativa \u00e9 que o local receba cerca de 48 mil.<\/p>\n<\/div>\n<div class=\"mc-column content-text active-extra-styles \" data-block-type=\"unstyled\" data-block-weight=\"21\" data-block-id=\"22\">\n<p class=\"content-text__container \" data-track-category=\"Link no Texto\" data-track-links=\"\">A previs\u00e3o \u00e9 de in\u00edcio de funcionamento em maio deste ano. A Poesis \u00e9 a organiza\u00e7\u00e3o social gestora da unidade.<\/p>\n<p data-track-category=\"Link no Texto\" data-track-links=\"\"><strong>LEIA TAMB\u00c9M<\/strong><\/p>\n<p data-track-category=\"Link no Texto\" data-track-links=\"\"><a href=\"https:\/\/redenoticiaz.com.br\/litoralsp\/2022\/01\/17\/abaixo-assinado-para-a-volta-da-temporada-de-cruzeiros-e-realizado\">Abaixo-assinado para a volta da temporada de cruzeiros \u00e9 realizado<\/a><\/p>\n<\/div>\n<\/div>\n<\/div>\n<\/div>\n","protected":false},"excerpt":{"rendered":"<p>A cultura de Santos poder\u00e1 ficar ainda mais rica e desenvolvida, Tudo porque ser\u00e1 instalada na Cadeia Velha, a F\u00e1brica de Cultura 4.0, programa do governo estadual focado na forma\u00e7\u00e3o, produ\u00e7\u00e3o e difus\u00e3o cultural. A expectativa \u00e9 que ela passe a funconar j\u00e1 em setembro deste ano. O Governo de S\u00e3o Paulo informou que al\u00e9m &hellip;<\/p>\n","protected":false},"author":6,"featured_media":21812,"comment_status":"open","ping_status":"closed","sticky":false,"template":"","format":"standard","meta":{"footnotes":""},"categories":[169,12778,180],"tags":[48002,1300,48001,2832,986],"class_list":["post-21810","post","type-post","status-publish","format-standard","has-post-thumbnail","hentry","category-cultura","category-iguape","category-santos","tag-cadeia-velha","tag-cultura","tag-fabrica-da-cultura-4-0","tag-iguape","tag-santos"],"yoast_head":"<!-- This site is optimized with the Yoast SEO plugin v27.4 - https:\/\/yoast.com\/product\/yoast-seo-wordpress\/ -->\n<title>Cadeia Velha de Santos vai sediar a F\u00e1brica da Cultura 4.0 - Litoral SP<\/title>\n<meta name=\"description\" content=\"A cultura de Santos poder\u00e1 ficar ainda mais rica e desenvolvida, Tudo porque ser\u00e1 instalada na Cadeia Velha, a F\u00e1brica de Cultura 4.0, programa\" \/>\n<meta name=\"robots\" content=\"index, follow, max-snippet:-1, max-image-preview:large, max-video-preview:-1\" \/>\n<link rel=\"canonical\" href=\"https:\/\/redenoticiaz.com.br\/litoralsp\/2022\/01\/18\/cadeia-velha-de-santos-vai-sediar-a-fabrica-da-cultura-4-0\" \/>\n<meta property=\"og:locale\" content=\"pt_BR\" \/>\n<meta property=\"og:type\" content=\"article\" \/>\n<meta property=\"og:title\" content=\"Cadeia Velha de Santos vai sediar a F\u00e1brica da Cultura 4.0 - Litoral SP\" \/>\n<meta property=\"og:description\" content=\"A cultura de Santos poder\u00e1 ficar ainda mais rica e desenvolvida, Tudo porque ser\u00e1 instalada na Cadeia Velha, a F\u00e1brica de Cultura 4.0, programa\" \/>\n<meta property=\"og:url\" content=\"https:\/\/redenoticiaz.com.br\/litoralsp\/2022\/01\/18\/cadeia-velha-de-santos-vai-sediar-a-fabrica-da-cultura-4-0\" \/>\n<meta property=\"og:site_name\" content=\"Litoral SP\" \/>\n<meta property=\"article:published_time\" content=\"2022-01-18T17:43:46+00:00\" \/>\n<meta property=\"article:modified_time\" content=\"2022-01-18T17:44:27+00:00\" \/>\n<meta property=\"og:image\" content=\"https:\/\/redenoticiaz.com.br\/litoralsp\/wp-content\/uploads\/sites\/3\/2022\/01\/cadeia-velha.jpg\" \/>\n\t<meta property=\"og:image:width\" content=\"984\" \/>\n\t<meta property=\"og:image:height\" content=\"656\" \/>\n\t<meta property=\"og:image:type\" content=\"image\/jpeg\" \/>\n<meta name=\"author\" content=\"Leonardo Francisco\" \/>\n<meta name=\"twitter:card\" content=\"summary_large_image\" \/>\n<meta name=\"twitter:label1\" content=\"Escrito por\" \/>\n\t<meta name=\"twitter:data1\" content=\"Leonardo Francisco\" \/>\n\t<meta name=\"twitter:label2\" content=\"Est. tempo de leitura\" \/>\n\t<meta name=\"twitter:data2\" content=\"3 minutos\" \/>\n<script type=\"application\/ld+json\" class=\"yoast-schema-graph\">{\"@context\":\"https:\\\/\\\/schema.org\",\"@graph\":[{\"@type\":\"Article\",\"@id\":\"https:\\\/\\\/redenoticiaz.com.br\\\/litoralsp\\\/2022\\\/01\\\/18\\\/cadeia-velha-de-santos-vai-sediar-a-fabrica-da-cultura-4-0#article\",\"isPartOf\":{\"@id\":\"https:\\\/\\\/redenoticiaz.com.br\\\/litoralsp\\\/2022\\\/01\\\/18\\\/cadeia-velha-de-santos-vai-sediar-a-fabrica-da-cultura-4-0\"},\"author\":{\"name\":\"Leonardo Francisco\",\"@id\":\"https:\\\/\\\/redenoticiaz.com.br\\\/litoralsp\\\/#\\\/schema\\\/person\\\/0f0b8a5bdafefe82841e07ae8d81ecb3\"},\"headline\":\"Cadeia Velha de Santos vai sediar a F\u00e1brica da Cultura 4.0\",\"datePublished\":\"2022-01-18T17:43:46+00:00\",\"dateModified\":\"2022-01-18T17:44:27+00:00\",\"mainEntityOfPage\":{\"@id\":\"https:\\\/\\\/redenoticiaz.com.br\\\/litoralsp\\\/2022\\\/01\\\/18\\\/cadeia-velha-de-santos-vai-sediar-a-fabrica-da-cultura-4-0\"},\"wordCount\":660,\"commentCount\":0,\"publisher\":{\"@id\":\"https:\\\/\\\/redenoticiaz.com.br\\\/litoralsp\\\/#organization\"},\"image\":{\"@id\":\"https:\\\/\\\/redenoticiaz.com.br\\\/litoralsp\\\/2022\\\/01\\\/18\\\/cadeia-velha-de-santos-vai-sediar-a-fabrica-da-cultura-4-0#primaryimage\"},\"thumbnailUrl\":\"https:\\\/\\\/redenoticiaz.com.br\\\/litoralsp\\\/wp-content\\\/uploads\\\/sites\\\/3\\\/2022\\\/01\\\/cadeia-velha.jpg\",\"keywords\":[\"CADEIA VELHA\",\"CULTURA\",\"F\u00c1BRICA DA CULTURA 4.0\",\"IGUAPE\",\"Santos\"],\"articleSection\":[\"Cultura\",\"Iguape\",\"Santos\"],\"inLanguage\":\"pt-BR\",\"potentialAction\":[{\"@type\":\"CommentAction\",\"name\":\"Comment\",\"target\":[\"https:\\\/\\\/redenoticiaz.com.br\\\/litoralsp\\\/2022\\\/01\\\/18\\\/cadeia-velha-de-santos-vai-sediar-a-fabrica-da-cultura-4-0#respond\"]}]},{\"@type\":\"WebPage\",\"@id\":\"https:\\\/\\\/redenoticiaz.com.br\\\/litoralsp\\\/2022\\\/01\\\/18\\\/cadeia-velha-de-santos-vai-sediar-a-fabrica-da-cultura-4-0\",\"url\":\"https:\\\/\\\/redenoticiaz.com.br\\\/litoralsp\\\/2022\\\/01\\\/18\\\/cadeia-velha-de-santos-vai-sediar-a-fabrica-da-cultura-4-0\",\"name\":\"Cadeia Velha de Santos vai sediar a F\u00e1brica da Cultura 4.0 - Litoral SP\",\"isPartOf\":{\"@id\":\"https:\\\/\\\/redenoticiaz.com.br\\\/litoralsp\\\/#website\"},\"primaryImageOfPage\":{\"@id\":\"https:\\\/\\\/redenoticiaz.com.br\\\/litoralsp\\\/2022\\\/01\\\/18\\\/cadeia-velha-de-santos-vai-sediar-a-fabrica-da-cultura-4-0#primaryimage\"},\"image\":{\"@id\":\"https:\\\/\\\/redenoticiaz.com.br\\\/litoralsp\\\/2022\\\/01\\\/18\\\/cadeia-velha-de-santos-vai-sediar-a-fabrica-da-cultura-4-0#primaryimage\"},\"thumbnailUrl\":\"https:\\\/\\\/redenoticiaz.com.br\\\/litoralsp\\\/wp-content\\\/uploads\\\/sites\\\/3\\\/2022\\\/01\\\/cadeia-velha.jpg\",\"datePublished\":\"2022-01-18T17:43:46+00:00\",\"dateModified\":\"2022-01-18T17:44:27+00:00\",\"description\":\"A cultura de Santos poder\u00e1 ficar ainda mais rica e desenvolvida, Tudo porque ser\u00e1 instalada na Cadeia Velha, a F\u00e1brica de Cultura 4.0, programa\",\"inLanguage\":\"pt-BR\",\"potentialAction\":[{\"@type\":\"ReadAction\",\"target\":[\"https:\\\/\\\/redenoticiaz.com.br\\\/litoralsp\\\/2022\\\/01\\\/18\\\/cadeia-velha-de-santos-vai-sediar-a-fabrica-da-cultura-4-0\"]}]},{\"@type\":\"ImageObject\",\"inLanguage\":\"pt-BR\",\"@id\":\"https:\\\/\\\/redenoticiaz.com.br\\\/litoralsp\\\/2022\\\/01\\\/18\\\/cadeia-velha-de-santos-vai-sediar-a-fabrica-da-cultura-4-0#primaryimage\",\"url\":\"https:\\\/\\\/redenoticiaz.com.br\\\/litoralsp\\\/wp-content\\\/uploads\\\/sites\\\/3\\\/2022\\\/01\\\/cadeia-velha.jpg\",\"contentUrl\":\"https:\\\/\\\/redenoticiaz.com.br\\\/litoralsp\\\/wp-content\\\/uploads\\\/sites\\\/3\\\/2022\\\/01\\\/cadeia-velha.jpg\",\"width\":984,\"height\":656,\"caption\":\"Em Santos, programa funcionar\u00e1 no im\u00f3vel localizado no Centro. Cr\u00e9ditos: Divulga\u00e7\u00e3o\\\/Prefeitura de Santos.\"},{\"@type\":\"WebSite\",\"@id\":\"https:\\\/\\\/redenoticiaz.com.br\\\/litoralsp\\\/#website\",\"url\":\"https:\\\/\\\/redenoticiaz.com.br\\\/litoralsp\\\/\",\"name\":\"Litoral SP\",\"description\":\"Rede NoticiaZ\",\"publisher\":{\"@id\":\"https:\\\/\\\/redenoticiaz.com.br\\\/litoralsp\\\/#organization\"},\"potentialAction\":[{\"@type\":\"SearchAction\",\"target\":{\"@type\":\"EntryPoint\",\"urlTemplate\":\"https:\\\/\\\/redenoticiaz.com.br\\\/litoralsp\\\/?s={search_term_string}\"},\"query-input\":{\"@type\":\"PropertyValueSpecification\",\"valueRequired\":true,\"valueName\":\"search_term_string\"}}],\"inLanguage\":\"pt-BR\"},{\"@type\":\"Organization\",\"@id\":\"https:\\\/\\\/redenoticiaz.com.br\\\/litoralsp\\\/#organization\",\"name\":\"Litoral SP\",\"url\":\"https:\\\/\\\/redenoticiaz.com.br\\\/litoralsp\\\/\",\"logo\":{\"@type\":\"ImageObject\",\"inLanguage\":\"pt-BR\",\"@id\":\"https:\\\/\\\/redenoticiaz.com.br\\\/litoralsp\\\/#\\\/schema\\\/logo\\\/image\\\/\",\"url\":\"https:\\\/\\\/redenoticiaz.com.br\\\/litoralsp\\\/wp-content\\\/uploads\\\/sites\\\/3\\\/2020\\\/11\\\/logo.jpg\",\"contentUrl\":\"https:\\\/\\\/redenoticiaz.com.br\\\/litoralsp\\\/wp-content\\\/uploads\\\/sites\\\/3\\\/2020\\\/11\\\/logo.jpg\",\"width\":400,\"height\":250,\"caption\":\"Litoral SP\"},\"image\":{\"@id\":\"https:\\\/\\\/redenoticiaz.com.br\\\/litoralsp\\\/#\\\/schema\\\/logo\\\/image\\\/\"}},{\"@type\":\"Person\",\"@id\":\"https:\\\/\\\/redenoticiaz.com.br\\\/litoralsp\\\/#\\\/schema\\\/person\\\/0f0b8a5bdafefe82841e07ae8d81ecb3\",\"name\":\"Leonardo Francisco\",\"image\":{\"@type\":\"ImageObject\",\"inLanguage\":\"pt-BR\",\"@id\":\"https:\\\/\\\/secure.gravatar.com\\\/avatar\\\/a7358cb406a99b682ec6df1e77e31ae82e63601f6784e8a3df411d72b37864da?s=96&d=mm&r=g\",\"url\":\"https:\\\/\\\/secure.gravatar.com\\\/avatar\\\/a7358cb406a99b682ec6df1e77e31ae82e63601f6784e8a3df411d72b37864da?s=96&d=mm&r=g\",\"contentUrl\":\"https:\\\/\\\/secure.gravatar.com\\\/avatar\\\/a7358cb406a99b682ec6df1e77e31ae82e63601f6784e8a3df411d72b37864da?s=96&d=mm&r=g\",\"caption\":\"Leonardo Francisco\"},\"url\":\"https:\\\/\\\/redenoticiaz.com.br\\\/litoralsp\\\/author\\\/leonardo-francisco\"}]}<\/script>\n<!-- \/ Yoast SEO plugin. -->","yoast_head_json":{"title":"Cadeia Velha de Santos vai sediar a F\u00e1brica da Cultura 4.0 - Litoral SP","description":"A cultura de Santos poder\u00e1 ficar ainda mais rica e desenvolvida, Tudo porque ser\u00e1 instalada na Cadeia Velha, a F\u00e1brica de Cultura 4.0, programa","robots":{"index":"index","follow":"follow","max-snippet":"max-snippet:-1","max-image-preview":"max-image-preview:large","max-video-preview":"max-video-preview:-1"},"canonical":"https:\/\/redenoticiaz.com.br\/litoralsp\/2022\/01\/18\/cadeia-velha-de-santos-vai-sediar-a-fabrica-da-cultura-4-0","og_locale":"pt_BR","og_type":"article","og_title":"Cadeia Velha de Santos vai sediar a F\u00e1brica da Cultura 4.0 - Litoral SP","og_description":"A cultura de Santos poder\u00e1 ficar ainda mais rica e desenvolvida, Tudo porque ser\u00e1 instalada na Cadeia Velha, a F\u00e1brica de Cultura 4.0, programa","og_url":"https:\/\/redenoticiaz.com.br\/litoralsp\/2022\/01\/18\/cadeia-velha-de-santos-vai-sediar-a-fabrica-da-cultura-4-0","og_site_name":"Litoral SP","article_published_time":"2022-01-18T17:43:46+00:00","article_modified_time":"2022-01-18T17:44:27+00:00","og_image":[{"width":984,"height":656,"url":"https:\/\/redenoticiaz.com.br\/litoralsp\/wp-content\/uploads\/sites\/3\/2022\/01\/cadeia-velha.jpg","type":"image\/jpeg"}],"author":"Leonardo Francisco","twitter_card":"summary_large_image","twitter_misc":{"Escrito por":"Leonardo Francisco","Est. tempo de leitura":"3 minutos"},"schema":{"@context":"https:\/\/schema.org","@graph":[{"@type":"Article","@id":"https:\/\/redenoticiaz.com.br\/litoralsp\/2022\/01\/18\/cadeia-velha-de-santos-vai-sediar-a-fabrica-da-cultura-4-0#article","isPartOf":{"@id":"https:\/\/redenoticiaz.com.br\/litoralsp\/2022\/01\/18\/cadeia-velha-de-santos-vai-sediar-a-fabrica-da-cultura-4-0"},"author":{"name":"Leonardo Francisco","@id":"https:\/\/redenoticiaz.com.br\/litoralsp\/#\/schema\/person\/0f0b8a5bdafefe82841e07ae8d81ecb3"},"headline":"Cadeia Velha de Santos vai sediar a F\u00e1brica da Cultura 4.0","datePublished":"2022-01-18T17:43:46+00:00","dateModified":"2022-01-18T17:44:27+00:00","mainEntityOfPage":{"@id":"https:\/\/redenoticiaz.com.br\/litoralsp\/2022\/01\/18\/cadeia-velha-de-santos-vai-sediar-a-fabrica-da-cultura-4-0"},"wordCount":660,"commentCount":0,"publisher":{"@id":"https:\/\/redenoticiaz.com.br\/litoralsp\/#organization"},"image":{"@id":"https:\/\/redenoticiaz.com.br\/litoralsp\/2022\/01\/18\/cadeia-velha-de-santos-vai-sediar-a-fabrica-da-cultura-4-0#primaryimage"},"thumbnailUrl":"https:\/\/redenoticiaz.com.br\/litoralsp\/wp-content\/uploads\/sites\/3\/2022\/01\/cadeia-velha.jpg","keywords":["CADEIA VELHA","CULTURA","F\u00c1BRICA DA CULTURA 4.0","IGUAPE","Santos"],"articleSection":["Cultura","Iguape","Santos"],"inLanguage":"pt-BR","potentialAction":[{"@type":"CommentAction","name":"Comment","target":["https:\/\/redenoticiaz.com.br\/litoralsp\/2022\/01\/18\/cadeia-velha-de-santos-vai-sediar-a-fabrica-da-cultura-4-0#respond"]}]},{"@type":"WebPage","@id":"https:\/\/redenoticiaz.com.br\/litoralsp\/2022\/01\/18\/cadeia-velha-de-santos-vai-sediar-a-fabrica-da-cultura-4-0","url":"https:\/\/redenoticiaz.com.br\/litoralsp\/2022\/01\/18\/cadeia-velha-de-santos-vai-sediar-a-fabrica-da-cultura-4-0","name":"Cadeia Velha de Santos vai sediar a F\u00e1brica da Cultura 4.0 - Litoral SP","isPartOf":{"@id":"https:\/\/redenoticiaz.com.br\/litoralsp\/#website"},"primaryImageOfPage":{"@id":"https:\/\/redenoticiaz.com.br\/litoralsp\/2022\/01\/18\/cadeia-velha-de-santos-vai-sediar-a-fabrica-da-cultura-4-0#primaryimage"},"image":{"@id":"https:\/\/redenoticiaz.com.br\/litoralsp\/2022\/01\/18\/cadeia-velha-de-santos-vai-sediar-a-fabrica-da-cultura-4-0#primaryimage"},"thumbnailUrl":"https:\/\/redenoticiaz.com.br\/litoralsp\/wp-content\/uploads\/sites\/3\/2022\/01\/cadeia-velha.jpg","datePublished":"2022-01-18T17:43:46+00:00","dateModified":"2022-01-18T17:44:27+00:00","description":"A cultura de Santos poder\u00e1 ficar ainda mais rica e desenvolvida, Tudo porque ser\u00e1 instalada na Cadeia Velha, a F\u00e1brica de Cultura 4.0, programa","inLanguage":"pt-BR","potentialAction":[{"@type":"ReadAction","target":["https:\/\/redenoticiaz.com.br\/litoralsp\/2022\/01\/18\/cadeia-velha-de-santos-vai-sediar-a-fabrica-da-cultura-4-0"]}]},{"@type":"ImageObject","inLanguage":"pt-BR","@id":"https:\/\/redenoticiaz.com.br\/litoralsp\/2022\/01\/18\/cadeia-velha-de-santos-vai-sediar-a-fabrica-da-cultura-4-0#primaryimage","url":"https:\/\/redenoticiaz.com.br\/litoralsp\/wp-content\/uploads\/sites\/3\/2022\/01\/cadeia-velha.jpg","contentUrl":"https:\/\/redenoticiaz.com.br\/litoralsp\/wp-content\/uploads\/sites\/3\/2022\/01\/cadeia-velha.jpg","width":984,"height":656,"caption":"Em Santos, programa funcionar\u00e1 no im\u00f3vel localizado no Centro. Cr\u00e9ditos: Divulga\u00e7\u00e3o\/Prefeitura de Santos."},{"@type":"WebSite","@id":"https:\/\/redenoticiaz.com.br\/litoralsp\/#website","url":"https:\/\/redenoticiaz.com.br\/litoralsp\/","name":"Litoral SP","description":"Rede NoticiaZ","publisher":{"@id":"https:\/\/redenoticiaz.com.br\/litoralsp\/#organization"},"potentialAction":[{"@type":"SearchAction","target":{"@type":"EntryPoint","urlTemplate":"https:\/\/redenoticiaz.com.br\/litoralsp\/?s={search_term_string}"},"query-input":{"@type":"PropertyValueSpecification","valueRequired":true,"valueName":"search_term_string"}}],"inLanguage":"pt-BR"},{"@type":"Organization","@id":"https:\/\/redenoticiaz.com.br\/litoralsp\/#organization","name":"Litoral SP","url":"https:\/\/redenoticiaz.com.br\/litoralsp\/","logo":{"@type":"ImageObject","inLanguage":"pt-BR","@id":"https:\/\/redenoticiaz.com.br\/litoralsp\/#\/schema\/logo\/image\/","url":"https:\/\/redenoticiaz.com.br\/litoralsp\/wp-content\/uploads\/sites\/3\/2020\/11\/logo.jpg","contentUrl":"https:\/\/redenoticiaz.com.br\/litoralsp\/wp-content\/uploads\/sites\/3\/2020\/11\/logo.jpg","width":400,"height":250,"caption":"Litoral SP"},"image":{"@id":"https:\/\/redenoticiaz.com.br\/litoralsp\/#\/schema\/logo\/image\/"}},{"@type":"Person","@id":"https:\/\/redenoticiaz.com.br\/litoralsp\/#\/schema\/person\/0f0b8a5bdafefe82841e07ae8d81ecb3","name":"Leonardo Francisco","image":{"@type":"ImageObject","inLanguage":"pt-BR","@id":"https:\/\/secure.gravatar.com\/avatar\/a7358cb406a99b682ec6df1e77e31ae82e63601f6784e8a3df411d72b37864da?s=96&d=mm&r=g","url":"https:\/\/secure.gravatar.com\/avatar\/a7358cb406a99b682ec6df1e77e31ae82e63601f6784e8a3df411d72b37864da?s=96&d=mm&r=g","contentUrl":"https:\/\/secure.gravatar.com\/avatar\/a7358cb406a99b682ec6df1e77e31ae82e63601f6784e8a3df411d72b37864da?s=96&d=mm&r=g","caption":"Leonardo Francisco"},"url":"https:\/\/redenoticiaz.com.br\/litoralsp\/author\/leonardo-francisco"}]}},"_links":{"self":[{"href":"https:\/\/redenoticiaz.com.br\/litoralsp\/wp-json\/wp\/v2\/posts\/21810","targetHints":{"allow":["GET"]}}],"collection":[{"href":"https:\/\/redenoticiaz.com.br\/litoralsp\/wp-json\/wp\/v2\/posts"}],"about":[{"href":"https:\/\/redenoticiaz.com.br\/litoralsp\/wp-json\/wp\/v2\/types\/post"}],"author":[{"embeddable":true,"href":"https:\/\/redenoticiaz.com.br\/litoralsp\/wp-json\/wp\/v2\/users\/6"}],"replies":[{"embeddable":true,"href":"https:\/\/redenoticiaz.com.br\/litoralsp\/wp-json\/wp\/v2\/comments?post=21810"}],"version-history":[{"count":1,"href":"https:\/\/redenoticiaz.com.br\/litoralsp\/wp-json\/wp\/v2\/posts\/21810\/revisions"}],"predecessor-version":[{"id":21813,"href":"https:\/\/redenoticiaz.com.br\/litoralsp\/wp-json\/wp\/v2\/posts\/21810\/revisions\/21813"}],"wp:featuredmedia":[{"embeddable":true,"href":"https:\/\/redenoticiaz.com.br\/litoralsp\/wp-json\/wp\/v2\/media\/21812"}],"wp:attachment":[{"href":"https:\/\/redenoticiaz.com.br\/litoralsp\/wp-json\/wp\/v2\/media?parent=21810"}],"wp:term":[{"taxonomy":"category","embeddable":true,"href":"https:\/\/redenoticiaz.com.br\/litoralsp\/wp-json\/wp\/v2\/categories?post=21810"},{"taxonomy":"post_tag","embeddable":true,"href":"https:\/\/redenoticiaz.com.br\/litoralsp\/wp-json\/wp\/v2\/tags?post=21810"}],"curies":[{"name":"wp","href":"https:\/\/api.w.org\/{rel}","templated":true}]}}