{"id":21976,"date":"2022-01-21T11:24:13","date_gmt":"2022-01-21T14:24:13","guid":{"rendered":"https:\/\/redenoticiaz.com.br\/litoralsp\/?p=21976"},"modified":"2022-01-21T11:24:46","modified_gmt":"2022-01-21T14:24:46","slug":"seis-creches-de-caraguatatuba-fecham-as-portas-apos-29-pessoas-contrairem-a-covid-19","status":"publish","type":"post","link":"https:\/\/redenoticiaz.com.br\/litoralsp\/2022\/01\/21\/seis-creches-de-caraguatatuba-fecham-as-portas-apos-29-pessoas-contrairem-a-covid-19","title":{"rendered":"Seis creches de Caraguatatuba fecham as portas ap\u00f3s 29 pessoas contra\u00edrem a Covid-19"},"content":{"rendered":"<p>O ano letivo mal come\u00e7ou e j\u00e1 tem suspens\u00e3o de aulas em seis creches de <a href=\"https:\/\/www.caraguatatuba.sp.gov.br\/pmc\/\">Caraguatatuba<\/a>. Tudo porque<strong> 29 funcion\u00e1rios foram diagnosticados com Covid-19<\/strong> e a suspens\u00e3o come\u00e7ou a valer j\u00e1 nesta sexta-feira (21). Os locais devem seguir fechados at\u00e9 o dia 30.<\/p>\n<p>Segundo a Prefeitura de Caraguatatuba, m todos os casos, os funcion\u00e1rios que testaram positivo est\u00e3o bem. No entanto, alguns apresentam sintomas leves e outros est\u00e3o assintom\u00e1ticos.<\/p>\n<div class=\"mc-column content-text active-extra-styles \" data-block-type=\"unstyled\" data-block-weight=\"4\" data-block-id=\"4\">\n<h5 class=\"content-text__container \" data-track-category=\"Link no Texto\"><strong>As creches afetadas s\u00e3o:<\/strong><\/h5>\n<\/div>\n<div class=\"mc-column content-text active-extra-styles\" data-block-type=\"raw\" data-block-weight=\"41\" data-block-id=\"5\">\n<ul class=\"content-unordered-list\">\n<li>CEI Jo\u00e3o Lino da Cruz (Barranco Alto);<\/li>\n<li>CEI Severino Vitoriano dos Santos (Jardim Gaivotas);<\/li>\n<li>CEI\/EMEI Professora Santina Nardi Marques (Estrela D\u00b4Alva);<\/li>\n<li>CEI Elisa Butschkau (Barranco Alto);<\/li>\n<li>CEI\/EMEI Professora Thereza Yanesse Schmidt Cardozo (Porto Novo);<\/li>\n<li>CEI\/EMEI Professora C\u00e9lia Rocha Lobo (Perequ\u00ea Mirim)<\/li>\n<\/ul>\n<\/div>\n<div class=\"content-ads content-ads--reveal\" data-block-type=\"ads\" data-block-id=\"6\"><\/div>\n<div class=\"mc-column content-text active-extra-styles \" data-block-type=\"unstyled\" data-block-weight=\"24\" data-block-id=\"7\">\n<p class=\"content-text__container \" data-track-category=\"Link no Texto\" data-track-links=\"\">As atividades est\u00e3o suspensas entre os dias 21 e 30 de janeiro, per\u00edodo em que os funcion\u00e1rios que testaram positivo v\u00e3o permanecer isolados.<\/p>\n<\/div>\n<div class=\"mc-column content-text active-extra-styles \" data-block-type=\"unstyled\" data-block-weight=\"31\" data-block-id=\"8\">\n<p class=\"content-text__container \" data-track-category=\"Link no Texto\" data-track-links=\"\">Ainda segundo a prefeitura, as medidas aplicadas seguem o protocolo do Governo do Estado de S\u00e3o Paulo, e servem para reduzir a transmiss\u00e3o dos casos de s\u00edndrome gripal e Covid-19. Todas as unidades de creches e escolas seguem sendo monitoradas e mant\u00e9m os protocolos sanit\u00e1rios.<\/p>\n<p data-track-category=\"Link no Texto\" data-track-links=\"\"><strong>LEIA TAMB\u00c9M<\/strong><\/p>\n<p data-track-category=\"Link no Texto\" data-track-links=\"\"><a href=\"https:\/\/redenoticiaz.com.br\/litoralsp\/2022\/01\/20\/apos-liberacao-da-coronavac-sao-paulo-inicia-vacinacao-em-criancas-contra-a-covid\">Ap\u00f3s libera\u00e7\u00e3o da CoronaVac, S\u00e3o Paulo inicia vacina\u00e7\u00e3o em crian\u00e7as contra a Covid<\/a><\/p>\n<\/div>\n","protected":false},"excerpt":{"rendered":"<p>O ano letivo mal come\u00e7ou e j\u00e1 tem suspens\u00e3o de aulas em seis creches de Caraguatatuba. Tudo porque 29 funcion\u00e1rios foram diagnosticados com Covid-19 e a suspens\u00e3o come\u00e7ou a valer j\u00e1 nesta sexta-feira (21). Os locais devem seguir fechados at\u00e9 o dia 30. Segundo a Prefeitura de Caraguatatuba, m todos os casos, os funcion\u00e1rios que &hellip;<\/p>\n","protected":false},"author":6,"featured_media":21977,"comment_status":"open","ping_status":"closed","sticky":false,"template":"","format":"standard","meta":{"footnotes":""},"categories":[2881,44,23],"tags":[2742,19110,48199],"class_list":["post-21976","post","type-post","status-publish","format-standard","has-post-thumbnail","hentry","category-caraguatatuba","category-educacao","category-saude","tag-caraguatatuba","tag-casos-de-covid","tag-creches-fechadas"],"yoast_head":"<!-- This site is optimized with the Yoast SEO plugin v27.5 - https:\/\/yoast.com\/product\/yoast-seo-wordpress\/ -->\n<title>Seis creches de Caraguatatuba fecham as portas ap\u00f3s 29 pessoas contra\u00edrem a Covid-19 - Litoral SP<\/title>\n<meta name=\"description\" content=\"seis creches de Caraguatatuba. Tudo porque 29 funcion\u00e1rios foram diagnosticados com Covid-19 e a suspens\u00e3o\" \/>\n<meta name=\"robots\" content=\"index, follow, max-snippet:-1, max-image-preview:large, max-video-preview:-1\" \/>\n<link rel=\"canonical\" href=\"https:\/\/redenoticiaz.com.br\/litoralsp\/2022\/01\/21\/seis-creches-de-caraguatatuba-fecham-as-portas-apos-29-pessoas-contrairem-a-covid-19\" \/>\n<meta property=\"og:locale\" content=\"pt_BR\" \/>\n<meta property=\"og:type\" content=\"article\" \/>\n<meta property=\"og:title\" content=\"Seis creches de Caraguatatuba fecham as portas ap\u00f3s 29 pessoas contra\u00edrem a Covid-19 - Litoral SP\" \/>\n<meta property=\"og:description\" content=\"seis creches de Caraguatatuba. Tudo porque 29 funcion\u00e1rios foram diagnosticados com Covid-19 e a suspens\u00e3o\" \/>\n<meta property=\"og:url\" content=\"https:\/\/redenoticiaz.com.br\/litoralsp\/2022\/01\/21\/seis-creches-de-caraguatatuba-fecham-as-portas-apos-29-pessoas-contrairem-a-covid-19\" \/>\n<meta property=\"og:site_name\" content=\"Litoral SP\" \/>\n<meta property=\"article:published_time\" content=\"2022-01-21T14:24:13+00:00\" \/>\n<meta property=\"article:modified_time\" content=\"2022-01-21T14:24:46+00:00\" \/>\n<meta property=\"og:image\" content=\"https:\/\/redenoticiaz.com.br\/litoralsp\/wp-content\/uploads\/sites\/3\/2022\/01\/987834e6-d1fd-473a-b8e8-dcf42787d54b.jpg\" \/>\n\t<meta property=\"og:image:width\" content=\"984\" \/>\n\t<meta property=\"og:image:height\" content=\"738\" \/>\n\t<meta property=\"og:image:type\" content=\"image\/jpeg\" \/>\n<meta name=\"author\" content=\"Leonardo Francisco\" \/>\n<meta name=\"twitter:card\" content=\"summary_large_image\" \/>\n<meta name=\"twitter:label1\" content=\"Escrito por\" \/>\n\t<meta name=\"twitter:data1\" content=\"Leonardo Francisco\" \/>\n\t<meta name=\"twitter:label2\" content=\"Est. tempo de leitura\" \/>\n\t<meta name=\"twitter:data2\" content=\"1 minuto\" \/>\n<script type=\"application\/ld+json\" class=\"yoast-schema-graph\">{\"@context\":\"https:\\\/\\\/schema.org\",\"@graph\":[{\"@type\":\"Article\",\"@id\":\"https:\\\/\\\/redenoticiaz.com.br\\\/litoralsp\\\/2022\\\/01\\\/21\\\/seis-creches-de-caraguatatuba-fecham-as-portas-apos-29-pessoas-contrairem-a-covid-19#article\",\"isPartOf\":{\"@id\":\"https:\\\/\\\/redenoticiaz.com.br\\\/litoralsp\\\/2022\\\/01\\\/21\\\/seis-creches-de-caraguatatuba-fecham-as-portas-apos-29-pessoas-contrairem-a-covid-19\"},\"author\":{\"name\":\"Leonardo Francisco\",\"@id\":\"https:\\\/\\\/redenoticiaz.com.br\\\/litoralsp\\\/#\\\/schema\\\/person\\\/0f0b8a5bdafefe82841e07ae8d81ecb3\"},\"headline\":\"Seis creches de Caraguatatuba fecham as portas ap\u00f3s 29 pessoas contra\u00edrem a Covid-19\",\"datePublished\":\"2022-01-21T14:24:13+00:00\",\"dateModified\":\"2022-01-21T14:24:46+00:00\",\"mainEntityOfPage\":{\"@id\":\"https:\\\/\\\/redenoticiaz.com.br\\\/litoralsp\\\/2022\\\/01\\\/21\\\/seis-creches-de-caraguatatuba-fecham-as-portas-apos-29-pessoas-contrairem-a-covid-19\"},\"wordCount\":237,\"commentCount\":0,\"publisher\":{\"@id\":\"https:\\\/\\\/redenoticiaz.com.br\\\/litoralsp\\\/#organization\"},\"image\":{\"@id\":\"https:\\\/\\\/redenoticiaz.com.br\\\/litoralsp\\\/2022\\\/01\\\/21\\\/seis-creches-de-caraguatatuba-fecham-as-portas-apos-29-pessoas-contrairem-a-covid-19#primaryimage\"},\"thumbnailUrl\":\"https:\\\/\\\/redenoticiaz.com.br\\\/litoralsp\\\/wp-content\\\/uploads\\\/sites\\\/3\\\/2022\\\/01\\\/987834e6-d1fd-473a-b8e8-dcf42787d54b.jpg\",\"keywords\":[\"CARAGUATATUBA\",\"CASOS DE COVID\",\"CRECHES FECHADAS\"],\"articleSection\":[\"Caraguatatuba\",\"Educa\u00e7\u00e3o\",\"Sa\u00fade\"],\"inLanguage\":\"pt-BR\",\"potentialAction\":[{\"@type\":\"CommentAction\",\"name\":\"Comment\",\"target\":[\"https:\\\/\\\/redenoticiaz.com.br\\\/litoralsp\\\/2022\\\/01\\\/21\\\/seis-creches-de-caraguatatuba-fecham-as-portas-apos-29-pessoas-contrairem-a-covid-19#respond\"]}]},{\"@type\":\"WebPage\",\"@id\":\"https:\\\/\\\/redenoticiaz.com.br\\\/litoralsp\\\/2022\\\/01\\\/21\\\/seis-creches-de-caraguatatuba-fecham-as-portas-apos-29-pessoas-contrairem-a-covid-19\",\"url\":\"https:\\\/\\\/redenoticiaz.com.br\\\/litoralsp\\\/2022\\\/01\\\/21\\\/seis-creches-de-caraguatatuba-fecham-as-portas-apos-29-pessoas-contrairem-a-covid-19\",\"name\":\"Seis creches de Caraguatatuba fecham as portas ap\u00f3s 29 pessoas contra\u00edrem a Covid-19 - Litoral SP\",\"isPartOf\":{\"@id\":\"https:\\\/\\\/redenoticiaz.com.br\\\/litoralsp\\\/#website\"},\"primaryImageOfPage\":{\"@id\":\"https:\\\/\\\/redenoticiaz.com.br\\\/litoralsp\\\/2022\\\/01\\\/21\\\/seis-creches-de-caraguatatuba-fecham-as-portas-apos-29-pessoas-contrairem-a-covid-19#primaryimage\"},\"image\":{\"@id\":\"https:\\\/\\\/redenoticiaz.com.br\\\/litoralsp\\\/2022\\\/01\\\/21\\\/seis-creches-de-caraguatatuba-fecham-as-portas-apos-29-pessoas-contrairem-a-covid-19#primaryimage\"},\"thumbnailUrl\":\"https:\\\/\\\/redenoticiaz.com.br\\\/litoralsp\\\/wp-content\\\/uploads\\\/sites\\\/3\\\/2022\\\/01\\\/987834e6-d1fd-473a-b8e8-dcf42787d54b.jpg\",\"datePublished\":\"2022-01-21T14:24:13+00:00\",\"dateModified\":\"2022-01-21T14:24:46+00:00\",\"description\":\"seis creches de Caraguatatuba. Tudo porque 29 funcion\u00e1rios foram diagnosticados com Covid-19 e a suspens\u00e3o\",\"inLanguage\":\"pt-BR\",\"potentialAction\":[{\"@type\":\"ReadAction\",\"target\":[\"https:\\\/\\\/redenoticiaz.com.br\\\/litoralsp\\\/2022\\\/01\\\/21\\\/seis-creches-de-caraguatatuba-fecham-as-portas-apos-29-pessoas-contrairem-a-covid-19\"]}]},{\"@type\":\"ImageObject\",\"inLanguage\":\"pt-BR\",\"@id\":\"https:\\\/\\\/redenoticiaz.com.br\\\/litoralsp\\\/2022\\\/01\\\/21\\\/seis-creches-de-caraguatatuba-fecham-as-portas-apos-29-pessoas-contrairem-a-covid-19#primaryimage\",\"url\":\"https:\\\/\\\/redenoticiaz.com.br\\\/litoralsp\\\/wp-content\\\/uploads\\\/sites\\\/3\\\/2022\\\/01\\\/987834e6-d1fd-473a-b8e8-dcf42787d54b.jpg\",\"contentUrl\":\"https:\\\/\\\/redenoticiaz.com.br\\\/litoralsp\\\/wp-content\\\/uploads\\\/sites\\\/3\\\/2022\\\/01\\\/987834e6-d1fd-473a-b8e8-dcf42787d54b.jpg\",\"width\":984,\"height\":738,\"caption\":\"Locais s\u00f3 ser\u00e3o liberados ap\u00f3s nenhum caso de Covid-19 ser registrado. Cr\u00e9diitos: Reprodu\u00e7\u00e7\u00e3o.\"},{\"@type\":\"WebSite\",\"@id\":\"https:\\\/\\\/redenoticiaz.com.br\\\/litoralsp\\\/#website\",\"url\":\"https:\\\/\\\/redenoticiaz.com.br\\\/litoralsp\\\/\",\"name\":\"Litoral SP\",\"description\":\"Rede NoticiaZ\",\"publisher\":{\"@id\":\"https:\\\/\\\/redenoticiaz.com.br\\\/litoralsp\\\/#organization\"},\"potentialAction\":[{\"@type\":\"SearchAction\",\"target\":{\"@type\":\"EntryPoint\",\"urlTemplate\":\"https:\\\/\\\/redenoticiaz.com.br\\\/litoralsp\\\/?s={search_term_string}\"},\"query-input\":{\"@type\":\"PropertyValueSpecification\",\"valueRequired\":true,\"valueName\":\"search_term_string\"}}],\"inLanguage\":\"pt-BR\"},{\"@type\":\"Organization\",\"@id\":\"https:\\\/\\\/redenoticiaz.com.br\\\/litoralsp\\\/#organization\",\"name\":\"Litoral SP\",\"url\":\"https:\\\/\\\/redenoticiaz.com.br\\\/litoralsp\\\/\",\"logo\":{\"@type\":\"ImageObject\",\"inLanguage\":\"pt-BR\",\"@id\":\"https:\\\/\\\/redenoticiaz.com.br\\\/litoralsp\\\/#\\\/schema\\\/logo\\\/image\\\/\",\"url\":\"https:\\\/\\\/redenoticiaz.com.br\\\/litoralsp\\\/wp-content\\\/uploads\\\/sites\\\/3\\\/2020\\\/11\\\/logo.jpg\",\"contentUrl\":\"https:\\\/\\\/redenoticiaz.com.br\\\/litoralsp\\\/wp-content\\\/uploads\\\/sites\\\/3\\\/2020\\\/11\\\/logo.jpg\",\"width\":400,\"height\":250,\"caption\":\"Litoral SP\"},\"image\":{\"@id\":\"https:\\\/\\\/redenoticiaz.com.br\\\/litoralsp\\\/#\\\/schema\\\/logo\\\/image\\\/\"}},{\"@type\":\"Person\",\"@id\":\"https:\\\/\\\/redenoticiaz.com.br\\\/litoralsp\\\/#\\\/schema\\\/person\\\/0f0b8a5bdafefe82841e07ae8d81ecb3\",\"name\":\"Leonardo Francisco\",\"image\":{\"@type\":\"ImageObject\",\"inLanguage\":\"pt-BR\",\"@id\":\"https:\\\/\\\/secure.gravatar.com\\\/avatar\\\/a7358cb406a99b682ec6df1e77e31ae82e63601f6784e8a3df411d72b37864da?s=96&d=mm&r=g\",\"url\":\"https:\\\/\\\/secure.gravatar.com\\\/avatar\\\/a7358cb406a99b682ec6df1e77e31ae82e63601f6784e8a3df411d72b37864da?s=96&d=mm&r=g\",\"contentUrl\":\"https:\\\/\\\/secure.gravatar.com\\\/avatar\\\/a7358cb406a99b682ec6df1e77e31ae82e63601f6784e8a3df411d72b37864da?s=96&d=mm&r=g\",\"caption\":\"Leonardo Francisco\"},\"url\":\"https:\\\/\\\/redenoticiaz.com.br\\\/litoralsp\\\/author\\\/leonardo-francisco\"}]}<\/script>\n<!-- \/ Yoast SEO plugin. -->","yoast_head_json":{"title":"Seis creches de Caraguatatuba fecham as portas ap\u00f3s 29 pessoas contra\u00edrem a Covid-19 - Litoral SP","description":"seis creches de Caraguatatuba. Tudo porque 29 funcion\u00e1rios foram diagnosticados com Covid-19 e a suspens\u00e3o","robots":{"index":"index","follow":"follow","max-snippet":"max-snippet:-1","max-image-preview":"max-image-preview:large","max-video-preview":"max-video-preview:-1"},"canonical":"https:\/\/redenoticiaz.com.br\/litoralsp\/2022\/01\/21\/seis-creches-de-caraguatatuba-fecham-as-portas-apos-29-pessoas-contrairem-a-covid-19","og_locale":"pt_BR","og_type":"article","og_title":"Seis creches de Caraguatatuba fecham as portas ap\u00f3s 29 pessoas contra\u00edrem a Covid-19 - Litoral SP","og_description":"seis creches de Caraguatatuba. Tudo porque 29 funcion\u00e1rios foram diagnosticados com Covid-19 e a suspens\u00e3o","og_url":"https:\/\/redenoticiaz.com.br\/litoralsp\/2022\/01\/21\/seis-creches-de-caraguatatuba-fecham-as-portas-apos-29-pessoas-contrairem-a-covid-19","og_site_name":"Litoral SP","article_published_time":"2022-01-21T14:24:13+00:00","article_modified_time":"2022-01-21T14:24:46+00:00","og_image":[{"width":984,"height":738,"url":"https:\/\/redenoticiaz.com.br\/litoralsp\/wp-content\/uploads\/sites\/3\/2022\/01\/987834e6-d1fd-473a-b8e8-dcf42787d54b.jpg","type":"image\/jpeg"}],"author":"Leonardo Francisco","twitter_card":"summary_large_image","twitter_misc":{"Escrito por":"Leonardo Francisco","Est. tempo de leitura":"1 minuto"},"schema":{"@context":"https:\/\/schema.org","@graph":[{"@type":"Article","@id":"https:\/\/redenoticiaz.com.br\/litoralsp\/2022\/01\/21\/seis-creches-de-caraguatatuba-fecham-as-portas-apos-29-pessoas-contrairem-a-covid-19#article","isPartOf":{"@id":"https:\/\/redenoticiaz.com.br\/litoralsp\/2022\/01\/21\/seis-creches-de-caraguatatuba-fecham-as-portas-apos-29-pessoas-contrairem-a-covid-19"},"author":{"name":"Leonardo Francisco","@id":"https:\/\/redenoticiaz.com.br\/litoralsp\/#\/schema\/person\/0f0b8a5bdafefe82841e07ae8d81ecb3"},"headline":"Seis creches de Caraguatatuba fecham as portas ap\u00f3s 29 pessoas contra\u00edrem a Covid-19","datePublished":"2022-01-21T14:24:13+00:00","dateModified":"2022-01-21T14:24:46+00:00","mainEntityOfPage":{"@id":"https:\/\/redenoticiaz.com.br\/litoralsp\/2022\/01\/21\/seis-creches-de-caraguatatuba-fecham-as-portas-apos-29-pessoas-contrairem-a-covid-19"},"wordCount":237,"commentCount":0,"publisher":{"@id":"https:\/\/redenoticiaz.com.br\/litoralsp\/#organization"},"image":{"@id":"https:\/\/redenoticiaz.com.br\/litoralsp\/2022\/01\/21\/seis-creches-de-caraguatatuba-fecham-as-portas-apos-29-pessoas-contrairem-a-covid-19#primaryimage"},"thumbnailUrl":"https:\/\/redenoticiaz.com.br\/litoralsp\/wp-content\/uploads\/sites\/3\/2022\/01\/987834e6-d1fd-473a-b8e8-dcf42787d54b.jpg","keywords":["CARAGUATATUBA","CASOS DE COVID","CRECHES FECHADAS"],"articleSection":["Caraguatatuba","Educa\u00e7\u00e3o","Sa\u00fade"],"inLanguage":"pt-BR","potentialAction":[{"@type":"CommentAction","name":"Comment","target":["https:\/\/redenoticiaz.com.br\/litoralsp\/2022\/01\/21\/seis-creches-de-caraguatatuba-fecham-as-portas-apos-29-pessoas-contrairem-a-covid-19#respond"]}]},{"@type":"WebPage","@id":"https:\/\/redenoticiaz.com.br\/litoralsp\/2022\/01\/21\/seis-creches-de-caraguatatuba-fecham-as-portas-apos-29-pessoas-contrairem-a-covid-19","url":"https:\/\/redenoticiaz.com.br\/litoralsp\/2022\/01\/21\/seis-creches-de-caraguatatuba-fecham-as-portas-apos-29-pessoas-contrairem-a-covid-19","name":"Seis creches de Caraguatatuba fecham as portas ap\u00f3s 29 pessoas contra\u00edrem a Covid-19 - Litoral SP","isPartOf":{"@id":"https:\/\/redenoticiaz.com.br\/litoralsp\/#website"},"primaryImageOfPage":{"@id":"https:\/\/redenoticiaz.com.br\/litoralsp\/2022\/01\/21\/seis-creches-de-caraguatatuba-fecham-as-portas-apos-29-pessoas-contrairem-a-covid-19#primaryimage"},"image":{"@id":"https:\/\/redenoticiaz.com.br\/litoralsp\/2022\/01\/21\/seis-creches-de-caraguatatuba-fecham-as-portas-apos-29-pessoas-contrairem-a-covid-19#primaryimage"},"thumbnailUrl":"https:\/\/redenoticiaz.com.br\/litoralsp\/wp-content\/uploads\/sites\/3\/2022\/01\/987834e6-d1fd-473a-b8e8-dcf42787d54b.jpg","datePublished":"2022-01-21T14:24:13+00:00","dateModified":"2022-01-21T14:24:46+00:00","description":"seis creches de Caraguatatuba. Tudo porque 29 funcion\u00e1rios foram diagnosticados com Covid-19 e a suspens\u00e3o","inLanguage":"pt-BR","potentialAction":[{"@type":"ReadAction","target":["https:\/\/redenoticiaz.com.br\/litoralsp\/2022\/01\/21\/seis-creches-de-caraguatatuba-fecham-as-portas-apos-29-pessoas-contrairem-a-covid-19"]}]},{"@type":"ImageObject","inLanguage":"pt-BR","@id":"https:\/\/redenoticiaz.com.br\/litoralsp\/2022\/01\/21\/seis-creches-de-caraguatatuba-fecham-as-portas-apos-29-pessoas-contrairem-a-covid-19#primaryimage","url":"https:\/\/redenoticiaz.com.br\/litoralsp\/wp-content\/uploads\/sites\/3\/2022\/01\/987834e6-d1fd-473a-b8e8-dcf42787d54b.jpg","contentUrl":"https:\/\/redenoticiaz.com.br\/litoralsp\/wp-content\/uploads\/sites\/3\/2022\/01\/987834e6-d1fd-473a-b8e8-dcf42787d54b.jpg","width":984,"height":738,"caption":"Locais s\u00f3 ser\u00e3o liberados ap\u00f3s nenhum caso de Covid-19 ser registrado. Cr\u00e9diitos: Reprodu\u00e7\u00e7\u00e3o."},{"@type":"WebSite","@id":"https:\/\/redenoticiaz.com.br\/litoralsp\/#website","url":"https:\/\/redenoticiaz.com.br\/litoralsp\/","name":"Litoral SP","description":"Rede NoticiaZ","publisher":{"@id":"https:\/\/redenoticiaz.com.br\/litoralsp\/#organization"},"potentialAction":[{"@type":"SearchAction","target":{"@type":"EntryPoint","urlTemplate":"https:\/\/redenoticiaz.com.br\/litoralsp\/?s={search_term_string}"},"query-input":{"@type":"PropertyValueSpecification","valueRequired":true,"valueName":"search_term_string"}}],"inLanguage":"pt-BR"},{"@type":"Organization","@id":"https:\/\/redenoticiaz.com.br\/litoralsp\/#organization","name":"Litoral SP","url":"https:\/\/redenoticiaz.com.br\/litoralsp\/","logo":{"@type":"ImageObject","inLanguage":"pt-BR","@id":"https:\/\/redenoticiaz.com.br\/litoralsp\/#\/schema\/logo\/image\/","url":"https:\/\/redenoticiaz.com.br\/litoralsp\/wp-content\/uploads\/sites\/3\/2020\/11\/logo.jpg","contentUrl":"https:\/\/redenoticiaz.com.br\/litoralsp\/wp-content\/uploads\/sites\/3\/2020\/11\/logo.jpg","width":400,"height":250,"caption":"Litoral SP"},"image":{"@id":"https:\/\/redenoticiaz.com.br\/litoralsp\/#\/schema\/logo\/image\/"}},{"@type":"Person","@id":"https:\/\/redenoticiaz.com.br\/litoralsp\/#\/schema\/person\/0f0b8a5bdafefe82841e07ae8d81ecb3","name":"Leonardo Francisco","image":{"@type":"ImageObject","inLanguage":"pt-BR","@id":"https:\/\/secure.gravatar.com\/avatar\/a7358cb406a99b682ec6df1e77e31ae82e63601f6784e8a3df411d72b37864da?s=96&d=mm&r=g","url":"https:\/\/secure.gravatar.com\/avatar\/a7358cb406a99b682ec6df1e77e31ae82e63601f6784e8a3df411d72b37864da?s=96&d=mm&r=g","contentUrl":"https:\/\/secure.gravatar.com\/avatar\/a7358cb406a99b682ec6df1e77e31ae82e63601f6784e8a3df411d72b37864da?s=96&d=mm&r=g","caption":"Leonardo Francisco"},"url":"https:\/\/redenoticiaz.com.br\/litoralsp\/author\/leonardo-francisco"}]}},"_links":{"self":[{"href":"https:\/\/redenoticiaz.com.br\/litoralsp\/wp-json\/wp\/v2\/posts\/21976","targetHints":{"allow":["GET"]}}],"collection":[{"href":"https:\/\/redenoticiaz.com.br\/litoralsp\/wp-json\/wp\/v2\/posts"}],"about":[{"href":"https:\/\/redenoticiaz.com.br\/litoralsp\/wp-json\/wp\/v2\/types\/post"}],"author":[{"embeddable":true,"href":"https:\/\/redenoticiaz.com.br\/litoralsp\/wp-json\/wp\/v2\/users\/6"}],"replies":[{"embeddable":true,"href":"https:\/\/redenoticiaz.com.br\/litoralsp\/wp-json\/wp\/v2\/comments?post=21976"}],"version-history":[{"count":1,"href":"https:\/\/redenoticiaz.com.br\/litoralsp\/wp-json\/wp\/v2\/posts\/21976\/revisions"}],"predecessor-version":[{"id":21978,"href":"https:\/\/redenoticiaz.com.br\/litoralsp\/wp-json\/wp\/v2\/posts\/21976\/revisions\/21978"}],"wp:featuredmedia":[{"embeddable":true,"href":"https:\/\/redenoticiaz.com.br\/litoralsp\/wp-json\/wp\/v2\/media\/21977"}],"wp:attachment":[{"href":"https:\/\/redenoticiaz.com.br\/litoralsp\/wp-json\/wp\/v2\/media?parent=21976"}],"wp:term":[{"taxonomy":"category","embeddable":true,"href":"https:\/\/redenoticiaz.com.br\/litoralsp\/wp-json\/wp\/v2\/categories?post=21976"},{"taxonomy":"post_tag","embeddable":true,"href":"https:\/\/redenoticiaz.com.br\/litoralsp\/wp-json\/wp\/v2\/tags?post=21976"}],"curies":[{"name":"wp","href":"https:\/\/api.w.org\/{rel}","templated":true}]}}