{"id":22047,"date":"2022-01-23T09:41:22","date_gmt":"2022-01-23T12:41:22","guid":{"rendered":"https:\/\/redenoticiaz.com.br\/litoralsp\/?p=22047"},"modified":"2022-01-23T09:41:22","modified_gmt":"2022-01-23T12:41:22","slug":"santos-aplica-vacinas-a-todas-as-criancas-de-5-a-11-anos","status":"publish","type":"post","link":"https:\/\/redenoticiaz.com.br\/litoralsp\/2022\/01\/23\/santos-aplica-vacinas-a-todas-as-criancas-de-5-a-11-anos","title":{"rendered":"Santos aplica vacinas a todas as crian\u00e7as de 5 a 11 anos"},"content":{"rendered":"<p>A cidade de <a href=\"http:\/\/www.santos.sp.gov.br\">Santos<\/a> inicia, nesta segunda-feira (24), a <strong>vacina\u00e7\u00e3o contra a Covid-19<\/strong>, a todas as crian\u00e7as de 5 a 11 anos de idade. As vacinas para o p\u00fablico de 6 a 11 anos ser\u00e1 a Coronavac. Para esta faixa et\u00e1ria, quem \u00e9 imunossuprimido (sistema imunol\u00f3gico comprometido por alguma doen\u00e7a cong\u00eanita), possui alguma comorbidades, e tamb\u00e9m para quem tem cinco anos, o imunizante ser\u00e1 o da Pfizer.<\/p>\n<p>A segunda dose da CoronaVac para crian\u00e7as ser\u00e1 aplicada 28 dias ap\u00f3s a primeira vacina. Assim como em outros p\u00fablicos, h\u00e1 a necessidade de intervalo de 14 dias entre a aplica\u00e7\u00e3o da vacina contra a covid-19 e uma outra vacina qualquer.<\/p>\n<p>Os crit\u00e9rios de comprova\u00e7\u00e3o para comorbidades incluem a apresenta\u00e7\u00e3o de exames, receitas, relat\u00f3rios m\u00e9dicos e prescri\u00e7\u00e3o m\u00e9dica. Pede-se para levar c\u00f3pias dos documentos porque estes ficam retidos nos postos de vacina\u00e7\u00e3o.<\/p>\n<p>Para a vacina\u00e7\u00e3o, \u00e9 exigida a presen\u00e7a de pais ou respons\u00e1veis. Tamb\u00e9m \u00e9 pedida a apresenta\u00e7\u00e3o de CPF ou de cart\u00e3o SUS (documento que pode ser obtido na policl\u00ednica de refer\u00eancia).<\/p>\n<p>O secret\u00e1rio municipal de sa\u00fade Adriano Catapreta alerta para import\u00e2ncia de todos os pais aderirem \u00e0 campanha. &#8220;\u00c9 fundamental levar os seus filhos para vacinar. As duas vacinas, tanto a Pfizer, quanto a CoronaVac s\u00e3o aprovadas pela Anvisa&#8221;.<\/p>\n<p><strong>LEIA TAMB\u00c9M<\/strong><\/p>\n<p><a href=\"https:\/\/redenoticiaz.com.br\/litoralsp\/2022\/01\/22\/posto-de-vacinacao-infantil-sera-inaugurado-em-sao-vicente\">Posto de Vacina\u00e7\u00e3o Infantil ser\u00e1 inaugurado em S\u00e3o Vicente<\/a><\/p>\n","protected":false},"excerpt":{"rendered":"<p>A cidade de Santos inicia, nesta segunda-feira (24), a vacina\u00e7\u00e3o contra a Covid-19, a todas as crian\u00e7as de 5 a 11 anos de idade. As vacinas para o p\u00fablico de 6 a 11 anos ser\u00e1 a Coronavac. Para esta faixa et\u00e1ria, quem \u00e9 imunossuprimido (sistema imunol\u00f3gico comprometido por alguma doen\u00e7a cong\u00eanita), possui alguma comorbidades, e &hellip;<\/p>\n","protected":false},"author":15,"featured_media":22048,"comment_status":"open","ping_status":"closed","sticky":false,"template":"","format":"standard","meta":{"footnotes":""},"categories":[180,23],"tags":[18325,986,96,87],"class_list":["post-22047","post","type-post","status-publish","format-standard","has-post-thumbnail","hentry","category-santos","category-saude","tag-covid19","tag-santos","tag-saude","tag-vacina"],"yoast_head":"<!-- This site is optimized with the Yoast SEO plugin v27.5 - https:\/\/yoast.com\/product\/yoast-seo-wordpress\/ -->\n<title>Santos aplica vacinas a todas as crian\u00e7as de 5 a 11 anos - Litoral SP<\/title>\n<meta name=\"description\" content=\"A cidade de Santos inicia, nesta segunda-feira (24), a vacina\u00e7\u00e3o contra a Covid-19, a todas as crian\u00e7as de 5 a 11 anos de idade.\" \/>\n<meta name=\"robots\" content=\"index, follow, max-snippet:-1, max-image-preview:large, max-video-preview:-1\" \/>\n<link rel=\"canonical\" href=\"https:\/\/redenoticiaz.com.br\/litoralsp\/2022\/01\/23\/santos-aplica-vacinas-a-todas-as-criancas-de-5-a-11-anos\" \/>\n<meta property=\"og:locale\" content=\"pt_BR\" \/>\n<meta property=\"og:type\" content=\"article\" \/>\n<meta property=\"og:title\" content=\"Santos aplica vacinas a todas as crian\u00e7as de 5 a 11 anos - Litoral SP\" \/>\n<meta property=\"og:description\" content=\"A cidade de Santos inicia, nesta segunda-feira (24), a vacina\u00e7\u00e3o contra a Covid-19, a todas as crian\u00e7as de 5 a 11 anos de idade.\" \/>\n<meta property=\"og:url\" content=\"https:\/\/redenoticiaz.com.br\/litoralsp\/2022\/01\/23\/santos-aplica-vacinas-a-todas-as-criancas-de-5-a-11-anos\" \/>\n<meta property=\"og:site_name\" content=\"Litoral SP\" \/>\n<meta property=\"article:published_time\" content=\"2022-01-23T12:41:22+00:00\" \/>\n<meta property=\"og:image\" content=\"https:\/\/redenoticiaz.com.br\/litoralsp\/wp-content\/uploads\/sites\/3\/2022\/01\/sem-titulo-5.jpg\" \/>\n\t<meta property=\"og:image:width\" content=\"674\" \/>\n\t<meta property=\"og:image:height\" content=\"377\" \/>\n\t<meta property=\"og:image:type\" content=\"image\/jpeg\" \/>\n<meta name=\"twitter:card\" content=\"summary_large_image\" \/>\n<meta name=\"twitter:label1\" content=\"Escrito por\" \/>\n\t<meta name=\"twitter:data1\" content=\"\" \/>\n\t<meta name=\"twitter:label2\" content=\"Est. tempo de leitura\" \/>\n\t<meta name=\"twitter:data2\" content=\"1 minuto\" \/>\n<script type=\"application\/ld+json\" class=\"yoast-schema-graph\">{\"@context\":\"https:\\\/\\\/schema.org\",\"@graph\":[{\"@type\":\"Article\",\"@id\":\"https:\\\/\\\/redenoticiaz.com.br\\\/litoralsp\\\/2022\\\/01\\\/23\\\/santos-aplica-vacinas-a-todas-as-criancas-de-5-a-11-anos#article\",\"isPartOf\":{\"@id\":\"https:\\\/\\\/redenoticiaz.com.br\\\/litoralsp\\\/2022\\\/01\\\/23\\\/santos-aplica-vacinas-a-todas-as-criancas-de-5-a-11-anos\"},\"author\":{\"name\":\"\",\"@id\":\"\"},\"headline\":\"Santos aplica vacinas a todas as crian\u00e7as de 5 a 11 anos\",\"datePublished\":\"2022-01-23T12:41:22+00:00\",\"mainEntityOfPage\":{\"@id\":\"https:\\\/\\\/redenoticiaz.com.br\\\/litoralsp\\\/2022\\\/01\\\/23\\\/santos-aplica-vacinas-a-todas-as-criancas-de-5-a-11-anos\"},\"wordCount\":254,\"commentCount\":0,\"publisher\":{\"@id\":\"https:\\\/\\\/redenoticiaz.com.br\\\/litoralsp\\\/#organization\"},\"image\":{\"@id\":\"https:\\\/\\\/redenoticiaz.com.br\\\/litoralsp\\\/2022\\\/01\\\/23\\\/santos-aplica-vacinas-a-todas-as-criancas-de-5-a-11-anos#primaryimage\"},\"thumbnailUrl\":\"https:\\\/\\\/redenoticiaz.com.br\\\/litoralsp\\\/wp-content\\\/uploads\\\/sites\\\/3\\\/2022\\\/01\\\/sem-titulo-5.jpg\",\"keywords\":[\"COVID19\",\"Santos\",\"saude\",\"vacina\"],\"articleSection\":[\"Santos\",\"Sa\u00fade\"],\"inLanguage\":\"pt-BR\",\"potentialAction\":[{\"@type\":\"CommentAction\",\"name\":\"Comment\",\"target\":[\"https:\\\/\\\/redenoticiaz.com.br\\\/litoralsp\\\/2022\\\/01\\\/23\\\/santos-aplica-vacinas-a-todas-as-criancas-de-5-a-11-anos#respond\"]}]},{\"@type\":\"WebPage\",\"@id\":\"https:\\\/\\\/redenoticiaz.com.br\\\/litoralsp\\\/2022\\\/01\\\/23\\\/santos-aplica-vacinas-a-todas-as-criancas-de-5-a-11-anos\",\"url\":\"https:\\\/\\\/redenoticiaz.com.br\\\/litoralsp\\\/2022\\\/01\\\/23\\\/santos-aplica-vacinas-a-todas-as-criancas-de-5-a-11-anos\",\"name\":\"Santos aplica vacinas a todas as crian\u00e7as de 5 a 11 anos - Litoral SP\",\"isPartOf\":{\"@id\":\"https:\\\/\\\/redenoticiaz.com.br\\\/litoralsp\\\/#website\"},\"primaryImageOfPage\":{\"@id\":\"https:\\\/\\\/redenoticiaz.com.br\\\/litoralsp\\\/2022\\\/01\\\/23\\\/santos-aplica-vacinas-a-todas-as-criancas-de-5-a-11-anos#primaryimage\"},\"image\":{\"@id\":\"https:\\\/\\\/redenoticiaz.com.br\\\/litoralsp\\\/2022\\\/01\\\/23\\\/santos-aplica-vacinas-a-todas-as-criancas-de-5-a-11-anos#primaryimage\"},\"thumbnailUrl\":\"https:\\\/\\\/redenoticiaz.com.br\\\/litoralsp\\\/wp-content\\\/uploads\\\/sites\\\/3\\\/2022\\\/01\\\/sem-titulo-5.jpg\",\"datePublished\":\"2022-01-23T12:41:22+00:00\",\"description\":\"A cidade de Santos inicia, nesta segunda-feira (24), a vacina\u00e7\u00e3o contra a Covid-19, a todas as crian\u00e7as de 5 a 11 anos de idade.\",\"inLanguage\":\"pt-BR\",\"potentialAction\":[{\"@type\":\"ReadAction\",\"target\":[\"https:\\\/\\\/redenoticiaz.com.br\\\/litoralsp\\\/2022\\\/01\\\/23\\\/santos-aplica-vacinas-a-todas-as-criancas-de-5-a-11-anos\"]}]},{\"@type\":\"ImageObject\",\"inLanguage\":\"pt-BR\",\"@id\":\"https:\\\/\\\/redenoticiaz.com.br\\\/litoralsp\\\/2022\\\/01\\\/23\\\/santos-aplica-vacinas-a-todas-as-criancas-de-5-a-11-anos#primaryimage\",\"url\":\"https:\\\/\\\/redenoticiaz.com.br\\\/litoralsp\\\/wp-content\\\/uploads\\\/sites\\\/3\\\/2022\\\/01\\\/sem-titulo-5.jpg\",\"contentUrl\":\"https:\\\/\\\/redenoticiaz.com.br\\\/litoralsp\\\/wp-content\\\/uploads\\\/sites\\\/3\\\/2022\\\/01\\\/sem-titulo-5.jpg\",\"width\":674,\"height\":377,\"caption\":\"Santos inicia, nesta segunda-feira, a vacina\u00e7\u00e3o a crian\u00e7as de 5 a 11 anos de idade (Foto: Divulga\u00e7\u00e3o)\"},{\"@type\":\"WebSite\",\"@id\":\"https:\\\/\\\/redenoticiaz.com.br\\\/litoralsp\\\/#website\",\"url\":\"https:\\\/\\\/redenoticiaz.com.br\\\/litoralsp\\\/\",\"name\":\"Litoral SP\",\"description\":\"Rede NoticiaZ\",\"publisher\":{\"@id\":\"https:\\\/\\\/redenoticiaz.com.br\\\/litoralsp\\\/#organization\"},\"potentialAction\":[{\"@type\":\"SearchAction\",\"target\":{\"@type\":\"EntryPoint\",\"urlTemplate\":\"https:\\\/\\\/redenoticiaz.com.br\\\/litoralsp\\\/?s={search_term_string}\"},\"query-input\":{\"@type\":\"PropertyValueSpecification\",\"valueRequired\":true,\"valueName\":\"search_term_string\"}}],\"inLanguage\":\"pt-BR\"},{\"@type\":\"Organization\",\"@id\":\"https:\\\/\\\/redenoticiaz.com.br\\\/litoralsp\\\/#organization\",\"name\":\"Litoral SP\",\"url\":\"https:\\\/\\\/redenoticiaz.com.br\\\/litoralsp\\\/\",\"logo\":{\"@type\":\"ImageObject\",\"inLanguage\":\"pt-BR\",\"@id\":\"https:\\\/\\\/redenoticiaz.com.br\\\/litoralsp\\\/#\\\/schema\\\/logo\\\/image\\\/\",\"url\":\"https:\\\/\\\/redenoticiaz.com.br\\\/litoralsp\\\/wp-content\\\/uploads\\\/sites\\\/3\\\/2020\\\/11\\\/logo.jpg\",\"contentUrl\":\"https:\\\/\\\/redenoticiaz.com.br\\\/litoralsp\\\/wp-content\\\/uploads\\\/sites\\\/3\\\/2020\\\/11\\\/logo.jpg\",\"width\":400,\"height\":250,\"caption\":\"Litoral SP\"},\"image\":{\"@id\":\"https:\\\/\\\/redenoticiaz.com.br\\\/litoralsp\\\/#\\\/schema\\\/logo\\\/image\\\/\"}},{\"@type\":\"Person\",\"@id\":\"\",\"url\":\"https:\\\/\\\/redenoticiaz.com.br\\\/litoralsp\\\/author\"}]}<\/script>\n<!-- \/ Yoast SEO plugin. -->","yoast_head_json":{"title":"Santos aplica vacinas a todas as crian\u00e7as de 5 a 11 anos - Litoral SP","description":"A cidade de Santos inicia, nesta segunda-feira (24), a vacina\u00e7\u00e3o contra a Covid-19, a todas as crian\u00e7as de 5 a 11 anos de idade.","robots":{"index":"index","follow":"follow","max-snippet":"max-snippet:-1","max-image-preview":"max-image-preview:large","max-video-preview":"max-video-preview:-1"},"canonical":"https:\/\/redenoticiaz.com.br\/litoralsp\/2022\/01\/23\/santos-aplica-vacinas-a-todas-as-criancas-de-5-a-11-anos","og_locale":"pt_BR","og_type":"article","og_title":"Santos aplica vacinas a todas as crian\u00e7as de 5 a 11 anos - Litoral SP","og_description":"A cidade de Santos inicia, nesta segunda-feira (24), a vacina\u00e7\u00e3o contra a Covid-19, a todas as crian\u00e7as de 5 a 11 anos de idade.","og_url":"https:\/\/redenoticiaz.com.br\/litoralsp\/2022\/01\/23\/santos-aplica-vacinas-a-todas-as-criancas-de-5-a-11-anos","og_site_name":"Litoral SP","article_published_time":"2022-01-23T12:41:22+00:00","og_image":[{"width":674,"height":377,"url":"https:\/\/redenoticiaz.com.br\/litoralsp\/wp-content\/uploads\/sites\/3\/2022\/01\/sem-titulo-5.jpg","type":"image\/jpeg"}],"twitter_card":"summary_large_image","twitter_misc":{"Escrito por":"","Est. tempo de leitura":"1 minuto"},"schema":{"@context":"https:\/\/schema.org","@graph":[{"@type":"Article","@id":"https:\/\/redenoticiaz.com.br\/litoralsp\/2022\/01\/23\/santos-aplica-vacinas-a-todas-as-criancas-de-5-a-11-anos#article","isPartOf":{"@id":"https:\/\/redenoticiaz.com.br\/litoralsp\/2022\/01\/23\/santos-aplica-vacinas-a-todas-as-criancas-de-5-a-11-anos"},"author":{"name":"","@id":""},"headline":"Santos aplica vacinas a todas as crian\u00e7as de 5 a 11 anos","datePublished":"2022-01-23T12:41:22+00:00","mainEntityOfPage":{"@id":"https:\/\/redenoticiaz.com.br\/litoralsp\/2022\/01\/23\/santos-aplica-vacinas-a-todas-as-criancas-de-5-a-11-anos"},"wordCount":254,"commentCount":0,"publisher":{"@id":"https:\/\/redenoticiaz.com.br\/litoralsp\/#organization"},"image":{"@id":"https:\/\/redenoticiaz.com.br\/litoralsp\/2022\/01\/23\/santos-aplica-vacinas-a-todas-as-criancas-de-5-a-11-anos#primaryimage"},"thumbnailUrl":"https:\/\/redenoticiaz.com.br\/litoralsp\/wp-content\/uploads\/sites\/3\/2022\/01\/sem-titulo-5.jpg","keywords":["COVID19","Santos","saude","vacina"],"articleSection":["Santos","Sa\u00fade"],"inLanguage":"pt-BR","potentialAction":[{"@type":"CommentAction","name":"Comment","target":["https:\/\/redenoticiaz.com.br\/litoralsp\/2022\/01\/23\/santos-aplica-vacinas-a-todas-as-criancas-de-5-a-11-anos#respond"]}]},{"@type":"WebPage","@id":"https:\/\/redenoticiaz.com.br\/litoralsp\/2022\/01\/23\/santos-aplica-vacinas-a-todas-as-criancas-de-5-a-11-anos","url":"https:\/\/redenoticiaz.com.br\/litoralsp\/2022\/01\/23\/santos-aplica-vacinas-a-todas-as-criancas-de-5-a-11-anos","name":"Santos aplica vacinas a todas as crian\u00e7as de 5 a 11 anos - Litoral SP","isPartOf":{"@id":"https:\/\/redenoticiaz.com.br\/litoralsp\/#website"},"primaryImageOfPage":{"@id":"https:\/\/redenoticiaz.com.br\/litoralsp\/2022\/01\/23\/santos-aplica-vacinas-a-todas-as-criancas-de-5-a-11-anos#primaryimage"},"image":{"@id":"https:\/\/redenoticiaz.com.br\/litoralsp\/2022\/01\/23\/santos-aplica-vacinas-a-todas-as-criancas-de-5-a-11-anos#primaryimage"},"thumbnailUrl":"https:\/\/redenoticiaz.com.br\/litoralsp\/wp-content\/uploads\/sites\/3\/2022\/01\/sem-titulo-5.jpg","datePublished":"2022-01-23T12:41:22+00:00","description":"A cidade de Santos inicia, nesta segunda-feira (24), a vacina\u00e7\u00e3o contra a Covid-19, a todas as crian\u00e7as de 5 a 11 anos de idade.","inLanguage":"pt-BR","potentialAction":[{"@type":"ReadAction","target":["https:\/\/redenoticiaz.com.br\/litoralsp\/2022\/01\/23\/santos-aplica-vacinas-a-todas-as-criancas-de-5-a-11-anos"]}]},{"@type":"ImageObject","inLanguage":"pt-BR","@id":"https:\/\/redenoticiaz.com.br\/litoralsp\/2022\/01\/23\/santos-aplica-vacinas-a-todas-as-criancas-de-5-a-11-anos#primaryimage","url":"https:\/\/redenoticiaz.com.br\/litoralsp\/wp-content\/uploads\/sites\/3\/2022\/01\/sem-titulo-5.jpg","contentUrl":"https:\/\/redenoticiaz.com.br\/litoralsp\/wp-content\/uploads\/sites\/3\/2022\/01\/sem-titulo-5.jpg","width":674,"height":377,"caption":"Santos inicia, nesta segunda-feira, a vacina\u00e7\u00e3o a crian\u00e7as de 5 a 11 anos de idade (Foto: Divulga\u00e7\u00e3o)"},{"@type":"WebSite","@id":"https:\/\/redenoticiaz.com.br\/litoralsp\/#website","url":"https:\/\/redenoticiaz.com.br\/litoralsp\/","name":"Litoral SP","description":"Rede NoticiaZ","publisher":{"@id":"https:\/\/redenoticiaz.com.br\/litoralsp\/#organization"},"potentialAction":[{"@type":"SearchAction","target":{"@type":"EntryPoint","urlTemplate":"https:\/\/redenoticiaz.com.br\/litoralsp\/?s={search_term_string}"},"query-input":{"@type":"PropertyValueSpecification","valueRequired":true,"valueName":"search_term_string"}}],"inLanguage":"pt-BR"},{"@type":"Organization","@id":"https:\/\/redenoticiaz.com.br\/litoralsp\/#organization","name":"Litoral SP","url":"https:\/\/redenoticiaz.com.br\/litoralsp\/","logo":{"@type":"ImageObject","inLanguage":"pt-BR","@id":"https:\/\/redenoticiaz.com.br\/litoralsp\/#\/schema\/logo\/image\/","url":"https:\/\/redenoticiaz.com.br\/litoralsp\/wp-content\/uploads\/sites\/3\/2020\/11\/logo.jpg","contentUrl":"https:\/\/redenoticiaz.com.br\/litoralsp\/wp-content\/uploads\/sites\/3\/2020\/11\/logo.jpg","width":400,"height":250,"caption":"Litoral SP"},"image":{"@id":"https:\/\/redenoticiaz.com.br\/litoralsp\/#\/schema\/logo\/image\/"}},{"@type":"Person","@id":"","url":"https:\/\/redenoticiaz.com.br\/litoralsp\/author"}]}},"_links":{"self":[{"href":"https:\/\/redenoticiaz.com.br\/litoralsp\/wp-json\/wp\/v2\/posts\/22047","targetHints":{"allow":["GET"]}}],"collection":[{"href":"https:\/\/redenoticiaz.com.br\/litoralsp\/wp-json\/wp\/v2\/posts"}],"about":[{"href":"https:\/\/redenoticiaz.com.br\/litoralsp\/wp-json\/wp\/v2\/types\/post"}],"author":[{"embeddable":true,"href":"https:\/\/redenoticiaz.com.br\/litoralsp\/wp-json\/wp\/v2\/users\/15"}],"replies":[{"embeddable":true,"href":"https:\/\/redenoticiaz.com.br\/litoralsp\/wp-json\/wp\/v2\/comments?post=22047"}],"version-history":[{"count":1,"href":"https:\/\/redenoticiaz.com.br\/litoralsp\/wp-json\/wp\/v2\/posts\/22047\/revisions"}],"predecessor-version":[{"id":22049,"href":"https:\/\/redenoticiaz.com.br\/litoralsp\/wp-json\/wp\/v2\/posts\/22047\/revisions\/22049"}],"wp:featuredmedia":[{"embeddable":true,"href":"https:\/\/redenoticiaz.com.br\/litoralsp\/wp-json\/wp\/v2\/media\/22048"}],"wp:attachment":[{"href":"https:\/\/redenoticiaz.com.br\/litoralsp\/wp-json\/wp\/v2\/media?parent=22047"}],"wp:term":[{"taxonomy":"category","embeddable":true,"href":"https:\/\/redenoticiaz.com.br\/litoralsp\/wp-json\/wp\/v2\/categories?post=22047"},{"taxonomy":"post_tag","embeddable":true,"href":"https:\/\/redenoticiaz.com.br\/litoralsp\/wp-json\/wp\/v2\/tags?post=22047"}],"curies":[{"name":"wp","href":"https:\/\/api.w.org\/{rel}","templated":true}]}}