{"id":22089,"date":"2022-01-24T12:02:21","date_gmt":"2022-01-24T15:02:21","guid":{"rendered":"https:\/\/redenoticiaz.com.br\/litoralsp\/2022\/01\/24\/orcamento-2022-e-sancionado-com-cortes-por-bolsonaro"},"modified":"2022-01-24T12:05:20","modified_gmt":"2022-01-24T15:05:20","slug":"orcamento-2022-e-sancionado-com-cortes-por-bolsonaro","status":"publish","type":"post","link":"https:\/\/redenoticiaz.com.br\/litoralsp\/2022\/01\/24\/orcamento-2022-e-sancionado-com-cortes-por-bolsonaro","title":{"rendered":"Or\u00e7amento 2022 \u00e9 sancionado com cortes por Bolsonaro"},"content":{"rendered":"<p>Com vetos e cortes em alguns setores, o presidente Jair Bolsonaro (PL) sancionou o <strong>Or\u00e7amento de 2022<\/strong>. A san\u00e7\u00e3o foi publicada na edi\u00e7\u00e3o de segunda-feira (24) do &#8220;<a href=\"https:\/\/www.gov.br\/imprensanacional\/pt-br\">Di\u00e1rio Oficial da Uni\u00e3o<\/a>&#8220;.\u00a0Ap\u00f3s a san\u00e7\u00e3o, recursos para as \u00e1reas de pesquisas cient\u00edficas e para pol\u00edticas p\u00fablicas voltadas para ind\u00edgenas e quilombolas.<\/p>\n<div class=\"wall protected-content\">\n<div class=\"mc-column content-text active-extra-styles \" data-block-type=\"unstyled\" data-block-weight=\"33\" data-block-id=\"2\">\n<p class=\"content-text__container \" data-track-category=\"Link no Texto\" data-track-links=\"\">Os cortes tamb\u00e9m atingiram projetos para a\u00a0<span class=\"highlight highlighted\">consolida\u00e7\u00e3o de assentamentos rurais, para pesquisas em universidades,<\/span>\u00a0para\u00a0<span class=\"highlight highlighted\">reforma agr\u00e1ria e regulariza\u00e7\u00e3o fundi\u00e1ria e para<\/span>\u00a0<span class=\"highlight highlighted\">pol\u00edticas de igualdade e enfrentamento \u00e0 viol\u00eancia contra as mulheres<\/span>.<\/p>\n<\/div>\n<div class=\"mc-column content-text active-extra-styles \" data-block-type=\"unstyled\" data-block-weight=\"22\" data-block-id=\"3\">\n<p class=\"content-text__container \" data-track-category=\"Link no Texto\" data-track-links=\"\">O presidente tamb\u00e9m cortou R$ 11 milh\u00f5es que iriam para pesquisa e desenvolvimento tecnol\u00f3gico em sa\u00fade da Funda\u00e7\u00e3o Oswaldo Cruz (Fiocruz). Ao todo, os cortes de Bolsonaro chegaram a R$ 3,18 bilh\u00e3o.<\/p>\n<p data-track-category=\"Link no Texto\" data-track-links=\"\">A repsosta sobre os cortes, segundo o governo federal, por meio de nota, foi necess\u00e1rio &#8220;vetar programa\u00e7\u00f5es or\u00e7ament\u00e1rias com intuito de ajustar despesas obrigat\u00f3rias relacionadas \u00e0s despesas de pessoal e encargos sociais. Nesse caso, ser\u00e1 necess\u00e1rio, posteriormente, encaminhar projeto de lei de cr\u00e9dito adicional com o aproveitamento do espa\u00e7o fiscal resultante dos vetos das programa\u00e7\u00f5es&#8221;.<\/p>\n<div class=\"mc-column content-text active-extra-styles \" data-block-type=\"unstyled\" data-block-weight=\"50\" data-block-id=\"4\">\n<p class=\"content-text__container \" data-track-category=\"Link no Texto\" data-track-links=\"\">A equipe econ\u00f4mica estimava ser necess\u00e1rio vetar cerca de R$ 9 bilh\u00f5es para recompor despesas obrigat\u00f3rias que foram subestimadas na aprova\u00e7\u00e3o do Or\u00e7amento pelo Congresso. Por\u00e9m, a expectativa \u00e9 que o n\u00famero fique bem menor, em torno de R$ 3 bilh\u00f5es, diante da dificuldade de encontrar dota\u00e7\u00f5es para veto.<\/p>\n<\/div>\n<div class=\"mc-column content-text active-extra-styles\" data-block-type=\"raw\" data-block-weight=\"4\" data-block-id=\"5\">\n<div class=\"content-intertitle\">\n<h3>D\u00e9ficit nas contas p\u00fablicas<\/h3>\n<\/div>\n<\/div>\n<div class=\"mc-column content-text active-extra-styles \" data-block-type=\"unstyled\" data-block-weight=\"31\" data-block-id=\"6\">\n<p class=\"content-text__container \" data-track-category=\"Link no Texto\" data-track-links=\"\">A Secretaria-Geral da Presid\u00eancia da Rep\u00fablica informou que o valor total da despesa prevista no Or\u00e7amento \u00e9 de R$ 4,7 trilh\u00f5es, sendo R$ 1,9 trilh\u00e3o referente ao pagamento da d\u00edvida p\u00fablica.<\/p>\n<\/div>\n<div class=\"mc-column content-text active-extra-styles \" data-block-type=\"unstyled\" data-block-weight=\"38\" data-block-id=\"7\">\n<p class=\"content-text__container \" data-track-category=\"Link no Texto\" data-track-links=\"\">J\u00e1\u00a0<span class=\"highlight highlighted\">o resultado esperado para as contas do governo federal \u00e9 de d\u00e9ficit de R$ 79,3 bilh\u00f5es<\/span>, inferior, portanto, \u00e0 meta prevista na Lei de Diretrizes Or\u00e7ament\u00e1rias (LDO), que autorizava um rombo de at\u00e9 R$ 170,5 bilh\u00f5es.<\/p>\n<\/div>\n<div class=\"content-ads content-ads--reveal\" data-block-type=\"ads\" data-block-id=\"8\"><\/div>\n<div class=\"mc-column content-text active-extra-styles \" data-block-type=\"unstyled\" data-block-weight=\"37\" data-block-id=\"9\">\n<p class=\"content-text__container \" data-track-category=\"Link no Texto\" data-track-links=\"\">&#8220;Essa proje\u00e7\u00e3o do resultado prim\u00e1rio [resultado das contas do governo federal] presente na LOA-2022 menor que aquela meta prevista na LDO-2022 decorre particularmente da eleva\u00e7\u00e3o da estimativa de receitas prim\u00e1rias realizadas pelo\u00a0Congresso Nacional&#8221;, explica o governo.<\/p>\n<h3 data-track-category=\"Link no Texto\">Minist\u00e9rios afetados<\/h3>\n<\/div>\n<\/div>\n<div class=\"mc-column content-text active-extra-styles \" data-block-type=\"unstyled\" data-block-weight=\"23\" data-block-id=\"5\">\n<p class=\"content-text__container \" data-track-category=\"Link no Texto\" data-track-links=\"\">Na an\u00e1lise por minist\u00e9rios, Trabalho e Educa\u00e7\u00e3o sofreram os maiores cortes no Or\u00e7amento, segundo n\u00fameros divulgados nesta segunda-feira pelo Minist\u00e9rio da Economia.<\/p>\n<\/div>\n<div class=\"mc-column content-text active-extra-styles \" data-block-type=\"unstyled\" data-block-weight=\"25\" data-block-id=\"6\">\n<p class=\"content-text__container \" data-track-category=\"Link no Texto\" data-track-links=\"\">Somente o Minist\u00e9rio do Trabalho teve um corte de R$ 1 bilh\u00e3o. J\u00e1 o Minist\u00e9rio da Educa\u00e7\u00e3o teve um corte de R$ 739,9 milh\u00f5es.<\/p>\n<div class=\"mc-column content-text active-extra-styles \" data-block-type=\"unstyled\" data-block-weight=\"65\" data-block-id=\"7\">\n<p class=\"content-text__container \" data-track-category=\"Link no Texto\" data-track-links=\"\">Por outro lado, foi mantido o\u00a0fundo partid\u00e1rio de R$ 4,9 bilh\u00f5es e valor de R$ 1,7 bilh\u00e3o para reajuste de servidores.\u00a0Al\u00e9m disso, segundo o diretor-executivo da Institui\u00e7\u00e3o Fiscal Independente (IFI), Felipe Salto, o corte de R$ 3,18 bilh\u00f5es no Or\u00e7amento de 2022 pode,\u00a0na pr\u00e1tica, abrir mais espa\u00e7o para reajustes de servidores p\u00fablicos &#8211; que pode chegar, no limite, a R$ 4,9 bilh\u00f5es.<\/p>\n<\/div>\n<div class=\"mc-column content-text active-extra-styles \" data-block-type=\"unstyled\" data-block-weight=\"6\" data-block-id=\"9\">\n<h5 class=\"content-text__container \" data-track-category=\"Link no Texto\">Veja os cortes nos demais minist\u00e9rios:<\/h5>\n<\/div>\n<div class=\"mc-column content-text active-extra-styles\" data-block-type=\"raw\" data-block-weight=\"88\" data-block-id=\"10\">\n<ul class=\"content-unordered-list\">\n<li><strong>Desenvolvimento Regional<\/strong>: R$ 458,7 milh\u00f5es;<\/li>\n<li><strong>Cidadania<\/strong>: R$ 284,3 milh\u00f5es;<\/li>\n<li><strong>Infraestrutura<\/strong>: R$ 177,8 milh\u00f5es;<\/li>\n<li><strong>Agricultura<\/strong>: R$ 87,2 milh\u00f5es;<\/li>\n<li><strong>Sa\u00fade<\/strong>: R$ 74,2 milh\u00f5es;<\/li>\n<li><strong>Ci\u00eancia, Tecnologia e Inova\u00e7\u00f5es<\/strong>: R$ 73 milh\u00f5es;<\/li>\n<li><strong>Comunica\u00e7\u00f5es<\/strong>: R$ 63,5 milh\u00f5es;<\/li>\n<li><strong>Defesa<\/strong>: R$ 62,1 milh\u00f5es;<\/li>\n<li><strong>Justi\u00e7a e Seguran\u00e7a P\u00fablica<\/strong>: R$ 54,8 milh\u00f5es;<\/li>\n<li><strong>Meio Ambiente<\/strong>: R$ 35,1 milh\u00f5es;<\/li>\n<li><strong>Turismo<\/strong>: R$ 35,1 milh\u00f5es;<\/li>\n<li><strong>Mulher, Fam\u00edlia e Direitos Humanos<\/strong>: R$ 16,5 milh\u00f5es;<\/li>\n<li><strong>Minas e Energia<\/strong>: R$ 11,4 milh\u00f5es;<\/li>\n<li><strong>Rela\u00e7\u00f5es Exteriores<\/strong>: R$ 3,6 milh\u00f5es;<\/li>\n<li><strong>Presid\u00eancia da Rep\u00fablica<\/strong>: R$ 1,8 milh\u00e3o<\/li>\n<li><strong>Banco Central<\/strong>: R$ 100 mil<\/li>\n<li><strong>Minist\u00e9rio da Economia<\/strong>: R$ 100 mil<\/li>\n<\/ul>\n<div class=\"mc-column content-text active-extra-styles \" data-block-type=\"unstyled\" data-block-weight=\"38\" data-block-id=\"11\">\n<p class=\"content-text__container \" data-track-category=\"Link no Texto\" data-track-links=\"\">O governo informou que os valores foram vetados a fim de ajustar o Or\u00e7amento \u00e0s despesas obrigat\u00f3rias de pessoal e encargos sociais. Caso queira recompor os recursos, ter\u00e1 que encaminhar ao Congresso projeto de lei de cr\u00e9dito adicional.<\/p>\n<\/div>\n<div class=\"mc-column content-text active-extra-styles \" data-block-type=\"unstyled\" data-block-weight=\"6\" data-block-id=\"12\">\n<h5 class=\"content-text__container \" data-track-category=\"Link no Texto\">Veja as \u00e1reas que sofreram cortes:<\/h5>\n<\/div>\n<div class=\"mc-column content-text active-extra-styles\" data-block-type=\"raw\" data-block-weight=\"241\" data-block-id=\"13\">\n<ul class=\"content-unordered-list\">\n<li>Pesquisa, desenvolvimento cient\u00edfico, difus\u00e3o do conhecimento e populariza\u00e7\u00e3o da ci\u00eancia nas unidades de pesquisa do Minist\u00e9rio da Ci\u00eancia e Tecnologia. Valor vetado: R$ 429.700.<\/li>\n<li>Apoio a projetos de tecnologias aplicadas, tecnologias sociais e extens\u00e3o tecnol\u00f3gica articulados \u00e0s pol\u00edticas p\u00fablicas de inova\u00e7\u00e3o e desenvolvimento sustent\u00e1vel do Brasil. Valores vetados: R$ 25,9 milh\u00f5es + R$ 35 milh\u00f5es.<\/li>\n<li>Fomento \u00e0 pesquisa e desenvolvimento voltados \u00e0 inova\u00e7\u00e3o, a tecnologias digitais e ao processo produtivo nacional. Valores vetados: R$ 1,1 milh\u00e3o + R$ 608 mil<\/li>\n<li>Fomento a projetos de pesquisa e desenvolvimento cient\u00edfico nacional. Valor vetado: R$ 859 mil<\/li>\n<li>Forma\u00e7\u00e3o, capacita\u00e7\u00e3o e fixa\u00e7\u00e3o de recursos humanos para o desenvolvimento cient\u00edfico. Valor vetado: R$ 8,5 milh\u00f5es<\/li>\n<li>Fomento \u00e0s a\u00e7\u00f5es de pesquisa, extens\u00e3o e inova\u00e7\u00e3o nas institui\u00e7\u00f5es de ensino de educa\u00e7\u00e3o profissional e tecnol\u00f3gica &#8211; no estado da Bahia. Valor vetado: R$ 3 milh\u00f5es.<\/li>\n<li>Apoio \u00e0 consolida\u00e7\u00e3o, reestrutura\u00e7\u00e3o e moderniza\u00e7\u00e3o das institui\u00e7\u00f5es federais de ensino superior. Valor vetado: R$ 34,3 mil.<\/li>\n<li>Fomento \u00e0s a\u00e7\u00f5es de gradua\u00e7\u00e3o, p\u00f3s-gradua\u00e7\u00e3o, ensino, pesquisa e extens\u00e3o &#8211; nacional. Valor vetado: R$ 4,2 milh\u00f5es.<\/li>\n<li>Reconhecimento e indeniza\u00e7\u00e3o de territ\u00f3rios quilombolas. Valor vetado: R$ 85.940<\/li>\n<li>Consolida\u00e7\u00e3o de assentamentos rurais. Valor vetado: R$ 85.940<\/li>\n<li>Reforma agr\u00e1ria e regulariza\u00e7\u00e3o fundi\u00e1ria. Valor vetado: R$ 85.940<\/li>\n<li>Regulariza\u00e7\u00e3o, demarca\u00e7\u00e3o e fiscaliza\u00e7\u00e3o de terras ind\u00edgenas e prote\u00e7\u00e3o dos povos ind\u00edgenas isolados. Valor vetado: R$ 773.460<\/li>\n<li>Prote\u00e7\u00e3o e promo\u00e7\u00e3o dos direitos dos povos ind\u00edgenas. Valor vetado: R$ 859.399<\/li>\n<li>Pol\u00edticas de igualdade e enfrentamento \u00e0 viol\u00eancia contra as mulheres, Valor vetado: R$ 945.339<\/li>\n<\/ul>\n<p><strong>LEIA TAMB\u00c9M<\/strong><\/p>\n<p><a href=\"https:\/\/redenoticiaz.com.br\/blog\/2022\/01\/23\/itatiba-pode-receber-r-90-mi-em-financiamento-da-caixa\">Itatiba pode receber R$ 90 mi em financiamento da Caixa<\/a><\/p>\n<\/div>\n<\/div>\n<\/div>\n<\/div>\n","protected":false},"excerpt":{"rendered":"<p>Com vetos e cortes em alguns setores, o presidente Jair Bolsonaro (PL) sancionou o Or\u00e7amento de 2022. A san\u00e7\u00e3o foi publicada na edi\u00e7\u00e3o de segunda-feira (24) do &#8220;Di\u00e1rio Oficial da Uni\u00e3o&#8220;.\u00a0Ap\u00f3s a san\u00e7\u00e3o, recursos para as \u00e1reas de pesquisas cient\u00edficas e para pol\u00edticas p\u00fablicas voltadas para ind\u00edgenas e quilombolas. Os cortes tamb\u00e9m atingiram projetos para &hellip;<\/p>\n","protected":false},"author":6,"featured_media":22090,"comment_status":"open","ping_status":"closed","sticky":false,"template":"","format":"standard","meta":{"footnotes":""},"categories":[97,15],"tags":[1613,18,48376,31],"class_list":["post-22089","post","type-post","status-publish","format-standard","has-post-thumbnail","hentry","category-economia","category-politica","tag-economia","tag-jair-bolsonaro","tag-orcamento-2022","tag-politica"],"yoast_head":"<!-- This site is optimized with the Yoast SEO plugin v27.5 - https:\/\/yoast.com\/product\/yoast-seo-wordpress\/ -->\n<title>Or\u00e7amento 2022 \u00e9 sancionado com cortes por Bolsonaro - Litoral SP<\/title>\n<meta name=\"description\" content=\"Com vetos e cortes em alguns setores, o presidente Jair Bolsonaro (PL) sancionou o Or\u00e7amento de 2022. A san\u00e7\u00e3o foi publicada\" \/>\n<meta name=\"robots\" content=\"index, follow, max-snippet:-1, max-image-preview:large, max-video-preview:-1\" \/>\n<link rel=\"canonical\" href=\"https:\/\/redenoticiaz.com.br\/litoralsp\/2022\/01\/24\/orcamento-2022-e-sancionado-com-cortes-por-bolsonaro\" \/>\n<meta property=\"og:locale\" content=\"pt_BR\" \/>\n<meta property=\"og:type\" content=\"article\" \/>\n<meta property=\"og:title\" content=\"Or\u00e7amento 2022 \u00e9 sancionado com cortes por Bolsonaro - Litoral SP\" \/>\n<meta property=\"og:description\" content=\"Com vetos e cortes em alguns setores, o presidente Jair Bolsonaro (PL) sancionou o Or\u00e7amento de 2022. A san\u00e7\u00e3o foi publicada\" \/>\n<meta property=\"og:url\" content=\"https:\/\/redenoticiaz.com.br\/litoralsp\/2022\/01\/24\/orcamento-2022-e-sancionado-com-cortes-por-bolsonaro\" \/>\n<meta property=\"og:site_name\" content=\"Litoral SP\" \/>\n<meta property=\"article:published_time\" content=\"2022-01-24T15:02:21+00:00\" \/>\n<meta property=\"article:modified_time\" content=\"2022-01-24T15:05:20+00:00\" \/>\n<meta property=\"og:image\" content=\"https:\/\/redenoticiaz.com.br\/litoralsp\/wp-content\/uploads\/sites\/3\/2022\/01\/palacio_planalto_ebc.jpg\" \/>\n\t<meta property=\"og:image:width\" content=\"1024\" \/>\n\t<meta property=\"og:image:height\" content=\"768\" \/>\n\t<meta property=\"og:image:type\" content=\"image\/jpeg\" \/>\n<meta name=\"author\" content=\"Leonardo Francisco\" \/>\n<meta name=\"twitter:card\" content=\"summary_large_image\" \/>\n<meta name=\"twitter:label1\" content=\"Escrito por\" \/>\n\t<meta name=\"twitter:data1\" content=\"Leonardo Francisco\" \/>\n\t<meta name=\"twitter:label2\" content=\"Est. tempo de leitura\" \/>\n\t<meta name=\"twitter:data2\" content=\"5 minutos\" \/>\n<script type=\"application\/ld+json\" class=\"yoast-schema-graph\">{\"@context\":\"https:\\\/\\\/schema.org\",\"@graph\":[{\"@type\":\"Article\",\"@id\":\"https:\\\/\\\/redenoticiaz.com.br\\\/litoralsp\\\/2022\\\/01\\\/24\\\/orcamento-2022-e-sancionado-com-cortes-por-bolsonaro#article\",\"isPartOf\":{\"@id\":\"https:\\\/\\\/redenoticiaz.com.br\\\/litoralsp\\\/2022\\\/01\\\/24\\\/orcamento-2022-e-sancionado-com-cortes-por-bolsonaro\"},\"author\":{\"name\":\"Leonardo Francisco\",\"@id\":\"https:\\\/\\\/redenoticiaz.com.br\\\/litoralsp\\\/#\\\/schema\\\/person\\\/0f0b8a5bdafefe82841e07ae8d81ecb3\"},\"headline\":\"Or\u00e7amento 2022 \u00e9 sancionado com cortes por Bolsonaro\",\"datePublished\":\"2022-01-24T15:02:21+00:00\",\"dateModified\":\"2022-01-24T15:05:20+00:00\",\"mainEntityOfPage\":{\"@id\":\"https:\\\/\\\/redenoticiaz.com.br\\\/litoralsp\\\/2022\\\/01\\\/24\\\/orcamento-2022-e-sancionado-com-cortes-por-bolsonaro\"},\"wordCount\":949,\"commentCount\":0,\"publisher\":{\"@id\":\"https:\\\/\\\/redenoticiaz.com.br\\\/litoralsp\\\/#organization\"},\"image\":{\"@id\":\"https:\\\/\\\/redenoticiaz.com.br\\\/litoralsp\\\/2022\\\/01\\\/24\\\/orcamento-2022-e-sancionado-com-cortes-por-bolsonaro#primaryimage\"},\"thumbnailUrl\":\"https:\\\/\\\/redenoticiaz.com.br\\\/litoralsp\\\/wp-content\\\/uploads\\\/sites\\\/3\\\/2022\\\/01\\\/palacio_planalto_ebc.jpg\",\"keywords\":[\"economia\",\"Jair Bolsonaro\",\"OR\u00c7AMENTO 2022\",\"POL\u00cdTICA\"],\"articleSection\":[\"Economia\",\"Pol\u00edtica\"],\"inLanguage\":\"pt-BR\",\"potentialAction\":[{\"@type\":\"CommentAction\",\"name\":\"Comment\",\"target\":[\"https:\\\/\\\/redenoticiaz.com.br\\\/litoralsp\\\/2022\\\/01\\\/24\\\/orcamento-2022-e-sancionado-com-cortes-por-bolsonaro#respond\"]}]},{\"@type\":\"WebPage\",\"@id\":\"https:\\\/\\\/redenoticiaz.com.br\\\/litoralsp\\\/2022\\\/01\\\/24\\\/orcamento-2022-e-sancionado-com-cortes-por-bolsonaro\",\"url\":\"https:\\\/\\\/redenoticiaz.com.br\\\/litoralsp\\\/2022\\\/01\\\/24\\\/orcamento-2022-e-sancionado-com-cortes-por-bolsonaro\",\"name\":\"Or\u00e7amento 2022 \u00e9 sancionado com cortes por Bolsonaro - Litoral SP\",\"isPartOf\":{\"@id\":\"https:\\\/\\\/redenoticiaz.com.br\\\/litoralsp\\\/#website\"},\"primaryImageOfPage\":{\"@id\":\"https:\\\/\\\/redenoticiaz.com.br\\\/litoralsp\\\/2022\\\/01\\\/24\\\/orcamento-2022-e-sancionado-com-cortes-por-bolsonaro#primaryimage\"},\"image\":{\"@id\":\"https:\\\/\\\/redenoticiaz.com.br\\\/litoralsp\\\/2022\\\/01\\\/24\\\/orcamento-2022-e-sancionado-com-cortes-por-bolsonaro#primaryimage\"},\"thumbnailUrl\":\"https:\\\/\\\/redenoticiaz.com.br\\\/litoralsp\\\/wp-content\\\/uploads\\\/sites\\\/3\\\/2022\\\/01\\\/palacio_planalto_ebc.jpg\",\"datePublished\":\"2022-01-24T15:02:21+00:00\",\"dateModified\":\"2022-01-24T15:05:20+00:00\",\"description\":\"Com vetos e cortes em alguns setores, o presidente Jair Bolsonaro (PL) sancionou o Or\u00e7amento de 2022. A san\u00e7\u00e3o foi publicada\",\"inLanguage\":\"pt-BR\",\"potentialAction\":[{\"@type\":\"ReadAction\",\"target\":[\"https:\\\/\\\/redenoticiaz.com.br\\\/litoralsp\\\/2022\\\/01\\\/24\\\/orcamento-2022-e-sancionado-com-cortes-por-bolsonaro\"]}]},{\"@type\":\"ImageObject\",\"inLanguage\":\"pt-BR\",\"@id\":\"https:\\\/\\\/redenoticiaz.com.br\\\/litoralsp\\\/2022\\\/01\\\/24\\\/orcamento-2022-e-sancionado-com-cortes-por-bolsonaro#primaryimage\",\"url\":\"https:\\\/\\\/redenoticiaz.com.br\\\/litoralsp\\\/wp-content\\\/uploads\\\/sites\\\/3\\\/2022\\\/01\\\/palacio_planalto_ebc.jpg\",\"contentUrl\":\"https:\\\/\\\/redenoticiaz.com.br\\\/litoralsp\\\/wp-content\\\/uploads\\\/sites\\\/3\\\/2022\\\/01\\\/palacio_planalto_ebc.jpg\",\"width\":1024,\"height\":768,\"caption\":\"Cr\u00e9ditos: Divulga\u00e7\u00e3o\\\/Ag\u00eancia Brasil\"},{\"@type\":\"WebSite\",\"@id\":\"https:\\\/\\\/redenoticiaz.com.br\\\/litoralsp\\\/#website\",\"url\":\"https:\\\/\\\/redenoticiaz.com.br\\\/litoralsp\\\/\",\"name\":\"Litoral SP\",\"description\":\"Rede NoticiaZ\",\"publisher\":{\"@id\":\"https:\\\/\\\/redenoticiaz.com.br\\\/litoralsp\\\/#organization\"},\"potentialAction\":[{\"@type\":\"SearchAction\",\"target\":{\"@type\":\"EntryPoint\",\"urlTemplate\":\"https:\\\/\\\/redenoticiaz.com.br\\\/litoralsp\\\/?s={search_term_string}\"},\"query-input\":{\"@type\":\"PropertyValueSpecification\",\"valueRequired\":true,\"valueName\":\"search_term_string\"}}],\"inLanguage\":\"pt-BR\"},{\"@type\":\"Organization\",\"@id\":\"https:\\\/\\\/redenoticiaz.com.br\\\/litoralsp\\\/#organization\",\"name\":\"Litoral SP\",\"url\":\"https:\\\/\\\/redenoticiaz.com.br\\\/litoralsp\\\/\",\"logo\":{\"@type\":\"ImageObject\",\"inLanguage\":\"pt-BR\",\"@id\":\"https:\\\/\\\/redenoticiaz.com.br\\\/litoralsp\\\/#\\\/schema\\\/logo\\\/image\\\/\",\"url\":\"https:\\\/\\\/redenoticiaz.com.br\\\/litoralsp\\\/wp-content\\\/uploads\\\/sites\\\/3\\\/2020\\\/11\\\/logo.jpg\",\"contentUrl\":\"https:\\\/\\\/redenoticiaz.com.br\\\/litoralsp\\\/wp-content\\\/uploads\\\/sites\\\/3\\\/2020\\\/11\\\/logo.jpg\",\"width\":400,\"height\":250,\"caption\":\"Litoral SP\"},\"image\":{\"@id\":\"https:\\\/\\\/redenoticiaz.com.br\\\/litoralsp\\\/#\\\/schema\\\/logo\\\/image\\\/\"}},{\"@type\":\"Person\",\"@id\":\"https:\\\/\\\/redenoticiaz.com.br\\\/litoralsp\\\/#\\\/schema\\\/person\\\/0f0b8a5bdafefe82841e07ae8d81ecb3\",\"name\":\"Leonardo Francisco\",\"image\":{\"@type\":\"ImageObject\",\"inLanguage\":\"pt-BR\",\"@id\":\"https:\\\/\\\/secure.gravatar.com\\\/avatar\\\/a7358cb406a99b682ec6df1e77e31ae82e63601f6784e8a3df411d72b37864da?s=96&d=mm&r=g\",\"url\":\"https:\\\/\\\/secure.gravatar.com\\\/avatar\\\/a7358cb406a99b682ec6df1e77e31ae82e63601f6784e8a3df411d72b37864da?s=96&d=mm&r=g\",\"contentUrl\":\"https:\\\/\\\/secure.gravatar.com\\\/avatar\\\/a7358cb406a99b682ec6df1e77e31ae82e63601f6784e8a3df411d72b37864da?s=96&d=mm&r=g\",\"caption\":\"Leonardo Francisco\"},\"url\":\"https:\\\/\\\/redenoticiaz.com.br\\\/litoralsp\\\/author\\\/leonardo-francisco\"}]}<\/script>\n<!-- \/ Yoast SEO plugin. -->","yoast_head_json":{"title":"Or\u00e7amento 2022 \u00e9 sancionado com cortes por Bolsonaro - Litoral SP","description":"Com vetos e cortes em alguns setores, o presidente Jair Bolsonaro (PL) sancionou o Or\u00e7amento de 2022. A san\u00e7\u00e3o foi publicada","robots":{"index":"index","follow":"follow","max-snippet":"max-snippet:-1","max-image-preview":"max-image-preview:large","max-video-preview":"max-video-preview:-1"},"canonical":"https:\/\/redenoticiaz.com.br\/litoralsp\/2022\/01\/24\/orcamento-2022-e-sancionado-com-cortes-por-bolsonaro","og_locale":"pt_BR","og_type":"article","og_title":"Or\u00e7amento 2022 \u00e9 sancionado com cortes por Bolsonaro - Litoral SP","og_description":"Com vetos e cortes em alguns setores, o presidente Jair Bolsonaro (PL) sancionou o Or\u00e7amento de 2022. A san\u00e7\u00e3o foi publicada","og_url":"https:\/\/redenoticiaz.com.br\/litoralsp\/2022\/01\/24\/orcamento-2022-e-sancionado-com-cortes-por-bolsonaro","og_site_name":"Litoral SP","article_published_time":"2022-01-24T15:02:21+00:00","article_modified_time":"2022-01-24T15:05:20+00:00","og_image":[{"width":1024,"height":768,"url":"https:\/\/redenoticiaz.com.br\/litoralsp\/wp-content\/uploads\/sites\/3\/2022\/01\/palacio_planalto_ebc.jpg","type":"image\/jpeg"}],"author":"Leonardo Francisco","twitter_card":"summary_large_image","twitter_misc":{"Escrito por":"Leonardo Francisco","Est. tempo de leitura":"5 minutos"},"schema":{"@context":"https:\/\/schema.org","@graph":[{"@type":"Article","@id":"https:\/\/redenoticiaz.com.br\/litoralsp\/2022\/01\/24\/orcamento-2022-e-sancionado-com-cortes-por-bolsonaro#article","isPartOf":{"@id":"https:\/\/redenoticiaz.com.br\/litoralsp\/2022\/01\/24\/orcamento-2022-e-sancionado-com-cortes-por-bolsonaro"},"author":{"name":"Leonardo Francisco","@id":"https:\/\/redenoticiaz.com.br\/litoralsp\/#\/schema\/person\/0f0b8a5bdafefe82841e07ae8d81ecb3"},"headline":"Or\u00e7amento 2022 \u00e9 sancionado com cortes por Bolsonaro","datePublished":"2022-01-24T15:02:21+00:00","dateModified":"2022-01-24T15:05:20+00:00","mainEntityOfPage":{"@id":"https:\/\/redenoticiaz.com.br\/litoralsp\/2022\/01\/24\/orcamento-2022-e-sancionado-com-cortes-por-bolsonaro"},"wordCount":949,"commentCount":0,"publisher":{"@id":"https:\/\/redenoticiaz.com.br\/litoralsp\/#organization"},"image":{"@id":"https:\/\/redenoticiaz.com.br\/litoralsp\/2022\/01\/24\/orcamento-2022-e-sancionado-com-cortes-por-bolsonaro#primaryimage"},"thumbnailUrl":"https:\/\/redenoticiaz.com.br\/litoralsp\/wp-content\/uploads\/sites\/3\/2022\/01\/palacio_planalto_ebc.jpg","keywords":["economia","Jair Bolsonaro","OR\u00c7AMENTO 2022","POL\u00cdTICA"],"articleSection":["Economia","Pol\u00edtica"],"inLanguage":"pt-BR","potentialAction":[{"@type":"CommentAction","name":"Comment","target":["https:\/\/redenoticiaz.com.br\/litoralsp\/2022\/01\/24\/orcamento-2022-e-sancionado-com-cortes-por-bolsonaro#respond"]}]},{"@type":"WebPage","@id":"https:\/\/redenoticiaz.com.br\/litoralsp\/2022\/01\/24\/orcamento-2022-e-sancionado-com-cortes-por-bolsonaro","url":"https:\/\/redenoticiaz.com.br\/litoralsp\/2022\/01\/24\/orcamento-2022-e-sancionado-com-cortes-por-bolsonaro","name":"Or\u00e7amento 2022 \u00e9 sancionado com cortes por Bolsonaro - Litoral SP","isPartOf":{"@id":"https:\/\/redenoticiaz.com.br\/litoralsp\/#website"},"primaryImageOfPage":{"@id":"https:\/\/redenoticiaz.com.br\/litoralsp\/2022\/01\/24\/orcamento-2022-e-sancionado-com-cortes-por-bolsonaro#primaryimage"},"image":{"@id":"https:\/\/redenoticiaz.com.br\/litoralsp\/2022\/01\/24\/orcamento-2022-e-sancionado-com-cortes-por-bolsonaro#primaryimage"},"thumbnailUrl":"https:\/\/redenoticiaz.com.br\/litoralsp\/wp-content\/uploads\/sites\/3\/2022\/01\/palacio_planalto_ebc.jpg","datePublished":"2022-01-24T15:02:21+00:00","dateModified":"2022-01-24T15:05:20+00:00","description":"Com vetos e cortes em alguns setores, o presidente Jair Bolsonaro (PL) sancionou o Or\u00e7amento de 2022. A san\u00e7\u00e3o foi publicada","inLanguage":"pt-BR","potentialAction":[{"@type":"ReadAction","target":["https:\/\/redenoticiaz.com.br\/litoralsp\/2022\/01\/24\/orcamento-2022-e-sancionado-com-cortes-por-bolsonaro"]}]},{"@type":"ImageObject","inLanguage":"pt-BR","@id":"https:\/\/redenoticiaz.com.br\/litoralsp\/2022\/01\/24\/orcamento-2022-e-sancionado-com-cortes-por-bolsonaro#primaryimage","url":"https:\/\/redenoticiaz.com.br\/litoralsp\/wp-content\/uploads\/sites\/3\/2022\/01\/palacio_planalto_ebc.jpg","contentUrl":"https:\/\/redenoticiaz.com.br\/litoralsp\/wp-content\/uploads\/sites\/3\/2022\/01\/palacio_planalto_ebc.jpg","width":1024,"height":768,"caption":"Cr\u00e9ditos: Divulga\u00e7\u00e3o\/Ag\u00eancia Brasil"},{"@type":"WebSite","@id":"https:\/\/redenoticiaz.com.br\/litoralsp\/#website","url":"https:\/\/redenoticiaz.com.br\/litoralsp\/","name":"Litoral SP","description":"Rede NoticiaZ","publisher":{"@id":"https:\/\/redenoticiaz.com.br\/litoralsp\/#organization"},"potentialAction":[{"@type":"SearchAction","target":{"@type":"EntryPoint","urlTemplate":"https:\/\/redenoticiaz.com.br\/litoralsp\/?s={search_term_string}"},"query-input":{"@type":"PropertyValueSpecification","valueRequired":true,"valueName":"search_term_string"}}],"inLanguage":"pt-BR"},{"@type":"Organization","@id":"https:\/\/redenoticiaz.com.br\/litoralsp\/#organization","name":"Litoral SP","url":"https:\/\/redenoticiaz.com.br\/litoralsp\/","logo":{"@type":"ImageObject","inLanguage":"pt-BR","@id":"https:\/\/redenoticiaz.com.br\/litoralsp\/#\/schema\/logo\/image\/","url":"https:\/\/redenoticiaz.com.br\/litoralsp\/wp-content\/uploads\/sites\/3\/2020\/11\/logo.jpg","contentUrl":"https:\/\/redenoticiaz.com.br\/litoralsp\/wp-content\/uploads\/sites\/3\/2020\/11\/logo.jpg","width":400,"height":250,"caption":"Litoral SP"},"image":{"@id":"https:\/\/redenoticiaz.com.br\/litoralsp\/#\/schema\/logo\/image\/"}},{"@type":"Person","@id":"https:\/\/redenoticiaz.com.br\/litoralsp\/#\/schema\/person\/0f0b8a5bdafefe82841e07ae8d81ecb3","name":"Leonardo Francisco","image":{"@type":"ImageObject","inLanguage":"pt-BR","@id":"https:\/\/secure.gravatar.com\/avatar\/a7358cb406a99b682ec6df1e77e31ae82e63601f6784e8a3df411d72b37864da?s=96&d=mm&r=g","url":"https:\/\/secure.gravatar.com\/avatar\/a7358cb406a99b682ec6df1e77e31ae82e63601f6784e8a3df411d72b37864da?s=96&d=mm&r=g","contentUrl":"https:\/\/secure.gravatar.com\/avatar\/a7358cb406a99b682ec6df1e77e31ae82e63601f6784e8a3df411d72b37864da?s=96&d=mm&r=g","caption":"Leonardo Francisco"},"url":"https:\/\/redenoticiaz.com.br\/litoralsp\/author\/leonardo-francisco"}]}},"_links":{"self":[{"href":"https:\/\/redenoticiaz.com.br\/litoralsp\/wp-json\/wp\/v2\/posts\/22089","targetHints":{"allow":["GET"]}}],"collection":[{"href":"https:\/\/redenoticiaz.com.br\/litoralsp\/wp-json\/wp\/v2\/posts"}],"about":[{"href":"https:\/\/redenoticiaz.com.br\/litoralsp\/wp-json\/wp\/v2\/types\/post"}],"author":[{"embeddable":true,"href":"https:\/\/redenoticiaz.com.br\/litoralsp\/wp-json\/wp\/v2\/users\/6"}],"replies":[{"embeddable":true,"href":"https:\/\/redenoticiaz.com.br\/litoralsp\/wp-json\/wp\/v2\/comments?post=22089"}],"version-history":[{"count":1,"href":"https:\/\/redenoticiaz.com.br\/litoralsp\/wp-json\/wp\/v2\/posts\/22089\/revisions"}],"predecessor-version":[{"id":22091,"href":"https:\/\/redenoticiaz.com.br\/litoralsp\/wp-json\/wp\/v2\/posts\/22089\/revisions\/22091"}],"wp:featuredmedia":[{"embeddable":true,"href":"https:\/\/redenoticiaz.com.br\/litoralsp\/wp-json\/wp\/v2\/media\/22090"}],"wp:attachment":[{"href":"https:\/\/redenoticiaz.com.br\/litoralsp\/wp-json\/wp\/v2\/media?parent=22089"}],"wp:term":[{"taxonomy":"category","embeddable":true,"href":"https:\/\/redenoticiaz.com.br\/litoralsp\/wp-json\/wp\/v2\/categories?post=22089"},{"taxonomy":"post_tag","embeddable":true,"href":"https:\/\/redenoticiaz.com.br\/litoralsp\/wp-json\/wp\/v2\/tags?post=22089"}],"curies":[{"name":"wp","href":"https:\/\/api.w.org\/{rel}","templated":true}]}}