{"id":22214,"date":"2022-01-26T11:17:41","date_gmt":"2022-01-26T14:17:41","guid":{"rendered":"https:\/\/redenoticiaz.com.br\/litoralsp\/2022\/01\/26\/luciano-e-o-primeiro-a-deixar-a-casa-do-bbb-22"},"modified":"2022-01-26T11:24:11","modified_gmt":"2022-01-26T14:24:11","slug":"luciano-e-o-primeiro-a-deixar-a-casa-do-bbb-22","status":"publish","type":"post","link":"https:\/\/redenoticiaz.com.br\/litoralsp\/2022\/01\/26\/luciano-e-o-primeiro-a-deixar-a-casa-do-bbb-22","title":{"rendered":"Luciano \u00e9 o primeiro a deixar a casa do BBB 22"},"content":{"rendered":"<p>O <a href=\"https:\/\/gshow.globo.com\/realities\/bbb\/\">Big Brother Brasil<\/a> teve o seu primeiro eliminado nessa ter\u00e7a-feira (25). O ator e bailarino <strong>Luciano<\/strong> deixou a casa do BBB 22 ap\u00f3s receber 49,31% dos votos dos telespectadores. Nat\u00e1lia e Naiara Azevedo, que disputavam a perman\u00eancia da casa seguem no reality show.<\/p>\n<p>Pela primeira vez, o apresentador Tadeu Schmidt fez o discurso sobre o pared\u00e3o.<\/p>\n<div class=\"mc-column content-text active-extra-styles \" data-block-type=\"unstyled\" data-block-weight=\"139\" data-block-id=\"5\">\n<p class=\"content-text__container \" data-track-category=\"Link no Texto\" data-track-links=\"\">&#8220;J\u00e1 pensou entrar no\u00a0BBB, algum t\u00e3o dif\u00edcil e concorrido, e perceber que n\u00e3o adiantou de nada. Passar uns dias a\u00ed dentro e ver que nada mudou aqui fora. E voc\u00ea desperdi\u00e7ou a chance porque n\u00e3o sabia direito o que queria. Isso pode valer para qualquer um, mas para quem est\u00e1 no Pared\u00e3o, essa pergunta \u00e9 muito especial. O que voc\u00ea quer? Quer se descobrir, quer melhorar, quer se expor, quer falar, quer dinheiro, quer fama? Quer ir embora ou quer ficar? Ou pior, voc\u00ea j\u00e1 parou pra pensar se voc\u00ea est\u00e1 querendo a coisa certa. Voc\u00ea sai do\u00a0BBB\u00a0hoje sem conseguir o que queria. Ou pelo menos n\u00e3o da forma que voc\u00ea queria. Mas tem a vida toda aqui fora para lutar pelo que realmente vai te fazer feliz. Quem sai do\u00a0BBB\u00a0hoje \u00e9 voc\u00ea,\u00a0Luciano.&#8221;<\/p>\n<\/div>\n<div class=\"mc-column content-text active-extra-styles \" data-block-type=\"unstyled\" data-block-weight=\"26\" data-block-id=\"6\">\n<p class=\"content-text__container \" data-track-category=\"Link no Texto\" data-track-links=\"\">O confinado foi eliminado com 49,31% dos votos. Nat\u00e1lia ficou com 34,89% e Naiara Azevedo com 15,8%. Foram mais de 30 milh\u00f5es e 500 mil votos.<\/p>\n<h3 data-track-category=\"Link no Texto\">Agradecimento<\/h3>\n<p>Ap\u00f3s a not\u00edcia, Luciano se levanta e recebe o abra\u00e7o dos outros confinados. Nat\u00e1lia\u00a0se emociona com o brother, que diz: &#8220;\u00c9 tudo teu!&#8221;. Antes ele manda um recado para a m\u00e3e: &#8220;M\u00e3e, est\u00e1 tudo bem!&#8221;.<\/p>\n<div class=\"mc-column content-text active-extra-styles \" data-block-type=\"unstyled\" data-block-weight=\"21\" data-block-id=\"11\">\n<p class=\"content-text__container \" data-track-category=\"Link no Texto\" data-track-links=\"\">Naiara Azevedo\u00a0tamb\u00e9m recebe o carinho dos amigos. Ela abra\u00e7a\u00a0Arthur Aguiar e diz para o brother: &#8220;Obrigada por tudo&#8221;. Luciano \u00e9 aplaudido pelos brothers ao sair da casa e recebe uma mensagem carinhosa de Naiara: &#8220;O que voc\u00ea precisar de mim&#8230; Vou te dar meu telefone&#8230;&#8221;, diz a sister.<\/p>\n<p data-track-category=\"Link no Texto\" data-track-links=\"\"><strong>LEIA TAMB\u00c9M<\/strong><\/p>\n<p data-track-category=\"Link no Texto\" data-track-links=\"\"><a href=\"https:\/\/redenoticiaz.com.br\/blog\/2022\/01\/25\/justica-condena-naiara-azevedo-por-divida-trabalhista\">Justi\u00e7a condena Naiara Azevedo por d\u00edvida trabalhista<\/a><\/p>\n<\/div>\n<\/div>\n","protected":false},"excerpt":{"rendered":"<p>O Big Brother Brasil teve o seu primeiro eliminado nessa ter\u00e7a-feira (25). O ator e bailarino Luciano deixou a casa do BBB 22 ap\u00f3s receber 49,31% dos votos dos telespectadores. Nat\u00e1lia e Naiara Azevedo, que disputavam a perman\u00eancia da casa seguem no reality show. Pela primeira vez, o apresentador Tadeu Schmidt fez o discurso sobre &hellip;<\/p>\n","protected":false},"author":6,"featured_media":22215,"comment_status":"open","ping_status":"closed","sticky":false,"template":"","format":"standard","meta":{"footnotes":""},"categories":[170],"tags":[37589,12676,12650,20032,48522],"class_list":["post-22214","post","type-post","status-publish","format-standard","has-post-thumbnail","hentry","category-entretenimento","tag-bbb-22","tag-big-brother-brasil","tag-luciano","tag-paredao","tag-primeiro-eliminado"],"yoast_head":"<!-- This site is optimized with the Yoast SEO plugin v27.5 - https:\/\/yoast.com\/product\/yoast-seo-wordpress\/ -->\n<title>Luciano \u00e9 o primeiro a deixar a casa do BBB 22 - Litoral SP<\/title>\n<meta name=\"description\" content=\"O Big Brother Brasil teve o seu primeiro eliminado nessa ter\u00e7a-feira (25). O ator e bailarino Luciano deixou a casa do BBB 22 ap\u00f3s\" \/>\n<meta name=\"robots\" content=\"index, follow, max-snippet:-1, max-image-preview:large, max-video-preview:-1\" \/>\n<link rel=\"canonical\" href=\"https:\/\/redenoticiaz.com.br\/litoralsp\/2022\/01\/26\/luciano-e-o-primeiro-a-deixar-a-casa-do-bbb-22\" \/>\n<meta property=\"og:locale\" content=\"pt_BR\" \/>\n<meta property=\"og:type\" content=\"article\" \/>\n<meta property=\"og:title\" content=\"Luciano \u00e9 o primeiro a deixar a casa do BBB 22 - Litoral SP\" \/>\n<meta property=\"og:description\" content=\"O Big Brother Brasil teve o seu primeiro eliminado nessa ter\u00e7a-feira (25). O ator e bailarino Luciano deixou a casa do BBB 22 ap\u00f3s\" \/>\n<meta property=\"og:url\" content=\"https:\/\/redenoticiaz.com.br\/litoralsp\/2022\/01\/26\/luciano-e-o-primeiro-a-deixar-a-casa-do-bbb-22\" \/>\n<meta property=\"og:site_name\" content=\"Litoral SP\" \/>\n<meta property=\"article:published_time\" content=\"2022-01-26T14:17:41+00:00\" \/>\n<meta property=\"article:modified_time\" content=\"2022-01-26T14:24:11+00:00\" \/>\n<meta property=\"og:image\" content=\"https:\/\/redenoticiaz.com.br\/litoralsp\/wp-content\/uploads\/sites\/3\/2022\/01\/bbb22-250122-233712.jpg\" \/>\n\t<meta property=\"og:image:width\" content=\"984\" \/>\n\t<meta property=\"og:image:height\" content=\"554\" \/>\n\t<meta property=\"og:image:type\" content=\"image\/jpeg\" \/>\n<meta name=\"author\" content=\"Leonardo Francisco\" \/>\n<meta name=\"twitter:card\" content=\"summary_large_image\" \/>\n<meta name=\"twitter:label1\" content=\"Escrito por\" \/>\n\t<meta name=\"twitter:data1\" content=\"Leonardo Francisco\" \/>\n\t<meta name=\"twitter:label2\" content=\"Est. tempo de leitura\" \/>\n\t<meta name=\"twitter:data2\" content=\"2 minutos\" \/>\n<script type=\"application\/ld+json\" class=\"yoast-schema-graph\">{\"@context\":\"https:\\\/\\\/schema.org\",\"@graph\":[{\"@type\":\"Article\",\"@id\":\"https:\\\/\\\/redenoticiaz.com.br\\\/litoralsp\\\/2022\\\/01\\\/26\\\/luciano-e-o-primeiro-a-deixar-a-casa-do-bbb-22#article\",\"isPartOf\":{\"@id\":\"https:\\\/\\\/redenoticiaz.com.br\\\/litoralsp\\\/2022\\\/01\\\/26\\\/luciano-e-o-primeiro-a-deixar-a-casa-do-bbb-22\"},\"author\":{\"name\":\"Leonardo Francisco\",\"@id\":\"https:\\\/\\\/redenoticiaz.com.br\\\/litoralsp\\\/#\\\/schema\\\/person\\\/0f0b8a5bdafefe82841e07ae8d81ecb3\"},\"headline\":\"Luciano \u00e9 o primeiro a deixar a casa do BBB 22\",\"datePublished\":\"2022-01-26T14:17:41+00:00\",\"dateModified\":\"2022-01-26T14:24:11+00:00\",\"mainEntityOfPage\":{\"@id\":\"https:\\\/\\\/redenoticiaz.com.br\\\/litoralsp\\\/2022\\\/01\\\/26\\\/luciano-e-o-primeiro-a-deixar-a-casa-do-bbb-22\"},\"wordCount\":340,\"commentCount\":0,\"publisher\":{\"@id\":\"https:\\\/\\\/redenoticiaz.com.br\\\/litoralsp\\\/#organization\"},\"image\":{\"@id\":\"https:\\\/\\\/redenoticiaz.com.br\\\/litoralsp\\\/2022\\\/01\\\/26\\\/luciano-e-o-primeiro-a-deixar-a-casa-do-bbb-22#primaryimage\"},\"thumbnailUrl\":\"https:\\\/\\\/redenoticiaz.com.br\\\/litoralsp\\\/wp-content\\\/uploads\\\/sites\\\/3\\\/2022\\\/01\\\/bbb22-250122-233712.jpg\",\"keywords\":[\"BBB 22\",\"BIG BROTHER BRASIL\",\"LUCIANO\",\"PARED\u00c3O\",\"PRIMEIRO ELIMINADO\"],\"articleSection\":[\"Entretenimento\"],\"inLanguage\":\"pt-BR\",\"potentialAction\":[{\"@type\":\"CommentAction\",\"name\":\"Comment\",\"target\":[\"https:\\\/\\\/redenoticiaz.com.br\\\/litoralsp\\\/2022\\\/01\\\/26\\\/luciano-e-o-primeiro-a-deixar-a-casa-do-bbb-22#respond\"]}]},{\"@type\":\"WebPage\",\"@id\":\"https:\\\/\\\/redenoticiaz.com.br\\\/litoralsp\\\/2022\\\/01\\\/26\\\/luciano-e-o-primeiro-a-deixar-a-casa-do-bbb-22\",\"url\":\"https:\\\/\\\/redenoticiaz.com.br\\\/litoralsp\\\/2022\\\/01\\\/26\\\/luciano-e-o-primeiro-a-deixar-a-casa-do-bbb-22\",\"name\":\"Luciano \u00e9 o primeiro a deixar a casa do BBB 22 - Litoral SP\",\"isPartOf\":{\"@id\":\"https:\\\/\\\/redenoticiaz.com.br\\\/litoralsp\\\/#website\"},\"primaryImageOfPage\":{\"@id\":\"https:\\\/\\\/redenoticiaz.com.br\\\/litoralsp\\\/2022\\\/01\\\/26\\\/luciano-e-o-primeiro-a-deixar-a-casa-do-bbb-22#primaryimage\"},\"image\":{\"@id\":\"https:\\\/\\\/redenoticiaz.com.br\\\/litoralsp\\\/2022\\\/01\\\/26\\\/luciano-e-o-primeiro-a-deixar-a-casa-do-bbb-22#primaryimage\"},\"thumbnailUrl\":\"https:\\\/\\\/redenoticiaz.com.br\\\/litoralsp\\\/wp-content\\\/uploads\\\/sites\\\/3\\\/2022\\\/01\\\/bbb22-250122-233712.jpg\",\"datePublished\":\"2022-01-26T14:17:41+00:00\",\"dateModified\":\"2022-01-26T14:24:11+00:00\",\"description\":\"O Big Brother Brasil teve o seu primeiro eliminado nessa ter\u00e7a-feira (25). O ator e bailarino Luciano deixou a casa do BBB 22 ap\u00f3s\",\"inLanguage\":\"pt-BR\",\"potentialAction\":[{\"@type\":\"ReadAction\",\"target\":[\"https:\\\/\\\/redenoticiaz.com.br\\\/litoralsp\\\/2022\\\/01\\\/26\\\/luciano-e-o-primeiro-a-deixar-a-casa-do-bbb-22\"]}]},{\"@type\":\"ImageObject\",\"inLanguage\":\"pt-BR\",\"@id\":\"https:\\\/\\\/redenoticiaz.com.br\\\/litoralsp\\\/2022\\\/01\\\/26\\\/luciano-e-o-primeiro-a-deixar-a-casa-do-bbb-22#primaryimage\",\"url\":\"https:\\\/\\\/redenoticiaz.com.br\\\/litoralsp\\\/wp-content\\\/uploads\\\/sites\\\/3\\\/2022\\\/01\\\/bbb22-250122-233712.jpg\",\"contentUrl\":\"https:\\\/\\\/redenoticiaz.com.br\\\/litoralsp\\\/wp-content\\\/uploads\\\/sites\\\/3\\\/2022\\\/01\\\/bbb22-250122-233712.jpg\",\"width\":984,\"height\":554,\"caption\":\"Ele teve quase 50% dos votos. Cr\u00e9ditos: Reprodu\u00e7\u00e3o\\\/TV Globo\"},{\"@type\":\"WebSite\",\"@id\":\"https:\\\/\\\/redenoticiaz.com.br\\\/litoralsp\\\/#website\",\"url\":\"https:\\\/\\\/redenoticiaz.com.br\\\/litoralsp\\\/\",\"name\":\"Litoral SP\",\"description\":\"Rede NoticiaZ\",\"publisher\":{\"@id\":\"https:\\\/\\\/redenoticiaz.com.br\\\/litoralsp\\\/#organization\"},\"potentialAction\":[{\"@type\":\"SearchAction\",\"target\":{\"@type\":\"EntryPoint\",\"urlTemplate\":\"https:\\\/\\\/redenoticiaz.com.br\\\/litoralsp\\\/?s={search_term_string}\"},\"query-input\":{\"@type\":\"PropertyValueSpecification\",\"valueRequired\":true,\"valueName\":\"search_term_string\"}}],\"inLanguage\":\"pt-BR\"},{\"@type\":\"Organization\",\"@id\":\"https:\\\/\\\/redenoticiaz.com.br\\\/litoralsp\\\/#organization\",\"name\":\"Litoral SP\",\"url\":\"https:\\\/\\\/redenoticiaz.com.br\\\/litoralsp\\\/\",\"logo\":{\"@type\":\"ImageObject\",\"inLanguage\":\"pt-BR\",\"@id\":\"https:\\\/\\\/redenoticiaz.com.br\\\/litoralsp\\\/#\\\/schema\\\/logo\\\/image\\\/\",\"url\":\"https:\\\/\\\/redenoticiaz.com.br\\\/litoralsp\\\/wp-content\\\/uploads\\\/sites\\\/3\\\/2020\\\/11\\\/logo.jpg\",\"contentUrl\":\"https:\\\/\\\/redenoticiaz.com.br\\\/litoralsp\\\/wp-content\\\/uploads\\\/sites\\\/3\\\/2020\\\/11\\\/logo.jpg\",\"width\":400,\"height\":250,\"caption\":\"Litoral SP\"},\"image\":{\"@id\":\"https:\\\/\\\/redenoticiaz.com.br\\\/litoralsp\\\/#\\\/schema\\\/logo\\\/image\\\/\"}},{\"@type\":\"Person\",\"@id\":\"https:\\\/\\\/redenoticiaz.com.br\\\/litoralsp\\\/#\\\/schema\\\/person\\\/0f0b8a5bdafefe82841e07ae8d81ecb3\",\"name\":\"Leonardo Francisco\",\"image\":{\"@type\":\"ImageObject\",\"inLanguage\":\"pt-BR\",\"@id\":\"https:\\\/\\\/secure.gravatar.com\\\/avatar\\\/a7358cb406a99b682ec6df1e77e31ae82e63601f6784e8a3df411d72b37864da?s=96&d=mm&r=g\",\"url\":\"https:\\\/\\\/secure.gravatar.com\\\/avatar\\\/a7358cb406a99b682ec6df1e77e31ae82e63601f6784e8a3df411d72b37864da?s=96&d=mm&r=g\",\"contentUrl\":\"https:\\\/\\\/secure.gravatar.com\\\/avatar\\\/a7358cb406a99b682ec6df1e77e31ae82e63601f6784e8a3df411d72b37864da?s=96&d=mm&r=g\",\"caption\":\"Leonardo Francisco\"},\"url\":\"https:\\\/\\\/redenoticiaz.com.br\\\/litoralsp\\\/author\\\/leonardo-francisco\"}]}<\/script>\n<!-- \/ Yoast SEO plugin. -->","yoast_head_json":{"title":"Luciano \u00e9 o primeiro a deixar a casa do BBB 22 - Litoral SP","description":"O Big Brother Brasil teve o seu primeiro eliminado nessa ter\u00e7a-feira (25). O ator e bailarino Luciano deixou a casa do BBB 22 ap\u00f3s","robots":{"index":"index","follow":"follow","max-snippet":"max-snippet:-1","max-image-preview":"max-image-preview:large","max-video-preview":"max-video-preview:-1"},"canonical":"https:\/\/redenoticiaz.com.br\/litoralsp\/2022\/01\/26\/luciano-e-o-primeiro-a-deixar-a-casa-do-bbb-22","og_locale":"pt_BR","og_type":"article","og_title":"Luciano \u00e9 o primeiro a deixar a casa do BBB 22 - Litoral SP","og_description":"O Big Brother Brasil teve o seu primeiro eliminado nessa ter\u00e7a-feira (25). O ator e bailarino Luciano deixou a casa do BBB 22 ap\u00f3s","og_url":"https:\/\/redenoticiaz.com.br\/litoralsp\/2022\/01\/26\/luciano-e-o-primeiro-a-deixar-a-casa-do-bbb-22","og_site_name":"Litoral SP","article_published_time":"2022-01-26T14:17:41+00:00","article_modified_time":"2022-01-26T14:24:11+00:00","og_image":[{"width":984,"height":554,"url":"https:\/\/redenoticiaz.com.br\/litoralsp\/wp-content\/uploads\/sites\/3\/2022\/01\/bbb22-250122-233712.jpg","type":"image\/jpeg"}],"author":"Leonardo Francisco","twitter_card":"summary_large_image","twitter_misc":{"Escrito por":"Leonardo Francisco","Est. tempo de leitura":"2 minutos"},"schema":{"@context":"https:\/\/schema.org","@graph":[{"@type":"Article","@id":"https:\/\/redenoticiaz.com.br\/litoralsp\/2022\/01\/26\/luciano-e-o-primeiro-a-deixar-a-casa-do-bbb-22#article","isPartOf":{"@id":"https:\/\/redenoticiaz.com.br\/litoralsp\/2022\/01\/26\/luciano-e-o-primeiro-a-deixar-a-casa-do-bbb-22"},"author":{"name":"Leonardo Francisco","@id":"https:\/\/redenoticiaz.com.br\/litoralsp\/#\/schema\/person\/0f0b8a5bdafefe82841e07ae8d81ecb3"},"headline":"Luciano \u00e9 o primeiro a deixar a casa do BBB 22","datePublished":"2022-01-26T14:17:41+00:00","dateModified":"2022-01-26T14:24:11+00:00","mainEntityOfPage":{"@id":"https:\/\/redenoticiaz.com.br\/litoralsp\/2022\/01\/26\/luciano-e-o-primeiro-a-deixar-a-casa-do-bbb-22"},"wordCount":340,"commentCount":0,"publisher":{"@id":"https:\/\/redenoticiaz.com.br\/litoralsp\/#organization"},"image":{"@id":"https:\/\/redenoticiaz.com.br\/litoralsp\/2022\/01\/26\/luciano-e-o-primeiro-a-deixar-a-casa-do-bbb-22#primaryimage"},"thumbnailUrl":"https:\/\/redenoticiaz.com.br\/litoralsp\/wp-content\/uploads\/sites\/3\/2022\/01\/bbb22-250122-233712.jpg","keywords":["BBB 22","BIG BROTHER BRASIL","LUCIANO","PARED\u00c3O","PRIMEIRO ELIMINADO"],"articleSection":["Entretenimento"],"inLanguage":"pt-BR","potentialAction":[{"@type":"CommentAction","name":"Comment","target":["https:\/\/redenoticiaz.com.br\/litoralsp\/2022\/01\/26\/luciano-e-o-primeiro-a-deixar-a-casa-do-bbb-22#respond"]}]},{"@type":"WebPage","@id":"https:\/\/redenoticiaz.com.br\/litoralsp\/2022\/01\/26\/luciano-e-o-primeiro-a-deixar-a-casa-do-bbb-22","url":"https:\/\/redenoticiaz.com.br\/litoralsp\/2022\/01\/26\/luciano-e-o-primeiro-a-deixar-a-casa-do-bbb-22","name":"Luciano \u00e9 o primeiro a deixar a casa do BBB 22 - Litoral SP","isPartOf":{"@id":"https:\/\/redenoticiaz.com.br\/litoralsp\/#website"},"primaryImageOfPage":{"@id":"https:\/\/redenoticiaz.com.br\/litoralsp\/2022\/01\/26\/luciano-e-o-primeiro-a-deixar-a-casa-do-bbb-22#primaryimage"},"image":{"@id":"https:\/\/redenoticiaz.com.br\/litoralsp\/2022\/01\/26\/luciano-e-o-primeiro-a-deixar-a-casa-do-bbb-22#primaryimage"},"thumbnailUrl":"https:\/\/redenoticiaz.com.br\/litoralsp\/wp-content\/uploads\/sites\/3\/2022\/01\/bbb22-250122-233712.jpg","datePublished":"2022-01-26T14:17:41+00:00","dateModified":"2022-01-26T14:24:11+00:00","description":"O Big Brother Brasil teve o seu primeiro eliminado nessa ter\u00e7a-feira (25). O ator e bailarino Luciano deixou a casa do BBB 22 ap\u00f3s","inLanguage":"pt-BR","potentialAction":[{"@type":"ReadAction","target":["https:\/\/redenoticiaz.com.br\/litoralsp\/2022\/01\/26\/luciano-e-o-primeiro-a-deixar-a-casa-do-bbb-22"]}]},{"@type":"ImageObject","inLanguage":"pt-BR","@id":"https:\/\/redenoticiaz.com.br\/litoralsp\/2022\/01\/26\/luciano-e-o-primeiro-a-deixar-a-casa-do-bbb-22#primaryimage","url":"https:\/\/redenoticiaz.com.br\/litoralsp\/wp-content\/uploads\/sites\/3\/2022\/01\/bbb22-250122-233712.jpg","contentUrl":"https:\/\/redenoticiaz.com.br\/litoralsp\/wp-content\/uploads\/sites\/3\/2022\/01\/bbb22-250122-233712.jpg","width":984,"height":554,"caption":"Ele teve quase 50% dos votos. Cr\u00e9ditos: Reprodu\u00e7\u00e3o\/TV Globo"},{"@type":"WebSite","@id":"https:\/\/redenoticiaz.com.br\/litoralsp\/#website","url":"https:\/\/redenoticiaz.com.br\/litoralsp\/","name":"Litoral SP","description":"Rede NoticiaZ","publisher":{"@id":"https:\/\/redenoticiaz.com.br\/litoralsp\/#organization"},"potentialAction":[{"@type":"SearchAction","target":{"@type":"EntryPoint","urlTemplate":"https:\/\/redenoticiaz.com.br\/litoralsp\/?s={search_term_string}"},"query-input":{"@type":"PropertyValueSpecification","valueRequired":true,"valueName":"search_term_string"}}],"inLanguage":"pt-BR"},{"@type":"Organization","@id":"https:\/\/redenoticiaz.com.br\/litoralsp\/#organization","name":"Litoral SP","url":"https:\/\/redenoticiaz.com.br\/litoralsp\/","logo":{"@type":"ImageObject","inLanguage":"pt-BR","@id":"https:\/\/redenoticiaz.com.br\/litoralsp\/#\/schema\/logo\/image\/","url":"https:\/\/redenoticiaz.com.br\/litoralsp\/wp-content\/uploads\/sites\/3\/2020\/11\/logo.jpg","contentUrl":"https:\/\/redenoticiaz.com.br\/litoralsp\/wp-content\/uploads\/sites\/3\/2020\/11\/logo.jpg","width":400,"height":250,"caption":"Litoral SP"},"image":{"@id":"https:\/\/redenoticiaz.com.br\/litoralsp\/#\/schema\/logo\/image\/"}},{"@type":"Person","@id":"https:\/\/redenoticiaz.com.br\/litoralsp\/#\/schema\/person\/0f0b8a5bdafefe82841e07ae8d81ecb3","name":"Leonardo Francisco","image":{"@type":"ImageObject","inLanguage":"pt-BR","@id":"https:\/\/secure.gravatar.com\/avatar\/a7358cb406a99b682ec6df1e77e31ae82e63601f6784e8a3df411d72b37864da?s=96&d=mm&r=g","url":"https:\/\/secure.gravatar.com\/avatar\/a7358cb406a99b682ec6df1e77e31ae82e63601f6784e8a3df411d72b37864da?s=96&d=mm&r=g","contentUrl":"https:\/\/secure.gravatar.com\/avatar\/a7358cb406a99b682ec6df1e77e31ae82e63601f6784e8a3df411d72b37864da?s=96&d=mm&r=g","caption":"Leonardo Francisco"},"url":"https:\/\/redenoticiaz.com.br\/litoralsp\/author\/leonardo-francisco"}]}},"_links":{"self":[{"href":"https:\/\/redenoticiaz.com.br\/litoralsp\/wp-json\/wp\/v2\/posts\/22214","targetHints":{"allow":["GET"]}}],"collection":[{"href":"https:\/\/redenoticiaz.com.br\/litoralsp\/wp-json\/wp\/v2\/posts"}],"about":[{"href":"https:\/\/redenoticiaz.com.br\/litoralsp\/wp-json\/wp\/v2\/types\/post"}],"author":[{"embeddable":true,"href":"https:\/\/redenoticiaz.com.br\/litoralsp\/wp-json\/wp\/v2\/users\/6"}],"replies":[{"embeddable":true,"href":"https:\/\/redenoticiaz.com.br\/litoralsp\/wp-json\/wp\/v2\/comments?post=22214"}],"version-history":[{"count":1,"href":"https:\/\/redenoticiaz.com.br\/litoralsp\/wp-json\/wp\/v2\/posts\/22214\/revisions"}],"predecessor-version":[{"id":22216,"href":"https:\/\/redenoticiaz.com.br\/litoralsp\/wp-json\/wp\/v2\/posts\/22214\/revisions\/22216"}],"wp:featuredmedia":[{"embeddable":true,"href":"https:\/\/redenoticiaz.com.br\/litoralsp\/wp-json\/wp\/v2\/media\/22215"}],"wp:attachment":[{"href":"https:\/\/redenoticiaz.com.br\/litoralsp\/wp-json\/wp\/v2\/media?parent=22214"}],"wp:term":[{"taxonomy":"category","embeddable":true,"href":"https:\/\/redenoticiaz.com.br\/litoralsp\/wp-json\/wp\/v2\/categories?post=22214"},{"taxonomy":"post_tag","embeddable":true,"href":"https:\/\/redenoticiaz.com.br\/litoralsp\/wp-json\/wp\/v2\/tags?post=22214"}],"curies":[{"name":"wp","href":"https:\/\/api.w.org\/{rel}","templated":true}]}}