{"id":22252,"date":"2022-01-26T17:09:47","date_gmt":"2022-01-26T20:09:47","guid":{"rendered":"https:\/\/redenoticiaz.com.br\/litoralsp\/?p=22252"},"modified":"2022-01-26T17:10:19","modified_gmt":"2022-01-26T20:10:19","slug":"posto-para-coletar-leite-humano-e-instalado-em-praia-grande","status":"publish","type":"post","link":"https:\/\/redenoticiaz.com.br\/litoralsp\/2022\/01\/26\/posto-para-coletar-leite-humano-e-instalado-em-praia-grande","title":{"rendered":"Posto para coletar leite humano \u00e9 instalado em Praia Grande"},"content":{"rendered":"<p>Quem deseja fazer a doa\u00e7\u00e3o de <strong>leite humano<\/strong> agora conta com uma boa op\u00e7\u00e3o em <a href=\"https:\/\/www.praiagrande.sp.gov.br\/HomePortal-.asp?cd_pagina=71\">Praia Grande<\/a>. A prefeitura implantou um posto de coleta e o leite coletado ser\u00e1 fundamental para salvar vidas de rec\u00e9m-nascidos. O equipamento est\u00e1 localizado no Centro de Especializa\u00e7\u00e3o de Reabilita\u00e7\u00e3o (CER), na Avenida Dr. Roberto de Almeida Vinhas, 8.813, no bairro Mirim. O atendimento ocorre de segunda a sexta-feira, das 8h \u00e0s 17h.<\/p>\n<div class=\"wall protected-content\">\n<div class=\"mc-column content-text active-extra-styles \" data-block-type=\"unstyled\" data-block-weight=\"42\" data-block-id=\"3\">\n<p class=\"content-text__container \" data-track-category=\"Link no Texto\" data-track-links=\"\">De acordo com a administra\u00e7\u00e3o, a sala para coleta de leite humano \u00e9 climatizada, equipada com poltrona, freezer para a conserva\u00e7\u00e3o do leite doado. Ela tamb\u00e9m conta com uma equipe especializada, composta por m\u00e9dico pediatra, enfermeiro e nutricionista. Tudo para atender \u00e0s mulheres que desejam doar seu leite.<\/p>\n<\/div>\n<div class=\"content-ads content-ads--reveal\" data-block-type=\"ads\" data-block-id=\"4\"><\/div>\n<div class=\"mc-column content-text active-extra-styles \" data-block-type=\"unstyled\" data-block-weight=\"43\" data-block-id=\"5\">\n<p class=\"content-text__container \" data-track-category=\"Link no Texto\" data-track-links=\"\">O posto tem parceria com o Banco de Leite Humano de Peru\u00edbe, para onde o leite doado ser\u00e1 enviado. Em seguida ele passar\u00e1 por an\u00e1lises f\u00edsico-qu\u00edmicas e microbiol\u00f3gicas e ser\u00e1 pasteurizado, processo t\u00e9rmico que garante a qualidade do leite e mata microrganismos que poderiam causar doen\u00e7as.<\/p>\n<\/div>\n<div class=\"mc-column content-text active-extra-styles \" data-block-type=\"unstyled\" data-block-weight=\"45\" data-block-id=\"6\">\n<p class=\"content-text__container \" data-track-category=\"Link no Texto\" data-track-links=\"\">O leite materno ajuda a reduzir a mortalidade dos beb\u00eas, e protege contra infec\u00e7\u00f5es e outras enfermidades. Em nota, o secret\u00e1rio municipal interino de Sa\u00fade, Jos\u00e9 Isa\u00edas Costa Lima, disse que o novo servi\u00e7o vai ajudar a reduzir os indicadores de mortalidade infantil no munic\u00edpio.<\/p>\n<\/div>\n<div class=\"mc-column content-text active-extra-styles\" data-block-type=\"raw\" data-block-weight=\"1\" data-block-id=\"7\">\n<div class=\"content-intertitle\">\n<h3>Doa\u00e7\u00e3o<\/h3>\n<\/div>\n<\/div>\n<div class=\"mc-column content-text active-extra-styles \" data-block-type=\"unstyled\" data-block-weight=\"48\" data-block-id=\"8\">\n<p class=\"content-text__container \" data-track-category=\"Link no Texto\" data-track-links=\"\">A maioria das mulheres que amamentam produz mais do que o necess\u00e1rio para alimentar o beb\u00ea, especialmente do terceiro ao quinto dia ap\u00f3s o parto. A enfermeira respons\u00e1vel pelo posto, Nathamy Jannuzzi, disse, em nota, que a coleta \u00e9 simples e pode salvar a vida de outras crian\u00e7as.<\/p>\n<\/div>\n<div class=\"mc-column content-text active-extra-styles \" data-block-type=\"unstyled\" data-block-weight=\"34\" data-block-id=\"9\">\n<p class=\"content-text__container \" data-track-category=\"Link no Texto\" data-track-links=\"\">Segundo ela, cada m\u00e3e recebe um kit composto por pote esterilizado, touca, gaze, avental e m\u00e1scara descart\u00e1vel, para que a coleta possa ser feita tamb\u00e9m em casa, congelada e, posteriormente, recolhida pela equipe.<\/p>\n<\/div>\n<div class=\"mc-column content-text active-extra-styles\" data-block-type=\"raw\" data-block-weight=\"2\" data-block-id=\"10\">\n<div class=\"content-intertitle\">\n<h3>Disk Amamenta\u00e7\u00e3o<\/h3>\n<\/div>\n<\/div>\n<div class=\"mc-column content-text active-extra-styles \" data-block-type=\"unstyled\" data-block-weight=\"51\" data-block-id=\"11\">\n<p class=\"content-text__container \" data-track-category=\"Link no Texto\" data-track-links=\"\">A central telef\u00f4nica Acolhe PG iniciou um atendimento espec\u00edfico para novas e futuras m\u00e3es, o Disk Amamenta\u00e7\u00e3o, um canal direto com profissionais capacitados para fornecer orienta\u00e7\u00f5es e tirar d\u00favidas sobre o tema. O objetivo \u00e9 refor\u00e7ar a import\u00e2ncia do aleitamento materno para manter os beb\u00eas saud\u00e1veis e diminuir a mortalidade infantil.<\/p>\n<\/div>\n<div class=\"content-ads content-ads--reveal\" data-block-type=\"ads\" data-block-id=\"12\"><\/div>\n<div class=\"mc-column content-text active-extra-styles \" data-block-type=\"unstyled\" data-block-weight=\"52\" data-block-id=\"13\">\n<p class=\"content-text__container \" data-track-category=\"Link no Texto\" data-track-links=\"\">O atendimento ocorre pelo telefone 3496-5262, de segunda a sexta-feira, das 9h \u00e0s 16h, por liga\u00e7\u00e3o ou mensagem. Nesse per\u00edodo, pediatras, nutricionistas, fisioterapeutas e demais profissionais de sa\u00fade capacitados em aleitamento materno estar\u00e3o \u00e0 disposi\u00e7\u00e3o para tirar as d\u00favidas das moradoras, e tamb\u00e9m de profissionais da rede que necessitem de apoio t\u00e9cnico.<\/p>\n<p data-track-category=\"Link no Texto\" data-track-links=\"\"><strong>LEIA TAMB\u00c9M<\/strong><\/p>\n<p data-track-category=\"Link no Texto\" data-track-links=\"\"><a href=\"https:\/\/redenoticiaz.com.br\/litoralsp\/2022\/01\/25\/cubatao-e-praia-grande-iniciam-vacinacao-em-criancas-contra-a-covid-19\">Cubat\u00e3o e Praia Grande iniciam vacina\u00e7\u00e3o em crian\u00e7as contra a Covid-19<\/a><\/p>\n<\/div>\n<\/div>\n","protected":false},"excerpt":{"rendered":"<p>Quem deseja fazer a doa\u00e7\u00e3o de leite humano agora conta com uma boa op\u00e7\u00e3o em Praia Grande. A prefeitura implantou um posto de coleta e o leite coletado ser\u00e1 fundamental para salvar vidas de rec\u00e9m-nascidos. O equipamento est\u00e1 localizado no Centro de Especializa\u00e7\u00e3o de Reabilita\u00e7\u00e3o (CER), na Avenida Dr. Roberto de Almeida Vinhas, 8.813, no &hellip;<\/p>\n","protected":false},"author":6,"featured_media":22253,"comment_status":"open","ping_status":"closed","sticky":false,"template":"","format":"standard","meta":{"footnotes":""},"categories":[182,23],"tags":[48588,48586,48587,1101],"class_list":["post-22252","post","type-post","status-publish","format-standard","has-post-thumbnail","hentry","category-praia-grande","category-saude","tag-centro-de-reabilitacao-e-especializacao","tag-leite-humano","tag-posto-de-coleta","tag-praia-grande"],"yoast_head":"<!-- This site is optimized with the Yoast SEO plugin v27.5 - https:\/\/yoast.com\/product\/yoast-seo-wordpress\/ -->\n<title>Posto para coletar leite humano \u00e9 instalado em Praia Grande - Litoral SP<\/title>\n<meta name=\"description\" content=\"Quem deseja fazer a doa\u00e7\u00e3o de leite humano agora conta com uma boa op\u00e7\u00e3o em Praia Grande. A prefeitura implantou um posto de coleta\" \/>\n<meta name=\"robots\" content=\"index, follow, max-snippet:-1, max-image-preview:large, max-video-preview:-1\" \/>\n<link rel=\"canonical\" href=\"https:\/\/redenoticiaz.com.br\/litoralsp\/2022\/01\/26\/posto-para-coletar-leite-humano-e-instalado-em-praia-grande\" \/>\n<meta property=\"og:locale\" content=\"pt_BR\" \/>\n<meta property=\"og:type\" content=\"article\" \/>\n<meta property=\"og:title\" content=\"Posto para coletar leite humano \u00e9 instalado em Praia Grande - Litoral SP\" \/>\n<meta property=\"og:description\" content=\"Quem deseja fazer a doa\u00e7\u00e3o de leite humano agora conta com uma boa op\u00e7\u00e3o em Praia Grande. A prefeitura implantou um posto de coleta\" \/>\n<meta property=\"og:url\" content=\"https:\/\/redenoticiaz.com.br\/litoralsp\/2022\/01\/26\/posto-para-coletar-leite-humano-e-instalado-em-praia-grande\" \/>\n<meta property=\"og:site_name\" content=\"Litoral SP\" \/>\n<meta property=\"article:published_time\" content=\"2022-01-26T20:09:47+00:00\" \/>\n<meta property=\"article:modified_time\" content=\"2022-01-26T20:10:19+00:00\" \/>\n<meta property=\"og:image\" content=\"https:\/\/redenoticiaz.com.br\/litoralsp\/wp-content\/uploads\/sites\/3\/2022\/01\/leite-materno.jpg\" \/>\n\t<meta property=\"og:image:width\" content=\"984\" \/>\n\t<meta property=\"og:image:height\" content=\"656\" \/>\n\t<meta property=\"og:image:type\" content=\"image\/jpeg\" \/>\n<meta name=\"author\" content=\"Leonardo Francisco\" \/>\n<meta name=\"twitter:card\" content=\"summary_large_image\" \/>\n<meta name=\"twitter:label1\" content=\"Escrito por\" \/>\n\t<meta name=\"twitter:data1\" content=\"Leonardo Francisco\" \/>\n\t<meta name=\"twitter:label2\" content=\"Est. tempo de leitura\" \/>\n\t<meta name=\"twitter:data2\" content=\"2 minutos\" \/>\n<script type=\"application\/ld+json\" class=\"yoast-schema-graph\">{\"@context\":\"https:\\\/\\\/schema.org\",\"@graph\":[{\"@type\":\"Article\",\"@id\":\"https:\\\/\\\/redenoticiaz.com.br\\\/litoralsp\\\/2022\\\/01\\\/26\\\/posto-para-coletar-leite-humano-e-instalado-em-praia-grande#article\",\"isPartOf\":{\"@id\":\"https:\\\/\\\/redenoticiaz.com.br\\\/litoralsp\\\/2022\\\/01\\\/26\\\/posto-para-coletar-leite-humano-e-instalado-em-praia-grande\"},\"author\":{\"name\":\"Leonardo Francisco\",\"@id\":\"https:\\\/\\\/redenoticiaz.com.br\\\/litoralsp\\\/#\\\/schema\\\/person\\\/0f0b8a5bdafefe82841e07ae8d81ecb3\"},\"headline\":\"Posto para coletar leite humano \u00e9 instalado em Praia Grande\",\"datePublished\":\"2022-01-26T20:09:47+00:00\",\"dateModified\":\"2022-01-26T20:10:19+00:00\",\"mainEntityOfPage\":{\"@id\":\"https:\\\/\\\/redenoticiaz.com.br\\\/litoralsp\\\/2022\\\/01\\\/26\\\/posto-para-coletar-leite-humano-e-instalado-em-praia-grande\"},\"wordCount\":466,\"commentCount\":0,\"publisher\":{\"@id\":\"https:\\\/\\\/redenoticiaz.com.br\\\/litoralsp\\\/#organization\"},\"image\":{\"@id\":\"https:\\\/\\\/redenoticiaz.com.br\\\/litoralsp\\\/2022\\\/01\\\/26\\\/posto-para-coletar-leite-humano-e-instalado-em-praia-grande#primaryimage\"},\"thumbnailUrl\":\"https:\\\/\\\/redenoticiaz.com.br\\\/litoralsp\\\/wp-content\\\/uploads\\\/sites\\\/3\\\/2022\\\/01\\\/leite-materno.jpg\",\"keywords\":[\"CENTRO DE REABILITA\u00c7\u00c3O E ESPECIALIZA\u00c7\u00c3O\",\"LEITE HUMANO\",\"POSTO DE COLETA\",\"PRAIA GRANDE\"],\"articleSection\":[\"Praia Grande\",\"Sa\u00fade\"],\"inLanguage\":\"pt-BR\",\"potentialAction\":[{\"@type\":\"CommentAction\",\"name\":\"Comment\",\"target\":[\"https:\\\/\\\/redenoticiaz.com.br\\\/litoralsp\\\/2022\\\/01\\\/26\\\/posto-para-coletar-leite-humano-e-instalado-em-praia-grande#respond\"]}]},{\"@type\":\"WebPage\",\"@id\":\"https:\\\/\\\/redenoticiaz.com.br\\\/litoralsp\\\/2022\\\/01\\\/26\\\/posto-para-coletar-leite-humano-e-instalado-em-praia-grande\",\"url\":\"https:\\\/\\\/redenoticiaz.com.br\\\/litoralsp\\\/2022\\\/01\\\/26\\\/posto-para-coletar-leite-humano-e-instalado-em-praia-grande\",\"name\":\"Posto para coletar leite humano \u00e9 instalado em Praia Grande - Litoral SP\",\"isPartOf\":{\"@id\":\"https:\\\/\\\/redenoticiaz.com.br\\\/litoralsp\\\/#website\"},\"primaryImageOfPage\":{\"@id\":\"https:\\\/\\\/redenoticiaz.com.br\\\/litoralsp\\\/2022\\\/01\\\/26\\\/posto-para-coletar-leite-humano-e-instalado-em-praia-grande#primaryimage\"},\"image\":{\"@id\":\"https:\\\/\\\/redenoticiaz.com.br\\\/litoralsp\\\/2022\\\/01\\\/26\\\/posto-para-coletar-leite-humano-e-instalado-em-praia-grande#primaryimage\"},\"thumbnailUrl\":\"https:\\\/\\\/redenoticiaz.com.br\\\/litoralsp\\\/wp-content\\\/uploads\\\/sites\\\/3\\\/2022\\\/01\\\/leite-materno.jpg\",\"datePublished\":\"2022-01-26T20:09:47+00:00\",\"dateModified\":\"2022-01-26T20:10:19+00:00\",\"description\":\"Quem deseja fazer a doa\u00e7\u00e3o de leite humano agora conta com uma boa op\u00e7\u00e3o em Praia Grande. A prefeitura implantou um posto de coleta\",\"inLanguage\":\"pt-BR\",\"potentialAction\":[{\"@type\":\"ReadAction\",\"target\":[\"https:\\\/\\\/redenoticiaz.com.br\\\/litoralsp\\\/2022\\\/01\\\/26\\\/posto-para-coletar-leite-humano-e-instalado-em-praia-grande\"]}]},{\"@type\":\"ImageObject\",\"inLanguage\":\"pt-BR\",\"@id\":\"https:\\\/\\\/redenoticiaz.com.br\\\/litoralsp\\\/2022\\\/01\\\/26\\\/posto-para-coletar-leite-humano-e-instalado-em-praia-grande#primaryimage\",\"url\":\"https:\\\/\\\/redenoticiaz.com.br\\\/litoralsp\\\/wp-content\\\/uploads\\\/sites\\\/3\\\/2022\\\/01\\\/leite-materno.jpg\",\"contentUrl\":\"https:\\\/\\\/redenoticiaz.com.br\\\/litoralsp\\\/wp-content\\\/uploads\\\/sites\\\/3\\\/2022\\\/01\\\/leite-materno.jpg\",\"width\":984,\"height\":656,\"caption\":\"Cr\u00e9ditos: Divulga\u00e7\u00e3o\\\/Prefeitura de Praia Grande.\"},{\"@type\":\"WebSite\",\"@id\":\"https:\\\/\\\/redenoticiaz.com.br\\\/litoralsp\\\/#website\",\"url\":\"https:\\\/\\\/redenoticiaz.com.br\\\/litoralsp\\\/\",\"name\":\"Litoral SP\",\"description\":\"Rede NoticiaZ\",\"publisher\":{\"@id\":\"https:\\\/\\\/redenoticiaz.com.br\\\/litoralsp\\\/#organization\"},\"potentialAction\":[{\"@type\":\"SearchAction\",\"target\":{\"@type\":\"EntryPoint\",\"urlTemplate\":\"https:\\\/\\\/redenoticiaz.com.br\\\/litoralsp\\\/?s={search_term_string}\"},\"query-input\":{\"@type\":\"PropertyValueSpecification\",\"valueRequired\":true,\"valueName\":\"search_term_string\"}}],\"inLanguage\":\"pt-BR\"},{\"@type\":\"Organization\",\"@id\":\"https:\\\/\\\/redenoticiaz.com.br\\\/litoralsp\\\/#organization\",\"name\":\"Litoral SP\",\"url\":\"https:\\\/\\\/redenoticiaz.com.br\\\/litoralsp\\\/\",\"logo\":{\"@type\":\"ImageObject\",\"inLanguage\":\"pt-BR\",\"@id\":\"https:\\\/\\\/redenoticiaz.com.br\\\/litoralsp\\\/#\\\/schema\\\/logo\\\/image\\\/\",\"url\":\"https:\\\/\\\/redenoticiaz.com.br\\\/litoralsp\\\/wp-content\\\/uploads\\\/sites\\\/3\\\/2020\\\/11\\\/logo.jpg\",\"contentUrl\":\"https:\\\/\\\/redenoticiaz.com.br\\\/litoralsp\\\/wp-content\\\/uploads\\\/sites\\\/3\\\/2020\\\/11\\\/logo.jpg\",\"width\":400,\"height\":250,\"caption\":\"Litoral SP\"},\"image\":{\"@id\":\"https:\\\/\\\/redenoticiaz.com.br\\\/litoralsp\\\/#\\\/schema\\\/logo\\\/image\\\/\"}},{\"@type\":\"Person\",\"@id\":\"https:\\\/\\\/redenoticiaz.com.br\\\/litoralsp\\\/#\\\/schema\\\/person\\\/0f0b8a5bdafefe82841e07ae8d81ecb3\",\"name\":\"Leonardo Francisco\",\"image\":{\"@type\":\"ImageObject\",\"inLanguage\":\"pt-BR\",\"@id\":\"https:\\\/\\\/secure.gravatar.com\\\/avatar\\\/a7358cb406a99b682ec6df1e77e31ae82e63601f6784e8a3df411d72b37864da?s=96&d=mm&r=g\",\"url\":\"https:\\\/\\\/secure.gravatar.com\\\/avatar\\\/a7358cb406a99b682ec6df1e77e31ae82e63601f6784e8a3df411d72b37864da?s=96&d=mm&r=g\",\"contentUrl\":\"https:\\\/\\\/secure.gravatar.com\\\/avatar\\\/a7358cb406a99b682ec6df1e77e31ae82e63601f6784e8a3df411d72b37864da?s=96&d=mm&r=g\",\"caption\":\"Leonardo Francisco\"},\"url\":\"https:\\\/\\\/redenoticiaz.com.br\\\/litoralsp\\\/author\\\/leonardo-francisco\"}]}<\/script>\n<!-- \/ Yoast SEO plugin. -->","yoast_head_json":{"title":"Posto para coletar leite humano \u00e9 instalado em Praia Grande - Litoral SP","description":"Quem deseja fazer a doa\u00e7\u00e3o de leite humano agora conta com uma boa op\u00e7\u00e3o em Praia Grande. A prefeitura implantou um posto de coleta","robots":{"index":"index","follow":"follow","max-snippet":"max-snippet:-1","max-image-preview":"max-image-preview:large","max-video-preview":"max-video-preview:-1"},"canonical":"https:\/\/redenoticiaz.com.br\/litoralsp\/2022\/01\/26\/posto-para-coletar-leite-humano-e-instalado-em-praia-grande","og_locale":"pt_BR","og_type":"article","og_title":"Posto para coletar leite humano \u00e9 instalado em Praia Grande - Litoral SP","og_description":"Quem deseja fazer a doa\u00e7\u00e3o de leite humano agora conta com uma boa op\u00e7\u00e3o em Praia Grande. A prefeitura implantou um posto de coleta","og_url":"https:\/\/redenoticiaz.com.br\/litoralsp\/2022\/01\/26\/posto-para-coletar-leite-humano-e-instalado-em-praia-grande","og_site_name":"Litoral SP","article_published_time":"2022-01-26T20:09:47+00:00","article_modified_time":"2022-01-26T20:10:19+00:00","og_image":[{"width":984,"height":656,"url":"https:\/\/redenoticiaz.com.br\/litoralsp\/wp-content\/uploads\/sites\/3\/2022\/01\/leite-materno.jpg","type":"image\/jpeg"}],"author":"Leonardo Francisco","twitter_card":"summary_large_image","twitter_misc":{"Escrito por":"Leonardo Francisco","Est. tempo de leitura":"2 minutos"},"schema":{"@context":"https:\/\/schema.org","@graph":[{"@type":"Article","@id":"https:\/\/redenoticiaz.com.br\/litoralsp\/2022\/01\/26\/posto-para-coletar-leite-humano-e-instalado-em-praia-grande#article","isPartOf":{"@id":"https:\/\/redenoticiaz.com.br\/litoralsp\/2022\/01\/26\/posto-para-coletar-leite-humano-e-instalado-em-praia-grande"},"author":{"name":"Leonardo Francisco","@id":"https:\/\/redenoticiaz.com.br\/litoralsp\/#\/schema\/person\/0f0b8a5bdafefe82841e07ae8d81ecb3"},"headline":"Posto para coletar leite humano \u00e9 instalado em Praia Grande","datePublished":"2022-01-26T20:09:47+00:00","dateModified":"2022-01-26T20:10:19+00:00","mainEntityOfPage":{"@id":"https:\/\/redenoticiaz.com.br\/litoralsp\/2022\/01\/26\/posto-para-coletar-leite-humano-e-instalado-em-praia-grande"},"wordCount":466,"commentCount":0,"publisher":{"@id":"https:\/\/redenoticiaz.com.br\/litoralsp\/#organization"},"image":{"@id":"https:\/\/redenoticiaz.com.br\/litoralsp\/2022\/01\/26\/posto-para-coletar-leite-humano-e-instalado-em-praia-grande#primaryimage"},"thumbnailUrl":"https:\/\/redenoticiaz.com.br\/litoralsp\/wp-content\/uploads\/sites\/3\/2022\/01\/leite-materno.jpg","keywords":["CENTRO DE REABILITA\u00c7\u00c3O E ESPECIALIZA\u00c7\u00c3O","LEITE HUMANO","POSTO DE COLETA","PRAIA GRANDE"],"articleSection":["Praia Grande","Sa\u00fade"],"inLanguage":"pt-BR","potentialAction":[{"@type":"CommentAction","name":"Comment","target":["https:\/\/redenoticiaz.com.br\/litoralsp\/2022\/01\/26\/posto-para-coletar-leite-humano-e-instalado-em-praia-grande#respond"]}]},{"@type":"WebPage","@id":"https:\/\/redenoticiaz.com.br\/litoralsp\/2022\/01\/26\/posto-para-coletar-leite-humano-e-instalado-em-praia-grande","url":"https:\/\/redenoticiaz.com.br\/litoralsp\/2022\/01\/26\/posto-para-coletar-leite-humano-e-instalado-em-praia-grande","name":"Posto para coletar leite humano \u00e9 instalado em Praia Grande - Litoral SP","isPartOf":{"@id":"https:\/\/redenoticiaz.com.br\/litoralsp\/#website"},"primaryImageOfPage":{"@id":"https:\/\/redenoticiaz.com.br\/litoralsp\/2022\/01\/26\/posto-para-coletar-leite-humano-e-instalado-em-praia-grande#primaryimage"},"image":{"@id":"https:\/\/redenoticiaz.com.br\/litoralsp\/2022\/01\/26\/posto-para-coletar-leite-humano-e-instalado-em-praia-grande#primaryimage"},"thumbnailUrl":"https:\/\/redenoticiaz.com.br\/litoralsp\/wp-content\/uploads\/sites\/3\/2022\/01\/leite-materno.jpg","datePublished":"2022-01-26T20:09:47+00:00","dateModified":"2022-01-26T20:10:19+00:00","description":"Quem deseja fazer a doa\u00e7\u00e3o de leite humano agora conta com uma boa op\u00e7\u00e3o em Praia Grande. A prefeitura implantou um posto de coleta","inLanguage":"pt-BR","potentialAction":[{"@type":"ReadAction","target":["https:\/\/redenoticiaz.com.br\/litoralsp\/2022\/01\/26\/posto-para-coletar-leite-humano-e-instalado-em-praia-grande"]}]},{"@type":"ImageObject","inLanguage":"pt-BR","@id":"https:\/\/redenoticiaz.com.br\/litoralsp\/2022\/01\/26\/posto-para-coletar-leite-humano-e-instalado-em-praia-grande#primaryimage","url":"https:\/\/redenoticiaz.com.br\/litoralsp\/wp-content\/uploads\/sites\/3\/2022\/01\/leite-materno.jpg","contentUrl":"https:\/\/redenoticiaz.com.br\/litoralsp\/wp-content\/uploads\/sites\/3\/2022\/01\/leite-materno.jpg","width":984,"height":656,"caption":"Cr\u00e9ditos: Divulga\u00e7\u00e3o\/Prefeitura de Praia Grande."},{"@type":"WebSite","@id":"https:\/\/redenoticiaz.com.br\/litoralsp\/#website","url":"https:\/\/redenoticiaz.com.br\/litoralsp\/","name":"Litoral SP","description":"Rede NoticiaZ","publisher":{"@id":"https:\/\/redenoticiaz.com.br\/litoralsp\/#organization"},"potentialAction":[{"@type":"SearchAction","target":{"@type":"EntryPoint","urlTemplate":"https:\/\/redenoticiaz.com.br\/litoralsp\/?s={search_term_string}"},"query-input":{"@type":"PropertyValueSpecification","valueRequired":true,"valueName":"search_term_string"}}],"inLanguage":"pt-BR"},{"@type":"Organization","@id":"https:\/\/redenoticiaz.com.br\/litoralsp\/#organization","name":"Litoral SP","url":"https:\/\/redenoticiaz.com.br\/litoralsp\/","logo":{"@type":"ImageObject","inLanguage":"pt-BR","@id":"https:\/\/redenoticiaz.com.br\/litoralsp\/#\/schema\/logo\/image\/","url":"https:\/\/redenoticiaz.com.br\/litoralsp\/wp-content\/uploads\/sites\/3\/2020\/11\/logo.jpg","contentUrl":"https:\/\/redenoticiaz.com.br\/litoralsp\/wp-content\/uploads\/sites\/3\/2020\/11\/logo.jpg","width":400,"height":250,"caption":"Litoral SP"},"image":{"@id":"https:\/\/redenoticiaz.com.br\/litoralsp\/#\/schema\/logo\/image\/"}},{"@type":"Person","@id":"https:\/\/redenoticiaz.com.br\/litoralsp\/#\/schema\/person\/0f0b8a5bdafefe82841e07ae8d81ecb3","name":"Leonardo Francisco","image":{"@type":"ImageObject","inLanguage":"pt-BR","@id":"https:\/\/secure.gravatar.com\/avatar\/a7358cb406a99b682ec6df1e77e31ae82e63601f6784e8a3df411d72b37864da?s=96&d=mm&r=g","url":"https:\/\/secure.gravatar.com\/avatar\/a7358cb406a99b682ec6df1e77e31ae82e63601f6784e8a3df411d72b37864da?s=96&d=mm&r=g","contentUrl":"https:\/\/secure.gravatar.com\/avatar\/a7358cb406a99b682ec6df1e77e31ae82e63601f6784e8a3df411d72b37864da?s=96&d=mm&r=g","caption":"Leonardo Francisco"},"url":"https:\/\/redenoticiaz.com.br\/litoralsp\/author\/leonardo-francisco"}]}},"_links":{"self":[{"href":"https:\/\/redenoticiaz.com.br\/litoralsp\/wp-json\/wp\/v2\/posts\/22252","targetHints":{"allow":["GET"]}}],"collection":[{"href":"https:\/\/redenoticiaz.com.br\/litoralsp\/wp-json\/wp\/v2\/posts"}],"about":[{"href":"https:\/\/redenoticiaz.com.br\/litoralsp\/wp-json\/wp\/v2\/types\/post"}],"author":[{"embeddable":true,"href":"https:\/\/redenoticiaz.com.br\/litoralsp\/wp-json\/wp\/v2\/users\/6"}],"replies":[{"embeddable":true,"href":"https:\/\/redenoticiaz.com.br\/litoralsp\/wp-json\/wp\/v2\/comments?post=22252"}],"version-history":[{"count":1,"href":"https:\/\/redenoticiaz.com.br\/litoralsp\/wp-json\/wp\/v2\/posts\/22252\/revisions"}],"predecessor-version":[{"id":22254,"href":"https:\/\/redenoticiaz.com.br\/litoralsp\/wp-json\/wp\/v2\/posts\/22252\/revisions\/22254"}],"wp:featuredmedia":[{"embeddable":true,"href":"https:\/\/redenoticiaz.com.br\/litoralsp\/wp-json\/wp\/v2\/media\/22253"}],"wp:attachment":[{"href":"https:\/\/redenoticiaz.com.br\/litoralsp\/wp-json\/wp\/v2\/media?parent=22252"}],"wp:term":[{"taxonomy":"category","embeddable":true,"href":"https:\/\/redenoticiaz.com.br\/litoralsp\/wp-json\/wp\/v2\/categories?post=22252"},{"taxonomy":"post_tag","embeddable":true,"href":"https:\/\/redenoticiaz.com.br\/litoralsp\/wp-json\/wp\/v2\/tags?post=22252"}],"curies":[{"name":"wp","href":"https:\/\/api.w.org\/{rel}","templated":true}]}}