{"id":22518,"date":"2022-01-31T10:52:28","date_gmt":"2022-01-31T13:52:28","guid":{"rendered":"https:\/\/redenoticiaz.com.br\/litoralsp\/2022\/01\/31\/whindersson-nunes-estreia-no-boxe-com-um-empate-contra-popo"},"modified":"2022-01-31T10:56:20","modified_gmt":"2022-01-31T13:56:20","slug":"whindersson-nunes-estreia-no-boxe-com-um-empate-contra-popo","status":"publish","type":"post","link":"https:\/\/redenoticiaz.com.br\/litoralsp\/2022\/01\/31\/whindersson-nunes-estreia-no-boxe-com-um-empate-contra-popo","title":{"rendered":"Whindersson Nunes estreia no boxe com um empate contra Pop\u00f3"},"content":{"rendered":"<p>O boxe brasileiro presenciou um momento hist\u00f3rico onde o esporte e a cultura travaram uma mistura mesclada com competividade e humor. Acelino &#8220;Pop\u00f3&#8221; Freitas deixou a aposentadoria e aos 46 anos voltou aos ringues para um desafio curioso. Ele foi enfrentar o humorista e youtuber <strong>Whindersson Nunes<\/strong>, que aos 27 anos, decidiu entrar na carreira do boxe.<\/p>\n<p>A luta aconteceu em <a href=\"https:\/\/www.bc.sc.gov.br\/\">Balne\u00e1rio Cambori\u00fa<\/a>, Santa Catarina e reuniu celebridades, m\u00fasica e outras lutas que fizeram parte do card principal, que era um Fight Music Show. Embora Pop\u00f3 tenha dominado a luta, com ajuda da arbitragem, o youtuber resistiu aos golpes. O empate coroou a festa.<\/p>\n<p>O tetracampe\u00e3o mundial atendeu ao pedido e evitou nocautear, apesar de dominar toda a luta. A arbitragem teve de encerrar alguns rounds antes da hora para manter Whindersson no combate. Valia tudo pelo show.<\/p>\n<h3>Novo formato de luta<\/h3>\n<div class=\"mc-column content-text active-extra-styles \" data-block-type=\"unstyled\" data-block-weight=\"71\" data-block-id=\"8\">\n<p class=\"content-text__container \" data-track-category=\"Link no Texto\" data-track-links=\"\">Aposentado do boxe desde 2017, Pop\u00f3, de 46 anos, decidiu cal\u00e7ar as luvas novamente para aderir \u00e0 febre que tomou conta dos Estados Unidos: eventos que promovem lutas entre youtubers e astros das artes marciais. O convite se deu para enfrentar Whindersson Nunes, com quem tem uma rela\u00e7\u00e3o de respeito e cordialidade. O baiano n\u00e3o titubeou e aceitou o desafio.\u00a0Ele curtiu tanto que j\u00e1 lan\u00e7ou um pr\u00f3ximo desafio: Jos\u00e9 Aldo.<\/p>\n<\/div>\n<div class=\"mc-column content-text active-extra-styles \" data-block-type=\"unstyled\" data-block-weight=\"43\" data-block-id=\"10\">\n<p class=\"content-text__container \" data-track-category=\"Link no Texto\" data-track-links=\"\">&#8220;L\u00e1 nos EUA tem muito youtuber desafiando lutadores de boxe, tem muita gente do MMA , ex-lutadores do UFC, e porque aqui n\u00e3o acontece? Um dos melhores da minha categoria chama-se Jos\u00e9 Aldo. Vem aqui para o meu ringue&#8221;, disse Pop\u00f3.<\/p>\n<div class=\"mc-column content-text active-extra-styles\" data-block-type=\"raw\" data-block-weight=\"2\" data-block-id=\"15\">\n<div class=\"content-intertitle\">\n<h2>A luta<\/h2>\n<\/div>\n<\/div>\n<div class=\"mc-column content-text active-extra-styles \" data-block-type=\"unstyled\" data-block-weight=\"69\" data-block-id=\"16\">\n<p class=\"content-text__container \" data-track-category=\"Link no Texto\" data-track-links=\"\">Depois de cinco anos de treinamento de boxe, Whindersson esbanjou confian\u00e7a e entrou fazendo dancinha. Mas quando a luta come\u00e7ou, Pop\u00f3 mostrou por que \u00e9 tetracampe\u00e3o mundial. O baiano soltou bons jabs e quase derrubou o youtuber j\u00e1 no primeiro round. Ele pisou um pouco no freio no segundo round para dar o ritmo do show. Chegou at\u00e9 a brincar no terceiro round, sorrindo entre um golpe e outro.<\/p>\n<\/div>\n<div class=\"mc-column content-text active-extra-styles \" data-block-type=\"unstyled\" data-block-weight=\"66\" data-block-id=\"17\">\n<p class=\"content-text__container \" data-track-category=\"Link no Texto\" data-track-links=\"\">Whindersson aguentou firme as pancadas. At\u00e9 conseguiu encaixar alguns golpes em Pop\u00f3, mas o tetracampe\u00e3o mundial usava sua experi\u00eancia para controlar a luta. Pop\u00f3 encaixou um uppercut potente no sexto round, e quase o youtuber foi \u00e0 lona. O \u00e1rbitro abriu contagem por tr\u00eas vezes e tamb\u00e9m encerrou alguns rounds antes da hora. Tudo para manter Whindersson na luta at\u00e9 o fim e confirmar o empate.<\/p>\n<h3 data-track-category=\"Link no Texto\">Confira todas as lutas do card<\/h3>\n<p><strong>Boxe<\/strong><br \/>\nWhindersson Nunes x Acelino \u2018Pop\u00f3\u2019 Freitas<br \/>\nRog\u00e9rio Minotouro venceu Leonardo \u2018Leleco\u2019 Guimar\u00e3es por pontos<br \/>\nEsquiva Falc\u00e3o venceu Yuri Fernandes por nocaute ap\u00f3s interrup\u00e7\u00e3o m\u00e9dica<br \/>\n<strong>MMA<\/strong><br \/>\nAndressa Romero venceu Stephanie Luciano por decis\u00e3o un\u00e2nime<br \/>\n<strong>Kickboxing<br \/>\n<\/strong>Higor Merlin venceu Matheus Aires por decis\u00e3o un\u00e2nime<br \/>\n<strong>MMA<br \/>\n<\/strong>Marco T\u00falio venceu Glaico Fran\u00e7a por nocaute<br \/>\nMario Sousa venceu Ant\u00f4nio Gordilho por nocaute<br \/>\nMarcelo Marques venceu Pedro Machado por decis\u00e3o un\u00e2nime<\/p>\n<\/div>\n<p><strong>LEIA TAMB\u00c9M<\/strong><\/p>\n<p><a href=\"https:\/\/redenoticiaz.com.br\/blog\/2022\/01\/31\/corinthians-joga-mal-mas-vence-santo-andre-pelo-paulistao\">Corinthians joga mal, mas vence Santo Andr\u00e9 pelo Paulist\u00e3o<\/a><\/p>\n<\/div>\n","protected":false},"excerpt":{"rendered":"<p>O boxe brasileiro presenciou um momento hist\u00f3rico onde o esporte e a cultura travaram uma mistura mesclada com competividade e humor. Acelino &#8220;Pop\u00f3&#8221; Freitas deixou a aposentadoria e aos 46 anos voltou aos ringues para um desafio curioso. Ele foi enfrentar o humorista e youtuber Whindersson Nunes, que aos 27 anos, decidiu entrar na carreira &hellip;<\/p>\n","protected":false},"author":6,"featured_media":22519,"comment_status":"open","ping_status":"closed","sticky":false,"template":"","format":"standard","meta":{"footnotes":""},"categories":[170,35],"tags":[48944,2335,48945,48946,2923,24179],"class_list":["post-22518","post","type-post","status-publish","format-standard","has-post-thumbnail","hentry","category-entretenimento","category-esporte","tag-balneario-camboriu","tag-boxe","tag-fight-music-show","tag-popo","tag-santa-catarina","tag-whindersson-nunes"],"yoast_head":"<!-- This site is optimized with the Yoast SEO plugin v27.5 - https:\/\/yoast.com\/product\/yoast-seo-wordpress\/ -->\n<title>Whindersson Nunes estreia no boxe com um empate contra Pop\u00f3 - Litoral SP<\/title>\n<meta name=\"description\" content=\"O boxe brasileiro presenciou um momento hist\u00f3rico onde o esporte e a cultura travaram uma mistura mesclada com competividade\" \/>\n<meta name=\"robots\" content=\"index, follow, max-snippet:-1, max-image-preview:large, max-video-preview:-1\" \/>\n<link rel=\"canonical\" href=\"https:\/\/redenoticiaz.com.br\/litoralsp\/2022\/01\/31\/whindersson-nunes-estreia-no-boxe-com-um-empate-contra-popo\" \/>\n<meta property=\"og:locale\" content=\"pt_BR\" \/>\n<meta property=\"og:type\" content=\"article\" \/>\n<meta property=\"og:title\" content=\"Whindersson Nunes estreia no boxe com um empate contra Pop\u00f3 - Litoral SP\" \/>\n<meta property=\"og:description\" content=\"O boxe brasileiro presenciou um momento hist\u00f3rico onde o esporte e a cultura travaram uma mistura mesclada com competividade\" \/>\n<meta property=\"og:url\" content=\"https:\/\/redenoticiaz.com.br\/litoralsp\/2022\/01\/31\/whindersson-nunes-estreia-no-boxe-com-um-empate-contra-popo\" \/>\n<meta property=\"og:site_name\" content=\"Litoral SP\" \/>\n<meta property=\"article:published_time\" content=\"2022-01-31T13:52:28+00:00\" \/>\n<meta property=\"article:modified_time\" content=\"2022-01-31T13:56:20+00:00\" \/>\n<meta property=\"og:image\" content=\"https:\/\/redenoticiaz.com.br\/litoralsp\/wp-content\/uploads\/sites\/3\/2022\/01\/whatsapp-image-2022-01-31-at-02-14-37.jpeg\" \/>\n\t<meta property=\"og:image:width\" content=\"640\" \/>\n\t<meta property=\"og:image:height\" content=\"418\" \/>\n\t<meta property=\"og:image:type\" content=\"image\/jpeg\" \/>\n<meta name=\"author\" content=\"Leonardo Francisco\" \/>\n<meta name=\"twitter:card\" content=\"summary_large_image\" \/>\n<meta name=\"twitter:label1\" content=\"Escrito por\" \/>\n\t<meta name=\"twitter:data1\" content=\"Leonardo Francisco\" \/>\n\t<meta name=\"twitter:label2\" content=\"Est. tempo de leitura\" \/>\n\t<meta name=\"twitter:data2\" content=\"3 minutos\" \/>\n<script type=\"application\/ld+json\" class=\"yoast-schema-graph\">{\"@context\":\"https:\\\/\\\/schema.org\",\"@graph\":[{\"@type\":\"Article\",\"@id\":\"https:\\\/\\\/redenoticiaz.com.br\\\/litoralsp\\\/2022\\\/01\\\/31\\\/whindersson-nunes-estreia-no-boxe-com-um-empate-contra-popo#article\",\"isPartOf\":{\"@id\":\"https:\\\/\\\/redenoticiaz.com.br\\\/litoralsp\\\/2022\\\/01\\\/31\\\/whindersson-nunes-estreia-no-boxe-com-um-empate-contra-popo\"},\"author\":{\"name\":\"Leonardo Francisco\",\"@id\":\"https:\\\/\\\/redenoticiaz.com.br\\\/litoralsp\\\/#\\\/schema\\\/person\\\/0f0b8a5bdafefe82841e07ae8d81ecb3\"},\"headline\":\"Whindersson Nunes estreia no boxe com um empate contra Pop\u00f3\",\"datePublished\":\"2022-01-31T13:52:28+00:00\",\"dateModified\":\"2022-01-31T13:56:20+00:00\",\"mainEntityOfPage\":{\"@id\":\"https:\\\/\\\/redenoticiaz.com.br\\\/litoralsp\\\/2022\\\/01\\\/31\\\/whindersson-nunes-estreia-no-boxe-com-um-empate-contra-popo\"},\"wordCount\":510,\"commentCount\":0,\"publisher\":{\"@id\":\"https:\\\/\\\/redenoticiaz.com.br\\\/litoralsp\\\/#organization\"},\"image\":{\"@id\":\"https:\\\/\\\/redenoticiaz.com.br\\\/litoralsp\\\/2022\\\/01\\\/31\\\/whindersson-nunes-estreia-no-boxe-com-um-empate-contra-popo#primaryimage\"},\"thumbnailUrl\":\"https:\\\/\\\/redenoticiaz.com.br\\\/litoralsp\\\/wp-content\\\/uploads\\\/sites\\\/3\\\/2022\\\/01\\\/whatsapp-image-2022-01-31-at-02-14-37.jpeg\",\"keywords\":[\"BALNE\u00c1RIO CAMBORI\u00da\",\"BOXE\",\"FIGHT MUSIC SHOW\",\"POP\u00d3\",\"SANTA CATARINA\",\"Whindersson Nunes\"],\"articleSection\":[\"Entretenimento\",\"Esporte\"],\"inLanguage\":\"pt-BR\",\"potentialAction\":[{\"@type\":\"CommentAction\",\"name\":\"Comment\",\"target\":[\"https:\\\/\\\/redenoticiaz.com.br\\\/litoralsp\\\/2022\\\/01\\\/31\\\/whindersson-nunes-estreia-no-boxe-com-um-empate-contra-popo#respond\"]}]},{\"@type\":\"WebPage\",\"@id\":\"https:\\\/\\\/redenoticiaz.com.br\\\/litoralsp\\\/2022\\\/01\\\/31\\\/whindersson-nunes-estreia-no-boxe-com-um-empate-contra-popo\",\"url\":\"https:\\\/\\\/redenoticiaz.com.br\\\/litoralsp\\\/2022\\\/01\\\/31\\\/whindersson-nunes-estreia-no-boxe-com-um-empate-contra-popo\",\"name\":\"Whindersson Nunes estreia no boxe com um empate contra Pop\u00f3 - Litoral SP\",\"isPartOf\":{\"@id\":\"https:\\\/\\\/redenoticiaz.com.br\\\/litoralsp\\\/#website\"},\"primaryImageOfPage\":{\"@id\":\"https:\\\/\\\/redenoticiaz.com.br\\\/litoralsp\\\/2022\\\/01\\\/31\\\/whindersson-nunes-estreia-no-boxe-com-um-empate-contra-popo#primaryimage\"},\"image\":{\"@id\":\"https:\\\/\\\/redenoticiaz.com.br\\\/litoralsp\\\/2022\\\/01\\\/31\\\/whindersson-nunes-estreia-no-boxe-com-um-empate-contra-popo#primaryimage\"},\"thumbnailUrl\":\"https:\\\/\\\/redenoticiaz.com.br\\\/litoralsp\\\/wp-content\\\/uploads\\\/sites\\\/3\\\/2022\\\/01\\\/whatsapp-image-2022-01-31-at-02-14-37.jpeg\",\"datePublished\":\"2022-01-31T13:52:28+00:00\",\"dateModified\":\"2022-01-31T13:56:20+00:00\",\"description\":\"O boxe brasileiro presenciou um momento hist\u00f3rico onde o esporte e a cultura travaram uma mistura mesclada com competividade\",\"inLanguage\":\"pt-BR\",\"potentialAction\":[{\"@type\":\"ReadAction\",\"target\":[\"https:\\\/\\\/redenoticiaz.com.br\\\/litoralsp\\\/2022\\\/01\\\/31\\\/whindersson-nunes-estreia-no-boxe-com-um-empate-contra-popo\"]}]},{\"@type\":\"ImageObject\",\"inLanguage\":\"pt-BR\",\"@id\":\"https:\\\/\\\/redenoticiaz.com.br\\\/litoralsp\\\/2022\\\/01\\\/31\\\/whindersson-nunes-estreia-no-boxe-com-um-empate-contra-popo#primaryimage\",\"url\":\"https:\\\/\\\/redenoticiaz.com.br\\\/litoralsp\\\/wp-content\\\/uploads\\\/sites\\\/3\\\/2022\\\/01\\\/whatsapp-image-2022-01-31-at-02-14-37.jpeg\",\"contentUrl\":\"https:\\\/\\\/redenoticiaz.com.br\\\/litoralsp\\\/wp-content\\\/uploads\\\/sites\\\/3\\\/2022\\\/01\\\/whatsapp-image-2022-01-31-at-02-14-37.jpeg\",\"width\":640,\"height\":418,\"caption\":\"Cr\u00e9ditos: Reprodu\u00e7\u00e3o\"},{\"@type\":\"WebSite\",\"@id\":\"https:\\\/\\\/redenoticiaz.com.br\\\/litoralsp\\\/#website\",\"url\":\"https:\\\/\\\/redenoticiaz.com.br\\\/litoralsp\\\/\",\"name\":\"Litoral SP\",\"description\":\"Rede NoticiaZ\",\"publisher\":{\"@id\":\"https:\\\/\\\/redenoticiaz.com.br\\\/litoralsp\\\/#organization\"},\"potentialAction\":[{\"@type\":\"SearchAction\",\"target\":{\"@type\":\"EntryPoint\",\"urlTemplate\":\"https:\\\/\\\/redenoticiaz.com.br\\\/litoralsp\\\/?s={search_term_string}\"},\"query-input\":{\"@type\":\"PropertyValueSpecification\",\"valueRequired\":true,\"valueName\":\"search_term_string\"}}],\"inLanguage\":\"pt-BR\"},{\"@type\":\"Organization\",\"@id\":\"https:\\\/\\\/redenoticiaz.com.br\\\/litoralsp\\\/#organization\",\"name\":\"Litoral SP\",\"url\":\"https:\\\/\\\/redenoticiaz.com.br\\\/litoralsp\\\/\",\"logo\":{\"@type\":\"ImageObject\",\"inLanguage\":\"pt-BR\",\"@id\":\"https:\\\/\\\/redenoticiaz.com.br\\\/litoralsp\\\/#\\\/schema\\\/logo\\\/image\\\/\",\"url\":\"https:\\\/\\\/redenoticiaz.com.br\\\/litoralsp\\\/wp-content\\\/uploads\\\/sites\\\/3\\\/2020\\\/11\\\/logo.jpg\",\"contentUrl\":\"https:\\\/\\\/redenoticiaz.com.br\\\/litoralsp\\\/wp-content\\\/uploads\\\/sites\\\/3\\\/2020\\\/11\\\/logo.jpg\",\"width\":400,\"height\":250,\"caption\":\"Litoral SP\"},\"image\":{\"@id\":\"https:\\\/\\\/redenoticiaz.com.br\\\/litoralsp\\\/#\\\/schema\\\/logo\\\/image\\\/\"}},{\"@type\":\"Person\",\"@id\":\"https:\\\/\\\/redenoticiaz.com.br\\\/litoralsp\\\/#\\\/schema\\\/person\\\/0f0b8a5bdafefe82841e07ae8d81ecb3\",\"name\":\"Leonardo Francisco\",\"image\":{\"@type\":\"ImageObject\",\"inLanguage\":\"pt-BR\",\"@id\":\"https:\\\/\\\/secure.gravatar.com\\\/avatar\\\/a7358cb406a99b682ec6df1e77e31ae82e63601f6784e8a3df411d72b37864da?s=96&d=mm&r=g\",\"url\":\"https:\\\/\\\/secure.gravatar.com\\\/avatar\\\/a7358cb406a99b682ec6df1e77e31ae82e63601f6784e8a3df411d72b37864da?s=96&d=mm&r=g\",\"contentUrl\":\"https:\\\/\\\/secure.gravatar.com\\\/avatar\\\/a7358cb406a99b682ec6df1e77e31ae82e63601f6784e8a3df411d72b37864da?s=96&d=mm&r=g\",\"caption\":\"Leonardo Francisco\"},\"url\":\"https:\\\/\\\/redenoticiaz.com.br\\\/litoralsp\\\/author\\\/leonardo-francisco\"}]}<\/script>\n<!-- \/ Yoast SEO plugin. -->","yoast_head_json":{"title":"Whindersson Nunes estreia no boxe com um empate contra Pop\u00f3 - Litoral SP","description":"O boxe brasileiro presenciou um momento hist\u00f3rico onde o esporte e a cultura travaram uma mistura mesclada com competividade","robots":{"index":"index","follow":"follow","max-snippet":"max-snippet:-1","max-image-preview":"max-image-preview:large","max-video-preview":"max-video-preview:-1"},"canonical":"https:\/\/redenoticiaz.com.br\/litoralsp\/2022\/01\/31\/whindersson-nunes-estreia-no-boxe-com-um-empate-contra-popo","og_locale":"pt_BR","og_type":"article","og_title":"Whindersson Nunes estreia no boxe com um empate contra Pop\u00f3 - Litoral SP","og_description":"O boxe brasileiro presenciou um momento hist\u00f3rico onde o esporte e a cultura travaram uma mistura mesclada com competividade","og_url":"https:\/\/redenoticiaz.com.br\/litoralsp\/2022\/01\/31\/whindersson-nunes-estreia-no-boxe-com-um-empate-contra-popo","og_site_name":"Litoral SP","article_published_time":"2022-01-31T13:52:28+00:00","article_modified_time":"2022-01-31T13:56:20+00:00","og_image":[{"width":640,"height":418,"url":"https:\/\/redenoticiaz.com.br\/litoralsp\/wp-content\/uploads\/sites\/3\/2022\/01\/whatsapp-image-2022-01-31-at-02-14-37.jpeg","type":"image\/jpeg"}],"author":"Leonardo Francisco","twitter_card":"summary_large_image","twitter_misc":{"Escrito por":"Leonardo Francisco","Est. tempo de leitura":"3 minutos"},"schema":{"@context":"https:\/\/schema.org","@graph":[{"@type":"Article","@id":"https:\/\/redenoticiaz.com.br\/litoralsp\/2022\/01\/31\/whindersson-nunes-estreia-no-boxe-com-um-empate-contra-popo#article","isPartOf":{"@id":"https:\/\/redenoticiaz.com.br\/litoralsp\/2022\/01\/31\/whindersson-nunes-estreia-no-boxe-com-um-empate-contra-popo"},"author":{"name":"Leonardo Francisco","@id":"https:\/\/redenoticiaz.com.br\/litoralsp\/#\/schema\/person\/0f0b8a5bdafefe82841e07ae8d81ecb3"},"headline":"Whindersson Nunes estreia no boxe com um empate contra Pop\u00f3","datePublished":"2022-01-31T13:52:28+00:00","dateModified":"2022-01-31T13:56:20+00:00","mainEntityOfPage":{"@id":"https:\/\/redenoticiaz.com.br\/litoralsp\/2022\/01\/31\/whindersson-nunes-estreia-no-boxe-com-um-empate-contra-popo"},"wordCount":510,"commentCount":0,"publisher":{"@id":"https:\/\/redenoticiaz.com.br\/litoralsp\/#organization"},"image":{"@id":"https:\/\/redenoticiaz.com.br\/litoralsp\/2022\/01\/31\/whindersson-nunes-estreia-no-boxe-com-um-empate-contra-popo#primaryimage"},"thumbnailUrl":"https:\/\/redenoticiaz.com.br\/litoralsp\/wp-content\/uploads\/sites\/3\/2022\/01\/whatsapp-image-2022-01-31-at-02-14-37.jpeg","keywords":["BALNE\u00c1RIO CAMBORI\u00da","BOXE","FIGHT MUSIC SHOW","POP\u00d3","SANTA CATARINA","Whindersson Nunes"],"articleSection":["Entretenimento","Esporte"],"inLanguage":"pt-BR","potentialAction":[{"@type":"CommentAction","name":"Comment","target":["https:\/\/redenoticiaz.com.br\/litoralsp\/2022\/01\/31\/whindersson-nunes-estreia-no-boxe-com-um-empate-contra-popo#respond"]}]},{"@type":"WebPage","@id":"https:\/\/redenoticiaz.com.br\/litoralsp\/2022\/01\/31\/whindersson-nunes-estreia-no-boxe-com-um-empate-contra-popo","url":"https:\/\/redenoticiaz.com.br\/litoralsp\/2022\/01\/31\/whindersson-nunes-estreia-no-boxe-com-um-empate-contra-popo","name":"Whindersson Nunes estreia no boxe com um empate contra Pop\u00f3 - Litoral SP","isPartOf":{"@id":"https:\/\/redenoticiaz.com.br\/litoralsp\/#website"},"primaryImageOfPage":{"@id":"https:\/\/redenoticiaz.com.br\/litoralsp\/2022\/01\/31\/whindersson-nunes-estreia-no-boxe-com-um-empate-contra-popo#primaryimage"},"image":{"@id":"https:\/\/redenoticiaz.com.br\/litoralsp\/2022\/01\/31\/whindersson-nunes-estreia-no-boxe-com-um-empate-contra-popo#primaryimage"},"thumbnailUrl":"https:\/\/redenoticiaz.com.br\/litoralsp\/wp-content\/uploads\/sites\/3\/2022\/01\/whatsapp-image-2022-01-31-at-02-14-37.jpeg","datePublished":"2022-01-31T13:52:28+00:00","dateModified":"2022-01-31T13:56:20+00:00","description":"O boxe brasileiro presenciou um momento hist\u00f3rico onde o esporte e a cultura travaram uma mistura mesclada com competividade","inLanguage":"pt-BR","potentialAction":[{"@type":"ReadAction","target":["https:\/\/redenoticiaz.com.br\/litoralsp\/2022\/01\/31\/whindersson-nunes-estreia-no-boxe-com-um-empate-contra-popo"]}]},{"@type":"ImageObject","inLanguage":"pt-BR","@id":"https:\/\/redenoticiaz.com.br\/litoralsp\/2022\/01\/31\/whindersson-nunes-estreia-no-boxe-com-um-empate-contra-popo#primaryimage","url":"https:\/\/redenoticiaz.com.br\/litoralsp\/wp-content\/uploads\/sites\/3\/2022\/01\/whatsapp-image-2022-01-31-at-02-14-37.jpeg","contentUrl":"https:\/\/redenoticiaz.com.br\/litoralsp\/wp-content\/uploads\/sites\/3\/2022\/01\/whatsapp-image-2022-01-31-at-02-14-37.jpeg","width":640,"height":418,"caption":"Cr\u00e9ditos: Reprodu\u00e7\u00e3o"},{"@type":"WebSite","@id":"https:\/\/redenoticiaz.com.br\/litoralsp\/#website","url":"https:\/\/redenoticiaz.com.br\/litoralsp\/","name":"Litoral SP","description":"Rede NoticiaZ","publisher":{"@id":"https:\/\/redenoticiaz.com.br\/litoralsp\/#organization"},"potentialAction":[{"@type":"SearchAction","target":{"@type":"EntryPoint","urlTemplate":"https:\/\/redenoticiaz.com.br\/litoralsp\/?s={search_term_string}"},"query-input":{"@type":"PropertyValueSpecification","valueRequired":true,"valueName":"search_term_string"}}],"inLanguage":"pt-BR"},{"@type":"Organization","@id":"https:\/\/redenoticiaz.com.br\/litoralsp\/#organization","name":"Litoral SP","url":"https:\/\/redenoticiaz.com.br\/litoralsp\/","logo":{"@type":"ImageObject","inLanguage":"pt-BR","@id":"https:\/\/redenoticiaz.com.br\/litoralsp\/#\/schema\/logo\/image\/","url":"https:\/\/redenoticiaz.com.br\/litoralsp\/wp-content\/uploads\/sites\/3\/2020\/11\/logo.jpg","contentUrl":"https:\/\/redenoticiaz.com.br\/litoralsp\/wp-content\/uploads\/sites\/3\/2020\/11\/logo.jpg","width":400,"height":250,"caption":"Litoral SP"},"image":{"@id":"https:\/\/redenoticiaz.com.br\/litoralsp\/#\/schema\/logo\/image\/"}},{"@type":"Person","@id":"https:\/\/redenoticiaz.com.br\/litoralsp\/#\/schema\/person\/0f0b8a5bdafefe82841e07ae8d81ecb3","name":"Leonardo Francisco","image":{"@type":"ImageObject","inLanguage":"pt-BR","@id":"https:\/\/secure.gravatar.com\/avatar\/a7358cb406a99b682ec6df1e77e31ae82e63601f6784e8a3df411d72b37864da?s=96&d=mm&r=g","url":"https:\/\/secure.gravatar.com\/avatar\/a7358cb406a99b682ec6df1e77e31ae82e63601f6784e8a3df411d72b37864da?s=96&d=mm&r=g","contentUrl":"https:\/\/secure.gravatar.com\/avatar\/a7358cb406a99b682ec6df1e77e31ae82e63601f6784e8a3df411d72b37864da?s=96&d=mm&r=g","caption":"Leonardo Francisco"},"url":"https:\/\/redenoticiaz.com.br\/litoralsp\/author\/leonardo-francisco"}]}},"_links":{"self":[{"href":"https:\/\/redenoticiaz.com.br\/litoralsp\/wp-json\/wp\/v2\/posts\/22518","targetHints":{"allow":["GET"]}}],"collection":[{"href":"https:\/\/redenoticiaz.com.br\/litoralsp\/wp-json\/wp\/v2\/posts"}],"about":[{"href":"https:\/\/redenoticiaz.com.br\/litoralsp\/wp-json\/wp\/v2\/types\/post"}],"author":[{"embeddable":true,"href":"https:\/\/redenoticiaz.com.br\/litoralsp\/wp-json\/wp\/v2\/users\/6"}],"replies":[{"embeddable":true,"href":"https:\/\/redenoticiaz.com.br\/litoralsp\/wp-json\/wp\/v2\/comments?post=22518"}],"version-history":[{"count":1,"href":"https:\/\/redenoticiaz.com.br\/litoralsp\/wp-json\/wp\/v2\/posts\/22518\/revisions"}],"predecessor-version":[{"id":22520,"href":"https:\/\/redenoticiaz.com.br\/litoralsp\/wp-json\/wp\/v2\/posts\/22518\/revisions\/22520"}],"wp:featuredmedia":[{"embeddable":true,"href":"https:\/\/redenoticiaz.com.br\/litoralsp\/wp-json\/wp\/v2\/media\/22519"}],"wp:attachment":[{"href":"https:\/\/redenoticiaz.com.br\/litoralsp\/wp-json\/wp\/v2\/media?parent=22518"}],"wp:term":[{"taxonomy":"category","embeddable":true,"href":"https:\/\/redenoticiaz.com.br\/litoralsp\/wp-json\/wp\/v2\/categories?post=22518"},{"taxonomy":"post_tag","embeddable":true,"href":"https:\/\/redenoticiaz.com.br\/litoralsp\/wp-json\/wp\/v2\/tags?post=22518"}],"curies":[{"name":"wp","href":"https:\/\/api.w.org\/{rel}","templated":true}]}}